{"id":627778,"date":"2013-05-06T13:13:00","date_gmt":"2013-05-06T10:13:00","guid":{"rendered":"http:\/\/devrri.freshlemon.ro\/aktuell\/die-woche-29-04-03-05-2013-im-ueberblick-id627778.html"},"modified":"2013-05-06T13:13:00","modified_gmt":"2013-05-06T10:13:00","slug":"die-woche-29-04-03-05-2013-im-ueberblick","status":"publish","type":"post","link":"https:\/\/www.rri.ro\/de\/aktuell\/wochenspiegel\/die-woche-29-04-03-05-2013-im-ueberblick-id627778.html","title":{"rendered":"Die Woche 29.04. &#8211; 03.05.2013 im \u00dcberblick"},"content":{"rendered":"<p><strong>DIE THEMEN:<\/strong><\/p>\n<p>&#13;<br \/>\n&#13;<\/p>\n<p>&#13;<br \/>\n&#13;<\/p>\n<p><strong>&#8211; Rum\u00e4nische W\u00e4hrung im Aufw\u00e4rtstrend<\/strong><\/p>\n<p>&#13;<br \/>\n&#13;<\/p>\n<p><strong>&#8211; Verwaltungsreform: Vertrauensfrage f\u00fcr Regionalisierungsgesetz nicht ausgeschlossen<\/strong><\/p>\n<p>&#13;<br \/>\n&#13;<\/p>\n<p><strong>&#8211; <\/strong><strong>US-St\u00fctzpunkt in Deveselu ab 2015 funktionsf\u00e4hig<\/strong> <strong>Cristian David, Minister f\u00fcr Auslandsrum\u00e4nen, zu Besuch in Italien<\/strong><\/p>\n<p>&#13;<br \/>\n&#13;<\/p>\n<p><strong>&#8211; Verl\u00e4ngerter\u201c 1. Mai<\/strong><\/p>\n<p>&#13;<br \/>\n&#13;<\/p>\n<p>&#13;<br \/>\n&#13;<\/p>\n<p>&#13;<br \/>\n&#13;<\/p>\n<p><strong>Rum\u00e4nische W\u00e4hrung im Aufw\u00e4rtstrend<\/strong><\/p>\n<p>&#13;<br \/>\n&#13;<\/p>\n<p>&#13;<br \/>\n&#13;<\/p>\n<p>Die rum\u00e4nische W\u00e4hrung Leu hat den h\u00f6chsten Wert der letzten 16 Monate im Vergleich zur europ\u00e4ischen Einheitsw\u00e4hrung Euro erreicht. Anfang dieser Woche meldete die Nationalbank Rum\u00e4niens einen Kurs von 4,32 Lei f\u00fcr einen Euro und 3,30 Lei f\u00fcr einen US-Dollar. Laut Finanzexperten sei die Aufwertung des Leu die Folge der Devisenverk\u00e4ufe der ausl\u00e4ndischen Akteure, die Staatsanleihen in Lei gekauft haben.<\/p>\n<p>&#13;<br \/>\n&#13;<\/p>\n<p>&#13;<br \/>\n&#13;<\/p>\n<p>\u00dcber die Kraft der rum\u00e4nischen W\u00e4hrung sprach auch der Notenbankchef Mugur Is\u0103rescu bei einem Symposium \u00fcber Bankgeschichte und Bankkultur mit dem Titel Gold in der Geschichte der Zentralbanken\u201c. Der Chef der rum\u00e4nischen Nationalbank erkl\u00e4rte, heutzutage habe der Leu eine h\u00f6here Deckung in Gold als in der Vergangenheit. Mugur Is\u0103rescu sagte, Rum\u00e4nien besitze 102 Tonnen Gold und z\u00e4hle somit zu den L\u00e4ndern, die \u00fcber die gr\u00f6\u200e\u00dfte Menge an Gold pro Einwohner verf\u00fcgt. F\u00fcr die Kuriosit\u00e4tenj\u00e4ger oder f\u00fcr diejenigen, die die Geschichte nach H\u00f6rensagen interpretieren, kann ich Folgendes sagen\u201c, meinte Isarescu: Wenn man die W\u00e4hrungsbasis betrachtet, n\u00e4mlich das Geld, das von der rum\u00e4nischen Nationalbank ausgestellt wird, so haben wir heutzutage eine h\u00f6here Golddeckung des Leu als im Jahr 1916. Es gibt Leute, die sagen, vor dem Ersten Weltkrieg sei der Leu st\u00e4rker gewesen, weil er eine Golddeckung von 33% hatte. Darauf habe ich folgende Antwort: Der heutige Leu hat eine Golddeckung von 60-70%, und das hei\u200e\u00dft, dass er noch st\u00e4rker ist als zuvor!\u201c<\/p>\n<p>&#13;<br \/>\n&#13;<\/p>\n<p>&#13;<br \/>\n&#13;<\/p>\n<p>&#13;<br \/>\n&#13;<\/p>\n<p><strong>Verwaltungsreform: Vertrauensfrage f\u00fcr Regionalisierungsgesetz nicht ausgeschlossen<\/strong><\/p>\n<p>&#13;<br \/>\n&#13;<\/p>\n<p>&#13;<br \/>\n&#13;<\/p>\n<p>Die Bukarester Regierung will die Vertrauensfrage f\u00fcr den Gesetzesentwurf \u00fcber die Regionalisierung und Dezentralisierung des Landes stellen, sollten die Parlamentsparteien diesbez\u00fcglich eine Einigung erreichen. Dies verk\u00fcndete Ministerpr\u00e4sident Victor Ponta nachdem sein Stellvertreter, Liviu Dragnea, die Vertrauensfrage f\u00fcr den Gesetzesentwurf als einzige M\u00f6glichkeit bezeichnete, damit das Gesetz bis Ende 2013 verabschiedet und ab Jahresanfang 2014 umgesetzt werden kann.<\/p>\n<p>&#13;<br \/>\n&#13;<\/p>\n<p>&#13;<br \/>\n&#13;<\/p>\n<p>Sollte hingegen der Gesetzesentwurf zur parlamentarischen Debatte gestellt werden, sei infolgedessen nicht ausgeschlossen, dass er bis Jahresende nicht verabschiedet und anschlie\u200e\u00dfend n\u00e4chstes Jahr nicht umgesetzt werden kann. Ministerpr\u00e4sident Victor Ponta erl\u00e4utert:<\/p>\n<p>&#13;<br \/>\n&#13;<\/p>\n<p>&#13;<br \/>\n&#13;<\/p>\n<p>Die Regionalisierung ist nicht weniger wichtig als die Verfassungsnovelle und sie kann nur dann umgesetzt werden, wenn alle Parlamentsparteien, einschlie\u200e\u00dflich Oppositionsparteien, sich darauf einigen. Die regierende Sozialliberale Union (USL) kann ihren eigenen Willen allein nicht durchsetzen, um das Gesetz zu verabschieden. Sollte eine Einigung erreicht werden, so wie sie beim Gesetz zur R\u00fcckerstattung der in Kommunismus enteigneten Immoblien zustande kam, dann k\u00f6nnen wir die Vertrauensfrage im Parlament stellen. Wenn nicht, dann sollen der Gesetzesentwurf im Plenum des Parlaments debattiert und \u00c4nderungen vorgenommen werden.\u201c<\/p>\n<p>&#13;<br \/>\n&#13;<\/p>\n<p>&#13;<br \/>\n&#13;<\/p>\n<p>&#13;<br \/>\n&#13;<\/p>\n<p><strong>US-St\u00fctzpunkt in Deveselu ab 2015 funktionsf\u00e4hig<\/strong><\/p>\n<p>&#13;<br \/>\n&#13;<\/p>\n<p>&#13;<br \/>\n&#13;<\/p>\n<p>Der rum\u00e4nische Staatssekr\u00e4ter im Au\u200e\u00dfenministerium Bogdan Aurescu ist am Mittwoch mit dem Stellvertretenden des Assistenten des US-Beauftragten f\u00fcr Raum und Schutzpolitik, Frank Rose, zu Gespr\u00e4chen zusammengekommen. Rose beteiligte sich in Bukarest an der 9. internationalen Tagung zum US-Raketenschild. Der US-Kongress habe die erforderliche Finanzierung bereits beschlossen, die 2015 die Abwehranlage im s\u00fcdrum\u00e4nischen Deveselu als Teil des US-Raketenschildes in Europa einsatzf\u00e4hig machen soll, erkl\u00e4rte Rose in Bukarest. Au\u200e\u00dferdem kamen die strategische bilaterale Partnerschaft und die Kooperation mit Russland in der Raketenabwehr zur Sprache.<\/p>\n<p>&#13;<br \/>\n&#13;<\/p>\n<p>&#13;<br \/>\n&#13;<\/p>\n<p>&#13;<br \/>\n&#13;<\/p>\n<p><strong>Cristian David, Minister f\u00fcr Auslandsrum\u00e4nen, zu Besuch in Italien<\/strong><\/p>\n<p>&#13;<br \/>\n&#13;<\/p>\n<p>&#13;<br \/>\n&#13;<\/p>\n<p>Der delegierte Minister f\u00fcr Auslands-Rum\u00e4nen, Cristian David, ist zusammen mit einer Delegation der rum\u00e4nischen Gemeinschaft in Italien ist von Papst Franziskus in einer Audienz empfangen worden, teilte das Rum\u00e4nische Au\u200e\u00dfenminsiterium mit. Die Audienz war anl\u00e4sslich des orthodoxen Osterfestes von dem Verein der Rum\u00e4nen in Italien angesucht worden. Minister Cristian David hat dabei seiner Heiligkeit Papst Franziskus die Situation der in Italien lebenden Rum\u00e4nen vorgestellt und dem Souver\u00e4n des Vatikanstaats zudem eine Gru\u200e\u00dfbotschaft aller Rum\u00e4nen ausgerichtet.<\/p>\n<p>&#13;<br \/>\n&#13;<\/p>\n<p>&#13;<br \/>\n&#13;<\/p>\n<p>&#13;<br \/>\n&#13;<\/p>\n<p><strong>Verl\u00e4ngerter\u201c 1. Mai<\/strong><\/p>\n<p>&#13;<br \/>\n&#13;<\/p>\n<p>&#13;<br \/>\n&#13;<\/p>\n<p>Zahlreiche Rum\u00e4nen verbringen die diesj\u00e4hrigen sogen. Miniferien\u201c anl\u00e4sslich des 1. Mai und der n\u00e4chsten Sonntag darauffolgenden orthodoxen Ostern an der rum\u00e4nischen Schwarzmeerk\u00fcste. Die ungew\u00f6hnlich hohen Temperaturen machten es m\u00f6glich: Die Sommersaison 2013 ist offiziell er\u00f6ffnet worden. Man erwartete rund 40.000 Touristen.<\/p>\n<p>&#13;<br \/>\n&#13;<\/p>\n<p>&#13;<br \/>\n&#13;<\/p>\n<p>Die offizielle Er\u00f6ffnungsfeier der Saisson 2013 wurde im touristischen Hafen Mangalia organisiert. Auf der Stra\u200e\u00dfenroute Constan\u0163a-Eforie-Mangalia-Mamaia fuhr eine Karawane von zig Oldies, Motorr\u00e4dern, Bussen, die voller Touristen waren. Die Terrassen und Klubs waren nat\u00fcrlich offen, es wurden sogar Konzerte organisiert.<\/p>\n<p>&#13;<br \/>\n&#13;<\/p>\n<p>&#13;<br \/>\n&#13;<\/p>\n<p><strong>Audiobeitrag h\u00f6ren:<\/strong><\/p>\n<p>&#13;<br \/>\n&#13;<\/p>\n<p>&#13;<br \/>\n&#13;<\/p>\n<p>&#13;<br \/>\n&#13;<\/p>\n<p><script src=http:\/\/media.3netmedia.ro\/player\/player.php?file=63403&#038;p=&#038;player=2><\/script><\/p>\n<p>&#13;<\/p>\n","protected":false},"excerpt":{"rendered":"<p>R\u00fcckblick auf die wichtigsten Ereignisse der vergangenen Woche in Politik, Wirtschaft und Gesellschaft<\/p>\n","protected":false},"author":112,"featured_media":123816,"comment_status":"closed","ping_status":"closed","sticky":false,"template":"","format":"standard","meta":{"_acf_changed":false,"footnotes":""},"categories":[116751],"tags":[116921,116926],"coauthors":[],"class_list":["post-627778","post","type-post","status-publish","format-standard","has-post-thumbnail","hentry","category-wochenspiegel","tag-radio-rumaenien-international","tag-wochenspiegel"],"acf":[],"yoast_head":"<!-- This site is optimized with the Yoast SEO plugin v27.3 - https:\/\/yoast.com\/product\/yoast-seo-wordpress\/ -->\n<title>Die Woche 29.04. - 03.05.2013 im \u00dcberblick - Radio Rum\u00e4nien International<\/title>\n<meta name=\"robots\" content=\"index, follow, max-snippet:-1, max-image-preview:large, max-video-preview:-1\" \/>\n<link rel=\"canonical\" href=\"https:\/\/www.rri.ro\/de\/aktuell\/wochenspiegel\/die-woche-29-04-03-05-2013-im-ueberblick-id627778.html\" \/>\n<meta property=\"og:locale\" content=\"de_DE\" \/>\n<meta property=\"og:type\" content=\"article\" \/>\n<meta property=\"og:title\" content=\"Die Woche 29.04. - 03.05.2013 im \u00dcberblick - Radio Rum\u00e4nien International\" \/>\n<meta property=\"og:description\" content=\"R\u00fcckblick auf die wichtigsten Ereignisse der vergangenen Woche in Politik, Wirtschaft und Gesellschaft\" \/>\n<meta property=\"og:url\" content=\"https:\/\/www.rri.ro\/de\/aktuell\/wochenspiegel\/die-woche-29-04-03-05-2013-im-ueberblick-id627778.html\" \/>\n<meta property=\"og:site_name\" content=\"Radio Rum\u00e4nien International\" \/>\n<meta property=\"article:published_time\" content=\"2013-05-06T10:13:00+00:00\" \/>\n<meta property=\"og:image\" content=\"https:\/\/www.rri.ro\/wp-content\/uploads\/2023\/10\/eveniment-top.jpg\" \/>\n\t<meta property=\"og:image:width\" content=\"640\" \/>\n\t<meta property=\"og:image:height\" content=\"480\" \/>\n\t<meta property=\"og:image:type\" content=\"image\/png\" \/>\n<meta name=\"author\" content=\"Florentin C\u0103pit\u0103nescu\" \/>\n<meta name=\"twitter:card\" content=\"summary_large_image\" \/>\n<meta name=\"twitter:label1\" content=\"Verfasst von\" \/>\n\t<meta name=\"twitter:data1\" content=\"Florentin C\u0103pit\u0103nescu\" \/>\n\t<meta name=\"twitter:label2\" content=\"Gesch\u00e4tzte Lesezeit\" \/>\n\t<meta name=\"twitter:data2\" content=\"4\u00a0Minuten\" \/>\n\t<meta name=\"twitter:label3\" content=\"Written by\" \/>\n\t<meta name=\"twitter:data3\" content=\"Florentin C\u0103pit\u0103nescu\" \/>\n<script type=\"application\/ld+json\" class=\"yoast-schema-graph\">{\"@context\":\"https:\\\/\\\/schema.org\",\"@graph\":[{\"@type\":\"Article\",\"@id\":\"https:\\\/\\\/www.rri.ro\\\/de\\\/aktuell\\\/wochenspiegel\\\/die-woche-29-04-03-05-2013-im-ueberblick-id627778.html#article\",\"isPartOf\":{\"@id\":\"https:\\\/\\\/www.rri.ro\\\/de\\\/aktuell\\\/wochenspiegel\\\/die-woche-29-04-03-05-2013-im-ueberblick-id627778.html\"},\"author\":{\"name\":\"Florentin C\u0103pit\u0103nescu\",\"@id\":\"https:\\\/\\\/www.rri.ro\\\/#\\\/schema\\\/person\\\/430739eeb293f73734db2c6703951289\"},\"headline\":\"Die Woche 29.04. &#8211; 03.05.2013 im \u00dcberblick\",\"datePublished\":\"2013-05-06T10:13:00+00:00\",\"mainEntityOfPage\":{\"@id\":\"https:\\\/\\\/www.rri.ro\\\/de\\\/aktuell\\\/wochenspiegel\\\/die-woche-29-04-03-05-2013-im-ueberblick-id627778.html\"},\"wordCount\":782,\"image\":{\"@id\":\"https:\\\/\\\/www.rri.ro\\\/de\\\/aktuell\\\/wochenspiegel\\\/die-woche-29-04-03-05-2013-im-ueberblick-id627778.html#primaryimage\"},\"thumbnailUrl\":\"https:\\\/\\\/www.rri.ro\\\/wp-content\\\/uploads\\\/2023\\\/10\\\/eveniment-top.jpg\",\"keywords\":[\"Radio Rum\u00e4nien International\",\"Wochenspiegel\"],\"articleSection\":[\"Wochenspiegel\"],\"inLanguage\":\"de\"},{\"@type\":\"WebPage\",\"@id\":\"https:\\\/\\\/www.rri.ro\\\/de\\\/aktuell\\\/wochenspiegel\\\/die-woche-29-04-03-05-2013-im-ueberblick-id627778.html\",\"url\":\"https:\\\/\\\/www.rri.ro\\\/de\\\/aktuell\\\/wochenspiegel\\\/die-woche-29-04-03-05-2013-im-ueberblick-id627778.html\",\"name\":\"Die Woche 29.04. - 03.05.2013 im \u00dcberblick - Radio Rum\u00e4nien International\",\"isPartOf\":{\"@id\":\"https:\\\/\\\/www.rri.ro\\\/#website\"},\"primaryImageOfPage\":{\"@id\":\"https:\\\/\\\/www.rri.ro\\\/de\\\/aktuell\\\/wochenspiegel\\\/die-woche-29-04-03-05-2013-im-ueberblick-id627778.html#primaryimage\"},\"image\":{\"@id\":\"https:\\\/\\\/www.rri.ro\\\/de\\\/aktuell\\\/wochenspiegel\\\/die-woche-29-04-03-05-2013-im-ueberblick-id627778.html#primaryimage\"},\"thumbnailUrl\":\"https:\\\/\\\/www.rri.ro\\\/wp-content\\\/uploads\\\/2023\\\/10\\\/eveniment-top.jpg\",\"datePublished\":\"2013-05-06T10:13:00+00:00\",\"author\":{\"@id\":\"https:\\\/\\\/www.rri.ro\\\/#\\\/schema\\\/person\\\/430739eeb293f73734db2c6703951289\"},\"breadcrumb\":{\"@id\":\"https:\\\/\\\/www.rri.ro\\\/de\\\/aktuell\\\/wochenspiegel\\\/die-woche-29-04-03-05-2013-im-ueberblick-id627778.html#breadcrumb\"},\"inLanguage\":\"de\",\"potentialAction\":[{\"@type\":\"ReadAction\",\"target\":[\"https:\\\/\\\/www.rri.ro\\\/de\\\/aktuell\\\/wochenspiegel\\\/die-woche-29-04-03-05-2013-im-ueberblick-id627778.html\"]}]},{\"@type\":\"ImageObject\",\"inLanguage\":\"de\",\"@id\":\"https:\\\/\\\/www.rri.ro\\\/de\\\/aktuell\\\/wochenspiegel\\\/die-woche-29-04-03-05-2013-im-ueberblick-id627778.html#primaryimage\",\"url\":\"https:\\\/\\\/www.rri.ro\\\/wp-content\\\/uploads\\\/2023\\\/10\\\/eveniment-top.jpg\",\"contentUrl\":\"https:\\\/\\\/www.rri.ro\\\/wp-content\\\/uploads\\\/2023\\\/10\\\/eveniment-top.jpg\",\"width\":640,\"height\":480},{\"@type\":\"BreadcrumbList\",\"@id\":\"https:\\\/\\\/www.rri.ro\\\/de\\\/aktuell\\\/wochenspiegel\\\/die-woche-29-04-03-05-2013-im-ueberblick-id627778.html#breadcrumb\",\"itemListElement\":[{\"@type\":\"ListItem\",\"position\":1,\"name\":\"Startseite\",\"item\":\"https:\\\/\\\/www.rri.ro\\\/de\"},{\"@type\":\"ListItem\",\"position\":2,\"name\":\"Aktuell\",\"item\":\"https:\\\/\\\/www.rri.ro\\\/de\\\/aktuell\"},{\"@type\":\"ListItem\",\"position\":3,\"name\":\"Wochenspiegel\",\"item\":\"https:\\\/\\\/www.rri.ro\\\/de\\\/aktuell\\\/wochenspiegel\"},{\"@type\":\"ListItem\",\"position\":4,\"name\":\"Die Woche 29.04. &#8211; 03.05.2013 im \u00dcberblick\"}]},{\"@type\":\"WebSite\",\"@id\":\"https:\\\/\\\/www.rri.ro\\\/#website\",\"url\":\"https:\\\/\\\/www.rri.ro\\\/\",\"name\":\"Radio Rum\u00e4nien International\",\"description\":\"Totul despre Rom\u00e2nia \u015fi rom\u00e2ni, \u00een 13 limbi\\\/dialecte!\",\"inLanguage\":\"de\"},{\"@type\":\"Person\",\"@id\":\"https:\\\/\\\/www.rri.ro\\\/#\\\/schema\\\/person\\\/430739eeb293f73734db2c6703951289\",\"name\":\"Florentin C\u0103pit\u0103nescu\",\"url\":\"https:\\\/\\\/www.rri.ro\\\/de\\\/author\\\/florentin-capitanescu\"}]}<\/script>\n<!-- \/ Yoast SEO plugin. -->","yoast_head_json":{"title":"Die Woche 29.04. - 03.05.2013 im \u00dcberblick - Radio Rum\u00e4nien International","robots":{"index":"index","follow":"follow","max-snippet":"max-snippet:-1","max-image-preview":"max-image-preview:large","max-video-preview":"max-video-preview:-1"},"canonical":"https:\/\/www.rri.ro\/de\/aktuell\/wochenspiegel\/die-woche-29-04-03-05-2013-im-ueberblick-id627778.html","og_locale":"de_DE","og_type":"article","og_title":"Die Woche 29.04. - 03.05.2013 im \u00dcberblick - Radio Rum\u00e4nien International","og_description":"R\u00fcckblick auf die wichtigsten Ereignisse der vergangenen Woche in Politik, Wirtschaft und Gesellschaft","og_url":"https:\/\/www.rri.ro\/de\/aktuell\/wochenspiegel\/die-woche-29-04-03-05-2013-im-ueberblick-id627778.html","og_site_name":"Radio Rum\u00e4nien International","article_published_time":"2013-05-06T10:13:00+00:00","og_image":[{"width":640,"height":480,"url":"https:\/\/www.rri.ro\/wp-content\/uploads\/2023\/10\/eveniment-top.jpg","type":"image\/png"}],"author":"Florentin C\u0103pit\u0103nescu","twitter_card":"summary_large_image","twitter_misc":{"Verfasst von":"Florentin C\u0103pit\u0103nescu","Gesch\u00e4tzte Lesezeit":"4\u00a0Minuten","Written by":"Florentin C\u0103pit\u0103nescu"},"schema":{"@context":"https:\/\/schema.org","@graph":[{"@type":"Article","@id":"https:\/\/www.rri.ro\/de\/aktuell\/wochenspiegel\/die-woche-29-04-03-05-2013-im-ueberblick-id627778.html#article","isPartOf":{"@id":"https:\/\/www.rri.ro\/de\/aktuell\/wochenspiegel\/die-woche-29-04-03-05-2013-im-ueberblick-id627778.html"},"author":{"name":"Florentin C\u0103pit\u0103nescu","@id":"https:\/\/www.rri.ro\/#\/schema\/person\/430739eeb293f73734db2c6703951289"},"headline":"Die Woche 29.04. &#8211; 03.05.2013 im \u00dcberblick","datePublished":"2013-05-06T10:13:00+00:00","mainEntityOfPage":{"@id":"https:\/\/www.rri.ro\/de\/aktuell\/wochenspiegel\/die-woche-29-04-03-05-2013-im-ueberblick-id627778.html"},"wordCount":782,"image":{"@id":"https:\/\/www.rri.ro\/de\/aktuell\/wochenspiegel\/die-woche-29-04-03-05-2013-im-ueberblick-id627778.html#primaryimage"},"thumbnailUrl":"https:\/\/www.rri.ro\/wp-content\/uploads\/2023\/10\/eveniment-top.jpg","keywords":["Radio Rum\u00e4nien International","Wochenspiegel"],"articleSection":["Wochenspiegel"],"inLanguage":"de"},{"@type":"WebPage","@id":"https:\/\/www.rri.ro\/de\/aktuell\/wochenspiegel\/die-woche-29-04-03-05-2013-im-ueberblick-id627778.html","url":"https:\/\/www.rri.ro\/de\/aktuell\/wochenspiegel\/die-woche-29-04-03-05-2013-im-ueberblick-id627778.html","name":"Die Woche 29.04. - 03.05.2013 im \u00dcberblick - Radio Rum\u00e4nien International","isPartOf":{"@id":"https:\/\/www.rri.ro\/#website"},"primaryImageOfPage":{"@id":"https:\/\/www.rri.ro\/de\/aktuell\/wochenspiegel\/die-woche-29-04-03-05-2013-im-ueberblick-id627778.html#primaryimage"},"image":{"@id":"https:\/\/www.rri.ro\/de\/aktuell\/wochenspiegel\/die-woche-29-04-03-05-2013-im-ueberblick-id627778.html#primaryimage"},"thumbnailUrl":"https:\/\/www.rri.ro\/wp-content\/uploads\/2023\/10\/eveniment-top.jpg","datePublished":"2013-05-06T10:13:00+00:00","author":{"@id":"https:\/\/www.rri.ro\/#\/schema\/person\/430739eeb293f73734db2c6703951289"},"breadcrumb":{"@id":"https:\/\/www.rri.ro\/de\/aktuell\/wochenspiegel\/die-woche-29-04-03-05-2013-im-ueberblick-id627778.html#breadcrumb"},"inLanguage":"de","potentialAction":[{"@type":"ReadAction","target":["https:\/\/www.rri.ro\/de\/aktuell\/wochenspiegel\/die-woche-29-04-03-05-2013-im-ueberblick-id627778.html"]}]},{"@type":"ImageObject","inLanguage":"de","@id":"https:\/\/www.rri.ro\/de\/aktuell\/wochenspiegel\/die-woche-29-04-03-05-2013-im-ueberblick-id627778.html#primaryimage","url":"https:\/\/www.rri.ro\/wp-content\/uploads\/2023\/10\/eveniment-top.jpg","contentUrl":"https:\/\/www.rri.ro\/wp-content\/uploads\/2023\/10\/eveniment-top.jpg","width":640,"height":480},{"@type":"BreadcrumbList","@id":"https:\/\/www.rri.ro\/de\/aktuell\/wochenspiegel\/die-woche-29-04-03-05-2013-im-ueberblick-id627778.html#breadcrumb","itemListElement":[{"@type":"ListItem","position":1,"name":"Startseite","item":"https:\/\/www.rri.ro\/de"},{"@type":"ListItem","position":2,"name":"Aktuell","item":"https:\/\/www.rri.ro\/de\/aktuell"},{"@type":"ListItem","position":3,"name":"Wochenspiegel","item":"https:\/\/www.rri.ro\/de\/aktuell\/wochenspiegel"},{"@type":"ListItem","position":4,"name":"Die Woche 29.04. &#8211; 03.05.2013 im \u00dcberblick"}]},{"@type":"WebSite","@id":"https:\/\/www.rri.ro\/#website","url":"https:\/\/www.rri.ro\/","name":"Radio Rum\u00e4nien International","description":"Totul despre Rom\u00e2nia \u015fi rom\u00e2ni, \u00een 13 limbi\/dialecte!","inLanguage":"de"},{"@type":"Person","@id":"https:\/\/www.rri.ro\/#\/schema\/person\/430739eeb293f73734db2c6703951289","name":"Florentin C\u0103pit\u0103nescu","url":"https:\/\/www.rri.ro\/de\/author\/florentin-capitanescu"}]}},"_links":{"self":[{"href":"https:\/\/www.rri.ro\/de\/wp-json\/wp\/v2\/posts\/627778","targetHints":{"allow":["GET"]}}],"collection":[{"href":"https:\/\/www.rri.ro\/de\/wp-json\/wp\/v2\/posts"}],"about":[{"href":"https:\/\/www.rri.ro\/de\/wp-json\/wp\/v2\/types\/post"}],"author":[{"embeddable":true,"href":"https:\/\/www.rri.ro\/de\/wp-json\/wp\/v2\/users\/112"}],"replies":[{"embeddable":true,"href":"https:\/\/www.rri.ro\/de\/wp-json\/wp\/v2\/comments?post=627778"}],"version-history":[{"count":0,"href":"https:\/\/www.rri.ro\/de\/wp-json\/wp\/v2\/posts\/627778\/revisions"}],"wp:featuredmedia":[{"embeddable":true,"href":"https:\/\/www.rri.ro\/de\/wp-json\/wp\/v2\/media\/123816"}],"wp:attachment":[{"href":"https:\/\/www.rri.ro\/de\/wp-json\/wp\/v2\/media?parent=627778"}],"wp:term":[{"taxonomy":"category","embeddable":true,"href":"https:\/\/www.rri.ro\/de\/wp-json\/wp\/v2\/categories?post=627778"},{"taxonomy":"post_tag","embeddable":true,"href":"https:\/\/www.rri.ro\/de\/wp-json\/wp\/v2\/tags?post=627778"},{"taxonomy":"author","embeddable":true,"href":"https:\/\/www.rri.ro\/de\/wp-json\/wp\/v2\/coauthors?post=627778"}],"curies":[{"name":"wp","href":"https:\/\/api.w.org\/{rel}","templated":true}]}}