{"id":627812,"date":"2014-01-11T15:36:00","date_gmt":"2014-01-11T13:36:00","guid":{"rendered":"http:\/\/devrri.freshlemon.ro\/aktuell\/die-woche-6-01-10-01-im-ueberblick-id627812.html"},"modified":"2014-01-11T15:36:00","modified_gmt":"2014-01-11T13:36:00","slug":"die-woche-6-01-10-01-im-ueberblick","status":"publish","type":"post","link":"https:\/\/www.rri.ro\/de\/aktuell\/wochenspiegel\/die-woche-6-01-10-01-im-ueberblick-id627812.html","title":{"rendered":"Die Woche 6.01.-10.01. im \u00dcberblick"},"content":{"rendered":"<p><strong>Rum\u00e4nischer Ex-Ministerpr\u00e4sident Adrian N\u0103stase zu 4 Jahren Vollstreckungshaft verurteilt<\/strong><\/p>\n<p>&#13;<br \/>\n&#13;<\/p>\n<p>&#13;<br \/>\n&#13;<\/p>\n<p>Der ehemalige rum\u00e4nische Ministerpr\u00e4sident im Zeitraum 2000-2004, Adrian N\u0103stase, ist von der Obersten Instanz in einer Korruptionakte zu einer Vollstreckungshaftstrafe von 4 Jahren verurteilt worden. In derselben Akte wurde die Frau des Ex-Regierungschefs zu einer Bew\u00e4hrungshaftstrafe verurteilt. Das Oberste Gericht beschloss au\u200e\u00dferdem die Beschlagnahmung von 400.000 Euro von den beiden. Laut den Staatsanw\u00e4lten der Antikorruptionsbeh\u00f6rde habe Adrian N\u0103stase mittels seiner Frau unrechtm\u00e4\u200e\u00dfige Vorteile im Gegenwert von 630.000 Euro gefordert und bezogen. Diesem wird vorgeworfen, er habe von Irina Jianu Bestechungsgelder erhalten, um diese auf der Stelle des Chef-Inspekteurs des Staatlichen Baubeh\u00f6rde zu behalten. Mit diesem Geld habe die Familie N\u0103stase Gegenst\u00e4nde aus China f\u00fcr ihre Privatwohnung in Bukarest gekauft. Au\u200e\u00dferdem habe Adrian N\u0103stase auch Vorteile von dem ehemaligen rum\u00e4nsichen Konsul in China, Ioan P\u0103un, unrechtm\u00e4\u200e\u00dfig bezogen, damit dieser seine Stelle beh\u00e4lt.<\/p>\n<p>&#13;<br \/>\n&#13;<\/p>\n<p>&#13;<br \/>\n&#13;<\/p>\n<p>Da der Ex-Premierminister auf Bew\u00e4hrung entlassen worden war, nachdem er neun Monate Gef\u00e4ngnisstrafe in einer anderen Korruptionsakte abgesessen hatte, wird er wahrscheinlich die Zusammenf\u00fchrung der beiden Strafen beantragen, damit die bereits abgesessene Zeit abgezogen wird. Er behauptet, er sei unschuldig und die Akte stelle eine politische Vergeltung dar. Er wird von der mitregierenden Sozial-Demokratischen Partei unterst\u00fctzt, die von Ministerpr\u00e4sident Victor Ponta gef\u00fcrt wird. Dieser behauptet seinerseits, N\u0103stase sei bereits seit 2005 die Zielscheibe seines Gegners Pr\u00e4sident Traian Basescu gewesen.<\/p>\n<p>&#13;<br \/>\n&#13;<\/p>\n<p>&#13;<br \/>\n&#13;<\/p>\n<p>&#13;<br \/>\n&#13;<\/p>\n<p><strong>Rum\u00e4nischer Abgeordneter wegen Korruption verhaftet  <\/strong><\/p>\n<p>&#13;<br \/>\n&#13;<\/p>\n<p>&#13;<br \/>\n&#13;<\/p>\n<p>Gheorghe Coman, Abgeordneter der mitregierenden Konservativen Partei (PC), sitzt seit kurzem in Untersuchungshaft. Staatsanw\u00e4lte der Antikorruptionsbeh\u00f6rde vermuten bei ihm Vorteilsannahme. Der Abgeordnete wird beschuldigt, seinen politischen Einfluss benutzt zu haben, um sich unrechtm\u00e4\u200e\u00dfige Vorteile zu verschaffen. Seine  Festnahme kommt kurz nachdem der sozialdemokratische Ex-Ministerpr\u00e4sident Adrian Nastase rechtskr\u00e4ftig zu vier Jahren Haft verurteilt worden war.<\/p>\n<p>&#13;<br \/>\n&#13;<\/p>\n<p>&#13;<br \/>\n&#13;<\/p>\n<p>&#13;<br \/>\n&#13;<\/p>\n<p><strong>EU-Arbeitsmarktfreiz\u00fcgigkeit: &#8222;Invasion&#8220; von Rum\u00e4nen und Bulgaren bleibt aus<\/strong><\/p>\n<p>&#13;<br \/>\n&#13;<\/p>\n<p>&#13;<br \/>\n&#13;<\/p>\n<p>Der Einfall der Bulgaren und Rum\u00e4nen, den einige in Westeuropa nach der Aufhebung der Einschr\u00e4nkungen auf dem EU-Arbeitsmarkt gef\u00fcrchtet haben, fand in den ersten Tagen des Jahres nicht statt. Die L\u00e4nder, die ihren Arbeitsmarkt f\u00fcr rum\u00e4nische und bulgarische Arbeitnehmer noch nicht liberalisiert hatten, waren Deutschland, \u00d6sterreich, Belgien, Spanien, Frankreich, Gro\u200e\u00dfbritannien, Luxemburg, Malta und die Niederlande. Beunruhigt waren insbesondere die Briten, wo ein Teil der Presse und einige Politiker Panik erzeugt hatten. Es wurde viel \u00fcber Wellen von Immigranten, die das britische Sozialhilfesystem ausbeuten werden, berichtet.<\/p>\n<p>&#13;<br \/>\n&#13;<\/p>\n<p>&#13;<br \/>\n&#13;<\/p>\n<p>Britische Journalisten haben auf dem Luton-Flughafen in der N\u00e4he von London auf die Millionen rum\u00e4nischen Arbeitslosen gewartet. Gro\u200e\u00df war die \u00dcberraschung, als nur wenige Rum\u00e4nen auf der Suche nach Arbeit auf dem Londoner Flughafen landeten. Keiner der EU-Mitgliedsstaaten hat bislang Anzeichen einer sogenannten Invasion von rum\u00e4nischen und bulgarischen Arbeitnehmern gemeldet, gab die Europ\u00e4ische Union bekannt. Eventuell anfallende Probleme k\u00f6nnten mit Hilfe der Instrumente behoben werden, die die Exekutive der Union zur Verf\u00fcgung stellt, darunter der Europ\u00e4ische Sozialfonds im Wert von 10 Milliarden Euro, so die Europ\u00e4ische Kommission. In der aktuellen Haushaltsperiode sind die Mitgliedsstaaten verpflichtet, mindestens 20% der zugewiesenen F\u00f6rdermittel f\u00fcr die soziale Inklusion auszugeben.<\/p>\n<p>&#13;<br \/>\n&#13;<\/p>\n<p>&#13;<br \/>\n&#13;<\/p>\n<p>&#13;<br \/>\n&#13;<\/p>\n<p><strong>Griechenland \u00fcbernimmt  die EU-Ratspr\u00e4sidentschaft <\/strong><\/p>\n<p>&#13;<br \/>\n&#13;<\/p>\n<p>&#13;<br \/>\n&#13;<\/p>\n<p>Griechenland hat am 1. Januar f\u00fcr ein halbes Jahr die EU-Ratspr\u00e4sidentschaft &#8212; den Vorsitz im Rat der Europ\u00e4ischen Union &#8212; \u00fcbernommen. Der  EU-Rat billigt zusammen mit dem EU-Parlament Gesetze und koordiniert die Politiken der EU. Griechenland hat zum f\u00fcnften Mal die EU-Ratspr\u00e4sidentschaft inne. F\u00fcr Griechenland stellt die EU-Ratspr\u00e4sidentschaft eine gute Gelegenheit dar, sein Image zu verbessern. Die EU hat ihrerseits die Chance, der Regierung in Athen zu helfen. Diese hat wegen der Sparma\u200e\u00dfnahmen mit internen Problemen zu k\u00e4mpfen. Griechenland m\u00f6chte w\u00e4hrend seiner Pr\u00e4sidentschaft die Kosten reduzieren. Die Priorit\u00e4ten seien die Bankenunion, die F\u00f6rderung der Kredite f\u00fcr Klein- und Mittelunternehmen und die Unterst\u00fctzung der jungen Leute, die in benachteiligten Regionen arbeiten m\u00f6chten.<\/p>\n<p>&#13;<br \/>\n&#13;<\/p>\n<p>&#13;<br \/>\n&#13;<\/p>\n<p>Anl\u00e4sslich der Vorstellung des Programms der griechischen Ratspr\u00e4sidentschaft in Bukarest versicherte Rum\u00e4niens Au\u200e\u00dfenminister Titus Corl\u0103\u0163ean, Griechenland k\u00f6nne auf die volle Unterst\u00fctzung Rum\u00e4niens z\u00e4hlen. Der rum\u00e4nische Chefdiplomat erkl\u00e4rte weiter, Bukarest werde nicht tatenlos bleiben, bis die politischen Schengen-Beitrittskriterien erf\u00fcllt werden. Er erinnerte daran, dass die rum\u00e4nische Regierung alle technischen Kriterien erf\u00fcllt hat.<\/p>\n<p>&#13;<br \/>\n&#13;<\/p>\n<p>&#13;<br \/>\n&#13;<\/p>\n<p>&#13;<br \/>\n&#13;<\/p>\n<p><strong>Rum<\/strong><strong>\u00e4niens Notenbank beschlie\u200e\u00dft Herabsetzung des Leitzinses von 4% auf ein Rekordtief von 3,75%<\/strong><\/p>\n<p>&#13;<br \/>\n&#13;<\/p>\n<p>&#13;<br \/>\n&#13;<\/p>\n<p>Im Rahmen ihrer ersten Sitzung in diesem Jahr hat die Nationalbank Rum\u00e4niens die Senkung der obligatorischen Mindestreserven in der Landesw\u00e4hrung Leu und in Devisen beschlossen. Damit soll der Markt langfristig \u00fcber die f\u00fcr die Finanzierung der Wirtschaft notwendigen Liquidit\u00e4ten verf\u00fcgen. Und damit setzt die Zentralbank nach wie vor auf ihre Politik einer schrittweisen Herabsetzung des Leitzinses, der zum f\u00fcnften Mal in Folge nach unten korrigiert wurde. Die Aktion entspricht einem neuen Versuch, die Kreditvergabe anzukurbeln.<\/p>\n<p>&#13;<br \/>\n&#13;<\/p>\n<p>&#13;<br \/>\n&#13;<\/p>\n<p>Der aktuelle Wert des Leitzinses von 3,75% bedeutet ein neues historisches Rekordtief. Die Entscheidung konnte dank der kontinuierlichen Abnahme der Inflation getroffen werden, erkl\u00e4rte Notenbankchef Mugur Is\u0103rescu. Laut seinen Angaben k\u00f6nnte diese Kennzahl in der ersten Jahresh\u00e4lfte sogar bis in die N\u00e4he der 1%-Grenze fallen. Die Mindestreserven in der Landesw\u00e4hrung Lei wurden von 15% auf 12% und die Mindestreserven in Devisen von 20% auf 18% gek\u00fcrzt. Das sind die Mindestsummen, die Handelsbanken bei der Notenbank hinterlegen m\u00fcssen.<\/p>\n<p>&#13;<br \/>\n&#13;<\/p>\n<p>&#13;<br \/>\n&#13;<\/p>\n<p>Unter diesen Voraussetzungen werden die Banken auf mehr Liquidit\u00e4ten zur\u00fcckgreifen k\u00f6nnen, was die Kreditvergabe f\u00f6rdern wird, verspricht Mugur Is\u0103rescu.<\/p>\n<p>&#13;<\/p>\n","protected":false},"excerpt":{"rendered":"<p>R\u00fcckblick auf die wichtigsten politischen  Ereignisse<\/p>\n","protected":false},"author":2,"featured_media":123842,"comment_status":"closed","ping_status":"closed","sticky":false,"template":"","format":"standard","meta":{"_acf_changed":false,"footnotes":""},"categories":[116751],"tags":[47924,100216,99869,117009,99935,100828,99702,100174,152718,99930],"coauthors":[],"class_list":["post-627812","post","type-post","status-publish","format-standard","has-post-thumbnail","hentry","category-wochenspiegel","tag-adrian-nastase","tag-bulgaren","tag-eu-ratspraesidentschaft","tag-freier-arbeitsmarkt","tag-griechenland","tag-haftstrafe","tag-korruption","tag-leitzins","tag-mugur-isarescu-de","tag-rumaenen"],"acf":[],"yoast_head":"<!-- This site is optimized with the Yoast SEO plugin v27.3 - https:\/\/yoast.com\/product\/yoast-seo-wordpress\/ -->\n<title>Die Woche 6.01.-10.01. im \u00dcberblick - Radio Rum\u00e4nien International<\/title>\n<meta name=\"robots\" content=\"index, follow, max-snippet:-1, max-image-preview:large, max-video-preview:-1\" \/>\n<link rel=\"canonical\" href=\"https:\/\/www.rri.ro\/de\/aktuell\/wochenspiegel\/die-woche-6-01-10-01-im-ueberblick-id627812.html\" \/>\n<meta property=\"og:locale\" content=\"de_DE\" \/>\n<meta property=\"og:type\" content=\"article\" \/>\n<meta property=\"og:title\" content=\"Die Woche 6.01.-10.01. im \u00dcberblick - Radio Rum\u00e4nien International\" \/>\n<meta property=\"og:description\" content=\"R\u00fcckblick auf die wichtigsten politischen Ereignisse\" \/>\n<meta property=\"og:url\" content=\"https:\/\/www.rri.ro\/de\/aktuell\/wochenspiegel\/die-woche-6-01-10-01-im-ueberblick-id627812.html\" \/>\n<meta property=\"og:site_name\" content=\"Radio Rum\u00e4nien International\" \/>\n<meta property=\"article:published_time\" content=\"2014-01-11T13:36:00+00:00\" \/>\n<meta property=\"og:image\" content=\"https:\/\/www.rri.ro\/wp-content\/uploads\/2023\/10\/eveniment-top_medium.jpg\" \/>\n\t<meta property=\"og:image:width\" content=\"640\" \/>\n\t<meta property=\"og:image:height\" content=\"484\" \/>\n\t<meta property=\"og:image:type\" content=\"image\/jpeg\" \/>\n<meta name=\"author\" content=\"Rom\u00e2nia Interna\u021bional\" \/>\n<meta name=\"twitter:card\" content=\"summary_large_image\" \/>\n<meta name=\"twitter:label1\" content=\"Verfasst von\" \/>\n\t<meta name=\"twitter:data1\" content=\"Rom\u00e2nia Interna\u021bional\" \/>\n\t<meta name=\"twitter:label2\" content=\"Gesch\u00e4tzte Lesezeit\" \/>\n\t<meta name=\"twitter:data2\" content=\"5\u00a0Minuten\" \/>\n\t<meta name=\"twitter:label3\" content=\"Written by\" \/>\n\t<meta name=\"twitter:data3\" content=\"Rom\u00e2nia Interna\u021bional\" \/>\n<script type=\"application\/ld+json\" class=\"yoast-schema-graph\">{\"@context\":\"https:\\\/\\\/schema.org\",\"@graph\":[{\"@type\":\"Article\",\"@id\":\"https:\\\/\\\/www.rri.ro\\\/de\\\/aktuell\\\/wochenspiegel\\\/die-woche-6-01-10-01-im-ueberblick-id627812.html#article\",\"isPartOf\":{\"@id\":\"https:\\\/\\\/www.rri.ro\\\/de\\\/aktuell\\\/wochenspiegel\\\/die-woche-6-01-10-01-im-ueberblick-id627812.html\"},\"author\":{\"name\":\"Rom\u00e2nia Interna\u021bional\",\"@id\":\"https:\\\/\\\/www.rri.ro\\\/#\\\/schema\\\/person\\\/18fac491bccbfe149b92aea77ad60abd\"},\"headline\":\"Die Woche 6.01.-10.01. im \u00dcberblick\",\"datePublished\":\"2014-01-11T13:36:00+00:00\",\"mainEntityOfPage\":{\"@id\":\"https:\\\/\\\/www.rri.ro\\\/de\\\/aktuell\\\/wochenspiegel\\\/die-woche-6-01-10-01-im-ueberblick-id627812.html\"},\"wordCount\":925,\"image\":{\"@id\":\"https:\\\/\\\/www.rri.ro\\\/de\\\/aktuell\\\/wochenspiegel\\\/die-woche-6-01-10-01-im-ueberblick-id627812.html#primaryimage\"},\"thumbnailUrl\":\"https:\\\/\\\/www.rri.ro\\\/wp-content\\\/uploads\\\/2023\\\/10\\\/eveniment-top_medium.jpg\",\"keywords\":[\"Adrian N\u0103stase\",\"Bulgaren\",\"EU-Ratspr\u00e4sidentschaft\",\"freier Arbeitsmarkt\",\"Griechenland\",\"Haftstrafe\",\"Korruption\",\"Leitzins\",\"Mugur Isarescu\",\"Rum\u00e4nen\"],\"articleSection\":[\"Wochenspiegel\"],\"inLanguage\":\"de\"},{\"@type\":\"WebPage\",\"@id\":\"https:\\\/\\\/www.rri.ro\\\/de\\\/aktuell\\\/wochenspiegel\\\/die-woche-6-01-10-01-im-ueberblick-id627812.html\",\"url\":\"https:\\\/\\\/www.rri.ro\\\/de\\\/aktuell\\\/wochenspiegel\\\/die-woche-6-01-10-01-im-ueberblick-id627812.html\",\"name\":\"Die Woche 6.01.-10.01. im \u00dcberblick - Radio Rum\u00e4nien International\",\"isPartOf\":{\"@id\":\"https:\\\/\\\/www.rri.ro\\\/#website\"},\"primaryImageOfPage\":{\"@id\":\"https:\\\/\\\/www.rri.ro\\\/de\\\/aktuell\\\/wochenspiegel\\\/die-woche-6-01-10-01-im-ueberblick-id627812.html#primaryimage\"},\"image\":{\"@id\":\"https:\\\/\\\/www.rri.ro\\\/de\\\/aktuell\\\/wochenspiegel\\\/die-woche-6-01-10-01-im-ueberblick-id627812.html#primaryimage\"},\"thumbnailUrl\":\"https:\\\/\\\/www.rri.ro\\\/wp-content\\\/uploads\\\/2023\\\/10\\\/eveniment-top_medium.jpg\",\"datePublished\":\"2014-01-11T13:36:00+00:00\",\"author\":{\"@id\":\"https:\\\/\\\/www.rri.ro\\\/#\\\/schema\\\/person\\\/18fac491bccbfe149b92aea77ad60abd\"},\"breadcrumb\":{\"@id\":\"https:\\\/\\\/www.rri.ro\\\/de\\\/aktuell\\\/wochenspiegel\\\/die-woche-6-01-10-01-im-ueberblick-id627812.html#breadcrumb\"},\"inLanguage\":\"de\",\"potentialAction\":[{\"@type\":\"ReadAction\",\"target\":[\"https:\\\/\\\/www.rri.ro\\\/de\\\/aktuell\\\/wochenspiegel\\\/die-woche-6-01-10-01-im-ueberblick-id627812.html\"]}]},{\"@type\":\"ImageObject\",\"inLanguage\":\"de\",\"@id\":\"https:\\\/\\\/www.rri.ro\\\/de\\\/aktuell\\\/wochenspiegel\\\/die-woche-6-01-10-01-im-ueberblick-id627812.html#primaryimage\",\"url\":\"https:\\\/\\\/www.rri.ro\\\/wp-content\\\/uploads\\\/2023\\\/10\\\/eveniment-top_medium.jpg\",\"contentUrl\":\"https:\\\/\\\/www.rri.ro\\\/wp-content\\\/uploads\\\/2023\\\/10\\\/eveniment-top_medium.jpg\",\"width\":640,\"height\":484},{\"@type\":\"BreadcrumbList\",\"@id\":\"https:\\\/\\\/www.rri.ro\\\/de\\\/aktuell\\\/wochenspiegel\\\/die-woche-6-01-10-01-im-ueberblick-id627812.html#breadcrumb\",\"itemListElement\":[{\"@type\":\"ListItem\",\"position\":1,\"name\":\"Startseite\",\"item\":\"https:\\\/\\\/www.rri.ro\\\/de\"},{\"@type\":\"ListItem\",\"position\":2,\"name\":\"Aktuell\",\"item\":\"https:\\\/\\\/www.rri.ro\\\/de\\\/aktuell\"},{\"@type\":\"ListItem\",\"position\":3,\"name\":\"Wochenspiegel\",\"item\":\"https:\\\/\\\/www.rri.ro\\\/de\\\/aktuell\\\/wochenspiegel\"},{\"@type\":\"ListItem\",\"position\":4,\"name\":\"Die Woche 6.01.-10.01. im \u00dcberblick\"}]},{\"@type\":\"WebSite\",\"@id\":\"https:\\\/\\\/www.rri.ro\\\/#website\",\"url\":\"https:\\\/\\\/www.rri.ro\\\/\",\"name\":\"Radio Rum\u00e4nien International\",\"description\":\"Totul despre Rom\u00e2nia \u015fi rom\u00e2ni, \u00een 13 limbi\\\/dialecte!\",\"inLanguage\":\"de\"},{\"@type\":\"Person\",\"@id\":\"https:\\\/\\\/www.rri.ro\\\/#\\\/schema\\\/person\\\/18fac491bccbfe149b92aea77ad60abd\",\"name\":\"Rom\u00e2nia Interna\u021bional\",\"url\":\"https:\\\/\\\/www.rri.ro\\\/de\\\/author\\\/redactia\"}]}<\/script>\n<!-- \/ Yoast SEO plugin. -->","yoast_head_json":{"title":"Die Woche 6.01.-10.01. im \u00dcberblick - Radio Rum\u00e4nien International","robots":{"index":"index","follow":"follow","max-snippet":"max-snippet:-1","max-image-preview":"max-image-preview:large","max-video-preview":"max-video-preview:-1"},"canonical":"https:\/\/www.rri.ro\/de\/aktuell\/wochenspiegel\/die-woche-6-01-10-01-im-ueberblick-id627812.html","og_locale":"de_DE","og_type":"article","og_title":"Die Woche 6.01.-10.01. im \u00dcberblick - Radio Rum\u00e4nien International","og_description":"R\u00fcckblick auf die wichtigsten politischen Ereignisse","og_url":"https:\/\/www.rri.ro\/de\/aktuell\/wochenspiegel\/die-woche-6-01-10-01-im-ueberblick-id627812.html","og_site_name":"Radio Rum\u00e4nien International","article_published_time":"2014-01-11T13:36:00+00:00","og_image":[{"width":640,"height":484,"url":"https:\/\/www.rri.ro\/wp-content\/uploads\/2023\/10\/eveniment-top_medium.jpg","type":"image\/jpeg"}],"author":"Rom\u00e2nia Interna\u021bional","twitter_card":"summary_large_image","twitter_misc":{"Verfasst von":"Rom\u00e2nia Interna\u021bional","Gesch\u00e4tzte Lesezeit":"5\u00a0Minuten","Written by":"Rom\u00e2nia Interna\u021bional"},"schema":{"@context":"https:\/\/schema.org","@graph":[{"@type":"Article","@id":"https:\/\/www.rri.ro\/de\/aktuell\/wochenspiegel\/die-woche-6-01-10-01-im-ueberblick-id627812.html#article","isPartOf":{"@id":"https:\/\/www.rri.ro\/de\/aktuell\/wochenspiegel\/die-woche-6-01-10-01-im-ueberblick-id627812.html"},"author":{"name":"Rom\u00e2nia Interna\u021bional","@id":"https:\/\/www.rri.ro\/#\/schema\/person\/18fac491bccbfe149b92aea77ad60abd"},"headline":"Die Woche 6.01.-10.01. im \u00dcberblick","datePublished":"2014-01-11T13:36:00+00:00","mainEntityOfPage":{"@id":"https:\/\/www.rri.ro\/de\/aktuell\/wochenspiegel\/die-woche-6-01-10-01-im-ueberblick-id627812.html"},"wordCount":925,"image":{"@id":"https:\/\/www.rri.ro\/de\/aktuell\/wochenspiegel\/die-woche-6-01-10-01-im-ueberblick-id627812.html#primaryimage"},"thumbnailUrl":"https:\/\/www.rri.ro\/wp-content\/uploads\/2023\/10\/eveniment-top_medium.jpg","keywords":["Adrian N\u0103stase","Bulgaren","EU-Ratspr\u00e4sidentschaft","freier Arbeitsmarkt","Griechenland","Haftstrafe","Korruption","Leitzins","Mugur Isarescu","Rum\u00e4nen"],"articleSection":["Wochenspiegel"],"inLanguage":"de"},{"@type":"WebPage","@id":"https:\/\/www.rri.ro\/de\/aktuell\/wochenspiegel\/die-woche-6-01-10-01-im-ueberblick-id627812.html","url":"https:\/\/www.rri.ro\/de\/aktuell\/wochenspiegel\/die-woche-6-01-10-01-im-ueberblick-id627812.html","name":"Die Woche 6.01.-10.01. im \u00dcberblick - Radio Rum\u00e4nien International","isPartOf":{"@id":"https:\/\/www.rri.ro\/#website"},"primaryImageOfPage":{"@id":"https:\/\/www.rri.ro\/de\/aktuell\/wochenspiegel\/die-woche-6-01-10-01-im-ueberblick-id627812.html#primaryimage"},"image":{"@id":"https:\/\/www.rri.ro\/de\/aktuell\/wochenspiegel\/die-woche-6-01-10-01-im-ueberblick-id627812.html#primaryimage"},"thumbnailUrl":"https:\/\/www.rri.ro\/wp-content\/uploads\/2023\/10\/eveniment-top_medium.jpg","datePublished":"2014-01-11T13:36:00+00:00","author":{"@id":"https:\/\/www.rri.ro\/#\/schema\/person\/18fac491bccbfe149b92aea77ad60abd"},"breadcrumb":{"@id":"https:\/\/www.rri.ro\/de\/aktuell\/wochenspiegel\/die-woche-6-01-10-01-im-ueberblick-id627812.html#breadcrumb"},"inLanguage":"de","potentialAction":[{"@type":"ReadAction","target":["https:\/\/www.rri.ro\/de\/aktuell\/wochenspiegel\/die-woche-6-01-10-01-im-ueberblick-id627812.html"]}]},{"@type":"ImageObject","inLanguage":"de","@id":"https:\/\/www.rri.ro\/de\/aktuell\/wochenspiegel\/die-woche-6-01-10-01-im-ueberblick-id627812.html#primaryimage","url":"https:\/\/www.rri.ro\/wp-content\/uploads\/2023\/10\/eveniment-top_medium.jpg","contentUrl":"https:\/\/www.rri.ro\/wp-content\/uploads\/2023\/10\/eveniment-top_medium.jpg","width":640,"height":484},{"@type":"BreadcrumbList","@id":"https:\/\/www.rri.ro\/de\/aktuell\/wochenspiegel\/die-woche-6-01-10-01-im-ueberblick-id627812.html#breadcrumb","itemListElement":[{"@type":"ListItem","position":1,"name":"Startseite","item":"https:\/\/www.rri.ro\/de"},{"@type":"ListItem","position":2,"name":"Aktuell","item":"https:\/\/www.rri.ro\/de\/aktuell"},{"@type":"ListItem","position":3,"name":"Wochenspiegel","item":"https:\/\/www.rri.ro\/de\/aktuell\/wochenspiegel"},{"@type":"ListItem","position":4,"name":"Die Woche 6.01.-10.01. im \u00dcberblick"}]},{"@type":"WebSite","@id":"https:\/\/www.rri.ro\/#website","url":"https:\/\/www.rri.ro\/","name":"Radio Rum\u00e4nien International","description":"Totul despre Rom\u00e2nia \u015fi rom\u00e2ni, \u00een 13 limbi\/dialecte!","inLanguage":"de"},{"@type":"Person","@id":"https:\/\/www.rri.ro\/#\/schema\/person\/18fac491bccbfe149b92aea77ad60abd","name":"Rom\u00e2nia Interna\u021bional","url":"https:\/\/www.rri.ro\/de\/author\/redactia"}]}},"_links":{"self":[{"href":"https:\/\/www.rri.ro\/de\/wp-json\/wp\/v2\/posts\/627812","targetHints":{"allow":["GET"]}}],"collection":[{"href":"https:\/\/www.rri.ro\/de\/wp-json\/wp\/v2\/posts"}],"about":[{"href":"https:\/\/www.rri.ro\/de\/wp-json\/wp\/v2\/types\/post"}],"author":[{"embeddable":true,"href":"https:\/\/www.rri.ro\/de\/wp-json\/wp\/v2\/users\/2"}],"replies":[{"embeddable":true,"href":"https:\/\/www.rri.ro\/de\/wp-json\/wp\/v2\/comments?post=627812"}],"version-history":[{"count":0,"href":"https:\/\/www.rri.ro\/de\/wp-json\/wp\/v2\/posts\/627812\/revisions"}],"wp:featuredmedia":[{"embeddable":true,"href":"https:\/\/www.rri.ro\/de\/wp-json\/wp\/v2\/media\/123842"}],"wp:attachment":[{"href":"https:\/\/www.rri.ro\/de\/wp-json\/wp\/v2\/media?parent=627812"}],"wp:term":[{"taxonomy":"category","embeddable":true,"href":"https:\/\/www.rri.ro\/de\/wp-json\/wp\/v2\/categories?post=627812"},{"taxonomy":"post_tag","embeddable":true,"href":"https:\/\/www.rri.ro\/de\/wp-json\/wp\/v2\/tags?post=627812"},{"taxonomy":"author","embeddable":true,"href":"https:\/\/www.rri.ro\/de\/wp-json\/wp\/v2\/coauthors?post=627812"}],"curies":[{"name":"wp","href":"https:\/\/api.w.org\/{rel}","templated":true}]}}