{"id":627864,"date":"2015-02-06T17:29:00","date_gmt":"2015-02-06T15:29:00","guid":{"rendered":"http:\/\/devrri.freshlemon.ro\/aktuell\/die-woche-02-06-02-2015-im-ueberblick-id627864.html"},"modified":"2015-02-06T17:29:00","modified_gmt":"2015-02-06T15:29:00","slug":"die-woche-02-06-02-2015-im-ueberblick","status":"publish","type":"post","link":"https:\/\/www.rri.ro\/de\/aktuell\/wochenspiegel\/die-woche-02-06-02-2015-im-ueberblick-id627864.html","title":{"rendered":"Die Woche 02. &#8211; 06.02.2015 im \u00dcberblick"},"content":{"rendered":"<p>Die gro\u200e\u00dfen Korruptionsf\u00e4lle standen auch diese Woche in den Schlagzeilen in Rum\u00e4nien: Erneut wurden bekannte Politiker und Mitglieder des Richterstandes zu Anh\u00f6rungen bei der Antikorruptionsbeh\u00f6rde DNA geladen. Die Abgeordnete, fr\u00fchere Ministerin und Pr\u00e4sidentschaftskandidatin Elena Udrea scheint in mehrere Korruptionsf\u00e4lle verwickelt zu sein. Am Mittwoch beantragten die Antikorruptionsstaatsanw\u00e4lte gleich zweimal die Genehmigung, Elena Udrea in Untersuchungshaft zu nehmen. Gegen sie liegen Anschuldigungen in zwei Korruptionsverfahren vor. Im ersten Verfahren geht es um die Veranstaltung im Jahr 2011 einer Gala f\u00fcr den ehemaligen Boxweltmeister Lucian Bute. Die zweite  Akte handelt von der illegalen Erteilung von IT-Lizenzen f\u00fcr das Bildungsministerium. Von der F\u00e4lschung der Verm\u00f6genserkl\u00e4rung und Geldw\u00e4sche wurden die Vorw\u00fcrfe auf Einflussnahme und Bestechlichkeit erweitert. Die Staatsanw\u00e4lte sagen au\u200e\u00dferdem, Elena Udrea habe die Bew\u00e4hrungsbedingungen gebrochen. Udrea weist die Vorw\u00fcrfe indes zur\u00fcck. Sie ist nicht die einzige Pers\u00f6nlichkeit des \u00f6ffentlichen Lebens, die mit den B\u00fcros der Antikorruptionsbeh\u00f6rde vertraut ist. Die Staatsanw\u00e4lte haben die Strafverfolgung auch im Fall des bisherigen Verfassungsrichters Toni Grebl\u0103 ausgeweitet. Dieser war am Mittwoch zur\u00fcckgetreten, nachdem die  Antikorruptionsbeh\u00f6rde den Antrag auf Untersuchungshaft stellte und das Verfassungsgericht in eine  unhaltbare Lage geraten war. Zu den Vorw\u00fcrfen gegen ihn z\u00e4hlen Beg\u00fcnstigung des T\u00e4ters, die Verwendung von vertraulichen Informationen oder die Genehmigung des Zugangs Dritter zu solchen Informationen.<\/p>\n<p>&#13;<br \/>\n&#13;<\/p>\n<p>*<\/p>\n<p>&#13;<br \/>\n&#13;<\/p>\n<p>Die Europ\u00e4ische Kommission hat Rum\u00e4nien ein Wirtschaftswachstum von 2,7% in diesem Jahr in Aussicht gestellt. Mit der am Donnerstag ver\u00f6ffentlichten Prognose wurde der urspr\u00fcngliche Wert um 0,3% nach oben korrigiert. Das Wachstum, das 2016 sogar auf 2,9% steigen k\u00f6nnte, sei vor allem auf die Binnennachfrage und die langsame Erholung der Weltwirtschaft zur\u00fcckzuf\u00fchren. Die Europ\u00e4ische Kommision geht laut ihrem Bericht von einem nach wie vor soliden Privatkonsum aus, wobei die niedrige Inflation und die verbesserte Lage auf dem Arbeitsmarkt die Kaufkraft unterst\u00fctzten. Ferner k\u00f6nne man von einer Erholung der privaten und \u00f6ffentlichen Investitionen ausgehen, auch die Exporte k\u00f6nnten zunehmen. Die Kommission nannte auch einige Risiken, darunter die m\u00f6gliche Eskalation der geopolitischen Spannungen in der Region &#8212; eine Anspielung auf die Ukraine-Krise.<\/p>\n<p>&#13;<br \/>\n&#13;<\/p>\n<p>*<\/p>\n<p>&#13;<br \/>\n&#13;<\/p>\n<p>Rum\u00e4niens Verteidigungsminister Mircea Dusa hat sich am Donnerstag in Br\u00fcssel mit seinem britischen Amtskollegen Michael Fallon zu Gespr\u00e4chen getroffen. Die beiden diskutierten \u00fcber die Sicherheitslage im erweiterten Schwarzmeerraum, die milit\u00e4rische Zusammenarbeit zwischen den beiden L\u00e4ndern sowie die aktuellen Themen auf der Gespr\u00e4chsagenda des NATO-Ministertreffens. Vor dem Hintergrund des Ukraine-Konflikts will die NATO ihre Eingreiftruppe auf rund 30.000 Soldaten erweitern. Eine binnen weniger Tage einsatzbereite besonders schnelle Eingreiftruppe werde voraussichtlich 5000 Soldaten umfassen. Bisher z\u00e4hlt der Kern der NATO-Eingreiftruppe rund 13.000 Soldaten, hinzu kommen Kommandoeinheiten und eine Unterst\u00fctzungsreserve. Gleichzeitig werden st\u00e4ndige St\u00fctzpunkte mit F\u00fchrungs- und Logistikexperten in sechs osteurop\u00e4ischen Staaten eingerichtet, um die Kr\u00e4fte der Eingreiftruppe im Falle einer Entsendung aufzunehmen. Die Zentren werden in den drei baltischen Staaten sowie in Polen, Rum\u00e4nien und Bulgarien entstehen.<\/p>\n<p>&#13;<br \/>\n&#13;<\/p>\n<p>*<\/p>\n<p>&#13;<br \/>\n&#13;<\/p>\n<p>Rum\u00e4nien hat die verpflichtende Gerichtsbarkeit des Internationalen Gerichtshofes als Hauptrechtsprechungsorgan der Vereinten Nationen, anerkannt. Die vor siebzig Jahren gegr\u00fcndete Beh\u00f6rde gilt als eine der \u00fcberaus wichtigen und angesehenen internationalen Rechtsinstitutionen weltweit. Bis voriges Jahr hatten siebzig Staaten eine Unterwerfungserkl\u00e4rung abgegeben. Diese k\u00f6nnen somit in allen v\u00f6lkerrechtlichen Streitfragen einen anderen Staat, der ebenfalls eine solche Erkl\u00e4rung abgegeben hat, verklagen oder selbst von diesem verklagt werden. 21 L\u00e4nder davon sind auch EU-Mitglieder. Ihnen schlie\u200e\u00dft sich jetzt auch Rum\u00e4nien an. Die Initiative sei ein klarer Beweis daf\u00fcr, dass  Rum\u00e4nien sich angesichts der internationalen Beziehungen als Staat positioniert, der die Menschenrechte streng einh\u00e4lt, sagte der rum\u00e4nische Au\u200e\u00dfenminister  Bogdan Aurescu, der vor sechs Jahren in Den Haag im Prozess mit der Ukraine f\u00fcr die maritime Abgrenzung im Schwarzen Meer einen wichtigen Erfolg erzielte.<\/p>\n<p>&#13;<br \/>\n&#13;<\/p>\n<p>*<\/p>\n<p>&#13;<br \/>\n&#13;<\/p>\n<p>Die Nationale Verbraucherschutzbeh\u00f6rde hat bislang Hunderte von Beschwerden von Franken-Schuldnern bekommen. Infolge der Aufwertung der Schweizer W\u00e4hrung sehen sich viele in der Lage, ihre Kreditraten nicht mehr bezahlen zu k\u00f6nnen. Sie fordern jetzt eine Konversion aller Fremdw\u00e4hrungs-Kredite in die Landesw\u00e4hrung Leu zum historischen Wechselkurs. Eine solche Entscheidung w\u00fcrde hohe Verluste verursachen, in H\u00f6he von fast 10 Milliarden Lei, behauptet der Notenbank-Gouverneur Mugur Isarescu. Da die Kredite in Schweizer Franken sehr unterschiedlich seien, m\u00fcsse man fallbezogene L\u00f6sungsans\u00e4tze finden, so Isarescu. Indes hat der Verwaltungsrat der Nationalbank BNR den Leitzins auf ein Rekordtief von 2,25% gesenkt. Die Entscheidung wurde mit der niedrigen Inflation begr\u00fcndet, die zudem unter den Prognosen liege. Auch w\u00fcrde es beim Kreditgesch\u00e4ft kein Zeichen einer Erholung geben. Die Zentralbank senkte auch den Zinssatz f\u00fcr kurzfristige Darlehen der Handelsbanken um einen halben Prozentpunkt, um eine vor\u00fcbergehende Liquidit\u00e4tsl\u00fccke zu f\u00fcllen. Der neue Prozentsatz f\u00fcr den Kreditmechanismus betr\u00e4gt nun 4,25%.<\/p>\n<p>&#13;<\/p>\n","protected":false},"excerpt":{"rendered":"<p>Die gro\u200e\u00dfen Korruptionsf\u00e4lle standen auch diese Woche in den Schlagzeilen in Rum\u00e4nien: Erneut wurden bekannte Politiker und Mitglieder des Richterstandes zu Anh\u00f6rungen bei der Antikorruptionsbeh\u00f6rde DNA geladen. Die Abgeordnete, fr\u00fchere Ministerin und Pr\u00e4sidentschaftskandidatin Elena Udrea scheint in mehrere Korruptionsf\u00e4lle verwickelt zu sein. Am Mittwoch beantragten die Antikorruptionsstaatsanw\u00e4lte gleich zweimal die Genehmigung, Elena Udrea in Untersuchungshaft [&hellip;]<\/p>\n","protected":false},"author":108,"featured_media":124022,"comment_status":"closed","ping_status":"closed","sticky":false,"template":"","format":"standard","meta":{"_acf_changed":false,"footnotes":""},"categories":[116751],"tags":[102330,99702,137227,99589,134268,101248,101389,99620,99718],"coauthors":[],"class_list":["post-627864","post","type-post","status-publish","format-standard","has-post-thumbnail","hentry","category-wochenspiegel","tag-internationaler-gerichtshof","tag-korruption","tag-nato-de","tag-rumaenien","tag-ukraine-de","tag-verbraucherschutz","tag-verteidigung","tag-wirtschaftswachstum","tag-zentralbank"],"acf":[],"yoast_head":"<!-- This site is optimized with the Yoast SEO plugin v27.3 - https:\/\/yoast.com\/product\/yoast-seo-wordpress\/ -->\n<title>Die Woche 02. - 06.02.2015 im \u00dcberblick - Radio Rum\u00e4nien International<\/title>\n<meta name=\"robots\" content=\"index, follow, max-snippet:-1, max-image-preview:large, max-video-preview:-1\" \/>\n<link rel=\"canonical\" href=\"https:\/\/www.rri.ro\/de\/aktuell\/wochenspiegel\/die-woche-02-06-02-2015-im-ueberblick-id627864.html\" \/>\n<meta property=\"og:locale\" content=\"de_DE\" \/>\n<meta property=\"og:type\" content=\"article\" \/>\n<meta property=\"og:title\" content=\"Die Woche 02. - 06.02.2015 im \u00dcberblick - Radio Rum\u00e4nien International\" \/>\n<meta property=\"og:description\" content=\"Die gro\u200e\u00dfen Korruptionsf\u00e4lle standen auch diese Woche in den Schlagzeilen in Rum\u00e4nien: Erneut wurden bekannte Politiker und Mitglieder des Richterstandes zu Anh\u00f6rungen bei der Antikorruptionsbeh\u00f6rde DNA geladen. Die Abgeordnete, fr\u00fchere Ministerin und Pr\u00e4sidentschaftskandidatin Elena Udrea scheint in mehrere Korruptionsf\u00e4lle verwickelt zu sein. Am Mittwoch beantragten die Antikorruptionsstaatsanw\u00e4lte gleich zweimal die Genehmigung, Elena Udrea in Untersuchungshaft [&hellip;]\" \/>\n<meta property=\"og:url\" content=\"https:\/\/www.rri.ro\/de\/aktuell\/wochenspiegel\/die-woche-02-06-02-2015-im-ueberblick-id627864.html\" \/>\n<meta property=\"og:site_name\" content=\"Radio Rum\u00e4nien International\" \/>\n<meta property=\"article:published_time\" content=\"2015-02-06T15:29:00+00:00\" \/>\n<meta property=\"og:image\" content=\"https:\/\/www.rri.ro\/wp-content\/uploads\/2023\/10\/eveniment-top-640_medium.png\" \/>\n\t<meta property=\"og:image:width\" content=\"640\" \/>\n\t<meta property=\"og:image:height\" content=\"475\" \/>\n\t<meta property=\"og:image:type\" content=\"image\/png\" \/>\n<meta name=\"author\" content=\"Corina Cristea\" \/>\n<meta name=\"twitter:card\" content=\"summary_large_image\" \/>\n<meta name=\"twitter:label1\" content=\"Verfasst von\" \/>\n\t<meta name=\"twitter:data1\" content=\"Corina Cristea\" \/>\n\t<meta name=\"twitter:label2\" content=\"Gesch\u00e4tzte Lesezeit\" \/>\n\t<meta name=\"twitter:data2\" content=\"4\u00a0Minuten\" \/>\n\t<meta name=\"twitter:label3\" content=\"Written by\" \/>\n\t<meta name=\"twitter:data3\" content=\"Corina Cristea\" \/>\n<script type=\"application\/ld+json\" class=\"yoast-schema-graph\">{\"@context\":\"https:\\\/\\\/schema.org\",\"@graph\":[{\"@type\":\"Article\",\"@id\":\"https:\\\/\\\/www.rri.ro\\\/de\\\/aktuell\\\/wochenspiegel\\\/die-woche-02-06-02-2015-im-ueberblick-id627864.html#article\",\"isPartOf\":{\"@id\":\"https:\\\/\\\/www.rri.ro\\\/de\\\/aktuell\\\/wochenspiegel\\\/die-woche-02-06-02-2015-im-ueberblick-id627864.html\"},\"author\":{\"name\":\"Corina Cristea\",\"@id\":\"https:\\\/\\\/www.rri.ro\\\/#\\\/schema\\\/person\\\/f9ab1cb3569dee1b2c033a814bb7f0fc\"},\"headline\":\"Die Woche 02. &#8211; 06.02.2015 im \u00dcberblick\",\"datePublished\":\"2015-02-06T15:29:00+00:00\",\"mainEntityOfPage\":{\"@id\":\"https:\\\/\\\/www.rri.ro\\\/de\\\/aktuell\\\/wochenspiegel\\\/die-woche-02-06-02-2015-im-ueberblick-id627864.html\"},\"wordCount\":811,\"image\":{\"@id\":\"https:\\\/\\\/www.rri.ro\\\/de\\\/aktuell\\\/wochenspiegel\\\/die-woche-02-06-02-2015-im-ueberblick-id627864.html#primaryimage\"},\"thumbnailUrl\":\"https:\\\/\\\/www.rri.ro\\\/wp-content\\\/uploads\\\/2023\\\/10\\\/eveniment-top-640_medium.png\",\"keywords\":[\"Internationaler Gerichtshof\",\"Korruption\",\"NATO\",\"Rum\u00e4nien\",\"Ukraine\",\"Verbraucherschutz\",\"Verteidigung\",\"Wirtschaftswachstum\",\"Zentralbank\"],\"articleSection\":[\"Wochenspiegel\"],\"inLanguage\":\"de\"},{\"@type\":\"WebPage\",\"@id\":\"https:\\\/\\\/www.rri.ro\\\/de\\\/aktuell\\\/wochenspiegel\\\/die-woche-02-06-02-2015-im-ueberblick-id627864.html\",\"url\":\"https:\\\/\\\/www.rri.ro\\\/de\\\/aktuell\\\/wochenspiegel\\\/die-woche-02-06-02-2015-im-ueberblick-id627864.html\",\"name\":\"Die Woche 02. - 06.02.2015 im \u00dcberblick - Radio Rum\u00e4nien International\",\"isPartOf\":{\"@id\":\"https:\\\/\\\/www.rri.ro\\\/#website\"},\"primaryImageOfPage\":{\"@id\":\"https:\\\/\\\/www.rri.ro\\\/de\\\/aktuell\\\/wochenspiegel\\\/die-woche-02-06-02-2015-im-ueberblick-id627864.html#primaryimage\"},\"image\":{\"@id\":\"https:\\\/\\\/www.rri.ro\\\/de\\\/aktuell\\\/wochenspiegel\\\/die-woche-02-06-02-2015-im-ueberblick-id627864.html#primaryimage\"},\"thumbnailUrl\":\"https:\\\/\\\/www.rri.ro\\\/wp-content\\\/uploads\\\/2023\\\/10\\\/eveniment-top-640_medium.png\",\"datePublished\":\"2015-02-06T15:29:00+00:00\",\"author\":{\"@id\":\"https:\\\/\\\/www.rri.ro\\\/#\\\/schema\\\/person\\\/f9ab1cb3569dee1b2c033a814bb7f0fc\"},\"breadcrumb\":{\"@id\":\"https:\\\/\\\/www.rri.ro\\\/de\\\/aktuell\\\/wochenspiegel\\\/die-woche-02-06-02-2015-im-ueberblick-id627864.html#breadcrumb\"},\"inLanguage\":\"de\",\"potentialAction\":[{\"@type\":\"ReadAction\",\"target\":[\"https:\\\/\\\/www.rri.ro\\\/de\\\/aktuell\\\/wochenspiegel\\\/die-woche-02-06-02-2015-im-ueberblick-id627864.html\"]}]},{\"@type\":\"ImageObject\",\"inLanguage\":\"de\",\"@id\":\"https:\\\/\\\/www.rri.ro\\\/de\\\/aktuell\\\/wochenspiegel\\\/die-woche-02-06-02-2015-im-ueberblick-id627864.html#primaryimage\",\"url\":\"https:\\\/\\\/www.rri.ro\\\/wp-content\\\/uploads\\\/2023\\\/10\\\/eveniment-top-640_medium.png\",\"contentUrl\":\"https:\\\/\\\/www.rri.ro\\\/wp-content\\\/uploads\\\/2023\\\/10\\\/eveniment-top-640_medium.png\",\"width\":640,\"height\":475},{\"@type\":\"BreadcrumbList\",\"@id\":\"https:\\\/\\\/www.rri.ro\\\/de\\\/aktuell\\\/wochenspiegel\\\/die-woche-02-06-02-2015-im-ueberblick-id627864.html#breadcrumb\",\"itemListElement\":[{\"@type\":\"ListItem\",\"position\":1,\"name\":\"Startseite\",\"item\":\"https:\\\/\\\/www.rri.ro\\\/de\"},{\"@type\":\"ListItem\",\"position\":2,\"name\":\"Aktuell\",\"item\":\"https:\\\/\\\/www.rri.ro\\\/de\\\/aktuell\"},{\"@type\":\"ListItem\",\"position\":3,\"name\":\"Wochenspiegel\",\"item\":\"https:\\\/\\\/www.rri.ro\\\/de\\\/aktuell\\\/wochenspiegel\"},{\"@type\":\"ListItem\",\"position\":4,\"name\":\"Die Woche 02. &#8211; 06.02.2015 im \u00dcberblick\"}]},{\"@type\":\"WebSite\",\"@id\":\"https:\\\/\\\/www.rri.ro\\\/#website\",\"url\":\"https:\\\/\\\/www.rri.ro\\\/\",\"name\":\"Radio Rum\u00e4nien International\",\"description\":\"Totul despre Rom\u00e2nia \u015fi rom\u00e2ni, \u00een 13 limbi\\\/dialecte!\",\"inLanguage\":\"de\"},{\"@type\":\"Person\",\"@id\":\"https:\\\/\\\/www.rri.ro\\\/#\\\/schema\\\/person\\\/f9ab1cb3569dee1b2c033a814bb7f0fc\",\"name\":\"Corina Cristea\",\"url\":\"https:\\\/\\\/www.rri.ro\\\/de\\\/author\\\/corina-cristea\"}]}<\/script>\n<!-- \/ Yoast SEO plugin. -->","yoast_head_json":{"title":"Die Woche 02. - 06.02.2015 im \u00dcberblick - Radio Rum\u00e4nien International","robots":{"index":"index","follow":"follow","max-snippet":"max-snippet:-1","max-image-preview":"max-image-preview:large","max-video-preview":"max-video-preview:-1"},"canonical":"https:\/\/www.rri.ro\/de\/aktuell\/wochenspiegel\/die-woche-02-06-02-2015-im-ueberblick-id627864.html","og_locale":"de_DE","og_type":"article","og_title":"Die Woche 02. - 06.02.2015 im \u00dcberblick - Radio Rum\u00e4nien International","og_description":"Die gro\u200e\u00dfen Korruptionsf\u00e4lle standen auch diese Woche in den Schlagzeilen in Rum\u00e4nien: Erneut wurden bekannte Politiker und Mitglieder des Richterstandes zu Anh\u00f6rungen bei der Antikorruptionsbeh\u00f6rde DNA geladen. Die Abgeordnete, fr\u00fchere Ministerin und Pr\u00e4sidentschaftskandidatin Elena Udrea scheint in mehrere Korruptionsf\u00e4lle verwickelt zu sein. Am Mittwoch beantragten die Antikorruptionsstaatsanw\u00e4lte gleich zweimal die Genehmigung, Elena Udrea in Untersuchungshaft [&hellip;]","og_url":"https:\/\/www.rri.ro\/de\/aktuell\/wochenspiegel\/die-woche-02-06-02-2015-im-ueberblick-id627864.html","og_site_name":"Radio Rum\u00e4nien International","article_published_time":"2015-02-06T15:29:00+00:00","og_image":[{"width":640,"height":475,"url":"https:\/\/www.rri.ro\/wp-content\/uploads\/2023\/10\/eveniment-top-640_medium.png","type":"image\/png"}],"author":"Corina Cristea","twitter_card":"summary_large_image","twitter_misc":{"Verfasst von":"Corina Cristea","Gesch\u00e4tzte Lesezeit":"4\u00a0Minuten","Written by":"Corina Cristea"},"schema":{"@context":"https:\/\/schema.org","@graph":[{"@type":"Article","@id":"https:\/\/www.rri.ro\/de\/aktuell\/wochenspiegel\/die-woche-02-06-02-2015-im-ueberblick-id627864.html#article","isPartOf":{"@id":"https:\/\/www.rri.ro\/de\/aktuell\/wochenspiegel\/die-woche-02-06-02-2015-im-ueberblick-id627864.html"},"author":{"name":"Corina Cristea","@id":"https:\/\/www.rri.ro\/#\/schema\/person\/f9ab1cb3569dee1b2c033a814bb7f0fc"},"headline":"Die Woche 02. &#8211; 06.02.2015 im \u00dcberblick","datePublished":"2015-02-06T15:29:00+00:00","mainEntityOfPage":{"@id":"https:\/\/www.rri.ro\/de\/aktuell\/wochenspiegel\/die-woche-02-06-02-2015-im-ueberblick-id627864.html"},"wordCount":811,"image":{"@id":"https:\/\/www.rri.ro\/de\/aktuell\/wochenspiegel\/die-woche-02-06-02-2015-im-ueberblick-id627864.html#primaryimage"},"thumbnailUrl":"https:\/\/www.rri.ro\/wp-content\/uploads\/2023\/10\/eveniment-top-640_medium.png","keywords":["Internationaler Gerichtshof","Korruption","NATO","Rum\u00e4nien","Ukraine","Verbraucherschutz","Verteidigung","Wirtschaftswachstum","Zentralbank"],"articleSection":["Wochenspiegel"],"inLanguage":"de"},{"@type":"WebPage","@id":"https:\/\/www.rri.ro\/de\/aktuell\/wochenspiegel\/die-woche-02-06-02-2015-im-ueberblick-id627864.html","url":"https:\/\/www.rri.ro\/de\/aktuell\/wochenspiegel\/die-woche-02-06-02-2015-im-ueberblick-id627864.html","name":"Die Woche 02. - 06.02.2015 im \u00dcberblick - Radio Rum\u00e4nien International","isPartOf":{"@id":"https:\/\/www.rri.ro\/#website"},"primaryImageOfPage":{"@id":"https:\/\/www.rri.ro\/de\/aktuell\/wochenspiegel\/die-woche-02-06-02-2015-im-ueberblick-id627864.html#primaryimage"},"image":{"@id":"https:\/\/www.rri.ro\/de\/aktuell\/wochenspiegel\/die-woche-02-06-02-2015-im-ueberblick-id627864.html#primaryimage"},"thumbnailUrl":"https:\/\/www.rri.ro\/wp-content\/uploads\/2023\/10\/eveniment-top-640_medium.png","datePublished":"2015-02-06T15:29:00+00:00","author":{"@id":"https:\/\/www.rri.ro\/#\/schema\/person\/f9ab1cb3569dee1b2c033a814bb7f0fc"},"breadcrumb":{"@id":"https:\/\/www.rri.ro\/de\/aktuell\/wochenspiegel\/die-woche-02-06-02-2015-im-ueberblick-id627864.html#breadcrumb"},"inLanguage":"de","potentialAction":[{"@type":"ReadAction","target":["https:\/\/www.rri.ro\/de\/aktuell\/wochenspiegel\/die-woche-02-06-02-2015-im-ueberblick-id627864.html"]}]},{"@type":"ImageObject","inLanguage":"de","@id":"https:\/\/www.rri.ro\/de\/aktuell\/wochenspiegel\/die-woche-02-06-02-2015-im-ueberblick-id627864.html#primaryimage","url":"https:\/\/www.rri.ro\/wp-content\/uploads\/2023\/10\/eveniment-top-640_medium.png","contentUrl":"https:\/\/www.rri.ro\/wp-content\/uploads\/2023\/10\/eveniment-top-640_medium.png","width":640,"height":475},{"@type":"BreadcrumbList","@id":"https:\/\/www.rri.ro\/de\/aktuell\/wochenspiegel\/die-woche-02-06-02-2015-im-ueberblick-id627864.html#breadcrumb","itemListElement":[{"@type":"ListItem","position":1,"name":"Startseite","item":"https:\/\/www.rri.ro\/de"},{"@type":"ListItem","position":2,"name":"Aktuell","item":"https:\/\/www.rri.ro\/de\/aktuell"},{"@type":"ListItem","position":3,"name":"Wochenspiegel","item":"https:\/\/www.rri.ro\/de\/aktuell\/wochenspiegel"},{"@type":"ListItem","position":4,"name":"Die Woche 02. &#8211; 06.02.2015 im \u00dcberblick"}]},{"@type":"WebSite","@id":"https:\/\/www.rri.ro\/#website","url":"https:\/\/www.rri.ro\/","name":"Radio Rum\u00e4nien International","description":"Totul despre Rom\u00e2nia \u015fi rom\u00e2ni, \u00een 13 limbi\/dialecte!","inLanguage":"de"},{"@type":"Person","@id":"https:\/\/www.rri.ro\/#\/schema\/person\/f9ab1cb3569dee1b2c033a814bb7f0fc","name":"Corina Cristea","url":"https:\/\/www.rri.ro\/de\/author\/corina-cristea"}]}},"_links":{"self":[{"href":"https:\/\/www.rri.ro\/de\/wp-json\/wp\/v2\/posts\/627864","targetHints":{"allow":["GET"]}}],"collection":[{"href":"https:\/\/www.rri.ro\/de\/wp-json\/wp\/v2\/posts"}],"about":[{"href":"https:\/\/www.rri.ro\/de\/wp-json\/wp\/v2\/types\/post"}],"author":[{"embeddable":true,"href":"https:\/\/www.rri.ro\/de\/wp-json\/wp\/v2\/users\/108"}],"replies":[{"embeddable":true,"href":"https:\/\/www.rri.ro\/de\/wp-json\/wp\/v2\/comments?post=627864"}],"version-history":[{"count":0,"href":"https:\/\/www.rri.ro\/de\/wp-json\/wp\/v2\/posts\/627864\/revisions"}],"wp:featuredmedia":[{"embeddable":true,"href":"https:\/\/www.rri.ro\/de\/wp-json\/wp\/v2\/media\/124022"}],"wp:attachment":[{"href":"https:\/\/www.rri.ro\/de\/wp-json\/wp\/v2\/media?parent=627864"}],"wp:term":[{"taxonomy":"category","embeddable":true,"href":"https:\/\/www.rri.ro\/de\/wp-json\/wp\/v2\/categories?post=627864"},{"taxonomy":"post_tag","embeddable":true,"href":"https:\/\/www.rri.ro\/de\/wp-json\/wp\/v2\/tags?post=627864"},{"taxonomy":"author","embeddable":true,"href":"https:\/\/www.rri.ro\/de\/wp-json\/wp\/v2\/coauthors?post=627864"}],"curies":[{"name":"wp","href":"https:\/\/api.w.org\/{rel}","templated":true}]}}