{"id":627888,"date":"2015-08-08T17:26:00","date_gmt":"2015-08-08T14:26:00","guid":{"rendered":"http:\/\/devrri.freshlemon.ro\/aktuell\/die-woche-03-08-07-08-2015-im-ueberblick-id627888.html"},"modified":"2015-08-08T17:26:00","modified_gmt":"2015-08-08T14:26:00","slug":"die-woche-03-08-07-08-2015-im-ueberblick","status":"publish","type":"post","link":"https:\/\/www.rri.ro\/de\/aktuell\/wochenspiegel\/die-woche-03-08-07-08-2015-im-ueberblick-id627888.html","title":{"rendered":"Die Woche 03.08.-07.08.2015 im \u00dcberblick"},"content":{"rendered":"<p>Wegen der D\u00fcrre rechnen rum\u00e4nische Landwirte mit erheblichen Ausf\u00e4llen in  diesem Jahr. Rund 25% der Ernten seien betroffen, in Geld ausgedr\u00fcckt bel\u00e4uft sich der Verlust auf rund zwei Milliarden Euro, klagen die Landwirtschaftsverb\u00e4nde. Staatliche Hilfen wurden bisher nur f\u00fcr kleine Landwirte zugesagt. Bei gr\u00f6\u200e\u00dferen Agrarbetrieben m\u00fcsse das Landwirtschaftsministerium ein OK von der Europ\u00e4ischen Kommission einholen, weil auch die Beihilfen h\u00f6her ausfallen. Die Moldau ist am st\u00e4rksten betroffen, aber auch der S\u00fcdosten, und der Nordwesten leiden unter Trockenheit.  Auf der Donau ist der Verkehr vom flachen Tiefgang zum Teil stark behindert. Auf bestimmten Abschnitten k\u00f6nnen Schiffe nur einzeln passieren, weil sich die Fahrrinne zu stark verengt hat. Experten zufolge ist vorl\u00e4ufig keine Besserung der Lage in Sicht.<\/p>\n<p>&#13;<br \/>\n&#13;<\/p>\n<p>&#13;<br \/>\n&#13;<\/p>\n<p style=margin-left: 280px;>&#8211; ooo &#8211;<\/p>\n<p>&#13;<br \/>\n&#13;<\/p>\n<p>&#13;<br \/>\n&#13;<\/p>\n<p>Die rum\u00e4nische Steuerverwaltung ANAF hat das Inkasso  im ersten Semester von 2015 erheblich verbessert. Im Juli nahm die ANAF umgerechnet rund 4,5 Milliarden  Euro ein, 7,2% mehr als im Juli 2014. In den ersten sieben Monaten nahm die Beh\u00f6rde  etwa 2 Milliarden Euro mehr ein als im Vorjahreszeitraum. Die Einkommen aus der Mehrwertsteuer stiegen selbst vor dem Hintergrund der Herabsetzung der Mehrwertsteuer auf Lebensmittelk\u00e4ufe von 24 auf 9%. Aber auch insgesamt nimmt die ANAF anteilsm\u00e4\u200e\u00dfig mehr ein, auch wenn die Einkommen per se durch Steuerentlastungsma\u200e\u00dfnahmen  zur\u00fcckgegangen sind. Die ANAF scheint Steuerbetrug und Hinterziehung mit aller Kraft bek\u00e4mpfen zu wollen &#8212; in das Visier der Beh\u00f6rde r\u00fccken jetzt auch Privatleute, die zwar keine Einkommen vorweisen, aber sehr opulent leben.<\/p>\n<p>&#13;<br \/>\n&#13;<\/p>\n<p>&#13;<br \/>\n&#13;<\/p>\n<p style=margin-left: 280px;>&#8211; ooo &#8211;<\/p>\n<p>&#13;<br \/>\n&#13;<\/p>\n<p>&#13;<br \/>\nNotenbankchef Mugur Is\u0103rescu hat erneut \u00fcber die problematischen Auswirkungen des von der Regierung geplanten Steuergesetzbuches und der darin enthaltenen Steuerentlastungsma\u200e\u00dfnahmen gewarnt. Ist nachhaltiges Wachstum gew\u00fcnscht, m\u00fcsse eher auf mehr Produktivit\u00e4t und Arbeitspl\u00e4tze hingewirkt werden. Auch die Chefin der IWF-Mission f\u00fcr Rum\u00e4nien, Andrea Schaechter und der st\u00e4ndige Vertreter des IWF in Rum\u00e4nien und Bulgarien, Guillermo Tolosa, legen der Regierung in Bukarest nahe, die Ma\u200e\u00dfnahmen aus dem neuen Steuergesetzbuch und die ambitionierten Ausgabenpl\u00e4ne nicht allzu eilig umzusetzen.  Die Verschuldung m\u00fcsse schrittweise zur\u00fcckgefahren werden.  Die beiden IWF-Beamten empfehlen eine weniger pl\u00f6tzliche Steuerentlastung, um die erlangte Makrostabilit\u00e4t nicht zu gef\u00e4hrden. Pr\u00e4sident Klaus Iohannis hatte den Entwurf des Steuergesetzbuches an das Parlament zur\u00fcckgeschickt. Eine Sondertagung des Parlaments zum Thema ist f\u00fcr Ende August geplant.<\/p>\n<p>&#13;<br \/>\n&#13;<\/p>\n<p>&#13;<br \/>\n&#13;<\/p>\n<p style=margin-left: 280px;>&#8211; ooo &#8211;<\/p>\n<p>&#13;<br \/>\n&#13;<\/p>\n<p>&#13;<br \/>\n&#13;<\/p>\n<p><span style=line-height: 20.7999992370605px;>Petrotel Ploie\u015fti, <\/span>der rum\u00e4nische Ableger des russischen \u00d6lkonzerns Lukoil soll nach Angaben rum\u00e4nischer Strafermittler Gesch\u00e4fte mit Offshorefirmen von Personen gemacht haben, die unter EU-Sanktionen stehen. Gegen die niederl\u00e4ndische Firma Lukoil Europe Holding, Gesellschafter der rum\u00e4nischen Firma Petrotel Ploie\u015fti und mehrere Manager haben Staatsanw\u00e4lte in dieser Woche Anklage erhoben. Laut Anklageschrift kaufte  Lukoil durch Zwischenformen aus der EU  Roh\u00f6l aus Kasachstan ein &#8212; die Endprodukte wurden billiger als der Rohstoff an Firmen im gleichen Konzern verkauft. Dem Unternehmen aus  Ploie\u015fti sei ein enormer Schaden entstanden: Zwischen 2003-2014 lag der Unterschied zwischen den Rohstoffzahlungen von Petrotel Ploie\u015fti und den Einnahmen aus Fertigprodukten bei \u00fcber 4 Milliarden Euro.<\/p>\n<p>&#13;<br \/>\n&#13;<\/p>\n<p>&#13;<br \/>\n&#13;<\/p>\n<p style=margin-left: 280px;>&#8211; ooo &#8211;<br \/>&#13;\n <\/p>\n<p>&#13;<br \/>\n&#13;<\/p>\n<p>Der amerikanische Karrierediplomat Hans Klemm, ist neuer Botschafter der Vereinigten Staaten in Rum\u00e4nien. Die Best\u00e4tigung erfolgte am Donnerstag nach einer Abstimmung im US-Senat. Der 57j\u00e4hrige Klemm war fr\u00fcher US-Botschafter im Ost-Timor und Rechtsstaatsbeauftragter an der US-Botschaft in Afghanistan. Rum\u00e4nien sei ein strategischer Partner der USA, so der neue Botschafter. Im Gegensatz zu seinen Nachbarn sei Rum\u00e4nien nicht von russischer Energie abh\u00e4ngig, hatte Klemm bei seiner Anh\u00f6rung im Senat gesagt. Der letzte Botschafter der USA in Bukarest war Mark Gitenstein, der sein Mandat im Jahr 2012 beendet hatte. Die diplomatische Vertretung der USA in Rum\u00e4nien wurde seitdem von Gesch\u00e4ftstr\u00e4gern wahrgenommen.<\/p>\n<p>&#13;<br \/>\n&#13;<\/p>\n<p>&#13;<br \/>\n&#13;<\/p>\n<p style=margin-left: 280px;>&#8211; ooo &#8211;<br \/>&#13;\n <\/p>\n<p>&#13;<br \/>\n&#13;<\/p>\n<p>Rum\u00e4nien ist mit zwei Teams im Play-off der Europa League vertreten. Steaua Bukarest unterlag am Mittwoch 2-4 gegen Partizan Belgrad,  verspielte so das Weiterkommen in der Champions League, darf aber in der Europa League mit dabei sein. Der erste Gegner ist der FC Rosenborg aus Norwegen. Astra Giurgiu siegte  auf eigenem Platz 2-1 gegen die Engl\u00e4nder von West Ham United und ist eine Runde  weiter, wo die Mannschaft auf den AS Alkmaar aus Holland trifft. Der ASA Tg Mures konnte zwar 2-1 ausw\u00e4rts gegen den AS St-Etienne aus Frankreich siegen, musste aber ausscheiden, nachdem die Franzosen das Spiel in Tg Mures mit 3-0 gewonnen hatten.       <\/p>\n<p>&#13;<br \/>\n&#13;<\/p>\n<p>&#13;<\/p>\n","protected":false},"excerpt":{"rendered":"<p>Wegen der D\u00fcrre rechnen rum\u00e4nische Landwirte mit erheblichen Ausf\u00e4llen in diesem Jahr. Rund 25% der Ernten seien betroffen, in Geld ausgedr\u00fcckt bel\u00e4uft sich der Verlust auf rund zwei Milliarden Euro, klagen die Landwirtschaftsverb\u00e4nde. Staatliche Hilfen wurden bisher nur f\u00fcr kleine Landwirte zugesagt. Bei gr\u00f6\u200e\u00dferen Agrarbetrieben m\u00fcsse das Landwirtschaftsministerium ein OK von der Europ\u00e4ischen Kommission einholen, [&hellip;]<\/p>\n","protected":false},"author":113,"featured_media":124353,"comment_status":"closed","ping_status":"closed","sticky":false,"template":"","format":"standard","meta":{"_acf_changed":false,"footnotes":""},"categories":[116751],"tags":[99765,99773,180073,105281,99589,102425,99608,103038],"coauthors":[],"class_list":["post-627888","post","type-post","status-publish","format-standard","has-post-thumbnail","hentry","category-wochenspiegel","tag-duerre","tag-fussball","tag-lukoil-de","tag-prozess","tag-rumaenien","tag-steuergesetzbuch","tag-steuern","tag-us-botschafter"],"acf":[],"yoast_head":"<!-- This site is optimized with the Yoast SEO plugin v27.5 - https:\/\/yoast.com\/product\/yoast-seo-wordpress\/ -->\n<title>Die Woche 03.08.-07.08.2015 im \u00dcberblick - Radio Rum\u00e4nien International<\/title>\n<meta name=\"robots\" content=\"index, follow, max-snippet:-1, max-image-preview:large, max-video-preview:-1\" \/>\n<link rel=\"canonical\" href=\"https:\/\/www.rri.ro\/de\/aktuell\/wochenspiegel\/die-woche-03-08-07-08-2015-im-ueberblick-id627888.html\" \/>\n<meta property=\"og:locale\" content=\"de_DE\" \/>\n<meta property=\"og:type\" content=\"article\" \/>\n<meta property=\"og:title\" content=\"Die Woche 03.08.-07.08.2015 im \u00dcberblick - Radio Rum\u00e4nien International\" \/>\n<meta property=\"og:description\" content=\"Wegen der D\u00fcrre rechnen rum\u00e4nische Landwirte mit erheblichen Ausf\u00e4llen in diesem Jahr. Rund 25% der Ernten seien betroffen, in Geld ausgedr\u00fcckt bel\u00e4uft sich der Verlust auf rund zwei Milliarden Euro, klagen die Landwirtschaftsverb\u00e4nde. Staatliche Hilfen wurden bisher nur f\u00fcr kleine Landwirte zugesagt. Bei gr\u00f6\u200e\u00dferen Agrarbetrieben m\u00fcsse das Landwirtschaftsministerium ein OK von der Europ\u00e4ischen Kommission einholen, [&hellip;]\" \/>\n<meta property=\"og:url\" content=\"https:\/\/www.rri.ro\/de\/aktuell\/wochenspiegel\/die-woche-03-08-07-08-2015-im-ueberblick-id627888.html\" \/>\n<meta property=\"og:site_name\" content=\"Radio Rum\u00e4nien International\" \/>\n<meta property=\"article:published_time\" content=\"2015-08-08T14:26:00+00:00\" \/>\n<meta property=\"og:image\" content=\"https:\/\/www.rri.ro\/wp-content\/uploads\/2023\/10\/eveniment-top-640_med_med.png\" \/>\n\t<meta property=\"og:image:width\" content=\"640\" \/>\n\t<meta property=\"og:image:height\" content=\"480\" \/>\n\t<meta property=\"og:image:type\" content=\"image\/png\" \/>\n<meta name=\"author\" content=\"Newsroom\" \/>\n<meta name=\"twitter:card\" content=\"summary_large_image\" \/>\n<meta name=\"twitter:label1\" content=\"Verfasst von\" \/>\n\t<meta name=\"twitter:data1\" content=\"Newsroom\" \/>\n\t<meta name=\"twitter:label2\" content=\"Gesch\u00e4tzte Lesezeit\" \/>\n\t<meta name=\"twitter:data2\" content=\"4\u00a0Minuten\" \/>\n\t<meta name=\"twitter:label3\" content=\"Written by\" \/>\n\t<meta name=\"twitter:data3\" content=\"Newsroom\" \/>\n<script type=\"application\/ld+json\" class=\"yoast-schema-graph\">{\"@context\":\"https:\\\/\\\/schema.org\",\"@graph\":[{\"@type\":\"Article\",\"@id\":\"https:\\\/\\\/www.rri.ro\\\/de\\\/aktuell\\\/wochenspiegel\\\/die-woche-03-08-07-08-2015-im-ueberblick-id627888.html#article\",\"isPartOf\":{\"@id\":\"https:\\\/\\\/www.rri.ro\\\/de\\\/aktuell\\\/wochenspiegel\\\/die-woche-03-08-07-08-2015-im-ueberblick-id627888.html\"},\"author\":{\"name\":\"Newsroom\",\"@id\":\"https:\\\/\\\/www.rri.ro\\\/#\\\/schema\\\/person\\\/4a479940371b9fdefd194f561e8a7f88\"},\"headline\":\"Die Woche 03.08.-07.08.2015 im \u00dcberblick\",\"datePublished\":\"2015-08-08T14:26:00+00:00\",\"mainEntityOfPage\":{\"@id\":\"https:\\\/\\\/www.rri.ro\\\/de\\\/aktuell\\\/wochenspiegel\\\/die-woche-03-08-07-08-2015-im-ueberblick-id627888.html\"},\"wordCount\":741,\"image\":{\"@id\":\"https:\\\/\\\/www.rri.ro\\\/de\\\/aktuell\\\/wochenspiegel\\\/die-woche-03-08-07-08-2015-im-ueberblick-id627888.html#primaryimage\"},\"thumbnailUrl\":\"https:\\\/\\\/www.rri.ro\\\/wp-content\\\/uploads\\\/2023\\\/10\\\/eveniment-top-640_med_med.png\",\"keywords\":[\"D\u00fcrre\",\"Fu\u00dfball\",\"Lukoil\",\"Prozess\",\"Rum\u00e4nien\",\"Steuergesetzbuch\",\"Steuern\",\"US-Botschafter\"],\"articleSection\":[\"Wochenspiegel\"],\"inLanguage\":\"de\"},{\"@type\":\"WebPage\",\"@id\":\"https:\\\/\\\/www.rri.ro\\\/de\\\/aktuell\\\/wochenspiegel\\\/die-woche-03-08-07-08-2015-im-ueberblick-id627888.html\",\"url\":\"https:\\\/\\\/www.rri.ro\\\/de\\\/aktuell\\\/wochenspiegel\\\/die-woche-03-08-07-08-2015-im-ueberblick-id627888.html\",\"name\":\"Die Woche 03.08.-07.08.2015 im \u00dcberblick - Radio Rum\u00e4nien International\",\"isPartOf\":{\"@id\":\"https:\\\/\\\/www.rri.ro\\\/#website\"},\"primaryImageOfPage\":{\"@id\":\"https:\\\/\\\/www.rri.ro\\\/de\\\/aktuell\\\/wochenspiegel\\\/die-woche-03-08-07-08-2015-im-ueberblick-id627888.html#primaryimage\"},\"image\":{\"@id\":\"https:\\\/\\\/www.rri.ro\\\/de\\\/aktuell\\\/wochenspiegel\\\/die-woche-03-08-07-08-2015-im-ueberblick-id627888.html#primaryimage\"},\"thumbnailUrl\":\"https:\\\/\\\/www.rri.ro\\\/wp-content\\\/uploads\\\/2023\\\/10\\\/eveniment-top-640_med_med.png\",\"datePublished\":\"2015-08-08T14:26:00+00:00\",\"author\":{\"@id\":\"https:\\\/\\\/www.rri.ro\\\/#\\\/schema\\\/person\\\/4a479940371b9fdefd194f561e8a7f88\"},\"breadcrumb\":{\"@id\":\"https:\\\/\\\/www.rri.ro\\\/de\\\/aktuell\\\/wochenspiegel\\\/die-woche-03-08-07-08-2015-im-ueberblick-id627888.html#breadcrumb\"},\"inLanguage\":\"de\",\"potentialAction\":[{\"@type\":\"ReadAction\",\"target\":[\"https:\\\/\\\/www.rri.ro\\\/de\\\/aktuell\\\/wochenspiegel\\\/die-woche-03-08-07-08-2015-im-ueberblick-id627888.html\"]}]},{\"@type\":\"ImageObject\",\"inLanguage\":\"de\",\"@id\":\"https:\\\/\\\/www.rri.ro\\\/de\\\/aktuell\\\/wochenspiegel\\\/die-woche-03-08-07-08-2015-im-ueberblick-id627888.html#primaryimage\",\"url\":\"https:\\\/\\\/www.rri.ro\\\/wp-content\\\/uploads\\\/2023\\\/10\\\/eveniment-top-640_med_med.png\",\"contentUrl\":\"https:\\\/\\\/www.rri.ro\\\/wp-content\\\/uploads\\\/2023\\\/10\\\/eveniment-top-640_med_med.png\",\"width\":640,\"height\":480},{\"@type\":\"BreadcrumbList\",\"@id\":\"https:\\\/\\\/www.rri.ro\\\/de\\\/aktuell\\\/wochenspiegel\\\/die-woche-03-08-07-08-2015-im-ueberblick-id627888.html#breadcrumb\",\"itemListElement\":[{\"@type\":\"ListItem\",\"position\":1,\"name\":\"Startseite\",\"item\":\"https:\\\/\\\/www.rri.ro\\\/de\"},{\"@type\":\"ListItem\",\"position\":2,\"name\":\"Aktuell\",\"item\":\"https:\\\/\\\/www.rri.ro\\\/de\\\/aktuell\"},{\"@type\":\"ListItem\",\"position\":3,\"name\":\"Wochenspiegel\",\"item\":\"https:\\\/\\\/www.rri.ro\\\/de\\\/aktuell\\\/wochenspiegel\"},{\"@type\":\"ListItem\",\"position\":4,\"name\":\"Die Woche 03.08.-07.08.2015 im \u00dcberblick\"}]},{\"@type\":\"WebSite\",\"@id\":\"https:\\\/\\\/www.rri.ro\\\/#website\",\"url\":\"https:\\\/\\\/www.rri.ro\\\/\",\"name\":\"Radio Rum\u00e4nien International\",\"description\":\"Totul despre Rom\u00e2nia \u015fi rom\u00e2ni, \u00een 13 limbi\\\/dialecte!\",\"inLanguage\":\"de\"},{\"@type\":\"Person\",\"@id\":\"https:\\\/\\\/www.rri.ro\\\/#\\\/schema\\\/person\\\/4a479940371b9fdefd194f561e8a7f88\",\"name\":\"Newsroom\",\"url\":\"https:\\\/\\\/www.rri.ro\\\/de\\\/author\\\/newsroom\"}]}<\/script>\n<!-- \/ Yoast SEO plugin. -->","yoast_head_json":{"title":"Die Woche 03.08.-07.08.2015 im \u00dcberblick - Radio Rum\u00e4nien International","robots":{"index":"index","follow":"follow","max-snippet":"max-snippet:-1","max-image-preview":"max-image-preview:large","max-video-preview":"max-video-preview:-1"},"canonical":"https:\/\/www.rri.ro\/de\/aktuell\/wochenspiegel\/die-woche-03-08-07-08-2015-im-ueberblick-id627888.html","og_locale":"de_DE","og_type":"article","og_title":"Die Woche 03.08.-07.08.2015 im \u00dcberblick - Radio Rum\u00e4nien International","og_description":"Wegen der D\u00fcrre rechnen rum\u00e4nische Landwirte mit erheblichen Ausf\u00e4llen in diesem Jahr. Rund 25% der Ernten seien betroffen, in Geld ausgedr\u00fcckt bel\u00e4uft sich der Verlust auf rund zwei Milliarden Euro, klagen die Landwirtschaftsverb\u00e4nde. Staatliche Hilfen wurden bisher nur f\u00fcr kleine Landwirte zugesagt. Bei gr\u00f6\u200e\u00dferen Agrarbetrieben m\u00fcsse das Landwirtschaftsministerium ein OK von der Europ\u00e4ischen Kommission einholen, [&hellip;]","og_url":"https:\/\/www.rri.ro\/de\/aktuell\/wochenspiegel\/die-woche-03-08-07-08-2015-im-ueberblick-id627888.html","og_site_name":"Radio Rum\u00e4nien International","article_published_time":"2015-08-08T14:26:00+00:00","og_image":[{"width":640,"height":480,"url":"https:\/\/www.rri.ro\/wp-content\/uploads\/2023\/10\/eveniment-top-640_med_med.png","type":"image\/png"}],"author":"Newsroom","twitter_card":"summary_large_image","twitter_misc":{"Verfasst von":"Newsroom","Gesch\u00e4tzte Lesezeit":"4\u00a0Minuten","Written by":"Newsroom"},"schema":{"@context":"https:\/\/schema.org","@graph":[{"@type":"Article","@id":"https:\/\/www.rri.ro\/de\/aktuell\/wochenspiegel\/die-woche-03-08-07-08-2015-im-ueberblick-id627888.html#article","isPartOf":{"@id":"https:\/\/www.rri.ro\/de\/aktuell\/wochenspiegel\/die-woche-03-08-07-08-2015-im-ueberblick-id627888.html"},"author":{"name":"Newsroom","@id":"https:\/\/www.rri.ro\/#\/schema\/person\/4a479940371b9fdefd194f561e8a7f88"},"headline":"Die Woche 03.08.-07.08.2015 im \u00dcberblick","datePublished":"2015-08-08T14:26:00+00:00","mainEntityOfPage":{"@id":"https:\/\/www.rri.ro\/de\/aktuell\/wochenspiegel\/die-woche-03-08-07-08-2015-im-ueberblick-id627888.html"},"wordCount":741,"image":{"@id":"https:\/\/www.rri.ro\/de\/aktuell\/wochenspiegel\/die-woche-03-08-07-08-2015-im-ueberblick-id627888.html#primaryimage"},"thumbnailUrl":"https:\/\/www.rri.ro\/wp-content\/uploads\/2023\/10\/eveniment-top-640_med_med.png","keywords":["D\u00fcrre","Fu\u00dfball","Lukoil","Prozess","Rum\u00e4nien","Steuergesetzbuch","Steuern","US-Botschafter"],"articleSection":["Wochenspiegel"],"inLanguage":"de"},{"@type":"WebPage","@id":"https:\/\/www.rri.ro\/de\/aktuell\/wochenspiegel\/die-woche-03-08-07-08-2015-im-ueberblick-id627888.html","url":"https:\/\/www.rri.ro\/de\/aktuell\/wochenspiegel\/die-woche-03-08-07-08-2015-im-ueberblick-id627888.html","name":"Die Woche 03.08.-07.08.2015 im \u00dcberblick - Radio Rum\u00e4nien International","isPartOf":{"@id":"https:\/\/www.rri.ro\/#website"},"primaryImageOfPage":{"@id":"https:\/\/www.rri.ro\/de\/aktuell\/wochenspiegel\/die-woche-03-08-07-08-2015-im-ueberblick-id627888.html#primaryimage"},"image":{"@id":"https:\/\/www.rri.ro\/de\/aktuell\/wochenspiegel\/die-woche-03-08-07-08-2015-im-ueberblick-id627888.html#primaryimage"},"thumbnailUrl":"https:\/\/www.rri.ro\/wp-content\/uploads\/2023\/10\/eveniment-top-640_med_med.png","datePublished":"2015-08-08T14:26:00+00:00","author":{"@id":"https:\/\/www.rri.ro\/#\/schema\/person\/4a479940371b9fdefd194f561e8a7f88"},"breadcrumb":{"@id":"https:\/\/www.rri.ro\/de\/aktuell\/wochenspiegel\/die-woche-03-08-07-08-2015-im-ueberblick-id627888.html#breadcrumb"},"inLanguage":"de","potentialAction":[{"@type":"ReadAction","target":["https:\/\/www.rri.ro\/de\/aktuell\/wochenspiegel\/die-woche-03-08-07-08-2015-im-ueberblick-id627888.html"]}]},{"@type":"ImageObject","inLanguage":"de","@id":"https:\/\/www.rri.ro\/de\/aktuell\/wochenspiegel\/die-woche-03-08-07-08-2015-im-ueberblick-id627888.html#primaryimage","url":"https:\/\/www.rri.ro\/wp-content\/uploads\/2023\/10\/eveniment-top-640_med_med.png","contentUrl":"https:\/\/www.rri.ro\/wp-content\/uploads\/2023\/10\/eveniment-top-640_med_med.png","width":640,"height":480},{"@type":"BreadcrumbList","@id":"https:\/\/www.rri.ro\/de\/aktuell\/wochenspiegel\/die-woche-03-08-07-08-2015-im-ueberblick-id627888.html#breadcrumb","itemListElement":[{"@type":"ListItem","position":1,"name":"Startseite","item":"https:\/\/www.rri.ro\/de"},{"@type":"ListItem","position":2,"name":"Aktuell","item":"https:\/\/www.rri.ro\/de\/aktuell"},{"@type":"ListItem","position":3,"name":"Wochenspiegel","item":"https:\/\/www.rri.ro\/de\/aktuell\/wochenspiegel"},{"@type":"ListItem","position":4,"name":"Die Woche 03.08.-07.08.2015 im \u00dcberblick"}]},{"@type":"WebSite","@id":"https:\/\/www.rri.ro\/#website","url":"https:\/\/www.rri.ro\/","name":"Radio Rum\u00e4nien International","description":"Totul despre Rom\u00e2nia \u015fi rom\u00e2ni, \u00een 13 limbi\/dialecte!","inLanguage":"de"},{"@type":"Person","@id":"https:\/\/www.rri.ro\/#\/schema\/person\/4a479940371b9fdefd194f561e8a7f88","name":"Newsroom","url":"https:\/\/www.rri.ro\/de\/author\/newsroom"}]}},"_links":{"self":[{"href":"https:\/\/www.rri.ro\/de\/wp-json\/wp\/v2\/posts\/627888","targetHints":{"allow":["GET"]}}],"collection":[{"href":"https:\/\/www.rri.ro\/de\/wp-json\/wp\/v2\/posts"}],"about":[{"href":"https:\/\/www.rri.ro\/de\/wp-json\/wp\/v2\/types\/post"}],"author":[{"embeddable":true,"href":"https:\/\/www.rri.ro\/de\/wp-json\/wp\/v2\/users\/113"}],"replies":[{"embeddable":true,"href":"https:\/\/www.rri.ro\/de\/wp-json\/wp\/v2\/comments?post=627888"}],"version-history":[{"count":0,"href":"https:\/\/www.rri.ro\/de\/wp-json\/wp\/v2\/posts\/627888\/revisions"}],"wp:featuredmedia":[{"embeddable":true,"href":"https:\/\/www.rri.ro\/de\/wp-json\/wp\/v2\/media\/124353"}],"wp:attachment":[{"href":"https:\/\/www.rri.ro\/de\/wp-json\/wp\/v2\/media?parent=627888"}],"wp:term":[{"taxonomy":"category","embeddable":true,"href":"https:\/\/www.rri.ro\/de\/wp-json\/wp\/v2\/categories?post=627888"},{"taxonomy":"post_tag","embeddable":true,"href":"https:\/\/www.rri.ro\/de\/wp-json\/wp\/v2\/tags?post=627888"},{"taxonomy":"author","embeddable":true,"href":"https:\/\/www.rri.ro\/de\/wp-json\/wp\/v2\/coauthors?post=627888"}],"curies":[{"name":"wp","href":"https:\/\/api.w.org\/{rel}","templated":true}]}}