{"id":628007,"date":"2018-07-21T15:00:00","date_gmt":"2018-07-21T12:00:00","guid":{"rendered":"http:\/\/devrri.freshlemon.ro\/aktuell\/die-woche-16-07-20-07-2018-im-ueberblick-id628007.html"},"modified":"2018-07-21T15:00:00","modified_gmt":"2018-07-21T12:00:00","slug":"die-woche-16-07-20-07-2018-im-ueberblick","status":"publish","type":"post","link":"https:\/\/www.rri.ro\/de\/aktuell\/wochenspiegel\/die-woche-16-07-20-07-2018-im-ueberblick-id628007.html","title":{"rendered":"Die Woche 16.07.-20.07.2018 im \u00dcberblick"},"content":{"rendered":"<p><strong>Das neue Gesetz zum Aufbau der Gerichtsbarkeit ist in Kraft getreten<\/strong><\/p>\n<p>&#13;<br \/>\n&#13;<\/p>\n<p>&#13;<br \/>\n&#13;<\/p>\n<p>Pr\u00e4sident Klaus Iohannis musste am Donnerstag klein beigeben &#8211; er setzte das neue Gesetz zum Aufbau der Gerichtsbarkeit in Kraft, nachdem er s\u00e4mtliche Behelfe ersch\u00f6pft hatte. Das Paket der von der parlamentarischen Mehrheit angestrebten Justizverwaltungsreform besteht aus drei Gesetzen &#8211; das eine regelt den Stand von Richtern und Staatsanw\u00e4lten, ein anderes die Arbeit des Richterrates, ein drittes wiederum den Aufbau der Gerichtsbarkeit in Rum\u00e4nien. Alle drei sind umstritten und verursachten Proteste und Kritik von Berufsvereinigungen der Juristen, der Opposition, europ\u00e4ischen Institutionen und vom Pr\u00e4sidenten selbst. Pr\u00e4sident Klaus Iohannis sprach \u00fcber den Transparenzmangel der Regierungskoalition PSD-ALDE bei der Erarbeitung und Annahme der Gesetze. In einer Fernsehansprache, in der er die intransparente Vorgehensweise der Mehrheit erneut kritisierte. sagte der Pr\u00e4sident:<\/p>\n<p>&#13;<br \/>\n&#13;<\/p>\n<p>&#13;<br \/>\n&#13;<\/p>\n<p><em>&#8222;Im Moment habe ich leider s\u00e4mtliche konstitutionelle Beschwerdem\u00f6glichkeiten ersch\u00f6pft und muss also kraft Verfassung das Gesetz \u00fcber den Aufbau der Gerichtsbarkeit in Kraft setzen. Das hei\u200e\u00dft aber nicht, dass der Rechtsetzungsprozess am Ende ist<\/em>. <em>Davon kann nicht die Rede sein! In Bezug auf das ge\u00e4nderte Gesetz \u00fcber den Status der Richter und Staatsanw\u00e4lte, das neulich im Parlament besprochen wurde, werde ich gleichzeitig mit meiner Verfassungsklage das Verfassungsgericht auffordern, den Standpunkt der Venedig-Kommission zu ber\u00fccksichtigen.&#8220; <\/em><\/p>\n<p>&#13;<br \/>\n&#13;<\/p>\n<p>&#13;<br \/>\n&#13;<\/p>\n<p>Iohannis forderte das Parlament auf, im Herbst die Justizverwaltungsgesetze wieder auf die Tagesordnung zu setzen und sie unter Ber\u00fccksichtigung der Empfehlungen der Venedig-Kommission zu berichtigen. Darauf reagierten die Vertreter der Regierungskoalition mit der Behauptung, dass die \u00c4nderungen an den Justizverwaltungsgesetzen erfolgten, um Entscheidungen des Verfassungsgerichts Rechnung zu tragen. Ihnen zufolge w\u00fcrde es keinen Sinn machen, die Gesetze wieder im Parlament zu diskutieren. Die Opposition will dem Antrag des Pr\u00e4sidenten stattgeben und die Empfehlungen der Venedig-Kommision ber\u00fccksichtigen &#8211; das Beratungsgremium des Europarats in Rechtsfragen war in einem vorl\u00e4ufigen Gutachten zum Schluss gekommen, dass die Novellen die Unabh\u00e4ngigkeit des Justizwesens zu unterminieren riskieren und somit die Bek\u00e4mpfung der Korruption erschweren.<\/p>\n<p>&#13;<br \/>\n&#13;<\/p>\n<p>&#13;<br \/>\n&#13;<\/p>\n<p><strong>Der Souver\u00e4ne Fonds f\u00fcr Entwicklung und Investitionen ist verfassungswidrig<\/strong><\/p>\n<p>&#13;<br \/>\n&#13;<\/p>\n<p>&#13;<br \/>\n&#13;<\/p>\n<p>Der Souver\u00e4ne Fonds f\u00fcr Entwicklung und Investitionen soll durch Regierungsbeschluss gegr\u00fcndet werden, hat Finanzminister Eugen Teodorovici erkl\u00e4rt. Wie das Verfassungsgericht vorher mitgeteilt hatte, sei die Gr\u00fcndung des besagten Fonds  per Gesetz nicht m\u00f6glich. Am Mittwoch hatte das Gericht drei Verfassungsklagen des Pr\u00e4sidialamtes bzw der Opposition stattgegeben, laut denen die Gr\u00fcndung des besagten Fonds zu den Befugnissen der Regierung und nicht des Parlaments geh\u00f6re, ansonsten sei dies ein Versto\u200e\u00df gegen die Gewaltenteilung. Laut dem besagten Gesetz, sollten 33 Unternehmen an denen der Staat als Hauptaktion\u00e4r gilt, zum Souver\u00e4nen Fonds f\u00fcr Entwicklung und Investitionen geh\u00f6ren, dessen soziales Kapital sich auf 9 Milliarden Lei (rund 2 Milliarden Euro) beziffern soll. Laut der Regierungspartei PSD sei der Souver\u00e4ne Fonds f\u00fcr Entwicklung und Investitionen ein Mittel zur Entwicklung der Infrastruktur im Bereich Landwirtschaft, zur Industrialisierung Rum\u00e4niens und zur Schaffung neuer Arbeitspl\u00e4tze. Die Opposition bezeichnete ihn hingegen als einen weiteren Weg zur Korruption.<\/p>\n<p>&#13;<br \/>\n&#13;<\/p>\n<p>&#13;<br \/>\n&#13;<\/p>\n<p><strong>Rum\u00e4nien braucht EU-Unterst\u00fctzung f\u00fcr die Bek\u00e4mpfung der Afrikanischen Schweinepest<\/strong><\/p>\n<p>&#13;<br \/>\n&#13;<\/p>\n<p>&#13;<br \/>\n&#13;<\/p>\n<p>Rum\u00e4nien hat von der Europ\u00e4ischen Union Geld f\u00fcr die Unterst\u00fctzung von landwirtschaftlichen Betrieben gefordert, die  von der Afrikanischen Schweinepest betroffen wurden. Den Antrag stellte am Dienstag  Landwirtschaftsminister Petre Daea bei seinem Treffen mit den EU- Amtskollegen in Br\u00fcssel. Das Geld w\u00fcrde direkte Verluste der Landwirte decken, die kranke Tiere t\u00f6ten mussten, aber auch Ausf\u00e4lle durch die Einstellung der Produktion von Schweinefleisch und Verluste durch den Preisverfall von Schweinefleisch in den betroffenen Gebieten. Die Beihilfe deckt zudem Kosten f\u00fcr Desinfektion, Vernichtung von Futtermitteln und Entsorgung der Tierkadaver, so das Ministerium f\u00fcr Landwirtschaft in Bukarest. Rum\u00e4nien ergreift weiterhin Ma\u200e\u00dfnahmen, um Ausbr\u00fcche zu begrenzen. Derzeit befinden sich die meisten Seuchenherde in der N\u00e4he der Grenze zur Ukraine. Betroffen sind vor allem die Bezirke im nordwestlichen Teil des Landes wie Satu Mare, dazu der S\u00fcdosten in Tulcea. F\u00e4lle von Afrikanischer Schweinepest  meldeten auch die Kreise Constanta und Braila, Prahova und Bihor. Betroffen wurden mehr als 300 Unternehmen. Die Verluste sind signifikant. In einer Schweinefarm mit 50.000 Tieren wurde fast die H\u00e4lfte geschlachtet. Diese verbindliche Vorgehensweise gef\u00e4hrdet den normalen Betrieb so stark, dass etwas eine H\u00e4lfte der Besch\u00e4ftigten bereits entlassen wurde.<\/p>\n<p>&#13;<\/p>\n","protected":false},"excerpt":{"rendered":"<p>Die wichtigsten Meldungen der Woche im \u00dcberblick<\/p>\n","protected":false},"author":113,"featured_media":124454,"comment_status":"closed","ping_status":"closed","sticky":false,"template":"","format":"standard","meta":{"_acf_changed":false,"footnotes":""},"categories":[116751],"tags":[86218,102329,100063,29125,99625,99702,99764,117327,99586,104012,117328,104397,100151,99714],"coauthors":[],"class_list":["post-628007","post","type-post","status-publish","format-standard","has-post-thumbnail","hentry","category-wochenspiegel","tag-fonds","tag-gerichtsbarkeit","tag-gesetz","tag-iohannis","tag-justiz","tag-korruption","tag-landwirtschaft","tag-oppositiion","tag-regierung","tag-richterrat","tag-schweinefleisch","tag-schweinepest","tag-venedig-kommission","tag-verfassungsgericht"],"acf":[],"yoast_head":"<!-- This site is optimized with the Yoast SEO plugin v27.3 - https:\/\/yoast.com\/product\/yoast-seo-wordpress\/ -->\n<title>Die Woche 16.07.-20.07.2018 im \u00dcberblick - Radio Rum\u00e4nien International<\/title>\n<meta name=\"robots\" content=\"index, follow, max-snippet:-1, max-image-preview:large, max-video-preview:-1\" \/>\n<link rel=\"canonical\" href=\"https:\/\/www.rri.ro\/de\/aktuell\/wochenspiegel\/die-woche-16-07-20-07-2018-im-ueberblick-id628007.html\" \/>\n<meta property=\"og:locale\" content=\"de_DE\" \/>\n<meta property=\"og:type\" content=\"article\" \/>\n<meta property=\"og:title\" content=\"Die Woche 16.07.-20.07.2018 im \u00dcberblick - Radio Rum\u00e4nien International\" \/>\n<meta property=\"og:description\" content=\"Die wichtigsten Meldungen der Woche im \u00dcberblick\" \/>\n<meta property=\"og:url\" content=\"https:\/\/www.rri.ro\/de\/aktuell\/wochenspiegel\/die-woche-16-07-20-07-2018-im-ueberblick-id628007.html\" \/>\n<meta property=\"og:site_name\" content=\"Radio Rum\u00e4nien International\" \/>\n<meta property=\"article:published_time\" content=\"2018-07-21T12:00:00+00:00\" \/>\n<meta property=\"og:image\" content=\"https:\/\/www.rri.ro\/wp-content\/uploads\/2023\/10\/eveniment-top-2017-01.jpg\" \/>\n\t<meta property=\"og:image:width\" content=\"640\" \/>\n\t<meta property=\"og:image:height\" content=\"480\" \/>\n\t<meta property=\"og:image:type\" content=\"image\/jpeg\" \/>\n<meta name=\"author\" content=\"Newsroom\" \/>\n<meta name=\"twitter:card\" content=\"summary_large_image\" \/>\n<meta name=\"twitter:label1\" content=\"Verfasst von\" \/>\n\t<meta name=\"twitter:data1\" content=\"Newsroom\" \/>\n\t<meta name=\"twitter:label2\" content=\"Gesch\u00e4tzte Lesezeit\" \/>\n\t<meta name=\"twitter:data2\" content=\"4\u00a0Minuten\" \/>\n\t<meta name=\"twitter:label3\" content=\"Written by\" \/>\n\t<meta name=\"twitter:data3\" content=\"Newsroom\" \/>\n<script type=\"application\/ld+json\" class=\"yoast-schema-graph\">{\"@context\":\"https:\\\/\\\/schema.org\",\"@graph\":[{\"@type\":\"Article\",\"@id\":\"https:\\\/\\\/www.rri.ro\\\/de\\\/aktuell\\\/wochenspiegel\\\/die-woche-16-07-20-07-2018-im-ueberblick-id628007.html#article\",\"isPartOf\":{\"@id\":\"https:\\\/\\\/www.rri.ro\\\/de\\\/aktuell\\\/wochenspiegel\\\/die-woche-16-07-20-07-2018-im-ueberblick-id628007.html\"},\"author\":{\"name\":\"Newsroom\",\"@id\":\"https:\\\/\\\/www.rri.ro\\\/#\\\/schema\\\/person\\\/4a479940371b9fdefd194f561e8a7f88\"},\"headline\":\"Die Woche 16.07.-20.07.2018 im \u00dcberblick\",\"datePublished\":\"2018-07-21T12:00:00+00:00\",\"mainEntityOfPage\":{\"@id\":\"https:\\\/\\\/www.rri.ro\\\/de\\\/aktuell\\\/wochenspiegel\\\/die-woche-16-07-20-07-2018-im-ueberblick-id628007.html\"},\"wordCount\":728,\"image\":{\"@id\":\"https:\\\/\\\/www.rri.ro\\\/de\\\/aktuell\\\/wochenspiegel\\\/die-woche-16-07-20-07-2018-im-ueberblick-id628007.html#primaryimage\"},\"thumbnailUrl\":\"https:\\\/\\\/www.rri.ro\\\/wp-content\\\/uploads\\\/2023\\\/10\\\/eveniment-top-2017-01.jpg\",\"keywords\":[\"fonds\",\"Gerichtsbarkeit\",\"Gesetz\",\"Iohannis\",\"Justiz\",\"Korruption\",\"Landwirtschaft\",\"Oppositiion\",\"Regierung\",\"Richterrat\",\"Schweinefleisch\",\"Schweinepest\",\"Venedig Kommission\",\"Verfassungsgericht\"],\"articleSection\":[\"Wochenspiegel\"],\"inLanguage\":\"de\"},{\"@type\":\"WebPage\",\"@id\":\"https:\\\/\\\/www.rri.ro\\\/de\\\/aktuell\\\/wochenspiegel\\\/die-woche-16-07-20-07-2018-im-ueberblick-id628007.html\",\"url\":\"https:\\\/\\\/www.rri.ro\\\/de\\\/aktuell\\\/wochenspiegel\\\/die-woche-16-07-20-07-2018-im-ueberblick-id628007.html\",\"name\":\"Die Woche 16.07.-20.07.2018 im \u00dcberblick - Radio Rum\u00e4nien International\",\"isPartOf\":{\"@id\":\"https:\\\/\\\/www.rri.ro\\\/#website\"},\"primaryImageOfPage\":{\"@id\":\"https:\\\/\\\/www.rri.ro\\\/de\\\/aktuell\\\/wochenspiegel\\\/die-woche-16-07-20-07-2018-im-ueberblick-id628007.html#primaryimage\"},\"image\":{\"@id\":\"https:\\\/\\\/www.rri.ro\\\/de\\\/aktuell\\\/wochenspiegel\\\/die-woche-16-07-20-07-2018-im-ueberblick-id628007.html#primaryimage\"},\"thumbnailUrl\":\"https:\\\/\\\/www.rri.ro\\\/wp-content\\\/uploads\\\/2023\\\/10\\\/eveniment-top-2017-01.jpg\",\"datePublished\":\"2018-07-21T12:00:00+00:00\",\"author\":{\"@id\":\"https:\\\/\\\/www.rri.ro\\\/#\\\/schema\\\/person\\\/4a479940371b9fdefd194f561e8a7f88\"},\"breadcrumb\":{\"@id\":\"https:\\\/\\\/www.rri.ro\\\/de\\\/aktuell\\\/wochenspiegel\\\/die-woche-16-07-20-07-2018-im-ueberblick-id628007.html#breadcrumb\"},\"inLanguage\":\"de\",\"potentialAction\":[{\"@type\":\"ReadAction\",\"target\":[\"https:\\\/\\\/www.rri.ro\\\/de\\\/aktuell\\\/wochenspiegel\\\/die-woche-16-07-20-07-2018-im-ueberblick-id628007.html\"]}]},{\"@type\":\"ImageObject\",\"inLanguage\":\"de\",\"@id\":\"https:\\\/\\\/www.rri.ro\\\/de\\\/aktuell\\\/wochenspiegel\\\/die-woche-16-07-20-07-2018-im-ueberblick-id628007.html#primaryimage\",\"url\":\"https:\\\/\\\/www.rri.ro\\\/wp-content\\\/uploads\\\/2023\\\/10\\\/eveniment-top-2017-01.jpg\",\"contentUrl\":\"https:\\\/\\\/www.rri.ro\\\/wp-content\\\/uploads\\\/2023\\\/10\\\/eveniment-top-2017-01.jpg\",\"width\":640,\"height\":480},{\"@type\":\"BreadcrumbList\",\"@id\":\"https:\\\/\\\/www.rri.ro\\\/de\\\/aktuell\\\/wochenspiegel\\\/die-woche-16-07-20-07-2018-im-ueberblick-id628007.html#breadcrumb\",\"itemListElement\":[{\"@type\":\"ListItem\",\"position\":1,\"name\":\"Startseite\",\"item\":\"https:\\\/\\\/www.rri.ro\\\/de\"},{\"@type\":\"ListItem\",\"position\":2,\"name\":\"Aktuell\",\"item\":\"https:\\\/\\\/www.rri.ro\\\/de\\\/aktuell\"},{\"@type\":\"ListItem\",\"position\":3,\"name\":\"Wochenspiegel\",\"item\":\"https:\\\/\\\/www.rri.ro\\\/de\\\/aktuell\\\/wochenspiegel\"},{\"@type\":\"ListItem\",\"position\":4,\"name\":\"Die Woche 16.07.-20.07.2018 im \u00dcberblick\"}]},{\"@type\":\"WebSite\",\"@id\":\"https:\\\/\\\/www.rri.ro\\\/#website\",\"url\":\"https:\\\/\\\/www.rri.ro\\\/\",\"name\":\"Radio Rum\u00e4nien International\",\"description\":\"Totul despre Rom\u00e2nia \u015fi rom\u00e2ni, \u00een 13 limbi\\\/dialecte!\",\"inLanguage\":\"de\"},{\"@type\":\"Person\",\"@id\":\"https:\\\/\\\/www.rri.ro\\\/#\\\/schema\\\/person\\\/4a479940371b9fdefd194f561e8a7f88\",\"name\":\"Newsroom\",\"url\":\"https:\\\/\\\/www.rri.ro\\\/de\\\/author\\\/newsroom\"}]}<\/script>\n<!-- \/ Yoast SEO plugin. -->","yoast_head_json":{"title":"Die Woche 16.07.-20.07.2018 im \u00dcberblick - Radio Rum\u00e4nien International","robots":{"index":"index","follow":"follow","max-snippet":"max-snippet:-1","max-image-preview":"max-image-preview:large","max-video-preview":"max-video-preview:-1"},"canonical":"https:\/\/www.rri.ro\/de\/aktuell\/wochenspiegel\/die-woche-16-07-20-07-2018-im-ueberblick-id628007.html","og_locale":"de_DE","og_type":"article","og_title":"Die Woche 16.07.-20.07.2018 im \u00dcberblick - Radio Rum\u00e4nien International","og_description":"Die wichtigsten Meldungen der Woche im \u00dcberblick","og_url":"https:\/\/www.rri.ro\/de\/aktuell\/wochenspiegel\/die-woche-16-07-20-07-2018-im-ueberblick-id628007.html","og_site_name":"Radio Rum\u00e4nien International","article_published_time":"2018-07-21T12:00:00+00:00","og_image":[{"width":640,"height":480,"url":"https:\/\/www.rri.ro\/wp-content\/uploads\/2023\/10\/eveniment-top-2017-01.jpg","type":"image\/jpeg"}],"author":"Newsroom","twitter_card":"summary_large_image","twitter_misc":{"Verfasst von":"Newsroom","Gesch\u00e4tzte Lesezeit":"4\u00a0Minuten","Written by":"Newsroom"},"schema":{"@context":"https:\/\/schema.org","@graph":[{"@type":"Article","@id":"https:\/\/www.rri.ro\/de\/aktuell\/wochenspiegel\/die-woche-16-07-20-07-2018-im-ueberblick-id628007.html#article","isPartOf":{"@id":"https:\/\/www.rri.ro\/de\/aktuell\/wochenspiegel\/die-woche-16-07-20-07-2018-im-ueberblick-id628007.html"},"author":{"name":"Newsroom","@id":"https:\/\/www.rri.ro\/#\/schema\/person\/4a479940371b9fdefd194f561e8a7f88"},"headline":"Die Woche 16.07.-20.07.2018 im \u00dcberblick","datePublished":"2018-07-21T12:00:00+00:00","mainEntityOfPage":{"@id":"https:\/\/www.rri.ro\/de\/aktuell\/wochenspiegel\/die-woche-16-07-20-07-2018-im-ueberblick-id628007.html"},"wordCount":728,"image":{"@id":"https:\/\/www.rri.ro\/de\/aktuell\/wochenspiegel\/die-woche-16-07-20-07-2018-im-ueberblick-id628007.html#primaryimage"},"thumbnailUrl":"https:\/\/www.rri.ro\/wp-content\/uploads\/2023\/10\/eveniment-top-2017-01.jpg","keywords":["fonds","Gerichtsbarkeit","Gesetz","Iohannis","Justiz","Korruption","Landwirtschaft","Oppositiion","Regierung","Richterrat","Schweinefleisch","Schweinepest","Venedig Kommission","Verfassungsgericht"],"articleSection":["Wochenspiegel"],"inLanguage":"de"},{"@type":"WebPage","@id":"https:\/\/www.rri.ro\/de\/aktuell\/wochenspiegel\/die-woche-16-07-20-07-2018-im-ueberblick-id628007.html","url":"https:\/\/www.rri.ro\/de\/aktuell\/wochenspiegel\/die-woche-16-07-20-07-2018-im-ueberblick-id628007.html","name":"Die Woche 16.07.-20.07.2018 im \u00dcberblick - Radio Rum\u00e4nien International","isPartOf":{"@id":"https:\/\/www.rri.ro\/#website"},"primaryImageOfPage":{"@id":"https:\/\/www.rri.ro\/de\/aktuell\/wochenspiegel\/die-woche-16-07-20-07-2018-im-ueberblick-id628007.html#primaryimage"},"image":{"@id":"https:\/\/www.rri.ro\/de\/aktuell\/wochenspiegel\/die-woche-16-07-20-07-2018-im-ueberblick-id628007.html#primaryimage"},"thumbnailUrl":"https:\/\/www.rri.ro\/wp-content\/uploads\/2023\/10\/eveniment-top-2017-01.jpg","datePublished":"2018-07-21T12:00:00+00:00","author":{"@id":"https:\/\/www.rri.ro\/#\/schema\/person\/4a479940371b9fdefd194f561e8a7f88"},"breadcrumb":{"@id":"https:\/\/www.rri.ro\/de\/aktuell\/wochenspiegel\/die-woche-16-07-20-07-2018-im-ueberblick-id628007.html#breadcrumb"},"inLanguage":"de","potentialAction":[{"@type":"ReadAction","target":["https:\/\/www.rri.ro\/de\/aktuell\/wochenspiegel\/die-woche-16-07-20-07-2018-im-ueberblick-id628007.html"]}]},{"@type":"ImageObject","inLanguage":"de","@id":"https:\/\/www.rri.ro\/de\/aktuell\/wochenspiegel\/die-woche-16-07-20-07-2018-im-ueberblick-id628007.html#primaryimage","url":"https:\/\/www.rri.ro\/wp-content\/uploads\/2023\/10\/eveniment-top-2017-01.jpg","contentUrl":"https:\/\/www.rri.ro\/wp-content\/uploads\/2023\/10\/eveniment-top-2017-01.jpg","width":640,"height":480},{"@type":"BreadcrumbList","@id":"https:\/\/www.rri.ro\/de\/aktuell\/wochenspiegel\/die-woche-16-07-20-07-2018-im-ueberblick-id628007.html#breadcrumb","itemListElement":[{"@type":"ListItem","position":1,"name":"Startseite","item":"https:\/\/www.rri.ro\/de"},{"@type":"ListItem","position":2,"name":"Aktuell","item":"https:\/\/www.rri.ro\/de\/aktuell"},{"@type":"ListItem","position":3,"name":"Wochenspiegel","item":"https:\/\/www.rri.ro\/de\/aktuell\/wochenspiegel"},{"@type":"ListItem","position":4,"name":"Die Woche 16.07.-20.07.2018 im \u00dcberblick"}]},{"@type":"WebSite","@id":"https:\/\/www.rri.ro\/#website","url":"https:\/\/www.rri.ro\/","name":"Radio Rum\u00e4nien International","description":"Totul despre Rom\u00e2nia \u015fi rom\u00e2ni, \u00een 13 limbi\/dialecte!","inLanguage":"de"},{"@type":"Person","@id":"https:\/\/www.rri.ro\/#\/schema\/person\/4a479940371b9fdefd194f561e8a7f88","name":"Newsroom","url":"https:\/\/www.rri.ro\/de\/author\/newsroom"}]}},"_links":{"self":[{"href":"https:\/\/www.rri.ro\/de\/wp-json\/wp\/v2\/posts\/628007","targetHints":{"allow":["GET"]}}],"collection":[{"href":"https:\/\/www.rri.ro\/de\/wp-json\/wp\/v2\/posts"}],"about":[{"href":"https:\/\/www.rri.ro\/de\/wp-json\/wp\/v2\/types\/post"}],"author":[{"embeddable":true,"href":"https:\/\/www.rri.ro\/de\/wp-json\/wp\/v2\/users\/113"}],"replies":[{"embeddable":true,"href":"https:\/\/www.rri.ro\/de\/wp-json\/wp\/v2\/comments?post=628007"}],"version-history":[{"count":0,"href":"https:\/\/www.rri.ro\/de\/wp-json\/wp\/v2\/posts\/628007\/revisions"}],"wp:featuredmedia":[{"embeddable":true,"href":"https:\/\/www.rri.ro\/de\/wp-json\/wp\/v2\/media\/124454"}],"wp:attachment":[{"href":"https:\/\/www.rri.ro\/de\/wp-json\/wp\/v2\/media?parent=628007"}],"wp:term":[{"taxonomy":"category","embeddable":true,"href":"https:\/\/www.rri.ro\/de\/wp-json\/wp\/v2\/categories?post=628007"},{"taxonomy":"post_tag","embeddable":true,"href":"https:\/\/www.rri.ro\/de\/wp-json\/wp\/v2\/tags?post=628007"},{"taxonomy":"author","embeddable":true,"href":"https:\/\/www.rri.ro\/de\/wp-json\/wp\/v2\/coauthors?post=628007"}],"curies":[{"name":"wp","href":"https:\/\/api.w.org\/{rel}","templated":true}]}}