{"id":628048,"date":"2019-05-25T17:06:00","date_gmt":"2019-05-25T14:06:00","guid":{"rendered":"http:\/\/devrri.freshlemon.ro\/aktuell\/die-woche-20-05-24-05-2019-im-ueberblick-id628048.html"},"modified":"2019-05-25T17:06:00","modified_gmt":"2019-05-25T14:06:00","slug":"die-woche-20-05-24-05-2019-im-ueberblick","status":"publish","type":"post","link":"https:\/\/www.rri.ro\/de\/aktuell\/wochenspiegel\/die-woche-20-05-24-05-2019-im-ueberblick-id628048.html","title":{"rendered":"Die Woche 20.05.- 24.05.2019 im \u00dcberblick"},"content":{"rendered":"<\/p>\n<p>&#13;<br \/>\n&#13;<\/p>\n<p><strong>Europawahlen und Referendum in Rum\u00e4nien<\/strong><\/p>\n<p>&#13;<br \/>\n&#13;<\/p>\n<p>&#13;<br \/>\n&#13;<\/p>\n<p>Von&#13;<br \/>\nstimmberechtigten Rum\u00e4nen wird erwartet, dass sie am Sonntag an den Wahlen&#13;<br \/>\nteilnehmen, um ihre Vertreter im Europ\u00e4ischen Parlament zu nominieren und in&#13;<br \/>\neinem Referendum \u00fcber Justizfragen abzustimmen. Mehr zu diesem Thema im&#13;<br \/>\nfolgenden Kommentar von Corina Cristea; am Mikro ist DC.<\/p>\n<p>&#13;<br \/>\n&#13;<\/p>\n<p>Es&#13;<br \/>\nwird erwartet, dass am Sonntag fast 19 Millionen rum\u00e4nische W\u00e4hler an die Urnen&#13;<br \/>\ngehen, um 33 Vertreter Rum\u00e4niens f\u00fcr das Europ\u00e4ische Parlament zu nominieren,&#13;<br \/>\naber auch in einem von Pr\u00e4sident Klaus Iohannis einberufenen nationalen&#13;<br \/>\nReferendum \u00fcber Justizfragen abzustimmen. Die W\u00e4hler erhalten drei Stimmzettel&#13;<br \/>\n&#8211; einen f\u00fcr die Wahl zum Europ\u00e4ischen Parlament und zwei einen f\u00fcr die&#13;<br \/>\nReferendumsfragen.<\/p>\n<p>&#13;<br \/>\n&#13;<\/p>\n<p>Die&#13;<br \/>\nRum\u00e4nen im Alter \u00fcber 18 Jahren werden aufgefordert, bei folgenden Fragen&#13;<br \/>\nJa oder Nein zu sagen: 1. Sind Sie mit dem Verbot von&#13;<br \/>\nAmnestie und Begnadigung bei Korruptionsdelikten einverstanden? 2. Sind Sie&#13;<br \/>\ndamit einverstanden, die Verabschiedung von Eilverordnungen durch die Regierung&#13;<br \/>\nim Bereich von Straftaten, Strafen und gerichtlicher Organisation zu verbieten&#13;<br \/>\nund das Recht zu erweitern, Regierungsverordnungen direkt an das&#13;<br \/>\nVerfassungsgericht anzufechten?<\/p>\n<p>&#13;<br \/>\n&#13;<\/p>\n<p>Die&#13;<br \/>\nAnwesenheit an den Urnen wird auf getrennten W\u00e4hlerverzeichnissen f\u00fcr die&#13;<br \/>\nbeiden Abstimmungsarten vermerkt. Laut Gesetz ist das Referendum g\u00fcltig, wenn&#13;<br \/>\nmindestens 30% der in den st\u00e4ndigen W\u00e4hlerverzeichnissen eingetragenen Personen&#13;<br \/>\ndaran teilnehmen. Ferner wird das Ergebnis des Referendums erst best\u00e4tigt, wenn&#13;<br \/>\ndie g\u00fcltig zum Ausdruck gebrachten Optionen mindestens 25% der in den st\u00e4ndigen&#13;<br \/>\nW\u00e4hlerverzeichnissen eingetragenen Personen ausmachen.<\/p>\n<p>&#13;<br \/>\n&#13;<\/p>\n<p>In&#13;<br \/>\nRum\u00e4nien sind auf den Wahllisten 13 rechts und links regierende oder&#13;<br \/>\noppositionelle, parlamentarische und au\u00dferparlamentarische Parteien sowie drei&#13;<br \/>\nunabh\u00e4ngige Kandidaten aufgef\u00fchrt. Das sind: die Sozialdemokratische Partei&#13;<br \/>\nPSD, die Allianz 2020 USR PLUS, die Partei Pro Romania, der Demokratische&#13;<br \/>\nVerband der Ungarn in Rum\u00e4nien UDMR, die National-Liberale Partei PNL, die&#13;<br \/>\nAllianz der Liberalen und Demokraten ALDE, die Partei PRODEMO, die Partei&#13;<br \/>\nVolksbewegung PMP, die Rum\u00e4nische Sozialistische Partei, die Unabh\u00e4ngige&#13;<br \/>\nSozialdemokratische Partei, die Partei Vereintes Rum\u00e4nien, Die Nationale Union&#13;<br \/>\nf\u00fcr den Fortschritt Rum\u00e4niens UNPR und der Block der Nationalen Einheit. Die&#13;<br \/>\ndrei unabh\u00e4ngigen Kandidaten sind Gregoriana-Carmen Tudoran, George Nicolae&#13;<br \/>\nSimion und Peter Costea. Rum\u00e4nien hat 33 Sitze im zuk\u00fcnftigen Europ\u00e4ischen&#13;<br \/>\nParlament. Der 33. rum\u00e4nische EU-Parlamentarier wird sein Amt jedoch erst&#13;<br \/>\nantreten, nachdem der Brexit Rechtswirkungen hat.<\/p>\n<p>&#13;<br \/>\n&#13;<\/p>\n<p>Im&#13;<br \/>\nInland gibt es 18.730 Wahllokale, w\u00e4hrend die im Ausland lebenden rum\u00e4nischen&#13;<br \/>\nB\u00fcrger in 441 Wahllokalen abstimmen k\u00f6nnen. F\u00fcr die im Ausland eingerichteten&#13;<br \/>\nWahllokale hat das rum\u00e4nische Au\u00dfenministerium 4.000.500 Stimmzettel geschickt,&#13;<br \/>\njeweils 1.333.500 Stimmzettel f\u00fcr die Europawahl und f\u00fcr jede der&#13;<br \/>\nReferendumsfragen geschickt. Die W\u00e4hler, die sich am Wahltag an einem anderen&#13;<br \/>\nOrt als zu Hause befinden, k\u00f6nnen ihr Wahlrecht in einem beliebigen Wahllokal&#13;<br \/>\naus\u00fcben und werden in das zus\u00e4tzliche W\u00e4hlerverzeichnis aufgenommen.<\/p>\n<\/p>\n<p>&#13;<br \/>\n&#13;<\/p>\n<p>&#13;<br \/>\n&#13;<\/p>\n<p><strong>Regelung der Mitfahrgelegenheiten in Rum\u00e4nien <\/strong><\/p>\n<p>&#13;<br \/>\n&#13;<\/p>\n<p>&#13;<br \/>\n&#13;<\/p>\n<p>Der Entwurf der Eilverordnung der Regierung zur Regelung der Mitfahrgelegenheiten in Rum\u00e4nien wurde \u00f6ffentlich diskutiert. Nach mehrt\u00e4gigen Gespr\u00e4chen gaben die Vertreter der alternativen Transportunternehmen bekannt, dass sie am Donnerstag eine Einigung mit den Vertretern der Regierung \u00fcber den Entwurf der Eilverordnung \u00fcber die in Rum\u00e4nien funktionierenden Anwendungen f\u00fcr den Personentransport erzielt haben. Die neuen Vorschriften werden gleiche Zulassungsbedingungen f\u00fcr alternative Transportanwendungen und Taxiunternehmen gew\u00e4hrleisten. Dem Text zufolge m\u00fcssen Anwendungsbetreiber die Genehmigung des Kommunikationsministeriums einholen, und Partnerfahrer m\u00fcssen die technischen und rechtlichen Anforderungen einhalten, die denen von Taxifahrern entsprechen. Die Genehmigung wird g\u00fcltig, nachdem der Betreiber eine Lizenzgeb\u00fchr von 50.000 Lei an das Ministerium entrichtet hat. Gleichzeitig muss der Betreiber eine Genehmigung f\u00fcr die alternative Bef\u00f6rderung von der Gebietsk\u00f6rperschaft der rum\u00e4nischen Stra\u00dfenbeh\u00f6rde (ARR) des Bezirks oder der Gemeinde Bukarest einholen, oder wo er seinen Firmensitz oder Wohnsitz hat. Die Genehmigung f\u00fcr die alternative Bef\u00f6rderung wird f\u00fcr einen Zeitraum von 3 Jahren nach Zahlung einer Geb\u00fchr von 300 Lei durch den Betreiber der alternativen Bef\u00f6rderungsanwendung erteilt. Alternative Fahrzeuge m\u00fcssen mehrere Bedingungen erf\u00fcllen: maximal 5 Sitze haben; alle sechs Monate einer regelm\u00e4\u00dfigen technischen Inspektion (ITP) untersetzt werden, zum Zeitpunkt der Fahrt die technischen Regeln f\u00fcr Verkehrssicherheit, Umweltschutz und bestimmungsgem\u00e4\u00dfen Gebrauch einhalten; die entsprechende Kopie der alternativen Transportgenehmigung haben. Au\u00dfedem werden im Stra\u00dfenverkehr die auf der digitalen Plattform zugelassenen Autos an der Windschutzscheibe ein Abzeichen mit dem Fahrzeugkennzeichen und dem Plattformnamen tragen. Die Unterlage besagt auch, dass Fahrer, die keine Zulassung besitzen, eine Geldstrafe erhalten.<\/p>\n<p>&#13;<br \/>\n&#13;<\/p>\n<p>&#13;<br \/>\n&#13;<\/p>\n<p><strong>Probleme rum\u00e4nischer Pers\u00f6nlichkeiten mit der Justiz<\/strong><\/p>\n<p>&#13;<br \/>\n&#13;<\/p>\n<p>&#13;<br \/>\n&#13;<\/p>\n<p>Der fr\u00fchere B\u00fcrgermeister von Constan\u0163a Radu Maz\u0103re ist am Montagabend unter rum\u00e4nischer Polizei-Eskorte nach Rum\u00e4nien gebracht worden, nach der Auslieferung aus Madagaskar, wo er sich seit Dezember 2017 befand. Radu Maz\u0103re wurde in mehreren Strafverfahren wegen Korruption verurteilt, aber die letzte Strafverurteilung, die zur Ausstellung des internationalen Auslieferungsbefehls gef\u00fchrt hatte, war die vom Obersten Gerichtshof im Februar im Fall der illegalen Landr\u00fcckgabe in Constanta, als Radu Mazare zu einer Freiheitsstrafe von fast 10 Jahren verurteilt wurde. Ende 2017, als er unter Gerichtskontrolle stand, verlie\u00df Radu Mazare Rum\u00e4nien und fl\u00fcchtete nach Madagaskar, wo er Schritte unternahm, um politisches Asyl zu erhalten. Radu Mazare behauptete, in den gegen ihn eingeleiteten Strafprozessen sei politischer Druck ausge\u00fcbt worden.<\/p>\n<p>&#13;<br \/>\n&#13;<\/p>\n<p>Der Oberste Gerichtshof Rum\u00e4niens hat am Montag einen neuen Gerichtstermin im Strafverfahren betreffend die fiktiven Besch\u00e4ftigungsakten an der Direktion f\u00fcr Kinderschutz in Teleorman (im S\u00fcden Rum\u00e4niens) festgelegt. Im besagten Strafverfahren wird der PSD-Vorsitzende Liviu Dragnea neben anderen Parteimitgliedern angeklagt. Dragnea wurde in erster Instanz &#8211; von einem Spruchk\u00f6rper mit drei Richtern zu drei Jahren und sechs Monaten Haft verurteilt, wegen Astiftung zum Amtsmissbrauch. Beim Gerichtstermin vom 15. April hatte Dragnea unschuldig pl\u00e4diert. Die Anw\u00e4lte der Angeklagten forderten die Verschiebung, um die Entscheidung des Verfassungsgerichts \u00fcber einen vom sozialdemokratischen Abgeordneten Florin Iordache eingereichten Antrag in Bezug auf die Rechtswidrigkeit der Zusammensetzung der 3-Richter-Strafk\u00f6rper des Obersten Gerichtshofs abzuwarten. Das Verfassungsgwericht hat diese Entscheidung f\u00fcr Montag, den 5. Juni, verschoben. Der Antrag wurde von Iordache in der Zeit eingereicht, als Liviu Dragnea ihm die F\u00fchrungsbefugnisse der Abgeordnetenkammer delegiert hatte. Die \u00dcbertragung der Befugnisse wurde von der National-Liberalen Partei PNL (von der Opposition) vor dem Verfassungsgericht angefochten. Am Montag hat das Verfassungsgericht diesen Antrag abgelehnt.<\/p>\n<p>&#13;<br \/>\n&#13;<\/p>\n<p>&#13;<br \/>\n&#13;<\/p>\n<p><strong>\u00dcberschwemmungen in Rum\u00e4nien<\/strong><\/p>\n<p>&#13;<br \/>\n&#13;<\/p>\n<p>&#13;<br \/>\n&#13;<\/p>\n<p>Die starken Regenf\u00e4lle der letzten Tage, die von Meteorologen mit gelben und orangefarbenen Warnstufen versehen wurden, haben in mehreren Teilen des Landes zu massiven Problemen gef\u00fchrt. Hydrologen haben auch mehrere Flutalarme ausgerufen, die in vielen Landkreisen g\u00fcltig sind, wobei die am st\u00e4rksten betroffene Region der Norden des Landes ist, wo die rote Warnstufe galt. Sturzfluten wurden gemeldet und die hohen Wasserdurchflussraten mehrerer Fl\u00fcsse haben in zahlreichen D\u00f6rfern und St\u00e4dten Sch\u00e4den verursacht. In den betroffenen Gebieten brachten die Beh\u00f6rden Sands\u00e4cke, Hochleistungspumpen und andere Ger\u00e4te mit, um das Wasser aus den \u00fcberfluteten Haushalten zu holen. Im Dorf Turbuta, im Nordwesten des Landes, wurde die Pontonbr\u00fccke unbrauchbar gemacht, der einzige Zugang ins Dorf ist eine heruntergekommene Fu\u00dfg\u00e4ngerbr\u00fccke, die es Feuerwehrleuten oder Krankenwagen unm\u00f6glich macht, im Notfall dorthin zu gelangen. Die Menschen sagen, die einzige L\u00f6sung besteht darin, darauf zu warten, dass sich die Gew\u00e4sser zur\u00fcckziehen.<\/p>\n<p>&#13;<br \/>\n&#13;<\/p>\n<p>&#13;<br \/>\n&#13;<\/p>\n<p>&#13;<\/p>\n","protected":false},"excerpt":{"rendered":"<p>&#13; &#13; Europawahlen und Referendum in Rum\u00e4nien &#13; &#13; &#13; &#13; Von&#13; stimmberechtigten Rum\u00e4nen wird erwartet, dass sie am Sonntag an den Wahlen&#13; teilnehmen, um ihre Vertreter im Europ\u00e4ischen Parlament zu nominieren und in&#13; einem Referendum \u00fcber Justizfragen abzustimmen. Mehr zu diesem Thema im&#13; folgenden Kommentar von Corina Cristea; am Mikro ist DC. &#13; &#13; [&hellip;]<\/p>\n","protected":false},"author":113,"featured_media":124454,"comment_status":"closed","ping_status":"closed","sticky":false,"template":"","format":"standard","meta":{"_acf_changed":false,"footnotes":""},"categories":[116751],"tags":[117393,101081,29080,104626,117394,32861,155287,99721,99714,101587],"coauthors":[],"class_list":["post-628048","post","type-post","status-publish","format-standard","has-post-thumbnail","hentry","category-wochenspiegel","tag-alternative-transportgenehmigung","tag-europawahlen","tag-liviu-dragnea","tag-mitfahrgelegenheiten","tag-oberste-gerichtshof","tag-radu-mazare","tag-referendum-de","tag-unwetter","tag-verfassungsgericht","tag-warnstufe"],"acf":[],"yoast_head":"<!-- This site is optimized with the Yoast SEO plugin v27.3 - https:\/\/yoast.com\/product\/yoast-seo-wordpress\/ -->\n<title>Die Woche 20.05.- 24.05.2019 im \u00dcberblick - Radio Rum\u00e4nien International<\/title>\n<meta name=\"robots\" content=\"index, follow, max-snippet:-1, max-image-preview:large, max-video-preview:-1\" \/>\n<link rel=\"canonical\" href=\"https:\/\/www.rri.ro\/de\/aktuell\/wochenspiegel\/die-woche-20-05-24-05-2019-im-ueberblick-id628048.html\" \/>\n<meta property=\"og:locale\" content=\"de_DE\" \/>\n<meta property=\"og:type\" content=\"article\" \/>\n<meta property=\"og:title\" content=\"Die Woche 20.05.- 24.05.2019 im \u00dcberblick - Radio Rum\u00e4nien International\" \/>\n<meta property=\"og:description\" content=\"&#013; &#013; Europawahlen und Referendum in Rum\u00e4nien &#013; &#013; &#013; &#013; Von&#013; stimmberechtigten Rum\u00e4nen wird erwartet, dass sie am Sonntag an den Wahlen&#013; teilnehmen, um ihre Vertreter im Europ\u00e4ischen Parlament zu nominieren und in&#013; einem Referendum \u00fcber Justizfragen abzustimmen. Mehr zu diesem Thema im&#013; folgenden Kommentar von Corina Cristea; am Mikro ist DC. &#013; &#013; [&hellip;]\" \/>\n<meta property=\"og:url\" content=\"https:\/\/www.rri.ro\/de\/aktuell\/wochenspiegel\/die-woche-20-05-24-05-2019-im-ueberblick-id628048.html\" \/>\n<meta property=\"og:site_name\" content=\"Radio Rum\u00e4nien International\" \/>\n<meta property=\"article:published_time\" content=\"2019-05-25T14:06:00+00:00\" \/>\n<meta property=\"og:image\" content=\"https:\/\/www.rri.ro\/wp-content\/uploads\/2023\/10\/eveniment-top-2017-01.jpg\" \/>\n\t<meta property=\"og:image:width\" content=\"640\" \/>\n\t<meta property=\"og:image:height\" content=\"480\" \/>\n\t<meta property=\"og:image:type\" content=\"image\/jpeg\" \/>\n<meta name=\"author\" content=\"Newsroom\" \/>\n<meta name=\"twitter:card\" content=\"summary_large_image\" \/>\n<meta name=\"twitter:label1\" content=\"Verfasst von\" \/>\n\t<meta name=\"twitter:data1\" content=\"Newsroom\" \/>\n\t<meta name=\"twitter:label2\" content=\"Gesch\u00e4tzte Lesezeit\" \/>\n\t<meta name=\"twitter:data2\" content=\"6\u00a0Minuten\" \/>\n\t<meta name=\"twitter:label3\" content=\"Written by\" \/>\n\t<meta name=\"twitter:data3\" content=\"Newsroom\" \/>\n<script type=\"application\/ld+json\" class=\"yoast-schema-graph\">{\"@context\":\"https:\\\/\\\/schema.org\",\"@graph\":[{\"@type\":\"Article\",\"@id\":\"https:\\\/\\\/www.rri.ro\\\/de\\\/aktuell\\\/wochenspiegel\\\/die-woche-20-05-24-05-2019-im-ueberblick-id628048.html#article\",\"isPartOf\":{\"@id\":\"https:\\\/\\\/www.rri.ro\\\/de\\\/aktuell\\\/wochenspiegel\\\/die-woche-20-05-24-05-2019-im-ueberblick-id628048.html\"},\"author\":{\"name\":\"Newsroom\",\"@id\":\"https:\\\/\\\/www.rri.ro\\\/#\\\/schema\\\/person\\\/4a479940371b9fdefd194f561e8a7f88\"},\"headline\":\"Die Woche 20.05.- 24.05.2019 im \u00dcberblick\",\"datePublished\":\"2019-05-25T14:06:00+00:00\",\"mainEntityOfPage\":{\"@id\":\"https:\\\/\\\/www.rri.ro\\\/de\\\/aktuell\\\/wochenspiegel\\\/die-woche-20-05-24-05-2019-im-ueberblick-id628048.html\"},\"wordCount\":1202,\"image\":{\"@id\":\"https:\\\/\\\/www.rri.ro\\\/de\\\/aktuell\\\/wochenspiegel\\\/die-woche-20-05-24-05-2019-im-ueberblick-id628048.html#primaryimage\"},\"thumbnailUrl\":\"https:\\\/\\\/www.rri.ro\\\/wp-content\\\/uploads\\\/2023\\\/10\\\/eveniment-top-2017-01.jpg\",\"keywords\":[\"alternative Transportgenehmigung\",\"Europawahlen\",\"Liviu Dragnea\",\"Mitfahrgelegenheiten\",\"Oberste Gerichtshof\",\"radu mazare\",\"referendum\",\"Unwetter\",\"Verfassungsgericht\",\"Warnstufe\"],\"articleSection\":[\"Wochenspiegel\"],\"inLanguage\":\"de\"},{\"@type\":\"WebPage\",\"@id\":\"https:\\\/\\\/www.rri.ro\\\/de\\\/aktuell\\\/wochenspiegel\\\/die-woche-20-05-24-05-2019-im-ueberblick-id628048.html\",\"url\":\"https:\\\/\\\/www.rri.ro\\\/de\\\/aktuell\\\/wochenspiegel\\\/die-woche-20-05-24-05-2019-im-ueberblick-id628048.html\",\"name\":\"Die Woche 20.05.- 24.05.2019 im \u00dcberblick - Radio Rum\u00e4nien International\",\"isPartOf\":{\"@id\":\"https:\\\/\\\/www.rri.ro\\\/#website\"},\"primaryImageOfPage\":{\"@id\":\"https:\\\/\\\/www.rri.ro\\\/de\\\/aktuell\\\/wochenspiegel\\\/die-woche-20-05-24-05-2019-im-ueberblick-id628048.html#primaryimage\"},\"image\":{\"@id\":\"https:\\\/\\\/www.rri.ro\\\/de\\\/aktuell\\\/wochenspiegel\\\/die-woche-20-05-24-05-2019-im-ueberblick-id628048.html#primaryimage\"},\"thumbnailUrl\":\"https:\\\/\\\/www.rri.ro\\\/wp-content\\\/uploads\\\/2023\\\/10\\\/eveniment-top-2017-01.jpg\",\"datePublished\":\"2019-05-25T14:06:00+00:00\",\"author\":{\"@id\":\"https:\\\/\\\/www.rri.ro\\\/#\\\/schema\\\/person\\\/4a479940371b9fdefd194f561e8a7f88\"},\"breadcrumb\":{\"@id\":\"https:\\\/\\\/www.rri.ro\\\/de\\\/aktuell\\\/wochenspiegel\\\/die-woche-20-05-24-05-2019-im-ueberblick-id628048.html#breadcrumb\"},\"inLanguage\":\"de\",\"potentialAction\":[{\"@type\":\"ReadAction\",\"target\":[\"https:\\\/\\\/www.rri.ro\\\/de\\\/aktuell\\\/wochenspiegel\\\/die-woche-20-05-24-05-2019-im-ueberblick-id628048.html\"]}]},{\"@type\":\"ImageObject\",\"inLanguage\":\"de\",\"@id\":\"https:\\\/\\\/www.rri.ro\\\/de\\\/aktuell\\\/wochenspiegel\\\/die-woche-20-05-24-05-2019-im-ueberblick-id628048.html#primaryimage\",\"url\":\"https:\\\/\\\/www.rri.ro\\\/wp-content\\\/uploads\\\/2023\\\/10\\\/eveniment-top-2017-01.jpg\",\"contentUrl\":\"https:\\\/\\\/www.rri.ro\\\/wp-content\\\/uploads\\\/2023\\\/10\\\/eveniment-top-2017-01.jpg\",\"width\":640,\"height\":480},{\"@type\":\"BreadcrumbList\",\"@id\":\"https:\\\/\\\/www.rri.ro\\\/de\\\/aktuell\\\/wochenspiegel\\\/die-woche-20-05-24-05-2019-im-ueberblick-id628048.html#breadcrumb\",\"itemListElement\":[{\"@type\":\"ListItem\",\"position\":1,\"name\":\"Startseite\",\"item\":\"https:\\\/\\\/www.rri.ro\\\/de\"},{\"@type\":\"ListItem\",\"position\":2,\"name\":\"Aktuell\",\"item\":\"https:\\\/\\\/www.rri.ro\\\/de\\\/aktuell\"},{\"@type\":\"ListItem\",\"position\":3,\"name\":\"Wochenspiegel\",\"item\":\"https:\\\/\\\/www.rri.ro\\\/de\\\/aktuell\\\/wochenspiegel\"},{\"@type\":\"ListItem\",\"position\":4,\"name\":\"Die Woche 20.05.- 24.05.2019 im \u00dcberblick\"}]},{\"@type\":\"WebSite\",\"@id\":\"https:\\\/\\\/www.rri.ro\\\/#website\",\"url\":\"https:\\\/\\\/www.rri.ro\\\/\",\"name\":\"Radio Rum\u00e4nien International\",\"description\":\"Totul despre Rom\u00e2nia \u015fi rom\u00e2ni, \u00een 13 limbi\\\/dialecte!\",\"inLanguage\":\"de\"},{\"@type\":\"Person\",\"@id\":\"https:\\\/\\\/www.rri.ro\\\/#\\\/schema\\\/person\\\/4a479940371b9fdefd194f561e8a7f88\",\"name\":\"Newsroom\",\"url\":\"https:\\\/\\\/www.rri.ro\\\/de\\\/author\\\/newsroom\"}]}<\/script>\n<!-- \/ Yoast SEO plugin. -->","yoast_head_json":{"title":"Die Woche 20.05.- 24.05.2019 im \u00dcberblick - Radio Rum\u00e4nien International","robots":{"index":"index","follow":"follow","max-snippet":"max-snippet:-1","max-image-preview":"max-image-preview:large","max-video-preview":"max-video-preview:-1"},"canonical":"https:\/\/www.rri.ro\/de\/aktuell\/wochenspiegel\/die-woche-20-05-24-05-2019-im-ueberblick-id628048.html","og_locale":"de_DE","og_type":"article","og_title":"Die Woche 20.05.- 24.05.2019 im \u00dcberblick - Radio Rum\u00e4nien International","og_description":"&#13; &#13; Europawahlen und Referendum in Rum\u00e4nien &#13; &#13; &#13; &#13; Von&#13; stimmberechtigten Rum\u00e4nen wird erwartet, dass sie am Sonntag an den Wahlen&#13; teilnehmen, um ihre Vertreter im Europ\u00e4ischen Parlament zu nominieren und in&#13; einem Referendum \u00fcber Justizfragen abzustimmen. Mehr zu diesem Thema im&#13; folgenden Kommentar von Corina Cristea; am Mikro ist DC. &#13; &#13; [&hellip;]","og_url":"https:\/\/www.rri.ro\/de\/aktuell\/wochenspiegel\/die-woche-20-05-24-05-2019-im-ueberblick-id628048.html","og_site_name":"Radio Rum\u00e4nien International","article_published_time":"2019-05-25T14:06:00+00:00","og_image":[{"width":640,"height":480,"url":"https:\/\/www.rri.ro\/wp-content\/uploads\/2023\/10\/eveniment-top-2017-01.jpg","type":"image\/jpeg"}],"author":"Newsroom","twitter_card":"summary_large_image","twitter_misc":{"Verfasst von":"Newsroom","Gesch\u00e4tzte Lesezeit":"6\u00a0Minuten","Written by":"Newsroom"},"schema":{"@context":"https:\/\/schema.org","@graph":[{"@type":"Article","@id":"https:\/\/www.rri.ro\/de\/aktuell\/wochenspiegel\/die-woche-20-05-24-05-2019-im-ueberblick-id628048.html#article","isPartOf":{"@id":"https:\/\/www.rri.ro\/de\/aktuell\/wochenspiegel\/die-woche-20-05-24-05-2019-im-ueberblick-id628048.html"},"author":{"name":"Newsroom","@id":"https:\/\/www.rri.ro\/#\/schema\/person\/4a479940371b9fdefd194f561e8a7f88"},"headline":"Die Woche 20.05.- 24.05.2019 im \u00dcberblick","datePublished":"2019-05-25T14:06:00+00:00","mainEntityOfPage":{"@id":"https:\/\/www.rri.ro\/de\/aktuell\/wochenspiegel\/die-woche-20-05-24-05-2019-im-ueberblick-id628048.html"},"wordCount":1202,"image":{"@id":"https:\/\/www.rri.ro\/de\/aktuell\/wochenspiegel\/die-woche-20-05-24-05-2019-im-ueberblick-id628048.html#primaryimage"},"thumbnailUrl":"https:\/\/www.rri.ro\/wp-content\/uploads\/2023\/10\/eveniment-top-2017-01.jpg","keywords":["alternative Transportgenehmigung","Europawahlen","Liviu Dragnea","Mitfahrgelegenheiten","Oberste Gerichtshof","radu mazare","referendum","Unwetter","Verfassungsgericht","Warnstufe"],"articleSection":["Wochenspiegel"],"inLanguage":"de"},{"@type":"WebPage","@id":"https:\/\/www.rri.ro\/de\/aktuell\/wochenspiegel\/die-woche-20-05-24-05-2019-im-ueberblick-id628048.html","url":"https:\/\/www.rri.ro\/de\/aktuell\/wochenspiegel\/die-woche-20-05-24-05-2019-im-ueberblick-id628048.html","name":"Die Woche 20.05.- 24.05.2019 im \u00dcberblick - Radio Rum\u00e4nien International","isPartOf":{"@id":"https:\/\/www.rri.ro\/#website"},"primaryImageOfPage":{"@id":"https:\/\/www.rri.ro\/de\/aktuell\/wochenspiegel\/die-woche-20-05-24-05-2019-im-ueberblick-id628048.html#primaryimage"},"image":{"@id":"https:\/\/www.rri.ro\/de\/aktuell\/wochenspiegel\/die-woche-20-05-24-05-2019-im-ueberblick-id628048.html#primaryimage"},"thumbnailUrl":"https:\/\/www.rri.ro\/wp-content\/uploads\/2023\/10\/eveniment-top-2017-01.jpg","datePublished":"2019-05-25T14:06:00+00:00","author":{"@id":"https:\/\/www.rri.ro\/#\/schema\/person\/4a479940371b9fdefd194f561e8a7f88"},"breadcrumb":{"@id":"https:\/\/www.rri.ro\/de\/aktuell\/wochenspiegel\/die-woche-20-05-24-05-2019-im-ueberblick-id628048.html#breadcrumb"},"inLanguage":"de","potentialAction":[{"@type":"ReadAction","target":["https:\/\/www.rri.ro\/de\/aktuell\/wochenspiegel\/die-woche-20-05-24-05-2019-im-ueberblick-id628048.html"]}]},{"@type":"ImageObject","inLanguage":"de","@id":"https:\/\/www.rri.ro\/de\/aktuell\/wochenspiegel\/die-woche-20-05-24-05-2019-im-ueberblick-id628048.html#primaryimage","url":"https:\/\/www.rri.ro\/wp-content\/uploads\/2023\/10\/eveniment-top-2017-01.jpg","contentUrl":"https:\/\/www.rri.ro\/wp-content\/uploads\/2023\/10\/eveniment-top-2017-01.jpg","width":640,"height":480},{"@type":"BreadcrumbList","@id":"https:\/\/www.rri.ro\/de\/aktuell\/wochenspiegel\/die-woche-20-05-24-05-2019-im-ueberblick-id628048.html#breadcrumb","itemListElement":[{"@type":"ListItem","position":1,"name":"Startseite","item":"https:\/\/www.rri.ro\/de"},{"@type":"ListItem","position":2,"name":"Aktuell","item":"https:\/\/www.rri.ro\/de\/aktuell"},{"@type":"ListItem","position":3,"name":"Wochenspiegel","item":"https:\/\/www.rri.ro\/de\/aktuell\/wochenspiegel"},{"@type":"ListItem","position":4,"name":"Die Woche 20.05.- 24.05.2019 im \u00dcberblick"}]},{"@type":"WebSite","@id":"https:\/\/www.rri.ro\/#website","url":"https:\/\/www.rri.ro\/","name":"Radio Rum\u00e4nien International","description":"Totul despre Rom\u00e2nia \u015fi rom\u00e2ni, \u00een 13 limbi\/dialecte!","inLanguage":"de"},{"@type":"Person","@id":"https:\/\/www.rri.ro\/#\/schema\/person\/4a479940371b9fdefd194f561e8a7f88","name":"Newsroom","url":"https:\/\/www.rri.ro\/de\/author\/newsroom"}]}},"_links":{"self":[{"href":"https:\/\/www.rri.ro\/de\/wp-json\/wp\/v2\/posts\/628048","targetHints":{"allow":["GET"]}}],"collection":[{"href":"https:\/\/www.rri.ro\/de\/wp-json\/wp\/v2\/posts"}],"about":[{"href":"https:\/\/www.rri.ro\/de\/wp-json\/wp\/v2\/types\/post"}],"author":[{"embeddable":true,"href":"https:\/\/www.rri.ro\/de\/wp-json\/wp\/v2\/users\/113"}],"replies":[{"embeddable":true,"href":"https:\/\/www.rri.ro\/de\/wp-json\/wp\/v2\/comments?post=628048"}],"version-history":[{"count":0,"href":"https:\/\/www.rri.ro\/de\/wp-json\/wp\/v2\/posts\/628048\/revisions"}],"wp:featuredmedia":[{"embeddable":true,"href":"https:\/\/www.rri.ro\/de\/wp-json\/wp\/v2\/media\/124454"}],"wp:attachment":[{"href":"https:\/\/www.rri.ro\/de\/wp-json\/wp\/v2\/media?parent=628048"}],"wp:term":[{"taxonomy":"category","embeddable":true,"href":"https:\/\/www.rri.ro\/de\/wp-json\/wp\/v2\/categories?post=628048"},{"taxonomy":"post_tag","embeddable":true,"href":"https:\/\/www.rri.ro\/de\/wp-json\/wp\/v2\/tags?post=628048"},{"taxonomy":"author","embeddable":true,"href":"https:\/\/www.rri.ro\/de\/wp-json\/wp\/v2\/coauthors?post=628048"}],"curies":[{"name":"wp","href":"https:\/\/api.w.org\/{rel}","templated":true}]}}