{"id":628058,"date":"2019-07-20T13:51:00","date_gmt":"2019-07-20T10:51:00","guid":{"rendered":"http:\/\/devrri.freshlemon.ro\/aktuell\/die-woche-15-07-19-07-2019-im-ueberblick-id628058.html"},"modified":"2019-07-20T13:51:00","modified_gmt":"2019-07-20T10:51:00","slug":"die-woche-15-07-19-07-2019-im-ueberblick","status":"publish","type":"post","link":"https:\/\/www.rri.ro\/de\/aktuell\/wochenspiegel\/die-woche-15-07-19-07-2019-im-ueberblick-id628058.html","title":{"rendered":"Die Woche 15.07 &#8211; 19.07.2019 im \u00dcberblick"},"content":{"rendered":"<div><strong style=caret-color: rgb(0, 0, 0); color: rgb(0, 0, 0); font-family: -webkit-standard;>Premierministerin D\u0103ncil\u0103 berichtet \u00fcber EU-Ratspr\u00e4sidentschaft <\/strong><\/div>\n<p>&#13;<br \/>\n&#13;<\/p>\n<div>&#13;<\/p>\n<p dir=ltr style=font-family: -webkit-standard; caret-color: rgb(0, 0, 0); color: rgb(0, 0, 0); line-height: 1.7999999999999998; margin-top: 0pt; margin-bottom: 10pt;>Rum\u00e4nien wird weiterhin das europ\u00e4ische Projekt unterst\u00fctzen und die Vollendung seiner Integration verfolgen &#8211; das sagte Premierministerin Viorica D\u0103ncil\u0103 am Dienstag im Plenum des EP  bei der Vorlage eines Berichts zu den Ergebnissen der EU-Ratspr\u00e4sidentschaft im ersten Halbjahr. Rum\u00e4nien habe beweisen k\u00f6nnen, dass die europ\u00e4ischen Institutionen zugunsten der B\u00fcrger arbeiten und Perspektiven f\u00fcr die Zukunft er\u00f6ffnet. Europa m\u00fcsse keine mehrfachen Geschwindigkeiten haben, sagte  D\u0103ncil\u0103 den Europaabgeordneten. Es seien keine Gr\u00e4ben zul\u00e4ssig unter den Mitgliedsl\u00e4ndern, da Fortschritte nur dann gr\u00fcndlich und f\u00fcr die B\u00fcrger konkret vorteilhaft sein werden, wenn sie gemeinsame erzielt werden &#8211; die Koh\u00e4sion sei eines der st\u00e4rkste Bindemittel des europ\u00e4ischen Projekts. Premierministerin Viorica D\u0103ncil\u0103 zufolge habe Rum\u00e4nien den Ratsvorsitz zu einer herausforderungsreichen Zeit gesichert: trotz Brexit und Europawahlen sei es immerhin gelungen,  90 Rechtsakte in verschiedenen Themenbereichen von Urheberrechtsreform \u00fcber Erdgasrichtlinie bis Frontex oder Cybersicherheit abzuschlie\u200e\u00dfen. Die rum\u00e4nischen Beh\u00f6rden haben letztendlich die F\u00e4higkeit des Landes unter Beweis gestellt, zum Mehrwert der EU beizutragen, erkl\u00e4rte D\u0103ncil\u0103.<\/p>\n<p>&#13;<br \/>\n&#13;<\/p>\n<p dir=ltr style=font-family: -webkit-standard; caret-color: rgb(0, 0, 0); color: rgb(0, 0, 0); line-height: 1.7999999999999998; margin-top: 0pt; margin-bottom: 10pt;>\n<p>&#13;<br \/>\n&#13;<\/p>\n<p dir=ltr style=font-family: -webkit-standard; caret-color: rgb(0, 0, 0); color: rgb(0, 0, 0); line-height: 1.7999999999999998; margin-top: 0pt; margin-bottom: 10pt;><strong>Ex-Au\u200e\u00dfenminister Mircea Geoana wird Nr. 2 der NATO  <\/strong><br \/>&#13;<br \/>\nNATO-Generalsekret\u00e4r, Jens Stoltenberg hat den rum\u00e4nischen Politiker und Diplomaten, Mircea Geoana zum stellvertretenden Generalsekret\u00e4r des B\u00fcndnisses ernannt. Dadurch bekommt die NATO erstmals einen stellvertretenden Generalsekret\u00e4r aus einem fr\u00fcheren Ostblockland. Er ist ein \u00fcberzeugter Verfechter der transatlantischen Beziehungen und wird langj\u00e4hrige Erfahrung als Staatsmann und Diplomat in dieses Amt einbringen. Er wird der erste Rum\u00e4ne sein, der dieses Amt innehat.\u201c, begr\u00fcndete Stoltenberg seine Entscheidung. Das h\u00f6chste Amt, das ein Rum\u00e4ne in der NATO-Hierarchie vor ihm innehatte, war das des Stellvertretenden Generalsekret\u00e4rs f\u00fcr neue Sicherheitsherausforderungen, in der Person von Sorin Ducaru, in der Zeitspanne 2013 &#8212; 2017. Der 61-j\u00e4hrige Mircea Geoana war Pr\u00e4sident des rum\u00e4nischen Senats, Au\u200e\u00dfenminister und Botschafter Rum\u00e4niens in den Vereinigten Staaten und ist Gr\u00fcnder und Pr\u00e4sident des Aspen Institute Rum\u00e4nien.  Mircea Geoan\u0103 zufolge sei diese Ernennung Herausforderung und Opportunit\u00e4t zugleich und eine Anerkennung der Leistung Rum\u00e4nien 15 Jahre nach dem Beitritt zur NATO. <\/p>\n<p>&#13;<br \/>\n&#13;<\/p>\n<p dir=ltr style=font-family: -webkit-standard; caret-color: rgb(0, 0, 0); color: rgb(0, 0, 0); line-height: 1.7999999999999998; margin-top: 0pt; margin-bottom: 10pt;>\n<p>&#13;<br \/>\n&#13;<\/p>\n<p dir=ltr style=font-family: -webkit-standard; caret-color: rgb(0, 0, 0); color: rgb(0, 0, 0); line-height: 1.7999999999999998; margin-top: 0pt; margin-bottom: 10pt;>\n<p>&#13;<br \/>\n&#13;<\/p>\n<p dir=ltr style=font-family: -webkit-standard; caret-color: rgb(0, 0, 0); color: rgb(0, 0, 0); line-height: 1.7999999999999998; margin-top: 0pt; margin-bottom: 10pt;>\n<p>&#13;<br \/>\n&#13;<\/p>\n<p dir=ltr style=font-family: -webkit-standard; caret-color: rgb(0, 0, 0); color: rgb(0, 0, 0); line-height: 1.7999999999999998; margin-top: 0pt; margin-bottom: 10pt;><strong>Amnestie &#8211; und Begnadigungsverbote f\u00fcr bestimmte Straftaten sind verfassungswidrig<\/strong><br \/>&#13;<br \/>\nDie Gesetzesvorlagen zu einem Verfassungsverbot der Amnestie und Begnadigung von Korruptionsstraftaten sind nach einer Entscheidung des Verfassungsgerichts vom Donnerstag grundgesetzwidrig. Die Vorlagen wurden im Parlament eingebracht, nachdem bei einem Referendum am 26. Mai eine gro\u200e\u00dfe Mehrheit der Teilnehmer diesen  Ansatz bef\u00fcrwortet hatten. Das Referendum war von Pr\u00e4sident Klaus Iohannis einberufen worden, um den nach seinen Worten Angriff der Regierungskoalition von PSD und ALDE auf das Justizsystem aufzuhalten. Die Verfassungsrichter waren einstimmig der Meinung, dass eine solche Vorschrift den Gleichheitsgrundsatz und die W\u00fcrde des Menschen verletzte. Andere Vorst\u00f6\u200e\u00dfe von Regierungskoalition und Opposition seien allerdings verfassungsm\u00e4\u200e\u00dfig, darunter Vorschriften f\u00fcr ein Verbot von Personen, die rechtskr\u00e4ftig wegen Vorsatzstraftaten verurteilt wurden, sich f\u00fcr Wahlen aufstellen zu lassen. Au\u200e\u00dferdem soll der Missbrauch von Eilverordnungen gestoppt werden. Zust\u00e4ndig f\u00fcr die Anfechtung von Eilverordnungen vor dem Verfassungsgericht soll nicht mehr allein die Ombudsperson sein, sondern auch der Staatspr\u00e4sident, der Oberste Gerichtshof sowie jeweils 50 Abgeordnete oder 25 Senatoren.<\/p>\n<p>&#13;<br \/>\n&#13;<\/p>\n<p dir=ltr style=font-family: -webkit-standard; caret-color: rgb(0, 0, 0); color: rgb(0, 0, 0); line-height: 1.7999999999999998; margin-top: 0pt; margin-bottom: 10pt;>\n<p>&#13;<br \/>\n&#13;<\/p>\n<p dir=ltr style=font-family: -webkit-standard; caret-color: rgb(0, 0, 0); color: rgb(0, 0, 0); line-height: 1.7999999999999998; margin-top: 0pt; margin-bottom: 10pt;>\n<p>&#13;<br \/>\n&#13;<\/p>\n<p dir=ltr style=font-family: -webkit-standard; caret-color: rgb(0, 0, 0); color: rgb(0, 0, 0); line-height: 1.7999999999999998; margin-top: 0pt; margin-bottom: 10pt;><strong>Simona Halep gewinnt Wimbledon<\/strong><br \/>&#13;<br \/>\nGro\u200e\u00dfer Moment f\u00fcr den rum\u00e4nischen Sport am letzten Wochenende: Simona Halep hat als erster Tennisprofi des Landes das Grand-Slam-Turnier von Wimbledon gewonnen, nachdem sie \u00fcberzeugend in nur einer Stunde gegen die vielfache Gewinnerin Serena Williams siegte: Ich bin gl\u00fccklich \u00fcber die Art und Weise, in der ich gespielt und auf ein so wichtiges Ereignis und einen derart gro\u200e\u00dfen Tag reagiert habe. Ich habe gek\u00e4mpft und geackert, ich habe im Laufe dieser Jahre auch gelitten &#8212; all das, um m\u00f6glichst gut auf dem Feld zu sein, wenn ich spiele. Ich habe ein hohes Niveau erreicht und f\u00fchle mich jetzt selbstbewusst. Ich hatte nie gedacht, dass ich einmal die Nummer eins sein und einen Grand Slam gewinnen w\u00fcrde, aber das war mein Traum und daf\u00fcr habe ich Tag f\u00fcr Tag gearbeitet. Wie ich bereits unz\u00e4hlige Male sagte, die Rum\u00e4nen sind sehr begabt, haben aber kein Selbstvertrauen. Wir sollten beginnen, besser zu sein, an uns zu glauben und die Dinge positiv zu betrachten,\u201d sagte die 27-J\u00e4hrige aus Constan\u0163a, die in London ihren zweiten Grand-Slam-Titel holte, nach dem Gewinn der French Open letztes Jahr.<\/p>\n<p>&#13;<br \/>\n &#13;<br \/>\n&#13;<\/p>\n<p dir=ltr style=font-family: -webkit-standard; caret-color: rgb(0, 0, 0); color: rgb(0, 0, 0); line-height: 1.7999999999999998; margin-top: 0pt; margin-bottom: 10pt;>\n<p>&#13;<br \/>\n<br style=font-family: -webkit-standard; caret-color: rgb(0, 0, 0); color: rgb(0, 0, 0); \/>&#13;<br \/>\n<br style=font-family: -webkit-standard; caret-color: rgb(0, 0, 0); color: rgb(0, 0, 0); \/>&#13;<br \/>\n<br style=font-family: -webkit-standard; caret-color: rgb(0, 0, 0); color: rgb(0, 0, 0); \/>&#13;\n <\/div>\n<p>&#13;<\/p>\n","protected":false},"excerpt":{"rendered":"<p>Premierministerin D\u0103ncil\u0103 berichtet \u00fcber EU-Ratspr\u00e4sidentschaft &#13; &#13; &#13; Rum\u00e4nien wird weiterhin das europ\u00e4ische Projekt unterst\u00fctzen und die Vollendung seiner Integration verfolgen &#8211; das sagte Premierministerin Viorica D\u0103ncil\u0103 am Dienstag im Plenum des EP bei der Vorlage eines Berichts zu den Ergebnissen der EU-Ratspr\u00e4sidentschaft im ersten Halbjahr. Rum\u00e4nien habe beweisen k\u00f6nnen, dass die europ\u00e4ischen Institutionen zugunsten [&hellip;]<\/p>\n","protected":false},"author":113,"featured_media":124654,"comment_status":"closed","ping_status":"closed","sticky":false,"template":"","format":"standard","meta":{"_acf_changed":false,"footnotes":""},"categories":[116751],"tags":[],"coauthors":[],"class_list":["post-628058","post","type-post","status-publish","format-standard","has-post-thumbnail","hentry","category-wochenspiegel"],"acf":[],"yoast_head":"<!-- This site is optimized with the Yoast SEO plugin v27.3 - https:\/\/yoast.com\/product\/yoast-seo-wordpress\/ -->\n<title>Die Woche 15.07 - 19.07.2019 im \u00dcberblick - Radio Rum\u00e4nien International<\/title>\n<meta name=\"robots\" content=\"index, follow, max-snippet:-1, max-image-preview:large, max-video-preview:-1\" \/>\n<link rel=\"canonical\" href=\"https:\/\/www.rri.ro\/de\/aktuell\/wochenspiegel\/die-woche-15-07-19-07-2019-im-ueberblick-id628058.html\" \/>\n<meta property=\"og:locale\" content=\"de_DE\" \/>\n<meta property=\"og:type\" content=\"article\" \/>\n<meta property=\"og:title\" content=\"Die Woche 15.07 - 19.07.2019 im \u00dcberblick - Radio Rum\u00e4nien International\" \/>\n<meta property=\"og:description\" content=\"Premierministerin D\u0103ncil\u0103 berichtet \u00fcber EU-Ratspr\u00e4sidentschaft &#013; &#013; &#013; Rum\u00e4nien wird weiterhin das europ\u00e4ische Projekt unterst\u00fctzen und die Vollendung seiner Integration verfolgen &#8211; das sagte Premierministerin Viorica D\u0103ncil\u0103 am Dienstag im Plenum des EP bei der Vorlage eines Berichts zu den Ergebnissen der EU-Ratspr\u00e4sidentschaft im ersten Halbjahr. Rum\u00e4nien habe beweisen k\u00f6nnen, dass die europ\u00e4ischen Institutionen zugunsten [&hellip;]\" \/>\n<meta property=\"og:url\" content=\"https:\/\/www.rri.ro\/de\/aktuell\/wochenspiegel\/die-woche-15-07-19-07-2019-im-ueberblick-id628058.html\" \/>\n<meta property=\"og:site_name\" content=\"Radio Rum\u00e4nien International\" \/>\n<meta property=\"article:published_time\" content=\"2019-07-20T10:51:00+00:00\" \/>\n<meta property=\"og:image\" content=\"https:\/\/www.rri.ro\/wp-content\/uploads\/2023\/10\/eveniment-top-2019.jpg\" \/>\n\t<meta property=\"og:image:width\" content=\"640\" \/>\n\t<meta property=\"og:image:height\" content=\"480\" \/>\n\t<meta property=\"og:image:type\" content=\"image\/jpeg\" \/>\n<meta name=\"author\" content=\"Newsroom\" \/>\n<meta name=\"twitter:card\" content=\"summary_large_image\" \/>\n<meta name=\"twitter:label1\" content=\"Verfasst von\" \/>\n\t<meta name=\"twitter:data1\" content=\"Newsroom\" \/>\n\t<meta name=\"twitter:label2\" content=\"Gesch\u00e4tzte Lesezeit\" \/>\n\t<meta name=\"twitter:data2\" content=\"4\u00a0Minuten\" \/>\n\t<meta name=\"twitter:label3\" content=\"Written by\" \/>\n\t<meta name=\"twitter:data3\" content=\"Newsroom\" \/>\n<script type=\"application\/ld+json\" class=\"yoast-schema-graph\">{\"@context\":\"https:\\\/\\\/schema.org\",\"@graph\":[{\"@type\":\"Article\",\"@id\":\"https:\\\/\\\/www.rri.ro\\\/de\\\/aktuell\\\/wochenspiegel\\\/die-woche-15-07-19-07-2019-im-ueberblick-id628058.html#article\",\"isPartOf\":{\"@id\":\"https:\\\/\\\/www.rri.ro\\\/de\\\/aktuell\\\/wochenspiegel\\\/die-woche-15-07-19-07-2019-im-ueberblick-id628058.html\"},\"author\":{\"name\":\"Newsroom\",\"@id\":\"https:\\\/\\\/www.rri.ro\\\/#\\\/schema\\\/person\\\/4a479940371b9fdefd194f561e8a7f88\"},\"headline\":\"Die Woche 15.07 &#8211; 19.07.2019 im \u00dcberblick\",\"datePublished\":\"2019-07-20T10:51:00+00:00\",\"mainEntityOfPage\":{\"@id\":\"https:\\\/\\\/www.rri.ro\\\/de\\\/aktuell\\\/wochenspiegel\\\/die-woche-15-07-19-07-2019-im-ueberblick-id628058.html\"},\"wordCount\":740,\"image\":{\"@id\":\"https:\\\/\\\/www.rri.ro\\\/de\\\/aktuell\\\/wochenspiegel\\\/die-woche-15-07-19-07-2019-im-ueberblick-id628058.html#primaryimage\"},\"thumbnailUrl\":\"https:\\\/\\\/www.rri.ro\\\/wp-content\\\/uploads\\\/2023\\\/10\\\/eveniment-top-2019.jpg\",\"articleSection\":[\"Wochenspiegel\"],\"inLanguage\":\"de\"},{\"@type\":\"WebPage\",\"@id\":\"https:\\\/\\\/www.rri.ro\\\/de\\\/aktuell\\\/wochenspiegel\\\/die-woche-15-07-19-07-2019-im-ueberblick-id628058.html\",\"url\":\"https:\\\/\\\/www.rri.ro\\\/de\\\/aktuell\\\/wochenspiegel\\\/die-woche-15-07-19-07-2019-im-ueberblick-id628058.html\",\"name\":\"Die Woche 15.07 - 19.07.2019 im \u00dcberblick - Radio Rum\u00e4nien International\",\"isPartOf\":{\"@id\":\"https:\\\/\\\/www.rri.ro\\\/#website\"},\"primaryImageOfPage\":{\"@id\":\"https:\\\/\\\/www.rri.ro\\\/de\\\/aktuell\\\/wochenspiegel\\\/die-woche-15-07-19-07-2019-im-ueberblick-id628058.html#primaryimage\"},\"image\":{\"@id\":\"https:\\\/\\\/www.rri.ro\\\/de\\\/aktuell\\\/wochenspiegel\\\/die-woche-15-07-19-07-2019-im-ueberblick-id628058.html#primaryimage\"},\"thumbnailUrl\":\"https:\\\/\\\/www.rri.ro\\\/wp-content\\\/uploads\\\/2023\\\/10\\\/eveniment-top-2019.jpg\",\"datePublished\":\"2019-07-20T10:51:00+00:00\",\"author\":{\"@id\":\"https:\\\/\\\/www.rri.ro\\\/#\\\/schema\\\/person\\\/4a479940371b9fdefd194f561e8a7f88\"},\"breadcrumb\":{\"@id\":\"https:\\\/\\\/www.rri.ro\\\/de\\\/aktuell\\\/wochenspiegel\\\/die-woche-15-07-19-07-2019-im-ueberblick-id628058.html#breadcrumb\"},\"inLanguage\":\"de\",\"potentialAction\":[{\"@type\":\"ReadAction\",\"target\":[\"https:\\\/\\\/www.rri.ro\\\/de\\\/aktuell\\\/wochenspiegel\\\/die-woche-15-07-19-07-2019-im-ueberblick-id628058.html\"]}]},{\"@type\":\"ImageObject\",\"inLanguage\":\"de\",\"@id\":\"https:\\\/\\\/www.rri.ro\\\/de\\\/aktuell\\\/wochenspiegel\\\/die-woche-15-07-19-07-2019-im-ueberblick-id628058.html#primaryimage\",\"url\":\"https:\\\/\\\/www.rri.ro\\\/wp-content\\\/uploads\\\/2023\\\/10\\\/eveniment-top-2019.jpg\",\"contentUrl\":\"https:\\\/\\\/www.rri.ro\\\/wp-content\\\/uploads\\\/2023\\\/10\\\/eveniment-top-2019.jpg\",\"width\":640,\"height\":480},{\"@type\":\"BreadcrumbList\",\"@id\":\"https:\\\/\\\/www.rri.ro\\\/de\\\/aktuell\\\/wochenspiegel\\\/die-woche-15-07-19-07-2019-im-ueberblick-id628058.html#breadcrumb\",\"itemListElement\":[{\"@type\":\"ListItem\",\"position\":1,\"name\":\"Startseite\",\"item\":\"https:\\\/\\\/www.rri.ro\\\/de\"},{\"@type\":\"ListItem\",\"position\":2,\"name\":\"Aktuell\",\"item\":\"https:\\\/\\\/www.rri.ro\\\/de\\\/aktuell\"},{\"@type\":\"ListItem\",\"position\":3,\"name\":\"Wochenspiegel\",\"item\":\"https:\\\/\\\/www.rri.ro\\\/de\\\/aktuell\\\/wochenspiegel\"},{\"@type\":\"ListItem\",\"position\":4,\"name\":\"Die Woche 15.07 &#8211; 19.07.2019 im \u00dcberblick\"}]},{\"@type\":\"WebSite\",\"@id\":\"https:\\\/\\\/www.rri.ro\\\/#website\",\"url\":\"https:\\\/\\\/www.rri.ro\\\/\",\"name\":\"Radio Rum\u00e4nien International\",\"description\":\"Totul despre Rom\u00e2nia \u015fi rom\u00e2ni, \u00een 13 limbi\\\/dialecte!\",\"inLanguage\":\"de\"},{\"@type\":\"Person\",\"@id\":\"https:\\\/\\\/www.rri.ro\\\/#\\\/schema\\\/person\\\/4a479940371b9fdefd194f561e8a7f88\",\"name\":\"Newsroom\",\"url\":\"https:\\\/\\\/www.rri.ro\\\/de\\\/author\\\/newsroom\"}]}<\/script>\n<!-- \/ Yoast SEO plugin. -->","yoast_head_json":{"title":"Die Woche 15.07 - 19.07.2019 im \u00dcberblick - Radio Rum\u00e4nien International","robots":{"index":"index","follow":"follow","max-snippet":"max-snippet:-1","max-image-preview":"max-image-preview:large","max-video-preview":"max-video-preview:-1"},"canonical":"https:\/\/www.rri.ro\/de\/aktuell\/wochenspiegel\/die-woche-15-07-19-07-2019-im-ueberblick-id628058.html","og_locale":"de_DE","og_type":"article","og_title":"Die Woche 15.07 - 19.07.2019 im \u00dcberblick - Radio Rum\u00e4nien International","og_description":"Premierministerin D\u0103ncil\u0103 berichtet \u00fcber EU-Ratspr\u00e4sidentschaft &#13; &#13; &#13; Rum\u00e4nien wird weiterhin das europ\u00e4ische Projekt unterst\u00fctzen und die Vollendung seiner Integration verfolgen &#8211; das sagte Premierministerin Viorica D\u0103ncil\u0103 am Dienstag im Plenum des EP bei der Vorlage eines Berichts zu den Ergebnissen der EU-Ratspr\u00e4sidentschaft im ersten Halbjahr. Rum\u00e4nien habe beweisen k\u00f6nnen, dass die europ\u00e4ischen Institutionen zugunsten [&hellip;]","og_url":"https:\/\/www.rri.ro\/de\/aktuell\/wochenspiegel\/die-woche-15-07-19-07-2019-im-ueberblick-id628058.html","og_site_name":"Radio Rum\u00e4nien International","article_published_time":"2019-07-20T10:51:00+00:00","og_image":[{"width":640,"height":480,"url":"https:\/\/www.rri.ro\/wp-content\/uploads\/2023\/10\/eveniment-top-2019.jpg","type":"image\/jpeg"}],"author":"Newsroom","twitter_card":"summary_large_image","twitter_misc":{"Verfasst von":"Newsroom","Gesch\u00e4tzte Lesezeit":"4\u00a0Minuten","Written by":"Newsroom"},"schema":{"@context":"https:\/\/schema.org","@graph":[{"@type":"Article","@id":"https:\/\/www.rri.ro\/de\/aktuell\/wochenspiegel\/die-woche-15-07-19-07-2019-im-ueberblick-id628058.html#article","isPartOf":{"@id":"https:\/\/www.rri.ro\/de\/aktuell\/wochenspiegel\/die-woche-15-07-19-07-2019-im-ueberblick-id628058.html"},"author":{"name":"Newsroom","@id":"https:\/\/www.rri.ro\/#\/schema\/person\/4a479940371b9fdefd194f561e8a7f88"},"headline":"Die Woche 15.07 &#8211; 19.07.2019 im \u00dcberblick","datePublished":"2019-07-20T10:51:00+00:00","mainEntityOfPage":{"@id":"https:\/\/www.rri.ro\/de\/aktuell\/wochenspiegel\/die-woche-15-07-19-07-2019-im-ueberblick-id628058.html"},"wordCount":740,"image":{"@id":"https:\/\/www.rri.ro\/de\/aktuell\/wochenspiegel\/die-woche-15-07-19-07-2019-im-ueberblick-id628058.html#primaryimage"},"thumbnailUrl":"https:\/\/www.rri.ro\/wp-content\/uploads\/2023\/10\/eveniment-top-2019.jpg","articleSection":["Wochenspiegel"],"inLanguage":"de"},{"@type":"WebPage","@id":"https:\/\/www.rri.ro\/de\/aktuell\/wochenspiegel\/die-woche-15-07-19-07-2019-im-ueberblick-id628058.html","url":"https:\/\/www.rri.ro\/de\/aktuell\/wochenspiegel\/die-woche-15-07-19-07-2019-im-ueberblick-id628058.html","name":"Die Woche 15.07 - 19.07.2019 im \u00dcberblick - Radio Rum\u00e4nien International","isPartOf":{"@id":"https:\/\/www.rri.ro\/#website"},"primaryImageOfPage":{"@id":"https:\/\/www.rri.ro\/de\/aktuell\/wochenspiegel\/die-woche-15-07-19-07-2019-im-ueberblick-id628058.html#primaryimage"},"image":{"@id":"https:\/\/www.rri.ro\/de\/aktuell\/wochenspiegel\/die-woche-15-07-19-07-2019-im-ueberblick-id628058.html#primaryimage"},"thumbnailUrl":"https:\/\/www.rri.ro\/wp-content\/uploads\/2023\/10\/eveniment-top-2019.jpg","datePublished":"2019-07-20T10:51:00+00:00","author":{"@id":"https:\/\/www.rri.ro\/#\/schema\/person\/4a479940371b9fdefd194f561e8a7f88"},"breadcrumb":{"@id":"https:\/\/www.rri.ro\/de\/aktuell\/wochenspiegel\/die-woche-15-07-19-07-2019-im-ueberblick-id628058.html#breadcrumb"},"inLanguage":"de","potentialAction":[{"@type":"ReadAction","target":["https:\/\/www.rri.ro\/de\/aktuell\/wochenspiegel\/die-woche-15-07-19-07-2019-im-ueberblick-id628058.html"]}]},{"@type":"ImageObject","inLanguage":"de","@id":"https:\/\/www.rri.ro\/de\/aktuell\/wochenspiegel\/die-woche-15-07-19-07-2019-im-ueberblick-id628058.html#primaryimage","url":"https:\/\/www.rri.ro\/wp-content\/uploads\/2023\/10\/eveniment-top-2019.jpg","contentUrl":"https:\/\/www.rri.ro\/wp-content\/uploads\/2023\/10\/eveniment-top-2019.jpg","width":640,"height":480},{"@type":"BreadcrumbList","@id":"https:\/\/www.rri.ro\/de\/aktuell\/wochenspiegel\/die-woche-15-07-19-07-2019-im-ueberblick-id628058.html#breadcrumb","itemListElement":[{"@type":"ListItem","position":1,"name":"Startseite","item":"https:\/\/www.rri.ro\/de"},{"@type":"ListItem","position":2,"name":"Aktuell","item":"https:\/\/www.rri.ro\/de\/aktuell"},{"@type":"ListItem","position":3,"name":"Wochenspiegel","item":"https:\/\/www.rri.ro\/de\/aktuell\/wochenspiegel"},{"@type":"ListItem","position":4,"name":"Die Woche 15.07 &#8211; 19.07.2019 im \u00dcberblick"}]},{"@type":"WebSite","@id":"https:\/\/www.rri.ro\/#website","url":"https:\/\/www.rri.ro\/","name":"Radio Rum\u00e4nien International","description":"Totul despre Rom\u00e2nia \u015fi rom\u00e2ni, \u00een 13 limbi\/dialecte!","inLanguage":"de"},{"@type":"Person","@id":"https:\/\/www.rri.ro\/#\/schema\/person\/4a479940371b9fdefd194f561e8a7f88","name":"Newsroom","url":"https:\/\/www.rri.ro\/de\/author\/newsroom"}]}},"_links":{"self":[{"href":"https:\/\/www.rri.ro\/de\/wp-json\/wp\/v2\/posts\/628058","targetHints":{"allow":["GET"]}}],"collection":[{"href":"https:\/\/www.rri.ro\/de\/wp-json\/wp\/v2\/posts"}],"about":[{"href":"https:\/\/www.rri.ro\/de\/wp-json\/wp\/v2\/types\/post"}],"author":[{"embeddable":true,"href":"https:\/\/www.rri.ro\/de\/wp-json\/wp\/v2\/users\/113"}],"replies":[{"embeddable":true,"href":"https:\/\/www.rri.ro\/de\/wp-json\/wp\/v2\/comments?post=628058"}],"version-history":[{"count":0,"href":"https:\/\/www.rri.ro\/de\/wp-json\/wp\/v2\/posts\/628058\/revisions"}],"wp:featuredmedia":[{"embeddable":true,"href":"https:\/\/www.rri.ro\/de\/wp-json\/wp\/v2\/media\/124654"}],"wp:attachment":[{"href":"https:\/\/www.rri.ro\/de\/wp-json\/wp\/v2\/media?parent=628058"}],"wp:term":[{"taxonomy":"category","embeddable":true,"href":"https:\/\/www.rri.ro\/de\/wp-json\/wp\/v2\/categories?post=628058"},{"taxonomy":"post_tag","embeddable":true,"href":"https:\/\/www.rri.ro\/de\/wp-json\/wp\/v2\/tags?post=628058"},{"taxonomy":"author","embeddable":true,"href":"https:\/\/www.rri.ro\/de\/wp-json\/wp\/v2\/coauthors?post=628058"}],"curies":[{"name":"wp","href":"https:\/\/api.w.org\/{rel}","templated":true}]}}