{"id":628059,"date":"2019-07-27T16:00:00","date_gmt":"2019-07-27T13:00:00","guid":{"rendered":"http:\/\/devrri.freshlemon.ro\/aktuell\/die-woche-22-07-26-07-2019-im-ueberblick-id628059.html"},"modified":"2019-07-27T16:00:00","modified_gmt":"2019-07-27T13:00:00","slug":"die-woche-22-07-26-07-2019-im-ueberblick","status":"publish","type":"post","link":"https:\/\/www.rri.ro\/de\/aktuell\/wochenspiegel\/die-woche-22-07-26-07-2019-im-ueberblick-id628059.html","title":{"rendered":"Die Woche 22.07.-26.07.2019 im \u00dcberblick"},"content":{"rendered":"<p dir=ltr style=line-height:1.3800000000000001;margin-top:0pt;margin-bottom:10pt;>Zwei neue Minister haben Amt angetreten<\/p>\n<p>&#13;<br \/>\n&#13;<\/p>\n<p dir=ltr style=line-height:1.7999999999999998;margin-top:0pt;margin-bottom:10pt;>In der rum\u00e4nischen Regierung  sitzen seit Mittwoch zwei neue Minister: der Sozialdemokrat Nicolae Moga wird Innenminister, Ramona M\u0103nescu vom Koalitionspartner ALDE ist neue Chefdiplomatin. Die beiden l\u00f6sen ihre Parteikollegen Carmen Dan bzw Teodor Mele\u015fcanu ab. Moga war Senator und Vizepr\u00e4sident des Senats, Ramona M\u0103nescu stie\u200e\u00df erst 2017 zur ALDE und war fr\u00fcher Verkehrsministerin und Europaabgeeordnete. Mihai Fifor wurde zum Vizepremierminister f\u00fcr die Umsetzung der strategischen Partnerschafte ernannt.<\/p>\n<p>&#13;<br \/>\n&#13;<\/p>\n<p dir=ltr style=line-height:1.7999999999999998;margin-top:0pt;margin-bottom:10pt;>\n<p>&#13;<br \/>\n&#13;<\/p>\n<p dir=ltr style=line-height:1.7999999999999998;margin-top:0pt;margin-bottom:10pt;>Auslandsrum\u00e4nen sollen leichter w\u00e4hlen k\u00f6nnen <\/p>\n<p>&#13;<br \/>\n&#13;<\/p>\n<p dir=ltr style=line-height:1.7999999999999998;margin-top:0pt;margin-bottom:10pt;>Staatschef Klaus Iohannis hat das neue Wahlrecht in Kraft gesetzt, das f\u00fcr Rum\u00e4nen im Ausland die Abstimmungs am Freitag, Samstag und Sonntag sowie die Briefwahl erm\u00f6glicht. Somit sollen Situationen wie bei den Europwahlen vermieden werden, als viele Menschen trotz stundenlangen Wartens nicht w\u00e4hlen konnten. Wer sich bei Wahlterminschluss auf dem Gel\u00e4nde des Wahllokals befindet, kann noch bis 24 Uhr abstimmen. Wer im Ausland lebt, muss sich bei der Wahlbeh\u00f6rde registrieren lassen und kann dann auch per Post abstimmen. Die Beteiligung an den Wahlen ist f\u00fcr die Auslandsrum\u00e4nen besonders wichtig  &#8211; immerhin leben fast 10 Millionen von ihnen au\u200e\u00dferhalb der Landesgrenzen, wie eine Erfassung der Daten aus 70 Botschaften ergab. Natalia Intotero, die f\u00fcr die Belange der Auslandsrum\u00e4nen zust\u00f6ndige Ministerin, k\u00fcndigte neue Pl\u00e4ne zur Eingliederungshilfe f\u00fcr Heimkehrer an. Das Parlament soll sich damit im September befassen.<\/p>\n<p>&#13;<br \/>\n&#13;<\/p>\n<p dir=ltr style=line-height:1.7999999999999998;margin-top:0pt;margin-bottom:10pt;>\n<p>&#13;<br \/>\n&#13;<\/p>\n<p dir=ltr style=line-height:1.7999999999999998;margin-top:0pt;margin-bottom:10pt;>EU-Kommission verwarnt Rum\u00e4nien<\/p>\n<p>&#13;<br \/>\n&#13;<\/p>\n<p dir=ltr style=line-height:1.7999999999999998;margin-top:0pt;margin-bottom:10pt;>Rum\u00e4nien drohen 11 Vertragsverletzungsverfahren der Europ\u00e4ischen Kommission, die auf ein Systemversagen im Hinblick auf die \u00dcberwachung der Umweltverschmutzung beruhen und au\u200e\u00dferdem die Nichtumsetzung von Vorschriften in Bereichen wie Finanzdienstleistungen, Schusswaffen oder der illegalen Einwanderung betreffen. Die Umweltbeh\u00f6rden in Bukarest haben eine baldige L\u00f6sung der Probleme in Aussicht gestellt. Die Kommission hat Rum\u00e4nien am Donnerstag zudem ermahnt, mehrere Beschr\u00e4nkungen des Gashandels zwischen Mitgliedstaaten gem\u00e4\u200e\u00df den europ\u00e4ischen Vorschriften nicht aufgehoben zu haben. Die Kommission stellte fest, dass die \u00c4nderungen des Energiegesetzes die Verpflichtung zum vorrangigen Verkauf von Erdgas auf dem Inlandsmarkt aufrechterhalten, was einen Versto\u200e\u00df gegen das EU-Recht darstellt und ungerechtfertigte Hemmnisse f\u00fcr die Gasausfuhren aus Rum\u00e4nien schafft. Ein weiteres Verfahren wurde eingeleitet, weil Rum\u00e4nie die europ\u00e4ischen Vorschriften zur Bek\u00e4mpfung des sexuellen Missbrauchs von Kindern, der sexuellen Ausbeutung von Kindern und der Kinderpornografie nicht umsetzt.<\/p>\n<p>&#13;<br \/>\n&#13;<\/p>\n<p dir=ltr style=line-height:1.7999999999999998;margin-top:0pt;margin-bottom:10pt;>\n<p>&#13;<br \/>\n&#13;<\/p>\n<p dir=ltr style=line-height:1.7999999999999998;margin-top:0pt;margin-bottom:10pt;>Rum\u00e4nischer Diplomat ist Interimschef der IAEA <\/p>\n<p>&#13;<br \/>\n&#13;<\/p>\n<p dir=ltr style=line-height:1.7999999999999998;margin-top:0pt;margin-bottom:10pt;>Der rum\u00e4nische Karrierediplomat Cornel Feru\u0163\u0103 ist Interims-Gesch\u00e4ftsf\u00fchrer der Internationalen Atomenergieagentur. Der seit mehr als 20 Jahren im diplomatischen Dienst t\u00e4tige Feru\u0163\u0103 soll die Gesch\u00e4fte der Agentur koordinieren, bis ein neuer Beh\u00f6rdenleiter ernannt wird. Der bisherige Gesch\u00e4ftsf\u00fchrer Yukiya Amano, dessen B\u00fcrochef der Rum\u00e4ne war, ist \u00fcberraschend verstorben, w\u00e4hrend intensive diplomatische Gespr\u00e4che in der iranischen Nuklearfrage laufen. Cornel Feru\u021b\u0103 war zwischen 2007-2012, auch st\u00e4ndiger Vertreter Rum\u00e4niens bei den internationalen Organisationen in Wien. <\/p>\n<p>&#13;<br \/>\n&#13;<\/p>\n<p dir=ltr style=line-height:1.7999999999999998;margin-top:0pt;margin-bottom:10pt;>\n<p>&#13;<br \/>\n&#13;<\/p>\n<p dir=ltr style=line-height:1.7999999999999998;margin-top:0pt;margin-bottom:10pt;>Rum\u00e4nische Fu\u200e\u00dfballklubs mit durchwachsener Leistung in Europa<\/p>\n<p>&#13;<br \/>\n&#13;<\/p>\n<p dir=ltr style=line-height:1.7999999999999998;margin-top:0pt;margin-bottom:10pt;>Der rum\u00e4nische Fu\u200e\u00dfball-Vizemeister FCSB (fr\u00fcher Steaua Bucure\u015fti) hat am Donnerstag die armenische Mannschaft vom Ala\u015fkert FC im Hinspiel der zweiten Runde der Europa League 3-0 besiegt. In Ungarn trennten sich CSU Craiova und Honved Budapest unentschieden 0-0. Beides ware Ausw\u00e4rtsspiele. Der rum\u00e4nische Pokalsieger Viitorul Constan\u0163a unterlag 3-6 gegen den KAA Gent aus Belgien. Die R\u00fcckspiele finden n\u00e4chste Woche statt. Im Hinspiel der zweiten Vorrunde der Champions League siegte CFR Cluj vor eigenem Publikum 1-0 gegen die Israelis von Maccabi Tel Aviv, das R\u00fcckspiel ist f\u00fcr den 30. Juli in Israel geplant. <\/p>\n<p>&#13;<br \/>\n&#13;<\/p>\n<p dir=ltr style=line-height:1.7999999999999998;margin-top:0pt;margin-bottom:10pt;>\n<p>&#13;<br \/>\n&#13;<\/p>\n<p>&#13;\n <\/p>\n<p>&#13;<\/p>\n","protected":false},"excerpt":{"rendered":"<p>Zwei neue Minister haben Amt angetreten &#13; &#13; In der rum\u00e4nischen Regierung sitzen seit Mittwoch zwei neue Minister: der Sozialdemokrat Nicolae Moga wird Innenminister, Ramona M\u0103nescu vom Koalitionspartner ALDE ist neue Chefdiplomatin. Die beiden l\u00f6sen ihre Parteikollegen Carmen Dan bzw Teodor Mele\u015fcanu ab. Moga war Senator und Vizepr\u00e4sident des Senats, Ramona M\u0103nescu stie\u200e\u00df erst 2017 [&hellip;]<\/p>\n","protected":false},"author":113,"featured_media":124654,"comment_status":"closed","ping_status":"closed","sticky":false,"template":"","format":"standard","meta":{"_acf_changed":false,"footnotes":""},"categories":[116751],"tags":[],"coauthors":[],"class_list":["post-628059","post","type-post","status-publish","format-standard","has-post-thumbnail","hentry","category-wochenspiegel"],"acf":[],"yoast_head":"<!-- This site is optimized with the Yoast SEO plugin v27.3 - https:\/\/yoast.com\/product\/yoast-seo-wordpress\/ -->\n<title>Die Woche 22.07.-26.07.2019 im \u00dcberblick - Radio Rum\u00e4nien International<\/title>\n<meta name=\"robots\" content=\"index, follow, max-snippet:-1, max-image-preview:large, max-video-preview:-1\" \/>\n<link rel=\"canonical\" href=\"https:\/\/www.rri.ro\/de\/aktuell\/wochenspiegel\/die-woche-22-07-26-07-2019-im-ueberblick-id628059.html\" \/>\n<meta property=\"og:locale\" content=\"de_DE\" \/>\n<meta property=\"og:type\" content=\"article\" \/>\n<meta property=\"og:title\" content=\"Die Woche 22.07.-26.07.2019 im \u00dcberblick - Radio Rum\u00e4nien International\" \/>\n<meta property=\"og:description\" content=\"Zwei neue Minister haben Amt angetreten &#013; &#013; In der rum\u00e4nischen Regierung sitzen seit Mittwoch zwei neue Minister: der Sozialdemokrat Nicolae Moga wird Innenminister, Ramona M\u0103nescu vom Koalitionspartner ALDE ist neue Chefdiplomatin. Die beiden l\u00f6sen ihre Parteikollegen Carmen Dan bzw Teodor Mele\u015fcanu ab. Moga war Senator und Vizepr\u00e4sident des Senats, Ramona M\u0103nescu stie\u200e\u00df erst 2017 [&hellip;]\" \/>\n<meta property=\"og:url\" content=\"https:\/\/www.rri.ro\/de\/aktuell\/wochenspiegel\/die-woche-22-07-26-07-2019-im-ueberblick-id628059.html\" \/>\n<meta property=\"og:site_name\" content=\"Radio Rum\u00e4nien International\" \/>\n<meta property=\"article:published_time\" content=\"2019-07-27T13:00:00+00:00\" \/>\n<meta property=\"og:image\" content=\"https:\/\/www.rri.ro\/wp-content\/uploads\/2023\/10\/eveniment-top-2019.jpg\" \/>\n\t<meta property=\"og:image:width\" content=\"640\" \/>\n\t<meta property=\"og:image:height\" content=\"480\" \/>\n\t<meta property=\"og:image:type\" content=\"image\/jpeg\" \/>\n<meta name=\"author\" content=\"Newsroom\" \/>\n<meta name=\"twitter:card\" content=\"summary_large_image\" \/>\n<meta name=\"twitter:label1\" content=\"Verfasst von\" \/>\n\t<meta name=\"twitter:data1\" content=\"Newsroom\" \/>\n\t<meta name=\"twitter:label2\" content=\"Gesch\u00e4tzte Lesezeit\" \/>\n\t<meta name=\"twitter:data2\" content=\"3\u00a0Minuten\" \/>\n\t<meta name=\"twitter:label3\" content=\"Written by\" \/>\n\t<meta name=\"twitter:data3\" content=\"Newsroom\" \/>\n<script type=\"application\/ld+json\" class=\"yoast-schema-graph\">{\"@context\":\"https:\\\/\\\/schema.org\",\"@graph\":[{\"@type\":\"Article\",\"@id\":\"https:\\\/\\\/www.rri.ro\\\/de\\\/aktuell\\\/wochenspiegel\\\/die-woche-22-07-26-07-2019-im-ueberblick-id628059.html#article\",\"isPartOf\":{\"@id\":\"https:\\\/\\\/www.rri.ro\\\/de\\\/aktuell\\\/wochenspiegel\\\/die-woche-22-07-26-07-2019-im-ueberblick-id628059.html\"},\"author\":{\"name\":\"Newsroom\",\"@id\":\"https:\\\/\\\/www.rri.ro\\\/#\\\/schema\\\/person\\\/4a479940371b9fdefd194f561e8a7f88\"},\"headline\":\"Die Woche 22.07.-26.07.2019 im \u00dcberblick\",\"datePublished\":\"2019-07-27T13:00:00+00:00\",\"mainEntityOfPage\":{\"@id\":\"https:\\\/\\\/www.rri.ro\\\/de\\\/aktuell\\\/wochenspiegel\\\/die-woche-22-07-26-07-2019-im-ueberblick-id628059.html\"},\"wordCount\":590,\"image\":{\"@id\":\"https:\\\/\\\/www.rri.ro\\\/de\\\/aktuell\\\/wochenspiegel\\\/die-woche-22-07-26-07-2019-im-ueberblick-id628059.html#primaryimage\"},\"thumbnailUrl\":\"https:\\\/\\\/www.rri.ro\\\/wp-content\\\/uploads\\\/2023\\\/10\\\/eveniment-top-2019.jpg\",\"articleSection\":[\"Wochenspiegel\"],\"inLanguage\":\"de\"},{\"@type\":\"WebPage\",\"@id\":\"https:\\\/\\\/www.rri.ro\\\/de\\\/aktuell\\\/wochenspiegel\\\/die-woche-22-07-26-07-2019-im-ueberblick-id628059.html\",\"url\":\"https:\\\/\\\/www.rri.ro\\\/de\\\/aktuell\\\/wochenspiegel\\\/die-woche-22-07-26-07-2019-im-ueberblick-id628059.html\",\"name\":\"Die Woche 22.07.-26.07.2019 im \u00dcberblick - Radio Rum\u00e4nien International\",\"isPartOf\":{\"@id\":\"https:\\\/\\\/www.rri.ro\\\/#website\"},\"primaryImageOfPage\":{\"@id\":\"https:\\\/\\\/www.rri.ro\\\/de\\\/aktuell\\\/wochenspiegel\\\/die-woche-22-07-26-07-2019-im-ueberblick-id628059.html#primaryimage\"},\"image\":{\"@id\":\"https:\\\/\\\/www.rri.ro\\\/de\\\/aktuell\\\/wochenspiegel\\\/die-woche-22-07-26-07-2019-im-ueberblick-id628059.html#primaryimage\"},\"thumbnailUrl\":\"https:\\\/\\\/www.rri.ro\\\/wp-content\\\/uploads\\\/2023\\\/10\\\/eveniment-top-2019.jpg\",\"datePublished\":\"2019-07-27T13:00:00+00:00\",\"author\":{\"@id\":\"https:\\\/\\\/www.rri.ro\\\/#\\\/schema\\\/person\\\/4a479940371b9fdefd194f561e8a7f88\"},\"breadcrumb\":{\"@id\":\"https:\\\/\\\/www.rri.ro\\\/de\\\/aktuell\\\/wochenspiegel\\\/die-woche-22-07-26-07-2019-im-ueberblick-id628059.html#breadcrumb\"},\"inLanguage\":\"de\",\"potentialAction\":[{\"@type\":\"ReadAction\",\"target\":[\"https:\\\/\\\/www.rri.ro\\\/de\\\/aktuell\\\/wochenspiegel\\\/die-woche-22-07-26-07-2019-im-ueberblick-id628059.html\"]}]},{\"@type\":\"ImageObject\",\"inLanguage\":\"de\",\"@id\":\"https:\\\/\\\/www.rri.ro\\\/de\\\/aktuell\\\/wochenspiegel\\\/die-woche-22-07-26-07-2019-im-ueberblick-id628059.html#primaryimage\",\"url\":\"https:\\\/\\\/www.rri.ro\\\/wp-content\\\/uploads\\\/2023\\\/10\\\/eveniment-top-2019.jpg\",\"contentUrl\":\"https:\\\/\\\/www.rri.ro\\\/wp-content\\\/uploads\\\/2023\\\/10\\\/eveniment-top-2019.jpg\",\"width\":640,\"height\":480},{\"@type\":\"BreadcrumbList\",\"@id\":\"https:\\\/\\\/www.rri.ro\\\/de\\\/aktuell\\\/wochenspiegel\\\/die-woche-22-07-26-07-2019-im-ueberblick-id628059.html#breadcrumb\",\"itemListElement\":[{\"@type\":\"ListItem\",\"position\":1,\"name\":\"Startseite\",\"item\":\"https:\\\/\\\/www.rri.ro\\\/de\"},{\"@type\":\"ListItem\",\"position\":2,\"name\":\"Aktuell\",\"item\":\"https:\\\/\\\/www.rri.ro\\\/de\\\/aktuell\"},{\"@type\":\"ListItem\",\"position\":3,\"name\":\"Wochenspiegel\",\"item\":\"https:\\\/\\\/www.rri.ro\\\/de\\\/aktuell\\\/wochenspiegel\"},{\"@type\":\"ListItem\",\"position\":4,\"name\":\"Die Woche 22.07.-26.07.2019 im \u00dcberblick\"}]},{\"@type\":\"WebSite\",\"@id\":\"https:\\\/\\\/www.rri.ro\\\/#website\",\"url\":\"https:\\\/\\\/www.rri.ro\\\/\",\"name\":\"Radio Rum\u00e4nien International\",\"description\":\"Totul despre Rom\u00e2nia \u015fi rom\u00e2ni, \u00een 13 limbi\\\/dialecte!\",\"inLanguage\":\"de\"},{\"@type\":\"Person\",\"@id\":\"https:\\\/\\\/www.rri.ro\\\/#\\\/schema\\\/person\\\/4a479940371b9fdefd194f561e8a7f88\",\"name\":\"Newsroom\",\"url\":\"https:\\\/\\\/www.rri.ro\\\/de\\\/author\\\/newsroom\"}]}<\/script>\n<!-- \/ Yoast SEO plugin. -->","yoast_head_json":{"title":"Die Woche 22.07.-26.07.2019 im \u00dcberblick - Radio Rum\u00e4nien International","robots":{"index":"index","follow":"follow","max-snippet":"max-snippet:-1","max-image-preview":"max-image-preview:large","max-video-preview":"max-video-preview:-1"},"canonical":"https:\/\/www.rri.ro\/de\/aktuell\/wochenspiegel\/die-woche-22-07-26-07-2019-im-ueberblick-id628059.html","og_locale":"de_DE","og_type":"article","og_title":"Die Woche 22.07.-26.07.2019 im \u00dcberblick - Radio Rum\u00e4nien International","og_description":"Zwei neue Minister haben Amt angetreten &#13; &#13; In der rum\u00e4nischen Regierung sitzen seit Mittwoch zwei neue Minister: der Sozialdemokrat Nicolae Moga wird Innenminister, Ramona M\u0103nescu vom Koalitionspartner ALDE ist neue Chefdiplomatin. Die beiden l\u00f6sen ihre Parteikollegen Carmen Dan bzw Teodor Mele\u015fcanu ab. Moga war Senator und Vizepr\u00e4sident des Senats, Ramona M\u0103nescu stie\u200e\u00df erst 2017 [&hellip;]","og_url":"https:\/\/www.rri.ro\/de\/aktuell\/wochenspiegel\/die-woche-22-07-26-07-2019-im-ueberblick-id628059.html","og_site_name":"Radio Rum\u00e4nien International","article_published_time":"2019-07-27T13:00:00+00:00","og_image":[{"width":640,"height":480,"url":"https:\/\/www.rri.ro\/wp-content\/uploads\/2023\/10\/eveniment-top-2019.jpg","type":"image\/jpeg"}],"author":"Newsroom","twitter_card":"summary_large_image","twitter_misc":{"Verfasst von":"Newsroom","Gesch\u00e4tzte Lesezeit":"3\u00a0Minuten","Written by":"Newsroom"},"schema":{"@context":"https:\/\/schema.org","@graph":[{"@type":"Article","@id":"https:\/\/www.rri.ro\/de\/aktuell\/wochenspiegel\/die-woche-22-07-26-07-2019-im-ueberblick-id628059.html#article","isPartOf":{"@id":"https:\/\/www.rri.ro\/de\/aktuell\/wochenspiegel\/die-woche-22-07-26-07-2019-im-ueberblick-id628059.html"},"author":{"name":"Newsroom","@id":"https:\/\/www.rri.ro\/#\/schema\/person\/4a479940371b9fdefd194f561e8a7f88"},"headline":"Die Woche 22.07.-26.07.2019 im \u00dcberblick","datePublished":"2019-07-27T13:00:00+00:00","mainEntityOfPage":{"@id":"https:\/\/www.rri.ro\/de\/aktuell\/wochenspiegel\/die-woche-22-07-26-07-2019-im-ueberblick-id628059.html"},"wordCount":590,"image":{"@id":"https:\/\/www.rri.ro\/de\/aktuell\/wochenspiegel\/die-woche-22-07-26-07-2019-im-ueberblick-id628059.html#primaryimage"},"thumbnailUrl":"https:\/\/www.rri.ro\/wp-content\/uploads\/2023\/10\/eveniment-top-2019.jpg","articleSection":["Wochenspiegel"],"inLanguage":"de"},{"@type":"WebPage","@id":"https:\/\/www.rri.ro\/de\/aktuell\/wochenspiegel\/die-woche-22-07-26-07-2019-im-ueberblick-id628059.html","url":"https:\/\/www.rri.ro\/de\/aktuell\/wochenspiegel\/die-woche-22-07-26-07-2019-im-ueberblick-id628059.html","name":"Die Woche 22.07.-26.07.2019 im \u00dcberblick - Radio Rum\u00e4nien International","isPartOf":{"@id":"https:\/\/www.rri.ro\/#website"},"primaryImageOfPage":{"@id":"https:\/\/www.rri.ro\/de\/aktuell\/wochenspiegel\/die-woche-22-07-26-07-2019-im-ueberblick-id628059.html#primaryimage"},"image":{"@id":"https:\/\/www.rri.ro\/de\/aktuell\/wochenspiegel\/die-woche-22-07-26-07-2019-im-ueberblick-id628059.html#primaryimage"},"thumbnailUrl":"https:\/\/www.rri.ro\/wp-content\/uploads\/2023\/10\/eveniment-top-2019.jpg","datePublished":"2019-07-27T13:00:00+00:00","author":{"@id":"https:\/\/www.rri.ro\/#\/schema\/person\/4a479940371b9fdefd194f561e8a7f88"},"breadcrumb":{"@id":"https:\/\/www.rri.ro\/de\/aktuell\/wochenspiegel\/die-woche-22-07-26-07-2019-im-ueberblick-id628059.html#breadcrumb"},"inLanguage":"de","potentialAction":[{"@type":"ReadAction","target":["https:\/\/www.rri.ro\/de\/aktuell\/wochenspiegel\/die-woche-22-07-26-07-2019-im-ueberblick-id628059.html"]}]},{"@type":"ImageObject","inLanguage":"de","@id":"https:\/\/www.rri.ro\/de\/aktuell\/wochenspiegel\/die-woche-22-07-26-07-2019-im-ueberblick-id628059.html#primaryimage","url":"https:\/\/www.rri.ro\/wp-content\/uploads\/2023\/10\/eveniment-top-2019.jpg","contentUrl":"https:\/\/www.rri.ro\/wp-content\/uploads\/2023\/10\/eveniment-top-2019.jpg","width":640,"height":480},{"@type":"BreadcrumbList","@id":"https:\/\/www.rri.ro\/de\/aktuell\/wochenspiegel\/die-woche-22-07-26-07-2019-im-ueberblick-id628059.html#breadcrumb","itemListElement":[{"@type":"ListItem","position":1,"name":"Startseite","item":"https:\/\/www.rri.ro\/de"},{"@type":"ListItem","position":2,"name":"Aktuell","item":"https:\/\/www.rri.ro\/de\/aktuell"},{"@type":"ListItem","position":3,"name":"Wochenspiegel","item":"https:\/\/www.rri.ro\/de\/aktuell\/wochenspiegel"},{"@type":"ListItem","position":4,"name":"Die Woche 22.07.-26.07.2019 im \u00dcberblick"}]},{"@type":"WebSite","@id":"https:\/\/www.rri.ro\/#website","url":"https:\/\/www.rri.ro\/","name":"Radio Rum\u00e4nien International","description":"Totul despre Rom\u00e2nia \u015fi rom\u00e2ni, \u00een 13 limbi\/dialecte!","inLanguage":"de"},{"@type":"Person","@id":"https:\/\/www.rri.ro\/#\/schema\/person\/4a479940371b9fdefd194f561e8a7f88","name":"Newsroom","url":"https:\/\/www.rri.ro\/de\/author\/newsroom"}]}},"_links":{"self":[{"href":"https:\/\/www.rri.ro\/de\/wp-json\/wp\/v2\/posts\/628059","targetHints":{"allow":["GET"]}}],"collection":[{"href":"https:\/\/www.rri.ro\/de\/wp-json\/wp\/v2\/posts"}],"about":[{"href":"https:\/\/www.rri.ro\/de\/wp-json\/wp\/v2\/types\/post"}],"author":[{"embeddable":true,"href":"https:\/\/www.rri.ro\/de\/wp-json\/wp\/v2\/users\/113"}],"replies":[{"embeddable":true,"href":"https:\/\/www.rri.ro\/de\/wp-json\/wp\/v2\/comments?post=628059"}],"version-history":[{"count":0,"href":"https:\/\/www.rri.ro\/de\/wp-json\/wp\/v2\/posts\/628059\/revisions"}],"wp:featuredmedia":[{"embeddable":true,"href":"https:\/\/www.rri.ro\/de\/wp-json\/wp\/v2\/media\/124654"}],"wp:attachment":[{"href":"https:\/\/www.rri.ro\/de\/wp-json\/wp\/v2\/media?parent=628059"}],"wp:term":[{"taxonomy":"category","embeddable":true,"href":"https:\/\/www.rri.ro\/de\/wp-json\/wp\/v2\/categories?post=628059"},{"taxonomy":"post_tag","embeddable":true,"href":"https:\/\/www.rri.ro\/de\/wp-json\/wp\/v2\/tags?post=628059"},{"taxonomy":"author","embeddable":true,"href":"https:\/\/www.rri.ro\/de\/wp-json\/wp\/v2\/coauthors?post=628059"}],"curies":[{"name":"wp","href":"https:\/\/api.w.org\/{rel}","templated":true}]}}