{"id":628061,"date":"2019-08-10T13:00:00","date_gmt":"2019-08-10T10:00:00","guid":{"rendered":"http:\/\/devrri.freshlemon.ro\/aktuell\/die-woche-05-08-09-08-2019-im-ueberblick-id628061.html"},"modified":"2019-08-10T13:00:00","modified_gmt":"2019-08-10T10:00:00","slug":"die-woche-05-08-09-08-2019-im-ueberblick","status":"publish","type":"post","link":"https:\/\/www.rri.ro\/de\/aktuell\/wochenspiegel\/die-woche-05-08-09-08-2019-im-ueberblick-id628061.html","title":{"rendered":"Die Woche 05.08. &#8211; 09.08.2019 im \u00dcberblick"},"content":{"rendered":"<p><strong>Die Ermittlungen im Fall Caracal werden fortgesetzt<\/strong><\/p>\n<p>&#13;<br \/>\n&#13;<\/p>\n<p>&#13;<br \/>\n&#13;<\/p>\n<p>Rum\u00e4nische Ermittler setzten auch diese Woche die Durchsuchungen im Haus von Gheorghe Dinc\u0103 in Caracal (S\u00fcdrum\u00e4nien) fort. Nach seiner Festnahme vor zwei Wochen hatte der 66-j\u00e4hrige Gheorghe Dinc\u0103 erkl\u00e4rt, dass er zwei junge M\u00e4dchen im Alter von 15 und 18 Jahren get\u00f6tet habe. In diesem Fall wurden auch mehrere Personen angeh\u00f6rt und IT-Durchsuchungen auf einigen Computern und anderen Speichermedien durchgef\u00fchrt. Auf den Doppelmord in Caracal ist auch Europa aufmerksam geworden &#8211; der Pr\u00e4sident des Europ\u00e4ischen Parlaments, David Sassoli, hat in einer Reaktion auf Twitter auf den Fall wirksamere Ma\u200e\u00dfnahmen zur Pr\u00e4vention von Kriminalit\u00e4t und Gewalt gegen Frauen gefordert. Am 24. Juli verschwand die 15-j\u00e4hrige Alexandra Macesanu, als sie per Anhalter aus ihrem Dorf nach Caracal fuhr. Sie rief dreimal die Notrufnummer 112 an, und sagte, sie sei von einem Mann entf\u00fchrt worden, doch die Beh\u00f6rden konnten sie nicht finden. Die Ermittler begannen erst am Morgen des 26. Juli, 19 Stunden nach dem Anruf des M\u00e4dchens, das Haus des 66 Jahre alten Verd\u00e4chtigen Gheorghe Dinca zu durchsuchen. Die Justiz kl\u00e4rt im Moment au\u200e\u00dfer den Tatumst\u00e4nden auch, wie es zu den Pannen bei der Aufkl\u00e4rung und beim Einsatz gegen den Verd\u00e4chtigen kommen konnte. Mehrere Polizeichefs, Dienststellenleiter anderer Beh\u00f6rden und Politiker  wurden bereits entlassen oder k\u00fcndigten. Die Sektion f\u00fcr Staatsanw\u00e4lte des Obersten Richterrates hat die Gerichtskontrollstelle aufgefordert, Kontrollen bei DIICOT, bei Staatsanwaltschaften und bei Gerichten durchzuf\u00fchren. Es soll gepr\u00fcft werden, wie in F\u00e4llen von Menschenhandel, Minderj\u00e4hrigenhandel, sowie Freiheitsberaubung und Mord im Zusammenhang mit vermissten Personen ermittelt wurde.<\/p>\n<p>&#13;<br \/>\n&#13;<\/p>\n<p>&#13;<br \/>\n&#13;<\/p>\n<p><strong>Die rum\u00e4nische Exekutive plant die Reform des Rettungsdienstes 112<\/strong><\/p>\n<p>&#13;<br \/>\n&#13;<\/p>\n<p>&#13;<br \/>\n&#13;<\/p>\n<p>Am Mittwoch hat der Staatssekret\u00e4r im Innenministerium, Raed Arafat, mehrere Ma\u200e\u00dfnahmen zur Reform des Rettungsdienstes 112 angek\u00fcndigt. In einer Pressemitteilung sagte er, dass die Gesetzgebung umgehend verbessert werden m\u00fcsse. Ferner sollten mehr Fachleute im Notrufdienst 112 ausgebildet werden; zu diesem Zweck werden im ganzen Land mehrerer Ausbildungszentren eingerichtet. Die Premierministerin Viorica Dancila erkl\u00e4rte, sie habe Nulltoleranz f\u00fcr den Mangel an Menschlichkeit und Respekt vor dem B\u00fcrger und sagte, dass die Exekutive eine Eilverordnung erlassen werde, um die Strafen f\u00fcr M\u00f6rder, Vergewaltiger und P\u00e4dophile bis zu lebenslangen Freiheitsstrafen zu versch\u00e4rfen. Seinerseits sagte Interimsinnenminister Mihai Fifor, er habe eine Reform des Innenministeriums  vorgeschlagen. Mihai Fifor versprach, alles in seiner Macht Stehende zu tun, um die Kriminalit\u00e4t in Rum\u00e4nien zu bek\u00e4mpfen. Die Exekutive analysierte in erster Lesung den Gesetzentwurf zur Suche nach vermissten Personen. Das Projekt bietet die M\u00f6glichkeit, die vermisste Person zu lokalisieren, ohne vorher ein Strafverfahren einzuleiten. Ferner sollen im Rahmen der Polizei die Zentraleinheit &#8222;Vermisste Personen&#8220; und die Noteinsatzleitstelle &#8222;Vermisste Kinder&#8220; eingerichtet werden.<\/p>\n<p>&#13;<br \/>\n&#13;<\/p>\n<p>&#13;<br \/>\n&#13;<\/p>\n<p><strong>Die Bukarester Regierung hat die erste Haushaltskorrektur in diesem Jahr verschoben <\/strong><\/p>\n<p>&#13;<br \/>\n&#13;<\/p>\n<p>&#13;<br \/>\n&#13;<\/p>\n<p>Die Bukarester Regierung hat die erste Haushaltskorrektur in diesem Jahr verschoben. Dazu geh\u00f6ren K\u00fcrzungen beim Verkehrsministerium, beim Ministerium f\u00fcr europ\u00e4ische Fonds, beim Ministerium f\u00fcr Unternehmensumwelt, Landwirtschaft, Forschung, Bildung und beim Generalsekretariat der Regierung. Zus\u00e4tzliche Mittel erhalten das Finanzministerium (ein gro\u200e\u00dfer Teil dieser Mittel stellen den Beitrag Rum\u00e4niens zum EU-Haushalt dar), das Umweltministerium, das Arbeitsministerium, der Innennachrichtendienst SRI, und das Ministerium f\u00fcr Regionalentwicklung. Au\u200e\u00dferdem stellt das Projekt &#8222;Haushaltsberichtigung&#8220; die notwendigen Betr\u00e4ge f\u00fcr Renten und Geh\u00e4lter, aber auch die Betr\u00e4ge f\u00fcr die R\u00fcckerstattung der Sondersteuer und der Umweltsteuer f\u00fcr Autos bereit. Die Opposition beklagt die K\u00fcrzungen in wichtigen Bereichen und die geringeren Investitionsmittel. Mehrere Verb\u00e4nde, Koalitionen und Gewerkschaften sind ebenfalls unzufrieden mit dem Entwurf der Haushaltskorrektur. Der Finanzminister Eugen Teodorovici argumentiert jedoch, dass die Haushaltsberichtigung keine K\u00fcrzungen bei den Ministerien vorsieht, und dass die Korrektur positiv ausfallen wird.<\/p>\n<p>&#13;<br \/>\n&#13;<\/p>\n<p>&#13;<br \/>\n&#13;<\/p>\n<p><strong>Der Gouverneur der Zentralbank, Mugur Isarescu hat den Quartalsbericht \u00fcber die Inflation vorgelegt<\/strong><\/p>\n<p>&#13;<br \/>\n&#13;<\/p>\n<p>&#13;<br \/>\n&#13;<\/p>\n<p>Die Rum\u00e4nische Nationalbank hat die Inflationssch\u00e4tzung von 4,2% f\u00fcr Ende dieses Jahres und eine Sch\u00e4tzung von 3,4% f\u00fcr das n\u00e4chste Jahr beibehalten, hat der Gouverneur der Zentralbank, Mugur Isarescu, am Donnerstag bekanntgegeben. Isarescu hat den Quartalsbericht \u00fcber die Inflation vorgelegt. Im Mai hatte die Zentralbank eine Inflationsrate von 3,3% f\u00fcr Dezember 2020 prognostiziert. Nach Angaben der Bank wird die j\u00e4hrliche Inflationsrate auch in der zweiten Jahresh\u00e4lfte 2019 vor dem Hintergrund eines negativen Schocks im ersten Halbjahr au\u200e\u00dferhalb des Ziels liegen. Sp\u00e4ter wird die Inflationsrate in der oberen H\u00e4lfte des Ziels einer relativ stabilen Linie folgen, da die Auswirkungen dieses Schocks nachlassen werden.<\/p>\n<p>&#13;<br \/>\n&#13;<\/p>\n<p>&#13;<br \/>\n&#13;<\/p>\n<p><strong>Klaus Iohannis und Donald Trump kommen im Wei\u200e\u00dfen Haus zusammen<\/strong><\/p>\n<p>&#13;<br \/>\n&#13;<\/p>\n<p>&#13;<br \/>\n&#13;<\/p>\n<p>Rum\u00e4niens Pr\u00e4sident Klaus Iohannis wird am 20. August von US-Pr\u00e4sident Donald Trump im Wei\u200e\u00dfen Haus empfangen &#8211; das wurde am Dienstag in Bukarest und Washington angek\u00fcndigt. Die Erkl\u00e4rung des Wei\u200e\u00dfen Hauses zeigt, dass Pr\u00e4sident Donald Trump erfreut ist, mit seinem rum\u00e4nischen Amtskollegen den 30. Jahrestag des Falls des Kommunismus in Rum\u00e4nien und 15 Jahre seit dem NATO-Beitritt Rum\u00e4niens zu feiern. Aus Washington wurde bekanntgegeben, dass die Pr\u00e4sidenten Iohannis und Trump pr\u00fcfen werden, wie sie am besten auf die Sicherheitsherausforderungen f\u00fcr Rum\u00e4nien und die Vereinigten Staaten reagieren sollen, aber auch, wie Partnerschaften aufgebaut werden k\u00f6nnen, die beiden L\u00e4ndern in den Bereichen Handel und Energie zugute kommen. Laut einem Communique der rum\u00e4nischen Pr\u00e4sidentschaft werden Donald Trump und Klaus Iohannis \u00fcber die St\u00e4rkung und Weiterentwicklung der Strategischen Partnerschaft in all ihren Dimensionen, einschlie\u200e\u00dflich Sicherheit und Wirtschaft, diskutieren. Der rum\u00e4nische Staatschef wird auch hervorheben, dass eine Priorit\u00e4t der rum\u00e4nischen Au\u200e\u00dfenpolitik darin besteht, die transatlantischen Beziehungen und die Sicherheit des euroatlantischen Raums zu st\u00e4rken, steht noch im Communique der rum\u00e4nischen Pr\u00e4sidentschaft.<\/p>\n<p>&#13;<br \/>\n&#13;<\/p>\n<p>&#13;<\/p>\n","protected":false},"excerpt":{"rendered":"<p>Die Ermittlungen im Fall Caracal werden fortgesetzt &#13; &#13; &#13; &#13; Rum\u00e4nische Ermittler setzten auch diese Woche die Durchsuchungen im Haus von Gheorghe Dinc\u0103 in Caracal (S\u00fcdrum\u00e4nien) fort. Nach seiner Festnahme vor zwei Wochen hatte der 66-j\u00e4hrige Gheorghe Dinc\u0103 erkl\u00e4rt, dass er zwei junge M\u00e4dchen im Alter von 15 und 18 Jahren get\u00f6tet habe. In [&hellip;]<\/p>\n","protected":false},"author":107,"featured_media":124654,"comment_status":"closed","ping_status":"closed","sticky":false,"template":"","format":"standard","meta":{"_acf_changed":false,"footnotes":""},"categories":[116751],"tags":[33919,34932,104696,116985,143977,29125,99625,100241,161729],"coauthors":[],"class_list":["post-628061","post","type-post","status-publish","format-standard","has-post-thumbnail","hentry","category-wochenspiegel","tag-33919","tag-caracal","tag-dinca","tag-haushaltskorrektur","tag-inflation-de","tag-iohannis","tag-justiz","tag-rettungsdienst","tag-trump-de"],"acf":[],"yoast_head":"<!-- This site is optimized with the Yoast SEO plugin v27.3 - https:\/\/yoast.com\/product\/yoast-seo-wordpress\/ -->\n<title>Die Woche 05.08. - 09.08.2019 im \u00dcberblick - Radio Rum\u00e4nien International<\/title>\n<meta name=\"robots\" content=\"index, follow, max-snippet:-1, max-image-preview:large, max-video-preview:-1\" \/>\n<link rel=\"canonical\" href=\"https:\/\/www.rri.ro\/de\/aktuell\/wochenspiegel\/die-woche-05-08-09-08-2019-im-ueberblick-id628061.html\" \/>\n<meta property=\"og:locale\" content=\"de_DE\" \/>\n<meta property=\"og:type\" content=\"article\" \/>\n<meta property=\"og:title\" content=\"Die Woche 05.08. - 09.08.2019 im \u00dcberblick - Radio Rum\u00e4nien International\" \/>\n<meta property=\"og:description\" content=\"Die Ermittlungen im Fall Caracal werden fortgesetzt &#013; &#013; &#013; &#013; Rum\u00e4nische Ermittler setzten auch diese Woche die Durchsuchungen im Haus von Gheorghe Dinc\u0103 in Caracal (S\u00fcdrum\u00e4nien) fort. Nach seiner Festnahme vor zwei Wochen hatte der 66-j\u00e4hrige Gheorghe Dinc\u0103 erkl\u00e4rt, dass er zwei junge M\u00e4dchen im Alter von 15 und 18 Jahren get\u00f6tet habe. In [&hellip;]\" \/>\n<meta property=\"og:url\" content=\"https:\/\/www.rri.ro\/de\/aktuell\/wochenspiegel\/die-woche-05-08-09-08-2019-im-ueberblick-id628061.html\" \/>\n<meta property=\"og:site_name\" content=\"Radio Rum\u00e4nien International\" \/>\n<meta property=\"article:published_time\" content=\"2019-08-10T10:00:00+00:00\" \/>\n<meta property=\"og:image\" content=\"https:\/\/www.rri.ro\/wp-content\/uploads\/2023\/10\/eveniment-top-2019.jpg\" \/>\n\t<meta property=\"og:image:width\" content=\"640\" \/>\n\t<meta property=\"og:image:height\" content=\"480\" \/>\n\t<meta property=\"og:image:type\" content=\"image\/jpeg\" \/>\n<meta name=\"author\" content=\"Daniela Budu\" \/>\n<meta name=\"twitter:card\" content=\"summary_large_image\" \/>\n<meta name=\"twitter:label1\" content=\"Verfasst von\" \/>\n\t<meta name=\"twitter:data1\" content=\"Daniela Budu\" \/>\n\t<meta name=\"twitter:label2\" content=\"Gesch\u00e4tzte Lesezeit\" \/>\n\t<meta name=\"twitter:data2\" content=\"5\u00a0Minuten\" \/>\n\t<meta name=\"twitter:label3\" content=\"Written by\" \/>\n\t<meta name=\"twitter:data3\" content=\"Daniela Budu\" \/>\n<script type=\"application\/ld+json\" class=\"yoast-schema-graph\">{\"@context\":\"https:\\\/\\\/schema.org\",\"@graph\":[{\"@type\":\"Article\",\"@id\":\"https:\\\/\\\/www.rri.ro\\\/de\\\/aktuell\\\/wochenspiegel\\\/die-woche-05-08-09-08-2019-im-ueberblick-id628061.html#article\",\"isPartOf\":{\"@id\":\"https:\\\/\\\/www.rri.ro\\\/de\\\/aktuell\\\/wochenspiegel\\\/die-woche-05-08-09-08-2019-im-ueberblick-id628061.html\"},\"author\":{\"name\":\"Daniela Budu\",\"@id\":\"https:\\\/\\\/www.rri.ro\\\/#\\\/schema\\\/person\\\/b46b8f80d7d6e4b5ac9f14f0acbad0c4\"},\"headline\":\"Die Woche 05.08. &#8211; 09.08.2019 im \u00dcberblick\",\"datePublished\":\"2019-08-10T10:00:00+00:00\",\"mainEntityOfPage\":{\"@id\":\"https:\\\/\\\/www.rri.ro\\\/de\\\/aktuell\\\/wochenspiegel\\\/die-woche-05-08-09-08-2019-im-ueberblick-id628061.html\"},\"wordCount\":957,\"image\":{\"@id\":\"https:\\\/\\\/www.rri.ro\\\/de\\\/aktuell\\\/wochenspiegel\\\/die-woche-05-08-09-08-2019-im-ueberblick-id628061.html#primaryimage\"},\"thumbnailUrl\":\"https:\\\/\\\/www.rri.ro\\\/wp-content\\\/uploads\\\/2023\\\/10\\\/eveniment-top-2019.jpg\",\"keywords\":[\"112\",\"Caracal\",\"Dinc\u0103\",\"Haushaltskorrektur\",\"inflation\",\"Iohannis\",\"Justiz\",\"Rettungsdienst\",\"Trump\"],\"articleSection\":[\"Wochenspiegel\"],\"inLanguage\":\"de\"},{\"@type\":\"WebPage\",\"@id\":\"https:\\\/\\\/www.rri.ro\\\/de\\\/aktuell\\\/wochenspiegel\\\/die-woche-05-08-09-08-2019-im-ueberblick-id628061.html\",\"url\":\"https:\\\/\\\/www.rri.ro\\\/de\\\/aktuell\\\/wochenspiegel\\\/die-woche-05-08-09-08-2019-im-ueberblick-id628061.html\",\"name\":\"Die Woche 05.08. - 09.08.2019 im \u00dcberblick - Radio Rum\u00e4nien International\",\"isPartOf\":{\"@id\":\"https:\\\/\\\/www.rri.ro\\\/#website\"},\"primaryImageOfPage\":{\"@id\":\"https:\\\/\\\/www.rri.ro\\\/de\\\/aktuell\\\/wochenspiegel\\\/die-woche-05-08-09-08-2019-im-ueberblick-id628061.html#primaryimage\"},\"image\":{\"@id\":\"https:\\\/\\\/www.rri.ro\\\/de\\\/aktuell\\\/wochenspiegel\\\/die-woche-05-08-09-08-2019-im-ueberblick-id628061.html#primaryimage\"},\"thumbnailUrl\":\"https:\\\/\\\/www.rri.ro\\\/wp-content\\\/uploads\\\/2023\\\/10\\\/eveniment-top-2019.jpg\",\"datePublished\":\"2019-08-10T10:00:00+00:00\",\"author\":{\"@id\":\"https:\\\/\\\/www.rri.ro\\\/#\\\/schema\\\/person\\\/b46b8f80d7d6e4b5ac9f14f0acbad0c4\"},\"breadcrumb\":{\"@id\":\"https:\\\/\\\/www.rri.ro\\\/de\\\/aktuell\\\/wochenspiegel\\\/die-woche-05-08-09-08-2019-im-ueberblick-id628061.html#breadcrumb\"},\"inLanguage\":\"de\",\"potentialAction\":[{\"@type\":\"ReadAction\",\"target\":[\"https:\\\/\\\/www.rri.ro\\\/de\\\/aktuell\\\/wochenspiegel\\\/die-woche-05-08-09-08-2019-im-ueberblick-id628061.html\"]}]},{\"@type\":\"ImageObject\",\"inLanguage\":\"de\",\"@id\":\"https:\\\/\\\/www.rri.ro\\\/de\\\/aktuell\\\/wochenspiegel\\\/die-woche-05-08-09-08-2019-im-ueberblick-id628061.html#primaryimage\",\"url\":\"https:\\\/\\\/www.rri.ro\\\/wp-content\\\/uploads\\\/2023\\\/10\\\/eveniment-top-2019.jpg\",\"contentUrl\":\"https:\\\/\\\/www.rri.ro\\\/wp-content\\\/uploads\\\/2023\\\/10\\\/eveniment-top-2019.jpg\",\"width\":640,\"height\":480},{\"@type\":\"BreadcrumbList\",\"@id\":\"https:\\\/\\\/www.rri.ro\\\/de\\\/aktuell\\\/wochenspiegel\\\/die-woche-05-08-09-08-2019-im-ueberblick-id628061.html#breadcrumb\",\"itemListElement\":[{\"@type\":\"ListItem\",\"position\":1,\"name\":\"Startseite\",\"item\":\"https:\\\/\\\/www.rri.ro\\\/de\"},{\"@type\":\"ListItem\",\"position\":2,\"name\":\"Aktuell\",\"item\":\"https:\\\/\\\/www.rri.ro\\\/de\\\/aktuell\"},{\"@type\":\"ListItem\",\"position\":3,\"name\":\"Wochenspiegel\",\"item\":\"https:\\\/\\\/www.rri.ro\\\/de\\\/aktuell\\\/wochenspiegel\"},{\"@type\":\"ListItem\",\"position\":4,\"name\":\"Die Woche 05.08. &#8211; 09.08.2019 im \u00dcberblick\"}]},{\"@type\":\"WebSite\",\"@id\":\"https:\\\/\\\/www.rri.ro\\\/#website\",\"url\":\"https:\\\/\\\/www.rri.ro\\\/\",\"name\":\"Radio Rum\u00e4nien International\",\"description\":\"Totul despre Rom\u00e2nia \u015fi rom\u00e2ni, \u00een 13 limbi\\\/dialecte!\",\"inLanguage\":\"de\"},{\"@type\":\"Person\",\"@id\":\"https:\\\/\\\/www.rri.ro\\\/#\\\/schema\\\/person\\\/b46b8f80d7d6e4b5ac9f14f0acbad0c4\",\"name\":\"Daniela Budu\",\"url\":\"https:\\\/\\\/www.rri.ro\\\/de\\\/author\\\/daniela-budu\"}]}<\/script>\n<!-- \/ Yoast SEO plugin. -->","yoast_head_json":{"title":"Die Woche 05.08. - 09.08.2019 im \u00dcberblick - Radio Rum\u00e4nien International","robots":{"index":"index","follow":"follow","max-snippet":"max-snippet:-1","max-image-preview":"max-image-preview:large","max-video-preview":"max-video-preview:-1"},"canonical":"https:\/\/www.rri.ro\/de\/aktuell\/wochenspiegel\/die-woche-05-08-09-08-2019-im-ueberblick-id628061.html","og_locale":"de_DE","og_type":"article","og_title":"Die Woche 05.08. - 09.08.2019 im \u00dcberblick - Radio Rum\u00e4nien International","og_description":"Die Ermittlungen im Fall Caracal werden fortgesetzt &#13; &#13; &#13; &#13; Rum\u00e4nische Ermittler setzten auch diese Woche die Durchsuchungen im Haus von Gheorghe Dinc\u0103 in Caracal (S\u00fcdrum\u00e4nien) fort. Nach seiner Festnahme vor zwei Wochen hatte der 66-j\u00e4hrige Gheorghe Dinc\u0103 erkl\u00e4rt, dass er zwei junge M\u00e4dchen im Alter von 15 und 18 Jahren get\u00f6tet habe. In [&hellip;]","og_url":"https:\/\/www.rri.ro\/de\/aktuell\/wochenspiegel\/die-woche-05-08-09-08-2019-im-ueberblick-id628061.html","og_site_name":"Radio Rum\u00e4nien International","article_published_time":"2019-08-10T10:00:00+00:00","og_image":[{"width":640,"height":480,"url":"https:\/\/www.rri.ro\/wp-content\/uploads\/2023\/10\/eveniment-top-2019.jpg","type":"image\/jpeg"}],"author":"Daniela Budu","twitter_card":"summary_large_image","twitter_misc":{"Verfasst von":"Daniela Budu","Gesch\u00e4tzte Lesezeit":"5\u00a0Minuten","Written by":"Daniela Budu"},"schema":{"@context":"https:\/\/schema.org","@graph":[{"@type":"Article","@id":"https:\/\/www.rri.ro\/de\/aktuell\/wochenspiegel\/die-woche-05-08-09-08-2019-im-ueberblick-id628061.html#article","isPartOf":{"@id":"https:\/\/www.rri.ro\/de\/aktuell\/wochenspiegel\/die-woche-05-08-09-08-2019-im-ueberblick-id628061.html"},"author":{"name":"Daniela Budu","@id":"https:\/\/www.rri.ro\/#\/schema\/person\/b46b8f80d7d6e4b5ac9f14f0acbad0c4"},"headline":"Die Woche 05.08. &#8211; 09.08.2019 im \u00dcberblick","datePublished":"2019-08-10T10:00:00+00:00","mainEntityOfPage":{"@id":"https:\/\/www.rri.ro\/de\/aktuell\/wochenspiegel\/die-woche-05-08-09-08-2019-im-ueberblick-id628061.html"},"wordCount":957,"image":{"@id":"https:\/\/www.rri.ro\/de\/aktuell\/wochenspiegel\/die-woche-05-08-09-08-2019-im-ueberblick-id628061.html#primaryimage"},"thumbnailUrl":"https:\/\/www.rri.ro\/wp-content\/uploads\/2023\/10\/eveniment-top-2019.jpg","keywords":["112","Caracal","Dinc\u0103","Haushaltskorrektur","inflation","Iohannis","Justiz","Rettungsdienst","Trump"],"articleSection":["Wochenspiegel"],"inLanguage":"de"},{"@type":"WebPage","@id":"https:\/\/www.rri.ro\/de\/aktuell\/wochenspiegel\/die-woche-05-08-09-08-2019-im-ueberblick-id628061.html","url":"https:\/\/www.rri.ro\/de\/aktuell\/wochenspiegel\/die-woche-05-08-09-08-2019-im-ueberblick-id628061.html","name":"Die Woche 05.08. - 09.08.2019 im \u00dcberblick - Radio Rum\u00e4nien International","isPartOf":{"@id":"https:\/\/www.rri.ro\/#website"},"primaryImageOfPage":{"@id":"https:\/\/www.rri.ro\/de\/aktuell\/wochenspiegel\/die-woche-05-08-09-08-2019-im-ueberblick-id628061.html#primaryimage"},"image":{"@id":"https:\/\/www.rri.ro\/de\/aktuell\/wochenspiegel\/die-woche-05-08-09-08-2019-im-ueberblick-id628061.html#primaryimage"},"thumbnailUrl":"https:\/\/www.rri.ro\/wp-content\/uploads\/2023\/10\/eveniment-top-2019.jpg","datePublished":"2019-08-10T10:00:00+00:00","author":{"@id":"https:\/\/www.rri.ro\/#\/schema\/person\/b46b8f80d7d6e4b5ac9f14f0acbad0c4"},"breadcrumb":{"@id":"https:\/\/www.rri.ro\/de\/aktuell\/wochenspiegel\/die-woche-05-08-09-08-2019-im-ueberblick-id628061.html#breadcrumb"},"inLanguage":"de","potentialAction":[{"@type":"ReadAction","target":["https:\/\/www.rri.ro\/de\/aktuell\/wochenspiegel\/die-woche-05-08-09-08-2019-im-ueberblick-id628061.html"]}]},{"@type":"ImageObject","inLanguage":"de","@id":"https:\/\/www.rri.ro\/de\/aktuell\/wochenspiegel\/die-woche-05-08-09-08-2019-im-ueberblick-id628061.html#primaryimage","url":"https:\/\/www.rri.ro\/wp-content\/uploads\/2023\/10\/eveniment-top-2019.jpg","contentUrl":"https:\/\/www.rri.ro\/wp-content\/uploads\/2023\/10\/eveniment-top-2019.jpg","width":640,"height":480},{"@type":"BreadcrumbList","@id":"https:\/\/www.rri.ro\/de\/aktuell\/wochenspiegel\/die-woche-05-08-09-08-2019-im-ueberblick-id628061.html#breadcrumb","itemListElement":[{"@type":"ListItem","position":1,"name":"Startseite","item":"https:\/\/www.rri.ro\/de"},{"@type":"ListItem","position":2,"name":"Aktuell","item":"https:\/\/www.rri.ro\/de\/aktuell"},{"@type":"ListItem","position":3,"name":"Wochenspiegel","item":"https:\/\/www.rri.ro\/de\/aktuell\/wochenspiegel"},{"@type":"ListItem","position":4,"name":"Die Woche 05.08. &#8211; 09.08.2019 im \u00dcberblick"}]},{"@type":"WebSite","@id":"https:\/\/www.rri.ro\/#website","url":"https:\/\/www.rri.ro\/","name":"Radio Rum\u00e4nien International","description":"Totul despre Rom\u00e2nia \u015fi rom\u00e2ni, \u00een 13 limbi\/dialecte!","inLanguage":"de"},{"@type":"Person","@id":"https:\/\/www.rri.ro\/#\/schema\/person\/b46b8f80d7d6e4b5ac9f14f0acbad0c4","name":"Daniela Budu","url":"https:\/\/www.rri.ro\/de\/author\/daniela-budu"}]}},"_links":{"self":[{"href":"https:\/\/www.rri.ro\/de\/wp-json\/wp\/v2\/posts\/628061","targetHints":{"allow":["GET"]}}],"collection":[{"href":"https:\/\/www.rri.ro\/de\/wp-json\/wp\/v2\/posts"}],"about":[{"href":"https:\/\/www.rri.ro\/de\/wp-json\/wp\/v2\/types\/post"}],"author":[{"embeddable":true,"href":"https:\/\/www.rri.ro\/de\/wp-json\/wp\/v2\/users\/107"}],"replies":[{"embeddable":true,"href":"https:\/\/www.rri.ro\/de\/wp-json\/wp\/v2\/comments?post=628061"}],"version-history":[{"count":0,"href":"https:\/\/www.rri.ro\/de\/wp-json\/wp\/v2\/posts\/628061\/revisions"}],"wp:featuredmedia":[{"embeddable":true,"href":"https:\/\/www.rri.ro\/de\/wp-json\/wp\/v2\/media\/124654"}],"wp:attachment":[{"href":"https:\/\/www.rri.ro\/de\/wp-json\/wp\/v2\/media?parent=628061"}],"wp:term":[{"taxonomy":"category","embeddable":true,"href":"https:\/\/www.rri.ro\/de\/wp-json\/wp\/v2\/categories?post=628061"},{"taxonomy":"post_tag","embeddable":true,"href":"https:\/\/www.rri.ro\/de\/wp-json\/wp\/v2\/tags?post=628061"},{"taxonomy":"author","embeddable":true,"href":"https:\/\/www.rri.ro\/de\/wp-json\/wp\/v2\/coauthors?post=628061"}],"curies":[{"name":"wp","href":"https:\/\/api.w.org\/{rel}","templated":true}]}}