{"id":628062,"date":"2019-08-17T13:03:00","date_gmt":"2019-08-17T10:03:00","guid":{"rendered":"http:\/\/devrri.freshlemon.ro\/aktuell\/die-woche-12-08-16-08-2019-im-ueberblick-id628062.html"},"modified":"2019-08-17T13:03:00","modified_gmt":"2019-08-17T10:03:00","slug":"die-woche-12-08-16-08-2019-im-ueberblick","status":"publish","type":"post","link":"https:\/\/www.rri.ro\/de\/aktuell\/wochenspiegel\/die-woche-12-08-16-08-2019-im-ueberblick-id628062.html","title":{"rendered":"Die Woche 12.08. &#8211; 16.08.2019 im \u00dcberblick"},"content":{"rendered":"<p><strong>Die rum\u00e4nische Regierung hat die erste Anpassung des Staatshaushalts im Jahr 2019 beschlossen<\/strong><\/p>\n<p>&#13;<br \/>\n&#13;<\/p>\n<p>&#13;<br \/>\n&#13;<\/p>\n<p>Die rum\u00e4nische Regierung hat am Montag die erste Anpassung des Staatshaushalts und des Sozialversicherungsetats im Jahr 2019 beschlossen. Bei der Anpassung geht es um eine Erh\u00f6hung der Mittelzuweisungen f\u00fcr die Ministerien f\u00fcr Finanzen, Umwelt, Arbeit und regionale Entwicklung und f\u00fcr den rum\u00e4nischen Geheimdienst. Ressorts wie Verkehr, Wirtschaft und Bildung m\u00fcssen hingegen mit weniger Geld auskommen. Finanzminister Eugen Teodorovici wies darauf hin, dass im ersten Quartal des laufenden Jahres ein Wirtschaftswachstum von 5% verzeichnet wurde und dass er am Haushaltsdefizitziel von 2,76% festh\u00e4lt. Finanzminister Eugen Teodorovici:<\/p>\n<p>&#13;<br \/>\n&#13;<\/p>\n<p><em>&#8222;Die Haushaltsanpassung stellt die erforderlichen Betr\u00e4ge f\u00fcr die Auszahlung von Renten und Geh\u00e4ltern bereit, sowie f\u00fcr die Finanzierung laufender Investitionsvorhaben, die wir gegen Ende des Jahres ankurbeln wollen. Dabei handelt es sich nicht um K\u00fcrzungen der einzelnen Etats, sondern um die nach unten gerichtete Anpassung einiger zum Zeitpunkt der Haushaltsvorbereitung 2019 \u00fcberdimensionierter Rahmen.&#8220;<\/em><\/p>\n<p>&#13;<br \/>\n&#13;<\/p>\n<p>&#13;<br \/>\n&#13;<\/p>\n<p>Die oppositionelle Nationalliberale Partei PNL ist der Ansicht, dass die Haushaltskorrektur auf falschen Zahlen beruht. Die liberale Opposition bem\u00e4ngelte, dass die Regierung ein Loch von umgerechnet fast 2 Milliarden Euro verschleiern wolle. Der PNL-Vorsitzende Ludovic Orban:<\/p>\n<p>&#13;<br \/>\n&#13;<\/p>\n<p><em>&#8222;Diese Haushaltskonstruktion zeigt, dass die Exekutive und die parlamentarische Mehrheit der PSD-ALDE praktisch Geld aus Steuern verschwendet und Geld f\u00fcr ihre Klientel ausgegeben haben und f\u00fcr allerlei Vorhaben, die nichts mit den Interessen der B\u00fcrger zu tun haben. Sie ist heute ein Zeichen daf\u00fcr, dass die Existenz der f\u00fcr die Arbeit der \u00f6ffentlichen Dienste erforderlichen Mittel in Frage gestellt wird.&#8220;<\/em><\/p>\n<p>&#13;<br \/>\n&#13;<\/p>\n<p>&#13;<br \/>\n&#13;<\/p>\n<p>Die Allianz der Liberalen und Demokraten ALDE,  der  Koalitionspartner der PSD, kritisierte die Ma\u200e\u00dfnahmen &#8212; sie zeigten, dass der Haushalt unrealistisch geplant worden sei. Die ALDE fordert nichts Geringeres als ein neues Regierungsprogramm und ein umstrukturiertes und kompetenteres Kabinett.<\/p>\n<p>&#13;<br \/>\n&#13;<\/p>\n<p>&#13;<br \/>\n&#13;<\/p>\n<p><strong>Am 15. August wurde der Tag der rum\u00e4nischen Marine gefeiert<\/strong><\/p>\n<p>&#13;<br \/>\n&#13;<\/p>\n<p>&#13;<br \/>\n&#13;<\/p>\n<p>Am 15. August wurde an der Schwarzmeerk\u00fcste der Tag der rum\u00e4nischen Marine gefeiert. Die Zeremonien begannen am Mittwoch mit Kranzniederlegungen am Denkmal der Seeleute in Constanta, am Denkmal der Marinehelden in Mangalia und am Friedhof der Helden in Tulcea. Am Donnerstag gab es Veranstaltungen zum Tag der Marine in Constanta, Mangalia, Tulcea, Braila und Galati sowie in der Hauptstadt Bukarest. Am Donnerstag haben 15.000 Besucher an den Feierlichkeiten in Constanta anl\u00e4sslich des Tages der rum\u00e4nischen Marine teilgenommen. Rum\u00e4nische und ausl\u00e4ndische Soldaten mit Dutzenden von Schiffen und Flugzeugen lieferten eine beeindruckende Show ab. An den Veranstaltungen beteiligten sich auch Marine- und Luftstreitkr\u00e4fte aus der Ukraine, Italien und aus der USA. Im Mittelpunkt der Veranstaltungen stand das Ausbildungsschiff Mircea, das von Pr\u00e4sident Klaus Iohannis zu Ehren der 80 Jahre im aktiven Marinedienst mit einem Orden ausgezeichnet wurde. Zum Auftakt der Feierlichkeiten sagte Pr\u00e4sident Klaus Iohannis, dass das Schwarzmeergebiet eine strategische Region sowohl f\u00fcr die NATO als auch f\u00fcr die EU sei und dass die maritime Dimension ein wesentliches Element darstelle. Verteidigungsminister Gabriel Les sagte wiederum, dass die Sicherheitslage im Schwarzen Meer die NATO veranlasst habe, angemessene Verteidigungs- und Abschreckungsma\u200e\u00dfnahmen zu ergreifen. Die strategische Position Rum\u00e4niens an der Ostgrenze von EU und NATO bringe Chancen, aber auch Herausforderungen f\u00fcr die rum\u00e4nische Armee und insbesondere f\u00fcr die Marine, so der Verteidigungsminister.<\/p>\n<p>&#13;<br \/>\n&#13;<\/p>\n<p>&#13;<br \/>\n&#13;<\/p>\n<p><strong>Diese Woche fand die 17. Ausgabe der Sommeruniversit\u00e4t Izvoru Mure\u015fului statt<\/strong><\/p>\n<p>&#13;<br \/>\n&#13;<\/p>\n<p>&#13;<br \/>\n&#13;<\/p>\n<p>Die 17. Ausgabe der Sommeruniversit\u00e4t Izvoru Mure\u015fului fand diese Woche in der gleichnamigen Ortschaft im Kreis Harghita (Zentralrum\u00e4nien) statt. Das diesj\u00e4hrige Thema hie\u200e\u00df <em>\u201dRum\u00e4nien und die Rum\u00e4nen im Ausland, ein Jahr nach dem hundertj\u00e4hrigen Jubil\u00e4um der Gro\u200e\u00dfen Vereinigung\u201d.<\/em> Zu den diskutierten Themen geh\u00f6rten die Wahrung der Identit\u00e4t der Rum\u00e4nen in der Ukraine und der Republik Moldau im Kontext der regionalen geopolitischen Entwicklung und des rum\u00e4nischen nationalen Interesses sowie der Umgang der Parlamentsfraktionen und \u00f6ffentlichen Institutionen mit Rum\u00e4nen im Ausland und den multiethnischen Regionen in Rum\u00e4nien. Zur Sommeruniversit\u00e4t kamen Teilnehmer aus Rum\u00e4nien und der Diaspora sowie aus der Republik Moldau, der Ukraine, Ungarn, Serbien und Bulgarien, Vertreter der Medien und der Zivilgesellschaft sowie Mitglieder der akademischen Gemeinschaft aus Rum\u00e4nien und dem Ausland. Der Staatssekret\u00e4r im Ministerium f\u00fcr Kultur und nationale Identit\u00e4t, Alexandru Pugna, der an der Veranstaltung teilnahm, erinnerte daran, dass 2019 durch eine Regierungsverordnung beschlossen wurde, jedes Jahr 4 Millionen Euro f\u00fcr die rum\u00e4nischen Kirchen in der Diaspora bereitzustellen, um die rum\u00e4nischen Gemeinden im Ausland bei dem Versuch zu unterst\u00fctzen, ihre nationale Identit\u00e4t au\u200e\u00dferhalb der Landesgrenzen zu wahren. Die Vertreter der rum\u00e4nischen Gemeinden in Serbien, der Ukraine und Bulgarien haben den rum\u00e4nischen Staat um Unterst\u00fctzung gebeten, um ihre nationale Identit\u00e4t zu wahren. Die Vertreter der Rum\u00e4nen aus Covasna, Harghita und Mure\u015f forderten ihrerseits die Einrichtung einer Struktur auf Exekutivebene, deren Hauptziel darin besteht, die Rechte und die kulturelle und individuelle Identit\u00e4t der rum\u00e4nischen Gemeinschaften in den drei mehrheitlich von Ungarn bewohnten Landkreisen zu achten und die Diskriminierung der Rum\u00e4nen aus der Gegend aufgrund ethnischer Kriterien zu bek\u00e4mpfen.<\/p>\n<p>&#13;<br \/>\n&#13;<\/p>\n<p>&#13;<br \/>\n&#13;<\/p>\n<p><strong>Zwei rum\u00e4nische Fussballmannschaften haben sich <\/strong><strong>f\u00fcr die Playoffs der  Europa League und Champions League qualifiziert<\/strong><\/p>\n<p>&#13;<br \/>\n&#13;<\/p>\n<p>&#13;<br \/>\n&#13;<\/p>\n<p>Der rum\u00e4nische Vize-Meister FCSB hat sich f\u00fcr die Playoffs der Europa League qualifiziert. Die Bukarester Kicker spielten am Donnerstag ausw\u00e4rts gegen FK Mlada Boleslav und gewannen mit 1:0. Um im Wettbewerb bestehen zu k\u00f6nnen, muss der FCSB das portugiesische Team Vitoria Guimaraes besiegen.  Gleichzeitig wurde das s\u00fcdrum\u00e4nische Team von Universitatea Craiova in der dritten Vorrunde nach einem Unentschieden in Athen gestoppt, nachdem beim Heimspiel vor einer Woche der AEK Athen 3-0 gewonnen hatte. Der rum\u00e4nische Meister CFR Cluj hat sich nach einem Fu\u200e\u00dfballkrimi gegen Celtic Glasgow f\u00fcr die Playoffs der Champions League qualifiziert, wo er auf den tschechischen Meister Slavia Prag trifft.<\/p>\n<p>&#13;<br \/>\n&#13;<\/p>\n<p>&#13;<\/p>\n","protected":false},"excerpt":{"rendered":"<p>Die rum\u00e4nische Regierung hat die erste Anpassung des Staatshaushalts im Jahr 2019 beschlossen &#13; &#13; &#13; &#13; Die rum\u00e4nische Regierung hat am Montag die erste Anpassung des Staatshaushalts und des Sozialversicherungsetats im Jahr 2019 beschlossen. Bei der Anpassung geht es um eine Erh\u00f6hung der Mittelzuweisungen f\u00fcr die Ministerien f\u00fcr Finanzen, Umwelt, Arbeit und regionale Entwicklung [&hellip;]<\/p>\n","protected":false},"author":2,"featured_media":124654,"comment_status":"closed","ping_status":"closed","sticky":false,"template":"","format":"standard","meta":{"_acf_changed":false,"footnotes":""},"categories":[116751],"tags":[31338,30355,173568,146631,155920,162713,151048,100331,29125,153040,137227,143777,143776,99586,117410,116951,174776],"coauthors":[],"class_list":["post-628062","post","type-post","status-publish","format-standard","has-post-thumbnail","hentry","category-wochenspiegel","tag-alde","tag-cfr-cluj","tag-champions-league-de","tag-constanta-de","tag-diaspora-de","tag-europa-league-de","tag-fcsb-de","tag-haushaltsanpassung","tag-iohannis","tag-marine-de","tag-nato-de","tag-pnl-de","tag-psd-de","tag-regierung","tag-schwarzmeergebiet","tag-sommeruniversitaet","tag-universitatea-craiova-de"],"acf":[],"yoast_head":"<!-- This site is optimized with the Yoast SEO plugin v27.3 - https:\/\/yoast.com\/product\/yoast-seo-wordpress\/ -->\n<title>Die Woche 12.08. - 16.08.2019 im \u00dcberblick - Radio Rum\u00e4nien International<\/title>\n<meta name=\"robots\" content=\"index, follow, max-snippet:-1, max-image-preview:large, max-video-preview:-1\" \/>\n<link rel=\"canonical\" href=\"https:\/\/www.rri.ro\/de\/aktuell\/wochenspiegel\/die-woche-12-08-16-08-2019-im-ueberblick-id628062.html\" \/>\n<meta property=\"og:locale\" content=\"de_DE\" \/>\n<meta property=\"og:type\" content=\"article\" \/>\n<meta property=\"og:title\" content=\"Die Woche 12.08. - 16.08.2019 im \u00dcberblick - Radio Rum\u00e4nien International\" \/>\n<meta property=\"og:description\" content=\"Die rum\u00e4nische Regierung hat die erste Anpassung des Staatshaushalts im Jahr 2019 beschlossen &#013; &#013; &#013; &#013; Die rum\u00e4nische Regierung hat am Montag die erste Anpassung des Staatshaushalts und des Sozialversicherungsetats im Jahr 2019 beschlossen. Bei der Anpassung geht es um eine Erh\u00f6hung der Mittelzuweisungen f\u00fcr die Ministerien f\u00fcr Finanzen, Umwelt, Arbeit und regionale Entwicklung [&hellip;]\" \/>\n<meta property=\"og:url\" content=\"https:\/\/www.rri.ro\/de\/aktuell\/wochenspiegel\/die-woche-12-08-16-08-2019-im-ueberblick-id628062.html\" \/>\n<meta property=\"og:site_name\" content=\"Radio Rum\u00e4nien International\" \/>\n<meta property=\"article:published_time\" content=\"2019-08-17T10:03:00+00:00\" \/>\n<meta property=\"og:image\" content=\"https:\/\/www.rri.ro\/wp-content\/uploads\/2023\/10\/eveniment-top-2019.jpg\" \/>\n\t<meta property=\"og:image:width\" content=\"640\" \/>\n\t<meta property=\"og:image:height\" content=\"480\" \/>\n\t<meta property=\"og:image:type\" content=\"image\/jpeg\" \/>\n<meta name=\"author\" content=\"Rom\u00e2nia Interna\u021bional\" \/>\n<meta name=\"twitter:card\" content=\"summary_large_image\" \/>\n<meta name=\"twitter:label1\" content=\"Verfasst von\" \/>\n\t<meta name=\"twitter:data1\" content=\"Rom\u00e2nia Interna\u021bional\" \/>\n\t<meta name=\"twitter:label2\" content=\"Gesch\u00e4tzte Lesezeit\" \/>\n\t<meta name=\"twitter:data2\" content=\"5\u00a0Minuten\" \/>\n\t<meta name=\"twitter:label3\" content=\"Written by\" \/>\n\t<meta name=\"twitter:data3\" content=\"Rom\u00e2nia Interna\u021bional\" \/>\n<script type=\"application\/ld+json\" class=\"yoast-schema-graph\">{\"@context\":\"https:\\\/\\\/schema.org\",\"@graph\":[{\"@type\":\"Article\",\"@id\":\"https:\\\/\\\/www.rri.ro\\\/de\\\/aktuell\\\/wochenspiegel\\\/die-woche-12-08-16-08-2019-im-ueberblick-id628062.html#article\",\"isPartOf\":{\"@id\":\"https:\\\/\\\/www.rri.ro\\\/de\\\/aktuell\\\/wochenspiegel\\\/die-woche-12-08-16-08-2019-im-ueberblick-id628062.html\"},\"author\":{\"name\":\"Rom\u00e2nia Interna\u021bional\",\"@id\":\"https:\\\/\\\/www.rri.ro\\\/#\\\/schema\\\/person\\\/18fac491bccbfe149b92aea77ad60abd\"},\"headline\":\"Die Woche 12.08. &#8211; 16.08.2019 im \u00dcberblick\",\"datePublished\":\"2019-08-17T10:03:00+00:00\",\"mainEntityOfPage\":{\"@id\":\"https:\\\/\\\/www.rri.ro\\\/de\\\/aktuell\\\/wochenspiegel\\\/die-woche-12-08-16-08-2019-im-ueberblick-id628062.html\"},\"wordCount\":975,\"image\":{\"@id\":\"https:\\\/\\\/www.rri.ro\\\/de\\\/aktuell\\\/wochenspiegel\\\/die-woche-12-08-16-08-2019-im-ueberblick-id628062.html#primaryimage\"},\"thumbnailUrl\":\"https:\\\/\\\/www.rri.ro\\\/wp-content\\\/uploads\\\/2023\\\/10\\\/eveniment-top-2019.jpg\",\"keywords\":[\"ALDE\",\"CFR Cluj\",\"Champions League\",\"Constanta\",\"diaspora\",\"Europa League\",\"FCSB\",\"Haushaltsanpassung\",\"Iohannis\",\"marine\",\"NATO\",\"PNL\",\"PSD\",\"Regierung\",\"Schwarzmeergebiet\",\"Sommeruniversit\u00e4t\",\"universitatea craiova\"],\"articleSection\":[\"Wochenspiegel\"],\"inLanguage\":\"de\"},{\"@type\":\"WebPage\",\"@id\":\"https:\\\/\\\/www.rri.ro\\\/de\\\/aktuell\\\/wochenspiegel\\\/die-woche-12-08-16-08-2019-im-ueberblick-id628062.html\",\"url\":\"https:\\\/\\\/www.rri.ro\\\/de\\\/aktuell\\\/wochenspiegel\\\/die-woche-12-08-16-08-2019-im-ueberblick-id628062.html\",\"name\":\"Die Woche 12.08. - 16.08.2019 im \u00dcberblick - Radio Rum\u00e4nien International\",\"isPartOf\":{\"@id\":\"https:\\\/\\\/www.rri.ro\\\/#website\"},\"primaryImageOfPage\":{\"@id\":\"https:\\\/\\\/www.rri.ro\\\/de\\\/aktuell\\\/wochenspiegel\\\/die-woche-12-08-16-08-2019-im-ueberblick-id628062.html#primaryimage\"},\"image\":{\"@id\":\"https:\\\/\\\/www.rri.ro\\\/de\\\/aktuell\\\/wochenspiegel\\\/die-woche-12-08-16-08-2019-im-ueberblick-id628062.html#primaryimage\"},\"thumbnailUrl\":\"https:\\\/\\\/www.rri.ro\\\/wp-content\\\/uploads\\\/2023\\\/10\\\/eveniment-top-2019.jpg\",\"datePublished\":\"2019-08-17T10:03:00+00:00\",\"author\":{\"@id\":\"https:\\\/\\\/www.rri.ro\\\/#\\\/schema\\\/person\\\/18fac491bccbfe149b92aea77ad60abd\"},\"breadcrumb\":{\"@id\":\"https:\\\/\\\/www.rri.ro\\\/de\\\/aktuell\\\/wochenspiegel\\\/die-woche-12-08-16-08-2019-im-ueberblick-id628062.html#breadcrumb\"},\"inLanguage\":\"de\",\"potentialAction\":[{\"@type\":\"ReadAction\",\"target\":[\"https:\\\/\\\/www.rri.ro\\\/de\\\/aktuell\\\/wochenspiegel\\\/die-woche-12-08-16-08-2019-im-ueberblick-id628062.html\"]}]},{\"@type\":\"ImageObject\",\"inLanguage\":\"de\",\"@id\":\"https:\\\/\\\/www.rri.ro\\\/de\\\/aktuell\\\/wochenspiegel\\\/die-woche-12-08-16-08-2019-im-ueberblick-id628062.html#primaryimage\",\"url\":\"https:\\\/\\\/www.rri.ro\\\/wp-content\\\/uploads\\\/2023\\\/10\\\/eveniment-top-2019.jpg\",\"contentUrl\":\"https:\\\/\\\/www.rri.ro\\\/wp-content\\\/uploads\\\/2023\\\/10\\\/eveniment-top-2019.jpg\",\"width\":640,\"height\":480},{\"@type\":\"BreadcrumbList\",\"@id\":\"https:\\\/\\\/www.rri.ro\\\/de\\\/aktuell\\\/wochenspiegel\\\/die-woche-12-08-16-08-2019-im-ueberblick-id628062.html#breadcrumb\",\"itemListElement\":[{\"@type\":\"ListItem\",\"position\":1,\"name\":\"Startseite\",\"item\":\"https:\\\/\\\/www.rri.ro\\\/de\"},{\"@type\":\"ListItem\",\"position\":2,\"name\":\"Aktuell\",\"item\":\"https:\\\/\\\/www.rri.ro\\\/de\\\/aktuell\"},{\"@type\":\"ListItem\",\"position\":3,\"name\":\"Wochenspiegel\",\"item\":\"https:\\\/\\\/www.rri.ro\\\/de\\\/aktuell\\\/wochenspiegel\"},{\"@type\":\"ListItem\",\"position\":4,\"name\":\"Die Woche 12.08. &#8211; 16.08.2019 im \u00dcberblick\"}]},{\"@type\":\"WebSite\",\"@id\":\"https:\\\/\\\/www.rri.ro\\\/#website\",\"url\":\"https:\\\/\\\/www.rri.ro\\\/\",\"name\":\"Radio Rum\u00e4nien International\",\"description\":\"Totul despre Rom\u00e2nia \u015fi rom\u00e2ni, \u00een 13 limbi\\\/dialecte!\",\"inLanguage\":\"de\"},{\"@type\":\"Person\",\"@id\":\"https:\\\/\\\/www.rri.ro\\\/#\\\/schema\\\/person\\\/18fac491bccbfe149b92aea77ad60abd\",\"name\":\"Rom\u00e2nia Interna\u021bional\",\"url\":\"https:\\\/\\\/www.rri.ro\\\/de\\\/author\\\/redactia\"}]}<\/script>\n<!-- \/ Yoast SEO plugin. -->","yoast_head_json":{"title":"Die Woche 12.08. - 16.08.2019 im \u00dcberblick - Radio Rum\u00e4nien International","robots":{"index":"index","follow":"follow","max-snippet":"max-snippet:-1","max-image-preview":"max-image-preview:large","max-video-preview":"max-video-preview:-1"},"canonical":"https:\/\/www.rri.ro\/de\/aktuell\/wochenspiegel\/die-woche-12-08-16-08-2019-im-ueberblick-id628062.html","og_locale":"de_DE","og_type":"article","og_title":"Die Woche 12.08. - 16.08.2019 im \u00dcberblick - Radio Rum\u00e4nien International","og_description":"Die rum\u00e4nische Regierung hat die erste Anpassung des Staatshaushalts im Jahr 2019 beschlossen &#13; &#13; &#13; &#13; Die rum\u00e4nische Regierung hat am Montag die erste Anpassung des Staatshaushalts und des Sozialversicherungsetats im Jahr 2019 beschlossen. Bei der Anpassung geht es um eine Erh\u00f6hung der Mittelzuweisungen f\u00fcr die Ministerien f\u00fcr Finanzen, Umwelt, Arbeit und regionale Entwicklung [&hellip;]","og_url":"https:\/\/www.rri.ro\/de\/aktuell\/wochenspiegel\/die-woche-12-08-16-08-2019-im-ueberblick-id628062.html","og_site_name":"Radio Rum\u00e4nien International","article_published_time":"2019-08-17T10:03:00+00:00","og_image":[{"width":640,"height":480,"url":"https:\/\/www.rri.ro\/wp-content\/uploads\/2023\/10\/eveniment-top-2019.jpg","type":"image\/jpeg"}],"author":"Rom\u00e2nia Interna\u021bional","twitter_card":"summary_large_image","twitter_misc":{"Verfasst von":"Rom\u00e2nia Interna\u021bional","Gesch\u00e4tzte Lesezeit":"5\u00a0Minuten","Written by":"Rom\u00e2nia Interna\u021bional"},"schema":{"@context":"https:\/\/schema.org","@graph":[{"@type":"Article","@id":"https:\/\/www.rri.ro\/de\/aktuell\/wochenspiegel\/die-woche-12-08-16-08-2019-im-ueberblick-id628062.html#article","isPartOf":{"@id":"https:\/\/www.rri.ro\/de\/aktuell\/wochenspiegel\/die-woche-12-08-16-08-2019-im-ueberblick-id628062.html"},"author":{"name":"Rom\u00e2nia Interna\u021bional","@id":"https:\/\/www.rri.ro\/#\/schema\/person\/18fac491bccbfe149b92aea77ad60abd"},"headline":"Die Woche 12.08. &#8211; 16.08.2019 im \u00dcberblick","datePublished":"2019-08-17T10:03:00+00:00","mainEntityOfPage":{"@id":"https:\/\/www.rri.ro\/de\/aktuell\/wochenspiegel\/die-woche-12-08-16-08-2019-im-ueberblick-id628062.html"},"wordCount":975,"image":{"@id":"https:\/\/www.rri.ro\/de\/aktuell\/wochenspiegel\/die-woche-12-08-16-08-2019-im-ueberblick-id628062.html#primaryimage"},"thumbnailUrl":"https:\/\/www.rri.ro\/wp-content\/uploads\/2023\/10\/eveniment-top-2019.jpg","keywords":["ALDE","CFR Cluj","Champions League","Constanta","diaspora","Europa League","FCSB","Haushaltsanpassung","Iohannis","marine","NATO","PNL","PSD","Regierung","Schwarzmeergebiet","Sommeruniversit\u00e4t","universitatea craiova"],"articleSection":["Wochenspiegel"],"inLanguage":"de"},{"@type":"WebPage","@id":"https:\/\/www.rri.ro\/de\/aktuell\/wochenspiegel\/die-woche-12-08-16-08-2019-im-ueberblick-id628062.html","url":"https:\/\/www.rri.ro\/de\/aktuell\/wochenspiegel\/die-woche-12-08-16-08-2019-im-ueberblick-id628062.html","name":"Die Woche 12.08. - 16.08.2019 im \u00dcberblick - Radio Rum\u00e4nien International","isPartOf":{"@id":"https:\/\/www.rri.ro\/#website"},"primaryImageOfPage":{"@id":"https:\/\/www.rri.ro\/de\/aktuell\/wochenspiegel\/die-woche-12-08-16-08-2019-im-ueberblick-id628062.html#primaryimage"},"image":{"@id":"https:\/\/www.rri.ro\/de\/aktuell\/wochenspiegel\/die-woche-12-08-16-08-2019-im-ueberblick-id628062.html#primaryimage"},"thumbnailUrl":"https:\/\/www.rri.ro\/wp-content\/uploads\/2023\/10\/eveniment-top-2019.jpg","datePublished":"2019-08-17T10:03:00+00:00","author":{"@id":"https:\/\/www.rri.ro\/#\/schema\/person\/18fac491bccbfe149b92aea77ad60abd"},"breadcrumb":{"@id":"https:\/\/www.rri.ro\/de\/aktuell\/wochenspiegel\/die-woche-12-08-16-08-2019-im-ueberblick-id628062.html#breadcrumb"},"inLanguage":"de","potentialAction":[{"@type":"ReadAction","target":["https:\/\/www.rri.ro\/de\/aktuell\/wochenspiegel\/die-woche-12-08-16-08-2019-im-ueberblick-id628062.html"]}]},{"@type":"ImageObject","inLanguage":"de","@id":"https:\/\/www.rri.ro\/de\/aktuell\/wochenspiegel\/die-woche-12-08-16-08-2019-im-ueberblick-id628062.html#primaryimage","url":"https:\/\/www.rri.ro\/wp-content\/uploads\/2023\/10\/eveniment-top-2019.jpg","contentUrl":"https:\/\/www.rri.ro\/wp-content\/uploads\/2023\/10\/eveniment-top-2019.jpg","width":640,"height":480},{"@type":"BreadcrumbList","@id":"https:\/\/www.rri.ro\/de\/aktuell\/wochenspiegel\/die-woche-12-08-16-08-2019-im-ueberblick-id628062.html#breadcrumb","itemListElement":[{"@type":"ListItem","position":1,"name":"Startseite","item":"https:\/\/www.rri.ro\/de"},{"@type":"ListItem","position":2,"name":"Aktuell","item":"https:\/\/www.rri.ro\/de\/aktuell"},{"@type":"ListItem","position":3,"name":"Wochenspiegel","item":"https:\/\/www.rri.ro\/de\/aktuell\/wochenspiegel"},{"@type":"ListItem","position":4,"name":"Die Woche 12.08. &#8211; 16.08.2019 im \u00dcberblick"}]},{"@type":"WebSite","@id":"https:\/\/www.rri.ro\/#website","url":"https:\/\/www.rri.ro\/","name":"Radio Rum\u00e4nien International","description":"Totul despre Rom\u00e2nia \u015fi rom\u00e2ni, \u00een 13 limbi\/dialecte!","inLanguage":"de"},{"@type":"Person","@id":"https:\/\/www.rri.ro\/#\/schema\/person\/18fac491bccbfe149b92aea77ad60abd","name":"Rom\u00e2nia Interna\u021bional","url":"https:\/\/www.rri.ro\/de\/author\/redactia"}]}},"_links":{"self":[{"href":"https:\/\/www.rri.ro\/de\/wp-json\/wp\/v2\/posts\/628062","targetHints":{"allow":["GET"]}}],"collection":[{"href":"https:\/\/www.rri.ro\/de\/wp-json\/wp\/v2\/posts"}],"about":[{"href":"https:\/\/www.rri.ro\/de\/wp-json\/wp\/v2\/types\/post"}],"author":[{"embeddable":true,"href":"https:\/\/www.rri.ro\/de\/wp-json\/wp\/v2\/users\/2"}],"replies":[{"embeddable":true,"href":"https:\/\/www.rri.ro\/de\/wp-json\/wp\/v2\/comments?post=628062"}],"version-history":[{"count":0,"href":"https:\/\/www.rri.ro\/de\/wp-json\/wp\/v2\/posts\/628062\/revisions"}],"wp:featuredmedia":[{"embeddable":true,"href":"https:\/\/www.rri.ro\/de\/wp-json\/wp\/v2\/media\/124654"}],"wp:attachment":[{"href":"https:\/\/www.rri.ro\/de\/wp-json\/wp\/v2\/media?parent=628062"}],"wp:term":[{"taxonomy":"category","embeddable":true,"href":"https:\/\/www.rri.ro\/de\/wp-json\/wp\/v2\/categories?post=628062"},{"taxonomy":"post_tag","embeddable":true,"href":"https:\/\/www.rri.ro\/de\/wp-json\/wp\/v2\/tags?post=628062"},{"taxonomy":"author","embeddable":true,"href":"https:\/\/www.rri.ro\/de\/wp-json\/wp\/v2\/coauthors?post=628062"}],"curies":[{"name":"wp","href":"https:\/\/api.w.org\/{rel}","templated":true}]}}