{"id":628072,"date":"2019-10-26T18:11:00","date_gmt":"2019-10-26T15:11:00","guid":{"rendered":"http:\/\/devrri.freshlemon.ro\/aktuell\/die-woche-21-10-25-10-2019-im-ueberblick-id628072.html"},"modified":"2019-10-26T18:11:00","modified_gmt":"2019-10-26T15:11:00","slug":"die-woche-21-10-25-10-2019-im-ueberblick","status":"publish","type":"post","link":"https:\/\/www.rri.ro\/de\/aktuell\/wochenspiegel\/die-woche-21-10-25-10-2019-im-ueberblick-id628072.html","title":{"rendered":"Die Woche 21.10-25.10.2019 im \u00dcberblick"},"content":{"rendered":"<p><strong>Premierminister Ludovic Orban hat die Liste der Kandidaten f\u00fcr die Minister seines Kabinetts vorgelegt<\/strong><\/p>\n<p>&#13;<br \/>\n&#13;<\/p>\n<p>&#13;<br \/>\n&#13;<\/p>\n<p>Rum\u00e4niens designierter Premierminister Ludovic Orban hat am Donnerstag die Liste der Kandidaten f\u00fcr die Minister seines Kabinetts vorgelegt. Es soll 16 Minister und einen Vizepremier haben &#8211; die liberale Spitzenpolitikerin Raluca Turcan. Nominiert wurden unter anderen C\u0103t\u0103lin Predoiu f\u00fcr das Justizministerium, Florin Catu f\u00fcr das Finanzministerium und Bogdan Aurescu f\u00fcr das Au\u00dfenministerium. Laut dem Regierungsprogramm sollen in erster Linie Ma\u00dfnahmen zur Organisierung der bevorstehenden Pr\u00e4sidentschaftswahlen getroffen werden. Au\u00dferdem soll ein Kandidat f\u00fcr das Amt des EU-Kommissars seitens Rum\u00e4niens vorgeschlagen, der laufende Haushalt berichtigt und der Haushaltsplan f\u00fcr 2020 erstellt werden. Die Liberalen k\u00f6nnten allerdings nicht auf die Stimmen der Partei Pro Rum\u00e4nien z\u00e4hlen, nachdem eine Verhandlungsrude am Mittwoch scheiterte. Das neue Kabinett muss auch um die Stimmen der Partei der Volksbewegung bangen. Die Union Rettet Rum\u00e4nien und die bisherige Regierungspartei ALDE haben hingegen angek\u00fcndigt, sie h\u00e4tten sich mit den Liberalen geeinigt.    <\/p>\n<p>&#13;<br \/>\n&#13;<\/p>\n<p>&#13;<br \/>\n&#13;<\/p>\n<p><strong>Rum\u00e4nien er\u00f6ffnet Wahllokale im Ausland f\u00fcr die Pr\u00e4sidentschaftswahlen<\/strong><\/p>\n<p>&#13;<br \/>\n&#13;<\/p>\n<p>&#13;<br \/>\n&#13;<\/p>\n<p>Schulen, Kulturzentren, Hotels, Restaurants oder Unterhaltungsst\u00e4tten f\u00fcr Kinder werden bei den kommenden Pr\u00e4sidentschaftswahlen in Rum\u00e4nien im November Wahllokale f\u00fcr Rum\u00e4nen aus der Diaspora beherbergen &#8211; zeigt die von der St\u00e4ndigen Wahlbeh\u00f6rde ver\u00f6ffentlichte Liste. Insgesamt hat die St\u00e4ndige Wahlbeh\u00f6rde 835 Wahllokale im Ausland zugelassen, die meisten davon in Spanien (143). In Italien gibt es 142 Wahllokale, in Deutschland 79, im Vereinigten K\u00f6nigreich 72 und in Frankreich 50. Zum ersten Mal haben Rum\u00e4nen aus der Diaspora, die ihre Stimme bei den Pr\u00e4sidentschaftswahlen zum Ausdruck bringen wollen, drei Tage Zeit f\u00fcr jeden Wahlgang. So findet die Abstimmung f\u00fcr die erste Runde am 8., 9. und 10. November und f\u00fcr die zweite am 22., 23. und 24. November statt. Gleichzeitig k\u00f6nnen Rum\u00e4nen im Ausland, die sich online angemeldet haben, auch per Post abstimmen. Nach offiziellen Angaben haben sich rund 43.000 Rum\u00e4nen, die sich in einem anderen Land niedergelassen haben, f\u00fcr diese Option entschieden.<\/p>\n<p>&#13;<br \/>\n&#13;<\/p>\n<p>&#13;<br \/>\n&#13;<\/p>\n<p><strong>Europ\u00e4ische Kommission macht<\/strong> <strong>Bericht \u00fcber den Kooperations- und Kontrollmechanismus bekannt<\/strong><\/p>\n<p>&#13;<br \/>\n&#13;<\/p>\n<p>&#13;<br \/>\n&#13;<\/p>\n<p>Nur wenige Wochen vor dem Ende ihrer Amtszeit \u00e4u\u00dfert die scheidende Europ\u00e4ische Kommission erneut heftige Kritik an der politischen Klasse in Bukarest. In ihrem j\u00fcngsten Bericht \u00fcber den Kooperations- und Kontrollmechanismus, der am Dienstag ver\u00f6ffentlicht wurde, stellt die Kommission fest, dass Rum\u00e4nien bei den Justizreformen und der Rechtsstaatlichkeit sowie bei seinen Bem\u00fchungen zur Korruptionsbek\u00e4mpfung R\u00fcckschritte verzeichnet hat.<\/p>\n<p>&#13;<br \/>\n&#13;<\/p>\n<p>Nach Angaben der Institution hat Rum\u00e4nien es vers\u00e4umt, Empfehlungen zur \u00dcberpr\u00fcfung der Justizgesetze und zur Streichung der \u00c4nderungen am Strafgesetzbuch und an der Strafprozessordnung umzusetzen. Die ger\u00fcgten Vorschriften k\u00f6nnten den Kampf gegen die Korruption behindern und die Richter unter die Kontrolle politischer Kreise bringen. Wichtige rum\u00e4nische Institutionen m\u00fcssten zusammenarbeiten, um ihr Engagement f\u00fcr die Unabh\u00e4ngigkeit der Justiz und die Korruptionsbek\u00e4mpfung zu beweisen, hei\u00dft es weiter im Bericht.<\/p>\n<p>&#13;<br \/>\n&#13;<\/p>\n<p>In Bukarest erkl\u00e4rte Justizministerin Ana Birchall, dass Rum\u00e4nien bereit sei, eine aktive Rolle bei der Konsolidierung des europ\u00e4ischen Projekts zu \u00fcbernehmen, bei dem die Justiz eine Schl\u00fcsselrolle spielt. Die DNA setzt sich weiterhin daf\u00fcr ein, die Korruption auf h\u00f6chster Ebene mit Unparteilichkeit und Professionalit\u00e4t zu bek\u00e4mpfen, weist aber auch darauf hin, dass der EU-Bericht die aufeinanderfolgenden \u00c4nderungen der einschl\u00e4gigen Rechtsvorschriften und die Angriffe auf die T\u00e4tigkeit und Entscheidungen dieser Institution zur Kenntnis nimmt.<\/p>\n<p>&#13;<br \/>\n&#13;<\/p>\n<p>Die Europ\u00e4ische Kommission nimmt den aktuellen Stand der Dinge als Anlass zur Besorgnis und empfiehlt, dass der seit dem EU-Beitritt Rum\u00e4niens im Jahr 2007 eingef\u00fchrte Kooperations- und Kontrollmechanismus beibehalten werden sollte.<\/p>\n<p>&#13;<br \/>\n&#13;<\/p>\n<p>&#13;<br \/>\n&#13;<\/p>\n<p><strong>Staatspr\u00e4sident Klaus Iohannis hat an der Zeremonie der Inthronisierung des Kaisers Naruhito von Japan teilgenommen<\/strong><\/p>\n<p>&#13;<br \/>\n&#13;<\/p>\n<p>&#13;<br \/>\n&#13;<\/p>\n<p>Rum\u00e4niens Staatspr\u00e4sident Klaus Iohannis und seine Ehegattin Carmen Iohannis haben am Dienstag an der Zeremonie der Inthronisierung des Kaisers Naruhito von Japan, des 126. japanischen Monarchen in einer ununterbrochenen dynastischen Linie teilgenommen. Knapp ein halbes Jahr nach seiner Amts\u00fcbernahme hat Japans neuer Kaiser Naruhito seine Inthronisierung verk\u00fcndet. Am 1. Mai war Naruhito zum Tenno ernannt worden, nachdem sein Vater Akihito in einem ungew\u00f6hnlichen Schritt abgedankt hatte. Nun, rund sechs Monate sp\u00e4ter, folgte eine Reihe von Thronfolge-Ritualen, die Teil der Inthronisierung sind. Der rum\u00e4nische Staatspr\u00e4sident Klaus Iohannis nahm auch an dem kaiserlichen Bankett teil, das im Rahmen dieser Veranstaltung stattfand. Pr\u00e4sident Iohannis ist auch mit dem japanischen Premierminister Shinzo Abe und dem finnischen Pr\u00e4sidenten Sauli Niinisto sowie mit dem lettischen Staatspr\u00e4sidenten Egils Levits zusammengekommen.<\/p>\n<p>&#13;<br \/>\n&#13;<\/p>\n<p>&#13;<br \/>\n&#13;<\/p>\n<p><strong>Entscheidung zur Ernennung der ehemaligen Leiterin der Rum\u00e4nischen Antikorruptionsbeh\u00f6rde Laura Codruta Kovesi zur Leiterin der k\u00fcnftigen Europ\u00e4ischen Staatsanwaltschaft ist unterzeichnet worden<\/strong><\/p>\n<p>&#13;<br \/>\n&#13;<\/p>\n<p>&#13;<br \/>\n&#13;<\/p>\n<p>Eine Entscheidung zur Ernennung der ehemaligen Leiterin der Rum\u00e4nischen Antikorruptionsbeh\u00f6rde Laura Codruta Kovesi zur Leiterin der k\u00fcnftigen Europ\u00e4ischen Staatsanwaltschaft EPPO ist am Mittwoch von EU-Parlamentspr\u00e4sidenten David Sassoli und dem finnischen Minister f\u00fcr europ\u00e4ische Angelegenheiten Tytti Tuppurainen unterzeichnet worden. Die Idee zur Gr\u00fcndung der Institution stammt von der ehemaligen rum\u00e4nischen Justizministerin und Europaabgeordneten Monica Macovei. Die Europ\u00e4ische Staatsanwaltschaft soll Ende 2020 als unabh\u00e4ngige Institution ihre Arbeit aufnehmen und f\u00fcr die Ermittlung und Verfolgung von Straftaten gegen den EU-Haushalt wie Korruption oder grenz\u00fcberschreitenden Betrug zust\u00e4ndig sein. Der EPPO sind bisher 22 Mitgliedsl\u00e4nder beigetreten. <\/p>\n<p>&#13;<\/p>\n","protected":false},"excerpt":{"rendered":"<p>Premierminister Ludovic Orban hat die Liste der Kandidaten f\u00fcr die Minister seines Kabinetts vorgelegt &#13; &#13; &#13; &#13; Rum\u00e4niens designierter Premierminister Ludovic Orban hat am Donnerstag die Liste der Kandidaten f\u00fcr die Minister seines Kabinetts vorgelegt. Es soll 16 Minister und einen Vizepremier haben &#8211; die liberale Spitzenpolitikerin Raluca Turcan. Nominiert wurden unter anderen C\u0103t\u0103lin [&hellip;]<\/p>\n","protected":false},"author":113,"featured_media":124654,"comment_status":"closed","ping_status":"closed","sticky":false,"template":"","format":"standard","meta":{"_acf_changed":false,"footnotes":""},"categories":[116751],"tags":[104548,99801,104162,117436,29799,100864,104784],"coauthors":[],"class_list":["post-628072","post","type-post","status-publish","format-standard","has-post-thumbnail","hentry","category-wochenspiegel","tag-europaeische-staatsanwaltschaft","tag-europaeische-kommission","tag-justizgesetze","tag-kaiser-naruhito","tag-laura-codruta-kovesi","tag-praesidentschaftswahlen","tag-premierminister-ludovic-orban"],"acf":[],"yoast_head":"<!-- This site is optimized with the Yoast SEO plugin v27.3 - https:\/\/yoast.com\/product\/yoast-seo-wordpress\/ -->\n<title>Die Woche 21.10-25.10.2019 im \u00dcberblick - Radio Rum\u00e4nien International<\/title>\n<meta name=\"robots\" content=\"index, follow, max-snippet:-1, max-image-preview:large, max-video-preview:-1\" \/>\n<link rel=\"canonical\" href=\"https:\/\/www.rri.ro\/de\/aktuell\/wochenspiegel\/die-woche-21-10-25-10-2019-im-ueberblick-id628072.html\" \/>\n<meta property=\"og:locale\" content=\"de_DE\" \/>\n<meta property=\"og:type\" content=\"article\" \/>\n<meta property=\"og:title\" content=\"Die Woche 21.10-25.10.2019 im \u00dcberblick - Radio Rum\u00e4nien International\" \/>\n<meta property=\"og:description\" content=\"Premierminister Ludovic Orban hat die Liste der Kandidaten f\u00fcr die Minister seines Kabinetts vorgelegt &#013; &#013; &#013; &#013; Rum\u00e4niens designierter Premierminister Ludovic Orban hat am Donnerstag die Liste der Kandidaten f\u00fcr die Minister seines Kabinetts vorgelegt. Es soll 16 Minister und einen Vizepremier haben &#8211; die liberale Spitzenpolitikerin Raluca Turcan. Nominiert wurden unter anderen C\u0103t\u0103lin [&hellip;]\" \/>\n<meta property=\"og:url\" content=\"https:\/\/www.rri.ro\/de\/aktuell\/wochenspiegel\/die-woche-21-10-25-10-2019-im-ueberblick-id628072.html\" \/>\n<meta property=\"og:site_name\" content=\"Radio Rum\u00e4nien International\" \/>\n<meta property=\"article:published_time\" content=\"2019-10-26T15:11:00+00:00\" \/>\n<meta property=\"og:image\" content=\"https:\/\/www.rri.ro\/wp-content\/uploads\/2023\/10\/eveniment-top-2019.jpg\" \/>\n\t<meta property=\"og:image:width\" content=\"640\" \/>\n\t<meta property=\"og:image:height\" content=\"480\" \/>\n\t<meta property=\"og:image:type\" content=\"image\/jpeg\" \/>\n<meta name=\"author\" content=\"Newsroom\" \/>\n<meta name=\"twitter:card\" content=\"summary_large_image\" \/>\n<meta name=\"twitter:label1\" content=\"Verfasst von\" \/>\n\t<meta name=\"twitter:data1\" content=\"Newsroom\" \/>\n\t<meta name=\"twitter:label2\" content=\"Gesch\u00e4tzte Lesezeit\" \/>\n\t<meta name=\"twitter:data2\" content=\"4\u00a0Minuten\" \/>\n\t<meta name=\"twitter:label3\" content=\"Written by\" \/>\n\t<meta name=\"twitter:data3\" content=\"Newsroom\" \/>\n<script type=\"application\/ld+json\" class=\"yoast-schema-graph\">{\"@context\":\"https:\\\/\\\/schema.org\",\"@graph\":[{\"@type\":\"Article\",\"@id\":\"https:\\\/\\\/www.rri.ro\\\/de\\\/aktuell\\\/wochenspiegel\\\/die-woche-21-10-25-10-2019-im-ueberblick-id628072.html#article\",\"isPartOf\":{\"@id\":\"https:\\\/\\\/www.rri.ro\\\/de\\\/aktuell\\\/wochenspiegel\\\/die-woche-21-10-25-10-2019-im-ueberblick-id628072.html\"},\"author\":{\"name\":\"Newsroom\",\"@id\":\"https:\\\/\\\/www.rri.ro\\\/#\\\/schema\\\/person\\\/4a479940371b9fdefd194f561e8a7f88\"},\"headline\":\"Die Woche 21.10-25.10.2019 im \u00dcberblick\",\"datePublished\":\"2019-10-26T15:11:00+00:00\",\"mainEntityOfPage\":{\"@id\":\"https:\\\/\\\/www.rri.ro\\\/de\\\/aktuell\\\/wochenspiegel\\\/die-woche-21-10-25-10-2019-im-ueberblick-id628072.html\"},\"wordCount\":895,\"image\":{\"@id\":\"https:\\\/\\\/www.rri.ro\\\/de\\\/aktuell\\\/wochenspiegel\\\/die-woche-21-10-25-10-2019-im-ueberblick-id628072.html#primaryimage\"},\"thumbnailUrl\":\"https:\\\/\\\/www.rri.ro\\\/wp-content\\\/uploads\\\/2023\\\/10\\\/eveniment-top-2019.jpg\",\"keywords\":[\"&#013; Europ\u00e4ische Staatsanwaltschaft\",\"Europ\u00e4ische Kommission\",\"Justizgesetze\",\"Kaiser Naruhito\",\"Laura Codruta Kovesi\",\"Pr\u00e4sidentschaftswahlen\",\"Premierminister Ludovic Orban\"],\"articleSection\":[\"Wochenspiegel\"],\"inLanguage\":\"de\"},{\"@type\":\"WebPage\",\"@id\":\"https:\\\/\\\/www.rri.ro\\\/de\\\/aktuell\\\/wochenspiegel\\\/die-woche-21-10-25-10-2019-im-ueberblick-id628072.html\",\"url\":\"https:\\\/\\\/www.rri.ro\\\/de\\\/aktuell\\\/wochenspiegel\\\/die-woche-21-10-25-10-2019-im-ueberblick-id628072.html\",\"name\":\"Die Woche 21.10-25.10.2019 im \u00dcberblick - Radio Rum\u00e4nien International\",\"isPartOf\":{\"@id\":\"https:\\\/\\\/www.rri.ro\\\/#website\"},\"primaryImageOfPage\":{\"@id\":\"https:\\\/\\\/www.rri.ro\\\/de\\\/aktuell\\\/wochenspiegel\\\/die-woche-21-10-25-10-2019-im-ueberblick-id628072.html#primaryimage\"},\"image\":{\"@id\":\"https:\\\/\\\/www.rri.ro\\\/de\\\/aktuell\\\/wochenspiegel\\\/die-woche-21-10-25-10-2019-im-ueberblick-id628072.html#primaryimage\"},\"thumbnailUrl\":\"https:\\\/\\\/www.rri.ro\\\/wp-content\\\/uploads\\\/2023\\\/10\\\/eveniment-top-2019.jpg\",\"datePublished\":\"2019-10-26T15:11:00+00:00\",\"author\":{\"@id\":\"https:\\\/\\\/www.rri.ro\\\/#\\\/schema\\\/person\\\/4a479940371b9fdefd194f561e8a7f88\"},\"breadcrumb\":{\"@id\":\"https:\\\/\\\/www.rri.ro\\\/de\\\/aktuell\\\/wochenspiegel\\\/die-woche-21-10-25-10-2019-im-ueberblick-id628072.html#breadcrumb\"},\"inLanguage\":\"de\",\"potentialAction\":[{\"@type\":\"ReadAction\",\"target\":[\"https:\\\/\\\/www.rri.ro\\\/de\\\/aktuell\\\/wochenspiegel\\\/die-woche-21-10-25-10-2019-im-ueberblick-id628072.html\"]}]},{\"@type\":\"ImageObject\",\"inLanguage\":\"de\",\"@id\":\"https:\\\/\\\/www.rri.ro\\\/de\\\/aktuell\\\/wochenspiegel\\\/die-woche-21-10-25-10-2019-im-ueberblick-id628072.html#primaryimage\",\"url\":\"https:\\\/\\\/www.rri.ro\\\/wp-content\\\/uploads\\\/2023\\\/10\\\/eveniment-top-2019.jpg\",\"contentUrl\":\"https:\\\/\\\/www.rri.ro\\\/wp-content\\\/uploads\\\/2023\\\/10\\\/eveniment-top-2019.jpg\",\"width\":640,\"height\":480},{\"@type\":\"BreadcrumbList\",\"@id\":\"https:\\\/\\\/www.rri.ro\\\/de\\\/aktuell\\\/wochenspiegel\\\/die-woche-21-10-25-10-2019-im-ueberblick-id628072.html#breadcrumb\",\"itemListElement\":[{\"@type\":\"ListItem\",\"position\":1,\"name\":\"Startseite\",\"item\":\"https:\\\/\\\/www.rri.ro\\\/de\"},{\"@type\":\"ListItem\",\"position\":2,\"name\":\"Aktuell\",\"item\":\"https:\\\/\\\/www.rri.ro\\\/de\\\/aktuell\"},{\"@type\":\"ListItem\",\"position\":3,\"name\":\"Wochenspiegel\",\"item\":\"https:\\\/\\\/www.rri.ro\\\/de\\\/aktuell\\\/wochenspiegel\"},{\"@type\":\"ListItem\",\"position\":4,\"name\":\"Die Woche 21.10-25.10.2019 im \u00dcberblick\"}]},{\"@type\":\"WebSite\",\"@id\":\"https:\\\/\\\/www.rri.ro\\\/#website\",\"url\":\"https:\\\/\\\/www.rri.ro\\\/\",\"name\":\"Radio Rum\u00e4nien International\",\"description\":\"Totul despre Rom\u00e2nia \u015fi rom\u00e2ni, \u00een 13 limbi\\\/dialecte!\",\"inLanguage\":\"de\"},{\"@type\":\"Person\",\"@id\":\"https:\\\/\\\/www.rri.ro\\\/#\\\/schema\\\/person\\\/4a479940371b9fdefd194f561e8a7f88\",\"name\":\"Newsroom\",\"url\":\"https:\\\/\\\/www.rri.ro\\\/de\\\/author\\\/newsroom\"}]}<\/script>\n<!-- \/ Yoast SEO plugin. -->","yoast_head_json":{"title":"Die Woche 21.10-25.10.2019 im \u00dcberblick - Radio Rum\u00e4nien International","robots":{"index":"index","follow":"follow","max-snippet":"max-snippet:-1","max-image-preview":"max-image-preview:large","max-video-preview":"max-video-preview:-1"},"canonical":"https:\/\/www.rri.ro\/de\/aktuell\/wochenspiegel\/die-woche-21-10-25-10-2019-im-ueberblick-id628072.html","og_locale":"de_DE","og_type":"article","og_title":"Die Woche 21.10-25.10.2019 im \u00dcberblick - Radio Rum\u00e4nien International","og_description":"Premierminister Ludovic Orban hat die Liste der Kandidaten f\u00fcr die Minister seines Kabinetts vorgelegt &#13; &#13; &#13; &#13; Rum\u00e4niens designierter Premierminister Ludovic Orban hat am Donnerstag die Liste der Kandidaten f\u00fcr die Minister seines Kabinetts vorgelegt. Es soll 16 Minister und einen Vizepremier haben &#8211; die liberale Spitzenpolitikerin Raluca Turcan. Nominiert wurden unter anderen C\u0103t\u0103lin [&hellip;]","og_url":"https:\/\/www.rri.ro\/de\/aktuell\/wochenspiegel\/die-woche-21-10-25-10-2019-im-ueberblick-id628072.html","og_site_name":"Radio Rum\u00e4nien International","article_published_time":"2019-10-26T15:11:00+00:00","og_image":[{"width":640,"height":480,"url":"https:\/\/www.rri.ro\/wp-content\/uploads\/2023\/10\/eveniment-top-2019.jpg","type":"image\/jpeg"}],"author":"Newsroom","twitter_card":"summary_large_image","twitter_misc":{"Verfasst von":"Newsroom","Gesch\u00e4tzte Lesezeit":"4\u00a0Minuten","Written by":"Newsroom"},"schema":{"@context":"https:\/\/schema.org","@graph":[{"@type":"Article","@id":"https:\/\/www.rri.ro\/de\/aktuell\/wochenspiegel\/die-woche-21-10-25-10-2019-im-ueberblick-id628072.html#article","isPartOf":{"@id":"https:\/\/www.rri.ro\/de\/aktuell\/wochenspiegel\/die-woche-21-10-25-10-2019-im-ueberblick-id628072.html"},"author":{"name":"Newsroom","@id":"https:\/\/www.rri.ro\/#\/schema\/person\/4a479940371b9fdefd194f561e8a7f88"},"headline":"Die Woche 21.10-25.10.2019 im \u00dcberblick","datePublished":"2019-10-26T15:11:00+00:00","mainEntityOfPage":{"@id":"https:\/\/www.rri.ro\/de\/aktuell\/wochenspiegel\/die-woche-21-10-25-10-2019-im-ueberblick-id628072.html"},"wordCount":895,"image":{"@id":"https:\/\/www.rri.ro\/de\/aktuell\/wochenspiegel\/die-woche-21-10-25-10-2019-im-ueberblick-id628072.html#primaryimage"},"thumbnailUrl":"https:\/\/www.rri.ro\/wp-content\/uploads\/2023\/10\/eveniment-top-2019.jpg","keywords":["&#013; Europ\u00e4ische Staatsanwaltschaft","Europ\u00e4ische Kommission","Justizgesetze","Kaiser Naruhito","Laura Codruta Kovesi","Pr\u00e4sidentschaftswahlen","Premierminister Ludovic Orban"],"articleSection":["Wochenspiegel"],"inLanguage":"de"},{"@type":"WebPage","@id":"https:\/\/www.rri.ro\/de\/aktuell\/wochenspiegel\/die-woche-21-10-25-10-2019-im-ueberblick-id628072.html","url":"https:\/\/www.rri.ro\/de\/aktuell\/wochenspiegel\/die-woche-21-10-25-10-2019-im-ueberblick-id628072.html","name":"Die Woche 21.10-25.10.2019 im \u00dcberblick - Radio Rum\u00e4nien International","isPartOf":{"@id":"https:\/\/www.rri.ro\/#website"},"primaryImageOfPage":{"@id":"https:\/\/www.rri.ro\/de\/aktuell\/wochenspiegel\/die-woche-21-10-25-10-2019-im-ueberblick-id628072.html#primaryimage"},"image":{"@id":"https:\/\/www.rri.ro\/de\/aktuell\/wochenspiegel\/die-woche-21-10-25-10-2019-im-ueberblick-id628072.html#primaryimage"},"thumbnailUrl":"https:\/\/www.rri.ro\/wp-content\/uploads\/2023\/10\/eveniment-top-2019.jpg","datePublished":"2019-10-26T15:11:00+00:00","author":{"@id":"https:\/\/www.rri.ro\/#\/schema\/person\/4a479940371b9fdefd194f561e8a7f88"},"breadcrumb":{"@id":"https:\/\/www.rri.ro\/de\/aktuell\/wochenspiegel\/die-woche-21-10-25-10-2019-im-ueberblick-id628072.html#breadcrumb"},"inLanguage":"de","potentialAction":[{"@type":"ReadAction","target":["https:\/\/www.rri.ro\/de\/aktuell\/wochenspiegel\/die-woche-21-10-25-10-2019-im-ueberblick-id628072.html"]}]},{"@type":"ImageObject","inLanguage":"de","@id":"https:\/\/www.rri.ro\/de\/aktuell\/wochenspiegel\/die-woche-21-10-25-10-2019-im-ueberblick-id628072.html#primaryimage","url":"https:\/\/www.rri.ro\/wp-content\/uploads\/2023\/10\/eveniment-top-2019.jpg","contentUrl":"https:\/\/www.rri.ro\/wp-content\/uploads\/2023\/10\/eveniment-top-2019.jpg","width":640,"height":480},{"@type":"BreadcrumbList","@id":"https:\/\/www.rri.ro\/de\/aktuell\/wochenspiegel\/die-woche-21-10-25-10-2019-im-ueberblick-id628072.html#breadcrumb","itemListElement":[{"@type":"ListItem","position":1,"name":"Startseite","item":"https:\/\/www.rri.ro\/de"},{"@type":"ListItem","position":2,"name":"Aktuell","item":"https:\/\/www.rri.ro\/de\/aktuell"},{"@type":"ListItem","position":3,"name":"Wochenspiegel","item":"https:\/\/www.rri.ro\/de\/aktuell\/wochenspiegel"},{"@type":"ListItem","position":4,"name":"Die Woche 21.10-25.10.2019 im \u00dcberblick"}]},{"@type":"WebSite","@id":"https:\/\/www.rri.ro\/#website","url":"https:\/\/www.rri.ro\/","name":"Radio Rum\u00e4nien International","description":"Totul despre Rom\u00e2nia \u015fi rom\u00e2ni, \u00een 13 limbi\/dialecte!","inLanguage":"de"},{"@type":"Person","@id":"https:\/\/www.rri.ro\/#\/schema\/person\/4a479940371b9fdefd194f561e8a7f88","name":"Newsroom","url":"https:\/\/www.rri.ro\/de\/author\/newsroom"}]}},"_links":{"self":[{"href":"https:\/\/www.rri.ro\/de\/wp-json\/wp\/v2\/posts\/628072","targetHints":{"allow":["GET"]}}],"collection":[{"href":"https:\/\/www.rri.ro\/de\/wp-json\/wp\/v2\/posts"}],"about":[{"href":"https:\/\/www.rri.ro\/de\/wp-json\/wp\/v2\/types\/post"}],"author":[{"embeddable":true,"href":"https:\/\/www.rri.ro\/de\/wp-json\/wp\/v2\/users\/113"}],"replies":[{"embeddable":true,"href":"https:\/\/www.rri.ro\/de\/wp-json\/wp\/v2\/comments?post=628072"}],"version-history":[{"count":0,"href":"https:\/\/www.rri.ro\/de\/wp-json\/wp\/v2\/posts\/628072\/revisions"}],"wp:featuredmedia":[{"embeddable":true,"href":"https:\/\/www.rri.ro\/de\/wp-json\/wp\/v2\/media\/124654"}],"wp:attachment":[{"href":"https:\/\/www.rri.ro\/de\/wp-json\/wp\/v2\/media?parent=628072"}],"wp:term":[{"taxonomy":"category","embeddable":true,"href":"https:\/\/www.rri.ro\/de\/wp-json\/wp\/v2\/categories?post=628072"},{"taxonomy":"post_tag","embeddable":true,"href":"https:\/\/www.rri.ro\/de\/wp-json\/wp\/v2\/tags?post=628072"},{"taxonomy":"author","embeddable":true,"href":"https:\/\/www.rri.ro\/de\/wp-json\/wp\/v2\/coauthors?post=628072"}],"curies":[{"name":"wp","href":"https:\/\/api.w.org\/{rel}","templated":true}]}}