{"id":628077,"date":"2019-11-30T00:00:00","date_gmt":"2019-11-29T22:00:00","guid":{"rendered":"http:\/\/devrri.freshlemon.ro\/aktuell\/die-woche-25-11-29-11-2019-im-ueberblick-id628077.html"},"modified":"2019-11-30T00:00:00","modified_gmt":"2019-11-29T22:00:00","slug":"die-woche-25-11-29-11-2019-im-ueberblick","status":"publish","type":"post","link":"https:\/\/www.rri.ro\/de\/aktuell\/wochenspiegel\/die-woche-25-11-29-11-2019-im-ueberblick-id628077.html","title":{"rendered":"Die Woche 25.11.-29.11.2019 im \u00dcberblick"},"content":{"rendered":"<p dir=ltr style=line-height:1.7999999999999998;margin-top:0pt;margin-bottom:10pt;>Amtliche Wahlergebnisse liegen vor<\/p>\n<p>&#13;<br \/>\n&#13;<\/p>\n<p dir=ltr style=line-height:1.7999999999999998;margin-top:0pt;margin-bottom:10pt;>Das rum\u00e4nische Verfassungsgericht hat am Donnerstag das Ergebnis der Pr\u00e4sidentschaftswahlen am Sonntag best\u00e4tigt, wonach der amtierende Pr\u00e4sident Klaus Iohannis, der von der PNL unterst\u00fctzt wurde, zu einer zweiten Amtszeit gew\u00e4hlt wurde. Klaus Iohannis sagte, dass die Wahl durch die Rum\u00e4nen eine gro\u200e\u00dfe Verantwortung f\u00fcr ihn darstelle. Gleichzeitig betonte der Staatschef, dass seine erste Amtszeit eine herausfordernde gewesen sei. Er habe f\u00fcnf Jahre lang fortlaufenden Kontakt zu den echten Problemen der Gesellschaft gehabt und sich den regressiven Tendenzen, die er f\u00fcr eine echte Gefahr f\u00fcr die Demokratie hielt, entschieden widersetzt. Der rum\u00e4nische Pr\u00e4sident versicherte, dass er auch in der zweiten Amtszeit f\u00fcr die  Achtung der Grundrechte und -freiheiten der B\u00fcrger eintreten werde. Aufgrund der verfassungsm\u00e4\u200e\u00dfigen Rolle des rum\u00e4nischen Pr\u00e4sidenten werde ich mich f\u00fcr eine bessere Arbeitsweise  von Beh\u00f6rden und Institutionen einsetzen, damit diese wirklich im Dienste der Rum\u00e4nen stehen. Ich werde weiterhin auf die Wahrung der Verfassung achten und in Zukunft mit aller Entschlossenheit die Werte der Rechtsstaatlichkeit und den europ\u00e4ischen Weg Rum\u00e4niens unterst\u00fctzen.\u201c Laut amtlichen Ergebnissen hat Iohannis 66,09% der Stimmen erhalten, doppelt so viel wie die ehemalige sozialdemokratische Ministerpr\u00e4sidentin Viorica D\u0103ncil\u0103, die 33,91% bekam. Die Zahl der W\u00e4hler, die an der zweiten Runde teilnahmen, liegt bei etwas mehr als 9,95 Millionen &#8211; das entspricht knapp 54,5% der Gesamtzahl der in den st\u00e4ndigen Wahllisten registrierten W\u00e4hler. Im Ausland, wo bei der zweiten Runde der Pr\u00e4sidentschaftswahlen 944.077 W\u00e4hler stimmten, erhielt Pr\u00e4sident Iohannis fast 94% der Stimmen. <\/p>\n<p>&#13;<br \/>\n&#13;<\/p>\n<p>&#13;<br \/>\n&#13;<\/p>\n<p dir=ltr style=line-height:1.7999999999999998;margin-top:0pt;margin-bottom:10pt;>Ex-Premierministerin verzichtet auf PSD-Vorsitz <\/p>\n<p>&#13;<br \/>\n&#13;<\/p>\n<p dir=ltr style=line-height:1.7999999999999998;margin-top:0pt;margin-bottom:10pt;>Nachdem Ex-Premierministerin  Viorica D\u0103ncil\u0103 die zweite Runde der Pr\u00e4sidentschaftswahlen kategorisch verloren hatte, musste sie auf Dr\u00e4ngen ihrer Genossen am Dienstagabend von der Position der Parteichefin zur\u00fccktreten. Sie erkl\u00e4rte, dass der R\u00fccktritt eine Form der \u00dcbernahme der Verantwortung f\u00fcr das Ergebnis der Wahlen sei: &#8222;Ich habe die Einstellung meiner Kollegen verstanden, es ist kein Moment der Schw\u00e4che, es ist ein Moment der W\u00fcrde und ich bin der Meinung, dass ich zur\u00fccktreten muss. Ich tue das f\u00fcr die Partei.\u201c Die vorl\u00e4ufige F\u00fchrung der PSD wird vom Pr\u00e4sidenten der Abgeordnetenkammer, Marcel Ciolacu, \u00fcbernommen. Ein Kongress der Partei wird voraussichtlich Anfang n\u00e4chsten Jahres stattfinden..<\/p>\n<p>&#13;<br \/>\n&#13;<\/p>\n<p>&#13;<br \/>\n&#13;<\/p>\n<p dir=ltr style=line-height:1.7999999999999998;margin-top:0pt;margin-bottom:10pt;>Rum\u00e4nien erh\u00f6ht Engagement in Auslandseins\u00e4tzen     <\/p>\n<p>&#13;<br \/>\n&#13;<\/p>\n<p dir=ltr style=line-height:1.7999999999999998;margin-top:0pt;margin-bottom:10pt;>Diese Woche hat der Oberste Verteidigungsrat beschlossen, dass Rum\u00e4nien seine Teilnahme an Auslandseins\u00e4tzen im Jahr 2020 intensivieren wird. Das Kontingent aus dem Verteidigungsministerium wird um mehr als 200 auf mehr als 2.100 Milit\u00e4rs und Zivilisten zunehmen; f\u00fcr das Innenministerium wurden insgesamt \u00fcber 790 Milit\u00e4rs und Polizisten zugelassen. Der Rat verabschiedete auch den Standpunkt Rum\u00e4niens f\u00fcr den NATO-Gipfel in der kommenden Woche in London, bei dem Pr\u00e4sident Iohannis auf der Bedeutung der Schwarzmeerregion an der Ostflanke bestehen und die Verb\u00fcndeten versichern wird, dass Rum\u00e4nien auch n\u00e4chstes Jahr zwei Prozent des BIP f\u00fcr die Verteidigung aufwenden werde.<\/p>\n<p>&#13;<br \/>\n&#13;<\/p>\n<p>&#13;<br \/>\n&#13;<\/p>\n<p dir=ltr style=line-height:1.7999999999999998;margin-top:0pt;margin-bottom:10pt;>Regierung korrigiert Haushalt<\/p>\n<p>&#13;<br \/>\n&#13;<\/p>\n<p dir=ltr style=line-height:1.7999999999999998;margin-top:0pt;margin-bottom:10pt;>Die am Donnerstag von der liberalen Regierung in Bukarest genehmigte zweite Berichtigung des Haushaltsplans des Jahres f\u00e4llt mit einem Defizit von 4,4% des BIP statt 4,3% h\u00f6her aus als urspr\u00fcnglich bei der Vorlage des Dokuments zur \u00f6ffentlichen Debatte erwartet. Finanzminister Florin C\u00ee\u0163u erkl\u00e4rte, dass er in den letzten zwei Tagen bestimmte Ausgaben ermittelt habe, die vom ehemaligen sozialdemokratischen Kabinett nicht im Haushalt vorgesehen waren. Er gab bekannt, dass bis Ende des Jahres zus\u00e4tzlicher Betr\u00e4ge f\u00fcr die Auszahlung von Sozialversicherungsanspr\u00fcchen bereitgestellt werden sollen. Der Finanzminister f\u00fcgte hinzu, dass auch mehr Geld f\u00fcr die Zahlung von Gehaltserh\u00f6hungen in den \u00f6ffentlichen Gesundheitseinrichtungen und f\u00fcr Medikamente flie\u200e\u00dfen werde.<\/p>\n<p>&#13;<br \/>\n&#13;<\/p>\n<p>&#13;<br \/>\n&#13;<\/p>\n<p dir=ltr style=line-height:1.7999999999999998;margin-top:0pt;margin-bottom:10pt;>Staatsanw\u00e4lte fordern hohe Freiheitsstrafen im Colectiv-Verfahren<\/p>\n<p>&#13;<br \/>\n&#13;<\/p>\n<p dir=ltr style=line-height:1.7999999999999998;margin-top:0pt;margin-bottom:10pt;>Die Staatsanw\u00e4lte haben im Prozess um den katatrophalen Brand im Club Colectiv, bei dem vor 4 Jahren 64 Menschen ums Leben kamen, schwere Freiheitsstrafen gefordert. Die Inhaber des Clubs und die Besitzerin einer Pyrotechnikfirma riskieren 13-14 Jahre Gef\u00e4ngnis wegen fahrl\u00e4ssiger T\u00f6tung und K\u00f6rperverletzung sowie Vertuschung.  Auch f\u00fcr den ex-B\u00fcrgermeister des 4. Hauptstadtbezirks, Cristian Popescu Piedone, verlangten die Staatsanw\u00e4lte 14 Jahre Haft. Zudem fordern die Familien der Opfer Entsch\u00e4digungen in dreistelliger Millionenh\u00f6he. Am Montag h\u00f6rt der Richter noch die Pl\u00e4doyers f\u00fcr zwei angeklagte Angestellte der Feuerwehr. Ein Termin f\u00fcr die Urteilsverk\u00fcndung steht noch nicht fest. <\/p>\n<p>&#13;<br \/>\n&#13;<\/p>\n<p>&#13;<br \/>\n&#13;<\/p>\n<p dir=ltr style=line-height:1.7999999999999998;margin-top:0pt;margin-bottom:10pt;>Mirel R\u0103doi ist neuer Trainer der Nationalelf<\/p>\n<p>&#13;<br \/>\n&#13;<\/p>\n<p dir=ltr style=line-height:1.7999999999999998;margin-top:0pt;margin-bottom:10pt;>Der Vorstand des Rum\u00e4nischen Fu\u200e\u00dfballbundes hat einstimmig beschlossen, Mirel R\u0103doi als Auswahltrainer der Nationalelf einzusetzen. R\u0103doi, der Cosmin Contra nach dem Debakel um die gescheiterte Qualifikation zur EM 2020 ersetzt, war bisher Trainer der U-21-Mannschaft Rum\u00e4nien. Mit ihm auf der Bank gelangte die Jugendmannschaft letztes Jahr bis ins Halbfinalspiel der EM &#8211; eine Glanzleistung, nach der Rum\u00e4nien nach  56 Jahren Pause auch bei den Olympischen Spielen dabeisein darf. <\/p>\n<p>&#13;<br \/>\n&#13;<\/p>\n<p dir=ltr style=line-height:1.7999999999999998;margin-top:0pt;margin-bottom:10pt;>Die Senioren-Nationalelf hat noch eine Chance auf die EM 2020 &#8211; in einer Relegationsrunde geht es zun\u00e4chst gegen Island, und &#8211; im Falle eines Sieges &#8211; gegen den Gewinner der Partei Bulgarien gegen Ungarn.<\/p>\n<p>&#13;<br \/>\n&#13;<\/p>\n<p dir=ltr style=line-height:1.7999999999999998;margin-top:0pt;margin-bottom:10pt;>\n<p>&#13;<br \/>\n&#13;<\/p>\n<div> <\/div>\n<p>&#13;<\/p>\n","protected":false},"excerpt":{"rendered":"<p>Amtliche Wahlergebnisse liegen vor &#13; &#13; Das rum\u00e4nische Verfassungsgericht hat am Donnerstag das Ergebnis der Pr\u00e4sidentschaftswahlen am Sonntag best\u00e4tigt, wonach der amtierende Pr\u00e4sident Klaus Iohannis, der von der PNL unterst\u00fctzt wurde, zu einer zweiten Amtszeit gew\u00e4hlt wurde. Klaus Iohannis sagte, dass die Wahl durch die Rum\u00e4nen eine gro\u200e\u00dfe Verantwortung f\u00fcr ihn darstelle. Gleichzeitig betonte der [&hellip;]<\/p>\n","protected":false},"author":113,"featured_media":124694,"comment_status":"closed","ping_status":"closed","sticky":false,"template":"","format":"standard","meta":{"_acf_changed":false,"footnotes":""},"categories":[116751],"tags":[],"coauthors":[],"class_list":["post-628077","post","type-post","status-publish","format-standard","has-post-thumbnail","hentry","category-wochenspiegel"],"acf":[],"yoast_head":"<!-- This site is optimized with the Yoast SEO plugin v27.3 - https:\/\/yoast.com\/product\/yoast-seo-wordpress\/ -->\n<title>Die Woche 25.11.-29.11.2019 im \u00dcberblick - Radio Rum\u00e4nien International<\/title>\n<meta name=\"robots\" content=\"index, follow, max-snippet:-1, max-image-preview:large, max-video-preview:-1\" \/>\n<link rel=\"canonical\" href=\"https:\/\/www.rri.ro\/de\/aktuell\/wochenspiegel\/die-woche-25-11-29-11-2019-im-ueberblick-id628077.html\" \/>\n<meta property=\"og:locale\" content=\"de_DE\" \/>\n<meta property=\"og:type\" content=\"article\" \/>\n<meta property=\"og:title\" content=\"Die Woche 25.11.-29.11.2019 im \u00dcberblick - Radio Rum\u00e4nien International\" \/>\n<meta property=\"og:description\" content=\"Amtliche Wahlergebnisse liegen vor &#013; &#013; Das rum\u00e4nische Verfassungsgericht hat am Donnerstag das Ergebnis der Pr\u00e4sidentschaftswahlen am Sonntag best\u00e4tigt, wonach der amtierende Pr\u00e4sident Klaus Iohannis, der von der PNL unterst\u00fctzt wurde, zu einer zweiten Amtszeit gew\u00e4hlt wurde. Klaus Iohannis sagte, dass die Wahl durch die Rum\u00e4nen eine gro\u200e\u00dfe Verantwortung f\u00fcr ihn darstelle. Gleichzeitig betonte der [&hellip;]\" \/>\n<meta property=\"og:url\" content=\"https:\/\/www.rri.ro\/de\/aktuell\/wochenspiegel\/die-woche-25-11-29-11-2019-im-ueberblick-id628077.html\" \/>\n<meta property=\"og:site_name\" content=\"Radio Rum\u00e4nien International\" \/>\n<meta property=\"article:published_time\" content=\"2019-11-29T22:00:00+00:00\" \/>\n<meta property=\"og:image\" content=\"https:\/\/www.rri.ro\/wp-content\/uploads\/2023\/10\/eveniment-top-2019-ok-fara-dancila.png\" \/>\n\t<meta property=\"og:image:width\" content=\"640\" \/>\n\t<meta property=\"og:image:height\" content=\"480\" \/>\n\t<meta property=\"og:image:type\" content=\"image\/png\" \/>\n<meta name=\"author\" content=\"Newsroom\" \/>\n<meta name=\"twitter:card\" content=\"summary_large_image\" \/>\n<meta name=\"twitter:label1\" content=\"Verfasst von\" \/>\n\t<meta name=\"twitter:data1\" content=\"Newsroom\" \/>\n\t<meta name=\"twitter:label2\" content=\"Gesch\u00e4tzte Lesezeit\" \/>\n\t<meta name=\"twitter:data2\" content=\"4\u00a0Minuten\" \/>\n\t<meta name=\"twitter:label3\" content=\"Written by\" \/>\n\t<meta name=\"twitter:data3\" content=\"Newsroom\" \/>\n<script type=\"application\/ld+json\" class=\"yoast-schema-graph\">{\"@context\":\"https:\\\/\\\/schema.org\",\"@graph\":[{\"@type\":\"Article\",\"@id\":\"https:\\\/\\\/www.rri.ro\\\/de\\\/aktuell\\\/wochenspiegel\\\/die-woche-25-11-29-11-2019-im-ueberblick-id628077.html#article\",\"isPartOf\":{\"@id\":\"https:\\\/\\\/www.rri.ro\\\/de\\\/aktuell\\\/wochenspiegel\\\/die-woche-25-11-29-11-2019-im-ueberblick-id628077.html\"},\"author\":{\"name\":\"Newsroom\",\"@id\":\"https:\\\/\\\/www.rri.ro\\\/#\\\/schema\\\/person\\\/4a479940371b9fdefd194f561e8a7f88\"},\"headline\":\"Die Woche 25.11.-29.11.2019 im \u00dcberblick\",\"datePublished\":\"2019-11-29T22:00:00+00:00\",\"mainEntityOfPage\":{\"@id\":\"https:\\\/\\\/www.rri.ro\\\/de\\\/aktuell\\\/wochenspiegel\\\/die-woche-25-11-29-11-2019-im-ueberblick-id628077.html\"},\"wordCount\":847,\"image\":{\"@id\":\"https:\\\/\\\/www.rri.ro\\\/de\\\/aktuell\\\/wochenspiegel\\\/die-woche-25-11-29-11-2019-im-ueberblick-id628077.html#primaryimage\"},\"thumbnailUrl\":\"https:\\\/\\\/www.rri.ro\\\/wp-content\\\/uploads\\\/2023\\\/10\\\/eveniment-top-2019-ok-fara-dancila.png\",\"articleSection\":[\"Wochenspiegel\"],\"inLanguage\":\"de\"},{\"@type\":\"WebPage\",\"@id\":\"https:\\\/\\\/www.rri.ro\\\/de\\\/aktuell\\\/wochenspiegel\\\/die-woche-25-11-29-11-2019-im-ueberblick-id628077.html\",\"url\":\"https:\\\/\\\/www.rri.ro\\\/de\\\/aktuell\\\/wochenspiegel\\\/die-woche-25-11-29-11-2019-im-ueberblick-id628077.html\",\"name\":\"Die Woche 25.11.-29.11.2019 im \u00dcberblick - Radio Rum\u00e4nien International\",\"isPartOf\":{\"@id\":\"https:\\\/\\\/www.rri.ro\\\/#website\"},\"primaryImageOfPage\":{\"@id\":\"https:\\\/\\\/www.rri.ro\\\/de\\\/aktuell\\\/wochenspiegel\\\/die-woche-25-11-29-11-2019-im-ueberblick-id628077.html#primaryimage\"},\"image\":{\"@id\":\"https:\\\/\\\/www.rri.ro\\\/de\\\/aktuell\\\/wochenspiegel\\\/die-woche-25-11-29-11-2019-im-ueberblick-id628077.html#primaryimage\"},\"thumbnailUrl\":\"https:\\\/\\\/www.rri.ro\\\/wp-content\\\/uploads\\\/2023\\\/10\\\/eveniment-top-2019-ok-fara-dancila.png\",\"datePublished\":\"2019-11-29T22:00:00+00:00\",\"author\":{\"@id\":\"https:\\\/\\\/www.rri.ro\\\/#\\\/schema\\\/person\\\/4a479940371b9fdefd194f561e8a7f88\"},\"breadcrumb\":{\"@id\":\"https:\\\/\\\/www.rri.ro\\\/de\\\/aktuell\\\/wochenspiegel\\\/die-woche-25-11-29-11-2019-im-ueberblick-id628077.html#breadcrumb\"},\"inLanguage\":\"de\",\"potentialAction\":[{\"@type\":\"ReadAction\",\"target\":[\"https:\\\/\\\/www.rri.ro\\\/de\\\/aktuell\\\/wochenspiegel\\\/die-woche-25-11-29-11-2019-im-ueberblick-id628077.html\"]}]},{\"@type\":\"ImageObject\",\"inLanguage\":\"de\",\"@id\":\"https:\\\/\\\/www.rri.ro\\\/de\\\/aktuell\\\/wochenspiegel\\\/die-woche-25-11-29-11-2019-im-ueberblick-id628077.html#primaryimage\",\"url\":\"https:\\\/\\\/www.rri.ro\\\/wp-content\\\/uploads\\\/2023\\\/10\\\/eveniment-top-2019-ok-fara-dancila.png\",\"contentUrl\":\"https:\\\/\\\/www.rri.ro\\\/wp-content\\\/uploads\\\/2023\\\/10\\\/eveniment-top-2019-ok-fara-dancila.png\",\"width\":640,\"height\":480},{\"@type\":\"BreadcrumbList\",\"@id\":\"https:\\\/\\\/www.rri.ro\\\/de\\\/aktuell\\\/wochenspiegel\\\/die-woche-25-11-29-11-2019-im-ueberblick-id628077.html#breadcrumb\",\"itemListElement\":[{\"@type\":\"ListItem\",\"position\":1,\"name\":\"Startseite\",\"item\":\"https:\\\/\\\/www.rri.ro\\\/de\"},{\"@type\":\"ListItem\",\"position\":2,\"name\":\"Aktuell\",\"item\":\"https:\\\/\\\/www.rri.ro\\\/de\\\/aktuell\"},{\"@type\":\"ListItem\",\"position\":3,\"name\":\"Wochenspiegel\",\"item\":\"https:\\\/\\\/www.rri.ro\\\/de\\\/aktuell\\\/wochenspiegel\"},{\"@type\":\"ListItem\",\"position\":4,\"name\":\"Die Woche 25.11.-29.11.2019 im \u00dcberblick\"}]},{\"@type\":\"WebSite\",\"@id\":\"https:\\\/\\\/www.rri.ro\\\/#website\",\"url\":\"https:\\\/\\\/www.rri.ro\\\/\",\"name\":\"Radio Rum\u00e4nien International\",\"description\":\"Totul despre Rom\u00e2nia \u015fi rom\u00e2ni, \u00een 13 limbi\\\/dialecte!\",\"inLanguage\":\"de\"},{\"@type\":\"Person\",\"@id\":\"https:\\\/\\\/www.rri.ro\\\/#\\\/schema\\\/person\\\/4a479940371b9fdefd194f561e8a7f88\",\"name\":\"Newsroom\",\"url\":\"https:\\\/\\\/www.rri.ro\\\/de\\\/author\\\/newsroom\"}]}<\/script>\n<!-- \/ Yoast SEO plugin. -->","yoast_head_json":{"title":"Die Woche 25.11.-29.11.2019 im \u00dcberblick - Radio Rum\u00e4nien International","robots":{"index":"index","follow":"follow","max-snippet":"max-snippet:-1","max-image-preview":"max-image-preview:large","max-video-preview":"max-video-preview:-1"},"canonical":"https:\/\/www.rri.ro\/de\/aktuell\/wochenspiegel\/die-woche-25-11-29-11-2019-im-ueberblick-id628077.html","og_locale":"de_DE","og_type":"article","og_title":"Die Woche 25.11.-29.11.2019 im \u00dcberblick - Radio Rum\u00e4nien International","og_description":"Amtliche Wahlergebnisse liegen vor &#13; &#13; Das rum\u00e4nische Verfassungsgericht hat am Donnerstag das Ergebnis der Pr\u00e4sidentschaftswahlen am Sonntag best\u00e4tigt, wonach der amtierende Pr\u00e4sident Klaus Iohannis, der von der PNL unterst\u00fctzt wurde, zu einer zweiten Amtszeit gew\u00e4hlt wurde. Klaus Iohannis sagte, dass die Wahl durch die Rum\u00e4nen eine gro\u200e\u00dfe Verantwortung f\u00fcr ihn darstelle. Gleichzeitig betonte der [&hellip;]","og_url":"https:\/\/www.rri.ro\/de\/aktuell\/wochenspiegel\/die-woche-25-11-29-11-2019-im-ueberblick-id628077.html","og_site_name":"Radio Rum\u00e4nien International","article_published_time":"2019-11-29T22:00:00+00:00","og_image":[{"width":640,"height":480,"url":"https:\/\/www.rri.ro\/wp-content\/uploads\/2023\/10\/eveniment-top-2019-ok-fara-dancila.png","type":"image\/png"}],"author":"Newsroom","twitter_card":"summary_large_image","twitter_misc":{"Verfasst von":"Newsroom","Gesch\u00e4tzte Lesezeit":"4\u00a0Minuten","Written by":"Newsroom"},"schema":{"@context":"https:\/\/schema.org","@graph":[{"@type":"Article","@id":"https:\/\/www.rri.ro\/de\/aktuell\/wochenspiegel\/die-woche-25-11-29-11-2019-im-ueberblick-id628077.html#article","isPartOf":{"@id":"https:\/\/www.rri.ro\/de\/aktuell\/wochenspiegel\/die-woche-25-11-29-11-2019-im-ueberblick-id628077.html"},"author":{"name":"Newsroom","@id":"https:\/\/www.rri.ro\/#\/schema\/person\/4a479940371b9fdefd194f561e8a7f88"},"headline":"Die Woche 25.11.-29.11.2019 im \u00dcberblick","datePublished":"2019-11-29T22:00:00+00:00","mainEntityOfPage":{"@id":"https:\/\/www.rri.ro\/de\/aktuell\/wochenspiegel\/die-woche-25-11-29-11-2019-im-ueberblick-id628077.html"},"wordCount":847,"image":{"@id":"https:\/\/www.rri.ro\/de\/aktuell\/wochenspiegel\/die-woche-25-11-29-11-2019-im-ueberblick-id628077.html#primaryimage"},"thumbnailUrl":"https:\/\/www.rri.ro\/wp-content\/uploads\/2023\/10\/eveniment-top-2019-ok-fara-dancila.png","articleSection":["Wochenspiegel"],"inLanguage":"de"},{"@type":"WebPage","@id":"https:\/\/www.rri.ro\/de\/aktuell\/wochenspiegel\/die-woche-25-11-29-11-2019-im-ueberblick-id628077.html","url":"https:\/\/www.rri.ro\/de\/aktuell\/wochenspiegel\/die-woche-25-11-29-11-2019-im-ueberblick-id628077.html","name":"Die Woche 25.11.-29.11.2019 im \u00dcberblick - Radio Rum\u00e4nien International","isPartOf":{"@id":"https:\/\/www.rri.ro\/#website"},"primaryImageOfPage":{"@id":"https:\/\/www.rri.ro\/de\/aktuell\/wochenspiegel\/die-woche-25-11-29-11-2019-im-ueberblick-id628077.html#primaryimage"},"image":{"@id":"https:\/\/www.rri.ro\/de\/aktuell\/wochenspiegel\/die-woche-25-11-29-11-2019-im-ueberblick-id628077.html#primaryimage"},"thumbnailUrl":"https:\/\/www.rri.ro\/wp-content\/uploads\/2023\/10\/eveniment-top-2019-ok-fara-dancila.png","datePublished":"2019-11-29T22:00:00+00:00","author":{"@id":"https:\/\/www.rri.ro\/#\/schema\/person\/4a479940371b9fdefd194f561e8a7f88"},"breadcrumb":{"@id":"https:\/\/www.rri.ro\/de\/aktuell\/wochenspiegel\/die-woche-25-11-29-11-2019-im-ueberblick-id628077.html#breadcrumb"},"inLanguage":"de","potentialAction":[{"@type":"ReadAction","target":["https:\/\/www.rri.ro\/de\/aktuell\/wochenspiegel\/die-woche-25-11-29-11-2019-im-ueberblick-id628077.html"]}]},{"@type":"ImageObject","inLanguage":"de","@id":"https:\/\/www.rri.ro\/de\/aktuell\/wochenspiegel\/die-woche-25-11-29-11-2019-im-ueberblick-id628077.html#primaryimage","url":"https:\/\/www.rri.ro\/wp-content\/uploads\/2023\/10\/eveniment-top-2019-ok-fara-dancila.png","contentUrl":"https:\/\/www.rri.ro\/wp-content\/uploads\/2023\/10\/eveniment-top-2019-ok-fara-dancila.png","width":640,"height":480},{"@type":"BreadcrumbList","@id":"https:\/\/www.rri.ro\/de\/aktuell\/wochenspiegel\/die-woche-25-11-29-11-2019-im-ueberblick-id628077.html#breadcrumb","itemListElement":[{"@type":"ListItem","position":1,"name":"Startseite","item":"https:\/\/www.rri.ro\/de"},{"@type":"ListItem","position":2,"name":"Aktuell","item":"https:\/\/www.rri.ro\/de\/aktuell"},{"@type":"ListItem","position":3,"name":"Wochenspiegel","item":"https:\/\/www.rri.ro\/de\/aktuell\/wochenspiegel"},{"@type":"ListItem","position":4,"name":"Die Woche 25.11.-29.11.2019 im \u00dcberblick"}]},{"@type":"WebSite","@id":"https:\/\/www.rri.ro\/#website","url":"https:\/\/www.rri.ro\/","name":"Radio Rum\u00e4nien International","description":"Totul despre Rom\u00e2nia \u015fi rom\u00e2ni, \u00een 13 limbi\/dialecte!","inLanguage":"de"},{"@type":"Person","@id":"https:\/\/www.rri.ro\/#\/schema\/person\/4a479940371b9fdefd194f561e8a7f88","name":"Newsroom","url":"https:\/\/www.rri.ro\/de\/author\/newsroom"}]}},"_links":{"self":[{"href":"https:\/\/www.rri.ro\/de\/wp-json\/wp\/v2\/posts\/628077","targetHints":{"allow":["GET"]}}],"collection":[{"href":"https:\/\/www.rri.ro\/de\/wp-json\/wp\/v2\/posts"}],"about":[{"href":"https:\/\/www.rri.ro\/de\/wp-json\/wp\/v2\/types\/post"}],"author":[{"embeddable":true,"href":"https:\/\/www.rri.ro\/de\/wp-json\/wp\/v2\/users\/113"}],"replies":[{"embeddable":true,"href":"https:\/\/www.rri.ro\/de\/wp-json\/wp\/v2\/comments?post=628077"}],"version-history":[{"count":0,"href":"https:\/\/www.rri.ro\/de\/wp-json\/wp\/v2\/posts\/628077\/revisions"}],"wp:featuredmedia":[{"embeddable":true,"href":"https:\/\/www.rri.ro\/de\/wp-json\/wp\/v2\/media\/124694"}],"wp:attachment":[{"href":"https:\/\/www.rri.ro\/de\/wp-json\/wp\/v2\/media?parent=628077"}],"wp:term":[{"taxonomy":"category","embeddable":true,"href":"https:\/\/www.rri.ro\/de\/wp-json\/wp\/v2\/categories?post=628077"},{"taxonomy":"post_tag","embeddable":true,"href":"https:\/\/www.rri.ro\/de\/wp-json\/wp\/v2\/tags?post=628077"},{"taxonomy":"author","embeddable":true,"href":"https:\/\/www.rri.ro\/de\/wp-json\/wp\/v2\/coauthors?post=628077"}],"curies":[{"name":"wp","href":"https:\/\/api.w.org\/{rel}","templated":true}]}}