{"id":628091,"date":"2020-03-14T17:05:00","date_gmt":"2020-03-14T15:05:00","guid":{"rendered":"http:\/\/devrri.freshlemon.ro\/aktuell\/die-woche-09-03-13-03-2020-im-ueberblick-id628091.html"},"modified":"2020-03-14T17:05:00","modified_gmt":"2020-03-14T15:05:00","slug":"die-woche-09-03-13-03-2020-im-ueberblick","status":"publish","type":"post","link":"https:\/\/www.rri.ro\/de\/aktuell\/wochenspiegel\/die-woche-09-03-13-03-2020-im-ueberblick-id628091.html","title":{"rendered":"Die Woche 09.03.-13.03.2020 im \u00dcberblick"},"content":{"rendered":"<p><strong>Covid-19-Pandemie <\/strong><\/p>\n<p>&#13;<br \/>\n&#13;<\/p>\n<p>&#13;<br \/>\n&#13;<\/p>\n<p>Das Ende letzten Jahres erschienene neue Coronavirus in China hat die ungew\u00fcnschte Leistung erzielt, um sich auf allen Kontinenten auszubreiten. Diese Woche hat die Weltgesundheitsorganisation die Pandemie ausgerufen. Die Gesamtzahl der Infizierten steigt exponentiell an, die der Toten liegt bei Tausenden, und die gute Nachricht ist, dass die Sterblichkeitsrate jedoch bei rund drei Prozent liegt. Eine weitere positive Tatsache ist, dass in China seit einigen Tagen Kranken- und Todesf\u00e4lle auf Null gesunken sind. In den europ\u00e4ischen L\u00e4ndern und den Vereinigten Staaten wachsen sie jedoch von einer Stunde zur anderen. In Italien, dem nach China am schlimmsten von der Covid-19-Pandemie am st\u00e4rksten betroffenen Land der Welt,  sind am Donnerstag zwei psychologischen Schwellenwerten \u00fcberschritten &#8211; 15.000 in Bezug auf die Anzahl der Infektionen &#8211; und 1000 Todesf\u00e4lle mit 2.500 Krankheiten an einem einzigen Tag.<\/p>\n<p>&#13;<br \/>\n&#13;<\/p>\n<p>Italien wurde unter Quarant\u00e4ne gestellt. Die einzigen Gesch\u00e4fte, die ge\u00f6ffnet sind, sind Lebensmittelgesch\u00e4fte und die Apotheken. Andere europ\u00e4ische L\u00e4nder, in denen die Zahl der F\u00e4lle dramatisch zugenommen hat, sind Frankreich und Spanien, und immer mehr Regierungen treffen die Entscheidung, den Ausnahmezustand auszurufen. In F\u00e4llen, in denen es keine strikte Behandlung gegen Coronavirus-Infektionen gibt, wird weiterhin an Behandlungen gearbeitet, die gegen die Symptome wirken. Man versucht die B\u00fcrger so weit wie m\u00f6glich zu isolieren. Dies ist die wirksamste Ma\u00dfnahme zur Prophylaxe.<\/p>\n<p>&#13;<br \/>\n&#13;<\/p>\n<p>Die rum\u00e4nischen Beh\u00f6rden, die die durch das neue Coronavirus verursachte Situation verwalten, versichern, dass sie die erforderlichen Ma\u00dfnahmen ergriffen haben, um die negativen Auswirkungen zu begrenzen. Neben der Einhaltung der Hygienevorschriften sind weitere Ma\u00dfnahmen zur Verringerung der \u00dcbertragung von Coronaviren notwendig: Begrenzung des sozialen Kontakts, Vermeidung von Menschenmassen und Flexibilisierung des Arbeitsprogramms sowie Quarant\u00e4ne und Selbstisolierung, wenn n\u00f6tig ist.<\/p>\n<p>&#13;<br \/>\n&#13;<\/p>\n<p>Pr\u00e4sident Klaus Iohannis forderte erneut die B\u00fcrger auf, sich aus offiziellen Quellen zu informieren und die Verbreitung von falschen Nachrichten zu vermeiden. Sie sollen nicht in die Gesch\u00e4fte und Apotheken pl\u00fcndern sowie die von den Beh\u00f6rden auferlegten Regeln zur Begrenzung von Krankheiten einhalten. Andererseits hat das Staatsoberhaupt erkl\u00e4rt, dass es im gegenw\u00e4rtigen Kontext Wirtschaftssektoren sind, die schwere Verluste erleiden.  Die T\u00e4tigkeit zahlreicher Unternehmen ist gef\u00e4hrdet. In Bukarest wurde eine interinstitutionelle Arbeitsgruppe zur Bewertung der wirtschaftlichen, finanziellen und budget\u00e4ren Auswirkungen von COVID-19 gegr\u00fcndet. Am Mittwoch fand ihre erste Sitzung unter der Leitung des Staatsoberhauptes statt.<\/p>\n<p>&#13;<br \/>\n&#13;<\/p>\n<p>Das Treffen brachte den Notenbankchef Mugur Isarescu, Vertreter der Exekutive und des Gesch\u00e4ftsumfelds zusammen. Der Staatspr\u00e4sident forderte diese auf, die wirtschaftlichen und sozialen Auswirkungen sorgf\u00e4ltig und verantwortungsbewusst zu bewerten und gleichzeitig die wirtschaftlichen Auswirkungen, der durch die Pandemie verursachten Krise, nicht zu minimieren. Im Namen der Arbeitgeber pl\u00e4dierte der Pr\u00e4sident des Nationalen Rates f\u00fcr kleine und Mittelbetriebe Florin Jianu f\u00fcr die Unterst\u00fctzung von Unternehmen in Schwierigkeiten in Bereichen wie Tourismus, Verkehr und Autobau.<\/p>\n<p>&#13;<br \/>\n&#13;<\/p>\n<p>Die Arbeitsgruppe wird die vorgeschlagenen Ma\u00dfnahmen analysieren und n\u00e4chste Woche die getroffenen Entscheidungen bekannt geben. Wirtschaftsanalysten weisen darauf hin, dass die Wirtschaft dramatisch leiden kann, wenn keine raschen Unterst\u00fctzungsma\u00dfnahmen ergriffen werden. Vor dem Hintergrund der Coronavirus-Pandemie verzeichneten die asiatischen und europ\u00e4ischen B\u00f6rsen, einschlie\u00dflich die in Bukarest, in dieser Woche R\u00fcckg\u00e4nge. Diese Entwicklung wurde stark von der Mitteilung des US-Pr\u00e4sidenten Donald Trump beeinflusst, alle Fl\u00fcge von Europa in die USA f\u00fcr einen Zeitraum von 30 Tagen auszusetzen, mit Ausnahme derjenigen aus Gro\u00dfbritannien.<\/p>\n<p>&#13;<br \/>\n&#13;<\/p>\n<p>&#13;<br \/>\n&#13;<\/p>\n<p><strong>Entwicklungen auf der politischen Szene in Bukarest<\/strong><\/p>\n<p>&#13;<br \/>\n&#13;<\/p>\n<p>&#13;<br \/>\n&#13;<\/p>\n<p>Neuer Anfang f\u00fcr den Prozess der Errichtung einer neuen Regierung mit vollen Befugnissen in Bukarest. Der rum\u00e4nische Pr\u00e4sident Klaus Iohannis hat am Freitag erneut den PNL-F\u00fchrer Ludovic Orban zum Ministerpr\u00e4sidenten ernannt. Iohannis erkl\u00e4rte, dass alle Parteien und parlamentarischen Formationen ihm versprochen h\u00e4tten, an der raschen Amtseinf\u00fchrung der neuen Exekutive beteiligt zu sein. Das Staatsoberhaupt hat diese Konsultationen am Freitag per Telefonkonferenz abgehalten, angesichts der besonderen Situation, die durch das Auftreten des Coronavirus in Rum\u00e4nien entstanden ist. Klaus Iohannis sagte, er habe nur einen Vorschlag f\u00fcr die Ernennung zum Premierminister erhalten &#8211; Ludovic Orban.<\/p>\n<p>&#13;<br \/>\n&#13;<\/p>\n<p>Ich erwarte von allen Parteien, von allen verantwortlichen Politikern im rum\u00e4nischen Parlament, dass sie Teil dieser gemeinsamen Bem\u00fchungen zur L\u00f6sung der Situation sind, um diese politische Krise zu beenden, damit wir uns zu 100% auf die Bek\u00e4mpfung von Coronavirus-Infektionen konzentrieren k\u00f6nnen. sagte der Pr\u00e4sident. Die Entscheidung wurde getroffen, nachdem der derzeitige Finanzminister Florin C\u00ee\u0163u am Donnerstag sein R\u00fccktritt als Premierminister eingereicht hatte. Die Entscheidung von C\u00ee\u0163u kam kurz vor der Parlamentsabstimmung. Wir erinnern daran, dass die liberale Regierung unter der F\u00fchrung von PNL-Chef Ludovic Orban letzten Monat durch einen Misstrauensantrag gest\u00fcrzt wurde. Der Pr\u00e4sident ernannte erneut Orban zur Bildung einer neuen Exekutive, Das Verfassungsgericht entschied aber, dass die Ernennung gegen die Verfassung  verst\u00f6\u00dfe.<\/p>\n<p>&#13;<\/p>\n","protected":false},"excerpt":{"rendered":"<p>Covid-19-Pandemie &#13; &#13; &#13; &#13; Das Ende letzten Jahres erschienene neue Coronavirus in China hat die ungew\u00fcnschte Leistung erzielt, um sich auf allen Kontinenten auszubreiten. Diese Woche hat die Weltgesundheitsorganisation die Pandemie ausgerufen. Die Gesamtzahl der Infizierten steigt exponentiell an, die der Toten liegt bei Tausenden, und die gute Nachricht ist, dass die Sterblichkeitsrate jedoch [&hellip;]<\/p>\n","protected":false},"author":2,"featured_media":124694,"comment_status":"closed","ping_status":"closed","sticky":false,"template":"","format":"standard","meta":{"_acf_changed":false,"footnotes":""},"categories":[116751],"tags":[101206,146246,35339,100268,137226,104323,47026,104913,104708,101993,117454],"coauthors":[],"class_list":["post-628091","post","type-post","status-publish","format-standard","has-post-thumbnail","hentry","category-wochenspiegel","tag-amtseinfuehrung","tag-china-de","tag-coronavirus","tag-italien","tag-klaus-iohannis-de","tag-notenbankchef-mugur-isarescu","tag-pandemie","tag-quarantaene","tag-us-praesident-donald-trump","tag-weltgesundheitsorganisation","tag-wirtschaftssektoren"],"acf":[],"yoast_head":"<!-- This site is optimized with the Yoast SEO plugin v27.3 - https:\/\/yoast.com\/product\/yoast-seo-wordpress\/ -->\n<title>Die Woche 09.03.-13.03.2020 im \u00dcberblick - Radio Rum\u00e4nien International<\/title>\n<meta name=\"robots\" content=\"index, follow, max-snippet:-1, max-image-preview:large, max-video-preview:-1\" \/>\n<link rel=\"canonical\" href=\"https:\/\/www.rri.ro\/de\/aktuell\/wochenspiegel\/die-woche-09-03-13-03-2020-im-ueberblick-id628091.html\" \/>\n<meta property=\"og:locale\" content=\"de_DE\" \/>\n<meta property=\"og:type\" content=\"article\" \/>\n<meta property=\"og:title\" content=\"Die Woche 09.03.-13.03.2020 im \u00dcberblick - Radio Rum\u00e4nien International\" \/>\n<meta property=\"og:description\" content=\"Covid-19-Pandemie &#013; &#013; &#013; &#013; Das Ende letzten Jahres erschienene neue Coronavirus in China hat die ungew\u00fcnschte Leistung erzielt, um sich auf allen Kontinenten auszubreiten. Diese Woche hat die Weltgesundheitsorganisation die Pandemie ausgerufen. Die Gesamtzahl der Infizierten steigt exponentiell an, die der Toten liegt bei Tausenden, und die gute Nachricht ist, dass die Sterblichkeitsrate jedoch [&hellip;]\" \/>\n<meta property=\"og:url\" content=\"https:\/\/www.rri.ro\/de\/aktuell\/wochenspiegel\/die-woche-09-03-13-03-2020-im-ueberblick-id628091.html\" \/>\n<meta property=\"og:site_name\" content=\"Radio Rum\u00e4nien International\" \/>\n<meta property=\"article:published_time\" content=\"2020-03-14T15:05:00+00:00\" \/>\n<meta property=\"og:image\" content=\"https:\/\/www.rri.ro\/wp-content\/uploads\/2023\/10\/eveniment-top-2019-ok-fara-dancila.png\" \/>\n\t<meta property=\"og:image:width\" content=\"640\" \/>\n\t<meta property=\"og:image:height\" content=\"480\" \/>\n\t<meta property=\"og:image:type\" content=\"image\/png\" \/>\n<meta name=\"author\" content=\"Rom\u00e2nia Interna\u021bional\" \/>\n<meta name=\"twitter:card\" content=\"summary_large_image\" \/>\n<meta name=\"twitter:label1\" content=\"Verfasst von\" \/>\n\t<meta name=\"twitter:data1\" content=\"Rom\u00e2nia Interna\u021bional\" \/>\n\t<meta name=\"twitter:label2\" content=\"Gesch\u00e4tzte Lesezeit\" \/>\n\t<meta name=\"twitter:data2\" content=\"4\u00a0Minuten\" \/>\n\t<meta name=\"twitter:label3\" content=\"Written by\" \/>\n\t<meta name=\"twitter:data3\" content=\"Rom\u00e2nia Interna\u021bional\" \/>\n<script type=\"application\/ld+json\" class=\"yoast-schema-graph\">{\"@context\":\"https:\\\/\\\/schema.org\",\"@graph\":[{\"@type\":\"Article\",\"@id\":\"https:\\\/\\\/www.rri.ro\\\/de\\\/aktuell\\\/wochenspiegel\\\/die-woche-09-03-13-03-2020-im-ueberblick-id628091.html#article\",\"isPartOf\":{\"@id\":\"https:\\\/\\\/www.rri.ro\\\/de\\\/aktuell\\\/wochenspiegel\\\/die-woche-09-03-13-03-2020-im-ueberblick-id628091.html\"},\"author\":{\"name\":\"Rom\u00e2nia Interna\u021bional\",\"@id\":\"https:\\\/\\\/www.rri.ro\\\/#\\\/schema\\\/person\\\/18fac491bccbfe149b92aea77ad60abd\"},\"headline\":\"Die Woche 09.03.-13.03.2020 im \u00dcberblick\",\"datePublished\":\"2020-03-14T15:05:00+00:00\",\"mainEntityOfPage\":{\"@id\":\"https:\\\/\\\/www.rri.ro\\\/de\\\/aktuell\\\/wochenspiegel\\\/die-woche-09-03-13-03-2020-im-ueberblick-id628091.html\"},\"wordCount\":813,\"image\":{\"@id\":\"https:\\\/\\\/www.rri.ro\\\/de\\\/aktuell\\\/wochenspiegel\\\/die-woche-09-03-13-03-2020-im-ueberblick-id628091.html#primaryimage\"},\"thumbnailUrl\":\"https:\\\/\\\/www.rri.ro\\\/wp-content\\\/uploads\\\/2023\\\/10\\\/eveniment-top-2019-ok-fara-dancila.png\",\"keywords\":[\"Amtseinf\u00fchrung\",\"China\",\"coronavirus\",\"Italien\",\"Klaus Iohannis\",\"Notenbankchef Mugur Is\u0103rescu\",\"pandemie\",\"Quarant\u00e4ne\",\"US-Pr\u00e4sident Donald Trump\",\"Weltgesundheitsorganisation\",\"Wirtschaftssektoren\"],\"articleSection\":[\"Wochenspiegel\"],\"inLanguage\":\"de\"},{\"@type\":\"WebPage\",\"@id\":\"https:\\\/\\\/www.rri.ro\\\/de\\\/aktuell\\\/wochenspiegel\\\/die-woche-09-03-13-03-2020-im-ueberblick-id628091.html\",\"url\":\"https:\\\/\\\/www.rri.ro\\\/de\\\/aktuell\\\/wochenspiegel\\\/die-woche-09-03-13-03-2020-im-ueberblick-id628091.html\",\"name\":\"Die Woche 09.03.-13.03.2020 im \u00dcberblick - Radio Rum\u00e4nien International\",\"isPartOf\":{\"@id\":\"https:\\\/\\\/www.rri.ro\\\/#website\"},\"primaryImageOfPage\":{\"@id\":\"https:\\\/\\\/www.rri.ro\\\/de\\\/aktuell\\\/wochenspiegel\\\/die-woche-09-03-13-03-2020-im-ueberblick-id628091.html#primaryimage\"},\"image\":{\"@id\":\"https:\\\/\\\/www.rri.ro\\\/de\\\/aktuell\\\/wochenspiegel\\\/die-woche-09-03-13-03-2020-im-ueberblick-id628091.html#primaryimage\"},\"thumbnailUrl\":\"https:\\\/\\\/www.rri.ro\\\/wp-content\\\/uploads\\\/2023\\\/10\\\/eveniment-top-2019-ok-fara-dancila.png\",\"datePublished\":\"2020-03-14T15:05:00+00:00\",\"author\":{\"@id\":\"https:\\\/\\\/www.rri.ro\\\/#\\\/schema\\\/person\\\/18fac491bccbfe149b92aea77ad60abd\"},\"breadcrumb\":{\"@id\":\"https:\\\/\\\/www.rri.ro\\\/de\\\/aktuell\\\/wochenspiegel\\\/die-woche-09-03-13-03-2020-im-ueberblick-id628091.html#breadcrumb\"},\"inLanguage\":\"de\",\"potentialAction\":[{\"@type\":\"ReadAction\",\"target\":[\"https:\\\/\\\/www.rri.ro\\\/de\\\/aktuell\\\/wochenspiegel\\\/die-woche-09-03-13-03-2020-im-ueberblick-id628091.html\"]}]},{\"@type\":\"ImageObject\",\"inLanguage\":\"de\",\"@id\":\"https:\\\/\\\/www.rri.ro\\\/de\\\/aktuell\\\/wochenspiegel\\\/die-woche-09-03-13-03-2020-im-ueberblick-id628091.html#primaryimage\",\"url\":\"https:\\\/\\\/www.rri.ro\\\/wp-content\\\/uploads\\\/2023\\\/10\\\/eveniment-top-2019-ok-fara-dancila.png\",\"contentUrl\":\"https:\\\/\\\/www.rri.ro\\\/wp-content\\\/uploads\\\/2023\\\/10\\\/eveniment-top-2019-ok-fara-dancila.png\",\"width\":640,\"height\":480},{\"@type\":\"BreadcrumbList\",\"@id\":\"https:\\\/\\\/www.rri.ro\\\/de\\\/aktuell\\\/wochenspiegel\\\/die-woche-09-03-13-03-2020-im-ueberblick-id628091.html#breadcrumb\",\"itemListElement\":[{\"@type\":\"ListItem\",\"position\":1,\"name\":\"Startseite\",\"item\":\"https:\\\/\\\/www.rri.ro\\\/de\"},{\"@type\":\"ListItem\",\"position\":2,\"name\":\"Aktuell\",\"item\":\"https:\\\/\\\/www.rri.ro\\\/de\\\/aktuell\"},{\"@type\":\"ListItem\",\"position\":3,\"name\":\"Wochenspiegel\",\"item\":\"https:\\\/\\\/www.rri.ro\\\/de\\\/aktuell\\\/wochenspiegel\"},{\"@type\":\"ListItem\",\"position\":4,\"name\":\"Die Woche 09.03.-13.03.2020 im \u00dcberblick\"}]},{\"@type\":\"WebSite\",\"@id\":\"https:\\\/\\\/www.rri.ro\\\/#website\",\"url\":\"https:\\\/\\\/www.rri.ro\\\/\",\"name\":\"Radio Rum\u00e4nien International\",\"description\":\"Totul despre Rom\u00e2nia \u015fi rom\u00e2ni, \u00een 13 limbi\\\/dialecte!\",\"inLanguage\":\"de\"},{\"@type\":\"Person\",\"@id\":\"https:\\\/\\\/www.rri.ro\\\/#\\\/schema\\\/person\\\/18fac491bccbfe149b92aea77ad60abd\",\"name\":\"Rom\u00e2nia Interna\u021bional\",\"url\":\"https:\\\/\\\/www.rri.ro\\\/de\\\/author\\\/redactia\"}]}<\/script>\n<!-- \/ Yoast SEO plugin. -->","yoast_head_json":{"title":"Die Woche 09.03.-13.03.2020 im \u00dcberblick - Radio Rum\u00e4nien International","robots":{"index":"index","follow":"follow","max-snippet":"max-snippet:-1","max-image-preview":"max-image-preview:large","max-video-preview":"max-video-preview:-1"},"canonical":"https:\/\/www.rri.ro\/de\/aktuell\/wochenspiegel\/die-woche-09-03-13-03-2020-im-ueberblick-id628091.html","og_locale":"de_DE","og_type":"article","og_title":"Die Woche 09.03.-13.03.2020 im \u00dcberblick - Radio Rum\u00e4nien International","og_description":"Covid-19-Pandemie &#13; &#13; &#13; &#13; Das Ende letzten Jahres erschienene neue Coronavirus in China hat die ungew\u00fcnschte Leistung erzielt, um sich auf allen Kontinenten auszubreiten. Diese Woche hat die Weltgesundheitsorganisation die Pandemie ausgerufen. Die Gesamtzahl der Infizierten steigt exponentiell an, die der Toten liegt bei Tausenden, und die gute Nachricht ist, dass die Sterblichkeitsrate jedoch [&hellip;]","og_url":"https:\/\/www.rri.ro\/de\/aktuell\/wochenspiegel\/die-woche-09-03-13-03-2020-im-ueberblick-id628091.html","og_site_name":"Radio Rum\u00e4nien International","article_published_time":"2020-03-14T15:05:00+00:00","og_image":[{"width":640,"height":480,"url":"https:\/\/www.rri.ro\/wp-content\/uploads\/2023\/10\/eveniment-top-2019-ok-fara-dancila.png","type":"image\/png"}],"author":"Rom\u00e2nia Interna\u021bional","twitter_card":"summary_large_image","twitter_misc":{"Verfasst von":"Rom\u00e2nia Interna\u021bional","Gesch\u00e4tzte Lesezeit":"4\u00a0Minuten","Written by":"Rom\u00e2nia Interna\u021bional"},"schema":{"@context":"https:\/\/schema.org","@graph":[{"@type":"Article","@id":"https:\/\/www.rri.ro\/de\/aktuell\/wochenspiegel\/die-woche-09-03-13-03-2020-im-ueberblick-id628091.html#article","isPartOf":{"@id":"https:\/\/www.rri.ro\/de\/aktuell\/wochenspiegel\/die-woche-09-03-13-03-2020-im-ueberblick-id628091.html"},"author":{"name":"Rom\u00e2nia Interna\u021bional","@id":"https:\/\/www.rri.ro\/#\/schema\/person\/18fac491bccbfe149b92aea77ad60abd"},"headline":"Die Woche 09.03.-13.03.2020 im \u00dcberblick","datePublished":"2020-03-14T15:05:00+00:00","mainEntityOfPage":{"@id":"https:\/\/www.rri.ro\/de\/aktuell\/wochenspiegel\/die-woche-09-03-13-03-2020-im-ueberblick-id628091.html"},"wordCount":813,"image":{"@id":"https:\/\/www.rri.ro\/de\/aktuell\/wochenspiegel\/die-woche-09-03-13-03-2020-im-ueberblick-id628091.html#primaryimage"},"thumbnailUrl":"https:\/\/www.rri.ro\/wp-content\/uploads\/2023\/10\/eveniment-top-2019-ok-fara-dancila.png","keywords":["Amtseinf\u00fchrung","China","coronavirus","Italien","Klaus Iohannis","Notenbankchef Mugur Is\u0103rescu","pandemie","Quarant\u00e4ne","US-Pr\u00e4sident Donald Trump","Weltgesundheitsorganisation","Wirtschaftssektoren"],"articleSection":["Wochenspiegel"],"inLanguage":"de"},{"@type":"WebPage","@id":"https:\/\/www.rri.ro\/de\/aktuell\/wochenspiegel\/die-woche-09-03-13-03-2020-im-ueberblick-id628091.html","url":"https:\/\/www.rri.ro\/de\/aktuell\/wochenspiegel\/die-woche-09-03-13-03-2020-im-ueberblick-id628091.html","name":"Die Woche 09.03.-13.03.2020 im \u00dcberblick - Radio Rum\u00e4nien International","isPartOf":{"@id":"https:\/\/www.rri.ro\/#website"},"primaryImageOfPage":{"@id":"https:\/\/www.rri.ro\/de\/aktuell\/wochenspiegel\/die-woche-09-03-13-03-2020-im-ueberblick-id628091.html#primaryimage"},"image":{"@id":"https:\/\/www.rri.ro\/de\/aktuell\/wochenspiegel\/die-woche-09-03-13-03-2020-im-ueberblick-id628091.html#primaryimage"},"thumbnailUrl":"https:\/\/www.rri.ro\/wp-content\/uploads\/2023\/10\/eveniment-top-2019-ok-fara-dancila.png","datePublished":"2020-03-14T15:05:00+00:00","author":{"@id":"https:\/\/www.rri.ro\/#\/schema\/person\/18fac491bccbfe149b92aea77ad60abd"},"breadcrumb":{"@id":"https:\/\/www.rri.ro\/de\/aktuell\/wochenspiegel\/die-woche-09-03-13-03-2020-im-ueberblick-id628091.html#breadcrumb"},"inLanguage":"de","potentialAction":[{"@type":"ReadAction","target":["https:\/\/www.rri.ro\/de\/aktuell\/wochenspiegel\/die-woche-09-03-13-03-2020-im-ueberblick-id628091.html"]}]},{"@type":"ImageObject","inLanguage":"de","@id":"https:\/\/www.rri.ro\/de\/aktuell\/wochenspiegel\/die-woche-09-03-13-03-2020-im-ueberblick-id628091.html#primaryimage","url":"https:\/\/www.rri.ro\/wp-content\/uploads\/2023\/10\/eveniment-top-2019-ok-fara-dancila.png","contentUrl":"https:\/\/www.rri.ro\/wp-content\/uploads\/2023\/10\/eveniment-top-2019-ok-fara-dancila.png","width":640,"height":480},{"@type":"BreadcrumbList","@id":"https:\/\/www.rri.ro\/de\/aktuell\/wochenspiegel\/die-woche-09-03-13-03-2020-im-ueberblick-id628091.html#breadcrumb","itemListElement":[{"@type":"ListItem","position":1,"name":"Startseite","item":"https:\/\/www.rri.ro\/de"},{"@type":"ListItem","position":2,"name":"Aktuell","item":"https:\/\/www.rri.ro\/de\/aktuell"},{"@type":"ListItem","position":3,"name":"Wochenspiegel","item":"https:\/\/www.rri.ro\/de\/aktuell\/wochenspiegel"},{"@type":"ListItem","position":4,"name":"Die Woche 09.03.-13.03.2020 im \u00dcberblick"}]},{"@type":"WebSite","@id":"https:\/\/www.rri.ro\/#website","url":"https:\/\/www.rri.ro\/","name":"Radio Rum\u00e4nien International","description":"Totul despre Rom\u00e2nia \u015fi rom\u00e2ni, \u00een 13 limbi\/dialecte!","inLanguage":"de"},{"@type":"Person","@id":"https:\/\/www.rri.ro\/#\/schema\/person\/18fac491bccbfe149b92aea77ad60abd","name":"Rom\u00e2nia Interna\u021bional","url":"https:\/\/www.rri.ro\/de\/author\/redactia"}]}},"_links":{"self":[{"href":"https:\/\/www.rri.ro\/de\/wp-json\/wp\/v2\/posts\/628091","targetHints":{"allow":["GET"]}}],"collection":[{"href":"https:\/\/www.rri.ro\/de\/wp-json\/wp\/v2\/posts"}],"about":[{"href":"https:\/\/www.rri.ro\/de\/wp-json\/wp\/v2\/types\/post"}],"author":[{"embeddable":true,"href":"https:\/\/www.rri.ro\/de\/wp-json\/wp\/v2\/users\/2"}],"replies":[{"embeddable":true,"href":"https:\/\/www.rri.ro\/de\/wp-json\/wp\/v2\/comments?post=628091"}],"version-history":[{"count":0,"href":"https:\/\/www.rri.ro\/de\/wp-json\/wp\/v2\/posts\/628091\/revisions"}],"wp:featuredmedia":[{"embeddable":true,"href":"https:\/\/www.rri.ro\/de\/wp-json\/wp\/v2\/media\/124694"}],"wp:attachment":[{"href":"https:\/\/www.rri.ro\/de\/wp-json\/wp\/v2\/media?parent=628091"}],"wp:term":[{"taxonomy":"category","embeddable":true,"href":"https:\/\/www.rri.ro\/de\/wp-json\/wp\/v2\/categories?post=628091"},{"taxonomy":"post_tag","embeddable":true,"href":"https:\/\/www.rri.ro\/de\/wp-json\/wp\/v2\/tags?post=628091"},{"taxonomy":"author","embeddable":true,"href":"https:\/\/www.rri.ro\/de\/wp-json\/wp\/v2\/coauthors?post=628091"}],"curies":[{"name":"wp","href":"https:\/\/api.w.org\/{rel}","templated":true}]}}