{"id":628102,"date":"2020-06-13T15:13:00","date_gmt":"2020-06-13T12:13:00","guid":{"rendered":"http:\/\/devrri.freshlemon.ro\/aktuell\/die-woche-09-06-12-06-2020-im-rueckblick-id628102.html"},"modified":"2020-06-13T15:13:00","modified_gmt":"2020-06-13T12:13:00","slug":"die-woche-09-06-12-06-2020-im-rueckblick","status":"publish","type":"post","link":"https:\/\/www.rri.ro\/de\/aktuell\/wochenspiegel\/die-woche-09-06-12-06-2020-im-rueckblick-id628102.html","title":{"rendered":"Die Woche 09.06.\u201312.06.2020 im R\u00fcckblick"},"content":{"rendered":"<p><strong>Neuartiges Coronavirus ist weiterhin hochaktuelles Thema<\/strong><\/p>\n<p>&#13;<br \/>\n&#13;<\/p>\n<p>Mehr als 21.000 Menschen haben sich in Rum\u00e4nien mit SARS-COV-2 infiziert, fast 1400 sind mit COVID-19 gestorben. Nach zwei Monaten Notstand und einem Monat Warnzustand, der am 16. Juni ausl\u00e4uft, wollen Pr\u00e4sident Klaus Iohannis und die liberale Regierung die restriktiven Ma\u200e\u00dfnahmen verl\u00e4ngern. Am Donnerstag verschob jedoch die Regierung eine Entscheidung zur Verl\u00e4ngerung des Warnzustands auf n\u00e4chste Woche. Premierminister Ludovic Orban sagte dabei, dass es keine politische Entscheidung sei, sondern dass eine Verl\u00e4ngerung zum Schutz von Gesundheit und Leben erforderlich sei.<\/p>\n<p>&#13;<br \/>\n&#13;<\/p>\n<p>Mit Ausnahme der dort gelegenen Restaurants und Spielpl\u00e4tze k\u00f6nnen Einkaufmalls wieder \u00f6ffnen, aber auch Fitnesscenter und Schwimmhallen d\u00fcrfen mit Auflagen wieder aufgesucht werden. Private &#8212; also nicht \u00f6ffentliche &#8212; Veranstaltungen mit bis zu 20 Teilnehmern &#8212; oder maximal 50 f\u00fcr Freiluftevents &#8212; k\u00f6nnen wieder ausgerichtet werden. Private Krippen, Kitas und Kinderg\u00e4rtensollen auch \u00f6ffnen. Laut Premierminister Ludovic Orban wird das Nationale Gesundheitsinstitut f\u00fcr jedes Land eine Kennzahl berechnen, die die dortige Pandemiegefahr anzeigt. Liegt der Index unter 5, m\u00fcssen Personen, die aus diesen L\u00e4ndern einreisen, nicht mehr isoliert werden. Die Flugverbindungen zu diesen L\u00e4ndern, zu denen auch \u00d6sterreich, Griechenland oder Bulgarien geh\u00f6ren, sollen wiederaufgenommen werden.<\/p>\n<p>&#13;<br \/>\n&#13;<\/p>\n<p>F\u00fcr die Verl\u00e4ngerung des Warnzustands ist jedoch die Zustimmung des Parlaments innerhalb von 5 Tagen notwendig. Die oppositionelle PSD, die auch die st\u00e4rkste Kraft im Parlament ist, will der Regierung keine Blankoschecks mehr ausstellen. Ihr schwebt  eine eigene Strategie zur Pandemiebek\u00e4mpfung vor und einer Verl\u00e4ngerung des jetzigen Zustands w\u00fcrde die PSD nur unter bestimmten Umst\u00e4nden zustimmen: zum Beispiel, wenn COVID-19 reservierte Krankenh\u00e4user, die keine Patienten im letzten Monat hatten, wieder f\u00fcr alle offen sind und wenn die Beschaffungen wieder durch Ausschreibungsverfahren stattfinden.<\/p>\n<p>&#13;<br \/>\n&#13;<\/p>\n<p>Die Sozialdemokraten sind einverstanden, dass f\u00fcr einen bestimmten Zeitraum Maskenpflicht in geschlossenen R\u00e4umen gelten soll oder der soziale Abstand einzuhalten geh\u00f6rt. Die Union zur Rettung Rum\u00e4niens will den Warnzustand nur noch f\u00fcr weitere 15 Tage verl\u00e4ngern und auch das nur in den Orten, wo es Infektionsherde gibt.  Pr\u00e4sident Klaus Iohannis schaltete sich in die Diskussion ein und appellierte an die Parlamentarier: sie sollten verstehen, dass die Regierung die Gesundheitssituation nicht in Griff bekommen kann, wenn sie nicht die notwendigen Hebel hat.<\/p>\n<p>&#13;<br \/>\n&#13;<\/p>\n<p>&#13;<br \/>\n&#13;<\/p>\n<p><strong>Rum\u00e4niens Wirtschaft &#8212; wohin geht der Weg?<\/strong><\/p>\n<p>&#13;<br \/>\n&#13;<\/p>\n<p>Die erste Pandemiewelle ist noch nicht richtig vorbei und schon diskutieren Verantwortliche in Bukarest \u00fcber eine m\u00f6gliche zweite Welle &#8212; das verstimmt das Publikum, das besonders die fehlenden Konjunkturma\u200e\u00dfnahmen kritisiert. Die Menschen warten auf einen solche Plan, den die Regierung f\u00fcr Anfang Juni verspricht. Die linke Opposition r\u00fcgt, dass hunderttausende arbeitslos sind, das Haushaltsdefizit um mehr als 20% gegen\u00fcber dem gleichen Zeitraum vom Vorjahr zugenommen hat und das einzige Programm zur Unterst\u00fctzung des Mittelstands kaum Wirkung zeigt: umgerechnet 540 Millionen Euro wurden in 3.400 Krediten vergeben. Die Hilfe macht gerade 0,25% des BIP aus und zielt auf 0,67% aller KMU. Die Regierung kontert mit der Aussicht eines \u00e4hnlichen gestrickten Plans, der &#8212; vorausgesetzt die Zustimmung aus Br\u00fcssel &#8211; die Kreditb\u00fcrgschaft f\u00fcr Gro\u200e\u00dfunternehmen umfasst. Zusammen er\u00f6ffne die Doppelschiene jedem Unternehmen den Zugang zu Finanzierungen.  Anl\u00e4sslich des Unternehmertags sagte Premierminister Ludovic Orban, dass die Regierung das einheimische Kapital und Investitionen unterst\u00fctzen und die Arbeit der Institutionen sicherstellen wolle, die f\u00fcr einen freien und fairen Markt sorgen.<\/p>\n<p>&#13;<br \/>\n&#13;<\/p>\n<p>&#13;<br \/>\n&#13;<\/p>\n<p><strong>Standard&#038;Poors f\u00e4llt Urteil<\/strong><\/p>\n<p>&#13;<br \/>\n&#13;<\/p>\n<p>Die Ratingagentur Standard&#038;Poors bleibt bei ihrer bisherigen Bewertung Rum\u00e4niens und bei der negativen Perspektive der Wirtschaft. Das Land rutscht also nicht in die Kategorie Ramsch ab und ist weiterhin investitionsw\u00fcrdig.  Laut Standard&#038;Poors verringert sich das BIP um 5,5% in diesem Jahr. F\u00fcr Finanzminister Florin C\u00ee\u0163u, waren die Ma\u200e\u00dfnahmen zur Bek\u00e4mpfung der pandemieinduzierten Krise die richtigen. Seine Liberalen lehnen die Kritik der sozialdemokratischen Opposition ab und werfen ihr umgekehrt vor, durch die Verabschiedung populistischer Ma\u200e\u00dfnahmen im Parlament Rum\u00e4nien in den Bankrott sto\u200e\u00dfen zu wollen. Die Sozialdemokraten erkl\u00e4rten, dass die Entscheidung von Standard&#038;Poors nur deshalb die Abwertung Rum\u00e4nien verschoben habe, weil die Partei bis November letzten Jahres regiert habe. Die Regierung soll nach Auffassung der Linken ihre Unf\u00e4higkeit in einem Brief bekundet haben, in dem eine strenge Sparpolitik akzeptiert wird. Demnach k\u00f6nnten die Renten im September um nur 10% statt der gesetzlich vorgesehenen 40% steigen.<\/p>\n<p>&#13;<\/p>\n","protected":false},"excerpt":{"rendered":"<p>Neuartiges Coronavirus ist weiterhin hochaktuelles Thema &#13; &#13; Mehr als 21.000 Menschen haben sich in Rum\u00e4nien mit SARS-COV-2 infiziert, fast 1400 sind mit COVID-19 gestorben. Nach zwei Monaten Notstand und einem Monat Warnzustand, der am 16. Juni ausl\u00e4uft, wollen Pr\u00e4sident Klaus Iohannis und die liberale Regierung die restriktiven Ma\u200e\u00dfnahmen verl\u00e4ngern. Am Donnerstag verschob jedoch die [&hellip;]<\/p>\n","protected":false},"author":113,"featured_media":124694,"comment_status":"closed","ping_status":"closed","sticky":false,"template":"","format":"standard","meta":{"_acf_changed":false,"footnotes":""},"categories":[116751],"tags":[],"coauthors":[],"class_list":["post-628102","post","type-post","status-publish","format-standard","has-post-thumbnail","hentry","category-wochenspiegel"],"acf":[],"yoast_head":"<!-- This site is optimized with the Yoast SEO plugin v27.3 - https:\/\/yoast.com\/product\/yoast-seo-wordpress\/ -->\n<title>Die Woche 09.06.\u201312.06.2020 im R\u00fcckblick - Radio Rum\u00e4nien International<\/title>\n<meta name=\"robots\" content=\"index, follow, max-snippet:-1, max-image-preview:large, max-video-preview:-1\" \/>\n<link rel=\"canonical\" href=\"https:\/\/www.rri.ro\/de\/aktuell\/wochenspiegel\/die-woche-09-06-12-06-2020-im-rueckblick-id628102.html\" \/>\n<meta property=\"og:locale\" content=\"de_DE\" \/>\n<meta property=\"og:type\" content=\"article\" \/>\n<meta property=\"og:title\" content=\"Die Woche 09.06.\u201312.06.2020 im R\u00fcckblick - Radio Rum\u00e4nien International\" \/>\n<meta property=\"og:description\" content=\"Neuartiges Coronavirus ist weiterhin hochaktuelles Thema &#013; &#013; Mehr als 21.000 Menschen haben sich in Rum\u00e4nien mit SARS-COV-2 infiziert, fast 1400 sind mit COVID-19 gestorben. Nach zwei Monaten Notstand und einem Monat Warnzustand, der am 16. Juni ausl\u00e4uft, wollen Pr\u00e4sident Klaus Iohannis und die liberale Regierung die restriktiven Ma\u200e\u00dfnahmen verl\u00e4ngern. Am Donnerstag verschob jedoch die [&hellip;]\" \/>\n<meta property=\"og:url\" content=\"https:\/\/www.rri.ro\/de\/aktuell\/wochenspiegel\/die-woche-09-06-12-06-2020-im-rueckblick-id628102.html\" \/>\n<meta property=\"og:site_name\" content=\"Radio Rum\u00e4nien International\" \/>\n<meta property=\"article:published_time\" content=\"2020-06-13T12:13:00+00:00\" \/>\n<meta property=\"og:image\" content=\"https:\/\/www.rri.ro\/wp-content\/uploads\/2023\/10\/eveniment-top-2019-ok-fara-dancila.png\" \/>\n\t<meta property=\"og:image:width\" content=\"640\" \/>\n\t<meta property=\"og:image:height\" content=\"480\" \/>\n\t<meta property=\"og:image:type\" content=\"image\/png\" \/>\n<meta name=\"author\" content=\"Newsroom\" \/>\n<meta name=\"twitter:card\" content=\"summary_large_image\" \/>\n<meta name=\"twitter:label1\" content=\"Verfasst von\" \/>\n\t<meta name=\"twitter:data1\" content=\"Newsroom\" \/>\n\t<meta name=\"twitter:label2\" content=\"Gesch\u00e4tzte Lesezeit\" \/>\n\t<meta name=\"twitter:data2\" content=\"4\u00a0Minuten\" \/>\n\t<meta name=\"twitter:label3\" content=\"Written by\" \/>\n\t<meta name=\"twitter:data3\" content=\"Newsroom\" \/>\n<script type=\"application\/ld+json\" class=\"yoast-schema-graph\">{\"@context\":\"https:\\\/\\\/schema.org\",\"@graph\":[{\"@type\":\"Article\",\"@id\":\"https:\\\/\\\/www.rri.ro\\\/de\\\/aktuell\\\/wochenspiegel\\\/die-woche-09-06-12-06-2020-im-rueckblick-id628102.html#article\",\"isPartOf\":{\"@id\":\"https:\\\/\\\/www.rri.ro\\\/de\\\/aktuell\\\/wochenspiegel\\\/die-woche-09-06-12-06-2020-im-rueckblick-id628102.html\"},\"author\":{\"name\":\"Newsroom\",\"@id\":\"https:\\\/\\\/www.rri.ro\\\/#\\\/schema\\\/person\\\/4a479940371b9fdefd194f561e8a7f88\"},\"headline\":\"Die Woche 09.06.\u201312.06.2020 im R\u00fcckblick\",\"datePublished\":\"2020-06-13T12:13:00+00:00\",\"mainEntityOfPage\":{\"@id\":\"https:\\\/\\\/www.rri.ro\\\/de\\\/aktuell\\\/wochenspiegel\\\/die-woche-09-06-12-06-2020-im-rueckblick-id628102.html\"},\"wordCount\":727,\"image\":{\"@id\":\"https:\\\/\\\/www.rri.ro\\\/de\\\/aktuell\\\/wochenspiegel\\\/die-woche-09-06-12-06-2020-im-rueckblick-id628102.html#primaryimage\"},\"thumbnailUrl\":\"https:\\\/\\\/www.rri.ro\\\/wp-content\\\/uploads\\\/2023\\\/10\\\/eveniment-top-2019-ok-fara-dancila.png\",\"articleSection\":[\"Wochenspiegel\"],\"inLanguage\":\"de\"},{\"@type\":\"WebPage\",\"@id\":\"https:\\\/\\\/www.rri.ro\\\/de\\\/aktuell\\\/wochenspiegel\\\/die-woche-09-06-12-06-2020-im-rueckblick-id628102.html\",\"url\":\"https:\\\/\\\/www.rri.ro\\\/de\\\/aktuell\\\/wochenspiegel\\\/die-woche-09-06-12-06-2020-im-rueckblick-id628102.html\",\"name\":\"Die Woche 09.06.\u201312.06.2020 im R\u00fcckblick - Radio Rum\u00e4nien International\",\"isPartOf\":{\"@id\":\"https:\\\/\\\/www.rri.ro\\\/#website\"},\"primaryImageOfPage\":{\"@id\":\"https:\\\/\\\/www.rri.ro\\\/de\\\/aktuell\\\/wochenspiegel\\\/die-woche-09-06-12-06-2020-im-rueckblick-id628102.html#primaryimage\"},\"image\":{\"@id\":\"https:\\\/\\\/www.rri.ro\\\/de\\\/aktuell\\\/wochenspiegel\\\/die-woche-09-06-12-06-2020-im-rueckblick-id628102.html#primaryimage\"},\"thumbnailUrl\":\"https:\\\/\\\/www.rri.ro\\\/wp-content\\\/uploads\\\/2023\\\/10\\\/eveniment-top-2019-ok-fara-dancila.png\",\"datePublished\":\"2020-06-13T12:13:00+00:00\",\"author\":{\"@id\":\"https:\\\/\\\/www.rri.ro\\\/#\\\/schema\\\/person\\\/4a479940371b9fdefd194f561e8a7f88\"},\"breadcrumb\":{\"@id\":\"https:\\\/\\\/www.rri.ro\\\/de\\\/aktuell\\\/wochenspiegel\\\/die-woche-09-06-12-06-2020-im-rueckblick-id628102.html#breadcrumb\"},\"inLanguage\":\"de\",\"potentialAction\":[{\"@type\":\"ReadAction\",\"target\":[\"https:\\\/\\\/www.rri.ro\\\/de\\\/aktuell\\\/wochenspiegel\\\/die-woche-09-06-12-06-2020-im-rueckblick-id628102.html\"]}]},{\"@type\":\"ImageObject\",\"inLanguage\":\"de\",\"@id\":\"https:\\\/\\\/www.rri.ro\\\/de\\\/aktuell\\\/wochenspiegel\\\/die-woche-09-06-12-06-2020-im-rueckblick-id628102.html#primaryimage\",\"url\":\"https:\\\/\\\/www.rri.ro\\\/wp-content\\\/uploads\\\/2023\\\/10\\\/eveniment-top-2019-ok-fara-dancila.png\",\"contentUrl\":\"https:\\\/\\\/www.rri.ro\\\/wp-content\\\/uploads\\\/2023\\\/10\\\/eveniment-top-2019-ok-fara-dancila.png\",\"width\":640,\"height\":480},{\"@type\":\"BreadcrumbList\",\"@id\":\"https:\\\/\\\/www.rri.ro\\\/de\\\/aktuell\\\/wochenspiegel\\\/die-woche-09-06-12-06-2020-im-rueckblick-id628102.html#breadcrumb\",\"itemListElement\":[{\"@type\":\"ListItem\",\"position\":1,\"name\":\"Startseite\",\"item\":\"https:\\\/\\\/www.rri.ro\\\/de\"},{\"@type\":\"ListItem\",\"position\":2,\"name\":\"Aktuell\",\"item\":\"https:\\\/\\\/www.rri.ro\\\/de\\\/aktuell\"},{\"@type\":\"ListItem\",\"position\":3,\"name\":\"Wochenspiegel\",\"item\":\"https:\\\/\\\/www.rri.ro\\\/de\\\/aktuell\\\/wochenspiegel\"},{\"@type\":\"ListItem\",\"position\":4,\"name\":\"Die Woche 09.06.\u201312.06.2020 im R\u00fcckblick\"}]},{\"@type\":\"WebSite\",\"@id\":\"https:\\\/\\\/www.rri.ro\\\/#website\",\"url\":\"https:\\\/\\\/www.rri.ro\\\/\",\"name\":\"Radio Rum\u00e4nien International\",\"description\":\"Totul despre Rom\u00e2nia \u015fi rom\u00e2ni, \u00een 13 limbi\\\/dialecte!\",\"inLanguage\":\"de\"},{\"@type\":\"Person\",\"@id\":\"https:\\\/\\\/www.rri.ro\\\/#\\\/schema\\\/person\\\/4a479940371b9fdefd194f561e8a7f88\",\"name\":\"Newsroom\",\"url\":\"https:\\\/\\\/www.rri.ro\\\/de\\\/author\\\/newsroom\"}]}<\/script>\n<!-- \/ Yoast SEO plugin. -->","yoast_head_json":{"title":"Die Woche 09.06.\u201312.06.2020 im R\u00fcckblick - Radio Rum\u00e4nien International","robots":{"index":"index","follow":"follow","max-snippet":"max-snippet:-1","max-image-preview":"max-image-preview:large","max-video-preview":"max-video-preview:-1"},"canonical":"https:\/\/www.rri.ro\/de\/aktuell\/wochenspiegel\/die-woche-09-06-12-06-2020-im-rueckblick-id628102.html","og_locale":"de_DE","og_type":"article","og_title":"Die Woche 09.06.\u201312.06.2020 im R\u00fcckblick - Radio Rum\u00e4nien International","og_description":"Neuartiges Coronavirus ist weiterhin hochaktuelles Thema &#13; &#13; Mehr als 21.000 Menschen haben sich in Rum\u00e4nien mit SARS-COV-2 infiziert, fast 1400 sind mit COVID-19 gestorben. Nach zwei Monaten Notstand und einem Monat Warnzustand, der am 16. Juni ausl\u00e4uft, wollen Pr\u00e4sident Klaus Iohannis und die liberale Regierung die restriktiven Ma\u200e\u00dfnahmen verl\u00e4ngern. Am Donnerstag verschob jedoch die [&hellip;]","og_url":"https:\/\/www.rri.ro\/de\/aktuell\/wochenspiegel\/die-woche-09-06-12-06-2020-im-rueckblick-id628102.html","og_site_name":"Radio Rum\u00e4nien International","article_published_time":"2020-06-13T12:13:00+00:00","og_image":[{"width":640,"height":480,"url":"https:\/\/www.rri.ro\/wp-content\/uploads\/2023\/10\/eveniment-top-2019-ok-fara-dancila.png","type":"image\/png"}],"author":"Newsroom","twitter_card":"summary_large_image","twitter_misc":{"Verfasst von":"Newsroom","Gesch\u00e4tzte Lesezeit":"4\u00a0Minuten","Written by":"Newsroom"},"schema":{"@context":"https:\/\/schema.org","@graph":[{"@type":"Article","@id":"https:\/\/www.rri.ro\/de\/aktuell\/wochenspiegel\/die-woche-09-06-12-06-2020-im-rueckblick-id628102.html#article","isPartOf":{"@id":"https:\/\/www.rri.ro\/de\/aktuell\/wochenspiegel\/die-woche-09-06-12-06-2020-im-rueckblick-id628102.html"},"author":{"name":"Newsroom","@id":"https:\/\/www.rri.ro\/#\/schema\/person\/4a479940371b9fdefd194f561e8a7f88"},"headline":"Die Woche 09.06.\u201312.06.2020 im R\u00fcckblick","datePublished":"2020-06-13T12:13:00+00:00","mainEntityOfPage":{"@id":"https:\/\/www.rri.ro\/de\/aktuell\/wochenspiegel\/die-woche-09-06-12-06-2020-im-rueckblick-id628102.html"},"wordCount":727,"image":{"@id":"https:\/\/www.rri.ro\/de\/aktuell\/wochenspiegel\/die-woche-09-06-12-06-2020-im-rueckblick-id628102.html#primaryimage"},"thumbnailUrl":"https:\/\/www.rri.ro\/wp-content\/uploads\/2023\/10\/eveniment-top-2019-ok-fara-dancila.png","articleSection":["Wochenspiegel"],"inLanguage":"de"},{"@type":"WebPage","@id":"https:\/\/www.rri.ro\/de\/aktuell\/wochenspiegel\/die-woche-09-06-12-06-2020-im-rueckblick-id628102.html","url":"https:\/\/www.rri.ro\/de\/aktuell\/wochenspiegel\/die-woche-09-06-12-06-2020-im-rueckblick-id628102.html","name":"Die Woche 09.06.\u201312.06.2020 im R\u00fcckblick - Radio Rum\u00e4nien International","isPartOf":{"@id":"https:\/\/www.rri.ro\/#website"},"primaryImageOfPage":{"@id":"https:\/\/www.rri.ro\/de\/aktuell\/wochenspiegel\/die-woche-09-06-12-06-2020-im-rueckblick-id628102.html#primaryimage"},"image":{"@id":"https:\/\/www.rri.ro\/de\/aktuell\/wochenspiegel\/die-woche-09-06-12-06-2020-im-rueckblick-id628102.html#primaryimage"},"thumbnailUrl":"https:\/\/www.rri.ro\/wp-content\/uploads\/2023\/10\/eveniment-top-2019-ok-fara-dancila.png","datePublished":"2020-06-13T12:13:00+00:00","author":{"@id":"https:\/\/www.rri.ro\/#\/schema\/person\/4a479940371b9fdefd194f561e8a7f88"},"breadcrumb":{"@id":"https:\/\/www.rri.ro\/de\/aktuell\/wochenspiegel\/die-woche-09-06-12-06-2020-im-rueckblick-id628102.html#breadcrumb"},"inLanguage":"de","potentialAction":[{"@type":"ReadAction","target":["https:\/\/www.rri.ro\/de\/aktuell\/wochenspiegel\/die-woche-09-06-12-06-2020-im-rueckblick-id628102.html"]}]},{"@type":"ImageObject","inLanguage":"de","@id":"https:\/\/www.rri.ro\/de\/aktuell\/wochenspiegel\/die-woche-09-06-12-06-2020-im-rueckblick-id628102.html#primaryimage","url":"https:\/\/www.rri.ro\/wp-content\/uploads\/2023\/10\/eveniment-top-2019-ok-fara-dancila.png","contentUrl":"https:\/\/www.rri.ro\/wp-content\/uploads\/2023\/10\/eveniment-top-2019-ok-fara-dancila.png","width":640,"height":480},{"@type":"BreadcrumbList","@id":"https:\/\/www.rri.ro\/de\/aktuell\/wochenspiegel\/die-woche-09-06-12-06-2020-im-rueckblick-id628102.html#breadcrumb","itemListElement":[{"@type":"ListItem","position":1,"name":"Startseite","item":"https:\/\/www.rri.ro\/de"},{"@type":"ListItem","position":2,"name":"Aktuell","item":"https:\/\/www.rri.ro\/de\/aktuell"},{"@type":"ListItem","position":3,"name":"Wochenspiegel","item":"https:\/\/www.rri.ro\/de\/aktuell\/wochenspiegel"},{"@type":"ListItem","position":4,"name":"Die Woche 09.06.\u201312.06.2020 im R\u00fcckblick"}]},{"@type":"WebSite","@id":"https:\/\/www.rri.ro\/#website","url":"https:\/\/www.rri.ro\/","name":"Radio Rum\u00e4nien International","description":"Totul despre Rom\u00e2nia \u015fi rom\u00e2ni, \u00een 13 limbi\/dialecte!","inLanguage":"de"},{"@type":"Person","@id":"https:\/\/www.rri.ro\/#\/schema\/person\/4a479940371b9fdefd194f561e8a7f88","name":"Newsroom","url":"https:\/\/www.rri.ro\/de\/author\/newsroom"}]}},"_links":{"self":[{"href":"https:\/\/www.rri.ro\/de\/wp-json\/wp\/v2\/posts\/628102","targetHints":{"allow":["GET"]}}],"collection":[{"href":"https:\/\/www.rri.ro\/de\/wp-json\/wp\/v2\/posts"}],"about":[{"href":"https:\/\/www.rri.ro\/de\/wp-json\/wp\/v2\/types\/post"}],"author":[{"embeddable":true,"href":"https:\/\/www.rri.ro\/de\/wp-json\/wp\/v2\/users\/113"}],"replies":[{"embeddable":true,"href":"https:\/\/www.rri.ro\/de\/wp-json\/wp\/v2\/comments?post=628102"}],"version-history":[{"count":0,"href":"https:\/\/www.rri.ro\/de\/wp-json\/wp\/v2\/posts\/628102\/revisions"}],"wp:featuredmedia":[{"embeddable":true,"href":"https:\/\/www.rri.ro\/de\/wp-json\/wp\/v2\/media\/124694"}],"wp:attachment":[{"href":"https:\/\/www.rri.ro\/de\/wp-json\/wp\/v2\/media?parent=628102"}],"wp:term":[{"taxonomy":"category","embeddable":true,"href":"https:\/\/www.rri.ro\/de\/wp-json\/wp\/v2\/categories?post=628102"},{"taxonomy":"post_tag","embeddable":true,"href":"https:\/\/www.rri.ro\/de\/wp-json\/wp\/v2\/tags?post=628102"},{"taxonomy":"author","embeddable":true,"href":"https:\/\/www.rri.ro\/de\/wp-json\/wp\/v2\/coauthors?post=628102"}],"curies":[{"name":"wp","href":"https:\/\/api.w.org\/{rel}","templated":true}]}}