{"id":628119,"date":"2020-10-31T17:01:00","date_gmt":"2020-10-31T15:01:00","guid":{"rendered":"http:\/\/devrri.freshlemon.ro\/aktuell\/die-woche-26-10-30-10-2020-im-ueberblick-id628119.html"},"modified":"2020-10-31T17:01:00","modified_gmt":"2020-10-31T15:01:00","slug":"die-woche-26-10-30-10-2020-im-ueberblick","status":"publish","type":"post","link":"https:\/\/www.rri.ro\/de\/aktuell\/wochenspiegel\/die-woche-26-10-30-10-2020-im-ueberblick-id628119.html","title":{"rendered":"Die Woche 26.10.\u201330.10.2020 im \u00dcberblick"},"content":{"rendered":"<p><strong>Zweite Pandemiewelle<\/strong><\/p>\n<p>&#13;<br \/>\n&#13;<\/p>\n<p>Europa wird von der zweiten Welle der Pandemie mitgerissen, und die Staats- und Regierungschefs der EU versprechen, sich zu koordinieren, um sie einzud\u00e4mmen. Am Ende einer Videokonferenz k\u00fcndigte die Leiterin der Europ\u00e4ischen Kommission Ursula von der Leyen an, dass die Exekutive den Transfer von COVID-19-Patienten von einem Land in ein anderes finanzieren werde, um den Druck auf die Krankenh\u00e4user zu verringern. Pr\u00e4sident Klaus Iohannis forderte mehr Geld f\u00fcr die Diversifizierung der Quellen k\u00fcnftiger Impfstoffe und einen einheitlichen Ansatz in allen L\u00e4ndern der Europ\u00e4ischen Union, der unter anderem die gegenseitige Anerkennung der Testergebnisse erm\u00f6glichen w\u00fcrde. Europ\u00e4ische Staaten verlangen eine vollst\u00e4ndige oder teilweisige Quarant\u00e4ne. Die Beh\u00f6rden in Bukarest erkennen an, dass sich die Situation verschlechtert, sagen jedoch, dass es vorerst nicht notwendig ist, zu den drastischen Beschr\u00e4nkungen zur\u00fcckzukehren. T\u00e4glich werden Tausende neue Infektionsf\u00e4lle gemeldet, und rund 100 Patienten verlieren den Kampf gegen das Virus. Hunderte von Ortschaften, sowie die Hauptstadt, sind in das rote Szenario eingetreten, das die Verpflichtung beinhaltet, die Mund- und Nasenschutzmaske zu tragen, ausschlie\u200e\u00dflich Online-Schulkurse, die Schlie\u200e\u00dfung von Restaurants, Bars, Clubs und Veranstaltungsr\u00e4umen. Intensivstationen stehen unter enormem Druck, weshalb die Beh\u00f6rden beschlossen haben, bestehende zu erweitern und neue einzurichten. Im selben Register hat die Regierung neue Vorschriften f\u00fcr Patienten mit milden oder asymptomatischen Formen eingef\u00fchrt und wird 200 junge \u00c4rzte in Fachgebieten wie Intensivpflege, Notfall, Pneumologie, Infektionskrankheiten, Epidemiologie und Radiologie einstellen.<\/p>\n<p>&#13;<br \/>\n&#13;<\/p>\n<p>&#13;<br \/>\n&#13;<\/p>\n<p><strong>F\u00fcnf Jahre nach  Colectiv <\/strong><\/p>\n<p>&#13;<br \/>\n&#13;<\/p>\n<p>Es sind f\u00fcnf Jahre seit dem tragischen Brand im Bukarester Club Colectiv, wodurch 65 junge Leute, die an einem Rockkonzert teilnahmen, ums Leben kamen. Weitere 150 ben\u00f6tigen noch medizinische Versorgung. Die Trag\u00f6die in Colectiv ist das Ergebnis einer Kettenkriminalit\u00e4t, und die sp\u00e4tere Haltung einiger Angeklagter bedeutet Zynismus, b\u00f6sen Willen und Respektlosigkeit gegen\u00fcber dem gro\u200e\u00dfen Leid der Opfer, das als Motivation der ersten Instanz bezeichnet wird und zu Haftstrafen von insgesamt 115 Jahren im Gef\u00e4ngnis f\u00fchrte. Die Verurteilten sind die Besitzer des Clubs und des Unternehmens, das die pyrotechnische Show organisiert hat, die Feuerwehrleute, die den Club \u00fcberpr\u00fcft hatten, und nicht zuletzt der damalige B\u00fcrgermeister des Bezirks, in dem die Veranstaltung stattfand, der wegen Amtsmissbrauchs verurteilt wurde.  Nota bene &#8211; kurz nach dem Brand war er zur\u00fcckgetreten und hatte versprochen, nie wieder in die Politik einzutreten. Inkompetenz und administrative Korruption f\u00fchrten im Fall Colectiv zu einer t\u00f6dlichen Kombination. Die Menschen verstanden dies und gingen dann zu Zehntausenden auf die Stra\u200e\u00dfe, was zum R\u00fccktritt der damaligen sozialdemokratischen Regierung f\u00fchrte. Die Worte des damaligen Leiters der rum\u00e4nisch-katholischen Kirche Monsignore Robu, des ersten religi\u00f6sen F\u00fchrers, der zum Brandort ging, bleiben jedoch schmerzlich g\u00fcltig. . &#8222;Ich denke, dass wir, die Kirche, in diesen 25 Jahren nicht hart genug an die Denk- und Handelsweise gearbeitet haben, weil wir Korruption, L\u00fcgen, Tricks sehr leicht akzeptiert haben und all dies scheint uns nichts, aber Sie sehen, dass diese Umst\u00e4nde kriminell sein k\u00f6nnen \u201c.<\/p>\n<p>&#13;<br \/>\n&#13;<\/p>\n<p>&#13;<br \/>\n&#13;<\/p>\n<p><strong>Korruption<\/strong><\/p>\n<p>&#13;<br \/>\n&#13;<\/p>\n<p>Der fr\u00fchere liberale Vorsitzende der Bukarester Abgeordnetenkammer Bogdan Olteanu ist am Donnerstag wegen unerlaubter Einflussnahme zu 5 Jahren Haft rechtskr\u00e4ftig verurteilt worden. Staatsanw\u00e4lte warfen ihm vor, von einem umstrittenen Gesch\u00e4ftsmann eine Million Euro erhalten  zu haben. Als Gegenleistung sollte er Mitglieder der Regierung bei der Ernennung des Donaudelta-Gouverneurs beeinflussen. Olteanu leitete zwischen 2006 und 2008 das Unterhaus der Legislative und wurde 2009 zum stellvertretenden Gouverneur der Nationalbank ernannt. Er trat zur\u00fcck, nachdem er 2016 von Anti-Korruptions-Staatsanw\u00e4lten festgenommen worden war, um in der Akte zur unerlaubten Einflussnahme geh\u00f6rt zu werden.<\/p>\n<p>&#13;<br \/>\n&#13;<\/p>\n<p>&#13;<br \/>\n&#13;<\/p>\n<p><strong>Rum\u00e4nischer Premierminister besucht Frankreich<\/strong><\/p>\n<p>&#13;<br \/>\n&#13;<\/p>\n<p>Der rum\u00e4nische Premierminister Ludovic Orban hat am Dienstagabend seinen zweit\u00e4gigen offiziellen Besuch in Paris mit einem Treffen mit Vertretern der rum\u00e4nischen Gemeinschaft in Frankreich abgeschlossen. Bei einem Treffen mit Vertretern der MEDEF, der gr\u00f6\u200e\u00dften Arbeitgeberverein in Frankreich, forderte Orban die franz\u00f6sischen Gesch\u00e4ftsleute auf, in Rum\u00e4nien vorrangigen in den Bereichen Gesundheit, Verkehr- und Energieinfrastruktur, Forschung und Telekommunikation zu investieren. Zuvor hatte Ludovic Orban mit seinem franz\u00f6sischen Amtskollegen Jean Castex einen aktualisierten Vierjahres-Fahrplan f\u00fcr die bilaterale strategische Partnerschaft unterzeichnet. Der rum\u00e4nische Premierminister f\u00fchrte auch Gespr\u00e4che mit dem Pr\u00e4sidenten der Nationalversammlung Richard Ferrand und dem Pr\u00e4sidenten des franz\u00f6sischen Senats G\u00e9rard Larcher.<\/p>\n<p>&#13;<\/p>\n","protected":false},"excerpt":{"rendered":"<p>Zweite Pandemiewelle in Rum\u00e4nien +++ \u00dcberlebende der Brandkatastrophe von 2015 erhalten lebenslange staatliche Unterst\u00fctzung +++ Korruption: ehemaliger Vorsitzender der Abgeordnetenkammer zu Haft verurteilt +++ Premierminister Orban besucht Frankreich<\/p>\n","protected":false},"author":110,"featured_media":124751,"comment_status":"closed","ping_status":"closed","sticky":false,"template":"","format":"standard","meta":{"_acf_changed":false,"footnotes":""},"categories":[116751],"tags":[30656,161474,117484,35374,99931,99702,47026,104784],"coauthors":[],"class_list":["post-628119","post","type-post","status-publish","format-standard","has-post-thumbnail","hentry","category-wochenspiegel","tag-bogdan-olteanu","tag-brand-de","tag-bukarester-club-colectiv","tag-covid-19","tag-europaeische-union","tag-korruption","tag-pandemie","tag-premierminister-ludovic-orban"],"acf":[],"yoast_head":"<!-- This site is optimized with the Yoast SEO plugin v27.3 - https:\/\/yoast.com\/product\/yoast-seo-wordpress\/ -->\n<title>Die Woche 26.10.\u201330.10.2020 im \u00dcberblick - Radio Rum\u00e4nien International<\/title>\n<meta name=\"robots\" content=\"index, follow, max-snippet:-1, max-image-preview:large, max-video-preview:-1\" \/>\n<link rel=\"canonical\" href=\"https:\/\/www.rri.ro\/de\/aktuell\/wochenspiegel\/die-woche-26-10-30-10-2020-im-ueberblick-id628119.html\" \/>\n<meta property=\"og:locale\" content=\"de_DE\" \/>\n<meta property=\"og:type\" content=\"article\" \/>\n<meta property=\"og:title\" content=\"Die Woche 26.10.\u201330.10.2020 im \u00dcberblick - Radio Rum\u00e4nien International\" \/>\n<meta property=\"og:description\" content=\"Zweite Pandemiewelle in Rum\u00e4nien +++ \u00dcberlebende der Brandkatastrophe von 2015 erhalten lebenslange staatliche Unterst\u00fctzung +++ Korruption: ehemaliger Vorsitzender der Abgeordnetenkammer zu Haft verurteilt +++ Premierminister Orban besucht Frankreich\" \/>\n<meta property=\"og:url\" content=\"https:\/\/www.rri.ro\/de\/aktuell\/wochenspiegel\/die-woche-26-10-30-10-2020-im-ueberblick-id628119.html\" \/>\n<meta property=\"og:site_name\" content=\"Radio Rum\u00e4nien International\" \/>\n<meta property=\"article:published_time\" content=\"2020-10-31T15:01:00+00:00\" \/>\n<meta property=\"og:image\" content=\"https:\/\/www.rri.ro\/wp-content\/uploads\/2023\/10\/eveniment-top-2020-cu-nicusor-dan.png\" \/>\n\t<meta property=\"og:image:width\" content=\"640\" \/>\n\t<meta property=\"og:image:height\" content=\"480\" \/>\n\t<meta property=\"og:image:type\" content=\"image\/png\" \/>\n<meta name=\"author\" content=\"\u015etefan Stoica\" \/>\n<meta name=\"twitter:card\" content=\"summary_large_image\" \/>\n<meta name=\"twitter:label1\" content=\"Verfasst von\" \/>\n\t<meta name=\"twitter:data1\" content=\"\u015etefan Stoica\" \/>\n\t<meta name=\"twitter:label2\" content=\"Gesch\u00e4tzte Lesezeit\" \/>\n\t<meta name=\"twitter:data2\" content=\"4\u00a0Minuten\" \/>\n\t<meta name=\"twitter:label3\" content=\"Written by\" \/>\n\t<meta name=\"twitter:data3\" content=\"\u015etefan Stoica\" \/>\n<script type=\"application\/ld+json\" class=\"yoast-schema-graph\">{\"@context\":\"https:\\\/\\\/schema.org\",\"@graph\":[{\"@type\":\"Article\",\"@id\":\"https:\\\/\\\/www.rri.ro\\\/de\\\/aktuell\\\/wochenspiegel\\\/die-woche-26-10-30-10-2020-im-ueberblick-id628119.html#article\",\"isPartOf\":{\"@id\":\"https:\\\/\\\/www.rri.ro\\\/de\\\/aktuell\\\/wochenspiegel\\\/die-woche-26-10-30-10-2020-im-ueberblick-id628119.html\"},\"author\":{\"name\":\"\u015etefan Stoica\",\"@id\":\"https:\\\/\\\/www.rri.ro\\\/#\\\/schema\\\/person\\\/2d81d5dc94d44190d13245f64551d334\"},\"headline\":\"Die Woche 26.10.\u201330.10.2020 im \u00dcberblick\",\"datePublished\":\"2020-10-31T15:01:00+00:00\",\"mainEntityOfPage\":{\"@id\":\"https:\\\/\\\/www.rri.ro\\\/de\\\/aktuell\\\/wochenspiegel\\\/die-woche-26-10-30-10-2020-im-ueberblick-id628119.html\"},\"wordCount\":722,\"image\":{\"@id\":\"https:\\\/\\\/www.rri.ro\\\/de\\\/aktuell\\\/wochenspiegel\\\/die-woche-26-10-30-10-2020-im-ueberblick-id628119.html#primaryimage\"},\"thumbnailUrl\":\"https:\\\/\\\/www.rri.ro\\\/wp-content\\\/uploads\\\/2023\\\/10\\\/eveniment-top-2020-cu-nicusor-dan.png\",\"keywords\":[\"Bogdan Olteanu\",\"brand\",\"Bukarester Club Colectiv\",\"Covid-19\",\"Europ\u00e4ische Union\",\"Korruption\",\"pandemie\",\"Premierminister Ludovic Orban\"],\"articleSection\":[\"Wochenspiegel\"],\"inLanguage\":\"de\"},{\"@type\":\"WebPage\",\"@id\":\"https:\\\/\\\/www.rri.ro\\\/de\\\/aktuell\\\/wochenspiegel\\\/die-woche-26-10-30-10-2020-im-ueberblick-id628119.html\",\"url\":\"https:\\\/\\\/www.rri.ro\\\/de\\\/aktuell\\\/wochenspiegel\\\/die-woche-26-10-30-10-2020-im-ueberblick-id628119.html\",\"name\":\"Die Woche 26.10.\u201330.10.2020 im \u00dcberblick - Radio Rum\u00e4nien International\",\"isPartOf\":{\"@id\":\"https:\\\/\\\/www.rri.ro\\\/#website\"},\"primaryImageOfPage\":{\"@id\":\"https:\\\/\\\/www.rri.ro\\\/de\\\/aktuell\\\/wochenspiegel\\\/die-woche-26-10-30-10-2020-im-ueberblick-id628119.html#primaryimage\"},\"image\":{\"@id\":\"https:\\\/\\\/www.rri.ro\\\/de\\\/aktuell\\\/wochenspiegel\\\/die-woche-26-10-30-10-2020-im-ueberblick-id628119.html#primaryimage\"},\"thumbnailUrl\":\"https:\\\/\\\/www.rri.ro\\\/wp-content\\\/uploads\\\/2023\\\/10\\\/eveniment-top-2020-cu-nicusor-dan.png\",\"datePublished\":\"2020-10-31T15:01:00+00:00\",\"author\":{\"@id\":\"https:\\\/\\\/www.rri.ro\\\/#\\\/schema\\\/person\\\/2d81d5dc94d44190d13245f64551d334\"},\"breadcrumb\":{\"@id\":\"https:\\\/\\\/www.rri.ro\\\/de\\\/aktuell\\\/wochenspiegel\\\/die-woche-26-10-30-10-2020-im-ueberblick-id628119.html#breadcrumb\"},\"inLanguage\":\"de\",\"potentialAction\":[{\"@type\":\"ReadAction\",\"target\":[\"https:\\\/\\\/www.rri.ro\\\/de\\\/aktuell\\\/wochenspiegel\\\/die-woche-26-10-30-10-2020-im-ueberblick-id628119.html\"]}]},{\"@type\":\"ImageObject\",\"inLanguage\":\"de\",\"@id\":\"https:\\\/\\\/www.rri.ro\\\/de\\\/aktuell\\\/wochenspiegel\\\/die-woche-26-10-30-10-2020-im-ueberblick-id628119.html#primaryimage\",\"url\":\"https:\\\/\\\/www.rri.ro\\\/wp-content\\\/uploads\\\/2023\\\/10\\\/eveniment-top-2020-cu-nicusor-dan.png\",\"contentUrl\":\"https:\\\/\\\/www.rri.ro\\\/wp-content\\\/uploads\\\/2023\\\/10\\\/eveniment-top-2020-cu-nicusor-dan.png\",\"width\":640,\"height\":480},{\"@type\":\"BreadcrumbList\",\"@id\":\"https:\\\/\\\/www.rri.ro\\\/de\\\/aktuell\\\/wochenspiegel\\\/die-woche-26-10-30-10-2020-im-ueberblick-id628119.html#breadcrumb\",\"itemListElement\":[{\"@type\":\"ListItem\",\"position\":1,\"name\":\"Startseite\",\"item\":\"https:\\\/\\\/www.rri.ro\\\/de\"},{\"@type\":\"ListItem\",\"position\":2,\"name\":\"Aktuell\",\"item\":\"https:\\\/\\\/www.rri.ro\\\/de\\\/aktuell\"},{\"@type\":\"ListItem\",\"position\":3,\"name\":\"Wochenspiegel\",\"item\":\"https:\\\/\\\/www.rri.ro\\\/de\\\/aktuell\\\/wochenspiegel\"},{\"@type\":\"ListItem\",\"position\":4,\"name\":\"Die Woche 26.10.\u201330.10.2020 im \u00dcberblick\"}]},{\"@type\":\"WebSite\",\"@id\":\"https:\\\/\\\/www.rri.ro\\\/#website\",\"url\":\"https:\\\/\\\/www.rri.ro\\\/\",\"name\":\"Radio Rum\u00e4nien International\",\"description\":\"Totul despre Rom\u00e2nia \u015fi rom\u00e2ni, \u00een 13 limbi\\\/dialecte!\",\"inLanguage\":\"de\"},{\"@type\":\"Person\",\"@id\":\"https:\\\/\\\/www.rri.ro\\\/#\\\/schema\\\/person\\\/2d81d5dc94d44190d13245f64551d334\",\"name\":\"\u015etefan Stoica\",\"url\":\"https:\\\/\\\/www.rri.ro\\\/de\\\/author\\\/stefan-stoica\"}]}<\/script>\n<!-- \/ Yoast SEO plugin. -->","yoast_head_json":{"title":"Die Woche 26.10.\u201330.10.2020 im \u00dcberblick - Radio Rum\u00e4nien International","robots":{"index":"index","follow":"follow","max-snippet":"max-snippet:-1","max-image-preview":"max-image-preview:large","max-video-preview":"max-video-preview:-1"},"canonical":"https:\/\/www.rri.ro\/de\/aktuell\/wochenspiegel\/die-woche-26-10-30-10-2020-im-ueberblick-id628119.html","og_locale":"de_DE","og_type":"article","og_title":"Die Woche 26.10.\u201330.10.2020 im \u00dcberblick - Radio Rum\u00e4nien International","og_description":"Zweite Pandemiewelle in Rum\u00e4nien +++ \u00dcberlebende der Brandkatastrophe von 2015 erhalten lebenslange staatliche Unterst\u00fctzung +++ Korruption: ehemaliger Vorsitzender der Abgeordnetenkammer zu Haft verurteilt +++ Premierminister Orban besucht Frankreich","og_url":"https:\/\/www.rri.ro\/de\/aktuell\/wochenspiegel\/die-woche-26-10-30-10-2020-im-ueberblick-id628119.html","og_site_name":"Radio Rum\u00e4nien International","article_published_time":"2020-10-31T15:01:00+00:00","og_image":[{"width":640,"height":480,"url":"https:\/\/www.rri.ro\/wp-content\/uploads\/2023\/10\/eveniment-top-2020-cu-nicusor-dan.png","type":"image\/png"}],"author":"\u015etefan Stoica","twitter_card":"summary_large_image","twitter_misc":{"Verfasst von":"\u015etefan Stoica","Gesch\u00e4tzte Lesezeit":"4\u00a0Minuten","Written by":"\u015etefan Stoica"},"schema":{"@context":"https:\/\/schema.org","@graph":[{"@type":"Article","@id":"https:\/\/www.rri.ro\/de\/aktuell\/wochenspiegel\/die-woche-26-10-30-10-2020-im-ueberblick-id628119.html#article","isPartOf":{"@id":"https:\/\/www.rri.ro\/de\/aktuell\/wochenspiegel\/die-woche-26-10-30-10-2020-im-ueberblick-id628119.html"},"author":{"name":"\u015etefan Stoica","@id":"https:\/\/www.rri.ro\/#\/schema\/person\/2d81d5dc94d44190d13245f64551d334"},"headline":"Die Woche 26.10.\u201330.10.2020 im \u00dcberblick","datePublished":"2020-10-31T15:01:00+00:00","mainEntityOfPage":{"@id":"https:\/\/www.rri.ro\/de\/aktuell\/wochenspiegel\/die-woche-26-10-30-10-2020-im-ueberblick-id628119.html"},"wordCount":722,"image":{"@id":"https:\/\/www.rri.ro\/de\/aktuell\/wochenspiegel\/die-woche-26-10-30-10-2020-im-ueberblick-id628119.html#primaryimage"},"thumbnailUrl":"https:\/\/www.rri.ro\/wp-content\/uploads\/2023\/10\/eveniment-top-2020-cu-nicusor-dan.png","keywords":["Bogdan Olteanu","brand","Bukarester Club Colectiv","Covid-19","Europ\u00e4ische Union","Korruption","pandemie","Premierminister Ludovic Orban"],"articleSection":["Wochenspiegel"],"inLanguage":"de"},{"@type":"WebPage","@id":"https:\/\/www.rri.ro\/de\/aktuell\/wochenspiegel\/die-woche-26-10-30-10-2020-im-ueberblick-id628119.html","url":"https:\/\/www.rri.ro\/de\/aktuell\/wochenspiegel\/die-woche-26-10-30-10-2020-im-ueberblick-id628119.html","name":"Die Woche 26.10.\u201330.10.2020 im \u00dcberblick - Radio Rum\u00e4nien International","isPartOf":{"@id":"https:\/\/www.rri.ro\/#website"},"primaryImageOfPage":{"@id":"https:\/\/www.rri.ro\/de\/aktuell\/wochenspiegel\/die-woche-26-10-30-10-2020-im-ueberblick-id628119.html#primaryimage"},"image":{"@id":"https:\/\/www.rri.ro\/de\/aktuell\/wochenspiegel\/die-woche-26-10-30-10-2020-im-ueberblick-id628119.html#primaryimage"},"thumbnailUrl":"https:\/\/www.rri.ro\/wp-content\/uploads\/2023\/10\/eveniment-top-2020-cu-nicusor-dan.png","datePublished":"2020-10-31T15:01:00+00:00","author":{"@id":"https:\/\/www.rri.ro\/#\/schema\/person\/2d81d5dc94d44190d13245f64551d334"},"breadcrumb":{"@id":"https:\/\/www.rri.ro\/de\/aktuell\/wochenspiegel\/die-woche-26-10-30-10-2020-im-ueberblick-id628119.html#breadcrumb"},"inLanguage":"de","potentialAction":[{"@type":"ReadAction","target":["https:\/\/www.rri.ro\/de\/aktuell\/wochenspiegel\/die-woche-26-10-30-10-2020-im-ueberblick-id628119.html"]}]},{"@type":"ImageObject","inLanguage":"de","@id":"https:\/\/www.rri.ro\/de\/aktuell\/wochenspiegel\/die-woche-26-10-30-10-2020-im-ueberblick-id628119.html#primaryimage","url":"https:\/\/www.rri.ro\/wp-content\/uploads\/2023\/10\/eveniment-top-2020-cu-nicusor-dan.png","contentUrl":"https:\/\/www.rri.ro\/wp-content\/uploads\/2023\/10\/eveniment-top-2020-cu-nicusor-dan.png","width":640,"height":480},{"@type":"BreadcrumbList","@id":"https:\/\/www.rri.ro\/de\/aktuell\/wochenspiegel\/die-woche-26-10-30-10-2020-im-ueberblick-id628119.html#breadcrumb","itemListElement":[{"@type":"ListItem","position":1,"name":"Startseite","item":"https:\/\/www.rri.ro\/de"},{"@type":"ListItem","position":2,"name":"Aktuell","item":"https:\/\/www.rri.ro\/de\/aktuell"},{"@type":"ListItem","position":3,"name":"Wochenspiegel","item":"https:\/\/www.rri.ro\/de\/aktuell\/wochenspiegel"},{"@type":"ListItem","position":4,"name":"Die Woche 26.10.\u201330.10.2020 im \u00dcberblick"}]},{"@type":"WebSite","@id":"https:\/\/www.rri.ro\/#website","url":"https:\/\/www.rri.ro\/","name":"Radio Rum\u00e4nien International","description":"Totul despre Rom\u00e2nia \u015fi rom\u00e2ni, \u00een 13 limbi\/dialecte!","inLanguage":"de"},{"@type":"Person","@id":"https:\/\/www.rri.ro\/#\/schema\/person\/2d81d5dc94d44190d13245f64551d334","name":"\u015etefan Stoica","url":"https:\/\/www.rri.ro\/de\/author\/stefan-stoica"}]}},"_links":{"self":[{"href":"https:\/\/www.rri.ro\/de\/wp-json\/wp\/v2\/posts\/628119","targetHints":{"allow":["GET"]}}],"collection":[{"href":"https:\/\/www.rri.ro\/de\/wp-json\/wp\/v2\/posts"}],"about":[{"href":"https:\/\/www.rri.ro\/de\/wp-json\/wp\/v2\/types\/post"}],"author":[{"embeddable":true,"href":"https:\/\/www.rri.ro\/de\/wp-json\/wp\/v2\/users\/110"}],"replies":[{"embeddable":true,"href":"https:\/\/www.rri.ro\/de\/wp-json\/wp\/v2\/comments?post=628119"}],"version-history":[{"count":0,"href":"https:\/\/www.rri.ro\/de\/wp-json\/wp\/v2\/posts\/628119\/revisions"}],"wp:featuredmedia":[{"embeddable":true,"href":"https:\/\/www.rri.ro\/de\/wp-json\/wp\/v2\/media\/124751"}],"wp:attachment":[{"href":"https:\/\/www.rri.ro\/de\/wp-json\/wp\/v2\/media?parent=628119"}],"wp:term":[{"taxonomy":"category","embeddable":true,"href":"https:\/\/www.rri.ro\/de\/wp-json\/wp\/v2\/categories?post=628119"},{"taxonomy":"post_tag","embeddable":true,"href":"https:\/\/www.rri.ro\/de\/wp-json\/wp\/v2\/tags?post=628119"},{"taxonomy":"author","embeddable":true,"href":"https:\/\/www.rri.ro\/de\/wp-json\/wp\/v2\/coauthors?post=628119"}],"curies":[{"name":"wp","href":"https:\/\/api.w.org\/{rel}","templated":true}]}}