{"id":628202,"date":"2022-09-03T17:00:00","date_gmt":"2022-09-03T14:00:00","guid":{"rendered":"http:\/\/devrri.freshlemon.ro\/aktuell\/wochenspiegel-5-id628202.html"},"modified":"2022-09-03T17:00:00","modified_gmt":"2022-09-03T14:00:00","slug":"wochenspiegel-5","status":"publish","type":"post","link":"https:\/\/www.rri.ro\/de\/aktuell\/wochenspiegel\/wochenspiegel-5-id628202.html","title":{"rendered":"Wochenspiegel"},"content":{"rendered":"<\/p>\n<p>&#13;<br \/>\n&#13;<\/p>\n<p><strong>Parlament nimmt Sitzungen wieder auf<\/strong><\/p>\n<p>&#13;<br \/>\n&#13;<\/p>\n<p>Die parlamentarische Sommerpause endete in Rum\u00e4nien diese Woche. Am ersten Tag der Herbstsitzung der Legislative beschlossen die Vertreter einen Sonderausschuss zur \u00c4nderung der Justizgesetze einzusetzen. Von der Verabschiedung dieser Gesetze h\u00e4ngt die Aufhebung des Kooperations- und Kontrollverfahrens ab. Es stellt f\u00fcr Rum\u00e4nien einen Meilenstein dar, der im nationalen Konjunktur- und Resilienzplan verankert ist. Die \u00c4nderung der Justizgesetze, des Strafgesetzbuchs und der Strafprozessordnung sowie des Bildungsgesetzes sind die Priorit\u00e4ten der Regierungskoalition aus Liberalen, Sozialdemokraten und dem Ungarn-Verband. Ferner schlugen die Sozialdemokraten vor, die Mindestrente, den Wert des Rentenpunktes und den Mindestlohn auf rund umgerechnet 600 \u20ac anzuheben. Vonseiten der Opposition erw\u00e4gt die USR eine Reihe von Gesetzesinitiativen, die einerseits darauf abzielen, Steuern zu senken und andererseits Geld f\u00fcr den Staatshaushalt zu sparen. Die Opposition k\u00fcndigte bereits zwei einfache Antr\u00e4ge an: Einen gegen Energieminister Virgil Popescu und einen weiteren gegen Bildungsminister Sorin C\u00eempeanu.<\/p>\n<p>&#13;<br \/>\n&#13;<\/p>\n<p>&#13;<br \/>\n&#13;<\/p>\n<p>&#13;<br \/>\n&#13;<\/p>\n<p><strong>Energiepreise werden gedeckelt<\/strong><\/p>\n<p>&#13;<br \/>\n&#13;<\/p>\n<p>Die Regierung in Bukarest hat am Donnerstag eine Verordnung verabschiedet, die die Strom- und Gaspreise f\u00fcr 7,8 Millionen Haushalte f\u00fcr ein weiteres Jahr deckelt. Die Rechtsnorm sieht die Einrichtung eines nationalen Energiewendefonds und Strafen f\u00fcr Unternehmen vor, die die Preise k\u00fcnstlich anheben. <strong><\/strong>Die ber\u00fcchtigte Praxis, Strom von einem H\u00e4ndler an einen anderen und dann an den Versorger weiterzuleiten, um den Strom- oder Erdgaspreis k\u00fcnstlich in die H\u00f6he zu treiben, wird diesmal streng bestraft werden. Ein derartiges Verhalten ist auf dem Markt nicht normal. Dieses wird mit 5 % des Umsatzes geahndet. Die Geldstrafe kann nun die ANRE verh\u00e4ngen\u201c, sagte Energieminister Virgil Popescu. Ein weiteres Novum ist, dass der Stromsektor einen Solidarit\u00e4tsbeitrag entrichten muss, der in einen speziellen Energiefonds flie\u00dft. Die Auswirkungen der vorgesehenen Ma\u00dfnahmen auf den Haushalt werden auf umgerechnet ca. 200 Millionen Euro im Monat gesch\u00e4tzt. <\/p>\n<p>&#13;<br \/>\n&#13;<\/p>\n<p>&#13;<br \/>\n&#13;<\/p>\n<p>&#13;<br \/>\n&#13;<\/p>\n<p><strong>R\u00fcckt Rum\u00e4nien n\u00e4her an den Schengener Raum?<\/strong><\/p>\n<p>&#13;<br \/>\n&#13;<\/p>\n<p>Die Vertreter in Bukarest begr\u00fc\u00dften am Montag die deutsche Unterst\u00fctzung f\u00fcr den Beitritt Rum\u00e4niens zum Schengener Freiz\u00fcgigkeitsraum und dankten Bundeskanzler Olaf Scholz f\u00fcr seinen Einsatz bei der Verwirklichung dieses Ziels. In seiner Rede zur Zukunft der EU in Prag sagte der deutsche Bundeskanzler, dass Rum\u00e4nien, Kroatien und Bulgarien alle technischen Voraussetzungen f\u00fcr eine Vollmitgliedschaft im Schengen-Raum erf\u00fcllen, die es zu sch\u00fctzen und auszubauen gilt. Er versprach sich daf\u00fcr einzusetzen, dass sie Vollmitglieder werden. Staatspr\u00e4sident Klaus Iohannis betonte, dass der Beitritt Rum\u00e4niens zum Schengen-Raum ein strategisches Ziel des Landes sei, und Ministerpr\u00e4sident Nicolae Ciuc\u0103 wies darauf hin, dass dieser den rum\u00e4nischen Exporten einen erheblichen Auftrieb geben k\u00f6nnte. Der Vorsitzende der Abgeordnetenkammer, Marcel Ciolacu, erkl\u00e4rte, dass diese Entscheidung die Wartezeiten an der Grenze f\u00fcr Frachtunternehmen erheblich verk\u00fcrzen werde. Die Erkl\u00e4rung des Bundeskanzlers Olaf Scholz wurde in Bukarester Au\u00dfenministerium als bedeutungsvoll bewertet, da es das erste Mal ist, dass Deutschland dies auf h\u00f6chster Ebene bedingungslos ank\u00fcndigt.<\/p>\n<p>&#13;<br \/>\n&#13;<\/p>\n<p>&#13;<br \/>\n&#13;<\/p>\n<p>&#13;<br \/>\n&#13;<\/p>\n<p><strong>Rum\u00e4nische Minister auf europ\u00e4ischen Treffen<\/strong><\/p>\n<p>&#13;<br \/>\n&#13;<\/p>\n<p>Au\u00dfenminister Bogdan Aurescu nahm am Dienstag und Mittwoch am informellen Treffen der EU-Au\u00dfenminister in Prag teil. Auf der Tagesordnung stand der russische Angriffskrieg gegen die Ukraine sowie dessen Auswirkungen auf die Beziehungen zwischen der EU und Russland. Bogdan Aurescu sprach \u00fcber die Unterst\u00fctzung Bukarests f\u00fcr Kiew, einschlie\u00dflich der Hilfe f\u00fcr \u00fcber 2,1 Millionen ukrainischen Gefl\u00fcchtete via Rum\u00e4nien und \u00fcber die Unterst\u00fctzung bei der Bew\u00e4ltigung der Nahrungsmittelkrise durch die Erleichterung des Transits von ukrainischem Getreide durch Rum\u00e4nien. Der Minister forderte, dass die EU und ihre Mitgliedstaaten die Ukraine in politischer, wirtschaftlicher, humanit\u00e4rer und v\u00f6lkerrechtlicher Hinsicht weiterhin konsequent unterst\u00fctzen m\u00fcssen. Der rum\u00e4nische Verteidigungsminister Vasile D\u00eencu nahm am Montag und Dienstag ebenfalls in Prag am informellen Treffen der EU-Verteidigungsminister teil. Er betonte, dass der Krieg in der benachbarten Ukraine die Wahrnehmung der Sicherheit und Verteidigung in Europa ver\u00e4ndert habe. Gleichzeitig sagte Vasile D\u00eencu, dass h\u00f6here Investitionen in die Verteidigung die Widerstandsf\u00e4higkeit der EU und ihre F\u00e4higkeit, wirksam auf k\u00fcnftige Bedrohungen zu reagieren, st\u00e4rken werden. Nach seiner R\u00fcckkehr in Bukarest kam Vasile D\u00eencu am Mittwoch mit dem stellvertretenden ukrainischen Verteidigungsminister Denys Sharapov zusammen.<\/p>\n<p>&#13;<br \/>\n&#13;<\/p>\n<p>&#13;<br \/>\n&#13;<\/p>\n<p>&#13;<br \/>\n&#13;<\/p>\n<p><strong>Rum\u00e4nien gewinnt weitere Goldmedaillen<\/strong><\/p>\n<p>&#13;<br \/>\n&#13;<\/p>\n<p>Der rum\u00e4nische Sportler David Popovici hat diese Woche zwei weitere Goldmedaillen gewonnen, diesmal bei den Schwimmweltmeisterschaften der Junioren in Lima, Peru. Die Erste war in der 4\u00d7100m-Freistilstaffel und die Zweite in der 200m-Freistilstaffel. Hier erzielte der Schimmer eine Zeit von 1:46,18 und stellte damit einen neuen Wettbewerbsrekord auf. Der rum\u00e4nische Schwimmer gewann in diesem Sommer alle vier m\u00f6glichen Goldmedaillen \u00fcber 200 m Freistil bei den Europameisterschaften der Junioren und Senioren sowie bei den Weltmeisterschaften der Junioren und Senioren. Insgesamt errang David Popovici in dieser Saison mehr als zehn Goldmedaillen.<\/p>\n<p>&#13;<br \/>\n&#13;<\/p>\n<p>&#13;<\/p>\n","protected":false},"excerpt":{"rendered":"<p>R\u00fcckblick auf die wichtigsten Ereignisse vom 29.08. &#8211; 02.09.2022<\/p>\n","protected":false},"author":107,"featured_media":124920,"comment_status":"closed","ping_status":"closed","sticky":false,"template":"","format":"standard","meta":{"_acf_changed":false,"footnotes":""},"categories":[116751],"tags":[103546,105605,36441,105348,105324,104162,104226,36984,100353,102544,117536,99608,100703,100981,28905,101389],"coauthors":[],"class_list":["post-628202","post","type-post","status-publish","format-standard","has-post-thumbnail","hentry","category-wochenspiegel","tag-bildungsgesetz","tag-bundeskanzler","tag-david-popovici","tag-energiepreise","tag-goldmedaille","tag-justizgesetze","tag-kooperations-und-kontrollverfahren","tag-olaf-scholz","tag-renten","tag-schengen-raum","tag-schwimmen","tag-steuern","tag-strafgesetzbuch","tag-strafprozessordnung","tag-ukraine","tag-verteidigung"],"acf":[],"yoast_head":"<!-- This site is optimized with the Yoast SEO plugin v27.5 - https:\/\/yoast.com\/product\/yoast-seo-wordpress\/ -->\n<title>Wochenspiegel - Radio Rum\u00e4nien International<\/title>\n<meta name=\"robots\" content=\"index, follow, max-snippet:-1, max-image-preview:large, max-video-preview:-1\" \/>\n<link rel=\"canonical\" href=\"https:\/\/www.rri.ro\/de\/aktuell\/wochenspiegel\/wochenspiegel-5-id628202.html\" \/>\n<meta property=\"og:locale\" content=\"de_DE\" \/>\n<meta property=\"og:type\" content=\"article\" \/>\n<meta property=\"og:title\" content=\"Wochenspiegel - Radio Rum\u00e4nien International\" \/>\n<meta property=\"og:description\" content=\"R\u00fcckblick auf die wichtigsten Ereignisse vom 29.08. - 02.09.2022\" \/>\n<meta property=\"og:url\" content=\"https:\/\/www.rri.ro\/de\/aktuell\/wochenspiegel\/wochenspiegel-5-id628202.html\" \/>\n<meta property=\"og:site_name\" content=\"Radio Rum\u00e4nien International\" \/>\n<meta property=\"article:published_time\" content=\"2022-09-03T14:00:00+00:00\" \/>\n<meta property=\"og:image\" content=\"https:\/\/www.rri.ro\/wp-content\/uploads\/2023\/10\/eveniment-top-2021-ciuca-premier-2.png\" \/>\n\t<meta property=\"og:image:width\" content=\"640\" \/>\n\t<meta property=\"og:image:height\" content=\"480\" \/>\n\t<meta property=\"og:image:type\" content=\"image\/png\" \/>\n<meta name=\"author\" content=\"Daniela Budu\" \/>\n<meta name=\"twitter:card\" content=\"summary_large_image\" \/>\n<meta name=\"twitter:label1\" content=\"Verfasst von\" \/>\n\t<meta name=\"twitter:data1\" content=\"Daniela Budu\" \/>\n\t<meta name=\"twitter:label2\" content=\"Gesch\u00e4tzte Lesezeit\" \/>\n\t<meta name=\"twitter:data2\" content=\"4\u00a0Minuten\" \/>\n\t<meta name=\"twitter:label3\" content=\"Written by\" \/>\n\t<meta name=\"twitter:data3\" content=\"Daniela Budu\" \/>\n<script type=\"application\/ld+json\" class=\"yoast-schema-graph\">{\"@context\":\"https:\\\/\\\/schema.org\",\"@graph\":[{\"@type\":\"Article\",\"@id\":\"https:\\\/\\\/www.rri.ro\\\/de\\\/aktuell\\\/wochenspiegel\\\/wochenspiegel-5-id628202.html#article\",\"isPartOf\":{\"@id\":\"https:\\\/\\\/www.rri.ro\\\/de\\\/aktuell\\\/wochenspiegel\\\/wochenspiegel-5-id628202.html\"},\"author\":{\"name\":\"Daniela Budu\",\"@id\":\"https:\\\/\\\/www.rri.ro\\\/#\\\/schema\\\/person\\\/b46b8f80d7d6e4b5ac9f14f0acbad0c4\"},\"headline\":\"Wochenspiegel\",\"datePublished\":\"2022-09-03T14:00:00+00:00\",\"mainEntityOfPage\":{\"@id\":\"https:\\\/\\\/www.rri.ro\\\/de\\\/aktuell\\\/wochenspiegel\\\/wochenspiegel-5-id628202.html\"},\"wordCount\":796,\"image\":{\"@id\":\"https:\\\/\\\/www.rri.ro\\\/de\\\/aktuell\\\/wochenspiegel\\\/wochenspiegel-5-id628202.html#primaryimage\"},\"thumbnailUrl\":\"https:\\\/\\\/www.rri.ro\\\/wp-content\\\/uploads\\\/2023\\\/10\\\/eveniment-top-2021-ciuca-premier-2.png\",\"keywords\":[\"Bildungsgesetz\",\"Bundeskanzler\",\"David Popovici\",\"Energiepreise\",\"Goldmedaille\",\"Justizgesetze\",\"Kooperations- und Kontrollverfahren\",\"Olaf Scholz\",\"Renten\",\"Schengen-Raum\",\"Schwimmen\",\"Steuern\",\"Strafgesetzbuch\",\"Strafprozessordnung\",\"Ukraine\",\"Verteidigung\"],\"articleSection\":[\"Wochenspiegel\"],\"inLanguage\":\"de\"},{\"@type\":\"WebPage\",\"@id\":\"https:\\\/\\\/www.rri.ro\\\/de\\\/aktuell\\\/wochenspiegel\\\/wochenspiegel-5-id628202.html\",\"url\":\"https:\\\/\\\/www.rri.ro\\\/de\\\/aktuell\\\/wochenspiegel\\\/wochenspiegel-5-id628202.html\",\"name\":\"Wochenspiegel - Radio Rum\u00e4nien International\",\"isPartOf\":{\"@id\":\"https:\\\/\\\/www.rri.ro\\\/#website\"},\"primaryImageOfPage\":{\"@id\":\"https:\\\/\\\/www.rri.ro\\\/de\\\/aktuell\\\/wochenspiegel\\\/wochenspiegel-5-id628202.html#primaryimage\"},\"image\":{\"@id\":\"https:\\\/\\\/www.rri.ro\\\/de\\\/aktuell\\\/wochenspiegel\\\/wochenspiegel-5-id628202.html#primaryimage\"},\"thumbnailUrl\":\"https:\\\/\\\/www.rri.ro\\\/wp-content\\\/uploads\\\/2023\\\/10\\\/eveniment-top-2021-ciuca-premier-2.png\",\"datePublished\":\"2022-09-03T14:00:00+00:00\",\"author\":{\"@id\":\"https:\\\/\\\/www.rri.ro\\\/#\\\/schema\\\/person\\\/b46b8f80d7d6e4b5ac9f14f0acbad0c4\"},\"breadcrumb\":{\"@id\":\"https:\\\/\\\/www.rri.ro\\\/de\\\/aktuell\\\/wochenspiegel\\\/wochenspiegel-5-id628202.html#breadcrumb\"},\"inLanguage\":\"de\",\"potentialAction\":[{\"@type\":\"ReadAction\",\"target\":[\"https:\\\/\\\/www.rri.ro\\\/de\\\/aktuell\\\/wochenspiegel\\\/wochenspiegel-5-id628202.html\"]}]},{\"@type\":\"ImageObject\",\"inLanguage\":\"de\",\"@id\":\"https:\\\/\\\/www.rri.ro\\\/de\\\/aktuell\\\/wochenspiegel\\\/wochenspiegel-5-id628202.html#primaryimage\",\"url\":\"https:\\\/\\\/www.rri.ro\\\/wp-content\\\/uploads\\\/2023\\\/10\\\/eveniment-top-2021-ciuca-premier-2.png\",\"contentUrl\":\"https:\\\/\\\/www.rri.ro\\\/wp-content\\\/uploads\\\/2023\\\/10\\\/eveniment-top-2021-ciuca-premier-2.png\",\"width\":640,\"height\":480},{\"@type\":\"BreadcrumbList\",\"@id\":\"https:\\\/\\\/www.rri.ro\\\/de\\\/aktuell\\\/wochenspiegel\\\/wochenspiegel-5-id628202.html#breadcrumb\",\"itemListElement\":[{\"@type\":\"ListItem\",\"position\":1,\"name\":\"Startseite\",\"item\":\"https:\\\/\\\/www.rri.ro\\\/de\"},{\"@type\":\"ListItem\",\"position\":2,\"name\":\"Aktuell\",\"item\":\"https:\\\/\\\/www.rri.ro\\\/de\\\/aktuell\"},{\"@type\":\"ListItem\",\"position\":3,\"name\":\"Wochenspiegel\",\"item\":\"https:\\\/\\\/www.rri.ro\\\/de\\\/aktuell\\\/wochenspiegel\"},{\"@type\":\"ListItem\",\"position\":4,\"name\":\"Wochenspiegel\"}]},{\"@type\":\"WebSite\",\"@id\":\"https:\\\/\\\/www.rri.ro\\\/#website\",\"url\":\"https:\\\/\\\/www.rri.ro\\\/\",\"name\":\"Radio Rum\u00e4nien International\",\"description\":\"Totul despre Rom\u00e2nia \u015fi rom\u00e2ni, \u00een 13 limbi\\\/dialecte!\",\"inLanguage\":\"de\"},{\"@type\":\"Person\",\"@id\":\"https:\\\/\\\/www.rri.ro\\\/#\\\/schema\\\/person\\\/b46b8f80d7d6e4b5ac9f14f0acbad0c4\",\"name\":\"Daniela Budu\",\"url\":\"https:\\\/\\\/www.rri.ro\\\/de\\\/author\\\/daniela-budu\"}]}<\/script>\n<!-- \/ Yoast SEO plugin. -->","yoast_head_json":{"title":"Wochenspiegel - Radio Rum\u00e4nien International","robots":{"index":"index","follow":"follow","max-snippet":"max-snippet:-1","max-image-preview":"max-image-preview:large","max-video-preview":"max-video-preview:-1"},"canonical":"https:\/\/www.rri.ro\/de\/aktuell\/wochenspiegel\/wochenspiegel-5-id628202.html","og_locale":"de_DE","og_type":"article","og_title":"Wochenspiegel - Radio Rum\u00e4nien International","og_description":"R\u00fcckblick auf die wichtigsten Ereignisse vom 29.08. - 02.09.2022","og_url":"https:\/\/www.rri.ro\/de\/aktuell\/wochenspiegel\/wochenspiegel-5-id628202.html","og_site_name":"Radio Rum\u00e4nien International","article_published_time":"2022-09-03T14:00:00+00:00","og_image":[{"width":640,"height":480,"url":"https:\/\/www.rri.ro\/wp-content\/uploads\/2023\/10\/eveniment-top-2021-ciuca-premier-2.png","type":"image\/png"}],"author":"Daniela Budu","twitter_card":"summary_large_image","twitter_misc":{"Verfasst von":"Daniela Budu","Gesch\u00e4tzte Lesezeit":"4\u00a0Minuten","Written by":"Daniela Budu"},"schema":{"@context":"https:\/\/schema.org","@graph":[{"@type":"Article","@id":"https:\/\/www.rri.ro\/de\/aktuell\/wochenspiegel\/wochenspiegel-5-id628202.html#article","isPartOf":{"@id":"https:\/\/www.rri.ro\/de\/aktuell\/wochenspiegel\/wochenspiegel-5-id628202.html"},"author":{"name":"Daniela Budu","@id":"https:\/\/www.rri.ro\/#\/schema\/person\/b46b8f80d7d6e4b5ac9f14f0acbad0c4"},"headline":"Wochenspiegel","datePublished":"2022-09-03T14:00:00+00:00","mainEntityOfPage":{"@id":"https:\/\/www.rri.ro\/de\/aktuell\/wochenspiegel\/wochenspiegel-5-id628202.html"},"wordCount":796,"image":{"@id":"https:\/\/www.rri.ro\/de\/aktuell\/wochenspiegel\/wochenspiegel-5-id628202.html#primaryimage"},"thumbnailUrl":"https:\/\/www.rri.ro\/wp-content\/uploads\/2023\/10\/eveniment-top-2021-ciuca-premier-2.png","keywords":["Bildungsgesetz","Bundeskanzler","David Popovici","Energiepreise","Goldmedaille","Justizgesetze","Kooperations- und Kontrollverfahren","Olaf Scholz","Renten","Schengen-Raum","Schwimmen","Steuern","Strafgesetzbuch","Strafprozessordnung","Ukraine","Verteidigung"],"articleSection":["Wochenspiegel"],"inLanguage":"de"},{"@type":"WebPage","@id":"https:\/\/www.rri.ro\/de\/aktuell\/wochenspiegel\/wochenspiegel-5-id628202.html","url":"https:\/\/www.rri.ro\/de\/aktuell\/wochenspiegel\/wochenspiegel-5-id628202.html","name":"Wochenspiegel - Radio Rum\u00e4nien International","isPartOf":{"@id":"https:\/\/www.rri.ro\/#website"},"primaryImageOfPage":{"@id":"https:\/\/www.rri.ro\/de\/aktuell\/wochenspiegel\/wochenspiegel-5-id628202.html#primaryimage"},"image":{"@id":"https:\/\/www.rri.ro\/de\/aktuell\/wochenspiegel\/wochenspiegel-5-id628202.html#primaryimage"},"thumbnailUrl":"https:\/\/www.rri.ro\/wp-content\/uploads\/2023\/10\/eveniment-top-2021-ciuca-premier-2.png","datePublished":"2022-09-03T14:00:00+00:00","author":{"@id":"https:\/\/www.rri.ro\/#\/schema\/person\/b46b8f80d7d6e4b5ac9f14f0acbad0c4"},"breadcrumb":{"@id":"https:\/\/www.rri.ro\/de\/aktuell\/wochenspiegel\/wochenspiegel-5-id628202.html#breadcrumb"},"inLanguage":"de","potentialAction":[{"@type":"ReadAction","target":["https:\/\/www.rri.ro\/de\/aktuell\/wochenspiegel\/wochenspiegel-5-id628202.html"]}]},{"@type":"ImageObject","inLanguage":"de","@id":"https:\/\/www.rri.ro\/de\/aktuell\/wochenspiegel\/wochenspiegel-5-id628202.html#primaryimage","url":"https:\/\/www.rri.ro\/wp-content\/uploads\/2023\/10\/eveniment-top-2021-ciuca-premier-2.png","contentUrl":"https:\/\/www.rri.ro\/wp-content\/uploads\/2023\/10\/eveniment-top-2021-ciuca-premier-2.png","width":640,"height":480},{"@type":"BreadcrumbList","@id":"https:\/\/www.rri.ro\/de\/aktuell\/wochenspiegel\/wochenspiegel-5-id628202.html#breadcrumb","itemListElement":[{"@type":"ListItem","position":1,"name":"Startseite","item":"https:\/\/www.rri.ro\/de"},{"@type":"ListItem","position":2,"name":"Aktuell","item":"https:\/\/www.rri.ro\/de\/aktuell"},{"@type":"ListItem","position":3,"name":"Wochenspiegel","item":"https:\/\/www.rri.ro\/de\/aktuell\/wochenspiegel"},{"@type":"ListItem","position":4,"name":"Wochenspiegel"}]},{"@type":"WebSite","@id":"https:\/\/www.rri.ro\/#website","url":"https:\/\/www.rri.ro\/","name":"Radio Rum\u00e4nien International","description":"Totul despre Rom\u00e2nia \u015fi rom\u00e2ni, \u00een 13 limbi\/dialecte!","inLanguage":"de"},{"@type":"Person","@id":"https:\/\/www.rri.ro\/#\/schema\/person\/b46b8f80d7d6e4b5ac9f14f0acbad0c4","name":"Daniela Budu","url":"https:\/\/www.rri.ro\/de\/author\/daniela-budu"}]}},"_links":{"self":[{"href":"https:\/\/www.rri.ro\/de\/wp-json\/wp\/v2\/posts\/628202","targetHints":{"allow":["GET"]}}],"collection":[{"href":"https:\/\/www.rri.ro\/de\/wp-json\/wp\/v2\/posts"}],"about":[{"href":"https:\/\/www.rri.ro\/de\/wp-json\/wp\/v2\/types\/post"}],"author":[{"embeddable":true,"href":"https:\/\/www.rri.ro\/de\/wp-json\/wp\/v2\/users\/107"}],"replies":[{"embeddable":true,"href":"https:\/\/www.rri.ro\/de\/wp-json\/wp\/v2\/comments?post=628202"}],"version-history":[{"count":0,"href":"https:\/\/www.rri.ro\/de\/wp-json\/wp\/v2\/posts\/628202\/revisions"}],"wp:featuredmedia":[{"embeddable":true,"href":"https:\/\/www.rri.ro\/de\/wp-json\/wp\/v2\/media\/124920"}],"wp:attachment":[{"href":"https:\/\/www.rri.ro\/de\/wp-json\/wp\/v2\/media?parent=628202"}],"wp:term":[{"taxonomy":"category","embeddable":true,"href":"https:\/\/www.rri.ro\/de\/wp-json\/wp\/v2\/categories?post=628202"},{"taxonomy":"post_tag","embeddable":true,"href":"https:\/\/www.rri.ro\/de\/wp-json\/wp\/v2\/tags?post=628202"},{"taxonomy":"author","embeddable":true,"href":"https:\/\/www.rri.ro\/de\/wp-json\/wp\/v2\/coauthors?post=628202"}],"curies":[{"name":"wp","href":"https:\/\/api.w.org\/{rel}","templated":true}]}}