{"id":628236,"date":"2023-08-26T17:00:00","date_gmt":"2023-08-26T14:00:00","guid":{"rendered":"http:\/\/devrri.freshlemon.ro\/aktuell\/rueckblick-auf-die-ereignisse-vom-21-08-bis-zum-26-08-2023-id628236.html"},"modified":"2023-08-26T17:00:00","modified_gmt":"2023-08-26T14:00:00","slug":"rueckblick-auf-die-ereignisse-vom-21-08-bis-zum-26-08-2023","status":"publish","type":"post","link":"https:\/\/www.rri.ro\/de\/aktuell\/wochenspiegel\/rueckblick-auf-die-ereignisse-vom-21-08-bis-zum-26-08-2023-id628236.html","title":{"rendered":"R\u00fcckblick auf die Ereignisse vom 21.08 bis zum 26.08.2023"},"content":{"rendered":"<\/p>\n<p>&#13;<br \/>\n&#13;<\/p>\n<p><strong>Die Reform der Steuerverwaltung in Rum\u00e4nien<\/strong><\/p>\n<p>&#13;<br \/>\n&#13;<\/p>\n<p>&#13;<br \/>\n&#13;<\/p>\n<p>Die Regierung in Bukarest wird die Verantwortung f\u00fcr die Reform des Staatsapparats, die Ma\u00dfnahmen zum Steuerausgleich und die Bek\u00e4mpfung der Steuerhinterziehung \u00fcbernehmen. Premierminister Marcel Ciolacu forderte ein gerechtes Steuersystem f\u00fcr alle B\u00fcrgerinnen und B\u00fcrger. Haushaltsverschwendung, Steuerhinterziehung und Steuervermeidung behindern die Entwicklung Rum\u00e4niens. Der Premierminister f\u00fcgte hinzu, dass die Diskussionen in den letzten Wochen deutlich gezeigt h\u00e4tten, dass das Land tiefgreifende Reformen brauche.  In Folge darauf kam es am Donnerstag nur zwei Tage nach dem Warnstreik der Finanzbeamten zu neuen Spontanprotesten in verschiedenen St\u00e4dten des Landes. Gewerkschaftsvertreter forderten die Beibehaltung ihrer Arbeitspl\u00e4tze, ihres Einkommens und ihres Status. Die K\u00fcrzung der Haushaltsausgaben kann mehr als 22.000 Besch\u00e4ftigte des Systems betreffen.<\/p>\n<p>&#13;<br \/>\n&#13;<\/p>\n<p>&#13;<br \/>\n&#13;<\/p>\n<p>&#13;<br \/>\n&#13;<\/p>\n<p><strong>Rum\u00e4nien unterst\u00fctzt die Ukraine<\/strong><\/p>\n<p>&#13;<br \/>\n&#13;<\/p>\n<p>&#13;<br \/>\n&#13;<\/p>\n<p>Der rum\u00e4nische Pr\u00e4sident Klaus Iohannis hat seinem Amtskollegen in Kiew, Volodymyr Selenskyj, am Donnerstag ein Gl\u00fcckwunschschreiben zum Unabh\u00e4ngigkeitstag der Ukraine \u00fcbermittelt. Er w\u00fcrdigt darin die Hartn\u00e4ckigkeit des ukrainischen Volkes bei der Verteidigung seiner Unabh\u00e4ngigkeit, Souver\u00e4nit\u00e4t und territorialen Integrit\u00e4t gegen\u00fcber der russischen Aggression. Auch der Ministerpr\u00e4sident, Marcel Ciolacu, \u00fcbermittelte seine besten W\u00fcnsche und die volle Unterst\u00fctzung Rum\u00e4niens f\u00fcr die Wiederherstellung von Frieden und Freiheit. Die rum\u00e4nische Au\u00dfenministerin Lumini\u021ba Odobescu sagte auf dem dritten Gipfeltreffen der Internationalen Krim-Plattform, Bukarest werde weiterhin, die Ukraine dabei unterst\u00fctzen, ihre territoriale Integrit\u00e4t wiederherzustellen. Die j\u00fcngsten r\u00fccksichtslosen Angriffe auf ukrainische H\u00e4fen an der Donau, ganz in der N\u00e4he der rum\u00e4nischen Grenze, zeigen erneut den Wunsch Russlands, diesen Konflikt zu eskalieren. Sie betonte ebenfalls, dass Bukarest seit dem Beginn des Krieges seinen Nachbarn unterst\u00fctzen und dies auch weiterhin, bis zum endg\u00fcltigen Sieg, tun wird.<\/p>\n<p>&#13;<br \/>\n&#13;<\/p>\n<p>&#13;<br \/>\n&#13;<\/p>\n<p>&#13;<br \/>\n&#13;<\/p>\n<p><strong>Innenminister C\u0103t\u0103lin Predoiu traf seinen \u00f6sterreichischen Amtskollegen Gerhard Karner in Wien<\/strong><\/p>\n<p>&#13;<br \/>\n&#13;<\/p>\n<p>&#13;<br \/>\n&#13;<\/p>\n<p>Innenminister C\u0103t\u0103lin Predoiu sagte am Mittwoch in Wien zum Abschluss eines Treffens mit seinem \u00f6sterreichischen Amtskollegen Gerhard Karner, dass sein Ministerium das Ziel habe, Rum\u00e4nien zu einem Standard im Grenzschutz zu machen. Predoiu k\u00fcndigte die Unterzeichnung eines Dublin-Abkommens zur Vereinfachung der Asylverfahren an. Er sagte, dass die Gespr\u00e4che ein guter Anfang sind, um einen Weg zu finden, um in allen Fragen voranzukommen. Predoiu sagte auch, dass Migration ein wichtiges Thema in Rum\u00e4nien ist. Der \u00f6sterreichische Innenminister wollte, dass das mit Rum\u00e4nien vereinbarte Kooperationsmodell zur Bek\u00e4mpfung von Schlepperkriminalit\u00e4t auch auf europ\u00e4ischer Ebene umgesetzt wird. Er glaubt, die grenz\u00fcberschreitende Zusammenarbeit zeigt auch gro\u00dfe Erfolge bei einer Aktion, die von den rum\u00e4nischen, ungarischen und \u00f6sterreichischen Beh\u00f6rden durchgef\u00fchrt wird. \u00d6sterreich ist das einzige Land, das sich der Aufnahme Rum\u00e4niens in den europ\u00e4ischen Schengen-Raum widersetzt, obwohl Bukarest alle notwendigen Bedingungen erf\u00fcllt. Alle anderen EU-Mitgliedstaaten und die EU-Institutionen sind sich dieser Tatsache bewusst. Das Schengen-System funktioniert nicht, sagte Gerhard Karner am Mittwoch. Er sagte, dass er eine Erweiterung zum jetzigen Zeitpunkt nicht f\u00fcr angebracht halte.<\/p>\n<p>&#13;<br \/>\n&#13;<\/p>\n<p>&#13;<br \/>\n&#13;<\/p>\n<p>&#13;<br \/>\n&#13;<\/p>\n<p><strong>Die Polizeichefs im Kreis Constan\u021ba wurden von ihren Aufgaben entbunden.<\/strong><\/p>\n<p>&#13;<br \/>\n&#13;<\/p>\n<p>&#13;<br \/>\n&#13;<\/p>\n<p>Auf ihren Antrag hin wurden vier Polizeichefs im s\u00fcd\u00f6stlichen Landkreis Constan\u021ba von ihren Aufgaben entbunden, nachdem ein 19-j\u00e4hriger Mann, der unter dem Einfluss mehrerer Drogen gefahren war, bei einem Unfall zwei Menschen get\u00f6tet und vier verletzt hatte. Der Fahrer war drei Stunden vor dem Unfall von der Polizei angehalten worden, aber die Polizei lie\u00dfen ihn gehen, ohne ihn auf Drogen zu testen. Bei ihm wurden Drogen gefunden, sein ungew\u00f6hnliches Verhalten im Stra\u00dfenverkehr war von einem B\u00fcrger gemeldet worden.<\/p>\n<p>&#13;<br \/>\n&#13;<\/p>\n<p>&#13;<br \/>\n&#13;<\/p>\n<p>&#13;<br \/>\n&#13;<\/p>\n<p><strong> Feuerwehrleute aus Rum\u00e4nien bek\u00e4mpfen Br\u00e4nde in Griechenland<\/strong><\/p>\n<p>&#13;<br \/>\n&#13;<\/p>\n<p>&#13;<br \/>\n&#13;<\/p>\n<p>Die rum\u00e4nische Feuerwehr wurde zu einem Einsatz in Griechenland gerufen, um einen Brand in der N\u00e4he der Autobahn nach Alexandroupolis zu l\u00f6schen. Laut einem Bericht der Generalinspektion f\u00fcr Notfallsituationen in Bukarest waren mehr als 50 Feuerwehrleute mit zehn L\u00f6schfahrzeugen im Einsatz. Eine \u00dcberwachung der Waldbrandsituation in Griechenland erfolgt auch aus dem Weltraum \u00fcber das europ\u00e4ische Satellitenprogramm Copernicus.<\/p>\n<p>&#13;<br \/>\n&#13;<\/p>\n<p>&#13;<br \/>\n&#13;<\/p>\n<p>&#13;<br \/>\n&#13;<\/p>\n<p><strong>Rum\u00e4nische Fu\u00dfballmannschaften spielen in den Play-offs der Europa Conference League<\/strong><\/p>\n<p>&#13;<br \/>\n&#13;<\/p>\n<p>&#13;<br \/>\n&#13;<\/p>\n<p>Im Hinspiel der Play-offs der Europa Conference League besiegte Farul Constan\u021ba am Donnerstagabend zu Hause den finnischen Verein HJK Helsinki mit 2:1. Der rum\u00e4nische Pokalsieger Sepsi Sf\u00e2ntul Gheorghe erzeilte ebenfalls zu Hause ein 2:2-Unentschieden gegen die norwegische Mannschaft Bodoe\/Glimt.  Die R\u00fcckspiele werden in einer Woche ausgetragen.<\/p>\n<p>&#13;<\/p>\n","protected":false},"excerpt":{"rendered":"<p>&#13; &#13; Die Reform der Steuerverwaltung in Rum\u00e4nien &#13; &#13; &#13; &#13; Die Regierung in Bukarest wird die Verantwortung f\u00fcr die Reform des Staatsapparats, die Ma\u00dfnahmen zum Steuerausgleich und die Bek\u00e4mpfung der Steuerhinterziehung \u00fcbernehmen. Premierminister Marcel Ciolacu forderte ein gerechtes Steuersystem f\u00fcr alle B\u00fcrgerinnen und B\u00fcrger. Haushaltsverschwendung, Steuerhinterziehung und Steuervermeidung behindern die Entwicklung Rum\u00e4niens. Der [&hellip;]<\/p>\n","protected":false},"author":2,"featured_media":125002,"comment_status":"closed","ping_status":"closed","sticky":false,"template":"","format":"standard","meta":{"_acf_changed":false,"footnotes":""},"categories":[116751],"tags":[103485,99773,99781,99918,28976,99608,28905],"coauthors":[],"class_list":["post-628236","post","type-post","status-publish","format-standard","has-post-thumbnail","hentry","category-wochenspiegel","tag-feuerwehr","tag-fussball","tag-oesterreich","tag-polizei","tag-schengen","tag-steuern","tag-ukraine"],"acf":[],"yoast_head":"<!-- This site is optimized with the Yoast SEO plugin v27.5 - https:\/\/yoast.com\/product\/yoast-seo-wordpress\/ -->\n<title>R\u00fcckblick auf die Ereignisse vom 21.08 bis zum 26.08.2023 - Radio Rum\u00e4nien International<\/title>\n<meta name=\"robots\" content=\"index, follow, max-snippet:-1, max-image-preview:large, max-video-preview:-1\" \/>\n<link rel=\"canonical\" href=\"https:\/\/www.rri.ro\/de\/aktuell\/wochenspiegel\/rueckblick-auf-die-ereignisse-vom-21-08-bis-zum-26-08-2023-id628236.html\" \/>\n<meta property=\"og:locale\" content=\"de_DE\" \/>\n<meta property=\"og:type\" content=\"article\" \/>\n<meta property=\"og:title\" content=\"R\u00fcckblick auf die Ereignisse vom 21.08 bis zum 26.08.2023 - Radio Rum\u00e4nien International\" \/>\n<meta property=\"og:description\" content=\"&#013; &#013; Die Reform der Steuerverwaltung in Rum\u00e4nien &#013; &#013; &#013; &#013; Die Regierung in Bukarest wird die Verantwortung f\u00fcr die Reform des Staatsapparats, die Ma\u00dfnahmen zum Steuerausgleich und die Bek\u00e4mpfung der Steuerhinterziehung \u00fcbernehmen. Premierminister Marcel Ciolacu forderte ein gerechtes Steuersystem f\u00fcr alle B\u00fcrgerinnen und B\u00fcrger. Haushaltsverschwendung, Steuerhinterziehung und Steuervermeidung behindern die Entwicklung Rum\u00e4niens. Der [&hellip;]\" \/>\n<meta property=\"og:url\" content=\"https:\/\/www.rri.ro\/de\/aktuell\/wochenspiegel\/rueckblick-auf-die-ereignisse-vom-21-08-bis-zum-26-08-2023-id628236.html\" \/>\n<meta property=\"og:site_name\" content=\"Radio Rum\u00e4nien International\" \/>\n<meta property=\"article:published_time\" content=\"2023-08-26T14:00:00+00:00\" \/>\n<meta property=\"og:image\" content=\"https:\/\/www.rri.ro\/wp-content\/uploads\/2023\/10\/eveniment-top-2023-ciolacu-premier.png\" \/>\n\t<meta property=\"og:image:width\" content=\"640\" \/>\n\t<meta property=\"og:image:height\" content=\"480\" \/>\n\t<meta property=\"og:image:type\" content=\"image\/png\" \/>\n<meta name=\"author\" content=\"Rom\u00e2nia Interna\u021bional\" \/>\n<meta name=\"twitter:card\" content=\"summary_large_image\" \/>\n<meta name=\"twitter:label1\" content=\"Verfasst von\" \/>\n\t<meta name=\"twitter:data1\" content=\"Rom\u00e2nia Interna\u021bional\" \/>\n\t<meta name=\"twitter:label2\" content=\"Gesch\u00e4tzte Lesezeit\" \/>\n\t<meta name=\"twitter:data2\" content=\"4\u00a0Minuten\" \/>\n\t<meta name=\"twitter:label3\" content=\"Written by\" \/>\n\t<meta name=\"twitter:data3\" content=\"Rom\u00e2nia Interna\u021bional\" \/>\n<script type=\"application\/ld+json\" class=\"yoast-schema-graph\">{\"@context\":\"https:\\\/\\\/schema.org\",\"@graph\":[{\"@type\":\"Article\",\"@id\":\"https:\\\/\\\/www.rri.ro\\\/de\\\/aktuell\\\/wochenspiegel\\\/rueckblick-auf-die-ereignisse-vom-21-08-bis-zum-26-08-2023-id628236.html#article\",\"isPartOf\":{\"@id\":\"https:\\\/\\\/www.rri.ro\\\/de\\\/aktuell\\\/wochenspiegel\\\/rueckblick-auf-die-ereignisse-vom-21-08-bis-zum-26-08-2023-id628236.html\"},\"author\":{\"name\":\"Rom\u00e2nia Interna\u021bional\",\"@id\":\"https:\\\/\\\/www.rri.ro\\\/#\\\/schema\\\/person\\\/18fac491bccbfe149b92aea77ad60abd\"},\"headline\":\"R\u00fcckblick auf die Ereignisse vom 21.08 bis zum 26.08.2023\",\"datePublished\":\"2023-08-26T14:00:00+00:00\",\"mainEntityOfPage\":{\"@id\":\"https:\\\/\\\/www.rri.ro\\\/de\\\/aktuell\\\/wochenspiegel\\\/rueckblick-auf-die-ereignisse-vom-21-08-bis-zum-26-08-2023-id628236.html\"},\"wordCount\":738,\"image\":{\"@id\":\"https:\\\/\\\/www.rri.ro\\\/de\\\/aktuell\\\/wochenspiegel\\\/rueckblick-auf-die-ereignisse-vom-21-08-bis-zum-26-08-2023-id628236.html#primaryimage\"},\"thumbnailUrl\":\"https:\\\/\\\/www.rri.ro\\\/wp-content\\\/uploads\\\/2023\\\/10\\\/eveniment-top-2023-ciolacu-premier.png\",\"keywords\":[\"Feuerwehr\",\"Fu\u00dfball\",\"\u00d6sterreich\",\"Polizei\",\"Schengen\",\"Steuern\",\"Ukraine\"],\"articleSection\":[\"Wochenspiegel\"],\"inLanguage\":\"de\"},{\"@type\":\"WebPage\",\"@id\":\"https:\\\/\\\/www.rri.ro\\\/de\\\/aktuell\\\/wochenspiegel\\\/rueckblick-auf-die-ereignisse-vom-21-08-bis-zum-26-08-2023-id628236.html\",\"url\":\"https:\\\/\\\/www.rri.ro\\\/de\\\/aktuell\\\/wochenspiegel\\\/rueckblick-auf-die-ereignisse-vom-21-08-bis-zum-26-08-2023-id628236.html\",\"name\":\"R\u00fcckblick auf die Ereignisse vom 21.08 bis zum 26.08.2023 - Radio Rum\u00e4nien International\",\"isPartOf\":{\"@id\":\"https:\\\/\\\/www.rri.ro\\\/#website\"},\"primaryImageOfPage\":{\"@id\":\"https:\\\/\\\/www.rri.ro\\\/de\\\/aktuell\\\/wochenspiegel\\\/rueckblick-auf-die-ereignisse-vom-21-08-bis-zum-26-08-2023-id628236.html#primaryimage\"},\"image\":{\"@id\":\"https:\\\/\\\/www.rri.ro\\\/de\\\/aktuell\\\/wochenspiegel\\\/rueckblick-auf-die-ereignisse-vom-21-08-bis-zum-26-08-2023-id628236.html#primaryimage\"},\"thumbnailUrl\":\"https:\\\/\\\/www.rri.ro\\\/wp-content\\\/uploads\\\/2023\\\/10\\\/eveniment-top-2023-ciolacu-premier.png\",\"datePublished\":\"2023-08-26T14:00:00+00:00\",\"author\":{\"@id\":\"https:\\\/\\\/www.rri.ro\\\/#\\\/schema\\\/person\\\/18fac491bccbfe149b92aea77ad60abd\"},\"breadcrumb\":{\"@id\":\"https:\\\/\\\/www.rri.ro\\\/de\\\/aktuell\\\/wochenspiegel\\\/rueckblick-auf-die-ereignisse-vom-21-08-bis-zum-26-08-2023-id628236.html#breadcrumb\"},\"inLanguage\":\"de\",\"potentialAction\":[{\"@type\":\"ReadAction\",\"target\":[\"https:\\\/\\\/www.rri.ro\\\/de\\\/aktuell\\\/wochenspiegel\\\/rueckblick-auf-die-ereignisse-vom-21-08-bis-zum-26-08-2023-id628236.html\"]}]},{\"@type\":\"ImageObject\",\"inLanguage\":\"de\",\"@id\":\"https:\\\/\\\/www.rri.ro\\\/de\\\/aktuell\\\/wochenspiegel\\\/rueckblick-auf-die-ereignisse-vom-21-08-bis-zum-26-08-2023-id628236.html#primaryimage\",\"url\":\"https:\\\/\\\/www.rri.ro\\\/wp-content\\\/uploads\\\/2023\\\/10\\\/eveniment-top-2023-ciolacu-premier.png\",\"contentUrl\":\"https:\\\/\\\/www.rri.ro\\\/wp-content\\\/uploads\\\/2023\\\/10\\\/eveniment-top-2023-ciolacu-premier.png\",\"width\":640,\"height\":480},{\"@type\":\"BreadcrumbList\",\"@id\":\"https:\\\/\\\/www.rri.ro\\\/de\\\/aktuell\\\/wochenspiegel\\\/rueckblick-auf-die-ereignisse-vom-21-08-bis-zum-26-08-2023-id628236.html#breadcrumb\",\"itemListElement\":[{\"@type\":\"ListItem\",\"position\":1,\"name\":\"Startseite\",\"item\":\"https:\\\/\\\/www.rri.ro\\\/de\"},{\"@type\":\"ListItem\",\"position\":2,\"name\":\"Aktuell\",\"item\":\"https:\\\/\\\/www.rri.ro\\\/de\\\/aktuell\"},{\"@type\":\"ListItem\",\"position\":3,\"name\":\"Wochenspiegel\",\"item\":\"https:\\\/\\\/www.rri.ro\\\/de\\\/aktuell\\\/wochenspiegel\"},{\"@type\":\"ListItem\",\"position\":4,\"name\":\"R\u00fcckblick auf die Ereignisse vom 21.08 bis zum 26.08.2023\"}]},{\"@type\":\"WebSite\",\"@id\":\"https:\\\/\\\/www.rri.ro\\\/#website\",\"url\":\"https:\\\/\\\/www.rri.ro\\\/\",\"name\":\"Radio Rum\u00e4nien International\",\"description\":\"Totul despre Rom\u00e2nia \u015fi rom\u00e2ni, \u00een 13 limbi\\\/dialecte!\",\"inLanguage\":\"de\"},{\"@type\":\"Person\",\"@id\":\"https:\\\/\\\/www.rri.ro\\\/#\\\/schema\\\/person\\\/18fac491bccbfe149b92aea77ad60abd\",\"name\":\"Rom\u00e2nia Interna\u021bional\",\"url\":\"https:\\\/\\\/www.rri.ro\\\/de\\\/author\\\/redactia\"}]}<\/script>\n<!-- \/ Yoast SEO plugin. -->","yoast_head_json":{"title":"R\u00fcckblick auf die Ereignisse vom 21.08 bis zum 26.08.2023 - Radio Rum\u00e4nien International","robots":{"index":"index","follow":"follow","max-snippet":"max-snippet:-1","max-image-preview":"max-image-preview:large","max-video-preview":"max-video-preview:-1"},"canonical":"https:\/\/www.rri.ro\/de\/aktuell\/wochenspiegel\/rueckblick-auf-die-ereignisse-vom-21-08-bis-zum-26-08-2023-id628236.html","og_locale":"de_DE","og_type":"article","og_title":"R\u00fcckblick auf die Ereignisse vom 21.08 bis zum 26.08.2023 - Radio Rum\u00e4nien International","og_description":"&#13; &#13; Die Reform der Steuerverwaltung in Rum\u00e4nien &#13; &#13; &#13; &#13; Die Regierung in Bukarest wird die Verantwortung f\u00fcr die Reform des Staatsapparats, die Ma\u00dfnahmen zum Steuerausgleich und die Bek\u00e4mpfung der Steuerhinterziehung \u00fcbernehmen. Premierminister Marcel Ciolacu forderte ein gerechtes Steuersystem f\u00fcr alle B\u00fcrgerinnen und B\u00fcrger. Haushaltsverschwendung, Steuerhinterziehung und Steuervermeidung behindern die Entwicklung Rum\u00e4niens. Der [&hellip;]","og_url":"https:\/\/www.rri.ro\/de\/aktuell\/wochenspiegel\/rueckblick-auf-die-ereignisse-vom-21-08-bis-zum-26-08-2023-id628236.html","og_site_name":"Radio Rum\u00e4nien International","article_published_time":"2023-08-26T14:00:00+00:00","og_image":[{"width":640,"height":480,"url":"https:\/\/www.rri.ro\/wp-content\/uploads\/2023\/10\/eveniment-top-2023-ciolacu-premier.png","type":"image\/png"}],"author":"Rom\u00e2nia Interna\u021bional","twitter_card":"summary_large_image","twitter_misc":{"Verfasst von":"Rom\u00e2nia Interna\u021bional","Gesch\u00e4tzte Lesezeit":"4\u00a0Minuten","Written by":"Rom\u00e2nia Interna\u021bional"},"schema":{"@context":"https:\/\/schema.org","@graph":[{"@type":"Article","@id":"https:\/\/www.rri.ro\/de\/aktuell\/wochenspiegel\/rueckblick-auf-die-ereignisse-vom-21-08-bis-zum-26-08-2023-id628236.html#article","isPartOf":{"@id":"https:\/\/www.rri.ro\/de\/aktuell\/wochenspiegel\/rueckblick-auf-die-ereignisse-vom-21-08-bis-zum-26-08-2023-id628236.html"},"author":{"name":"Rom\u00e2nia Interna\u021bional","@id":"https:\/\/www.rri.ro\/#\/schema\/person\/18fac491bccbfe149b92aea77ad60abd"},"headline":"R\u00fcckblick auf die Ereignisse vom 21.08 bis zum 26.08.2023","datePublished":"2023-08-26T14:00:00+00:00","mainEntityOfPage":{"@id":"https:\/\/www.rri.ro\/de\/aktuell\/wochenspiegel\/rueckblick-auf-die-ereignisse-vom-21-08-bis-zum-26-08-2023-id628236.html"},"wordCount":738,"image":{"@id":"https:\/\/www.rri.ro\/de\/aktuell\/wochenspiegel\/rueckblick-auf-die-ereignisse-vom-21-08-bis-zum-26-08-2023-id628236.html#primaryimage"},"thumbnailUrl":"https:\/\/www.rri.ro\/wp-content\/uploads\/2023\/10\/eveniment-top-2023-ciolacu-premier.png","keywords":["Feuerwehr","Fu\u00dfball","\u00d6sterreich","Polizei","Schengen","Steuern","Ukraine"],"articleSection":["Wochenspiegel"],"inLanguage":"de"},{"@type":"WebPage","@id":"https:\/\/www.rri.ro\/de\/aktuell\/wochenspiegel\/rueckblick-auf-die-ereignisse-vom-21-08-bis-zum-26-08-2023-id628236.html","url":"https:\/\/www.rri.ro\/de\/aktuell\/wochenspiegel\/rueckblick-auf-die-ereignisse-vom-21-08-bis-zum-26-08-2023-id628236.html","name":"R\u00fcckblick auf die Ereignisse vom 21.08 bis zum 26.08.2023 - Radio Rum\u00e4nien International","isPartOf":{"@id":"https:\/\/www.rri.ro\/#website"},"primaryImageOfPage":{"@id":"https:\/\/www.rri.ro\/de\/aktuell\/wochenspiegel\/rueckblick-auf-die-ereignisse-vom-21-08-bis-zum-26-08-2023-id628236.html#primaryimage"},"image":{"@id":"https:\/\/www.rri.ro\/de\/aktuell\/wochenspiegel\/rueckblick-auf-die-ereignisse-vom-21-08-bis-zum-26-08-2023-id628236.html#primaryimage"},"thumbnailUrl":"https:\/\/www.rri.ro\/wp-content\/uploads\/2023\/10\/eveniment-top-2023-ciolacu-premier.png","datePublished":"2023-08-26T14:00:00+00:00","author":{"@id":"https:\/\/www.rri.ro\/#\/schema\/person\/18fac491bccbfe149b92aea77ad60abd"},"breadcrumb":{"@id":"https:\/\/www.rri.ro\/de\/aktuell\/wochenspiegel\/rueckblick-auf-die-ereignisse-vom-21-08-bis-zum-26-08-2023-id628236.html#breadcrumb"},"inLanguage":"de","potentialAction":[{"@type":"ReadAction","target":["https:\/\/www.rri.ro\/de\/aktuell\/wochenspiegel\/rueckblick-auf-die-ereignisse-vom-21-08-bis-zum-26-08-2023-id628236.html"]}]},{"@type":"ImageObject","inLanguage":"de","@id":"https:\/\/www.rri.ro\/de\/aktuell\/wochenspiegel\/rueckblick-auf-die-ereignisse-vom-21-08-bis-zum-26-08-2023-id628236.html#primaryimage","url":"https:\/\/www.rri.ro\/wp-content\/uploads\/2023\/10\/eveniment-top-2023-ciolacu-premier.png","contentUrl":"https:\/\/www.rri.ro\/wp-content\/uploads\/2023\/10\/eveniment-top-2023-ciolacu-premier.png","width":640,"height":480},{"@type":"BreadcrumbList","@id":"https:\/\/www.rri.ro\/de\/aktuell\/wochenspiegel\/rueckblick-auf-die-ereignisse-vom-21-08-bis-zum-26-08-2023-id628236.html#breadcrumb","itemListElement":[{"@type":"ListItem","position":1,"name":"Startseite","item":"https:\/\/www.rri.ro\/de"},{"@type":"ListItem","position":2,"name":"Aktuell","item":"https:\/\/www.rri.ro\/de\/aktuell"},{"@type":"ListItem","position":3,"name":"Wochenspiegel","item":"https:\/\/www.rri.ro\/de\/aktuell\/wochenspiegel"},{"@type":"ListItem","position":4,"name":"R\u00fcckblick auf die Ereignisse vom 21.08 bis zum 26.08.2023"}]},{"@type":"WebSite","@id":"https:\/\/www.rri.ro\/#website","url":"https:\/\/www.rri.ro\/","name":"Radio Rum\u00e4nien International","description":"Totul despre Rom\u00e2nia \u015fi rom\u00e2ni, \u00een 13 limbi\/dialecte!","inLanguage":"de"},{"@type":"Person","@id":"https:\/\/www.rri.ro\/#\/schema\/person\/18fac491bccbfe149b92aea77ad60abd","name":"Rom\u00e2nia Interna\u021bional","url":"https:\/\/www.rri.ro\/de\/author\/redactia"}]}},"_links":{"self":[{"href":"https:\/\/www.rri.ro\/de\/wp-json\/wp\/v2\/posts\/628236","targetHints":{"allow":["GET"]}}],"collection":[{"href":"https:\/\/www.rri.ro\/de\/wp-json\/wp\/v2\/posts"}],"about":[{"href":"https:\/\/www.rri.ro\/de\/wp-json\/wp\/v2\/types\/post"}],"author":[{"embeddable":true,"href":"https:\/\/www.rri.ro\/de\/wp-json\/wp\/v2\/users\/2"}],"replies":[{"embeddable":true,"href":"https:\/\/www.rri.ro\/de\/wp-json\/wp\/v2\/comments?post=628236"}],"version-history":[{"count":0,"href":"https:\/\/www.rri.ro\/de\/wp-json\/wp\/v2\/posts\/628236\/revisions"}],"wp:featuredmedia":[{"embeddable":true,"href":"https:\/\/www.rri.ro\/de\/wp-json\/wp\/v2\/media\/125002"}],"wp:attachment":[{"href":"https:\/\/www.rri.ro\/de\/wp-json\/wp\/v2\/media?parent=628236"}],"wp:term":[{"taxonomy":"category","embeddable":true,"href":"https:\/\/www.rri.ro\/de\/wp-json\/wp\/v2\/categories?post=628236"},{"taxonomy":"post_tag","embeddable":true,"href":"https:\/\/www.rri.ro\/de\/wp-json\/wp\/v2\/tags?post=628236"},{"taxonomy":"author","embeddable":true,"href":"https:\/\/www.rri.ro\/de\/wp-json\/wp\/v2\/coauthors?post=628236"}],"curies":[{"name":"wp","href":"https:\/\/api.w.org\/{rel}","templated":true}]}}