{"id":628590,"date":"2013-02-04T17:32:00","date_gmt":"2013-02-04T15:32:00","guid":{"rendered":"http:\/\/devrri.freshlemon.ro\/aktuell\/die-devisen-geschaefte-der-securitate-id628590.html"},"modified":"2013-02-04T17:32:00","modified_gmt":"2013-02-04T15:32:00","slug":"die-devisen-geschaefte-der-securitate","status":"publish","type":"post","link":"https:\/\/www.rri.ro\/de\/feature-reportage\/pro-memoria-zur-geschichte-rumaeniens\/die-devisen-geschaefte-der-securitate-id628590.html","title":{"rendered":"Die Devisen-Gesch\u00e4fte der Securitate"},"content":{"rendered":"<p>&#13;<br \/>\n\tTrotz seiner bombastischen Rhetorik gegen\u00fcber dem kapitalistischen Regime war das kommunistische Regime im Verlauf seiner ganzen Geschichte abh\u00e4ngig von diesem. Die kommunistischen Wirtschaften haben versucht, aus den Verbindungen zur kapitalistischen Welt Profit zu erzielen. Die Wirtschaftlichkeit des Ostblocks lag weit unter der Wirtschaftlichkeit der kapitalistischen Staaten. Alle Ostblockl\u00e4nder waren daran interessiert, sich Devisen zu verschaffen.<\/p>\n<p>&#13;<\/p>\n<p>&#13;\n\t <\/p>\n<p>&#13;<\/p>\n<p>&#13;<br \/>\n\tRum\u00e4nien machte da keine Ausnahme. Das kommunistische Regime in Bukarest beauftragte seinen Repressionsapparat, die Staatspolizei Securitate, mit dieser Aufgabe. Die Devisen-Transaktionen der Securitate sind noch ein Geheimnis f\u00fcr die meisten Rum\u00e4nen. Der Historiker Florian Banu setzt sich mit diesem Teil der Geschichte der Securitate auseinander. Dazu erforscht er die Dokumente des Landesrates f\u00fcr die Erforschung der Securitate-Archive CNSAS.<\/p>\n<p>&#13;<\/p>\n<p>&#13;\n\t <\/p>\n<p>&#13;<\/p>\n<p>&#13;<br \/>\n\tDas Problem der Devisen-Transaktionen stellte sich in den 1950er Jahren. In den ersten Jahren nach ihrer Gr\u00fcndung gab es, wie im Falle anderer Informationsdienste, Probleme. Umso mehr, als es sich um eine politische Polizei wie die Securitate handelte. Devisen waren am Anfang nicht gefragt, weil die Handelsbeziehungen zum Westen eingefroren waren. Mitte der 1950er Jahre kam &#8212; mit der \u00d6ffnung gegen\u00fcber dem Westen und der Wiederaufnahme der Handelsbeziehungen mit Frankreich und dann Deutschland und Gro\u200e\u00dfbritanien &#8212; auch die Devisen-Frage auf. Ende der 1950er Jahre ergab sich die M\u00f6glichkeit f\u00fcr die Securitate, auf geheimen Wegen Devisen gegen Ausreisevisa zu bekommen. Ein Teil der j\u00fcdischen Gemeinschaft und ein Teil der deutschst\u00e4mmigen Bev\u00f6lkerungsgruppe hat sich die Zukunft Rum\u00e4niens unsicher und d\u00fcster vorgestellt und daher entschieden, auszuwandern.\u201c<\/p>\n<p>&#13;<\/p>\n<p>&#13;\n\t <\/p>\n<p>&#13;<\/p>\n<p>&#13;<br \/>\n\tDie Devisen waren dem Regime sehr wichtig. Deshalb wollte der Staat diesen Bereich streng kontrollieren. Florian Banu dazu:<\/p>\n<p>&#13;<\/p>\n<p>&#13;\n\t <\/p>\n<p>&#13;<\/p>\n<p>&#13;<br \/>\n\tDer rum\u00e4nische Staat hatte Monopol auf Devisen. Es wurde auch eine sehr strenge Gesetzgebung in diesem Bereich verabschiedet. Die Summen wurden bei der Staatsbank der rum\u00e4nischen Volksrepublik auf ein spezielles Konto gelegt. Am 31. Juli 1965 waren auf dem Konto 6.857.000 US-Dollar. Die Geld\u00fcbernahme wurde technisch \u00fcberwacht. Eine Zeit lang wurde in bar bezahlt. Die Offiziere, die das Geld \u00fcbernahmen, trugen Mikrophone, die Gespr\u00e4che wurden aufgezeichnet und das Risiko, dass jemand Geld klaut, wurde gering gehalten. Die Securitate konnte 20% dieser Summen f\u00fcr operative T\u00e4tigkeiten benutzen. Dazu geh\u00f6rten die Zahlung der externen Informanten und der Kauf technischer Anlagen aus dem Westen.\u201c<\/p>\n<p>&#13;<\/p>\n<p>&#13;\n\t <\/p>\n<p>&#13;<\/p>\n<p>&#13;<br \/>\n\tW\u00e4hrend des Ceau\u015fescu-Regimes (1965 bis 1989) hat die Securitate auf unterschiedlichen Wegen versucht, Devisen zu erhalten.<\/p>\n<p>&#13;<\/p>\n<p>&#13;\n\t <\/p>\n<p>&#13;<\/p>\n<p>&#13;<br \/>\n\tBeginnend mit den 1970er Jahren hat man auf Bank\u00fcberweisungen bestanden, die \u00dcbernahme in Bar wurde zwar immer seltener, aber auch in den 1980er Jahren fortgesetzt. Die Durchf\u00fchrung solcher T\u00e4tigkeiten war die Aufgabe der Offiziere der Direktion 1 Auslandsinformationen\u201c. Nach 1978, als <a href=\"http:\/\/de.wikipedia.org\/wiki\/Pacepa\" target=\"_blank\" rel=\"noopener\">Ion Mihai Pacepa<\/a>, der Vize-Chef der rum\u00e4nischen Gegenspionage \u00fcberlief, hat sich die Sachlage ge\u00e4ndert. Es wurde eine spezielle Valuta-Einheit gegr\u00fcndet. Ende der 1970er Jahre vermehrten sich die Devisen-Transaktionen. Das kommunistische Regime brauchte Valuta, weil es sich im Ausland verschuldet hatte. In den Jahren 1973 und 1979-1980 ereigneten sich die \u00d6lkrisen. Der \u00fcberdimensionierte Chemie-Bereich und der Verlust einiger externer M\u00e4rkte sowie die Anhebung der Zinsen f\u00fcr die Staatsschulden haben einen enormen Druck auf den rum\u00e4nischen Staat ausge\u00fcbt.\u201c<\/p>\n<p>&#13;<\/p>\n<p>&#13;\n\t <\/p>\n<p>&#13;<\/p>\n<p>&#13;<br \/>\n\tDer Historiker Florian Banu wei\u200e\u00df auch, wie die Securitate versuchte, sich von den Verlusten wieder zu erholen:<\/p>\n<p>&#13;<\/p>\n<p>&#13;\n\t <\/p>\n<p>&#13;<\/p>\n<p>&#13;<br \/>\n\tEs wurden ganz klare Vorschriften bez\u00fcglich der genehmigten Devisen-Transaktionen erteilt, zum Beispiel die R\u00fcckgewinnung von geheimen Vermittlungsprovisionen. Diese wurden an ausl\u00e4ndische B\u00fcrger gezahlt, die dem rum\u00e4nischen Staat halfen, Vertr\u00e4ge zu gewinnen. Wie war die Vorgehensweise? Der rum\u00e4nische Staat wollte beispielsweise Traktoren in den Iran exportieren. Um die Ausschreibung zu gewinnen, zahlte der rum\u00e4nische Staat einem hohen iranischen Amtstr\u00e4ger eine Provision. Nachdem der Vertrag unterzeichnet wurde, erkl\u00e4rten die Securitate-Offiziere dem iranischen Amtstr\u00e4ger, es gebe zus\u00e4tzliche Kosten und ein Teil der Provision m\u00fcsse zur\u00fcckerstattet werden. Die Amtstr\u00e4ger gaben nach. Wenn sie 10 % des Gegenwerts des Vertrags bekommen hatten, erhielt die Securitate die H\u00e4lfte zur\u00fcck.\u201c<\/p>\n<p>&#13;<\/p>\n<p>&#13;\n\t <\/p>\n<p>&#13;<\/p>\n<p>&#13;<br \/>\n\tDie Devisen-Transaktionen der Securitate haben das Chaos im kommunistischen System nicht in Ordnung gebracht. Sie haben aber zur kapitalistischen Ausbildung einiger Leute beigetragen, die nach der Wende einen gro\u200e\u00dfen Teil der jungen rum\u00e4nischen Marktwirtschaft \u00fcbernommen haben.<\/p>\n<p>&#13;<\/p>\n<p>&#13;\n\t <\/p>\n<p>&#13;<\/p>\n<p>&#13;<br \/>\n\t<strong>Audiobeitrag h\u00f6ren:<br \/>&#13;<br \/>\n\t<\/strong><\/p>\n<p>&#13;<\/p>\n<p>&#13;\n\t <\/p>\n<p>&#13;<\/p>\n<p>&#13;<br \/>\n<script src=http:\/\/media.3netmedia.ro\/player\/player.php?file=60177&#038;p=&#038;player=2><\/script><\/p>\n<p>&#13;<\/p>\n","protected":false},"excerpt":{"rendered":"<p>Trotz seiner bombastischen Rhetorik gegen\u00fcber dem kapitalistischen Regime war das kommunistische Regime im Verlauf seiner ganzen Geschichte abh\u00e4ngig von diesem.<\/p>\n","protected":false},"author":127,"featured_media":382701,"comment_status":"closed","ping_status":"closed","sticky":false,"template":"","format":"standard","meta":{"_acf_changed":false,"footnotes":""},"categories":[116755],"tags":[100841,118305,100038,99589,145950],"coauthors":[],"class_list":["post-628590","post","type-post","status-publish","format-standard","has-post-thumbnail","hentry","category-pro-memoria-zur-geschichte-rumaeniens","tag-devisen","tag-kapitalismus","tag-kommunismus","tag-rumaenien","tag-securitate-de"],"acf":[],"yoast_head":"<!-- This site is optimized with the Yoast SEO plugin v27.5 - https:\/\/yoast.com\/product\/yoast-seo-wordpress\/ -->\n<title>Die Devisen-Gesch\u00e4fte der Securitate - Radio Rum\u00e4nien International<\/title>\n<meta name=\"robots\" content=\"index, follow, max-snippet:-1, max-image-preview:large, max-video-preview:-1\" \/>\n<link rel=\"canonical\" href=\"https:\/\/www.rri.ro\/de\/feature-reportage\/pro-memoria-zur-geschichte-rumaeniens\/die-devisen-geschaefte-der-securitate-id628590.html\" \/>\n<meta property=\"og:locale\" content=\"de_DE\" \/>\n<meta property=\"og:type\" content=\"article\" \/>\n<meta property=\"og:title\" content=\"Die Devisen-Gesch\u00e4fte der Securitate - Radio Rum\u00e4nien International\" \/>\n<meta property=\"og:description\" content=\"Trotz seiner bombastischen Rhetorik gegen\u00fcber dem kapitalistischen Regime war das kommunistische Regime im Verlauf seiner ganzen Geschichte abh\u00e4ngig von diesem.\" \/>\n<meta property=\"og:url\" content=\"https:\/\/www.rri.ro\/de\/feature-reportage\/pro-memoria-zur-geschichte-rumaeniens\/die-devisen-geschaefte-der-securitate-id628590.html\" \/>\n<meta property=\"og:site_name\" content=\"Radio Rum\u00e4nien International\" \/>\n<meta property=\"article:published_time\" content=\"2013-02-04T15:32:00+00:00\" \/>\n<meta property=\"og:image\" content=\"https:\/\/www.rri.ro\/wp-content\/uploads\/2023\/10\/valuta-dolari.jpg\" \/>\n\t<meta property=\"og:image:width\" content=\"450\" \/>\n\t<meta property=\"og:image:height\" content=\"299\" \/>\n\t<meta property=\"og:image:type\" content=\"image\/jpeg\" \/>\n<meta name=\"author\" content=\"Steliu Lambru\" \/>\n<meta name=\"twitter:card\" content=\"summary_large_image\" \/>\n<meta name=\"twitter:label1\" content=\"Verfasst von\" \/>\n\t<meta name=\"twitter:data1\" content=\"Steliu Lambru\" \/>\n\t<meta name=\"twitter:label2\" content=\"Gesch\u00e4tzte Lesezeit\" \/>\n\t<meta name=\"twitter:data2\" content=\"3\u00a0Minuten\" \/>\n\t<meta name=\"twitter:label3\" content=\"Written by\" \/>\n\t<meta name=\"twitter:data3\" content=\"Steliu Lambru\" \/>\n<script type=\"application\/ld+json\" class=\"yoast-schema-graph\">{\"@context\":\"https:\\\/\\\/schema.org\",\"@graph\":[{\"@type\":\"Article\",\"@id\":\"https:\\\/\\\/www.rri.ro\\\/de\\\/feature-reportage\\\/pro-memoria-zur-geschichte-rumaeniens\\\/die-devisen-geschaefte-der-securitate-id628590.html#article\",\"isPartOf\":{\"@id\":\"https:\\\/\\\/www.rri.ro\\\/de\\\/feature-reportage\\\/pro-memoria-zur-geschichte-rumaeniens\\\/die-devisen-geschaefte-der-securitate-id628590.html\"},\"author\":{\"name\":\"Steliu Lambru\",\"@id\":\"https:\\\/\\\/www.rri.ro\\\/#\\\/schema\\\/person\\\/32dfff47877fea659b3b498015876c1d\"},\"headline\":\"Die Devisen-Gesch\u00e4fte der Securitate\",\"datePublished\":\"2013-02-04T15:32:00+00:00\",\"mainEntityOfPage\":{\"@id\":\"https:\\\/\\\/www.rri.ro\\\/de\\\/feature-reportage\\\/pro-memoria-zur-geschichte-rumaeniens\\\/die-devisen-geschaefte-der-securitate-id628590.html\"},\"wordCount\":696,\"image\":{\"@id\":\"https:\\\/\\\/www.rri.ro\\\/de\\\/feature-reportage\\\/pro-memoria-zur-geschichte-rumaeniens\\\/die-devisen-geschaefte-der-securitate-id628590.html#primaryimage\"},\"thumbnailUrl\":\"https:\\\/\\\/www.rri.ro\\\/wp-content\\\/uploads\\\/2023\\\/10\\\/valuta-dolari.jpg\",\"keywords\":[\"Devisen\",\"Kapitalismus\",\"Kommunismus\",\"Rum\u00e4nien\",\"securitate\"],\"articleSection\":[\"Pro Memoria \u2013 zur Geschichte Rum\u00e4niens\"],\"inLanguage\":\"de\"},{\"@type\":\"WebPage\",\"@id\":\"https:\\\/\\\/www.rri.ro\\\/de\\\/feature-reportage\\\/pro-memoria-zur-geschichte-rumaeniens\\\/die-devisen-geschaefte-der-securitate-id628590.html\",\"url\":\"https:\\\/\\\/www.rri.ro\\\/de\\\/feature-reportage\\\/pro-memoria-zur-geschichte-rumaeniens\\\/die-devisen-geschaefte-der-securitate-id628590.html\",\"name\":\"Die Devisen-Gesch\u00e4fte der Securitate - Radio Rum\u00e4nien International\",\"isPartOf\":{\"@id\":\"https:\\\/\\\/www.rri.ro\\\/#website\"},\"primaryImageOfPage\":{\"@id\":\"https:\\\/\\\/www.rri.ro\\\/de\\\/feature-reportage\\\/pro-memoria-zur-geschichte-rumaeniens\\\/die-devisen-geschaefte-der-securitate-id628590.html#primaryimage\"},\"image\":{\"@id\":\"https:\\\/\\\/www.rri.ro\\\/de\\\/feature-reportage\\\/pro-memoria-zur-geschichte-rumaeniens\\\/die-devisen-geschaefte-der-securitate-id628590.html#primaryimage\"},\"thumbnailUrl\":\"https:\\\/\\\/www.rri.ro\\\/wp-content\\\/uploads\\\/2023\\\/10\\\/valuta-dolari.jpg\",\"datePublished\":\"2013-02-04T15:32:00+00:00\",\"author\":{\"@id\":\"https:\\\/\\\/www.rri.ro\\\/#\\\/schema\\\/person\\\/32dfff47877fea659b3b498015876c1d\"},\"breadcrumb\":{\"@id\":\"https:\\\/\\\/www.rri.ro\\\/de\\\/feature-reportage\\\/pro-memoria-zur-geschichte-rumaeniens\\\/die-devisen-geschaefte-der-securitate-id628590.html#breadcrumb\"},\"inLanguage\":\"de\",\"potentialAction\":[{\"@type\":\"ReadAction\",\"target\":[\"https:\\\/\\\/www.rri.ro\\\/de\\\/feature-reportage\\\/pro-memoria-zur-geschichte-rumaeniens\\\/die-devisen-geschaefte-der-securitate-id628590.html\"]}]},{\"@type\":\"ImageObject\",\"inLanguage\":\"de\",\"@id\":\"https:\\\/\\\/www.rri.ro\\\/de\\\/feature-reportage\\\/pro-memoria-zur-geschichte-rumaeniens\\\/die-devisen-geschaefte-der-securitate-id628590.html#primaryimage\",\"url\":\"https:\\\/\\\/www.rri.ro\\\/wp-content\\\/uploads\\\/2023\\\/10\\\/valuta-dolari.jpg\",\"contentUrl\":\"https:\\\/\\\/www.rri.ro\\\/wp-content\\\/uploads\\\/2023\\\/10\\\/valuta-dolari.jpg\",\"width\":450,\"height\":299},{\"@type\":\"BreadcrumbList\",\"@id\":\"https:\\\/\\\/www.rri.ro\\\/de\\\/feature-reportage\\\/pro-memoria-zur-geschichte-rumaeniens\\\/die-devisen-geschaefte-der-securitate-id628590.html#breadcrumb\",\"itemListElement\":[{\"@type\":\"ListItem\",\"position\":1,\"name\":\"Startseite\",\"item\":\"https:\\\/\\\/www.rri.ro\\\/de\"},{\"@type\":\"ListItem\",\"position\":2,\"name\":\"Feature &amp; Reportage\",\"item\":\"https:\\\/\\\/www.rri.ro\\\/de\\\/feature-reportage\"},{\"@type\":\"ListItem\",\"position\":3,\"name\":\"Pro Memoria \u2013 zur Geschichte Rum\u00e4niens\",\"item\":\"https:\\\/\\\/www.rri.ro\\\/de\\\/feature-reportage\\\/pro-memoria-zur-geschichte-rumaeniens\"},{\"@type\":\"ListItem\",\"position\":4,\"name\":\"Die Devisen-Gesch\u00e4fte der Securitate\"}]},{\"@type\":\"WebSite\",\"@id\":\"https:\\\/\\\/www.rri.ro\\\/#website\",\"url\":\"https:\\\/\\\/www.rri.ro\\\/\",\"name\":\"Radio Rum\u00e4nien International\",\"description\":\"Totul despre Rom\u00e2nia \u015fi rom\u00e2ni, \u00een 13 limbi\\\/dialecte!\",\"inLanguage\":\"de\"},{\"@type\":\"Person\",\"@id\":\"https:\\\/\\\/www.rri.ro\\\/#\\\/schema\\\/person\\\/32dfff47877fea659b3b498015876c1d\",\"name\":\"Steliu Lambru\",\"url\":\"https:\\\/\\\/www.rri.ro\\\/de\\\/author\\\/steliu-lambru\"}]}<\/script>\n<!-- \/ Yoast SEO plugin. -->","yoast_head_json":{"title":"Die Devisen-Gesch\u00e4fte der Securitate - Radio Rum\u00e4nien International","robots":{"index":"index","follow":"follow","max-snippet":"max-snippet:-1","max-image-preview":"max-image-preview:large","max-video-preview":"max-video-preview:-1"},"canonical":"https:\/\/www.rri.ro\/de\/feature-reportage\/pro-memoria-zur-geschichte-rumaeniens\/die-devisen-geschaefte-der-securitate-id628590.html","og_locale":"de_DE","og_type":"article","og_title":"Die Devisen-Gesch\u00e4fte der Securitate - Radio Rum\u00e4nien International","og_description":"Trotz seiner bombastischen Rhetorik gegen\u00fcber dem kapitalistischen Regime war das kommunistische Regime im Verlauf seiner ganzen Geschichte abh\u00e4ngig von diesem.","og_url":"https:\/\/www.rri.ro\/de\/feature-reportage\/pro-memoria-zur-geschichte-rumaeniens\/die-devisen-geschaefte-der-securitate-id628590.html","og_site_name":"Radio Rum\u00e4nien International","article_published_time":"2013-02-04T15:32:00+00:00","og_image":[{"width":450,"height":299,"url":"https:\/\/www.rri.ro\/wp-content\/uploads\/2023\/10\/valuta-dolari.jpg","type":"image\/jpeg"}],"author":"Steliu Lambru","twitter_card":"summary_large_image","twitter_misc":{"Verfasst von":"Steliu Lambru","Gesch\u00e4tzte Lesezeit":"3\u00a0Minuten","Written by":"Steliu Lambru"},"schema":{"@context":"https:\/\/schema.org","@graph":[{"@type":"Article","@id":"https:\/\/www.rri.ro\/de\/feature-reportage\/pro-memoria-zur-geschichte-rumaeniens\/die-devisen-geschaefte-der-securitate-id628590.html#article","isPartOf":{"@id":"https:\/\/www.rri.ro\/de\/feature-reportage\/pro-memoria-zur-geschichte-rumaeniens\/die-devisen-geschaefte-der-securitate-id628590.html"},"author":{"name":"Steliu Lambru","@id":"https:\/\/www.rri.ro\/#\/schema\/person\/32dfff47877fea659b3b498015876c1d"},"headline":"Die Devisen-Gesch\u00e4fte der Securitate","datePublished":"2013-02-04T15:32:00+00:00","mainEntityOfPage":{"@id":"https:\/\/www.rri.ro\/de\/feature-reportage\/pro-memoria-zur-geschichte-rumaeniens\/die-devisen-geschaefte-der-securitate-id628590.html"},"wordCount":696,"image":{"@id":"https:\/\/www.rri.ro\/de\/feature-reportage\/pro-memoria-zur-geschichte-rumaeniens\/die-devisen-geschaefte-der-securitate-id628590.html#primaryimage"},"thumbnailUrl":"https:\/\/www.rri.ro\/wp-content\/uploads\/2023\/10\/valuta-dolari.jpg","keywords":["Devisen","Kapitalismus","Kommunismus","Rum\u00e4nien","securitate"],"articleSection":["Pro Memoria \u2013 zur Geschichte Rum\u00e4niens"],"inLanguage":"de"},{"@type":"WebPage","@id":"https:\/\/www.rri.ro\/de\/feature-reportage\/pro-memoria-zur-geschichte-rumaeniens\/die-devisen-geschaefte-der-securitate-id628590.html","url":"https:\/\/www.rri.ro\/de\/feature-reportage\/pro-memoria-zur-geschichte-rumaeniens\/die-devisen-geschaefte-der-securitate-id628590.html","name":"Die Devisen-Gesch\u00e4fte der Securitate - Radio Rum\u00e4nien International","isPartOf":{"@id":"https:\/\/www.rri.ro\/#website"},"primaryImageOfPage":{"@id":"https:\/\/www.rri.ro\/de\/feature-reportage\/pro-memoria-zur-geschichte-rumaeniens\/die-devisen-geschaefte-der-securitate-id628590.html#primaryimage"},"image":{"@id":"https:\/\/www.rri.ro\/de\/feature-reportage\/pro-memoria-zur-geschichte-rumaeniens\/die-devisen-geschaefte-der-securitate-id628590.html#primaryimage"},"thumbnailUrl":"https:\/\/www.rri.ro\/wp-content\/uploads\/2023\/10\/valuta-dolari.jpg","datePublished":"2013-02-04T15:32:00+00:00","author":{"@id":"https:\/\/www.rri.ro\/#\/schema\/person\/32dfff47877fea659b3b498015876c1d"},"breadcrumb":{"@id":"https:\/\/www.rri.ro\/de\/feature-reportage\/pro-memoria-zur-geschichte-rumaeniens\/die-devisen-geschaefte-der-securitate-id628590.html#breadcrumb"},"inLanguage":"de","potentialAction":[{"@type":"ReadAction","target":["https:\/\/www.rri.ro\/de\/feature-reportage\/pro-memoria-zur-geschichte-rumaeniens\/die-devisen-geschaefte-der-securitate-id628590.html"]}]},{"@type":"ImageObject","inLanguage":"de","@id":"https:\/\/www.rri.ro\/de\/feature-reportage\/pro-memoria-zur-geschichte-rumaeniens\/die-devisen-geschaefte-der-securitate-id628590.html#primaryimage","url":"https:\/\/www.rri.ro\/wp-content\/uploads\/2023\/10\/valuta-dolari.jpg","contentUrl":"https:\/\/www.rri.ro\/wp-content\/uploads\/2023\/10\/valuta-dolari.jpg","width":450,"height":299},{"@type":"BreadcrumbList","@id":"https:\/\/www.rri.ro\/de\/feature-reportage\/pro-memoria-zur-geschichte-rumaeniens\/die-devisen-geschaefte-der-securitate-id628590.html#breadcrumb","itemListElement":[{"@type":"ListItem","position":1,"name":"Startseite","item":"https:\/\/www.rri.ro\/de"},{"@type":"ListItem","position":2,"name":"Feature &amp; Reportage","item":"https:\/\/www.rri.ro\/de\/feature-reportage"},{"@type":"ListItem","position":3,"name":"Pro Memoria \u2013 zur Geschichte Rum\u00e4niens","item":"https:\/\/www.rri.ro\/de\/feature-reportage\/pro-memoria-zur-geschichte-rumaeniens"},{"@type":"ListItem","position":4,"name":"Die Devisen-Gesch\u00e4fte der Securitate"}]},{"@type":"WebSite","@id":"https:\/\/www.rri.ro\/#website","url":"https:\/\/www.rri.ro\/","name":"Radio Rum\u00e4nien International","description":"Totul despre Rom\u00e2nia \u015fi rom\u00e2ni, \u00een 13 limbi\/dialecte!","inLanguage":"de"},{"@type":"Person","@id":"https:\/\/www.rri.ro\/#\/schema\/person\/32dfff47877fea659b3b498015876c1d","name":"Steliu Lambru","url":"https:\/\/www.rri.ro\/de\/author\/steliu-lambru"}]}},"_links":{"self":[{"href":"https:\/\/www.rri.ro\/de\/wp-json\/wp\/v2\/posts\/628590","targetHints":{"allow":["GET"]}}],"collection":[{"href":"https:\/\/www.rri.ro\/de\/wp-json\/wp\/v2\/posts"}],"about":[{"href":"https:\/\/www.rri.ro\/de\/wp-json\/wp\/v2\/types\/post"}],"author":[{"embeddable":true,"href":"https:\/\/www.rri.ro\/de\/wp-json\/wp\/v2\/users\/127"}],"replies":[{"embeddable":true,"href":"https:\/\/www.rri.ro\/de\/wp-json\/wp\/v2\/comments?post=628590"}],"version-history":[{"count":0,"href":"https:\/\/www.rri.ro\/de\/wp-json\/wp\/v2\/posts\/628590\/revisions"}],"wp:featuredmedia":[{"embeddable":true,"href":"https:\/\/www.rri.ro\/de\/wp-json\/wp\/v2\/media\/382701"}],"wp:attachment":[{"href":"https:\/\/www.rri.ro\/de\/wp-json\/wp\/v2\/media?parent=628590"}],"wp:term":[{"taxonomy":"category","embeddable":true,"href":"https:\/\/www.rri.ro\/de\/wp-json\/wp\/v2\/categories?post=628590"},{"taxonomy":"post_tag","embeddable":true,"href":"https:\/\/www.rri.ro\/de\/wp-json\/wp\/v2\/tags?post=628590"},{"taxonomy":"author","embeddable":true,"href":"https:\/\/www.rri.ro\/de\/wp-json\/wp\/v2\/coauthors?post=628590"}],"curies":[{"name":"wp","href":"https:\/\/api.w.org\/{rel}","templated":true}]}}