{"id":628701,"date":"2015-01-19T12:59:00","date_gmt":"2015-01-19T10:59:00","guid":{"rendered":"http:\/\/devrri.freshlemon.ro\/aktuell\/widerstandsbewegungen-im-rumaenischen-kommunismus-id628701.html"},"modified":"2015-01-19T12:59:00","modified_gmt":"2015-01-19T10:59:00","slug":"widerstandsbewegungen-im-rumaenischen-kommunismus","status":"publish","type":"post","link":"https:\/\/www.rri.ro\/de\/feature-reportage\/pro-memoria-zur-geschichte-rumaeniens\/widerstandsbewegungen-im-rumaenischen-kommunismus-id628701.html","title":{"rendered":"Widerstandsbewegungen im rum\u00e4nischen Kommunismus"},"content":{"rendered":"<p>Eine dieser Bewegungen war das Unabh\u00e4ngige Rum\u00e4nien\u201c, die von der Jugendorganisation der Bauernpartei ins Leben gerufen wurde. Im Sommer 1947 war die gesamte F\u00fchrung dieser Partei von den kommunistischen Beh\u00f6rden verhaftet worden. Man hatte den Spitzenpolitikern der Bauernpartei eine Falle gestellt, indem man diesen ein Flugzeug zur Verf\u00fcgung stellte, um das Land zu verlassen. Dieser Fluchtversuch diente dann auch als Vorwand f\u00fcr die Verhaftung der demokratischen Opposition. <\/p>\n<p>&#13;<br \/>\n&#13;<\/p>\n<p>&#13;<br \/>\n&#13;<\/p>\n<p>Nistor B\u0103diceanu war nach der Wende Senator der Nationalen Christlich-Demokratischen Bauernpartei (PN\u021aCD) im rum\u00e4nischen Parlament zwischen 1992 und 1996. Er geh\u00f6rt zu den Gr\u00fcndungsmitgliedern der Bewegung Unabh\u00e4ngiges Rum\u00e4nien\u201c im Jahr 1947. 1999 wurde er vom Zentrum f\u00fcr M\u00fcndliche Geschichte des rum\u00e4nischen Rundfunks interviewt.<\/p>\n<p>&#13;<br \/>\n&#13;<\/p>\n<p>&#13;<br \/>\n&#13;<\/p>\n<p><em>Die Jugend der Bauernpartei hat versucht, sich im Untergrund zu organisieren. So wurden mehrere Organisationen gegr\u00fcndet, darunter Vlad \u021aepes, Vulturii &#8212; die Adler, Gruppe 4, Unabh\u00e4ngiges Rum\u00e4nien. Wir haben uns gedacht, wir m\u00fcssen uns vorbereiten, wir m\u00fcssen den Kontakt aufrechterhalten, uns bewaffnen und irgendwann, in einem g\u00fcnstigen Moment, hofften wir auf einen Eingriff der Westm\u00e4chte. Wir h\u00e4tten dann einen Aufstand begonnen.<\/em> <em>Die Jugendlichen waren enthusiastisch, und nicht nur sie. Wir hatten noch Kontakt zu einer Reihe von ehemaligen Mitgliedern, zu Vorsitzenden und entschlossenen Aktivisten der Partei in der Provinz, insbesondere im Norden des Landeskreises Bihor, woher ich stammte. Ich habe alle auf die Risiken aufmerksam gemacht. Trotz unserer Begeisterung waren wir uns der Risiken bewusst. Wir wussten, mit wem es wir zu tun haben und kannten die Methoden, die die Kommunisten r\u00fccksichtslos einsetzten.\u201c<\/em><\/p>\n<p>&#13;<br \/>\n&#13;<\/p>\n<p>&#13;<br \/>\n&#13;<\/p>\n<p>&#13;<br \/>\n&#13;<\/p>\n<p>Nistor B\u0103diceanu hat auch \u00fcber die Struktur der Gruppe berichtet sowie \u00fcber das Leitbild der Organisation.<\/p>\n<p>&#13;<br \/>\n&#13;<\/p>\n<p>&#13;<br \/>\n&#13;<\/p>\n<p><em><em>Der Kern war aus 32-35 Mitgliedern gebildet. Ich wei\u200e\u00df auch nicht mehr, wie viele wir insgesamt waren, ein paar Hundert! Wir kannten uns nicht mehr alle untereinander. Jeder dritte rekrutierte weitere drei und so weiter. Im Fall einer Revolte h\u00e4tten wir leicht eingreifen k\u00f6nnen.<\/em><\/em> <em>Die Mitglieder der Gruppe kamen aus dem gleichen Landeskreis im Norden und Zentrum, aus der Gegend um Oradea und Marghita, wo ich auch viele Bekannte hatte. Ihnen vertraute ich auch mehr. Wir kannten uns schon als Sch\u00fcler, hatten gemeinsame Erinnerungen. Ich kannte ihre Einstellungen und ihre \u00dcberzeugungen. Man konnte nicht irgendjemanden ansprechen.\u201c<\/em><\/p>\n<p>&#13;<br \/>\n&#13;<\/p>\n<p>&#13;<br \/>\n&#13;<\/p>\n<p>&#13;<br \/>\n&#13;<\/p>\n<p>Innerhalb der Gruppe Unabh\u00e4ngiges Rum\u00e4nien\u201c hatte  B\u0103diceanu die Rolle des Agitators und des Impulsgebers inne.<\/p>\n<p>&#13;<br \/>\n&#13;<\/p>\n<p>&#13;<br \/>\n&#13;<\/p>\n<p><em><em>Ich war der \u201ab\u00f6se Anstifter\u2018, ich organisierte die Leute. Es kam nicht mehr in Frage, Konferenzen oder Kongresse zu organisieren und einen Anf\u00fchrer demokratisch zu w\u00e4hlen. Wir hatten ein paramilit\u00e4risches System. Wir bereiteten uns auf einen Kampf gegen die Staatsmacht vor. Das bezeichneten die Kommunisten als \u201aKomplott gegen die soziale Ordnung\u2018. Dieser Tatbestand war im Strafgesetzbuch vorgesehen. Wir hatten auch Waffen, w\u00e4hrend des Krieges konnte man so was haben. Wir hatten auch einen Pferdewagen voller Handgranaten, Pistolen und Maschinenpistolen, das war kein Problem. Wir gingen durch die D\u00f6rfer, trafen die Leute, denen wir vertrauten, und sagten ihnen, was sie zu tun haben. Das Regime wurde immer strenger: Man hatte die Abgaben eingef\u00fchrt, Weizen wurde \u00fcbergeben, die Politik wurde immer repressiver.\u201c<\/em><\/em><\/p>\n<p>&#13;<br \/>\n&#13;<\/p>\n<p>&#13;<br \/>\n&#13;<\/p>\n<p>&#13;<br \/>\n&#13;<\/p>\n<p>B\u0103diceanu hatte die Absicht, eine Partisanen-Gruppe zu gr\u00fcnden, um sich ins Gebirge zur\u00fcck zu ziehen und den Kampf fort zu setzen. Im antikommunistischen Widerstand wurden auch ehemalige Milit\u00e4rs der k\u00f6niglichen Armee, ehemalige Mitglieder der Eisernen Garde und enteignete Landwirte aktiv. Nach acht Monaten wurde aber die Bewegung Unabh\u00e4ngiges Rum\u00e4nien\u201c aufgesp\u00fcrt. Die wichtigsten Mitglieder wurden verhaftet, nachdem ein neuer Rekrut sie verraten hatte.<\/p>\n<p>&#13;<\/p>\n","protected":false},"excerpt":{"rendered":"<p>Zwischen 1944 und 1947 haben die Kommunisten allm\u00e4hlich die Macht im rum\u00e4nischen Staatsapparat ergriffen. Nachdem der Kommunismus sich auf diese Weise durchsetzte, haben die demokratischen Parteien Widerstandsbewegungen gegr\u00fcndet.<\/p>\n","protected":false},"author":127,"featured_media":128713,"comment_status":"closed","ping_status":"closed","sticky":false,"template":"","format":"standard","meta":{"_acf_changed":false,"footnotes":""},"categories":[116755],"tags":[100038,99589,118687],"coauthors":[],"class_list":["post-628701","post","type-post","status-publish","format-standard","has-post-thumbnail","hentry","category-pro-memoria-zur-geschichte-rumaeniens","tag-kommunismus","tag-rumaenien","tag-widerstand"],"acf":[],"yoast_head":"<!-- This site is optimized with the Yoast SEO plugin v27.3 - https:\/\/yoast.com\/product\/yoast-seo-wordpress\/ -->\n<title>Widerstandsbewegungen im rum\u00e4nischen Kommunismus - Radio Rum\u00e4nien International<\/title>\n<meta name=\"robots\" content=\"index, follow, max-snippet:-1, max-image-preview:large, max-video-preview:-1\" \/>\n<link rel=\"canonical\" href=\"https:\/\/www.rri.ro\/de\/feature-reportage\/pro-memoria-zur-geschichte-rumaeniens\/widerstandsbewegungen-im-rumaenischen-kommunismus-id628701.html\" \/>\n<meta property=\"og:locale\" content=\"de_DE\" \/>\n<meta property=\"og:type\" content=\"article\" \/>\n<meta property=\"og:title\" content=\"Widerstandsbewegungen im rum\u00e4nischen Kommunismus - Radio Rum\u00e4nien International\" \/>\n<meta property=\"og:description\" content=\"Zwischen 1944 und 1947 haben die Kommunisten allm\u00e4hlich die Macht im rum\u00e4nischen Staatsapparat ergriffen. Nachdem der Kommunismus sich auf diese Weise durchsetzte, haben die demokratischen Parteien Widerstandsbewegungen gegr\u00fcndet.\" \/>\n<meta property=\"og:url\" content=\"https:\/\/www.rri.ro\/de\/feature-reportage\/pro-memoria-zur-geschichte-rumaeniens\/widerstandsbewegungen-im-rumaenischen-kommunismus-id628701.html\" \/>\n<meta property=\"og:site_name\" content=\"Radio Rum\u00e4nien International\" \/>\n<meta property=\"article:published_time\" content=\"2015-01-19T10:59:00+00:00\" \/>\n<meta property=\"og:image\" content=\"https:\/\/www.rri.ro\/wp-content\/uploads\/2023\/10\/Romania-manifestare-Stalin.png\" \/>\n\t<meta property=\"og:image:width\" content=\"640\" \/>\n\t<meta property=\"og:image:height\" content=\"420\" \/>\n\t<meta property=\"og:image:type\" content=\"image\/png\" \/>\n<meta name=\"author\" content=\"Steliu Lambru\" \/>\n<meta name=\"twitter:card\" content=\"summary_large_image\" \/>\n<meta name=\"twitter:label1\" content=\"Verfasst von\" \/>\n\t<meta name=\"twitter:data1\" content=\"Steliu Lambru\" \/>\n\t<meta name=\"twitter:label2\" content=\"Gesch\u00e4tzte Lesezeit\" \/>\n\t<meta name=\"twitter:data2\" content=\"3\u00a0Minuten\" \/>\n\t<meta name=\"twitter:label3\" content=\"Written by\" \/>\n\t<meta name=\"twitter:data3\" content=\"Steliu Lambru\" \/>\n<script type=\"application\/ld+json\" class=\"yoast-schema-graph\">{\"@context\":\"https:\\\/\\\/schema.org\",\"@graph\":[{\"@type\":\"Article\",\"@id\":\"https:\\\/\\\/www.rri.ro\\\/de\\\/feature-reportage\\\/pro-memoria-zur-geschichte-rumaeniens\\\/widerstandsbewegungen-im-rumaenischen-kommunismus-id628701.html#article\",\"isPartOf\":{\"@id\":\"https:\\\/\\\/www.rri.ro\\\/de\\\/feature-reportage\\\/pro-memoria-zur-geschichte-rumaeniens\\\/widerstandsbewegungen-im-rumaenischen-kommunismus-id628701.html\"},\"author\":{\"name\":\"Steliu Lambru\",\"@id\":\"https:\\\/\\\/www.rri.ro\\\/#\\\/schema\\\/person\\\/32dfff47877fea659b3b498015876c1d\"},\"headline\":\"Widerstandsbewegungen im rum\u00e4nischen Kommunismus\",\"datePublished\":\"2015-01-19T10:59:00+00:00\",\"mainEntityOfPage\":{\"@id\":\"https:\\\/\\\/www.rri.ro\\\/de\\\/feature-reportage\\\/pro-memoria-zur-geschichte-rumaeniens\\\/widerstandsbewegungen-im-rumaenischen-kommunismus-id628701.html\"},\"wordCount\":598,\"image\":{\"@id\":\"https:\\\/\\\/www.rri.ro\\\/de\\\/feature-reportage\\\/pro-memoria-zur-geschichte-rumaeniens\\\/widerstandsbewegungen-im-rumaenischen-kommunismus-id628701.html#primaryimage\"},\"thumbnailUrl\":\"https:\\\/\\\/www.rri.ro\\\/wp-content\\\/uploads\\\/2023\\\/10\\\/Romania-manifestare-Stalin.png\",\"keywords\":[\"Kommunismus\",\"Rum\u00e4nien\",\"Widerstand\"],\"articleSection\":[\"Pro Memoria \u2013 zur Geschichte Rum\u00e4niens\"],\"inLanguage\":\"de\"},{\"@type\":\"WebPage\",\"@id\":\"https:\\\/\\\/www.rri.ro\\\/de\\\/feature-reportage\\\/pro-memoria-zur-geschichte-rumaeniens\\\/widerstandsbewegungen-im-rumaenischen-kommunismus-id628701.html\",\"url\":\"https:\\\/\\\/www.rri.ro\\\/de\\\/feature-reportage\\\/pro-memoria-zur-geschichte-rumaeniens\\\/widerstandsbewegungen-im-rumaenischen-kommunismus-id628701.html\",\"name\":\"Widerstandsbewegungen im rum\u00e4nischen Kommunismus - Radio Rum\u00e4nien International\",\"isPartOf\":{\"@id\":\"https:\\\/\\\/www.rri.ro\\\/#website\"},\"primaryImageOfPage\":{\"@id\":\"https:\\\/\\\/www.rri.ro\\\/de\\\/feature-reportage\\\/pro-memoria-zur-geschichte-rumaeniens\\\/widerstandsbewegungen-im-rumaenischen-kommunismus-id628701.html#primaryimage\"},\"image\":{\"@id\":\"https:\\\/\\\/www.rri.ro\\\/de\\\/feature-reportage\\\/pro-memoria-zur-geschichte-rumaeniens\\\/widerstandsbewegungen-im-rumaenischen-kommunismus-id628701.html#primaryimage\"},\"thumbnailUrl\":\"https:\\\/\\\/www.rri.ro\\\/wp-content\\\/uploads\\\/2023\\\/10\\\/Romania-manifestare-Stalin.png\",\"datePublished\":\"2015-01-19T10:59:00+00:00\",\"author\":{\"@id\":\"https:\\\/\\\/www.rri.ro\\\/#\\\/schema\\\/person\\\/32dfff47877fea659b3b498015876c1d\"},\"breadcrumb\":{\"@id\":\"https:\\\/\\\/www.rri.ro\\\/de\\\/feature-reportage\\\/pro-memoria-zur-geschichte-rumaeniens\\\/widerstandsbewegungen-im-rumaenischen-kommunismus-id628701.html#breadcrumb\"},\"inLanguage\":\"de\",\"potentialAction\":[{\"@type\":\"ReadAction\",\"target\":[\"https:\\\/\\\/www.rri.ro\\\/de\\\/feature-reportage\\\/pro-memoria-zur-geschichte-rumaeniens\\\/widerstandsbewegungen-im-rumaenischen-kommunismus-id628701.html\"]}]},{\"@type\":\"ImageObject\",\"inLanguage\":\"de\",\"@id\":\"https:\\\/\\\/www.rri.ro\\\/de\\\/feature-reportage\\\/pro-memoria-zur-geschichte-rumaeniens\\\/widerstandsbewegungen-im-rumaenischen-kommunismus-id628701.html#primaryimage\",\"url\":\"https:\\\/\\\/www.rri.ro\\\/wp-content\\\/uploads\\\/2023\\\/10\\\/Romania-manifestare-Stalin.png\",\"contentUrl\":\"https:\\\/\\\/www.rri.ro\\\/wp-content\\\/uploads\\\/2023\\\/10\\\/Romania-manifestare-Stalin.png\",\"width\":640,\"height\":420},{\"@type\":\"BreadcrumbList\",\"@id\":\"https:\\\/\\\/www.rri.ro\\\/de\\\/feature-reportage\\\/pro-memoria-zur-geschichte-rumaeniens\\\/widerstandsbewegungen-im-rumaenischen-kommunismus-id628701.html#breadcrumb\",\"itemListElement\":[{\"@type\":\"ListItem\",\"position\":1,\"name\":\"Startseite\",\"item\":\"https:\\\/\\\/www.rri.ro\\\/de\"},{\"@type\":\"ListItem\",\"position\":2,\"name\":\"Feature &amp; Reportage\",\"item\":\"https:\\\/\\\/www.rri.ro\\\/de\\\/feature-reportage\"},{\"@type\":\"ListItem\",\"position\":3,\"name\":\"Pro Memoria \u2013 zur Geschichte Rum\u00e4niens\",\"item\":\"https:\\\/\\\/www.rri.ro\\\/de\\\/feature-reportage\\\/pro-memoria-zur-geschichte-rumaeniens\"},{\"@type\":\"ListItem\",\"position\":4,\"name\":\"Widerstandsbewegungen im rum\u00e4nischen Kommunismus\"}]},{\"@type\":\"WebSite\",\"@id\":\"https:\\\/\\\/www.rri.ro\\\/#website\",\"url\":\"https:\\\/\\\/www.rri.ro\\\/\",\"name\":\"Radio Rum\u00e4nien International\",\"description\":\"Totul despre Rom\u00e2nia \u015fi rom\u00e2ni, \u00een 13 limbi\\\/dialecte!\",\"inLanguage\":\"de\"},{\"@type\":\"Person\",\"@id\":\"https:\\\/\\\/www.rri.ro\\\/#\\\/schema\\\/person\\\/32dfff47877fea659b3b498015876c1d\",\"name\":\"Steliu Lambru\",\"url\":\"https:\\\/\\\/www.rri.ro\\\/de\\\/author\\\/steliu-lambru\"}]}<\/script>\n<!-- \/ Yoast SEO plugin. -->","yoast_head_json":{"title":"Widerstandsbewegungen im rum\u00e4nischen Kommunismus - Radio Rum\u00e4nien International","robots":{"index":"index","follow":"follow","max-snippet":"max-snippet:-1","max-image-preview":"max-image-preview:large","max-video-preview":"max-video-preview:-1"},"canonical":"https:\/\/www.rri.ro\/de\/feature-reportage\/pro-memoria-zur-geschichte-rumaeniens\/widerstandsbewegungen-im-rumaenischen-kommunismus-id628701.html","og_locale":"de_DE","og_type":"article","og_title":"Widerstandsbewegungen im rum\u00e4nischen Kommunismus - Radio Rum\u00e4nien International","og_description":"Zwischen 1944 und 1947 haben die Kommunisten allm\u00e4hlich die Macht im rum\u00e4nischen Staatsapparat ergriffen. Nachdem der Kommunismus sich auf diese Weise durchsetzte, haben die demokratischen Parteien Widerstandsbewegungen gegr\u00fcndet.","og_url":"https:\/\/www.rri.ro\/de\/feature-reportage\/pro-memoria-zur-geschichte-rumaeniens\/widerstandsbewegungen-im-rumaenischen-kommunismus-id628701.html","og_site_name":"Radio Rum\u00e4nien International","article_published_time":"2015-01-19T10:59:00+00:00","og_image":[{"width":640,"height":420,"url":"https:\/\/www.rri.ro\/wp-content\/uploads\/2023\/10\/Romania-manifestare-Stalin.png","type":"image\/png"}],"author":"Steliu Lambru","twitter_card":"summary_large_image","twitter_misc":{"Verfasst von":"Steliu Lambru","Gesch\u00e4tzte Lesezeit":"3\u00a0Minuten","Written by":"Steliu Lambru"},"schema":{"@context":"https:\/\/schema.org","@graph":[{"@type":"Article","@id":"https:\/\/www.rri.ro\/de\/feature-reportage\/pro-memoria-zur-geschichte-rumaeniens\/widerstandsbewegungen-im-rumaenischen-kommunismus-id628701.html#article","isPartOf":{"@id":"https:\/\/www.rri.ro\/de\/feature-reportage\/pro-memoria-zur-geschichte-rumaeniens\/widerstandsbewegungen-im-rumaenischen-kommunismus-id628701.html"},"author":{"name":"Steliu Lambru","@id":"https:\/\/www.rri.ro\/#\/schema\/person\/32dfff47877fea659b3b498015876c1d"},"headline":"Widerstandsbewegungen im rum\u00e4nischen Kommunismus","datePublished":"2015-01-19T10:59:00+00:00","mainEntityOfPage":{"@id":"https:\/\/www.rri.ro\/de\/feature-reportage\/pro-memoria-zur-geschichte-rumaeniens\/widerstandsbewegungen-im-rumaenischen-kommunismus-id628701.html"},"wordCount":598,"image":{"@id":"https:\/\/www.rri.ro\/de\/feature-reportage\/pro-memoria-zur-geschichte-rumaeniens\/widerstandsbewegungen-im-rumaenischen-kommunismus-id628701.html#primaryimage"},"thumbnailUrl":"https:\/\/www.rri.ro\/wp-content\/uploads\/2023\/10\/Romania-manifestare-Stalin.png","keywords":["Kommunismus","Rum\u00e4nien","Widerstand"],"articleSection":["Pro Memoria \u2013 zur Geschichte Rum\u00e4niens"],"inLanguage":"de"},{"@type":"WebPage","@id":"https:\/\/www.rri.ro\/de\/feature-reportage\/pro-memoria-zur-geschichte-rumaeniens\/widerstandsbewegungen-im-rumaenischen-kommunismus-id628701.html","url":"https:\/\/www.rri.ro\/de\/feature-reportage\/pro-memoria-zur-geschichte-rumaeniens\/widerstandsbewegungen-im-rumaenischen-kommunismus-id628701.html","name":"Widerstandsbewegungen im rum\u00e4nischen Kommunismus - Radio Rum\u00e4nien International","isPartOf":{"@id":"https:\/\/www.rri.ro\/#website"},"primaryImageOfPage":{"@id":"https:\/\/www.rri.ro\/de\/feature-reportage\/pro-memoria-zur-geschichte-rumaeniens\/widerstandsbewegungen-im-rumaenischen-kommunismus-id628701.html#primaryimage"},"image":{"@id":"https:\/\/www.rri.ro\/de\/feature-reportage\/pro-memoria-zur-geschichte-rumaeniens\/widerstandsbewegungen-im-rumaenischen-kommunismus-id628701.html#primaryimage"},"thumbnailUrl":"https:\/\/www.rri.ro\/wp-content\/uploads\/2023\/10\/Romania-manifestare-Stalin.png","datePublished":"2015-01-19T10:59:00+00:00","author":{"@id":"https:\/\/www.rri.ro\/#\/schema\/person\/32dfff47877fea659b3b498015876c1d"},"breadcrumb":{"@id":"https:\/\/www.rri.ro\/de\/feature-reportage\/pro-memoria-zur-geschichte-rumaeniens\/widerstandsbewegungen-im-rumaenischen-kommunismus-id628701.html#breadcrumb"},"inLanguage":"de","potentialAction":[{"@type":"ReadAction","target":["https:\/\/www.rri.ro\/de\/feature-reportage\/pro-memoria-zur-geschichte-rumaeniens\/widerstandsbewegungen-im-rumaenischen-kommunismus-id628701.html"]}]},{"@type":"ImageObject","inLanguage":"de","@id":"https:\/\/www.rri.ro\/de\/feature-reportage\/pro-memoria-zur-geschichte-rumaeniens\/widerstandsbewegungen-im-rumaenischen-kommunismus-id628701.html#primaryimage","url":"https:\/\/www.rri.ro\/wp-content\/uploads\/2023\/10\/Romania-manifestare-Stalin.png","contentUrl":"https:\/\/www.rri.ro\/wp-content\/uploads\/2023\/10\/Romania-manifestare-Stalin.png","width":640,"height":420},{"@type":"BreadcrumbList","@id":"https:\/\/www.rri.ro\/de\/feature-reportage\/pro-memoria-zur-geschichte-rumaeniens\/widerstandsbewegungen-im-rumaenischen-kommunismus-id628701.html#breadcrumb","itemListElement":[{"@type":"ListItem","position":1,"name":"Startseite","item":"https:\/\/www.rri.ro\/de"},{"@type":"ListItem","position":2,"name":"Feature &amp; Reportage","item":"https:\/\/www.rri.ro\/de\/feature-reportage"},{"@type":"ListItem","position":3,"name":"Pro Memoria \u2013 zur Geschichte Rum\u00e4niens","item":"https:\/\/www.rri.ro\/de\/feature-reportage\/pro-memoria-zur-geschichte-rumaeniens"},{"@type":"ListItem","position":4,"name":"Widerstandsbewegungen im rum\u00e4nischen Kommunismus"}]},{"@type":"WebSite","@id":"https:\/\/www.rri.ro\/#website","url":"https:\/\/www.rri.ro\/","name":"Radio Rum\u00e4nien International","description":"Totul despre Rom\u00e2nia \u015fi rom\u00e2ni, \u00een 13 limbi\/dialecte!","inLanguage":"de"},{"@type":"Person","@id":"https:\/\/www.rri.ro\/#\/schema\/person\/32dfff47877fea659b3b498015876c1d","name":"Steliu Lambru","url":"https:\/\/www.rri.ro\/de\/author\/steliu-lambru"}]}},"_links":{"self":[{"href":"https:\/\/www.rri.ro\/de\/wp-json\/wp\/v2\/posts\/628701","targetHints":{"allow":["GET"]}}],"collection":[{"href":"https:\/\/www.rri.ro\/de\/wp-json\/wp\/v2\/posts"}],"about":[{"href":"https:\/\/www.rri.ro\/de\/wp-json\/wp\/v2\/types\/post"}],"author":[{"embeddable":true,"href":"https:\/\/www.rri.ro\/de\/wp-json\/wp\/v2\/users\/127"}],"replies":[{"embeddable":true,"href":"https:\/\/www.rri.ro\/de\/wp-json\/wp\/v2\/comments?post=628701"}],"version-history":[{"count":0,"href":"https:\/\/www.rri.ro\/de\/wp-json\/wp\/v2\/posts\/628701\/revisions"}],"wp:featuredmedia":[{"embeddable":true,"href":"https:\/\/www.rri.ro\/de\/wp-json\/wp\/v2\/media\/128713"}],"wp:attachment":[{"href":"https:\/\/www.rri.ro\/de\/wp-json\/wp\/v2\/media?parent=628701"}],"wp:term":[{"taxonomy":"category","embeddable":true,"href":"https:\/\/www.rri.ro\/de\/wp-json\/wp\/v2\/categories?post=628701"},{"taxonomy":"post_tag","embeddable":true,"href":"https:\/\/www.rri.ro\/de\/wp-json\/wp\/v2\/tags?post=628701"},{"taxonomy":"author","embeddable":true,"href":"https:\/\/www.rri.ro\/de\/wp-json\/wp\/v2\/coauthors?post=628701"}],"curies":[{"name":"wp","href":"https:\/\/api.w.org\/{rel}","templated":true}]}}