{"id":628775,"date":"2016-08-15T17:45:00","date_gmt":"2016-08-15T14:45:00","guid":{"rendered":"http:\/\/devrri.freshlemon.ro\/aktuell\/erster-weltkrieg-die-schlacht-um-verdun-und-der-kriegseintritt-rumaeniens-id628775.html"},"modified":"2016-08-15T17:45:00","modified_gmt":"2016-08-15T14:45:00","slug":"erster-weltkrieg-die-schlacht-um-verdun-und-der-kriegseintritt-rumaeniens","status":"publish","type":"post","link":"https:\/\/www.rri.ro\/de\/feature-reportage\/pro-memoria-zur-geschichte-rumaeniens\/erster-weltkrieg-die-schlacht-um-verdun-und-der-kriegseintritt-rumaeniens-id628775.html","title":{"rendered":"Erster Weltkrieg: Die Schlacht um Verdun und der Kriegseintritt Rum\u00e4niens"},"content":{"rendered":"<p>Die Schlacht von Verdun tr\u00e4gt die \u00dcbernamen Die Mutter aller Schlachten\u201c und Der Schlachthof\u201c. Sie war das gr\u00f6\u200e\u00dfte Blutbad an der Front des Ersten Weltkrieges. Die Meinungen der Historiker und der Chronisten \u00fcber die genaue Zahl der Toten und Verletzten gehen zwar auseinander, aber eines steht fest: Sie hat ein ersch\u00fctterndes Ausma\u200e\u00df, von mehreren Hunderttausenden erreicht. Die Bedeutung der Festung von Verdun war kolossal f\u00fcr die Gem\u00fctsverfassung der Franzosen und f\u00fcr das Schicksal des ganzen Krieges. Die Hartn\u00e4ckigkeit der deutschen Armee, die franz\u00f6sische Armee zu zermahlen und niederzuschmettern, stie\u200e\u00df auf den au\u200e\u00dfergew\u00f6hnlichen Widerstand der letzteren. In Verdun wurde in den Reihen der franz\u00f6sischen Armee der mobilisierende Aufruf Ils passeront pas!\u201c (Sie werden nicht durchkommen!\u201c) ins Leben gerufen. Dieser wurde auch von der rum\u00e4nischen Armee \u00fcbernommen, ein bisschen abge\u00e4ndert und in den Schlachten von M\u0103r\u0103\u015fe\u015fti, M\u0103r\u0103\u015fti und Oituz in den Ostkarpaten im Sommer 1917 eingesetzt: Hier kommt man nicht durch!\u201c (rum. Pe aici nu se trece!\u201c).<\/p>\n<p>&#13;<br \/>\n&#13;<\/p>\n<p>&#13;<br \/>\n&#13;<\/p>\n<p>Die Schlacht um Verdun vor 100 Jahren ist auch f\u00fcr Rum\u00e4nien entscheidend gewesen, denn sie sie l\u00e4utete den Eintritt des Landes in den Gro\u200e\u00dfen Krieg ein, in dem es bis dahin neutral gewesen war. Rum\u00e4nien hatte 1883 ein Abkommen mit den Mittelm\u00e4chten vereinbart und verk\u00fcndete beim Ausbruch des Krieges 1914 seine Neutralit\u00e4t. Rum\u00e4nien trat der Allianz mit Deutschland und \u00d6sterreich-Ungarn nicht bei, weil die nationalen Rechte der Rum\u00e4nen in den Gebieten der \u00f6sterreichisch-ungarischen Monarchie nicht eingehalten wurden. Trotzdem liefen die Wirtschaftsbeziehungen Rum\u00e4niens mit den Mittelm\u00e4chten in den zwei Jahren der Neutralit\u00e4t weiter. Das rum\u00e4nische Erd\u00f6l und die Lebensmittel versorgten die Armeen der Mittelm\u00e4chte.<\/p>\n<p>&#13;<br \/>\n&#13;<\/p>\n<p>&#13;<br \/>\n&#13;<\/p>\n<p>Die Aufgabe, Rum\u00e4nien an die Entente zu binden, wurde Russland \u00fcberlassen, das der Meinung war, dass die Anspr\u00fcche Rum\u00e4niens auf eine Verbesserung der Rechte der Rum\u00e4nen au\u200e\u00dferhalb des <a href=\"https:\/\/de.wikipedia.org\/wiki\/Altreich_(Rum%C3%A4nien)\" style=\"line-height:\" target=\"_blank\" rel=\"noopener\">Altreichs<\/a> Rum\u00e4nien \u00fcbertrieben seien. Die Schlacht von Verdun war der Wendepunkt, nach dem Rum\u00e4nien eine historische Entscheidung treffen musste. Frankreich war wackelig, der Widerstand in Verdun wurde bis an seine Grenzen auf die Probe gestellt und die Entente zielte auf eine Abschw\u00e4chung der deutschen Offensive ab. Die Strategie der franz\u00f6sischen Milit\u00e4rs war, eine neue Front im Osten zu er\u00f6ffnen, um die deutschen Truppen zum Abzug zu zwingen und um den Druck auf Verdun zu senken. Zur Anbindung an die Entente h\u00e4tte Rum\u00e4nien \u00fcberredet werden m\u00fcssen, dieser Strategie zuzustimmen und sich daf\u00fcr einzusetzen. Dazu geh\u00f6rten diplomatische Verhandlungen und die Kunst der \u00dcberredung. Diese Aufgabe kam dem neu ernannten franz\u00f6sischen Botschafter in Bukarest zu, wei\u200e\u00df der Historiker Sergiu Iosipescu vom Institut f\u00fcr Politikstudien im Bereich Verteidigung und Milit\u00e4rgeschichte:<\/p>\n<p>&#13;<br \/>\n&#13;<\/p>\n<p>&#13;<br \/>\n&#13;<\/p>\n<p><em>Am 5. Juli 1916 \u00fcbermittelte Graf Saint Aulaire, einen Tag vor seiner Abreise nach Bukarest, dem franz\u00f6sischen Pr\u00e4sidenten die Botschaft des rum\u00e4nischen Premiers Br\u0103tianus an Lahovary, den rum\u00e4nischen Gesandten in Paris. Br\u0103tianu versprach den Eintritt Rum\u00e4niens in den Krieg in 5-6 Wochen, wenn in diesem Zeitraum die Lieferung der angeforderten Munition beginnt. Absolut bemerkenswert ist in diesem Zusammenhang die Vorhersage des franz\u00f6sischen Generals Lyautey, des F\u00f6rderers des Grafs Saint Aulaire auf dessen Botschafter-Posten in Rum\u00e4nien: \u201aGraf, ich habe \u00fcber Ihre Situation nachgedacht. Ganz ehrlich: Ich glaube, dass ich Sie begl\u00fcckw\u00fcnschen muss. Ich habe die Landkarte Mittel- und Osteuropas bekommen. Ich habe festgestellt, dass Rum\u00e4nien mehr wachsen und sich besonders verwirklichen wird, wenn eher die Zentralm\u00e4chte denn Russland besiegt werden. Die rum\u00e4nische \u00d6ffentlichkeit, die stark genug war, um einen Hohenzollern-K\u00f6nig von dem B\u00fcndnis mit Deutschland zur Neutralit\u00e4t zu bewegen, wird diesen von der Neutralit\u00e4t zum Eingriff bewegen. Rum\u00e4nien wird der Geste Italiens folgen, die Wage wird sich fr\u00fcher oder sp\u00e4ter zugunsten des Eingriffes neigen.\u2018\u201c<\/em><\/p>\n<p>&#13;<br \/>\n&#13;<\/p>\n<p>&#13;<br \/>\n&#13;<\/p>\n<p>&#13;<br \/>\n&#13;<\/p>\n<p>F\u00fcr den Eintritt Rum\u00e4niens in den Krieg machte die Entente ein mehr als gro\u200e\u00dfz\u00fcgiges Angebot. Es handelte sich um die Territorien in \u00d6sterreich-Ungarn, die mehrheitlich von Rum\u00e4nen bewohnt waren, und um Versprechen \u00fcber die Garantien nach Ende des Krieges. Trotz des Ehrgeizes Frankreichs, Rum\u00e4nien in die Allianz mit der Entente zu bringen, waren noch einige Schwierigkeiten zu \u00fcberwinden. Rum\u00e4nien hatte keine Armee, die f\u00e4hig gewesen w\u00e4re, einen Krieg dieses Ausma\u200e\u00dfes zu f\u00fchren. Zweitens bildeten die Bef\u00fcrworter einer Allianz mit den Mittelm\u00e4chten eine konsistente und einflussreiche Gruppierung in der rum\u00e4nischen Gesellschaft. Die Hartn\u00e4ckigkeit der germanophilen Partie und ihrer frankophilen Widersacher widerspiegelte sich auch in der Weise, wie die rum\u00e4nische Presse die Schlacht von Verdun und den Verlauf des Krieges allgemein r\u00fcberbrachte. Generell war die Berichterstattung von den frankreichnahen oder deutschlandnahen Vorlieben der Verleger beeinflusst. Der Historiker Sergiu Iosipescu vom Institut f\u00fcr Politikstudien im Bereich Verteidigung und Milit\u00e4rgeschichte erl\u00e4utert:<\/p>\n<p>&#13;<br \/>\n&#13;<\/p>\n<p>&#13;<br \/>\n&#13;<\/p>\n<p><em>Die allgemeine politische Orientierung der Zeitungen beeinflusste die Weise, wie die Kommentare und die Nachrichten verfasst wurden. Die Zeitungen \u00bbAdev\u0103rul\u00ab und \u00bbUniversul\u00ab waren eindeutig frankophil, \u00bbMinerva\u00ab war daf\u00fcr bekannt, dass sie von einem deutschen Konzern bereits im September 1914 \u00fcbernommen worden war. Dennoch war auch im Fall des Blattes \u00bbMinerva\u00ab der Versuch eines einigerma\u200e\u00dfen objektiven Ansatzes festzustellen. Im Laufe der Zeit ging aber die Objektivit\u00e4t der Publikation \u00bbMinerva\u00ab zur\u00fcck, was man den Ausgaben vom 24. und vom 26. Juli 1916 entnehmen kann. Am 24. Juli schrieb \u00bbMinerva\u00ab, dass die englisch-franz\u00f6sische Offensive die Aufgabe der franz\u00f6sischen Truppen bei Verdun nicht einfacher mache. Am selben Abend konnte man in der Zeitung \u00bbAdev\u0103rul\u00ab die Aussage des Generals Joffre lesen, laut der ein Sieg der Alliierten sicher war. Am 26. Juli, dem 5. Tag der gemeinsamen englisch-franz\u00f6sischen Offensive, schrieb \u00bbMinerva\u00ab, dass die Offensive der Entente gescheitert war und dass die Verluste der Engl\u00e4nder und Franzosen riesig waren. In der Zeitung \u00bbUniversul\u00ab waren die \u00dcberschriften am selben Tag viel informativer und die Informationen viel ausf\u00fchrlicher. In der Zeitung \u00bbAdev\u0103rul\u00ab vom 26. Juli wurden die Unstimmigkeiten der offiziellen deutschen Mitteilungen hervorgehoben.\u201c<\/em><\/p>\n<p>&#13;<br \/>\n&#13;<\/p>\n<p>&#13;<br \/>\n&#13;<\/p>\n<p>&#13;<br \/>\n&#13;<\/p>\n<p>Die Entscheidung Rum\u00e4niens, in den Krieg einzutreten, erwies sich unter den volatilen Entwicklungen als besonders schwierig. Der Wunsch, dass die Rum\u00e4nen au\u200e\u00dferhalb des <a href=\"https:\/\/de.wikipedia.org\/wiki\/Altreich_(Rum%C3%A4nien)\" target=\"_blank\" rel=\"noopener\">Altreichs<\/a> zu B\u00fcrgern eines gr\u00f6\u200e\u00dferen rum\u00e4nischen Staates werden, und die klare Vision von Ion I.C. Br\u0103tianu, dem gr\u00f6\u200e\u00dften rum\u00e4nischen Politiker der ersten H\u00e4lfte des 20. Jahrhunderts, waren allerdings ausschlaggebend. Auch wenn sie nicht im Gemetzel von Verdun starben, brachte die europ\u00e4ische Verr\u00fccktheit des Krieges die Rum\u00e4nen vor 100 Jahren unter ihren Bann. Und das bezahlten sie mit ihrem Blut.<\/p>\n<p>&#13;<\/p>\n","protected":false},"excerpt":{"rendered":"<p>Die aufreibende Schlacht um Verdun 1916 hatte f\u00fcr den weiteren Verlauf des Ersten Weltkriegs eine wichtige Bedeutung. Indirekt auch f\u00fcr das bis dahin neutrale Rum\u00e4nien, das 1917 auf Seite der Entente in den Krieg eintrat.<\/p>\n","protected":false},"author":127,"featured_media":129601,"comment_status":"closed","ping_status":"closed","sticky":false,"template":"","format":"standard","meta":{"_acf_changed":false,"footnotes":""},"categories":[116755],"tags":[99686,42735,103461,118457,118291,99589,85636],"coauthors":[],"class_list":["post-628775","post","type-post","status-publish","format-standard","has-post-thumbnail","hentry","category-pro-memoria-zur-geschichte-rumaeniens","tag-deutschland","tag-entente","tag-erster-weltkrieg","tag-mittelmaechte","tag-oesterreich-ungarn","tag-rumaenien","tag-verdun"],"acf":[],"yoast_head":"<!-- This site is optimized with the Yoast SEO plugin v27.5 - https:\/\/yoast.com\/product\/yoast-seo-wordpress\/ -->\n<title>Erster Weltkrieg: Die Schlacht um Verdun und der Kriegseintritt Rum\u00e4niens - Radio Rum\u00e4nien International<\/title>\n<meta name=\"robots\" content=\"index, follow, max-snippet:-1, max-image-preview:large, max-video-preview:-1\" \/>\n<link rel=\"canonical\" href=\"https:\/\/www.rri.ro\/de\/feature-reportage\/pro-memoria-zur-geschichte-rumaeniens\/erster-weltkrieg-die-schlacht-um-verdun-und-der-kriegseintritt-rumaeniens-id628775.html\" \/>\n<meta property=\"og:locale\" content=\"de_DE\" \/>\n<meta property=\"og:type\" content=\"article\" \/>\n<meta property=\"og:title\" content=\"Erster Weltkrieg: Die Schlacht um Verdun und der Kriegseintritt Rum\u00e4niens - Radio Rum\u00e4nien International\" \/>\n<meta property=\"og:description\" content=\"Die aufreibende Schlacht um Verdun 1916 hatte f\u00fcr den weiteren Verlauf des Ersten Weltkriegs eine wichtige Bedeutung. Indirekt auch f\u00fcr das bis dahin neutrale Rum\u00e4nien, das 1917 auf Seite der Entente in den Krieg eintrat.\" \/>\n<meta property=\"og:url\" content=\"https:\/\/www.rri.ro\/de\/feature-reportage\/pro-memoria-zur-geschichte-rumaeniens\/erster-weltkrieg-die-schlacht-um-verdun-und-der-kriegseintritt-rumaeniens-id628775.html\" \/>\n<meta property=\"og:site_name\" content=\"Radio Rum\u00e4nien International\" \/>\n<meta property=\"article:published_time\" content=\"2016-08-15T14:45:00+00:00\" \/>\n<meta property=\"og:image\" content=\"https:\/\/www.rri.ro\/wp-content\/uploads\/2023\/10\/soldati-verdun-1916.png\" \/>\n\t<meta property=\"og:image:width\" content=\"640\" \/>\n\t<meta property=\"og:image:height\" content=\"467\" \/>\n\t<meta property=\"og:image:type\" content=\"image\/png\" \/>\n<meta name=\"author\" content=\"Steliu Lambru\" \/>\n<meta name=\"twitter:card\" content=\"summary_large_image\" \/>\n<meta name=\"twitter:label1\" content=\"Verfasst von\" \/>\n\t<meta name=\"twitter:data1\" content=\"Steliu Lambru\" \/>\n\t<meta name=\"twitter:label2\" content=\"Gesch\u00e4tzte Lesezeit\" \/>\n\t<meta name=\"twitter:data2\" content=\"5\u00a0Minuten\" \/>\n\t<meta name=\"twitter:label3\" content=\"Written by\" \/>\n\t<meta name=\"twitter:data3\" content=\"Steliu Lambru\" \/>\n<script type=\"application\/ld+json\" class=\"yoast-schema-graph\">{\"@context\":\"https:\\\/\\\/schema.org\",\"@graph\":[{\"@type\":\"Article\",\"@id\":\"https:\\\/\\\/www.rri.ro\\\/de\\\/feature-reportage\\\/pro-memoria-zur-geschichte-rumaeniens\\\/erster-weltkrieg-die-schlacht-um-verdun-und-der-kriegseintritt-rumaeniens-id628775.html#article\",\"isPartOf\":{\"@id\":\"https:\\\/\\\/www.rri.ro\\\/de\\\/feature-reportage\\\/pro-memoria-zur-geschichte-rumaeniens\\\/erster-weltkrieg-die-schlacht-um-verdun-und-der-kriegseintritt-rumaeniens-id628775.html\"},\"author\":{\"name\":\"Steliu Lambru\",\"@id\":\"https:\\\/\\\/www.rri.ro\\\/#\\\/schema\\\/person\\\/32dfff47877fea659b3b498015876c1d\"},\"headline\":\"Erster Weltkrieg: Die Schlacht um Verdun und der Kriegseintritt Rum\u00e4niens\",\"datePublished\":\"2016-08-15T14:45:00+00:00\",\"mainEntityOfPage\":{\"@id\":\"https:\\\/\\\/www.rri.ro\\\/de\\\/feature-reportage\\\/pro-memoria-zur-geschichte-rumaeniens\\\/erster-weltkrieg-die-schlacht-um-verdun-und-der-kriegseintritt-rumaeniens-id628775.html\"},\"wordCount\":1105,\"image\":{\"@id\":\"https:\\\/\\\/www.rri.ro\\\/de\\\/feature-reportage\\\/pro-memoria-zur-geschichte-rumaeniens\\\/erster-weltkrieg-die-schlacht-um-verdun-und-der-kriegseintritt-rumaeniens-id628775.html#primaryimage\"},\"thumbnailUrl\":\"https:\\\/\\\/www.rri.ro\\\/wp-content\\\/uploads\\\/2023\\\/10\\\/soldati-verdun-1916.png\",\"keywords\":[\"Deutschland\",\"Entente\",\"erster Weltkrieg\",\"Mittelm\u00e4chte\",\"\u00d6sterreich-Ungarn\",\"Rum\u00e4nien\",\"Verdun\"],\"articleSection\":[\"Pro Memoria \u2013 zur Geschichte Rum\u00e4niens\"],\"inLanguage\":\"de\"},{\"@type\":\"WebPage\",\"@id\":\"https:\\\/\\\/www.rri.ro\\\/de\\\/feature-reportage\\\/pro-memoria-zur-geschichte-rumaeniens\\\/erster-weltkrieg-die-schlacht-um-verdun-und-der-kriegseintritt-rumaeniens-id628775.html\",\"url\":\"https:\\\/\\\/www.rri.ro\\\/de\\\/feature-reportage\\\/pro-memoria-zur-geschichte-rumaeniens\\\/erster-weltkrieg-die-schlacht-um-verdun-und-der-kriegseintritt-rumaeniens-id628775.html\",\"name\":\"Erster Weltkrieg: Die Schlacht um Verdun und der Kriegseintritt Rum\u00e4niens - Radio Rum\u00e4nien International\",\"isPartOf\":{\"@id\":\"https:\\\/\\\/www.rri.ro\\\/#website\"},\"primaryImageOfPage\":{\"@id\":\"https:\\\/\\\/www.rri.ro\\\/de\\\/feature-reportage\\\/pro-memoria-zur-geschichte-rumaeniens\\\/erster-weltkrieg-die-schlacht-um-verdun-und-der-kriegseintritt-rumaeniens-id628775.html#primaryimage\"},\"image\":{\"@id\":\"https:\\\/\\\/www.rri.ro\\\/de\\\/feature-reportage\\\/pro-memoria-zur-geschichte-rumaeniens\\\/erster-weltkrieg-die-schlacht-um-verdun-und-der-kriegseintritt-rumaeniens-id628775.html#primaryimage\"},\"thumbnailUrl\":\"https:\\\/\\\/www.rri.ro\\\/wp-content\\\/uploads\\\/2023\\\/10\\\/soldati-verdun-1916.png\",\"datePublished\":\"2016-08-15T14:45:00+00:00\",\"author\":{\"@id\":\"https:\\\/\\\/www.rri.ro\\\/#\\\/schema\\\/person\\\/32dfff47877fea659b3b498015876c1d\"},\"breadcrumb\":{\"@id\":\"https:\\\/\\\/www.rri.ro\\\/de\\\/feature-reportage\\\/pro-memoria-zur-geschichte-rumaeniens\\\/erster-weltkrieg-die-schlacht-um-verdun-und-der-kriegseintritt-rumaeniens-id628775.html#breadcrumb\"},\"inLanguage\":\"de\",\"potentialAction\":[{\"@type\":\"ReadAction\",\"target\":[\"https:\\\/\\\/www.rri.ro\\\/de\\\/feature-reportage\\\/pro-memoria-zur-geschichte-rumaeniens\\\/erster-weltkrieg-die-schlacht-um-verdun-und-der-kriegseintritt-rumaeniens-id628775.html\"]}]},{\"@type\":\"ImageObject\",\"inLanguage\":\"de\",\"@id\":\"https:\\\/\\\/www.rri.ro\\\/de\\\/feature-reportage\\\/pro-memoria-zur-geschichte-rumaeniens\\\/erster-weltkrieg-die-schlacht-um-verdun-und-der-kriegseintritt-rumaeniens-id628775.html#primaryimage\",\"url\":\"https:\\\/\\\/www.rri.ro\\\/wp-content\\\/uploads\\\/2023\\\/10\\\/soldati-verdun-1916.png\",\"contentUrl\":\"https:\\\/\\\/www.rri.ro\\\/wp-content\\\/uploads\\\/2023\\\/10\\\/soldati-verdun-1916.png\",\"width\":640,\"height\":467},{\"@type\":\"BreadcrumbList\",\"@id\":\"https:\\\/\\\/www.rri.ro\\\/de\\\/feature-reportage\\\/pro-memoria-zur-geschichte-rumaeniens\\\/erster-weltkrieg-die-schlacht-um-verdun-und-der-kriegseintritt-rumaeniens-id628775.html#breadcrumb\",\"itemListElement\":[{\"@type\":\"ListItem\",\"position\":1,\"name\":\"Startseite\",\"item\":\"https:\\\/\\\/www.rri.ro\\\/de\"},{\"@type\":\"ListItem\",\"position\":2,\"name\":\"Feature &amp; Reportage\",\"item\":\"https:\\\/\\\/www.rri.ro\\\/de\\\/feature-reportage\"},{\"@type\":\"ListItem\",\"position\":3,\"name\":\"Pro Memoria \u2013 zur Geschichte Rum\u00e4niens\",\"item\":\"https:\\\/\\\/www.rri.ro\\\/de\\\/feature-reportage\\\/pro-memoria-zur-geschichte-rumaeniens\"},{\"@type\":\"ListItem\",\"position\":4,\"name\":\"Erster Weltkrieg: Die Schlacht um Verdun und der Kriegseintritt Rum\u00e4niens\"}]},{\"@type\":\"WebSite\",\"@id\":\"https:\\\/\\\/www.rri.ro\\\/#website\",\"url\":\"https:\\\/\\\/www.rri.ro\\\/\",\"name\":\"Radio Rum\u00e4nien International\",\"description\":\"Totul despre Rom\u00e2nia \u015fi rom\u00e2ni, \u00een 13 limbi\\\/dialecte!\",\"inLanguage\":\"de\"},{\"@type\":\"Person\",\"@id\":\"https:\\\/\\\/www.rri.ro\\\/#\\\/schema\\\/person\\\/32dfff47877fea659b3b498015876c1d\",\"name\":\"Steliu Lambru\",\"url\":\"https:\\\/\\\/www.rri.ro\\\/de\\\/author\\\/steliu-lambru\"}]}<\/script>\n<!-- \/ Yoast SEO plugin. -->","yoast_head_json":{"title":"Erster Weltkrieg: Die Schlacht um Verdun und der Kriegseintritt Rum\u00e4niens - Radio Rum\u00e4nien International","robots":{"index":"index","follow":"follow","max-snippet":"max-snippet:-1","max-image-preview":"max-image-preview:large","max-video-preview":"max-video-preview:-1"},"canonical":"https:\/\/www.rri.ro\/de\/feature-reportage\/pro-memoria-zur-geschichte-rumaeniens\/erster-weltkrieg-die-schlacht-um-verdun-und-der-kriegseintritt-rumaeniens-id628775.html","og_locale":"de_DE","og_type":"article","og_title":"Erster Weltkrieg: Die Schlacht um Verdun und der Kriegseintritt Rum\u00e4niens - Radio Rum\u00e4nien International","og_description":"Die aufreibende Schlacht um Verdun 1916 hatte f\u00fcr den weiteren Verlauf des Ersten Weltkriegs eine wichtige Bedeutung. Indirekt auch f\u00fcr das bis dahin neutrale Rum\u00e4nien, das 1917 auf Seite der Entente in den Krieg eintrat.","og_url":"https:\/\/www.rri.ro\/de\/feature-reportage\/pro-memoria-zur-geschichte-rumaeniens\/erster-weltkrieg-die-schlacht-um-verdun-und-der-kriegseintritt-rumaeniens-id628775.html","og_site_name":"Radio Rum\u00e4nien International","article_published_time":"2016-08-15T14:45:00+00:00","og_image":[{"width":640,"height":467,"url":"https:\/\/www.rri.ro\/wp-content\/uploads\/2023\/10\/soldati-verdun-1916.png","type":"image\/png"}],"author":"Steliu Lambru","twitter_card":"summary_large_image","twitter_misc":{"Verfasst von":"Steliu Lambru","Gesch\u00e4tzte Lesezeit":"5\u00a0Minuten","Written by":"Steliu Lambru"},"schema":{"@context":"https:\/\/schema.org","@graph":[{"@type":"Article","@id":"https:\/\/www.rri.ro\/de\/feature-reportage\/pro-memoria-zur-geschichte-rumaeniens\/erster-weltkrieg-die-schlacht-um-verdun-und-der-kriegseintritt-rumaeniens-id628775.html#article","isPartOf":{"@id":"https:\/\/www.rri.ro\/de\/feature-reportage\/pro-memoria-zur-geschichte-rumaeniens\/erster-weltkrieg-die-schlacht-um-verdun-und-der-kriegseintritt-rumaeniens-id628775.html"},"author":{"name":"Steliu Lambru","@id":"https:\/\/www.rri.ro\/#\/schema\/person\/32dfff47877fea659b3b498015876c1d"},"headline":"Erster Weltkrieg: Die Schlacht um Verdun und der Kriegseintritt Rum\u00e4niens","datePublished":"2016-08-15T14:45:00+00:00","mainEntityOfPage":{"@id":"https:\/\/www.rri.ro\/de\/feature-reportage\/pro-memoria-zur-geschichte-rumaeniens\/erster-weltkrieg-die-schlacht-um-verdun-und-der-kriegseintritt-rumaeniens-id628775.html"},"wordCount":1105,"image":{"@id":"https:\/\/www.rri.ro\/de\/feature-reportage\/pro-memoria-zur-geschichte-rumaeniens\/erster-weltkrieg-die-schlacht-um-verdun-und-der-kriegseintritt-rumaeniens-id628775.html#primaryimage"},"thumbnailUrl":"https:\/\/www.rri.ro\/wp-content\/uploads\/2023\/10\/soldati-verdun-1916.png","keywords":["Deutschland","Entente","erster Weltkrieg","Mittelm\u00e4chte","\u00d6sterreich-Ungarn","Rum\u00e4nien","Verdun"],"articleSection":["Pro Memoria \u2013 zur Geschichte Rum\u00e4niens"],"inLanguage":"de"},{"@type":"WebPage","@id":"https:\/\/www.rri.ro\/de\/feature-reportage\/pro-memoria-zur-geschichte-rumaeniens\/erster-weltkrieg-die-schlacht-um-verdun-und-der-kriegseintritt-rumaeniens-id628775.html","url":"https:\/\/www.rri.ro\/de\/feature-reportage\/pro-memoria-zur-geschichte-rumaeniens\/erster-weltkrieg-die-schlacht-um-verdun-und-der-kriegseintritt-rumaeniens-id628775.html","name":"Erster Weltkrieg: Die Schlacht um Verdun und der Kriegseintritt Rum\u00e4niens - Radio Rum\u00e4nien International","isPartOf":{"@id":"https:\/\/www.rri.ro\/#website"},"primaryImageOfPage":{"@id":"https:\/\/www.rri.ro\/de\/feature-reportage\/pro-memoria-zur-geschichte-rumaeniens\/erster-weltkrieg-die-schlacht-um-verdun-und-der-kriegseintritt-rumaeniens-id628775.html#primaryimage"},"image":{"@id":"https:\/\/www.rri.ro\/de\/feature-reportage\/pro-memoria-zur-geschichte-rumaeniens\/erster-weltkrieg-die-schlacht-um-verdun-und-der-kriegseintritt-rumaeniens-id628775.html#primaryimage"},"thumbnailUrl":"https:\/\/www.rri.ro\/wp-content\/uploads\/2023\/10\/soldati-verdun-1916.png","datePublished":"2016-08-15T14:45:00+00:00","author":{"@id":"https:\/\/www.rri.ro\/#\/schema\/person\/32dfff47877fea659b3b498015876c1d"},"breadcrumb":{"@id":"https:\/\/www.rri.ro\/de\/feature-reportage\/pro-memoria-zur-geschichte-rumaeniens\/erster-weltkrieg-die-schlacht-um-verdun-und-der-kriegseintritt-rumaeniens-id628775.html#breadcrumb"},"inLanguage":"de","potentialAction":[{"@type":"ReadAction","target":["https:\/\/www.rri.ro\/de\/feature-reportage\/pro-memoria-zur-geschichte-rumaeniens\/erster-weltkrieg-die-schlacht-um-verdun-und-der-kriegseintritt-rumaeniens-id628775.html"]}]},{"@type":"ImageObject","inLanguage":"de","@id":"https:\/\/www.rri.ro\/de\/feature-reportage\/pro-memoria-zur-geschichte-rumaeniens\/erster-weltkrieg-die-schlacht-um-verdun-und-der-kriegseintritt-rumaeniens-id628775.html#primaryimage","url":"https:\/\/www.rri.ro\/wp-content\/uploads\/2023\/10\/soldati-verdun-1916.png","contentUrl":"https:\/\/www.rri.ro\/wp-content\/uploads\/2023\/10\/soldati-verdun-1916.png","width":640,"height":467},{"@type":"BreadcrumbList","@id":"https:\/\/www.rri.ro\/de\/feature-reportage\/pro-memoria-zur-geschichte-rumaeniens\/erster-weltkrieg-die-schlacht-um-verdun-und-der-kriegseintritt-rumaeniens-id628775.html#breadcrumb","itemListElement":[{"@type":"ListItem","position":1,"name":"Startseite","item":"https:\/\/www.rri.ro\/de"},{"@type":"ListItem","position":2,"name":"Feature &amp; Reportage","item":"https:\/\/www.rri.ro\/de\/feature-reportage"},{"@type":"ListItem","position":3,"name":"Pro Memoria \u2013 zur Geschichte Rum\u00e4niens","item":"https:\/\/www.rri.ro\/de\/feature-reportage\/pro-memoria-zur-geschichte-rumaeniens"},{"@type":"ListItem","position":4,"name":"Erster Weltkrieg: Die Schlacht um Verdun und der Kriegseintritt Rum\u00e4niens"}]},{"@type":"WebSite","@id":"https:\/\/www.rri.ro\/#website","url":"https:\/\/www.rri.ro\/","name":"Radio Rum\u00e4nien International","description":"Totul despre Rom\u00e2nia \u015fi rom\u00e2ni, \u00een 13 limbi\/dialecte!","inLanguage":"de"},{"@type":"Person","@id":"https:\/\/www.rri.ro\/#\/schema\/person\/32dfff47877fea659b3b498015876c1d","name":"Steliu Lambru","url":"https:\/\/www.rri.ro\/de\/author\/steliu-lambru"}]}},"_links":{"self":[{"href":"https:\/\/www.rri.ro\/de\/wp-json\/wp\/v2\/posts\/628775","targetHints":{"allow":["GET"]}}],"collection":[{"href":"https:\/\/www.rri.ro\/de\/wp-json\/wp\/v2\/posts"}],"about":[{"href":"https:\/\/www.rri.ro\/de\/wp-json\/wp\/v2\/types\/post"}],"author":[{"embeddable":true,"href":"https:\/\/www.rri.ro\/de\/wp-json\/wp\/v2\/users\/127"}],"replies":[{"embeddable":true,"href":"https:\/\/www.rri.ro\/de\/wp-json\/wp\/v2\/comments?post=628775"}],"version-history":[{"count":0,"href":"https:\/\/www.rri.ro\/de\/wp-json\/wp\/v2\/posts\/628775\/revisions"}],"wp:featuredmedia":[{"embeddable":true,"href":"https:\/\/www.rri.ro\/de\/wp-json\/wp\/v2\/media\/129601"}],"wp:attachment":[{"href":"https:\/\/www.rri.ro\/de\/wp-json\/wp\/v2\/media?parent=628775"}],"wp:term":[{"taxonomy":"category","embeddable":true,"href":"https:\/\/www.rri.ro\/de\/wp-json\/wp\/v2\/categories?post=628775"},{"taxonomy":"post_tag","embeddable":true,"href":"https:\/\/www.rri.ro\/de\/wp-json\/wp\/v2\/tags?post=628775"},{"taxonomy":"author","embeddable":true,"href":"https:\/\/www.rri.ro\/de\/wp-json\/wp\/v2\/coauthors?post=628775"}],"curies":[{"name":"wp","href":"https:\/\/api.w.org\/{rel}","templated":true}]}}