{"id":628800,"date":"2017-01-23T17:30:00","date_gmt":"2017-01-23T15:30:00","guid":{"rendered":"http:\/\/devrri.freshlemon.ro\/aktuell\/aufstand-der-faschistischen-legionaere-1941-chaos-gewalt-und-antijuedische-pogrome-id628800.html"},"modified":"2017-01-23T17:30:00","modified_gmt":"2017-01-23T15:30:00","slug":"aufstand-der-faschistischen-legionaere-1941-chaos-gewalt-und-antijuedische-pogrome","status":"publish","type":"post","link":"https:\/\/www.rri.ro\/de\/feature-reportage\/pro-memoria-zur-geschichte-rumaeniens\/aufstand-der-faschistischen-legionaere-1941-chaos-gewalt-und-antijuedische-pogrome-id628800.html","title":{"rendered":"Aufstand der faschistischen Legion\u00e4re 1941: Chaos, Gewalt und antij\u00fcdische Pogrome"},"content":{"rendered":"<p>Es ging dabei um einen Kampf um die vollst\u00e4ndige Machtergreifung im Staat zwischen der Eisernen Garde einerseits, der faschistischen Partei aus der Zwischenkriegszeit, und dem General Ion Antonescu auf der anderen Seite, der von der Armee und Hitler unterst\u00fctzt wurde. Die Rebellion der Nationalen Legion war eine Reihe von \u00dcbergriffen der Eisernen Garde gegen die wichtigsten Staatsbeh\u00f6rden, das Milit\u00e4r und die Gendarmerie sowie gegen einen Teil der j\u00fcdischen Gemeinde. Die Stra\u200e\u00dfen der Hauptstadt Bukarest und weiterer St\u00e4dte des Landes waren f\u00fcr einige Tage von Chaos und Gewalt beherrscht.<\/p>\n<p>&#13;<br \/>\n&#13;<\/p>\n<p>&#13;<br \/>\n&#13;<\/p>\n<p>Die Historikerin Eliza Campus erinnerte sich 1999 im Interview mit dem Zentrum f\u00fcr M\u00fcndliche Geschichte des Rum\u00e4nischen Rundfunks an jene Tage zur\u00fcck. Die Schulleiterin j\u00fcdischer Abstammung habe laut eigener Aussage das Gl\u00fcck gehabt, Menschen zu begegnen, die vom Fanatismus der Legion\u00e4re nicht ber\u00fchrt gewesen seien.<\/p>\n<p>&#13;<br \/>\n&#13;<\/p>\n<p>&#13;<br \/>\n&#13;<\/p>\n<p><em>W\u00e4hrend der Rebellion wohnte ich in der damaligen Bela-Breiner-Stra\u200e\u00dfe, der Hausbesitzer war Legionsmitglied, er hie\u200e\u00df Niculescu. Aber er hegte eine gewisse Sympathie mir gegen\u00fcber. Es gab ein Haus im hinteren Bereich und vorne war ein Apartment. Ich habe ihn angesprochen. \u201aH\u00f6ren Sie mal, ich habe geh\u00f6rt, dass es Kontrollen geben wird. Was haben Sie vor?\u2018 Und er antwortete: \u201aIch werde dann sagen, dass in dem Haus hier nur Christen wohnen.\u2018 Und das war\u2019s. Der Mann war in der Tat anst\u00e4ndig. Aber die Legion\u00e4re haben damals meinen Sch\u00fclern, ihren Eltern schreckliche Dinge angetan. Und auch nachdem die Rebellion vorbei war, lebten die Leute weiterhin in Angst und Schrecken. Jetzt kann ich nicht behaupten, dass sich das Stra\u200e\u00dfenbild unbedingt ver\u00e4ndert hatte, die Leute gingen weiter normal ihren Dingen nach. Aber in den H\u00e4usern selbst hatte man sein Bestes getan, um sich zu verbarrikadieren. Auf der Stra\u200e\u00dfe ging man wie sonst auch, ich bin selbst t\u00e4glich rausgegangen. Aber die Legion\u00e4re gingen direkt in die H\u00e4user hinein und nahmen die Menschen als Geiseln mit oder t\u00f6teten sie direkt an Ort und Stelle. Sie besetzten die Schule in der ich unterrichtete, sie r\u00fcckten ihre Pistolen und bedrohten uns, da sind wir alle auf den Hof gegangen. Wir standen alle dort, mit 800 Sch\u00fclerinnen, zum Gl\u00fcck war es ein sehr gro\u200e\u00dfer Hof. Sie hatten nur die Schule besetzt, auf den Hof durfte ich gehen. Aber sie nahmen mir die Notenhefte weg, sie nahmen alles mit, es blieb einfach nichts. Sp\u00e4ter fand ich sie im Staatsarchiv wieder, denn sie hatten sie dorthin gebracht, ich nahm alle Dokumente wieder mit.\u201c<\/em><\/p>\n<p>&#13;<br \/>\n&#13;<\/p>\n<p>&#13;<br \/>\n&#13;<\/p>\n<p>&#13;<br \/>\n&#13;<\/p>\n<p>Constantin Matei arbeitete als Techniker beim Rum\u00e4nischen Rundfunk, er leitete ferner die Radiozelle der Legion. Er war im September 1940 der Legion\u00e4rsbewegung beigetreten. Im Interview mit Radio Rum\u00e4nien erinnerte auch er sich an die Rebellion.<\/p>\n<p>&#13;<br \/>\n&#13;<\/p>\n<p>&#13;<br \/>\n&#13;<\/p>\n<p><em>Ich hatte gerade Dienst und war im Studio. Es trat auch die Armee vor das Mikrophon, es wurden die Mitteilungen vom Vorsitz des Ministerrates durchgegeben, es sprachen auch die vom Sekretariat der Legion\u00e4rsbewegung. Ich wurde zum Pr\u00e4sidenten bestellt, zum Generaldirektor M\u00eenzatu, von den Sprechern wurde Dan Andronescu eingeladen und ich vom technischen Dienst. Es war 12 Uhr Mitternacht. Ion Antonescu stand im Schlafanzug vor dem Schreibtisch, ebenso sein Stellvertreter, Mihai Antonescu, der sich gegen ein B\u00fccherregal lehnte. Antonescu fragte: \u201aWer hat euch den Auftrag gegeben, die Mitteilungen im Radio zu senden?\u2018 Er sprach dabei M\u00eenzatu an, der ihm antwortete: \u201aSie haben angeordnet, dass alle Mitteilungen vom Vorsitz und der Legion\u00e4rsbewegung direkt an die Radiosprecher weitergegeben werden.\u2018 Und da hat Antonescu gesagt: \u201aWill mir Horia Sima [der Anf\u00fchrer der Legion\u00e4re &#8212; Anm. d. Red.] mit den Arbeitern von den Malaxa-Werken beweisen, dass er das Land hinter sich hat? Ich zeige euch morgen, dass die Intellektuellen und die Landesarmee mit dem General Antonescu sind und ihr euch lieber um eure Sachen k\u00fcmmern sollt! Sendet keine Mitteilungen mehr, h\u00f6rt mit der Agitation auf! Sendet nichts anderes als das, was wir euch vom Vorsitz des Ministerrates schicken!\u2018 Ich bin zur Sendeanlage in B\u0103neasa gefahren und dort war die deutsche Armee. Ein Kapit\u00e4n, der sehr gut Rum\u00e4nisch konnte, sagte uns: \u201aHoria Sima kennt sich nicht aus in der Politik. Ihr tut mir leid, regt euch ab, denn Antonescu hat die Partie gewonnen!\u2018\u201c<\/em><\/p>\n<p>&#13;<br \/>\n&#13;<\/p>\n<p>&#13;<br \/>\n&#13;<\/p>\n<p>&#13;<br \/>\n&#13;<\/p>\n<p>Der damals leitende General der Gendarmerie, Mihail Baron, gab 1995 selbst ein Interview f\u00fcr das Zentrum f\u00fcr M\u00fcndliche Geschichte. Vor allem die Ausf\u00fchrung der erhaltenen Befehle sei ihm in Erinnerung geblieben.<\/p>\n<p>&#13;<br \/>\n&#13;<\/p>\n<p>&#13;<br \/>\n&#13;<\/p>\n<p><em>Am Morgen des 21. Januar haben sie den Angriff auf die Lokal- und Zentralbeh\u00f6rden landesweit gestartet. Dank der \u00fcberraschenden Aktion konnten sie das Justizministerium, den Sitz des Amtsblattes und andere Institutionen besetzen, darunter die Nationalbank, die Sparkasse, die zentrale Poststelle. Nur den Rundfunk haben sie nicht bekommen. Sie konnten zwar den Radiosender in Bod [bei Kronstadt] besetzen, aber in Bukarest gelang ihnen das nicht, weil der Rundfunk von der Gendarmerie bewacht wurde und sie auch entsprechend reagierten. Und weil sie doch mit den restlichen Landesteilen kommunizieren wollten, haben sie dann die unterirdischen Kabelleitungen abgeklemmt und die Verbindung zu einem mobilen Sender hergestellt, mit dem sie angeblich aus der Hauptstadt berichteten und Geschichten verbreiteten, wonach die Regierung gefallen sei und die Legion\u00e4re gesiegt h\u00e4tten. Auch haben sie \u00fcberall Plakate geklebt. Einige waren gelb oder rot, auf anderen wurden die Freimaurer angegriffen, auf weiteren die Kommunisten &#8212; dadurch wollten sie noch mehr Spannungen erzeugen. Am 21. Januar marschierten auf allen Stra\u200e\u00dfen die Legion\u00e4re. Sie riefen laut &rsaquo;Sieg der Legion!&lsaquo;. Sie versperrten die Stra\u200e\u00dfen mit geparkten LKWs, mit Stra\u200e\u00dfenbahnen, mit Bussen, mit Betonmischern, mit Benzinf\u00e4ssern, die sie bei Bedarf anz\u00fcnden wollten. Am 22. Januar, gegen 14 Uhr, als Marschall Antonescu sah, wie viele Gewaltverbrechen begangen worden waren, dass es hunderte Verletzte gab, erteilte er der Armee den Befehl, einzugreifen, den Widerstand zu brechen und die Rebellen festzunehmen.\u201c<\/em><\/p>\n<p>&#13;<br \/>\n&#13;<\/p>\n<p>&#13;<br \/>\n&#13;<\/p>\n<p>&#13;<br \/>\n&#13;<\/p>\n<p>Nach der Rebellion wurden etwa 8000 Legion\u00e4re festgenommen, angeklagt und zu verschiedenen Strafen verurteilt. Rund 700 von ihnen, allen voran Horia Sima, suchten in Deutschland Zuflucht. Infolge der Ereignisse blieb Ion Antonescu der alleinige Herrscher \u00fcber die politische Szene in Rum\u00e4nien.<\/p>\n<p>&#13;<\/p>\n","protected":false},"excerpt":{"rendered":"<p>Die gewaltt\u00e4tigen Auseinandersetzungen vom 21.\u201323. Januar 1941 sind unter der allgemeinen Bezeichnung Rebellion der Nationalen Legion\u201c in die Geschichte Rum\u00e4niens eingegangen.<\/p>\n","protected":false},"author":127,"featured_media":628801,"comment_status":"closed","ping_status":"closed","sticky":false,"template":"","format":"standard","meta":{"_acf_changed":false,"footnotes":""},"categories":[116755],"tags":[100908,100753,118298,101134,85958,118297,95355,118930,1941,99589],"coauthors":[],"class_list":["post-628800","post","type-post","status-publish","format-standard","has-post-thumbnail","hentry","category-pro-memoria-zur-geschichte-rumaeniens","tag-antisemitismus","tag-aufstand","tag-faschismus","tag-gewalt","tag-legion","tag-legionaere","tag-pogrome","tag-rebellion","tag-romani-in-marea-britanie-noua-tulpina-covid-transport","tag-rumaenien"],"acf":[],"yoast_head":"<!-- This site is optimized with the Yoast SEO plugin v27.3 - https:\/\/yoast.com\/product\/yoast-seo-wordpress\/ -->\n<title>Aufstand der faschistischen Legion\u00e4re 1941: Chaos, Gewalt und antij\u00fcdische Pogrome - Radio Rum\u00e4nien International<\/title>\n<meta name=\"robots\" content=\"index, follow, max-snippet:-1, max-image-preview:large, max-video-preview:-1\" \/>\n<link rel=\"canonical\" href=\"https:\/\/www.rri.ro\/de\/feature-reportage\/pro-memoria-zur-geschichte-rumaeniens\/aufstand-der-faschistischen-legionaere-1941-chaos-gewalt-und-antijuedische-pogrome-id628800.html\" \/>\n<meta property=\"og:locale\" content=\"de_DE\" \/>\n<meta property=\"og:type\" content=\"article\" \/>\n<meta property=\"og:title\" content=\"Aufstand der faschistischen Legion\u00e4re 1941: Chaos, Gewalt und antij\u00fcdische Pogrome - Radio Rum\u00e4nien International\" \/>\n<meta property=\"og:description\" content=\"Die gewaltt\u00e4tigen Auseinandersetzungen vom 21.\u201323. Januar 1941 sind unter der allgemeinen Bezeichnung Rebellion der Nationalen Legion\u201c in die Geschichte Rum\u00e4niens eingegangen.\" \/>\n<meta property=\"og:url\" content=\"https:\/\/www.rri.ro\/de\/feature-reportage\/pro-memoria-zur-geschichte-rumaeniens\/aufstand-der-faschistischen-legionaere-1941-chaos-gewalt-und-antijuedische-pogrome-id628800.html\" \/>\n<meta property=\"og:site_name\" content=\"Radio Rum\u00e4nien International\" \/>\n<meta property=\"article:published_time\" content=\"2017-01-23T15:30:00+00:00\" \/>\n<meta property=\"og:image\" content=\"https:\/\/www.rri.ro\/wp-content\/uploads\/2024\/02\/horia-sima-legionari-1940-wikimedia.jpg\" \/>\n\t<meta property=\"og:image:width\" content=\"640\" \/>\n\t<meta property=\"og:image:height\" content=\"480\" \/>\n\t<meta property=\"og:image:type\" content=\"image\/png\" \/>\n<meta name=\"author\" content=\"Steliu Lambru\" \/>\n<meta name=\"twitter:card\" content=\"summary_large_image\" \/>\n<meta name=\"twitter:label1\" content=\"Verfasst von\" \/>\n\t<meta name=\"twitter:data1\" content=\"Steliu Lambru\" \/>\n\t<meta name=\"twitter:label2\" content=\"Gesch\u00e4tzte Lesezeit\" \/>\n\t<meta name=\"twitter:data2\" content=\"5\u00a0Minuten\" \/>\n\t<meta name=\"twitter:label3\" content=\"Written by\" \/>\n\t<meta name=\"twitter:data3\" content=\"Steliu Lambru\" \/>\n<script type=\"application\/ld+json\" class=\"yoast-schema-graph\">{\"@context\":\"https:\\\/\\\/schema.org\",\"@graph\":[{\"@type\":\"Article\",\"@id\":\"https:\\\/\\\/www.rri.ro\\\/de\\\/feature-reportage\\\/pro-memoria-zur-geschichte-rumaeniens\\\/aufstand-der-faschistischen-legionaere-1941-chaos-gewalt-und-antijuedische-pogrome-id628800.html#article\",\"isPartOf\":{\"@id\":\"https:\\\/\\\/www.rri.ro\\\/de\\\/feature-reportage\\\/pro-memoria-zur-geschichte-rumaeniens\\\/aufstand-der-faschistischen-legionaere-1941-chaos-gewalt-und-antijuedische-pogrome-id628800.html\"},\"author\":{\"name\":\"Steliu Lambru\",\"@id\":\"https:\\\/\\\/www.rri.ro\\\/#\\\/schema\\\/person\\\/32dfff47877fea659b3b498015876c1d\"},\"headline\":\"Aufstand der faschistischen Legion\u00e4re 1941: Chaos, Gewalt und antij\u00fcdische Pogrome\",\"datePublished\":\"2017-01-23T15:30:00+00:00\",\"mainEntityOfPage\":{\"@id\":\"https:\\\/\\\/www.rri.ro\\\/de\\\/feature-reportage\\\/pro-memoria-zur-geschichte-rumaeniens\\\/aufstand-der-faschistischen-legionaere-1941-chaos-gewalt-und-antijuedische-pogrome-id628800.html\"},\"wordCount\":1034,\"image\":{\"@id\":\"https:\\\/\\\/www.rri.ro\\\/de\\\/feature-reportage\\\/pro-memoria-zur-geschichte-rumaeniens\\\/aufstand-der-faschistischen-legionaere-1941-chaos-gewalt-und-antijuedische-pogrome-id628800.html#primaryimage\"},\"thumbnailUrl\":\"https:\\\/\\\/www.rri.ro\\\/wp-content\\\/uploads\\\/2024\\\/02\\\/horia-sima-legionari-1940-wikimedia.jpg\",\"keywords\":[\"Antisemitismus\",\"Aufstand\",\"Faschismus\",\"Gewalt\",\"L\u00e9gion\",\"Legion\u00e4re\",\"pogrome\",\"Rebellion\",\"romani in Marea Britanie, noua tulpina COVID, transport\",\"Rum\u00e4nien\"],\"articleSection\":[\"Pro Memoria \u2013 zur Geschichte Rum\u00e4niens\"],\"inLanguage\":\"de\"},{\"@type\":\"WebPage\",\"@id\":\"https:\\\/\\\/www.rri.ro\\\/de\\\/feature-reportage\\\/pro-memoria-zur-geschichte-rumaeniens\\\/aufstand-der-faschistischen-legionaere-1941-chaos-gewalt-und-antijuedische-pogrome-id628800.html\",\"url\":\"https:\\\/\\\/www.rri.ro\\\/de\\\/feature-reportage\\\/pro-memoria-zur-geschichte-rumaeniens\\\/aufstand-der-faschistischen-legionaere-1941-chaos-gewalt-und-antijuedische-pogrome-id628800.html\",\"name\":\"Aufstand der faschistischen Legion\u00e4re 1941: Chaos, Gewalt und antij\u00fcdische Pogrome - Radio Rum\u00e4nien International\",\"isPartOf\":{\"@id\":\"https:\\\/\\\/www.rri.ro\\\/#website\"},\"primaryImageOfPage\":{\"@id\":\"https:\\\/\\\/www.rri.ro\\\/de\\\/feature-reportage\\\/pro-memoria-zur-geschichte-rumaeniens\\\/aufstand-der-faschistischen-legionaere-1941-chaos-gewalt-und-antijuedische-pogrome-id628800.html#primaryimage\"},\"image\":{\"@id\":\"https:\\\/\\\/www.rri.ro\\\/de\\\/feature-reportage\\\/pro-memoria-zur-geschichte-rumaeniens\\\/aufstand-der-faschistischen-legionaere-1941-chaos-gewalt-und-antijuedische-pogrome-id628800.html#primaryimage\"},\"thumbnailUrl\":\"https:\\\/\\\/www.rri.ro\\\/wp-content\\\/uploads\\\/2024\\\/02\\\/horia-sima-legionari-1940-wikimedia.jpg\",\"datePublished\":\"2017-01-23T15:30:00+00:00\",\"author\":{\"@id\":\"https:\\\/\\\/www.rri.ro\\\/#\\\/schema\\\/person\\\/32dfff47877fea659b3b498015876c1d\"},\"breadcrumb\":{\"@id\":\"https:\\\/\\\/www.rri.ro\\\/de\\\/feature-reportage\\\/pro-memoria-zur-geschichte-rumaeniens\\\/aufstand-der-faschistischen-legionaere-1941-chaos-gewalt-und-antijuedische-pogrome-id628800.html#breadcrumb\"},\"inLanguage\":\"de\",\"potentialAction\":[{\"@type\":\"ReadAction\",\"target\":[\"https:\\\/\\\/www.rri.ro\\\/de\\\/feature-reportage\\\/pro-memoria-zur-geschichte-rumaeniens\\\/aufstand-der-faschistischen-legionaere-1941-chaos-gewalt-und-antijuedische-pogrome-id628800.html\"]}]},{\"@type\":\"ImageObject\",\"inLanguage\":\"de\",\"@id\":\"https:\\\/\\\/www.rri.ro\\\/de\\\/feature-reportage\\\/pro-memoria-zur-geschichte-rumaeniens\\\/aufstand-der-faschistischen-legionaere-1941-chaos-gewalt-und-antijuedische-pogrome-id628800.html#primaryimage\",\"url\":\"https:\\\/\\\/www.rri.ro\\\/wp-content\\\/uploads\\\/2024\\\/02\\\/horia-sima-legionari-1940-wikimedia.jpg\",\"contentUrl\":\"https:\\\/\\\/www.rri.ro\\\/wp-content\\\/uploads\\\/2024\\\/02\\\/horia-sima-legionari-1940-wikimedia.jpg\",\"width\":640,\"height\":480},{\"@type\":\"BreadcrumbList\",\"@id\":\"https:\\\/\\\/www.rri.ro\\\/de\\\/feature-reportage\\\/pro-memoria-zur-geschichte-rumaeniens\\\/aufstand-der-faschistischen-legionaere-1941-chaos-gewalt-und-antijuedische-pogrome-id628800.html#breadcrumb\",\"itemListElement\":[{\"@type\":\"ListItem\",\"position\":1,\"name\":\"Startseite\",\"item\":\"https:\\\/\\\/www.rri.ro\\\/de\"},{\"@type\":\"ListItem\",\"position\":2,\"name\":\"Feature &amp; Reportage\",\"item\":\"https:\\\/\\\/www.rri.ro\\\/de\\\/feature-reportage\"},{\"@type\":\"ListItem\",\"position\":3,\"name\":\"Pro Memoria \u2013 zur Geschichte Rum\u00e4niens\",\"item\":\"https:\\\/\\\/www.rri.ro\\\/de\\\/feature-reportage\\\/pro-memoria-zur-geschichte-rumaeniens\"},{\"@type\":\"ListItem\",\"position\":4,\"name\":\"Aufstand der faschistischen Legion\u00e4re 1941: Chaos, Gewalt und antij\u00fcdische Pogrome\"}]},{\"@type\":\"WebSite\",\"@id\":\"https:\\\/\\\/www.rri.ro\\\/#website\",\"url\":\"https:\\\/\\\/www.rri.ro\\\/\",\"name\":\"Radio Rum\u00e4nien International\",\"description\":\"Totul despre Rom\u00e2nia \u015fi rom\u00e2ni, \u00een 13 limbi\\\/dialecte!\",\"inLanguage\":\"de\"},{\"@type\":\"Person\",\"@id\":\"https:\\\/\\\/www.rri.ro\\\/#\\\/schema\\\/person\\\/32dfff47877fea659b3b498015876c1d\",\"name\":\"Steliu Lambru\",\"url\":\"https:\\\/\\\/www.rri.ro\\\/de\\\/author\\\/steliu-lambru\"}]}<\/script>\n<!-- \/ Yoast SEO plugin. -->","yoast_head_json":{"title":"Aufstand der faschistischen Legion\u00e4re 1941: Chaos, Gewalt und antij\u00fcdische Pogrome - Radio Rum\u00e4nien International","robots":{"index":"index","follow":"follow","max-snippet":"max-snippet:-1","max-image-preview":"max-image-preview:large","max-video-preview":"max-video-preview:-1"},"canonical":"https:\/\/www.rri.ro\/de\/feature-reportage\/pro-memoria-zur-geschichte-rumaeniens\/aufstand-der-faschistischen-legionaere-1941-chaos-gewalt-und-antijuedische-pogrome-id628800.html","og_locale":"de_DE","og_type":"article","og_title":"Aufstand der faschistischen Legion\u00e4re 1941: Chaos, Gewalt und antij\u00fcdische Pogrome - Radio Rum\u00e4nien International","og_description":"Die gewaltt\u00e4tigen Auseinandersetzungen vom 21.\u201323. Januar 1941 sind unter der allgemeinen Bezeichnung Rebellion der Nationalen Legion\u201c in die Geschichte Rum\u00e4niens eingegangen.","og_url":"https:\/\/www.rri.ro\/de\/feature-reportage\/pro-memoria-zur-geschichte-rumaeniens\/aufstand-der-faschistischen-legionaere-1941-chaos-gewalt-und-antijuedische-pogrome-id628800.html","og_site_name":"Radio Rum\u00e4nien International","article_published_time":"2017-01-23T15:30:00+00:00","og_image":[{"width":640,"height":480,"url":"https:\/\/www.rri.ro\/wp-content\/uploads\/2024\/02\/horia-sima-legionari-1940-wikimedia.jpg","type":"image\/png"}],"author":"Steliu Lambru","twitter_card":"summary_large_image","twitter_misc":{"Verfasst von":"Steliu Lambru","Gesch\u00e4tzte Lesezeit":"5\u00a0Minuten","Written by":"Steliu Lambru"},"schema":{"@context":"https:\/\/schema.org","@graph":[{"@type":"Article","@id":"https:\/\/www.rri.ro\/de\/feature-reportage\/pro-memoria-zur-geschichte-rumaeniens\/aufstand-der-faschistischen-legionaere-1941-chaos-gewalt-und-antijuedische-pogrome-id628800.html#article","isPartOf":{"@id":"https:\/\/www.rri.ro\/de\/feature-reportage\/pro-memoria-zur-geschichte-rumaeniens\/aufstand-der-faschistischen-legionaere-1941-chaos-gewalt-und-antijuedische-pogrome-id628800.html"},"author":{"name":"Steliu Lambru","@id":"https:\/\/www.rri.ro\/#\/schema\/person\/32dfff47877fea659b3b498015876c1d"},"headline":"Aufstand der faschistischen Legion\u00e4re 1941: Chaos, Gewalt und antij\u00fcdische Pogrome","datePublished":"2017-01-23T15:30:00+00:00","mainEntityOfPage":{"@id":"https:\/\/www.rri.ro\/de\/feature-reportage\/pro-memoria-zur-geschichte-rumaeniens\/aufstand-der-faschistischen-legionaere-1941-chaos-gewalt-und-antijuedische-pogrome-id628800.html"},"wordCount":1034,"image":{"@id":"https:\/\/www.rri.ro\/de\/feature-reportage\/pro-memoria-zur-geschichte-rumaeniens\/aufstand-der-faschistischen-legionaere-1941-chaos-gewalt-und-antijuedische-pogrome-id628800.html#primaryimage"},"thumbnailUrl":"https:\/\/www.rri.ro\/wp-content\/uploads\/2024\/02\/horia-sima-legionari-1940-wikimedia.jpg","keywords":["Antisemitismus","Aufstand","Faschismus","Gewalt","L\u00e9gion","Legion\u00e4re","pogrome","Rebellion","romani in Marea Britanie, noua tulpina COVID, transport","Rum\u00e4nien"],"articleSection":["Pro Memoria \u2013 zur Geschichte Rum\u00e4niens"],"inLanguage":"de"},{"@type":"WebPage","@id":"https:\/\/www.rri.ro\/de\/feature-reportage\/pro-memoria-zur-geschichte-rumaeniens\/aufstand-der-faschistischen-legionaere-1941-chaos-gewalt-und-antijuedische-pogrome-id628800.html","url":"https:\/\/www.rri.ro\/de\/feature-reportage\/pro-memoria-zur-geschichte-rumaeniens\/aufstand-der-faschistischen-legionaere-1941-chaos-gewalt-und-antijuedische-pogrome-id628800.html","name":"Aufstand der faschistischen Legion\u00e4re 1941: Chaos, Gewalt und antij\u00fcdische Pogrome - Radio Rum\u00e4nien International","isPartOf":{"@id":"https:\/\/www.rri.ro\/#website"},"primaryImageOfPage":{"@id":"https:\/\/www.rri.ro\/de\/feature-reportage\/pro-memoria-zur-geschichte-rumaeniens\/aufstand-der-faschistischen-legionaere-1941-chaos-gewalt-und-antijuedische-pogrome-id628800.html#primaryimage"},"image":{"@id":"https:\/\/www.rri.ro\/de\/feature-reportage\/pro-memoria-zur-geschichte-rumaeniens\/aufstand-der-faschistischen-legionaere-1941-chaos-gewalt-und-antijuedische-pogrome-id628800.html#primaryimage"},"thumbnailUrl":"https:\/\/www.rri.ro\/wp-content\/uploads\/2024\/02\/horia-sima-legionari-1940-wikimedia.jpg","datePublished":"2017-01-23T15:30:00+00:00","author":{"@id":"https:\/\/www.rri.ro\/#\/schema\/person\/32dfff47877fea659b3b498015876c1d"},"breadcrumb":{"@id":"https:\/\/www.rri.ro\/de\/feature-reportage\/pro-memoria-zur-geschichte-rumaeniens\/aufstand-der-faschistischen-legionaere-1941-chaos-gewalt-und-antijuedische-pogrome-id628800.html#breadcrumb"},"inLanguage":"de","potentialAction":[{"@type":"ReadAction","target":["https:\/\/www.rri.ro\/de\/feature-reportage\/pro-memoria-zur-geschichte-rumaeniens\/aufstand-der-faschistischen-legionaere-1941-chaos-gewalt-und-antijuedische-pogrome-id628800.html"]}]},{"@type":"ImageObject","inLanguage":"de","@id":"https:\/\/www.rri.ro\/de\/feature-reportage\/pro-memoria-zur-geschichte-rumaeniens\/aufstand-der-faschistischen-legionaere-1941-chaos-gewalt-und-antijuedische-pogrome-id628800.html#primaryimage","url":"https:\/\/www.rri.ro\/wp-content\/uploads\/2024\/02\/horia-sima-legionari-1940-wikimedia.jpg","contentUrl":"https:\/\/www.rri.ro\/wp-content\/uploads\/2024\/02\/horia-sima-legionari-1940-wikimedia.jpg","width":640,"height":480},{"@type":"BreadcrumbList","@id":"https:\/\/www.rri.ro\/de\/feature-reportage\/pro-memoria-zur-geschichte-rumaeniens\/aufstand-der-faschistischen-legionaere-1941-chaos-gewalt-und-antijuedische-pogrome-id628800.html#breadcrumb","itemListElement":[{"@type":"ListItem","position":1,"name":"Startseite","item":"https:\/\/www.rri.ro\/de"},{"@type":"ListItem","position":2,"name":"Feature &amp; Reportage","item":"https:\/\/www.rri.ro\/de\/feature-reportage"},{"@type":"ListItem","position":3,"name":"Pro Memoria \u2013 zur Geschichte Rum\u00e4niens","item":"https:\/\/www.rri.ro\/de\/feature-reportage\/pro-memoria-zur-geschichte-rumaeniens"},{"@type":"ListItem","position":4,"name":"Aufstand der faschistischen Legion\u00e4re 1941: Chaos, Gewalt und antij\u00fcdische Pogrome"}]},{"@type":"WebSite","@id":"https:\/\/www.rri.ro\/#website","url":"https:\/\/www.rri.ro\/","name":"Radio Rum\u00e4nien International","description":"Totul despre Rom\u00e2nia \u015fi rom\u00e2ni, \u00een 13 limbi\/dialecte!","inLanguage":"de"},{"@type":"Person","@id":"https:\/\/www.rri.ro\/#\/schema\/person\/32dfff47877fea659b3b498015876c1d","name":"Steliu Lambru","url":"https:\/\/www.rri.ro\/de\/author\/steliu-lambru"}]}},"_links":{"self":[{"href":"https:\/\/www.rri.ro\/de\/wp-json\/wp\/v2\/posts\/628800","targetHints":{"allow":["GET"]}}],"collection":[{"href":"https:\/\/www.rri.ro\/de\/wp-json\/wp\/v2\/posts"}],"about":[{"href":"https:\/\/www.rri.ro\/de\/wp-json\/wp\/v2\/types\/post"}],"author":[{"embeddable":true,"href":"https:\/\/www.rri.ro\/de\/wp-json\/wp\/v2\/users\/127"}],"replies":[{"embeddable":true,"href":"https:\/\/www.rri.ro\/de\/wp-json\/wp\/v2\/comments?post=628800"}],"version-history":[{"count":0,"href":"https:\/\/www.rri.ro\/de\/wp-json\/wp\/v2\/posts\/628800\/revisions"}],"wp:featuredmedia":[{"embeddable":true,"href":"https:\/\/www.rri.ro\/de\/wp-json\/wp\/v2\/media\/628801"}],"wp:attachment":[{"href":"https:\/\/www.rri.ro\/de\/wp-json\/wp\/v2\/media?parent=628800"}],"wp:term":[{"taxonomy":"category","embeddable":true,"href":"https:\/\/www.rri.ro\/de\/wp-json\/wp\/v2\/categories?post=628800"},{"taxonomy":"post_tag","embeddable":true,"href":"https:\/\/www.rri.ro\/de\/wp-json\/wp\/v2\/tags?post=628800"},{"taxonomy":"author","embeddable":true,"href":"https:\/\/www.rri.ro\/de\/wp-json\/wp\/v2\/coauthors?post=628800"}],"curies":[{"name":"wp","href":"https:\/\/api.w.org\/{rel}","templated":true}]}}