{"id":628802,"date":"2017-01-30T19:34:00","date_gmt":"2017-01-30T17:34:00","guid":{"rendered":"http:\/\/devrri.freshlemon.ro\/aktuell\/auslaendische-diplomaten-in-rumaenien-als-zeitzeugen-der-graf-von-saint-aulaire-id628802.html"},"modified":"2017-01-30T19:34:00","modified_gmt":"2017-01-30T17:34:00","slug":"auslaendische-diplomaten-in-rumaenien-als-zeitzeugen-der-graf-von-saint-aulaire","status":"publish","type":"post","link":"https:\/\/www.rri.ro\/de\/feature-reportage\/pro-memoria-zur-geschichte-rumaeniens\/auslaendische-diplomaten-in-rumaenien-als-zeitzeugen-der-graf-von-saint-aulaire-id628802.html","title":{"rendered":"Ausl\u00e4ndische Diplomaten in Rum\u00e4nien als Zeitzeugen: Der Graf von Saint-Aulaire"},"content":{"rendered":"<p>Der Graf wurde 1866 geboren und ist 1954 gestorben. In seinem Buch Notizen eines Botschafters von einst. Rum\u00e4nien 1916-1920\u201c berichtet er \u00fcber den tiefgreifenden Wandel, den Rum\u00e4nien in dieser Zeitspanne durchmachte. 1916 war das Jahr, in dem Rum\u00e4nien in den 1. Weltkrieg eingestiegen ist. Das Buch ist eine der wichtigsten Informationsquellen \u00fcber die politischen Machtspiele und Trag\u00f6dien, die sich am Ende des 1. Weltkriegs abspielten. Saint-Aulaire unterst\u00fctze den Kriegseintritt Rum\u00e4niens. Er war ein Gegner des Kommunismus und ein Freund Rum\u00e4niens. Die Historikerin Alina Pavelescu \u00fcber die Memoiren von Saint-Aulaire:<\/p>\n<p>&#13;<br \/>\n&#13;<\/p>\n<p>&#13;<br \/>\n&#13;<\/p>\n<p><em>Die erste Geschichte, die ich im Buch gelesen habe, handelte vom Treffen von Saint-Aulaire mit dem franz\u00f6sischen Premierminister <a href=\"https:\/\/de.wikipedia.org\/wiki\/Aristide_Briand\" target=\"_blank\" rel=\"noopener\">Aristide Briand<\/a> in dessen B\u00fcro, bevor er nach Rum\u00e4nien kam. Und er schreibt: \u201aSein B\u00fcro war papierarm, so wie sein Kopf ideenarm war.\u2018 Pl\u00f6tzlich wurde er mir sehr sympathisch und ich dachte, ihm m\u00fcssten all diejenigen, die es aufschieben, die Papiere auf ihrem B\u00fcro in Ordnung zu bringen, danken. Ich empfehle, das Buch zweimal zu lesen. Die erste Lekt\u00fcre verl\u00e4uft sehr schnell f\u00fcr uns Rum\u00e4nen, weil sie f\u00fcr uns vorteilhaft ist. Saint-Aulaire liebte K\u00f6nigin Maria. Er erz\u00e4hlt sehr sch\u00f6n \u00fcber die F\u00e4higkeit der Rum\u00e4nen, sich zu opfern, und \u00fcber die Gro\u200e\u00dfz\u00fcgigkeit ihres Opfers. Er berichtet \u00fcber die politische Klasse Rum\u00e4niens so, wie wir es nicht gewohnt sind. Umso mehr da er gegen\u00fcber den franz\u00f6sischen Politikern sehr kritisch ist.\u201c<\/em><\/p>\n<p>&#13;<br \/>\n&#13;<\/p>\n<p>&#13;<br \/>\n&#13;<\/p>\n<p>&#13;<br \/>\n&#13;<\/p>\n<p>Der Graf Saint-Aulaire beweist, dass er die Welt, in der er angekommen war, sehr gut verstanden hat. Alina Pavelescu glaubt, dass uns die zweite Lekt\u00fcre die Bemerkungen des Autors n\u00e4her bringen wird.<\/p>\n<p>&#13;<br \/>\n&#13;<\/p>\n<p>&#13;<br \/>\n&#13;<\/p>\n<p><em>Ich empfehle auch eine zweite Lekt\u00fcre, weil Saint-Aulaire nur anscheinend leicht zu lesen ist. Warum? Er ist ein Adeliger, der eine Republik vertritt, er war ein konservativer Mensch im Dienst einer linksorientierten Regierung. Er war Zivilist und, wie auch viele andere, in einem von Krieg und Armee dominiertes Umfeld, von Soldaten und von ihrer Logik eingesch\u00fcchtert. Wir wissen, wie das Ende ausgeschaut hat, aber wenn wir die Memoiren von Saint-Aulaire lesen, wissen wir das nicht. Es stimmt zwar, dass er seine Memoiren erst 1953 geschrieben hat. Er kannte damals schon das traurige Schicksal Gro\u200e\u00df-Rum\u00e4niens. Einige seiner kritischen Meinungen \u00fcber den Frieden nach dem 1. Weltkrieg werden best\u00e4tigt. Er wei\u200e\u00df aber nicht, wie die Welt, die nach dem Erfolg der Sowjetunion im 2. Weltkrieg entstand, zu Ende ging. Jedes Mal wird der Leser auf unterschiedliche Ebenen versetzt. Als Franzose stammte er aus einer Gesellschaft, die eher russland- als rum\u00e4nienfreundlich war. Saint-Aulaire konnte die Russland-Freundlichkeit nicht ausstehen.\u201c<\/em><\/p>\n<p>&#13;<br \/>\n&#13;<\/p>\n<p>&#13;<br \/>\n&#13;<\/p>\n<p>&#13;<br \/>\n&#13;<\/p>\n<p>Interessant ist es auch, wie Saint-Aulaire von den anderen empfunden wurde. Der Literaturhistoriker Dan C. Mih\u0103ilescu dazu:<\/p>\n<p>&#13;<br \/>\n&#13;<\/p>\n<p>&#13;<br \/>\n&#13;<\/p>\n<p>&#13;<br \/>\n&#13;<\/p>\n<p><em>Der Liberale Politiker <a href=\"https:\/\/en.wikipedia.org\/wiki\/Ion_G._Duca\" target=\"_blank\" rel=\"noopener\">I.G. Duca<\/a> dominierte die ganze diplomatische Welt, er beobachtete und verstand ganz gut die Gesten und Worte der Diplomaten und verglich sie: den Russen Poplewski, der von seinen eigenen Bolschewiken nicht gut angesehen wurde, mit Lord Barclay, der unter dem Einfluss des Bankiers Jean Chrissoveloni stand. Er berichtet auch \u00fcber Saint-Aulaire: \u201aGott, dieser Mensch war ehrlich.\u2018 Wie alle Franzosen wusste er nicht, wie er sich anzupassen hatte. Der arme Saint-Aulaire wusste nicht, wie er sich zwischen den Konservativen von Marghiloman und Carp, die Deutschland-Freunde waren, und den Frankreich-Freunden Br\u0103tianu, Duca, K\u00f6nigin Maria und Barbu \u015etirbey bewegen muss. Duca zeigt aber, wie er sich langsam anpasst und wie dieser Franzose ein Experte im Bereich der merkantilen Psychologie der Rum\u00e4nen wird.\u201c<\/em><\/p>\n<p>&#13;<br \/>\n&#13;<\/p>\n<p>&#13;<br \/>\n&#13;<\/p>\n<p>&#13;<br \/>\n&#13;<\/p>\n<p>Wie auch aus seinen Memoiren hervorgeht, war der Graf von Saint-Aulaire ein Vision\u00e4r &#8212; er hat das Versagen des Kommunismus vorausgesehen. Der Literaturhistoriker Dan C. Mih\u0103ilescu weiter mit seinen Leseeindr\u00fccken:<\/p>\n<p>&#13;<br \/>\n&#13;<\/p>\n<p>&#13;<br \/>\n&#13;<\/p>\n<p><em>Ich bewundere diesen Menschen, weil er in einem linksorientierten Europa den Mut hatte, rechtsorientiert, konservativ zu bleiben. W\u00e4hrend des B\u00fcrgerkriegs in Spanien stand er an der Seite der Nationalisten von Franco. Saint-Aulaire war der Urgro\u200e\u00dfenkel des Oberst Beaupoil, der w\u00e4hrend der Franz\u00f6sischen Revolution, einer europ\u00e4ischen Katastrophe und Vorreiterin der bolschewistischen Revolution, bei Vend\u00e9e gek\u00e4mpft hat. Dieser Mann stand der politischen Spitze Rum\u00e4niens sehr nahe, jener Generation von Politikern, die Gro\u200e\u00dfrum\u00e4nien entstehen lie\u200e\u00dfen. Er ist ein gro\u200e\u00dfartiger subjektiver Zeitzeuge wichtiger historischer Ereignisse. Gleichzeitig verstand er es auch, die kleine Geschichte, die Pikanterien der Zeit und die Machenschaften der franz\u00f6sischen Diplomatie wiederzugeben, die Seilschaften, den Neid und die G\u00fcnstlinge blo\u200e\u00dfzustellen, die es in jeder Diplomatie gibt.\u201c<\/em><\/p>\n<p>&#13;<br \/>\n&#13;<\/p>\n<p>&#13;<br \/>\n&#13;<\/p>\n<p>&#13;<br \/>\n&#13;<\/p>\n<p>Das Buch des Grafen Saint-Aulaire ist das Buch eines Menschen, der die Welt um sich verstanden hat und ihre schwarze Zukunft vorausgesehen hat.<\/p>\n<p>&#13;<\/p>\n","protected":false},"excerpt":{"rendered":"<p>Auguste-F\u00e9lix-Charles de Beaupoil, Graf von Saint-Aulaire, kam im Sommer 1916 als Botschafter Frankreichs nach Bukarest.<\/p>\n","protected":false},"author":127,"featured_media":129832,"comment_status":"closed","ping_status":"closed","sticky":false,"template":"","format":"standard","meta":{"_acf_changed":false,"footnotes":""},"categories":[116755],"tags":[85666,154634,103461,99633,118931,118721,101611,99589],"coauthors":[],"class_list":["post-628802","post","type-post","status-publish","format-standard","has-post-thumbnail","hentry","category-pro-memoria-zur-geschichte-rumaeniens","tag-auguste-felix-charles-de-beaupoil","tag-diplomatie-de","tag-erster-weltkrieg","tag-frankreich","tag-graf-von-saint-aulaire","tag-konservative","tag-liberale","tag-rumaenien"],"acf":[],"yoast_head":"<!-- This site is optimized with the Yoast SEO plugin v27.3 - https:\/\/yoast.com\/product\/yoast-seo-wordpress\/ -->\n<title>Ausl\u00e4ndische Diplomaten in Rum\u00e4nien als Zeitzeugen: Der Graf von Saint-Aulaire - Radio Rum\u00e4nien International<\/title>\n<meta name=\"robots\" content=\"index, follow, max-snippet:-1, max-image-preview:large, max-video-preview:-1\" \/>\n<link rel=\"canonical\" href=\"https:\/\/www.rri.ro\/de\/feature-reportage\/pro-memoria-zur-geschichte-rumaeniens\/auslaendische-diplomaten-in-rumaenien-als-zeitzeugen-der-graf-von-saint-aulaire-id628802.html\" \/>\n<meta property=\"og:locale\" content=\"de_DE\" \/>\n<meta property=\"og:type\" content=\"article\" \/>\n<meta property=\"og:title\" content=\"Ausl\u00e4ndische Diplomaten in Rum\u00e4nien als Zeitzeugen: Der Graf von Saint-Aulaire - Radio Rum\u00e4nien International\" \/>\n<meta property=\"og:description\" content=\"Auguste-F\u00e9lix-Charles de Beaupoil, Graf von Saint-Aulaire, kam im Sommer 1916 als Botschafter Frankreichs nach Bukarest.\" \/>\n<meta property=\"og:url\" content=\"https:\/\/www.rri.ro\/de\/feature-reportage\/pro-memoria-zur-geschichte-rumaeniens\/auslaendische-diplomaten-in-rumaenien-als-zeitzeugen-der-graf-von-saint-aulaire-id628802.html\" \/>\n<meta property=\"og:site_name\" content=\"Radio Rum\u00e4nien International\" \/>\n<meta property=\"article:published_time\" content=\"2017-01-30T17:34:00+00:00\" \/>\n<meta property=\"og:image\" content=\"https:\/\/www.rri.ro\/wp-content\/uploads\/2023\/10\/lansare-carte-contele-saint-aulaire.jpg\" \/>\n\t<meta property=\"og:image:width\" content=\"640\" \/>\n\t<meta property=\"og:image:height\" content=\"453\" \/>\n\t<meta property=\"og:image:type\" content=\"image\/jpeg\" \/>\n<meta name=\"author\" content=\"Steliu Lambru\" \/>\n<meta name=\"twitter:card\" content=\"summary_large_image\" \/>\n<meta name=\"twitter:label1\" content=\"Verfasst von\" \/>\n\t<meta name=\"twitter:data1\" content=\"Steliu Lambru\" \/>\n\t<meta name=\"twitter:label2\" content=\"Gesch\u00e4tzte Lesezeit\" \/>\n\t<meta name=\"twitter:data2\" content=\"4\u00a0Minuten\" \/>\n\t<meta name=\"twitter:label3\" content=\"Written by\" \/>\n\t<meta name=\"twitter:data3\" content=\"Steliu Lambru\" \/>\n<script type=\"application\/ld+json\" class=\"yoast-schema-graph\">{\"@context\":\"https:\\\/\\\/schema.org\",\"@graph\":[{\"@type\":\"Article\",\"@id\":\"https:\\\/\\\/www.rri.ro\\\/de\\\/feature-reportage\\\/pro-memoria-zur-geschichte-rumaeniens\\\/auslaendische-diplomaten-in-rumaenien-als-zeitzeugen-der-graf-von-saint-aulaire-id628802.html#article\",\"isPartOf\":{\"@id\":\"https:\\\/\\\/www.rri.ro\\\/de\\\/feature-reportage\\\/pro-memoria-zur-geschichte-rumaeniens\\\/auslaendische-diplomaten-in-rumaenien-als-zeitzeugen-der-graf-von-saint-aulaire-id628802.html\"},\"author\":{\"name\":\"Steliu Lambru\",\"@id\":\"https:\\\/\\\/www.rri.ro\\\/#\\\/schema\\\/person\\\/32dfff47877fea659b3b498015876c1d\"},\"headline\":\"Ausl\u00e4ndische Diplomaten in Rum\u00e4nien als Zeitzeugen: Der Graf von Saint-Aulaire\",\"datePublished\":\"2017-01-30T17:34:00+00:00\",\"mainEntityOfPage\":{\"@id\":\"https:\\\/\\\/www.rri.ro\\\/de\\\/feature-reportage\\\/pro-memoria-zur-geschichte-rumaeniens\\\/auslaendische-diplomaten-in-rumaenien-als-zeitzeugen-der-graf-von-saint-aulaire-id628802.html\"},\"wordCount\":783,\"image\":{\"@id\":\"https:\\\/\\\/www.rri.ro\\\/de\\\/feature-reportage\\\/pro-memoria-zur-geschichte-rumaeniens\\\/auslaendische-diplomaten-in-rumaenien-als-zeitzeugen-der-graf-von-saint-aulaire-id628802.html#primaryimage\"},\"thumbnailUrl\":\"https:\\\/\\\/www.rri.ro\\\/wp-content\\\/uploads\\\/2023\\\/10\\\/lansare-carte-contele-saint-aulaire.jpg\",\"keywords\":[\"Auguste-F\u00e9lix-Charles de Beaupoil\",\"diplomatie\",\"erster Weltkrieg\",\"Frankreich\",\"Graf von Saint-Aulaire\",\"Konservative\",\"Liberale\",\"Rum\u00e4nien\"],\"articleSection\":[\"Pro Memoria \u2013 zur Geschichte Rum\u00e4niens\"],\"inLanguage\":\"de\"},{\"@type\":\"WebPage\",\"@id\":\"https:\\\/\\\/www.rri.ro\\\/de\\\/feature-reportage\\\/pro-memoria-zur-geschichte-rumaeniens\\\/auslaendische-diplomaten-in-rumaenien-als-zeitzeugen-der-graf-von-saint-aulaire-id628802.html\",\"url\":\"https:\\\/\\\/www.rri.ro\\\/de\\\/feature-reportage\\\/pro-memoria-zur-geschichte-rumaeniens\\\/auslaendische-diplomaten-in-rumaenien-als-zeitzeugen-der-graf-von-saint-aulaire-id628802.html\",\"name\":\"Ausl\u00e4ndische Diplomaten in Rum\u00e4nien als Zeitzeugen: Der Graf von Saint-Aulaire - Radio Rum\u00e4nien International\",\"isPartOf\":{\"@id\":\"https:\\\/\\\/www.rri.ro\\\/#website\"},\"primaryImageOfPage\":{\"@id\":\"https:\\\/\\\/www.rri.ro\\\/de\\\/feature-reportage\\\/pro-memoria-zur-geschichte-rumaeniens\\\/auslaendische-diplomaten-in-rumaenien-als-zeitzeugen-der-graf-von-saint-aulaire-id628802.html#primaryimage\"},\"image\":{\"@id\":\"https:\\\/\\\/www.rri.ro\\\/de\\\/feature-reportage\\\/pro-memoria-zur-geschichte-rumaeniens\\\/auslaendische-diplomaten-in-rumaenien-als-zeitzeugen-der-graf-von-saint-aulaire-id628802.html#primaryimage\"},\"thumbnailUrl\":\"https:\\\/\\\/www.rri.ro\\\/wp-content\\\/uploads\\\/2023\\\/10\\\/lansare-carte-contele-saint-aulaire.jpg\",\"datePublished\":\"2017-01-30T17:34:00+00:00\",\"author\":{\"@id\":\"https:\\\/\\\/www.rri.ro\\\/#\\\/schema\\\/person\\\/32dfff47877fea659b3b498015876c1d\"},\"breadcrumb\":{\"@id\":\"https:\\\/\\\/www.rri.ro\\\/de\\\/feature-reportage\\\/pro-memoria-zur-geschichte-rumaeniens\\\/auslaendische-diplomaten-in-rumaenien-als-zeitzeugen-der-graf-von-saint-aulaire-id628802.html#breadcrumb\"},\"inLanguage\":\"de\",\"potentialAction\":[{\"@type\":\"ReadAction\",\"target\":[\"https:\\\/\\\/www.rri.ro\\\/de\\\/feature-reportage\\\/pro-memoria-zur-geschichte-rumaeniens\\\/auslaendische-diplomaten-in-rumaenien-als-zeitzeugen-der-graf-von-saint-aulaire-id628802.html\"]}]},{\"@type\":\"ImageObject\",\"inLanguage\":\"de\",\"@id\":\"https:\\\/\\\/www.rri.ro\\\/de\\\/feature-reportage\\\/pro-memoria-zur-geschichte-rumaeniens\\\/auslaendische-diplomaten-in-rumaenien-als-zeitzeugen-der-graf-von-saint-aulaire-id628802.html#primaryimage\",\"url\":\"https:\\\/\\\/www.rri.ro\\\/wp-content\\\/uploads\\\/2023\\\/10\\\/lansare-carte-contele-saint-aulaire.jpg\",\"contentUrl\":\"https:\\\/\\\/www.rri.ro\\\/wp-content\\\/uploads\\\/2023\\\/10\\\/lansare-carte-contele-saint-aulaire.jpg\",\"width\":640,\"height\":453},{\"@type\":\"BreadcrumbList\",\"@id\":\"https:\\\/\\\/www.rri.ro\\\/de\\\/feature-reportage\\\/pro-memoria-zur-geschichte-rumaeniens\\\/auslaendische-diplomaten-in-rumaenien-als-zeitzeugen-der-graf-von-saint-aulaire-id628802.html#breadcrumb\",\"itemListElement\":[{\"@type\":\"ListItem\",\"position\":1,\"name\":\"Startseite\",\"item\":\"https:\\\/\\\/www.rri.ro\\\/de\"},{\"@type\":\"ListItem\",\"position\":2,\"name\":\"Feature &amp; Reportage\",\"item\":\"https:\\\/\\\/www.rri.ro\\\/de\\\/feature-reportage\"},{\"@type\":\"ListItem\",\"position\":3,\"name\":\"Pro Memoria \u2013 zur Geschichte Rum\u00e4niens\",\"item\":\"https:\\\/\\\/www.rri.ro\\\/de\\\/feature-reportage\\\/pro-memoria-zur-geschichte-rumaeniens\"},{\"@type\":\"ListItem\",\"position\":4,\"name\":\"Ausl\u00e4ndische Diplomaten in Rum\u00e4nien als Zeitzeugen: Der Graf von Saint-Aulaire\"}]},{\"@type\":\"WebSite\",\"@id\":\"https:\\\/\\\/www.rri.ro\\\/#website\",\"url\":\"https:\\\/\\\/www.rri.ro\\\/\",\"name\":\"Radio Rum\u00e4nien International\",\"description\":\"Totul despre Rom\u00e2nia \u015fi rom\u00e2ni, \u00een 13 limbi\\\/dialecte!\",\"inLanguage\":\"de\"},{\"@type\":\"Person\",\"@id\":\"https:\\\/\\\/www.rri.ro\\\/#\\\/schema\\\/person\\\/32dfff47877fea659b3b498015876c1d\",\"name\":\"Steliu Lambru\",\"url\":\"https:\\\/\\\/www.rri.ro\\\/de\\\/author\\\/steliu-lambru\"}]}<\/script>\n<!-- \/ Yoast SEO plugin. -->","yoast_head_json":{"title":"Ausl\u00e4ndische Diplomaten in Rum\u00e4nien als Zeitzeugen: Der Graf von Saint-Aulaire - Radio Rum\u00e4nien International","robots":{"index":"index","follow":"follow","max-snippet":"max-snippet:-1","max-image-preview":"max-image-preview:large","max-video-preview":"max-video-preview:-1"},"canonical":"https:\/\/www.rri.ro\/de\/feature-reportage\/pro-memoria-zur-geschichte-rumaeniens\/auslaendische-diplomaten-in-rumaenien-als-zeitzeugen-der-graf-von-saint-aulaire-id628802.html","og_locale":"de_DE","og_type":"article","og_title":"Ausl\u00e4ndische Diplomaten in Rum\u00e4nien als Zeitzeugen: Der Graf von Saint-Aulaire - Radio Rum\u00e4nien International","og_description":"Auguste-F\u00e9lix-Charles de Beaupoil, Graf von Saint-Aulaire, kam im Sommer 1916 als Botschafter Frankreichs nach Bukarest.","og_url":"https:\/\/www.rri.ro\/de\/feature-reportage\/pro-memoria-zur-geschichte-rumaeniens\/auslaendische-diplomaten-in-rumaenien-als-zeitzeugen-der-graf-von-saint-aulaire-id628802.html","og_site_name":"Radio Rum\u00e4nien International","article_published_time":"2017-01-30T17:34:00+00:00","og_image":[{"width":640,"height":453,"url":"https:\/\/www.rri.ro\/wp-content\/uploads\/2023\/10\/lansare-carte-contele-saint-aulaire.jpg","type":"image\/jpeg"}],"author":"Steliu Lambru","twitter_card":"summary_large_image","twitter_misc":{"Verfasst von":"Steliu Lambru","Gesch\u00e4tzte Lesezeit":"4\u00a0Minuten","Written by":"Steliu Lambru"},"schema":{"@context":"https:\/\/schema.org","@graph":[{"@type":"Article","@id":"https:\/\/www.rri.ro\/de\/feature-reportage\/pro-memoria-zur-geschichte-rumaeniens\/auslaendische-diplomaten-in-rumaenien-als-zeitzeugen-der-graf-von-saint-aulaire-id628802.html#article","isPartOf":{"@id":"https:\/\/www.rri.ro\/de\/feature-reportage\/pro-memoria-zur-geschichte-rumaeniens\/auslaendische-diplomaten-in-rumaenien-als-zeitzeugen-der-graf-von-saint-aulaire-id628802.html"},"author":{"name":"Steliu Lambru","@id":"https:\/\/www.rri.ro\/#\/schema\/person\/32dfff47877fea659b3b498015876c1d"},"headline":"Ausl\u00e4ndische Diplomaten in Rum\u00e4nien als Zeitzeugen: Der Graf von Saint-Aulaire","datePublished":"2017-01-30T17:34:00+00:00","mainEntityOfPage":{"@id":"https:\/\/www.rri.ro\/de\/feature-reportage\/pro-memoria-zur-geschichte-rumaeniens\/auslaendische-diplomaten-in-rumaenien-als-zeitzeugen-der-graf-von-saint-aulaire-id628802.html"},"wordCount":783,"image":{"@id":"https:\/\/www.rri.ro\/de\/feature-reportage\/pro-memoria-zur-geschichte-rumaeniens\/auslaendische-diplomaten-in-rumaenien-als-zeitzeugen-der-graf-von-saint-aulaire-id628802.html#primaryimage"},"thumbnailUrl":"https:\/\/www.rri.ro\/wp-content\/uploads\/2023\/10\/lansare-carte-contele-saint-aulaire.jpg","keywords":["Auguste-F\u00e9lix-Charles de Beaupoil","diplomatie","erster Weltkrieg","Frankreich","Graf von Saint-Aulaire","Konservative","Liberale","Rum\u00e4nien"],"articleSection":["Pro Memoria \u2013 zur Geschichte Rum\u00e4niens"],"inLanguage":"de"},{"@type":"WebPage","@id":"https:\/\/www.rri.ro\/de\/feature-reportage\/pro-memoria-zur-geschichte-rumaeniens\/auslaendische-diplomaten-in-rumaenien-als-zeitzeugen-der-graf-von-saint-aulaire-id628802.html","url":"https:\/\/www.rri.ro\/de\/feature-reportage\/pro-memoria-zur-geschichte-rumaeniens\/auslaendische-diplomaten-in-rumaenien-als-zeitzeugen-der-graf-von-saint-aulaire-id628802.html","name":"Ausl\u00e4ndische Diplomaten in Rum\u00e4nien als Zeitzeugen: Der Graf von Saint-Aulaire - Radio Rum\u00e4nien International","isPartOf":{"@id":"https:\/\/www.rri.ro\/#website"},"primaryImageOfPage":{"@id":"https:\/\/www.rri.ro\/de\/feature-reportage\/pro-memoria-zur-geschichte-rumaeniens\/auslaendische-diplomaten-in-rumaenien-als-zeitzeugen-der-graf-von-saint-aulaire-id628802.html#primaryimage"},"image":{"@id":"https:\/\/www.rri.ro\/de\/feature-reportage\/pro-memoria-zur-geschichte-rumaeniens\/auslaendische-diplomaten-in-rumaenien-als-zeitzeugen-der-graf-von-saint-aulaire-id628802.html#primaryimage"},"thumbnailUrl":"https:\/\/www.rri.ro\/wp-content\/uploads\/2023\/10\/lansare-carte-contele-saint-aulaire.jpg","datePublished":"2017-01-30T17:34:00+00:00","author":{"@id":"https:\/\/www.rri.ro\/#\/schema\/person\/32dfff47877fea659b3b498015876c1d"},"breadcrumb":{"@id":"https:\/\/www.rri.ro\/de\/feature-reportage\/pro-memoria-zur-geschichte-rumaeniens\/auslaendische-diplomaten-in-rumaenien-als-zeitzeugen-der-graf-von-saint-aulaire-id628802.html#breadcrumb"},"inLanguage":"de","potentialAction":[{"@type":"ReadAction","target":["https:\/\/www.rri.ro\/de\/feature-reportage\/pro-memoria-zur-geschichte-rumaeniens\/auslaendische-diplomaten-in-rumaenien-als-zeitzeugen-der-graf-von-saint-aulaire-id628802.html"]}]},{"@type":"ImageObject","inLanguage":"de","@id":"https:\/\/www.rri.ro\/de\/feature-reportage\/pro-memoria-zur-geschichte-rumaeniens\/auslaendische-diplomaten-in-rumaenien-als-zeitzeugen-der-graf-von-saint-aulaire-id628802.html#primaryimage","url":"https:\/\/www.rri.ro\/wp-content\/uploads\/2023\/10\/lansare-carte-contele-saint-aulaire.jpg","contentUrl":"https:\/\/www.rri.ro\/wp-content\/uploads\/2023\/10\/lansare-carte-contele-saint-aulaire.jpg","width":640,"height":453},{"@type":"BreadcrumbList","@id":"https:\/\/www.rri.ro\/de\/feature-reportage\/pro-memoria-zur-geschichte-rumaeniens\/auslaendische-diplomaten-in-rumaenien-als-zeitzeugen-der-graf-von-saint-aulaire-id628802.html#breadcrumb","itemListElement":[{"@type":"ListItem","position":1,"name":"Startseite","item":"https:\/\/www.rri.ro\/de"},{"@type":"ListItem","position":2,"name":"Feature &amp; Reportage","item":"https:\/\/www.rri.ro\/de\/feature-reportage"},{"@type":"ListItem","position":3,"name":"Pro Memoria \u2013 zur Geschichte Rum\u00e4niens","item":"https:\/\/www.rri.ro\/de\/feature-reportage\/pro-memoria-zur-geschichte-rumaeniens"},{"@type":"ListItem","position":4,"name":"Ausl\u00e4ndische Diplomaten in Rum\u00e4nien als Zeitzeugen: Der Graf von Saint-Aulaire"}]},{"@type":"WebSite","@id":"https:\/\/www.rri.ro\/#website","url":"https:\/\/www.rri.ro\/","name":"Radio Rum\u00e4nien International","description":"Totul despre Rom\u00e2nia \u015fi rom\u00e2ni, \u00een 13 limbi\/dialecte!","inLanguage":"de"},{"@type":"Person","@id":"https:\/\/www.rri.ro\/#\/schema\/person\/32dfff47877fea659b3b498015876c1d","name":"Steliu Lambru","url":"https:\/\/www.rri.ro\/de\/author\/steliu-lambru"}]}},"_links":{"self":[{"href":"https:\/\/www.rri.ro\/de\/wp-json\/wp\/v2\/posts\/628802","targetHints":{"allow":["GET"]}}],"collection":[{"href":"https:\/\/www.rri.ro\/de\/wp-json\/wp\/v2\/posts"}],"about":[{"href":"https:\/\/www.rri.ro\/de\/wp-json\/wp\/v2\/types\/post"}],"author":[{"embeddable":true,"href":"https:\/\/www.rri.ro\/de\/wp-json\/wp\/v2\/users\/127"}],"replies":[{"embeddable":true,"href":"https:\/\/www.rri.ro\/de\/wp-json\/wp\/v2\/comments?post=628802"}],"version-history":[{"count":0,"href":"https:\/\/www.rri.ro\/de\/wp-json\/wp\/v2\/posts\/628802\/revisions"}],"wp:featuredmedia":[{"embeddable":true,"href":"https:\/\/www.rri.ro\/de\/wp-json\/wp\/v2\/media\/129832"}],"wp:attachment":[{"href":"https:\/\/www.rri.ro\/de\/wp-json\/wp\/v2\/media?parent=628802"}],"wp:term":[{"taxonomy":"category","embeddable":true,"href":"https:\/\/www.rri.ro\/de\/wp-json\/wp\/v2\/categories?post=628802"},{"taxonomy":"post_tag","embeddable":true,"href":"https:\/\/www.rri.ro\/de\/wp-json\/wp\/v2\/tags?post=628802"},{"taxonomy":"author","embeddable":true,"href":"https:\/\/www.rri.ro\/de\/wp-json\/wp\/v2\/coauthors?post=628802"}],"curies":[{"name":"wp","href":"https:\/\/api.w.org\/{rel}","templated":true}]}}