{"id":628820,"date":"2017-08-07T17:30:00","date_gmt":"2017-08-07T14:30:00","guid":{"rendered":"http:\/\/devrri.freshlemon.ro\/aktuell\/romantik-und-nationalbewusstsein-im-19-jh-rumaenischer-raum-schoepfte-aus-unterschiedlichen-quellen-id628820.html"},"modified":"2017-08-07T17:30:00","modified_gmt":"2017-08-07T14:30:00","slug":"romantik-und-nationalbewusstsein-im-19-jh-rumaenischer-raum-schoepfte-aus-unterschiedlichen-quellen","status":"publish","type":"post","link":"https:\/\/www.rri.ro\/de\/feature-reportage\/pro-memoria-zur-geschichte-rumaeniens\/romantik-und-nationalbewusstsein-im-19-jh-rumaenischer-raum-schoepfte-aus-unterschiedlichen-quellen-id628820.html","title":{"rendered":"Romantik und Nationalbewusstsein im 19. Jh.: Rum\u00e4nischer Raum sch\u00f6pfte aus unterschiedlichen Quellen"},"content":{"rendered":"<p>Ein Erzeugnis des westlichen Denkens, wurde die Romantik oft als Reaktion auf den Universalismus der Klassik und der weltb\u00fcrgerlichen Gesellschaft betrachtet. Die Traditionen, die Vergangenheit und die Sprache einer Gemeinde, die von all ihren Mitgliedern geteilt werden, galten als Fundamente der Weltanschauung der Romantik. Der Nationalstaat war somit die politische Ausdrucksweise der Ideen der Romantik. Die rum\u00e4nische Romantik machte dabei keine Ausnahme. Es war die erste Synchronisierung des rum\u00e4nischen Raumes mit dem Gedankengut des Westens. In den drei rum\u00e4nischen F\u00fcrstent\u00fcmern kamen die Einfl\u00fcsse der Romantik aus zwei Richtungen: in der Moldau und der Walachei aus der franz\u00f6sischen Welt und im damals zu \u00d6sterreich-Ungarn geh\u00f6renden Siebenb\u00fcrgen aus dem deutschsprachigen Raum. Dazu h\u00f6ren Sie mehr aus dem folgenden Beitrag von Steliu Lambru in unserer Geschichtsreihe Pro Memoria.<\/p>\n<p>&#13;<br \/>\n&#13;<\/p>\n<p>&#13;<br \/>\n&#13;<\/p>\n<p>Wir haben den Literaturhistoriker und Politikwissenschaftler Ioan Stanomir gefragt, woraus das Gedankengut der Romantik bestand und wie dieses im rum\u00e4nischen Raum aufgenommen wurde.<\/p>\n<p>&#13;<br \/>\n&#13;<\/p>\n<p>&#13;<br \/>\n&#13;<\/p>\n<p><em>Die Romantik im europ\u00e4ischen und im rum\u00e4nischen Raum projiziert ein neues Bild auf die ethnischen Gemeinschaften. In diesem Bild findet eine Neuerfindung ihrer Identit\u00e4t statt. Man f\u00e4ngt mit der Erforschung eines arch\u00e4ologischen und kulturellen Erbguts an und schlie\u200e\u00dft mit der Schaffung eines Pantheons, in dem die V\u00e4ter des Volkes und dessen Vorbilder stehen. Es ist eine Art Rezept, das im Westen Europas Verbreitung findet und mit einer betr\u00e4chtlichen Versp\u00e4tung im rum\u00e4nischen Raum ankommt. Wenn wir aus der Perspektive der \u00e4sthetischen Reinheit sprechen, handelt es sich um eine zusammengesetzte und eklektische Romantik. Zahlreiche rum\u00e4nische Romantiker haben klassische Schriftst\u00fccke verfasst. Denken wir nur an <a href=\"https:\/\/de.wikipedia.org\/wiki\/Grigore_Alexandrescu\" target=\"_blank\" rel=\"noopener\">Grigore Alexandrescu<\/a>. Andere sind urspr\u00fcnglich Romantiker, werden aber letztendlich zu Klassikern, wie im Fall von <a href=\"https:\/\/de.wikipedia.org\/wiki\/Vasile_Alecsandri\" target=\"_blank\" rel=\"noopener\">Vasile Alecsandri<\/a>. Es gibt nicht sehr viele reine Romantiker. Deren Romantik ist oft grell und auch heute unlesbar, wie im Fall von <a href=\"https:\/\/en.wikipedia.org\/wiki\/C._A._Rosetti\" target=\"_blank\" rel=\"noopener\">C.A. Rosetti<\/a>. Die rum\u00e4nische Romantik \u00fcbernimmt das europ\u00e4ische Rezept im Sinne der Neuerfindung des Ichs. Wir haben eine ganze Reihe von Bildern, von Ruinen bis zu den Urahnen, und es werden schlie\u200e\u00dflich die Kriegstaten der Vergangenheit evoziert.\u201c<\/em><\/p>\n<p>&#13;<br \/>\n&#13;<\/p>\n<p>&#13;<br \/>\n&#13;<\/p>\n<p>&#13;<br \/>\n&#13;<\/p>\n<p>Die Eliten in der Walachei und in der Moldau beriefen sich in ihren Bem\u00fchungen um Modernisierung und Staatlichkeit auf die franz\u00f6sische Romantik, w\u00e4hrend f\u00fcr die Rum\u00e4nen, die im Habsburger Reich lebten, die deutsche Romantik dominierend war.<\/p>\n<p>&#13;<br \/>\n&#13;<\/p>\n<p>&#13;<br \/>\n&#13;<\/p>\n<p><em>Der Hauptunterschied zwischen den beiden h\u00e4ngt mit der Definition der Nation zusammen. Die deutsche Romantik war in einer gewissen Hinsicht organisch, konservativ und xenophob. Deren Einfluss sieht man nicht so sehr bei den Vertretern der 1848er Revolution wie bei dem Nationaldichter <a href=\"https:\/\/de.wikipedia.org\/wiki\/Mihai_Eminescu\" target=\"_blank\" rel=\"noopener\">Eminescu<\/a>. Er wurde stark durch die deutsche Romantik beeinflusst. In Siebenb\u00fcrgen sp\u00fcrt man den Einfluss der Aufkl\u00e4rung nach Art des Josephinismus und die Kontaminierung mit revolution\u00e4rer Ideologie. Aber die Revolution in Siebenb\u00fcrgen ist paradoxal, weil sie aus europ\u00e4ischem Gesichtspunkt als Konterrevolution gedacht war, als Reaktion auf die xenophoben Exzesse einer ausdr\u00fccklich europ\u00e4ischen Revolution, so wie die ungarische gewesen ist.\u201c<\/em><\/p>\n<p>&#13;<br \/>\n&#13;<\/p>\n<p>&#13;<br \/>\n&#13;<\/p>\n<p>&#13;<br \/>\n&#13;<\/p>\n<p>Die Revolution von 1848 war der H\u00f6hepunkt des Ausdrucks der rum\u00e4nischen Romantik. Es war der Anfang der Reformen und der Modernisierung im rum\u00e4nischen Raum. Ioan Stanomir:<\/p>\n<p>&#13;<br \/>\n&#13;<\/p>\n<p>&#13;<br \/>\n&#13;<\/p>\n<p><em>Die rum\u00e4nische Romantik ist deckungsgleich mit der 1848er Revolution. Alle in diesem Familienbild waren mehr oder weniger erfolgreich in der Politik involviert, was zu der Bildung von kulturell-literarischen Gesellschaften beigetragen hat. Es handelte sich zun\u00e4chst um geheime, im Exil gegr\u00fcndete Gesellschaften, die bei der R\u00fcckkehr aus dem Exil in den Jahren 1860-1870 dann \u00f6ffentlich auftraten und wirkten, womit diese Generation praktisch ersch\u00f6pft war. Es h\u00e4ngt sehr stark von der Langlebigkeit der Romantiker ab. Wir haben Romantiker, die in ein Schattendasein treten, wie etwa <a href=\"https:\/\/de.wikipedia.org\/wiki\/Grigore_Alexandrescu\" target=\"_blank\" rel=\"noopener\">Grigore Alexandrescu<\/a>, alte Romantiker, die Perioden von Mutationen und Wandlungen durchqueren, wie <a href=\"https:\/\/de.wikipedia.org\/wiki\/Ion_Heliade-R%C4%83dulescu\" target=\"_blank\" rel=\"noopener\">Heliade-R\u0103dulescu<\/a>, exponentielle und danach im Kommunismus manipulativ dargestellte Romantiker wie <a href=\"https:\/\/de.wikipedia.org\/wiki\/Nicolae_B%C4%83lcescu\" target=\"_blank\" rel=\"noopener\">Nicolae B\u0103lcescu<\/a>, der schlie\u200e\u00dflich durch seinen heldenhaften Tod in den Kanon aufgenommen wurde. Es gibt Romantiker, die ihre literarische Karriere aufgeben und sich vollst\u00e4ndig der Politik widmen, wie <a href=\"https:\/\/en.wikipedia.org\/wiki\/C._A._Rosetti\" target=\"_blank\" rel=\"noopener\">C. A. Rosetti<\/a>. Es gibt andere Romantiker wie <a href=\"https:\/\/en.wikipedia.org\/wiki\/Cezar_Bolliac\" target=\"_blank\" rel=\"noopener\">Cezar Bolliac<\/a>, der mehr ein Journalist ist als ein Dichter. Es ist ein Familienbild, dessen Protagonisten der Literaturwissenschaftler Paul Cornea sehr treffend als \u201aWeger\u00f6ffner\u2018 bezeichnete\u201c.<\/em><\/p>\n<p>&#13;<br \/>\n&#13;<\/p>\n<p>&#13;<br \/>\n&#13;<\/p>\n<p>&#13;<br \/>\n&#13;<\/p>\n<p>Die Romantik wurde mit der Zeit zum kulturellen Referenzmodell. So entstand die standardisierte Kultur oder der Kanon.<\/p>\n<p>&#13;<br \/>\n&#13;<\/p>\n<p>&#13;<br \/>\n&#13;<\/p>\n<p><em>Wenn wir uns auf eine bestimmte mechanische und verzerrte Rezeption beziehen, w\u00fcrde ich <a href=\"https:\/\/en.wikipedia.org\/wiki\/Dimitrie_Bolintineanu\" target=\"_blank\" rel=\"noopener\">Dimitrie Bolintineanu<\/a> nennen. Er wird besonders f\u00fcr seine historischen Legenden erw\u00e4hnt, die eine Art kleiner Leitfaden des 1848er Patriotismus ist. Die historischen Legenden waren ein Verhaltenskodex und zugleich ein Instrument zur Mythologisierung einiger historischer Figuren. Was diese kanonische Projektion jedoch ausgelassen hat, war gerade das tiefste und meist vibrierende Werk Bolintineanus, das Gedicht \u00bbConrad\u00ab, das ein rum\u00e4nisches Pendant zu Byrons Versepos <a href=\"https:\/\/de.wikipedia.org\/wiki\/Childe_Harold%E2%80%99s_Pilgrimage\" target=\"_blank\" rel=\"noopener\">\u00bbChilde Harolds Pilgerfahrt\u00ab<\/a> ist. Der Byronismus war eine Mode, der die rum\u00e4nischen Romantiker nicht entgehen konnten.\u201c<\/em><\/p>\n<p>&#13;<br \/>\n&#13;<\/p>\n<p>&#13;<br \/>\n&#13;<\/p>\n<p>&#13;<br \/>\n&#13;<\/p>\n<p>Die nationale Einheit ist in der romantischen Auffassung der Schl\u00fcssel zur nationalen Modernisierung und Emanzipierung, sagt Professor Ioan Stanomir.<\/p>\n<p>&#13;<br \/>\n&#13;<\/p>\n<p>&#13;<br \/>\n&#13;<\/p>\n<p><em>Die nationale Einheit ist ein Ausdruck, der seine Existenz dem Diskurs der 1848er Revolution zu verdanken hat. Was wir heute als kanonisch betrachten, etwa den F\u00fcrsten <a href=\"https:\/\/de.wikipedia.org\/wiki\/Mihai_Viteazul\" target=\"_blank\" rel=\"noopener\">Michael der Tapfere<\/a>, war die Erfindung von <a href=\"https:\/\/de.wikipedia.org\/wiki\/Florian_Aaron\" target=\"_blank\" rel=\"noopener\">Florian Aaron<\/a> und <a href=\"https:\/\/de.wikipedia.org\/wiki\/Nicolae_B%C4%83lcescu\" target=\"_blank\" rel=\"noopener\">Nicolae B\u0103lcescu<\/a> und speziell des Herrschers <a href=\"https:\/\/de.wikipedia.org\/wiki\/Gheorghe_Bibescu\" target=\"_blank\" rel=\"noopener\">Gheorghe Bibescu<\/a>, der anl\u00e4sslich offizieller Zeremonien den Mantel des mittelalterlichen F\u00fcrsten anzieht. Das nationale Bewusstsein ist eine anachronische Formel, die dann zum Zuge kommt, wenn Verhaltensweisen zu rechtfertigen sind, die keinen Zusammenhang mit ihrer urspr\u00fcnglichen Bedeutung in der Epoche haben. Die Romantiker der 1848er Revolution strebten mit Sicherheit die Vereinigung der F\u00fcrstent\u00fcmer an. Was Siebenb\u00fcrgen und das Banat anbelangt, waren die Dinge kompliziert, denn dort gab es eine f\u00f6deralistische Str\u00f6mung, der eher in Richtung Mitteleuropa blickte und weniger \u00fcber die Karpaten. Wir d\u00fcrfen aber nicht vergessen, dass das Verh\u00e4ltnis der siebenb\u00fcrgischen und Banater Romantiker zum \u00d6sterreichischen Reich kompliziert war. Viele von ihnen stellten sich unter das Banner des Imperiums, um dem ungarischen Republikanismus standzuhalten.\u201c<\/em><\/p>\n<p>&#13;<br \/>\n&#13;<\/p>\n<p>&#13;<br \/>\n&#13;<\/p>\n<p>&#13;<br \/>\n&#13;<\/p>\n<p>Die Romantik war eine Str\u00f6mung der Kunst, ein politisches Modell und eine gesellschaftliche Tendenz, die auf Emotionen basierte. Gerade diese Emotionen sicherten ihr \u00fcber die Zeit ein positives Bild und lie\u200e\u00dfen ihr den Eindruck fortschrittlicher Entwicklungen anheften.<\/p>\n<p>&#13;<\/p>\n","protected":false},"excerpt":{"rendered":"<p>Die Romantik war die kulturgeschichtliche Epoche, die die Ethnizit\u00e4t und die Volkssprache in die Mitte der Menschenexistenz gestellt hat.<\/p>\n","protected":false},"author":127,"featured_media":130005,"comment_status":"closed","ping_status":"closed","sticky":false,"template":"","format":"standard","meta":{"_acf_changed":false,"footnotes":""},"categories":[116755],"tags":[118973,99633,100341,118898,102128,100576,118972,99943,100882,99589,100578,100577],"coauthors":[],"class_list":["post-628820","post","type-post","status-publish","format-standard","has-post-thumbnail","hentry","category-pro-memoria-zur-geschichte-rumaeniens","tag-byronismus","tag-frankreich","tag-geschichte","tag-habsburgerreich","tag-literatur","tag-moldau","tag-nationalbewusstsein","tag-politik","tag-romantik","tag-rumaenien","tag-siebenbuergen","tag-walachei"],"acf":[],"yoast_head":"<!-- This site is optimized with the Yoast SEO plugin v27.3 - https:\/\/yoast.com\/product\/yoast-seo-wordpress\/ -->\n<title>Romantik und Nationalbewusstsein im 19. Jh.: Rum\u00e4nischer Raum sch\u00f6pfte aus unterschiedlichen Quellen - Radio Rum\u00e4nien International<\/title>\n<meta name=\"robots\" content=\"index, follow, max-snippet:-1, max-image-preview:large, max-video-preview:-1\" \/>\n<link rel=\"canonical\" href=\"https:\/\/www.rri.ro\/de\/feature-reportage\/pro-memoria-zur-geschichte-rumaeniens\/romantik-und-nationalbewusstsein-im-19-jh-rumaenischer-raum-schoepfte-aus-unterschiedlichen-quellen-id628820.html\" \/>\n<meta property=\"og:locale\" content=\"de_DE\" \/>\n<meta property=\"og:type\" content=\"article\" \/>\n<meta property=\"og:title\" content=\"Romantik und Nationalbewusstsein im 19. Jh.: Rum\u00e4nischer Raum sch\u00f6pfte aus unterschiedlichen Quellen - Radio Rum\u00e4nien International\" \/>\n<meta property=\"og:description\" content=\"Die Romantik war die kulturgeschichtliche Epoche, die die Ethnizit\u00e4t und die Volkssprache in die Mitte der Menschenexistenz gestellt hat.\" \/>\n<meta property=\"og:url\" content=\"https:\/\/www.rri.ro\/de\/feature-reportage\/pro-memoria-zur-geschichte-rumaeniens\/romantik-und-nationalbewusstsein-im-19-jh-rumaenischer-raum-schoepfte-aus-unterschiedlichen-quellen-id628820.html\" \/>\n<meta property=\"og:site_name\" content=\"Radio Rum\u00e4nien International\" \/>\n<meta property=\"article:published_time\" content=\"2017-08-07T14:30:00+00:00\" \/>\n<meta property=\"og:image\" content=\"https:\/\/www.rri.ro\/wp-content\/uploads\/2023\/10\/grigore-alexandrescu.png\" \/>\n\t<meta property=\"og:image:width\" content=\"640\" \/>\n\t<meta property=\"og:image:height\" content=\"480\" \/>\n\t<meta property=\"og:image:type\" content=\"image\/png\" \/>\n<meta name=\"author\" content=\"Steliu Lambru\" \/>\n<meta name=\"twitter:card\" content=\"summary_large_image\" \/>\n<meta name=\"twitter:label1\" content=\"Verfasst von\" \/>\n\t<meta name=\"twitter:data1\" content=\"Steliu Lambru\" \/>\n\t<meta name=\"twitter:label2\" content=\"Gesch\u00e4tzte Lesezeit\" \/>\n\t<meta name=\"twitter:data2\" content=\"5\u00a0Minuten\" \/>\n\t<meta name=\"twitter:label3\" content=\"Written by\" \/>\n\t<meta name=\"twitter:data3\" content=\"Steliu Lambru\" \/>\n<script type=\"application\/ld+json\" class=\"yoast-schema-graph\">{\"@context\":\"https:\\\/\\\/schema.org\",\"@graph\":[{\"@type\":\"Article\",\"@id\":\"https:\\\/\\\/www.rri.ro\\\/de\\\/feature-reportage\\\/pro-memoria-zur-geschichte-rumaeniens\\\/romantik-und-nationalbewusstsein-im-19-jh-rumaenischer-raum-schoepfte-aus-unterschiedlichen-quellen-id628820.html#article\",\"isPartOf\":{\"@id\":\"https:\\\/\\\/www.rri.ro\\\/de\\\/feature-reportage\\\/pro-memoria-zur-geschichte-rumaeniens\\\/romantik-und-nationalbewusstsein-im-19-jh-rumaenischer-raum-schoepfte-aus-unterschiedlichen-quellen-id628820.html\"},\"author\":{\"name\":\"Steliu Lambru\",\"@id\":\"https:\\\/\\\/www.rri.ro\\\/#\\\/schema\\\/person\\\/32dfff47877fea659b3b498015876c1d\"},\"headline\":\"Romantik und Nationalbewusstsein im 19. Jh.: Rum\u00e4nischer Raum sch\u00f6pfte aus unterschiedlichen Quellen\",\"datePublished\":\"2017-08-07T14:30:00+00:00\",\"mainEntityOfPage\":{\"@id\":\"https:\\\/\\\/www.rri.ro\\\/de\\\/feature-reportage\\\/pro-memoria-zur-geschichte-rumaeniens\\\/romantik-und-nationalbewusstsein-im-19-jh-rumaenischer-raum-schoepfte-aus-unterschiedlichen-quellen-id628820.html\"},\"wordCount\":1061,\"image\":{\"@id\":\"https:\\\/\\\/www.rri.ro\\\/de\\\/feature-reportage\\\/pro-memoria-zur-geschichte-rumaeniens\\\/romantik-und-nationalbewusstsein-im-19-jh-rumaenischer-raum-schoepfte-aus-unterschiedlichen-quellen-id628820.html#primaryimage\"},\"thumbnailUrl\":\"https:\\\/\\\/www.rri.ro\\\/wp-content\\\/uploads\\\/2023\\\/10\\\/grigore-alexandrescu.png\",\"keywords\":[\"Byronismus\",\"Frankreich\",\"Geschichte\",\"Habsburgerreich\",\"Literatur\",\"Moldau\",\"Nationalbewusstsein\",\"Politik\",\"Romantik\",\"Rum\u00e4nien\",\"Siebenb\u00fcrgen\",\"Walachei\"],\"articleSection\":[\"Pro Memoria \u2013 zur Geschichte Rum\u00e4niens\"],\"inLanguage\":\"de\"},{\"@type\":\"WebPage\",\"@id\":\"https:\\\/\\\/www.rri.ro\\\/de\\\/feature-reportage\\\/pro-memoria-zur-geschichte-rumaeniens\\\/romantik-und-nationalbewusstsein-im-19-jh-rumaenischer-raum-schoepfte-aus-unterschiedlichen-quellen-id628820.html\",\"url\":\"https:\\\/\\\/www.rri.ro\\\/de\\\/feature-reportage\\\/pro-memoria-zur-geschichte-rumaeniens\\\/romantik-und-nationalbewusstsein-im-19-jh-rumaenischer-raum-schoepfte-aus-unterschiedlichen-quellen-id628820.html\",\"name\":\"Romantik und Nationalbewusstsein im 19. Jh.: Rum\u00e4nischer Raum sch\u00f6pfte aus unterschiedlichen Quellen - Radio Rum\u00e4nien International\",\"isPartOf\":{\"@id\":\"https:\\\/\\\/www.rri.ro\\\/#website\"},\"primaryImageOfPage\":{\"@id\":\"https:\\\/\\\/www.rri.ro\\\/de\\\/feature-reportage\\\/pro-memoria-zur-geschichte-rumaeniens\\\/romantik-und-nationalbewusstsein-im-19-jh-rumaenischer-raum-schoepfte-aus-unterschiedlichen-quellen-id628820.html#primaryimage\"},\"image\":{\"@id\":\"https:\\\/\\\/www.rri.ro\\\/de\\\/feature-reportage\\\/pro-memoria-zur-geschichte-rumaeniens\\\/romantik-und-nationalbewusstsein-im-19-jh-rumaenischer-raum-schoepfte-aus-unterschiedlichen-quellen-id628820.html#primaryimage\"},\"thumbnailUrl\":\"https:\\\/\\\/www.rri.ro\\\/wp-content\\\/uploads\\\/2023\\\/10\\\/grigore-alexandrescu.png\",\"datePublished\":\"2017-08-07T14:30:00+00:00\",\"author\":{\"@id\":\"https:\\\/\\\/www.rri.ro\\\/#\\\/schema\\\/person\\\/32dfff47877fea659b3b498015876c1d\"},\"breadcrumb\":{\"@id\":\"https:\\\/\\\/www.rri.ro\\\/de\\\/feature-reportage\\\/pro-memoria-zur-geschichte-rumaeniens\\\/romantik-und-nationalbewusstsein-im-19-jh-rumaenischer-raum-schoepfte-aus-unterschiedlichen-quellen-id628820.html#breadcrumb\"},\"inLanguage\":\"de\",\"potentialAction\":[{\"@type\":\"ReadAction\",\"target\":[\"https:\\\/\\\/www.rri.ro\\\/de\\\/feature-reportage\\\/pro-memoria-zur-geschichte-rumaeniens\\\/romantik-und-nationalbewusstsein-im-19-jh-rumaenischer-raum-schoepfte-aus-unterschiedlichen-quellen-id628820.html\"]}]},{\"@type\":\"ImageObject\",\"inLanguage\":\"de\",\"@id\":\"https:\\\/\\\/www.rri.ro\\\/de\\\/feature-reportage\\\/pro-memoria-zur-geschichte-rumaeniens\\\/romantik-und-nationalbewusstsein-im-19-jh-rumaenischer-raum-schoepfte-aus-unterschiedlichen-quellen-id628820.html#primaryimage\",\"url\":\"https:\\\/\\\/www.rri.ro\\\/wp-content\\\/uploads\\\/2023\\\/10\\\/grigore-alexandrescu.png\",\"contentUrl\":\"https:\\\/\\\/www.rri.ro\\\/wp-content\\\/uploads\\\/2023\\\/10\\\/grigore-alexandrescu.png\",\"width\":640,\"height\":480},{\"@type\":\"BreadcrumbList\",\"@id\":\"https:\\\/\\\/www.rri.ro\\\/de\\\/feature-reportage\\\/pro-memoria-zur-geschichte-rumaeniens\\\/romantik-und-nationalbewusstsein-im-19-jh-rumaenischer-raum-schoepfte-aus-unterschiedlichen-quellen-id628820.html#breadcrumb\",\"itemListElement\":[{\"@type\":\"ListItem\",\"position\":1,\"name\":\"Startseite\",\"item\":\"https:\\\/\\\/www.rri.ro\\\/de\"},{\"@type\":\"ListItem\",\"position\":2,\"name\":\"Feature &amp; Reportage\",\"item\":\"https:\\\/\\\/www.rri.ro\\\/de\\\/feature-reportage\"},{\"@type\":\"ListItem\",\"position\":3,\"name\":\"Pro Memoria \u2013 zur Geschichte Rum\u00e4niens\",\"item\":\"https:\\\/\\\/www.rri.ro\\\/de\\\/feature-reportage\\\/pro-memoria-zur-geschichte-rumaeniens\"},{\"@type\":\"ListItem\",\"position\":4,\"name\":\"Romantik und Nationalbewusstsein im 19. Jh.: Rum\u00e4nischer Raum sch\u00f6pfte aus unterschiedlichen Quellen\"}]},{\"@type\":\"WebSite\",\"@id\":\"https:\\\/\\\/www.rri.ro\\\/#website\",\"url\":\"https:\\\/\\\/www.rri.ro\\\/\",\"name\":\"Radio Rum\u00e4nien International\",\"description\":\"Totul despre Rom\u00e2nia \u015fi rom\u00e2ni, \u00een 13 limbi\\\/dialecte!\",\"inLanguage\":\"de\"},{\"@type\":\"Person\",\"@id\":\"https:\\\/\\\/www.rri.ro\\\/#\\\/schema\\\/person\\\/32dfff47877fea659b3b498015876c1d\",\"name\":\"Steliu Lambru\",\"url\":\"https:\\\/\\\/www.rri.ro\\\/de\\\/author\\\/steliu-lambru\"}]}<\/script>\n<!-- \/ Yoast SEO plugin. -->","yoast_head_json":{"title":"Romantik und Nationalbewusstsein im 19. Jh.: Rum\u00e4nischer Raum sch\u00f6pfte aus unterschiedlichen Quellen - Radio Rum\u00e4nien International","robots":{"index":"index","follow":"follow","max-snippet":"max-snippet:-1","max-image-preview":"max-image-preview:large","max-video-preview":"max-video-preview:-1"},"canonical":"https:\/\/www.rri.ro\/de\/feature-reportage\/pro-memoria-zur-geschichte-rumaeniens\/romantik-und-nationalbewusstsein-im-19-jh-rumaenischer-raum-schoepfte-aus-unterschiedlichen-quellen-id628820.html","og_locale":"de_DE","og_type":"article","og_title":"Romantik und Nationalbewusstsein im 19. Jh.: Rum\u00e4nischer Raum sch\u00f6pfte aus unterschiedlichen Quellen - Radio Rum\u00e4nien International","og_description":"Die Romantik war die kulturgeschichtliche Epoche, die die Ethnizit\u00e4t und die Volkssprache in die Mitte der Menschenexistenz gestellt hat.","og_url":"https:\/\/www.rri.ro\/de\/feature-reportage\/pro-memoria-zur-geschichte-rumaeniens\/romantik-und-nationalbewusstsein-im-19-jh-rumaenischer-raum-schoepfte-aus-unterschiedlichen-quellen-id628820.html","og_site_name":"Radio Rum\u00e4nien International","article_published_time":"2017-08-07T14:30:00+00:00","og_image":[{"width":640,"height":480,"url":"https:\/\/www.rri.ro\/wp-content\/uploads\/2023\/10\/grigore-alexandrescu.png","type":"image\/png"}],"author":"Steliu Lambru","twitter_card":"summary_large_image","twitter_misc":{"Verfasst von":"Steliu Lambru","Gesch\u00e4tzte Lesezeit":"5\u00a0Minuten","Written by":"Steliu Lambru"},"schema":{"@context":"https:\/\/schema.org","@graph":[{"@type":"Article","@id":"https:\/\/www.rri.ro\/de\/feature-reportage\/pro-memoria-zur-geschichte-rumaeniens\/romantik-und-nationalbewusstsein-im-19-jh-rumaenischer-raum-schoepfte-aus-unterschiedlichen-quellen-id628820.html#article","isPartOf":{"@id":"https:\/\/www.rri.ro\/de\/feature-reportage\/pro-memoria-zur-geschichte-rumaeniens\/romantik-und-nationalbewusstsein-im-19-jh-rumaenischer-raum-schoepfte-aus-unterschiedlichen-quellen-id628820.html"},"author":{"name":"Steliu Lambru","@id":"https:\/\/www.rri.ro\/#\/schema\/person\/32dfff47877fea659b3b498015876c1d"},"headline":"Romantik und Nationalbewusstsein im 19. Jh.: Rum\u00e4nischer Raum sch\u00f6pfte aus unterschiedlichen Quellen","datePublished":"2017-08-07T14:30:00+00:00","mainEntityOfPage":{"@id":"https:\/\/www.rri.ro\/de\/feature-reportage\/pro-memoria-zur-geschichte-rumaeniens\/romantik-und-nationalbewusstsein-im-19-jh-rumaenischer-raum-schoepfte-aus-unterschiedlichen-quellen-id628820.html"},"wordCount":1061,"image":{"@id":"https:\/\/www.rri.ro\/de\/feature-reportage\/pro-memoria-zur-geschichte-rumaeniens\/romantik-und-nationalbewusstsein-im-19-jh-rumaenischer-raum-schoepfte-aus-unterschiedlichen-quellen-id628820.html#primaryimage"},"thumbnailUrl":"https:\/\/www.rri.ro\/wp-content\/uploads\/2023\/10\/grigore-alexandrescu.png","keywords":["Byronismus","Frankreich","Geschichte","Habsburgerreich","Literatur","Moldau","Nationalbewusstsein","Politik","Romantik","Rum\u00e4nien","Siebenb\u00fcrgen","Walachei"],"articleSection":["Pro Memoria \u2013 zur Geschichte Rum\u00e4niens"],"inLanguage":"de"},{"@type":"WebPage","@id":"https:\/\/www.rri.ro\/de\/feature-reportage\/pro-memoria-zur-geschichte-rumaeniens\/romantik-und-nationalbewusstsein-im-19-jh-rumaenischer-raum-schoepfte-aus-unterschiedlichen-quellen-id628820.html","url":"https:\/\/www.rri.ro\/de\/feature-reportage\/pro-memoria-zur-geschichte-rumaeniens\/romantik-und-nationalbewusstsein-im-19-jh-rumaenischer-raum-schoepfte-aus-unterschiedlichen-quellen-id628820.html","name":"Romantik und Nationalbewusstsein im 19. Jh.: Rum\u00e4nischer Raum sch\u00f6pfte aus unterschiedlichen Quellen - Radio Rum\u00e4nien International","isPartOf":{"@id":"https:\/\/www.rri.ro\/#website"},"primaryImageOfPage":{"@id":"https:\/\/www.rri.ro\/de\/feature-reportage\/pro-memoria-zur-geschichte-rumaeniens\/romantik-und-nationalbewusstsein-im-19-jh-rumaenischer-raum-schoepfte-aus-unterschiedlichen-quellen-id628820.html#primaryimage"},"image":{"@id":"https:\/\/www.rri.ro\/de\/feature-reportage\/pro-memoria-zur-geschichte-rumaeniens\/romantik-und-nationalbewusstsein-im-19-jh-rumaenischer-raum-schoepfte-aus-unterschiedlichen-quellen-id628820.html#primaryimage"},"thumbnailUrl":"https:\/\/www.rri.ro\/wp-content\/uploads\/2023\/10\/grigore-alexandrescu.png","datePublished":"2017-08-07T14:30:00+00:00","author":{"@id":"https:\/\/www.rri.ro\/#\/schema\/person\/32dfff47877fea659b3b498015876c1d"},"breadcrumb":{"@id":"https:\/\/www.rri.ro\/de\/feature-reportage\/pro-memoria-zur-geschichte-rumaeniens\/romantik-und-nationalbewusstsein-im-19-jh-rumaenischer-raum-schoepfte-aus-unterschiedlichen-quellen-id628820.html#breadcrumb"},"inLanguage":"de","potentialAction":[{"@type":"ReadAction","target":["https:\/\/www.rri.ro\/de\/feature-reportage\/pro-memoria-zur-geschichte-rumaeniens\/romantik-und-nationalbewusstsein-im-19-jh-rumaenischer-raum-schoepfte-aus-unterschiedlichen-quellen-id628820.html"]}]},{"@type":"ImageObject","inLanguage":"de","@id":"https:\/\/www.rri.ro\/de\/feature-reportage\/pro-memoria-zur-geschichte-rumaeniens\/romantik-und-nationalbewusstsein-im-19-jh-rumaenischer-raum-schoepfte-aus-unterschiedlichen-quellen-id628820.html#primaryimage","url":"https:\/\/www.rri.ro\/wp-content\/uploads\/2023\/10\/grigore-alexandrescu.png","contentUrl":"https:\/\/www.rri.ro\/wp-content\/uploads\/2023\/10\/grigore-alexandrescu.png","width":640,"height":480},{"@type":"BreadcrumbList","@id":"https:\/\/www.rri.ro\/de\/feature-reportage\/pro-memoria-zur-geschichte-rumaeniens\/romantik-und-nationalbewusstsein-im-19-jh-rumaenischer-raum-schoepfte-aus-unterschiedlichen-quellen-id628820.html#breadcrumb","itemListElement":[{"@type":"ListItem","position":1,"name":"Startseite","item":"https:\/\/www.rri.ro\/de"},{"@type":"ListItem","position":2,"name":"Feature &amp; Reportage","item":"https:\/\/www.rri.ro\/de\/feature-reportage"},{"@type":"ListItem","position":3,"name":"Pro Memoria \u2013 zur Geschichte Rum\u00e4niens","item":"https:\/\/www.rri.ro\/de\/feature-reportage\/pro-memoria-zur-geschichte-rumaeniens"},{"@type":"ListItem","position":4,"name":"Romantik und Nationalbewusstsein im 19. Jh.: Rum\u00e4nischer Raum sch\u00f6pfte aus unterschiedlichen Quellen"}]},{"@type":"WebSite","@id":"https:\/\/www.rri.ro\/#website","url":"https:\/\/www.rri.ro\/","name":"Radio Rum\u00e4nien International","description":"Totul despre Rom\u00e2nia \u015fi rom\u00e2ni, \u00een 13 limbi\/dialecte!","inLanguage":"de"},{"@type":"Person","@id":"https:\/\/www.rri.ro\/#\/schema\/person\/32dfff47877fea659b3b498015876c1d","name":"Steliu Lambru","url":"https:\/\/www.rri.ro\/de\/author\/steliu-lambru"}]}},"_links":{"self":[{"href":"https:\/\/www.rri.ro\/de\/wp-json\/wp\/v2\/posts\/628820","targetHints":{"allow":["GET"]}}],"collection":[{"href":"https:\/\/www.rri.ro\/de\/wp-json\/wp\/v2\/posts"}],"about":[{"href":"https:\/\/www.rri.ro\/de\/wp-json\/wp\/v2\/types\/post"}],"author":[{"embeddable":true,"href":"https:\/\/www.rri.ro\/de\/wp-json\/wp\/v2\/users\/127"}],"replies":[{"embeddable":true,"href":"https:\/\/www.rri.ro\/de\/wp-json\/wp\/v2\/comments?post=628820"}],"version-history":[{"count":0,"href":"https:\/\/www.rri.ro\/de\/wp-json\/wp\/v2\/posts\/628820\/revisions"}],"wp:featuredmedia":[{"embeddable":true,"href":"https:\/\/www.rri.ro\/de\/wp-json\/wp\/v2\/media\/130005"}],"wp:attachment":[{"href":"https:\/\/www.rri.ro\/de\/wp-json\/wp\/v2\/media?parent=628820"}],"wp:term":[{"taxonomy":"category","embeddable":true,"href":"https:\/\/www.rri.ro\/de\/wp-json\/wp\/v2\/categories?post=628820"},{"taxonomy":"post_tag","embeddable":true,"href":"https:\/\/www.rri.ro\/de\/wp-json\/wp\/v2\/tags?post=628820"},{"taxonomy":"author","embeddable":true,"href":"https:\/\/www.rri.ro\/de\/wp-json\/wp\/v2\/coauthors?post=628820"}],"curies":[{"name":"wp","href":"https:\/\/api.w.org\/{rel}","templated":true}]}}