{"id":628858,"date":"2018-08-20T17:30:00","date_gmt":"2018-08-20T14:30:00","guid":{"rendered":"http:\/\/devrri.freshlemon.ro\/aktuell\/rumaenische-juden-im-ersten-weltkrieg-blutzoll-beschleunigte-einbuergerung-id628858.html"},"modified":"2018-08-20T17:30:00","modified_gmt":"2018-08-20T14:30:00","slug":"rumaenische-juden-im-ersten-weltkrieg-blutzoll-beschleunigte-einbuergerung","status":"publish","type":"post","link":"https:\/\/www.rri.ro\/de\/feature-reportage\/pro-memoria-zur-geschichte-rumaeniens\/rumaenische-juden-im-ersten-weltkrieg-blutzoll-beschleunigte-einbuergerung-id628858.html","title":{"rendered":"Rum\u00e4nische Juden im Ersten Weltkrieg: Blutzoll beschleunigte Einb\u00fcrgerung"},"content":{"rendered":"<p>Die Minderheiten in Rum\u00e4nien vor 1918 beteiligten sich auch an der Gr\u00fcndung Gro\u200e\u00df-Rum\u00e4niens, und eine dieser Minderheiten waren die Juden. Obwohl sie so gut wie keine Rechte genossen, schlossen sich viele der Front an, nahmen als Sanit\u00e4ter an der Front teil oder halfen in Wohlt\u00e4tigkeitsorganisationen, die Belastung des Kriegs zu mildern. Am Ende des Konflikts erhielten sie die rum\u00e4nische Staatsb\u00fcrgerschaft und erlangten damit auch s\u00e4mtliche Rechte in einem demokratischen Staat.<\/p>\n<p>&#13;<br \/>\n&#13;<\/p>\n<p>&#13;<br \/>\n&#13;<\/p>\n<p>Die Geschichte der j\u00fcdischen Beteiligung an den gro\u200e\u00dfen Momenten der modernen rum\u00e4nischen Geschichte beginnt mit dem Unabh\u00e4ngigkeitskrieg von 1877&#8211;1878. In diesem Krieg waren die Juden Soldaten und Offiziere, \u00c4rzte und Sanit\u00e4ter, an der Front und hinter den Frontlinien, in Krankenh\u00e4usern und \u00fcberall, wo es n\u00f6tig war, um verletzte Patienten zu behandeln. Bei der Erst\u00fcrmung der Grivi\u0163a-Festung, die von der Einheit des Kapit\u00e4ns und Helden Valter M\u0103r\u0103cineanu durchgef\u00fchrt wurde, fiel mit ihm und den anderen Helden der Jude Mauritius Brociner. Der Historiker Marius Popescu vom Zentrum f\u00fcr die Geschichte der rum\u00e4nischen Juden sagt, Brociners Aufopferung sei kein Einzelfall gewesen. W\u00e4hrend des Zweiten Balkankrieges von 1913 k\u00e4mpften in der rum\u00e4nischen Armee j\u00fcdische Soldaten wie Kapit\u00e4n Armin Iaslovici, Leutnant im Krieg von 1877&#8211;1878 und Major im Jahr 1916 zu Beginn des Ersten Weltkrieges. Marius Popescu sagt, dass die Beteiligung der rum\u00e4nischen Juden am ersten Weltkonflikt mit jener anderer j\u00fcdischer Minderheiten in europ\u00e4ischen L\u00e4ndern verh\u00e4ltnism\u00e4\u200e\u00dfig vergleichbar sei.<\/p>\n<p>&#13;<br \/>\n&#13;<\/p>\n<p>&#13;<br \/>\n&#13;<\/p>\n<p><em>Im Alten K\u00f6nigreich z\u00e4hlte die j\u00fcdische Bev\u00f6lkerung rund 230.000 Seelen, von denen die zur Armee berufenen Juden 23.000 waren, das sind genau 10% der gesamten j\u00fcdischen Bev\u00f6lkerung. Es ist eine \u00e4hnliche Zahl wie die in anderen L\u00e4ndern, die j\u00fcdische Minderheiten hatten, in denen ungef\u00e4hr der gleiche Anteil von Juden zum Krieg beigetragen hat. Von den gesamten Juden, die am Krieg teilgenommen haben, sind 882 gefallen, 825 wurden verletzt, 449 wurden gefangen genommen und 3043 galten als vermisst. Es war also ein ziemlich gro\u200e\u00dfer Einsatz.\u201c <\/em><\/p>\n<p>&#13;<br \/>\n&#13;<\/p>\n<p>&#13;<br \/>\n&#13;<\/p>\n<p>&#13;<br \/>\n&#13;<\/p>\n<p>Aber auch j\u00fcdische Zivilisten schrieben ehrw\u00fcrdige Seiten des Heldentums im Krieg. Das war der Fall im von deutschen Truppen besetzten Rum\u00e4nien Ende 1916, berichtet Marius Popescu.<\/p>\n<p>&#13;<br \/>\n&#13;<\/p>\n<p>&#13;<br \/>\n&#13;<\/p>\n<p><em>Als Fallstudie m\u00f6chte ich an einen Helden erinnern, er wurde post mortem dekoriert, ein gewisser Herman Kornhauser. Er kam aus T\u00e2rgovi\u015fte und im Dezember 1916 kaufte er Essen und Zivilkleidung und half damit den Rum\u00e4nen, bei nach Gefangennahme durch Deutsche in deutschen Lagern inhaftiert waren. Er beg\u00fcnstigte sogar die Flucht von Gefangenen aus diesen Lagern, wurde aber von den deutschen Besatzungsbeh\u00f6rden gefasst, zum Tode verurteilt und hingerichtet. Er wurde post mortem mit dem Verdienstorden der milit\u00e4rischen Tugend des Krieges 2. Klasse dekoriert. Es war keineswegs eine einzigartige Tat &#8212; wie Kornhauser erbrachten viele andere Heldentaten und bewiesen Tapferkeit.\u201c<\/em><\/p>\n<p>&#13;<br \/>\n&#13;<\/p>\n<p>&#13;<br \/>\n&#13;<\/p>\n<p>&#13;<br \/>\n&#13;<\/p>\n<p>Die j\u00fcdischen Gemeinschaften waren seit 1916 vollst\u00e4ndig an den Kriegsanstrengungen Rum\u00e4niens beteiligt. Die Bem\u00fchungen nahmen 1917 zu, als die Regierung in die Moldau geflohen war und die rum\u00e4nische und die russische Armee sich den Mittelm\u00e4chten auf der Karpaten- und der Sereth-Linie widersetzten. Marius Popescu berichtet:<\/p>\n<p>&#13;<br \/>\n&#13;<\/p>\n<p>&#13;<br \/>\n&#13;<\/p>\n<p><em>Ein anderer Aspekt, der nicht nur mit dem Beitrag der Juden zu den effektiven Kriegseins\u00e4tzen zusammenh\u00e4ngt, ist die Leistung der j\u00fcdischen Gemeinden hinter der Front, die die Kriegsanstrengungen des Landes nachdr\u00fccklich unterst\u00fctzt haben. Es war also nicht nur der Kampf mit der Waffe in der Hand, sondern auch der materielle Beitrag. W\u00e4hrend des Krieges wurde ein Hilfskomitee der sog. \u00bbUnion der Bodenst\u00e4ndigen Juden\u00ab [darunter verstand man Juden, die seit Generationen im rum\u00e4nischen Altreich einheimisch waren und die Erlangung der Staatsb\u00fcrgerschaft anstrebten &#8212; Anm. d. Red.] gegr\u00fcndet, das im ganzen Land Vertretungen hatte. Ziel war es, G\u00fcter und Geld f\u00fcr Kriegszwecke zu sammeln. Dieser Ausschuss arbeitet mit anderen Institutionen wie dem Roten Kreuz, der Familie der K\u00e4mpfer, dem K\u00f6nigin-Maria-Krankenhaus-Netzwerk und so weiter zusammen. Das Engagement seitens der j\u00fcdischen Gemeinden war total. Die Synagogen, j\u00fcdische Schulen, die ganze Kette typischer Gemeinschaftsinstitutionen wurden der rum\u00e4nischen Armee zur Verf\u00fcgung gestellt. Das Wichtigste dabei ist, dass die Juden w\u00e4hrend des Krieges keine rum\u00e4nischen Staatsb\u00fcrger waren. Diese Leute haben die Waffe in die Hand genommen und haben gek\u00e4mpft, sie waren aber zu dem Zeitpunkt keine Staatsb\u00fcrger.\u201c<\/em><\/p>\n<p>&#13;<br \/>\n&#13;<\/p>\n<p>&#13;<br \/>\n&#13;<\/p>\n<p>&#13;<br \/>\n&#13;<\/p>\n<p>Doch der abgeschlossene Frieden bedeutete nicht, dass die Probleme \u00fcberwunden waren. Marius Popescu zeigt, wie einige Juden in den Wiederaufbau involviert waren.<\/p>\n<p>&#13;<br \/>\n&#13;<\/p>\n<p>&#13;<br \/>\n&#13;<\/p>\n<p><em>Gr\u00f6\u200e\u00dfere Geldbetr\u00e4ge haben einzelne Wohlt\u00e4ter gespendet. Ein sehr wohlhabender j\u00fcdischer Handwerker aus dem Kreis Boto\u015fani, Frederic Costiner, sch\u00fcttete beispielsweise 20.000 Lei in einen Fonds ein, um Land f\u00fcr die Nachkommen von Dorfbewohnern zu kaufen, die im Kampf gefallen waren. Der Mensch war ein regionaler Philanthrop und dadurch zeigte er den Opfern des Krieges seine N\u00e4chstenliebe und Dankbarkeit. Bis zur Verteilung von Grundst\u00fccken an die Bauern nach der Verfassung von 1923 wurden solche Wohlt\u00e4tigkeiten von Privatpersonen &#8212; darunter auch viele Juden &#8212; vollbracht.\u201c<\/em><\/p>\n<p>&#13;<br \/>\n&#13;<\/p>\n<p>&#13;<br \/>\n&#13;<\/p>\n<p>&#13;<br \/>\n&#13;<\/p>\n<p>Die Anerkennung der j\u00fcdischen Loyalit\u00e4t durch den rum\u00e4nischen Staat sei durch die Stimme des K\u00f6nigs Ferdinand I. best\u00e4tigt worden:<\/p>\n<p>&#13;<br \/>\n&#13;<\/p>\n<p>&#13;<br \/>\n&#13;<\/p>\n<p><em>Am Ende des Krieges haben wir eine ziemlich wichtige \u00f6ffentliche Stellungnahme von K\u00f6nig Ferdinand. Er sagte: \u00bbIch bin vor langer Zeit zu einer \u00dcberzeugung gekommen und freue mich, dass ich mich darin nicht get\u00e4uscht habe. Dass alle Einwohner des rum\u00e4nischen Landes, unabh\u00e4ngig von Rasse und Herkunft, von denselben h\u00f6heren Gef\u00fchlen der Br\u00fcderlichkeit beseelt sind.\u00ab Diese Aussage kam als Anerkennung der Verdienste all derer angesehen werden, die am Krieg teilgenommen hatten und damit zur Schaffung Gro\u200e\u00df-Rum\u00e4niens beigetragen haben.\u201c<\/em><\/p>\n<p>&#13;<br \/>\n&#13;<\/p>\n<p>&#13;<br \/>\n&#13;<\/p>\n<p>&#13;<br \/>\n&#13;<\/p>\n<p>Und der letzte Ausdruck der Dankbarkeit kam durch die Aufhebung von Artikel 7 der Verfassung von 1866, der die rum\u00e4nische Staatsb\u00fcrgerschaft nur Menschen christlicher Glaubensbekenntnisse zuerkannte. Die Verfassung von Gro\u200e\u00df-Rum\u00e4nien im Jahr 1923 gew\u00e4hrte all ihren B\u00fcrgern die gleichen Rechte, unabh\u00e4ngig von ihrer Religion.<\/p>\n<p>&#13;<\/p>\n","protected":false},"excerpt":{"rendered":"<p>Der 100. Jahrestag der Gr\u00fcndung Gro\u00df-Rum\u00e4niens bedeutet auch die W\u00fcrdigung s\u00e4mtlicher Teilnehmer am Ersten Weltkrieg und ihres Beitrags zur Beseitigung der Kriegsfolgen.<\/p>\n","protected":false},"author":127,"featured_media":628859,"comment_status":"closed","ping_status":"closed","sticky":false,"template":"","format":"standard","meta":{"_acf_changed":false,"footnotes":""},"categories":[116755],"tags":[119028,103461,100341,100201,99589],"coauthors":[],"class_list":["post-628858","post","type-post","status-publish","format-standard","has-post-thumbnail","hentry","category-pro-memoria-zur-geschichte-rumaeniens","tag-einbuergerung","tag-erster-weltkrieg","tag-geschichte","tag-juden","tag-rumaenien"],"acf":[],"yoast_head":"<!-- This site is optimized with the Yoast SEO plugin v27.3 - https:\/\/yoast.com\/product\/yoast-seo-wordpress\/ -->\n<title>Rum\u00e4nische Juden im Ersten Weltkrieg: Blutzoll beschleunigte Einb\u00fcrgerung - Radio Rum\u00e4nien International<\/title>\n<meta name=\"robots\" content=\"index, follow, max-snippet:-1, max-image-preview:large, max-video-preview:-1\" \/>\n<link rel=\"canonical\" href=\"https:\/\/www.rri.ro\/de\/feature-reportage\/pro-memoria-zur-geschichte-rumaeniens\/rumaenische-juden-im-ersten-weltkrieg-blutzoll-beschleunigte-einbuergerung-id628858.html\" \/>\n<meta property=\"og:locale\" content=\"de_DE\" \/>\n<meta property=\"og:type\" content=\"article\" \/>\n<meta property=\"og:title\" content=\"Rum\u00e4nische Juden im Ersten Weltkrieg: Blutzoll beschleunigte Einb\u00fcrgerung - Radio Rum\u00e4nien International\" \/>\n<meta property=\"og:description\" content=\"Der 100. Jahrestag der Gr\u00fcndung Gro\u00df-Rum\u00e4niens bedeutet auch die W\u00fcrdigung s\u00e4mtlicher Teilnehmer am Ersten Weltkrieg und ihres Beitrags zur Beseitigung der Kriegsfolgen.\" \/>\n<meta property=\"og:url\" content=\"https:\/\/www.rri.ro\/de\/feature-reportage\/pro-memoria-zur-geschichte-rumaeniens\/rumaenische-juden-im-ersten-weltkrieg-blutzoll-beschleunigte-einbuergerung-id628858.html\" \/>\n<meta property=\"og:site_name\" content=\"Radio Rum\u00e4nien International\" \/>\n<meta property=\"article:published_time\" content=\"2018-08-20T14:30:00+00:00\" \/>\n<meta property=\"og:image\" content=\"https:\/\/www.rri.ro\/wp-content\/uploads\/2024\/02\/memorial-for-the-jewish-martyrs-of-falticeni-in-1916-1920-wiki-free-usage.jpg\" \/>\n\t<meta property=\"og:image:width\" content=\"640\" \/>\n\t<meta property=\"og:image:height\" content=\"480\" \/>\n\t<meta property=\"og:image:type\" content=\"image\/png\" \/>\n<meta name=\"author\" content=\"Steliu Lambru\" \/>\n<meta name=\"twitter:card\" content=\"summary_large_image\" \/>\n<meta name=\"twitter:label1\" content=\"Verfasst von\" \/>\n\t<meta name=\"twitter:data1\" content=\"Steliu Lambru\" \/>\n\t<meta name=\"twitter:label2\" content=\"Gesch\u00e4tzte Lesezeit\" \/>\n\t<meta name=\"twitter:data2\" content=\"5\u00a0Minuten\" \/>\n\t<meta name=\"twitter:label3\" content=\"Written by\" \/>\n\t<meta name=\"twitter:data3\" content=\"Steliu Lambru\" \/>\n<script type=\"application\/ld+json\" class=\"yoast-schema-graph\">{\"@context\":\"https:\\\/\\\/schema.org\",\"@graph\":[{\"@type\":\"Article\",\"@id\":\"https:\\\/\\\/www.rri.ro\\\/de\\\/feature-reportage\\\/pro-memoria-zur-geschichte-rumaeniens\\\/rumaenische-juden-im-ersten-weltkrieg-blutzoll-beschleunigte-einbuergerung-id628858.html#article\",\"isPartOf\":{\"@id\":\"https:\\\/\\\/www.rri.ro\\\/de\\\/feature-reportage\\\/pro-memoria-zur-geschichte-rumaeniens\\\/rumaenische-juden-im-ersten-weltkrieg-blutzoll-beschleunigte-einbuergerung-id628858.html\"},\"author\":{\"name\":\"Steliu Lambru\",\"@id\":\"https:\\\/\\\/www.rri.ro\\\/#\\\/schema\\\/person\\\/32dfff47877fea659b3b498015876c1d\"},\"headline\":\"Rum\u00e4nische Juden im Ersten Weltkrieg: Blutzoll beschleunigte Einb\u00fcrgerung\",\"datePublished\":\"2018-08-20T14:30:00+00:00\",\"mainEntityOfPage\":{\"@id\":\"https:\\\/\\\/www.rri.ro\\\/de\\\/feature-reportage\\\/pro-memoria-zur-geschichte-rumaeniens\\\/rumaenische-juden-im-ersten-weltkrieg-blutzoll-beschleunigte-einbuergerung-id628858.html\"},\"wordCount\":1005,\"image\":{\"@id\":\"https:\\\/\\\/www.rri.ro\\\/de\\\/feature-reportage\\\/pro-memoria-zur-geschichte-rumaeniens\\\/rumaenische-juden-im-ersten-weltkrieg-blutzoll-beschleunigte-einbuergerung-id628858.html#primaryimage\"},\"thumbnailUrl\":\"https:\\\/\\\/www.rri.ro\\\/wp-content\\\/uploads\\\/2024\\\/02\\\/memorial-for-the-jewish-martyrs-of-falticeni-in-1916-1920-wiki-free-usage.jpg\",\"keywords\":[\"Einb\u00fcrgerung\",\"erster Weltkrieg\",\"Geschichte\",\"Juden\",\"Rum\u00e4nien\"],\"articleSection\":[\"Pro Memoria \u2013 zur Geschichte Rum\u00e4niens\"],\"inLanguage\":\"de\"},{\"@type\":\"WebPage\",\"@id\":\"https:\\\/\\\/www.rri.ro\\\/de\\\/feature-reportage\\\/pro-memoria-zur-geschichte-rumaeniens\\\/rumaenische-juden-im-ersten-weltkrieg-blutzoll-beschleunigte-einbuergerung-id628858.html\",\"url\":\"https:\\\/\\\/www.rri.ro\\\/de\\\/feature-reportage\\\/pro-memoria-zur-geschichte-rumaeniens\\\/rumaenische-juden-im-ersten-weltkrieg-blutzoll-beschleunigte-einbuergerung-id628858.html\",\"name\":\"Rum\u00e4nische Juden im Ersten Weltkrieg: Blutzoll beschleunigte Einb\u00fcrgerung - Radio Rum\u00e4nien International\",\"isPartOf\":{\"@id\":\"https:\\\/\\\/www.rri.ro\\\/#website\"},\"primaryImageOfPage\":{\"@id\":\"https:\\\/\\\/www.rri.ro\\\/de\\\/feature-reportage\\\/pro-memoria-zur-geschichte-rumaeniens\\\/rumaenische-juden-im-ersten-weltkrieg-blutzoll-beschleunigte-einbuergerung-id628858.html#primaryimage\"},\"image\":{\"@id\":\"https:\\\/\\\/www.rri.ro\\\/de\\\/feature-reportage\\\/pro-memoria-zur-geschichte-rumaeniens\\\/rumaenische-juden-im-ersten-weltkrieg-blutzoll-beschleunigte-einbuergerung-id628858.html#primaryimage\"},\"thumbnailUrl\":\"https:\\\/\\\/www.rri.ro\\\/wp-content\\\/uploads\\\/2024\\\/02\\\/memorial-for-the-jewish-martyrs-of-falticeni-in-1916-1920-wiki-free-usage.jpg\",\"datePublished\":\"2018-08-20T14:30:00+00:00\",\"author\":{\"@id\":\"https:\\\/\\\/www.rri.ro\\\/#\\\/schema\\\/person\\\/32dfff47877fea659b3b498015876c1d\"},\"breadcrumb\":{\"@id\":\"https:\\\/\\\/www.rri.ro\\\/de\\\/feature-reportage\\\/pro-memoria-zur-geschichte-rumaeniens\\\/rumaenische-juden-im-ersten-weltkrieg-blutzoll-beschleunigte-einbuergerung-id628858.html#breadcrumb\"},\"inLanguage\":\"de\",\"potentialAction\":[{\"@type\":\"ReadAction\",\"target\":[\"https:\\\/\\\/www.rri.ro\\\/de\\\/feature-reportage\\\/pro-memoria-zur-geschichte-rumaeniens\\\/rumaenische-juden-im-ersten-weltkrieg-blutzoll-beschleunigte-einbuergerung-id628858.html\"]}]},{\"@type\":\"ImageObject\",\"inLanguage\":\"de\",\"@id\":\"https:\\\/\\\/www.rri.ro\\\/de\\\/feature-reportage\\\/pro-memoria-zur-geschichte-rumaeniens\\\/rumaenische-juden-im-ersten-weltkrieg-blutzoll-beschleunigte-einbuergerung-id628858.html#primaryimage\",\"url\":\"https:\\\/\\\/www.rri.ro\\\/wp-content\\\/uploads\\\/2024\\\/02\\\/memorial-for-the-jewish-martyrs-of-falticeni-in-1916-1920-wiki-free-usage.jpg\",\"contentUrl\":\"https:\\\/\\\/www.rri.ro\\\/wp-content\\\/uploads\\\/2024\\\/02\\\/memorial-for-the-jewish-martyrs-of-falticeni-in-1916-1920-wiki-free-usage.jpg\",\"width\":640,\"height\":480},{\"@type\":\"BreadcrumbList\",\"@id\":\"https:\\\/\\\/www.rri.ro\\\/de\\\/feature-reportage\\\/pro-memoria-zur-geschichte-rumaeniens\\\/rumaenische-juden-im-ersten-weltkrieg-blutzoll-beschleunigte-einbuergerung-id628858.html#breadcrumb\",\"itemListElement\":[{\"@type\":\"ListItem\",\"position\":1,\"name\":\"Startseite\",\"item\":\"https:\\\/\\\/www.rri.ro\\\/de\"},{\"@type\":\"ListItem\",\"position\":2,\"name\":\"Feature &amp; Reportage\",\"item\":\"https:\\\/\\\/www.rri.ro\\\/de\\\/feature-reportage\"},{\"@type\":\"ListItem\",\"position\":3,\"name\":\"Pro Memoria \u2013 zur Geschichte Rum\u00e4niens\",\"item\":\"https:\\\/\\\/www.rri.ro\\\/de\\\/feature-reportage\\\/pro-memoria-zur-geschichte-rumaeniens\"},{\"@type\":\"ListItem\",\"position\":4,\"name\":\"Rum\u00e4nische Juden im Ersten Weltkrieg: Blutzoll beschleunigte Einb\u00fcrgerung\"}]},{\"@type\":\"WebSite\",\"@id\":\"https:\\\/\\\/www.rri.ro\\\/#website\",\"url\":\"https:\\\/\\\/www.rri.ro\\\/\",\"name\":\"Radio Rum\u00e4nien International\",\"description\":\"Totul despre Rom\u00e2nia \u015fi rom\u00e2ni, \u00een 13 limbi\\\/dialecte!\",\"inLanguage\":\"de\"},{\"@type\":\"Person\",\"@id\":\"https:\\\/\\\/www.rri.ro\\\/#\\\/schema\\\/person\\\/32dfff47877fea659b3b498015876c1d\",\"name\":\"Steliu Lambru\",\"url\":\"https:\\\/\\\/www.rri.ro\\\/de\\\/author\\\/steliu-lambru\"}]}<\/script>\n<!-- \/ Yoast SEO plugin. -->","yoast_head_json":{"title":"Rum\u00e4nische Juden im Ersten Weltkrieg: Blutzoll beschleunigte Einb\u00fcrgerung - Radio Rum\u00e4nien International","robots":{"index":"index","follow":"follow","max-snippet":"max-snippet:-1","max-image-preview":"max-image-preview:large","max-video-preview":"max-video-preview:-1"},"canonical":"https:\/\/www.rri.ro\/de\/feature-reportage\/pro-memoria-zur-geschichte-rumaeniens\/rumaenische-juden-im-ersten-weltkrieg-blutzoll-beschleunigte-einbuergerung-id628858.html","og_locale":"de_DE","og_type":"article","og_title":"Rum\u00e4nische Juden im Ersten Weltkrieg: Blutzoll beschleunigte Einb\u00fcrgerung - Radio Rum\u00e4nien International","og_description":"Der 100. Jahrestag der Gr\u00fcndung Gro\u00df-Rum\u00e4niens bedeutet auch die W\u00fcrdigung s\u00e4mtlicher Teilnehmer am Ersten Weltkrieg und ihres Beitrags zur Beseitigung der Kriegsfolgen.","og_url":"https:\/\/www.rri.ro\/de\/feature-reportage\/pro-memoria-zur-geschichte-rumaeniens\/rumaenische-juden-im-ersten-weltkrieg-blutzoll-beschleunigte-einbuergerung-id628858.html","og_site_name":"Radio Rum\u00e4nien International","article_published_time":"2018-08-20T14:30:00+00:00","og_image":[{"width":640,"height":480,"url":"https:\/\/www.rri.ro\/wp-content\/uploads\/2024\/02\/memorial-for-the-jewish-martyrs-of-falticeni-in-1916-1920-wiki-free-usage.jpg","type":"image\/png"}],"author":"Steliu Lambru","twitter_card":"summary_large_image","twitter_misc":{"Verfasst von":"Steliu Lambru","Gesch\u00e4tzte Lesezeit":"5\u00a0Minuten","Written by":"Steliu Lambru"},"schema":{"@context":"https:\/\/schema.org","@graph":[{"@type":"Article","@id":"https:\/\/www.rri.ro\/de\/feature-reportage\/pro-memoria-zur-geschichte-rumaeniens\/rumaenische-juden-im-ersten-weltkrieg-blutzoll-beschleunigte-einbuergerung-id628858.html#article","isPartOf":{"@id":"https:\/\/www.rri.ro\/de\/feature-reportage\/pro-memoria-zur-geschichte-rumaeniens\/rumaenische-juden-im-ersten-weltkrieg-blutzoll-beschleunigte-einbuergerung-id628858.html"},"author":{"name":"Steliu Lambru","@id":"https:\/\/www.rri.ro\/#\/schema\/person\/32dfff47877fea659b3b498015876c1d"},"headline":"Rum\u00e4nische Juden im Ersten Weltkrieg: Blutzoll beschleunigte Einb\u00fcrgerung","datePublished":"2018-08-20T14:30:00+00:00","mainEntityOfPage":{"@id":"https:\/\/www.rri.ro\/de\/feature-reportage\/pro-memoria-zur-geschichte-rumaeniens\/rumaenische-juden-im-ersten-weltkrieg-blutzoll-beschleunigte-einbuergerung-id628858.html"},"wordCount":1005,"image":{"@id":"https:\/\/www.rri.ro\/de\/feature-reportage\/pro-memoria-zur-geschichte-rumaeniens\/rumaenische-juden-im-ersten-weltkrieg-blutzoll-beschleunigte-einbuergerung-id628858.html#primaryimage"},"thumbnailUrl":"https:\/\/www.rri.ro\/wp-content\/uploads\/2024\/02\/memorial-for-the-jewish-martyrs-of-falticeni-in-1916-1920-wiki-free-usage.jpg","keywords":["Einb\u00fcrgerung","erster Weltkrieg","Geschichte","Juden","Rum\u00e4nien"],"articleSection":["Pro Memoria \u2013 zur Geschichte Rum\u00e4niens"],"inLanguage":"de"},{"@type":"WebPage","@id":"https:\/\/www.rri.ro\/de\/feature-reportage\/pro-memoria-zur-geschichte-rumaeniens\/rumaenische-juden-im-ersten-weltkrieg-blutzoll-beschleunigte-einbuergerung-id628858.html","url":"https:\/\/www.rri.ro\/de\/feature-reportage\/pro-memoria-zur-geschichte-rumaeniens\/rumaenische-juden-im-ersten-weltkrieg-blutzoll-beschleunigte-einbuergerung-id628858.html","name":"Rum\u00e4nische Juden im Ersten Weltkrieg: Blutzoll beschleunigte Einb\u00fcrgerung - Radio Rum\u00e4nien International","isPartOf":{"@id":"https:\/\/www.rri.ro\/#website"},"primaryImageOfPage":{"@id":"https:\/\/www.rri.ro\/de\/feature-reportage\/pro-memoria-zur-geschichte-rumaeniens\/rumaenische-juden-im-ersten-weltkrieg-blutzoll-beschleunigte-einbuergerung-id628858.html#primaryimage"},"image":{"@id":"https:\/\/www.rri.ro\/de\/feature-reportage\/pro-memoria-zur-geschichte-rumaeniens\/rumaenische-juden-im-ersten-weltkrieg-blutzoll-beschleunigte-einbuergerung-id628858.html#primaryimage"},"thumbnailUrl":"https:\/\/www.rri.ro\/wp-content\/uploads\/2024\/02\/memorial-for-the-jewish-martyrs-of-falticeni-in-1916-1920-wiki-free-usage.jpg","datePublished":"2018-08-20T14:30:00+00:00","author":{"@id":"https:\/\/www.rri.ro\/#\/schema\/person\/32dfff47877fea659b3b498015876c1d"},"breadcrumb":{"@id":"https:\/\/www.rri.ro\/de\/feature-reportage\/pro-memoria-zur-geschichte-rumaeniens\/rumaenische-juden-im-ersten-weltkrieg-blutzoll-beschleunigte-einbuergerung-id628858.html#breadcrumb"},"inLanguage":"de","potentialAction":[{"@type":"ReadAction","target":["https:\/\/www.rri.ro\/de\/feature-reportage\/pro-memoria-zur-geschichte-rumaeniens\/rumaenische-juden-im-ersten-weltkrieg-blutzoll-beschleunigte-einbuergerung-id628858.html"]}]},{"@type":"ImageObject","inLanguage":"de","@id":"https:\/\/www.rri.ro\/de\/feature-reportage\/pro-memoria-zur-geschichte-rumaeniens\/rumaenische-juden-im-ersten-weltkrieg-blutzoll-beschleunigte-einbuergerung-id628858.html#primaryimage","url":"https:\/\/www.rri.ro\/wp-content\/uploads\/2024\/02\/memorial-for-the-jewish-martyrs-of-falticeni-in-1916-1920-wiki-free-usage.jpg","contentUrl":"https:\/\/www.rri.ro\/wp-content\/uploads\/2024\/02\/memorial-for-the-jewish-martyrs-of-falticeni-in-1916-1920-wiki-free-usage.jpg","width":640,"height":480},{"@type":"BreadcrumbList","@id":"https:\/\/www.rri.ro\/de\/feature-reportage\/pro-memoria-zur-geschichte-rumaeniens\/rumaenische-juden-im-ersten-weltkrieg-blutzoll-beschleunigte-einbuergerung-id628858.html#breadcrumb","itemListElement":[{"@type":"ListItem","position":1,"name":"Startseite","item":"https:\/\/www.rri.ro\/de"},{"@type":"ListItem","position":2,"name":"Feature &amp; Reportage","item":"https:\/\/www.rri.ro\/de\/feature-reportage"},{"@type":"ListItem","position":3,"name":"Pro Memoria \u2013 zur Geschichte Rum\u00e4niens","item":"https:\/\/www.rri.ro\/de\/feature-reportage\/pro-memoria-zur-geschichte-rumaeniens"},{"@type":"ListItem","position":4,"name":"Rum\u00e4nische Juden im Ersten Weltkrieg: Blutzoll beschleunigte Einb\u00fcrgerung"}]},{"@type":"WebSite","@id":"https:\/\/www.rri.ro\/#website","url":"https:\/\/www.rri.ro\/","name":"Radio Rum\u00e4nien International","description":"Totul despre Rom\u00e2nia \u015fi rom\u00e2ni, \u00een 13 limbi\/dialecte!","inLanguage":"de"},{"@type":"Person","@id":"https:\/\/www.rri.ro\/#\/schema\/person\/32dfff47877fea659b3b498015876c1d","name":"Steliu Lambru","url":"https:\/\/www.rri.ro\/de\/author\/steliu-lambru"}]}},"_links":{"self":[{"href":"https:\/\/www.rri.ro\/de\/wp-json\/wp\/v2\/posts\/628858","targetHints":{"allow":["GET"]}}],"collection":[{"href":"https:\/\/www.rri.ro\/de\/wp-json\/wp\/v2\/posts"}],"about":[{"href":"https:\/\/www.rri.ro\/de\/wp-json\/wp\/v2\/types\/post"}],"author":[{"embeddable":true,"href":"https:\/\/www.rri.ro\/de\/wp-json\/wp\/v2\/users\/127"}],"replies":[{"embeddable":true,"href":"https:\/\/www.rri.ro\/de\/wp-json\/wp\/v2\/comments?post=628858"}],"version-history":[{"count":0,"href":"https:\/\/www.rri.ro\/de\/wp-json\/wp\/v2\/posts\/628858\/revisions"}],"wp:featuredmedia":[{"embeddable":true,"href":"https:\/\/www.rri.ro\/de\/wp-json\/wp\/v2\/media\/628859"}],"wp:attachment":[{"href":"https:\/\/www.rri.ro\/de\/wp-json\/wp\/v2\/media?parent=628858"}],"wp:term":[{"taxonomy":"category","embeddable":true,"href":"https:\/\/www.rri.ro\/de\/wp-json\/wp\/v2\/categories?post=628858"},{"taxonomy":"post_tag","embeddable":true,"href":"https:\/\/www.rri.ro\/de\/wp-json\/wp\/v2\/tags?post=628858"},{"taxonomy":"author","embeddable":true,"href":"https:\/\/www.rri.ro\/de\/wp-json\/wp\/v2\/coauthors?post=628858"}],"curies":[{"name":"wp","href":"https:\/\/api.w.org\/{rel}","templated":true}]}}