{"id":628900,"date":"2019-03-25T17:30:00","date_gmt":"2019-03-25T15:30:00","guid":{"rendered":"http:\/\/devrri.freshlemon.ro\/aktuell\/kommunistische-propaganda-marotten-der-kampf-um-den-frieden-id628900.html"},"modified":"2019-03-25T17:30:00","modified_gmt":"2019-03-25T15:30:00","slug":"kommunistische-propaganda-marotten-der-kampf-um-den-frieden","status":"publish","type":"post","link":"https:\/\/www.rri.ro\/de\/feature-reportage\/pro-memoria-zur-geschichte-rumaeniens\/kommunistische-propaganda-marotten-der-kampf-um-den-frieden-id628900.html","title":{"rendered":"Kommunistische Propaganda-Marotten: \u201eDer Kampf um den Frieden\u201c"},"content":{"rendered":"<p>Im Gegensatz zum Kapitalismus, der, so die offizielle Ausf\u00fchrung, kriegstreiberisch agierte, setzte sich der Kommunismus f\u00fcr den weltweiten Frieden ein. Selbst in ihren Schriften behaupteten marxistisch-leninistische Theoretiker, dass das unterdr\u00fcckte Proletariat pazifistisch gewesen w\u00e4re und die unterdr\u00fcckenden Eigent\u00fcmer den Konflikt in irgendeiner Form gef\u00f6rdert h\u00e4tten. Das Schema der marxistischen Philosophie war simpel und dennoch verwirrend. Auch dann, wenn es zur proletarischen Weltrevolution aufrief, um die Welt zu ver\u00e4ndern, griff das Proletariat auf Gewalt zur\u00fcck, um das B\u00fcrgertum zu vernichten und nach der Machtergreifung den ewigen Frieden auszurufen.<\/p>\n<p>&#13;<br \/>\n&#13;<\/p>\n<p>&#13;<br \/>\n&#13;<\/p>\n<p>Der Sieg des Bolschewismus von 1931 brachte bei weitem nicht den Frieden, sondern das Gegenteil. Die Sowjetunion hat mit allen Mitteln versucht, zu Unruhen und Chaos anzustiften, sowohl in ihrer unmittelbaren Nachbarschaft als auch auf der ganzen Welt. In Wirklichkeit liebte das kommunistische Regime den Konflikt ebenso wie jedes andere Regime. Und Frieden ist zu einem sinnentleerten Wort geworden, durch das die Menschen leicht get\u00e4uscht werden konnten. So erfand die sowjetische Propaganda den Slogan Der Kampf um den Frieden\u201c, der, abgesehen von einer widersinnigen Formulierung, auffallend realit\u00e4tsfern war.<\/p>\n<p>&#13;<br \/>\n&#13;<\/p>\n<p>&#13;<br \/>\n&#13;<\/p>\n<p>In Rum\u00e4nien f\u00fchrte die sowjetische Besatzung im Jahr 1944 den Begriff Kampf um den Frieden\u201c ein und er verschwand mit dem Sturz des Kommunismus im Jahr 1989 ebenso schnell aus dem den kollektiven Geist. In den 1950er Jahren gab es einen Witz, der sagte, dass wir f\u00fcr den Frieden k\u00e4mpfen, bis kein Stein mehr auf dem anderen liegt\u201c. Der Witz verdeutlichte die Inhaltslosigkeit des Slogans. Alle, die den Slogan verwendeten, taten es nur, um pers\u00f6nliche Vorteile zu erlangen und in den Parteiapparat aufzusteigen. Der Frieden war ein Grundpfeiler der kommunistischen Propaganda. W\u00e4hrend des Ceau\u015fescu-Regimes nahm er sogar groteske Formen, indem er den kommunistischen Diktator zum Friedenshelden\u201c proklamierte.<\/p>\n<p>&#13;<br \/>\n&#13;<\/p>\n<p>&#13;<br \/>\n&#13;<\/p>\n<p>Der Ingenieur \u015etefan B\u00e2rlea war in den 1950er und 1960er Jahren ein wichtiger kommunistischer Aktivist, verantwortlich f\u00fcr Jugendfragen. Er wurde im Jahr 2002 vom Zentrum f\u00fcr m\u00fcndlich \u00fcberlieferte Geschichte des Rum\u00e4nischen H\u00f6rfunks interviewt und erinnerte sich an das Jahr 1955.<\/p>\n<p>&#13;<br \/>\n&#13;<\/p>\n<p>&#13;<br \/>\n&#13;<\/p>\n<p><em>Das Jahr 1955 hatte eine besondere Bedeutung. Zuerst hat der orthodoxe Patriarch Justinian einen Pastoralbrief geschrieben, dessen Inhalt uns bekannt war und den wir als positiv wahrgenommen haben. Diese Pastoralbrief war der erste, denn mir ist nur das bekannt, was in der orthodoxen Kirche passierte, in dem zur Atomabr\u00fcstung aufgerufen wurde. Es war bereits ein Akt politischer Beteiligung der orthodoxen Kirche, der wahrscheinlich vom Regime gefordert wurde &#8212; ich wei\u200e\u00df es nicht genau. Es ist schwer, die Wege des Herrn zu ergr\u00fcnden, denn sie sind verschlungen. Das alles fiel mit einer starken, pazifistischen Bewegung zusammen, die von der Sowjetunion ermutigt und angef\u00fchrt wurde. Diese pazifistische Bewegung begann um 1949 und erreichte mit der Weltfriedensversammlung 1955 ihren H\u00f6hepunkt.\u201c<\/em><\/p>\n<p>&#13;<br \/>\n&#13;<\/p>\n<p>&#13;<br \/>\n&#13;<\/p>\n<p>&#13;<br \/>\n&#13;<\/p>\n<p>Selbstverst\u00e4ndlich wollten die Menschen nach dem Zweiten Weltkrieg Frieden. Die Sowjetunion hatte aber andere Interessen und setzte sich f\u00fcr den ideologischen Frieden ein. Stefan B\u00e2rlea sagte, seine Aufgabe sei es gewesen, \u00f6ffentliche Veranstaltungen diesbez\u00fcglich zu organisieren.<\/p>\n<p>&#13;<br \/>\n&#13;<\/p>\n<p>&#13;<br \/>\n&#13;<\/p>\n<p><em>Ich habe Jugendkundgebungen organisiert, fast jedes Jahr hatten wir zwei oder drei Kundgebungen. 1950 wurde in Warschau ein zweiter Friedenskongress abgehalten, dabei wurde ein Weltrat gew\u00e4hlt und zus\u00e4tzlich zu den offiziell angek\u00fcndigten Teilnehmern, zus\u00e4tzlich zu den L\u00e4nderorganisationen wurden zwei Jugendorganisationen, der Weltverband der Demokratischen Jugend und der Internationale Studentenverband aufgenommen. Und diese Organisationen, die die Friedensbewegung als Mitglieder des Weltfriedensrates vertraten, forderten, dass die nationalen Jugendorganisationen der Studenten und Jugendlichen, Jugendveranstaltungen f\u00fcr den Frieden organisieren sollten. Und so haben wir hier im Her\u0103str\u0103u-Park, auf dem Ausstellungsgel\u00e4nde im Pavillon H und in der Floreasca-Halle eine Reihe von Gro\u200e\u00dfkundgebungen organisiert. Einige sogar im Freien.\u201c<\/em><\/p>\n<p>&#13;<br \/>\n&#13;<\/p>\n<p>&#13;<br \/>\n&#13;<\/p>\n<p>&#13;<br \/>\n&#13;<\/p>\n<p>Auf den Kundgebungen wurden die \u00fcblichen flammenden Reden gehalten. \u015etefan B\u00e2rlea erinnerte sich, wie solche \u00f6ffentliche Versammlungen organisiert wurden.<\/p>\n<p>&#13;<br \/>\n&#13;<\/p>\n<p>&#13;<br \/>\n&#13;<\/p>\n<p><em>Die Tagesordnung bekamen wir vom Zentralkomitee des Verbandes der Arbeitenden Jugendlichen (UTM) bzw. durch die R\u00e4te der Studentenverb\u00e4nde, als Empfehlung der Internationalen R\u00e4te an diese Organisationen. Die Rede wurde entweder von einem Vertreter der internationalen Jugendorganisationen gehalten, und dann war es etwas Gro\u200e\u00dfes, unsere gesamte F\u00fchrung nahm daran teil, oder von jemandem vor Ort. Wenn wir solche Veranstaltungen in allen Universit\u00e4tszentren und in allen St\u00e4dten organisierten, durften nur die Aktivisten unserer Organisation als Redner auftreten. Der ehemalige Ministerpr\u00e4sident Ioan Gheorghe Maurer hat zum Beispiel eine Friedensrede gehalten, als er noch Leiter der Rechtsabteilung der Akademie war. Die Propaganda war das wichtigste Instrument, um die neue Ideologie im Land zu verbreiten. Es wurden Brosch\u00fcren gedruckt, von denen ausgehend man seine Rede aufbauen konnte. Und die Leute fragten danach. Wie bei jeder Show, denn es war letztendlich eine politische Show, gab es eine Regie, die einigen Punkten Rechnung tragen musste. Wenn es zum Beispiel eine Kundgebung war, an der die Parteif\u00fchrung teilnahm, dann war auch ein Regisseur dabei. Es gab einige bekannte Regisseure darunter,  etwa Hero Lupescu, der auch in der Oper Regie f\u00fchrte.\u201c<\/em><\/p>\n<p>&#13;<br \/>\n&#13;<\/p>\n<p>&#13;<br \/>\n&#13;<\/p>\n<p>&#13;<br \/>\n&#13;<\/p>\n<p>Der Kampf um den Frieden l\u00f6ste sich in Luft auf, als das kommunistische Regime in Rum\u00e4nien gest\u00fcrzt wurde. Ein Ideal wie der Frieden kann nicht nur durch \u00f6ffentliche Aufrufe erreicht werden.<\/p>\n<p>&#13;<\/p>\n","protected":false},"excerpt":{"rendered":"<p>Der Frieden war ein Lieblingsthema der kommunistischen Propaganda. In Rum\u00e4nien f\u00fchrte die sowjetische Besatzung im Jahr 1944 den Begriff Kampf um den Frieden\u201c ein und er verschwand aus dem den kollektiven Ged\u00e4chtnis mit dem Sturz des Kommunismus 1989.<\/p>\n","protected":false},"author":127,"featured_media":130633,"comment_status":"closed","ping_status":"closed","sticky":false,"template":"","format":"standard","meta":{"_acf_changed":false,"footnotes":""},"categories":[116755],"tags":[100341,119105,100038,119106,29743,99589],"coauthors":[],"class_list":["post-628900","post","type-post","status-publish","format-standard","has-post-thumbnail","hentry","category-pro-memoria-zur-geschichte-rumaeniens","tag-geschichte","tag-kampf-um-den-frieden","tag-kommunismus","tag-kundgebungen","tag-propaganda","tag-rumaenien"],"acf":[],"yoast_head":"<!-- This site is optimized with the Yoast SEO plugin v27.5 - https:\/\/yoast.com\/product\/yoast-seo-wordpress\/ -->\n<title>Kommunistische Propaganda-Marotten: \u201eDer Kampf um den Frieden\u201c - Radio Rum\u00e4nien International<\/title>\n<meta name=\"robots\" content=\"index, follow, max-snippet:-1, max-image-preview:large, max-video-preview:-1\" \/>\n<link rel=\"canonical\" href=\"https:\/\/www.rri.ro\/de\/feature-reportage\/pro-memoria-zur-geschichte-rumaeniens\/kommunistische-propaganda-marotten-der-kampf-um-den-frieden-id628900.html\" \/>\n<meta property=\"og:locale\" content=\"de_DE\" \/>\n<meta property=\"og:type\" content=\"article\" \/>\n<meta property=\"og:title\" content=\"Kommunistische Propaganda-Marotten: \u201eDer Kampf um den Frieden\u201c - Radio Rum\u00e4nien International\" \/>\n<meta property=\"og:description\" content=\"Der Frieden war ein Lieblingsthema der kommunistischen Propaganda. In Rum\u00e4nien f\u00fchrte die sowjetische Besatzung im Jahr 1944 den Begriff Kampf um den Frieden\u201c ein und er verschwand aus dem den kollektiven Ged\u00e4chtnis mit dem Sturz des Kommunismus 1989.\" \/>\n<meta property=\"og:url\" content=\"https:\/\/www.rri.ro\/de\/feature-reportage\/pro-memoria-zur-geschichte-rumaeniens\/kommunistische-propaganda-marotten-der-kampf-um-den-frieden-id628900.html\" \/>\n<meta property=\"og:site_name\" content=\"Radio Rum\u00e4nien International\" \/>\n<meta property=\"article:published_time\" content=\"2019-03-25T15:30:00+00:00\" \/>\n<meta property=\"og:image\" content=\"https:\/\/www.rri.ro\/wp-content\/uploads\/2023\/10\/23august1974-demostratie-pace-comunism.jpg\" \/>\n\t<meta property=\"og:image:width\" content=\"640\" \/>\n\t<meta property=\"og:image:height\" content=\"480\" \/>\n\t<meta property=\"og:image:type\" content=\"image\/png\" \/>\n<meta name=\"author\" content=\"Steliu Lambru\" \/>\n<meta name=\"twitter:card\" content=\"summary_large_image\" \/>\n<meta name=\"twitter:label1\" content=\"Verfasst von\" \/>\n\t<meta name=\"twitter:data1\" content=\"Steliu Lambru\" \/>\n\t<meta name=\"twitter:label2\" content=\"Gesch\u00e4tzte Lesezeit\" \/>\n\t<meta name=\"twitter:data2\" content=\"4\u00a0Minuten\" \/>\n\t<meta name=\"twitter:label3\" content=\"Written by\" \/>\n\t<meta name=\"twitter:data3\" content=\"Steliu Lambru\" \/>\n<script type=\"application\/ld+json\" class=\"yoast-schema-graph\">{\"@context\":\"https:\\\/\\\/schema.org\",\"@graph\":[{\"@type\":\"Article\",\"@id\":\"https:\\\/\\\/www.rri.ro\\\/de\\\/feature-reportage\\\/pro-memoria-zur-geschichte-rumaeniens\\\/kommunistische-propaganda-marotten-der-kampf-um-den-frieden-id628900.html#article\",\"isPartOf\":{\"@id\":\"https:\\\/\\\/www.rri.ro\\\/de\\\/feature-reportage\\\/pro-memoria-zur-geschichte-rumaeniens\\\/kommunistische-propaganda-marotten-der-kampf-um-den-frieden-id628900.html\"},\"author\":{\"name\":\"Steliu Lambru\",\"@id\":\"https:\\\/\\\/www.rri.ro\\\/#\\\/schema\\\/person\\\/32dfff47877fea659b3b498015876c1d\"},\"headline\":\"Kommunistische Propaganda-Marotten: \u201eDer Kampf um den Frieden\u201c\",\"datePublished\":\"2019-03-25T15:30:00+00:00\",\"mainEntityOfPage\":{\"@id\":\"https:\\\/\\\/www.rri.ro\\\/de\\\/feature-reportage\\\/pro-memoria-zur-geschichte-rumaeniens\\\/kommunistische-propaganda-marotten-der-kampf-um-den-frieden-id628900.html\"},\"wordCount\":866,\"image\":{\"@id\":\"https:\\\/\\\/www.rri.ro\\\/de\\\/feature-reportage\\\/pro-memoria-zur-geschichte-rumaeniens\\\/kommunistische-propaganda-marotten-der-kampf-um-den-frieden-id628900.html#primaryimage\"},\"thumbnailUrl\":\"https:\\\/\\\/www.rri.ro\\\/wp-content\\\/uploads\\\/2023\\\/10\\\/23august1974-demostratie-pace-comunism.jpg\",\"keywords\":[\"Geschichte\",\"Kampf um den Frieden\",\"Kommunismus\",\"Kundgebungen\",\"propaganda\",\"Rum\u00e4nien\"],\"articleSection\":[\"Pro Memoria \u2013 zur Geschichte Rum\u00e4niens\"],\"inLanguage\":\"de\"},{\"@type\":\"WebPage\",\"@id\":\"https:\\\/\\\/www.rri.ro\\\/de\\\/feature-reportage\\\/pro-memoria-zur-geschichte-rumaeniens\\\/kommunistische-propaganda-marotten-der-kampf-um-den-frieden-id628900.html\",\"url\":\"https:\\\/\\\/www.rri.ro\\\/de\\\/feature-reportage\\\/pro-memoria-zur-geschichte-rumaeniens\\\/kommunistische-propaganda-marotten-der-kampf-um-den-frieden-id628900.html\",\"name\":\"Kommunistische Propaganda-Marotten: \u201eDer Kampf um den Frieden\u201c - Radio Rum\u00e4nien International\",\"isPartOf\":{\"@id\":\"https:\\\/\\\/www.rri.ro\\\/#website\"},\"primaryImageOfPage\":{\"@id\":\"https:\\\/\\\/www.rri.ro\\\/de\\\/feature-reportage\\\/pro-memoria-zur-geschichte-rumaeniens\\\/kommunistische-propaganda-marotten-der-kampf-um-den-frieden-id628900.html#primaryimage\"},\"image\":{\"@id\":\"https:\\\/\\\/www.rri.ro\\\/de\\\/feature-reportage\\\/pro-memoria-zur-geschichte-rumaeniens\\\/kommunistische-propaganda-marotten-der-kampf-um-den-frieden-id628900.html#primaryimage\"},\"thumbnailUrl\":\"https:\\\/\\\/www.rri.ro\\\/wp-content\\\/uploads\\\/2023\\\/10\\\/23august1974-demostratie-pace-comunism.jpg\",\"datePublished\":\"2019-03-25T15:30:00+00:00\",\"author\":{\"@id\":\"https:\\\/\\\/www.rri.ro\\\/#\\\/schema\\\/person\\\/32dfff47877fea659b3b498015876c1d\"},\"breadcrumb\":{\"@id\":\"https:\\\/\\\/www.rri.ro\\\/de\\\/feature-reportage\\\/pro-memoria-zur-geschichte-rumaeniens\\\/kommunistische-propaganda-marotten-der-kampf-um-den-frieden-id628900.html#breadcrumb\"},\"inLanguage\":\"de\",\"potentialAction\":[{\"@type\":\"ReadAction\",\"target\":[\"https:\\\/\\\/www.rri.ro\\\/de\\\/feature-reportage\\\/pro-memoria-zur-geschichte-rumaeniens\\\/kommunistische-propaganda-marotten-der-kampf-um-den-frieden-id628900.html\"]}]},{\"@type\":\"ImageObject\",\"inLanguage\":\"de\",\"@id\":\"https:\\\/\\\/www.rri.ro\\\/de\\\/feature-reportage\\\/pro-memoria-zur-geschichte-rumaeniens\\\/kommunistische-propaganda-marotten-der-kampf-um-den-frieden-id628900.html#primaryimage\",\"url\":\"https:\\\/\\\/www.rri.ro\\\/wp-content\\\/uploads\\\/2023\\\/10\\\/23august1974-demostratie-pace-comunism.jpg\",\"contentUrl\":\"https:\\\/\\\/www.rri.ro\\\/wp-content\\\/uploads\\\/2023\\\/10\\\/23august1974-demostratie-pace-comunism.jpg\",\"width\":640,\"height\":480},{\"@type\":\"BreadcrumbList\",\"@id\":\"https:\\\/\\\/www.rri.ro\\\/de\\\/feature-reportage\\\/pro-memoria-zur-geschichte-rumaeniens\\\/kommunistische-propaganda-marotten-der-kampf-um-den-frieden-id628900.html#breadcrumb\",\"itemListElement\":[{\"@type\":\"ListItem\",\"position\":1,\"name\":\"Startseite\",\"item\":\"https:\\\/\\\/www.rri.ro\\\/de\"},{\"@type\":\"ListItem\",\"position\":2,\"name\":\"Feature &amp; Reportage\",\"item\":\"https:\\\/\\\/www.rri.ro\\\/de\\\/feature-reportage\"},{\"@type\":\"ListItem\",\"position\":3,\"name\":\"Pro Memoria \u2013 zur Geschichte Rum\u00e4niens\",\"item\":\"https:\\\/\\\/www.rri.ro\\\/de\\\/feature-reportage\\\/pro-memoria-zur-geschichte-rumaeniens\"},{\"@type\":\"ListItem\",\"position\":4,\"name\":\"Kommunistische Propaganda-Marotten: \u201eDer Kampf um den Frieden\u201c\"}]},{\"@type\":\"WebSite\",\"@id\":\"https:\\\/\\\/www.rri.ro\\\/#website\",\"url\":\"https:\\\/\\\/www.rri.ro\\\/\",\"name\":\"Radio Rum\u00e4nien International\",\"description\":\"Totul despre Rom\u00e2nia \u015fi rom\u00e2ni, \u00een 13 limbi\\\/dialecte!\",\"inLanguage\":\"de\"},{\"@type\":\"Person\",\"@id\":\"https:\\\/\\\/www.rri.ro\\\/#\\\/schema\\\/person\\\/32dfff47877fea659b3b498015876c1d\",\"name\":\"Steliu Lambru\",\"url\":\"https:\\\/\\\/www.rri.ro\\\/de\\\/author\\\/steliu-lambru\"}]}<\/script>\n<!-- \/ Yoast SEO plugin. -->","yoast_head_json":{"title":"Kommunistische Propaganda-Marotten: \u201eDer Kampf um den Frieden\u201c - Radio Rum\u00e4nien International","robots":{"index":"index","follow":"follow","max-snippet":"max-snippet:-1","max-image-preview":"max-image-preview:large","max-video-preview":"max-video-preview:-1"},"canonical":"https:\/\/www.rri.ro\/de\/feature-reportage\/pro-memoria-zur-geschichte-rumaeniens\/kommunistische-propaganda-marotten-der-kampf-um-den-frieden-id628900.html","og_locale":"de_DE","og_type":"article","og_title":"Kommunistische Propaganda-Marotten: \u201eDer Kampf um den Frieden\u201c - Radio Rum\u00e4nien International","og_description":"Der Frieden war ein Lieblingsthema der kommunistischen Propaganda. In Rum\u00e4nien f\u00fchrte die sowjetische Besatzung im Jahr 1944 den Begriff Kampf um den Frieden\u201c ein und er verschwand aus dem den kollektiven Ged\u00e4chtnis mit dem Sturz des Kommunismus 1989.","og_url":"https:\/\/www.rri.ro\/de\/feature-reportage\/pro-memoria-zur-geschichte-rumaeniens\/kommunistische-propaganda-marotten-der-kampf-um-den-frieden-id628900.html","og_site_name":"Radio Rum\u00e4nien International","article_published_time":"2019-03-25T15:30:00+00:00","og_image":[{"width":640,"height":480,"url":"https:\/\/www.rri.ro\/wp-content\/uploads\/2023\/10\/23august1974-demostratie-pace-comunism.jpg","type":"image\/png"}],"author":"Steliu Lambru","twitter_card":"summary_large_image","twitter_misc":{"Verfasst von":"Steliu Lambru","Gesch\u00e4tzte Lesezeit":"4\u00a0Minuten","Written by":"Steliu Lambru"},"schema":{"@context":"https:\/\/schema.org","@graph":[{"@type":"Article","@id":"https:\/\/www.rri.ro\/de\/feature-reportage\/pro-memoria-zur-geschichte-rumaeniens\/kommunistische-propaganda-marotten-der-kampf-um-den-frieden-id628900.html#article","isPartOf":{"@id":"https:\/\/www.rri.ro\/de\/feature-reportage\/pro-memoria-zur-geschichte-rumaeniens\/kommunistische-propaganda-marotten-der-kampf-um-den-frieden-id628900.html"},"author":{"name":"Steliu Lambru","@id":"https:\/\/www.rri.ro\/#\/schema\/person\/32dfff47877fea659b3b498015876c1d"},"headline":"Kommunistische Propaganda-Marotten: \u201eDer Kampf um den Frieden\u201c","datePublished":"2019-03-25T15:30:00+00:00","mainEntityOfPage":{"@id":"https:\/\/www.rri.ro\/de\/feature-reportage\/pro-memoria-zur-geschichte-rumaeniens\/kommunistische-propaganda-marotten-der-kampf-um-den-frieden-id628900.html"},"wordCount":866,"image":{"@id":"https:\/\/www.rri.ro\/de\/feature-reportage\/pro-memoria-zur-geschichte-rumaeniens\/kommunistische-propaganda-marotten-der-kampf-um-den-frieden-id628900.html#primaryimage"},"thumbnailUrl":"https:\/\/www.rri.ro\/wp-content\/uploads\/2023\/10\/23august1974-demostratie-pace-comunism.jpg","keywords":["Geschichte","Kampf um den Frieden","Kommunismus","Kundgebungen","propaganda","Rum\u00e4nien"],"articleSection":["Pro Memoria \u2013 zur Geschichte Rum\u00e4niens"],"inLanguage":"de"},{"@type":"WebPage","@id":"https:\/\/www.rri.ro\/de\/feature-reportage\/pro-memoria-zur-geschichte-rumaeniens\/kommunistische-propaganda-marotten-der-kampf-um-den-frieden-id628900.html","url":"https:\/\/www.rri.ro\/de\/feature-reportage\/pro-memoria-zur-geschichte-rumaeniens\/kommunistische-propaganda-marotten-der-kampf-um-den-frieden-id628900.html","name":"Kommunistische Propaganda-Marotten: \u201eDer Kampf um den Frieden\u201c - Radio Rum\u00e4nien International","isPartOf":{"@id":"https:\/\/www.rri.ro\/#website"},"primaryImageOfPage":{"@id":"https:\/\/www.rri.ro\/de\/feature-reportage\/pro-memoria-zur-geschichte-rumaeniens\/kommunistische-propaganda-marotten-der-kampf-um-den-frieden-id628900.html#primaryimage"},"image":{"@id":"https:\/\/www.rri.ro\/de\/feature-reportage\/pro-memoria-zur-geschichte-rumaeniens\/kommunistische-propaganda-marotten-der-kampf-um-den-frieden-id628900.html#primaryimage"},"thumbnailUrl":"https:\/\/www.rri.ro\/wp-content\/uploads\/2023\/10\/23august1974-demostratie-pace-comunism.jpg","datePublished":"2019-03-25T15:30:00+00:00","author":{"@id":"https:\/\/www.rri.ro\/#\/schema\/person\/32dfff47877fea659b3b498015876c1d"},"breadcrumb":{"@id":"https:\/\/www.rri.ro\/de\/feature-reportage\/pro-memoria-zur-geschichte-rumaeniens\/kommunistische-propaganda-marotten-der-kampf-um-den-frieden-id628900.html#breadcrumb"},"inLanguage":"de","potentialAction":[{"@type":"ReadAction","target":["https:\/\/www.rri.ro\/de\/feature-reportage\/pro-memoria-zur-geschichte-rumaeniens\/kommunistische-propaganda-marotten-der-kampf-um-den-frieden-id628900.html"]}]},{"@type":"ImageObject","inLanguage":"de","@id":"https:\/\/www.rri.ro\/de\/feature-reportage\/pro-memoria-zur-geschichte-rumaeniens\/kommunistische-propaganda-marotten-der-kampf-um-den-frieden-id628900.html#primaryimage","url":"https:\/\/www.rri.ro\/wp-content\/uploads\/2023\/10\/23august1974-demostratie-pace-comunism.jpg","contentUrl":"https:\/\/www.rri.ro\/wp-content\/uploads\/2023\/10\/23august1974-demostratie-pace-comunism.jpg","width":640,"height":480},{"@type":"BreadcrumbList","@id":"https:\/\/www.rri.ro\/de\/feature-reportage\/pro-memoria-zur-geschichte-rumaeniens\/kommunistische-propaganda-marotten-der-kampf-um-den-frieden-id628900.html#breadcrumb","itemListElement":[{"@type":"ListItem","position":1,"name":"Startseite","item":"https:\/\/www.rri.ro\/de"},{"@type":"ListItem","position":2,"name":"Feature &amp; Reportage","item":"https:\/\/www.rri.ro\/de\/feature-reportage"},{"@type":"ListItem","position":3,"name":"Pro Memoria \u2013 zur Geschichte Rum\u00e4niens","item":"https:\/\/www.rri.ro\/de\/feature-reportage\/pro-memoria-zur-geschichte-rumaeniens"},{"@type":"ListItem","position":4,"name":"Kommunistische Propaganda-Marotten: \u201eDer Kampf um den Frieden\u201c"}]},{"@type":"WebSite","@id":"https:\/\/www.rri.ro\/#website","url":"https:\/\/www.rri.ro\/","name":"Radio Rum\u00e4nien International","description":"Totul despre Rom\u00e2nia \u015fi rom\u00e2ni, \u00een 13 limbi\/dialecte!","inLanguage":"de"},{"@type":"Person","@id":"https:\/\/www.rri.ro\/#\/schema\/person\/32dfff47877fea659b3b498015876c1d","name":"Steliu Lambru","url":"https:\/\/www.rri.ro\/de\/author\/steliu-lambru"}]}},"_links":{"self":[{"href":"https:\/\/www.rri.ro\/de\/wp-json\/wp\/v2\/posts\/628900","targetHints":{"allow":["GET"]}}],"collection":[{"href":"https:\/\/www.rri.ro\/de\/wp-json\/wp\/v2\/posts"}],"about":[{"href":"https:\/\/www.rri.ro\/de\/wp-json\/wp\/v2\/types\/post"}],"author":[{"embeddable":true,"href":"https:\/\/www.rri.ro\/de\/wp-json\/wp\/v2\/users\/127"}],"replies":[{"embeddable":true,"href":"https:\/\/www.rri.ro\/de\/wp-json\/wp\/v2\/comments?post=628900"}],"version-history":[{"count":0,"href":"https:\/\/www.rri.ro\/de\/wp-json\/wp\/v2\/posts\/628900\/revisions"}],"wp:featuredmedia":[{"embeddable":true,"href":"https:\/\/www.rri.ro\/de\/wp-json\/wp\/v2\/media\/130633"}],"wp:attachment":[{"href":"https:\/\/www.rri.ro\/de\/wp-json\/wp\/v2\/media?parent=628900"}],"wp:term":[{"taxonomy":"category","embeddable":true,"href":"https:\/\/www.rri.ro\/de\/wp-json\/wp\/v2\/categories?post=628900"},{"taxonomy":"post_tag","embeddable":true,"href":"https:\/\/www.rri.ro\/de\/wp-json\/wp\/v2\/tags?post=628900"},{"taxonomy":"author","embeddable":true,"href":"https:\/\/www.rri.ro\/de\/wp-json\/wp\/v2\/coauthors?post=628900"}],"curies":[{"name":"wp","href":"https:\/\/api.w.org\/{rel}","templated":true}]}}