{"id":629017,"date":"2022-12-05T21:03:00","date_gmt":"2022-12-05T19:03:00","guid":{"rendered":"http:\/\/devrri.freshlemon.ro\/aktuell\/natur-und-politik-in-rumaenien-im-19-jahrhundert-id629017.html"},"modified":"2022-12-05T21:03:00","modified_gmt":"2022-12-05T19:03:00","slug":"natur-und-politik-in-rumaenien-im-19-jahrhundert","status":"publish","type":"post","link":"https:\/\/www.rri.ro\/de\/feature-reportage\/pro-memoria-zur-geschichte-rumaeniens\/natur-und-politik-in-rumaenien-im-19-jahrhundert-id629017.html","title":{"rendered":"Natur und Politik in Rum\u00e4nien im 19. Jahrhundert"},"content":{"rendered":"<p><p> Die Beziehung zwischen Mensch und Natur hat schon immer das Denken&#13;<br \/>\nangeregt, und alle Ideen und Wissenschaften sind auf die eine oder&#13;<br \/>\nandere Weise mit ihr verbunden. Die moderne Welt, die in der zweiten&#13;<br \/>\nH\u00e4lfte des 18. Jahrhunderts begann, stellte die Natur mit dem&#13;<br \/>\nG\u00f6ttlichen gleich, im Gegensatz zum Mittelalter und der Vormoderne,&#13;<br \/>\ndie sich auf die Idee des \u00dcbernat\u00fcrlichen st\u00fctzten. Die Natur&#13;<br \/>\nwurde somit Teil der politischen Debatte, und transformative oder&#13;<br \/>\nkonservative Ideen trugen ihrer Bedeutung Rechnung.<\/p>\n<p>&#13;<\/p>\n<p>&#13;<br \/>\n\tDie Natur als Teil der politischen Debatte erscheint auch in&#13;<br \/>\nRum\u00e4nien, importiert aus Frankreich. Frankophile rum\u00e4nische&#13;<br \/>\nIntellektuelle greifen die Idee der Natur in der Politik auf und&#13;<br \/>\nanalysieren ihre Rolle und ihr Verh\u00e4ltnis zur Politik im Hinblick&#13;<br \/>\nauf die Haltung, die der Mensch einnehmen sollte. Die Natur spielt&#13;<br \/>\neine wesentliche Rolle bei der Erkl\u00e4rung der Welt aus politischer&#13;<br \/>\nSicht, und Professor Raluca Alexandrescu von der&#13;<br \/>\npolitikwissenschaftlichen Fakult\u00e4t der Universit\u00e4t Bukarest&#13;<br \/>\nerkl\u00e4rte, woher die politische Diskussion \u00fcber die Natur im&#13;<br \/>\nrum\u00e4nischen Raum kommt<span style=font-size: 1em;>:<\/span><\/p>\n<p><span style=font-size: 1em;><br \/><\/span><\/p>\n<p><span style=font-size: 1em;><br \/><\/span><\/p>\n<p><span style=font-size: 1em;> Wir k\u00f6nnen diese Tendenzen bereits in der europ\u00e4ischen&#13;<br \/>\nLogik, im politischen Diskurs und in der europ\u00e4ischen politischen&#13;<br \/>\nDarstellung nach 1850 erkennen. Ein Autor,&#13;<br \/>\nden ich als Bezugspunkt genommen habe, weil er in vielerlei Hinsicht&#13;<br \/>\neine Inspiration und ein Modell ist, obwohl ich z\u00f6gere, das Wort&#13;<br \/>\nModell zu verwenden, ist Jules Michelet. Er selbst erlebt&#13;<br \/>\neinen radikalen Wechsel des Diskurses und des Forschungsfeldes von&#13;<br \/>\nGeschichte und Politik nach 1851.<\/span><\/p>\n<p>&#13;<\/p>\n<p>&#13;<br \/>\n<br \/>&#13;<br \/>\n&#13;\n<\/p>\n<p><\/p>\n<p>&#13;<\/p>\n<p>&#13;<br \/>\n\tEiner der ersten Intellektuellen, der die Natur in die Politik&#13;<br \/>\neinbrachte, war der Ingenieur, Geograf und Schriftsteller Nestor&#13;<br \/>\nUrechia. Raluca Alexandrescu hat seine Schriften wiederentdeckt und&#13;<br \/>\nversucht nun, sie wieder in Umlauf zu bringen:<\/p>\n<p><span style=font-size: 1em;><br \/><\/span><\/p>\n<p><span style=font-size: 1em;><br \/><\/span><\/p>\n<p><span style=font-size: 1em;>Nestor Urechia ist der Sohn von V. A. Urechia. Er ist ein&#13;<br \/>\nAutor, der, wie ich in Gespr\u00e4chen mit anderen Historikern,&#13;<br \/>\nPolitikwissenschaftlern und Anthropologen feststellen konnte, eine&#13;<br \/>\nAufmerksamkeit wie nie zuvor genie\u00dft. Da&#13;<br \/>\ner bisher noch nicht viel studiert wurde, zeigt er viele seiner&#13;<br \/>\nvielf\u00e4ltigen Seiten. Der an der \u00c9cole Polytechnique und der \u00c9cole&#13;<br \/>\nnationale des ponts et chauss\u00e9es in Paris ausgebildete Ingenieur ist&#13;<br \/>\nder Hauptverantwortliche oder Bauleiter der Nationalstra\u00dfe Nr. 1,&#13;<br \/>\nder ber\u00fchmten DN 1, die er zwischen 1902 und 1913 auf dem Abschnitt&#13;<br \/>\nComarnic-Predeal \u00fcberwacht und gebaut hat. Er war auch ein&#13;<br \/>\nbekennender Frankophiler und seine Frau war&#13;<br \/>\nFranz\u00f6sin. Er ist ein Berg- und Naturliebhaber. Und all diese Dinge&#13;<br \/>\nf\u00fcgen sich irgendwie zu einer Reflexion zusammen, die f\u00fcr jeden,&#13;<br \/>\nder ihn heute liest, \u00e4u\u00dferst anregend ist.<\/span><\/p>\n<p><span style=font-size: 1em;><br \/><\/span><\/p>\n<p><span style=font-size: 1em;><br \/><\/span><\/p>\n<p>&#13;<\/p>\n<p>&#13;<br \/>\n\tUrechias Ideen regen den Leser dazu an, \u00fcber das Verh\u00e4ltnis&#13;<br \/>\nzwischen Territorium, Natur, Demokratie und Souver\u00e4nit\u00e4t&#13;<br \/>\nnachzudenken. Dies ist eine erste Idee in Urechias Werk, die Raluca&#13;<br \/>\nAlexandrescu hervorheben wollte<span style=font-size: 1em;>:<\/span><\/p>\n<p><span style=font-size: 1em;><br \/><\/span><\/p>\n<p><span style=font-size: 1em;><br \/><\/span><\/p>\n<p><span style=font-size: 1em;> Er stellt fest, dass das Land vor allem durch seine&#13;<br \/>\nBeziehung zu den Menschen interessant ist. Dies ist der&#13;<br \/>\nHauptansatzpunkt, von dem er ausgeht. Die Beziehung zu den Menschen&#13;<br \/>\nist nicht nur das, was wir heute aus der Sicht eines Umweltaktivisten&#13;<br \/>\nbetrachten w\u00fcrden, d.h. wie wir uns um die Umwelt k\u00fcmmern, was wir&#13;<br \/>\ntun k\u00f6nnen, um sie zu sch\u00fctzen. Urechias Gedanke und Absicht ist&#13;<br \/>\nes, einen eher theoretischen Vorschlag zu machen. Sein Vorschlag&#13;<br \/>\nber\u00fccksichtigte diese immer mobilere, dynamischere und fl\u00fcssigere&#13;<br \/>\nBeziehung der Gesellschaft, der Gruppen und Individuen, die sie&#13;<br \/>\nbilden, zu den verschiedenen Erscheinungsformen der Natur, diese Form&#13;<br \/>\ndes Zusammenlebens. Und das ist interessant, weil diese Idee des&#13;<br \/>\nfriedlichen Zusammenlebens mit der Natur, die heute den Umweltdiskurs&#13;<br \/>\nim Allgemeinen beherrscht, in dieser Zeit nicht sehr oft vorkommt.&#13;<br \/>\nMensch und Natur sind also gleichberechtigte Akteure in einer Szene,&#13;<br \/>\ndie sie in einer harmonischen politischen Ordnung zusammenf\u00fchrt.<\/span><\/p>\n<p>&#13;<\/p>\n<p>&#13;<br \/>\n<br \/>&#13;<br \/>\n&#13;\n<\/p>\n<p>&#13;<\/p>\n<p>&#13;<br \/>\n\tWie entsteht aber die nationale&#13;<br \/>\nZugeh\u00f6rigkeit? Raluca Alexandrescu fasste die Antwort von Nestor&#13;<br \/>\nUrechia zusammen<span style=font-size: 1em;>:<\/span><\/p>\n<p><span style=font-size: 1em;><br \/><\/span><\/p>\n<p><span style=font-size: 1em;><br \/><\/span><\/p>\n<p><span style=font-size: 1em;>Eine andere Idee, die nicht so originell ist, aber&#13;<br \/>\ndennoch bei Urechia zu verfolgen ist, ist die Art und Weise, wie er&#13;<br \/>\ndie Konstruktion des modernen Ausdrucks der Nation in der Rhetorik&#13;<br \/>\n\u00fcber die Natur verfolgt. Hier k\u00f6nnen wir uns eher auf seine Romane&#13;<br \/>\nbeziehen, die eigentlich nichts anderes als Geschichten sind. Zu&#13;<br \/>\nBeginn des 20. Jahrhunderts ver\u00f6ffentlichte er mehrere B\u00e4nde:&#13;<br \/>\nBucegi, Der Zauber der Bucegi, etwas sp\u00e4ter&#13;<br \/>\nDie Robinsons der Bucegi, die sich&#13;<br \/>\nalle im Bucegi-Gebirge abspielen. In&#13;<br \/>\ndiesen literarischen Essays kann man, so w\u00fcrde ich sagen, sehr&#13;<br \/>\ndeutlich die Absicht erkennen, die Rhetorik einer Identit\u00e4t, auch&#13;<br \/>\neiner nationalen Identitat, zu&#13;<br \/>\nkonstruieren, indem man sich auf die Art und Weise bezieht, in der&#13;<br \/>\nNatur und Politik miteinander verflochten sind.<\/span><\/p>\n<p><span style=font-size: 1em;><br \/><\/span><\/p>\n<p><span style=font-size: 1em;><br \/><\/span><\/p>\n<p>&#13;<\/p>\n<p>&#13;<br \/>\n\tNatur und Politik sind heute wie vor fast 150 Jahren in dem pr\u00e4sent,&#13;<br \/>\nwas die Menschen f\u00fcr sich selbst und f\u00fcr die Gemeinschaft, in der&#13;<br \/>\nsie leben, f\u00fcr wichtig halten. Und Nestor Urechia ist ein Name, an&#13;<br \/>\nden die Rum\u00e4nen denken k\u00f6nnen, wenn sie \u00fcber sich selbst sprechen.<\/p>\n<p><\/p>\n","protected":false},"excerpt":{"rendered":"<p>Die Natur ist eine grundlegende Pr\u00e4senz in der menschlichen Existenz.<\/p>\n","protected":false},"author":127,"featured_media":123226,"comment_status":"closed","ping_status":"closed","sticky":false,"template":"","format":"standard","meta":{"_acf_changed":false,"footnotes":""},"categories":[116755],"tags":[103906,101531,99589],"coauthors":[],"class_list":["post-629017","post","type-post","status-publish","format-standard","has-post-thumbnail","hentry","category-pro-memoria-zur-geschichte-rumaeniens","tag-natur","tag-politk","tag-rumaenien"],"acf":[],"yoast_head":"<!-- This site is optimized with the Yoast SEO plugin v27.3 - https:\/\/yoast.com\/product\/yoast-seo-wordpress\/ -->\n<title>Natur und Politik in Rum\u00e4nien im 19. Jahrhundert - Radio Rum\u00e4nien International<\/title>\n<meta name=\"robots\" content=\"index, follow, max-snippet:-1, max-image-preview:large, max-video-preview:-1\" \/>\n<link rel=\"canonical\" href=\"https:\/\/www.rri.ro\/de\/feature-reportage\/pro-memoria-zur-geschichte-rumaeniens\/natur-und-politik-in-rumaenien-im-19-jahrhundert-id629017.html\" \/>\n<meta property=\"og:locale\" content=\"de_DE\" \/>\n<meta property=\"og:type\" content=\"article\" \/>\n<meta property=\"og:title\" content=\"Natur und Politik in Rum\u00e4nien im 19. Jahrhundert - Radio Rum\u00e4nien International\" \/>\n<meta property=\"og:description\" content=\"Die Natur ist eine grundlegende Pr\u00e4senz in der menschlichen Existenz.\" \/>\n<meta property=\"og:url\" content=\"https:\/\/www.rri.ro\/de\/feature-reportage\/pro-memoria-zur-geschichte-rumaeniens\/natur-und-politik-in-rumaenien-im-19-jahrhundert-id629017.html\" \/>\n<meta property=\"og:site_name\" content=\"Radio Rum\u00e4nien International\" \/>\n<meta property=\"article:published_time\" content=\"2022-12-05T19:03:00+00:00\" \/>\n<meta property=\"og:image\" content=\"https:\/\/www.rri.ro\/wp-content\/uploads\/2023\/10\/logo-rri-fundal-alb-dunga-bleu.png\" \/>\n\t<meta property=\"og:image:width\" content=\"640\" \/>\n\t<meta property=\"og:image:height\" content=\"480\" \/>\n\t<meta property=\"og:image:type\" content=\"image\/png\" \/>\n<meta name=\"author\" content=\"Steliu Lambru\" \/>\n<meta name=\"twitter:card\" content=\"summary_large_image\" \/>\n<meta name=\"twitter:label1\" content=\"Verfasst von\" \/>\n\t<meta name=\"twitter:data1\" content=\"Steliu Lambru\" \/>\n\t<meta name=\"twitter:label2\" content=\"Gesch\u00e4tzte Lesezeit\" \/>\n\t<meta name=\"twitter:data2\" content=\"4\u00a0Minuten\" \/>\n\t<meta name=\"twitter:label3\" content=\"Written by\" \/>\n\t<meta name=\"twitter:data3\" content=\"Steliu Lambru\" \/>\n<script type=\"application\/ld+json\" class=\"yoast-schema-graph\">{\"@context\":\"https:\\\/\\\/schema.org\",\"@graph\":[{\"@type\":\"Article\",\"@id\":\"https:\\\/\\\/www.rri.ro\\\/de\\\/feature-reportage\\\/pro-memoria-zur-geschichte-rumaeniens\\\/natur-und-politik-in-rumaenien-im-19-jahrhundert-id629017.html#article\",\"isPartOf\":{\"@id\":\"https:\\\/\\\/www.rri.ro\\\/de\\\/feature-reportage\\\/pro-memoria-zur-geschichte-rumaeniens\\\/natur-und-politik-in-rumaenien-im-19-jahrhundert-id629017.html\"},\"author\":{\"name\":\"Steliu Lambru\",\"@id\":\"https:\\\/\\\/www.rri.ro\\\/#\\\/schema\\\/person\\\/32dfff47877fea659b3b498015876c1d\"},\"headline\":\"Natur und Politik in Rum\u00e4nien im 19. Jahrhundert\",\"datePublished\":\"2022-12-05T19:03:00+00:00\",\"mainEntityOfPage\":{\"@id\":\"https:\\\/\\\/www.rri.ro\\\/de\\\/feature-reportage\\\/pro-memoria-zur-geschichte-rumaeniens\\\/natur-und-politik-in-rumaenien-im-19-jahrhundert-id629017.html\"},\"wordCount\":797,\"image\":{\"@id\":\"https:\\\/\\\/www.rri.ro\\\/de\\\/feature-reportage\\\/pro-memoria-zur-geschichte-rumaeniens\\\/natur-und-politik-in-rumaenien-im-19-jahrhundert-id629017.html#primaryimage\"},\"thumbnailUrl\":\"https:\\\/\\\/www.rri.ro\\\/wp-content\\\/uploads\\\/2023\\\/10\\\/logo-rri-fundal-alb-dunga-bleu.png\",\"keywords\":[\"Natur\",\"Politk\",\"Rum\u00e4nien\"],\"articleSection\":[\"Pro Memoria \u2013 zur Geschichte Rum\u00e4niens\"],\"inLanguage\":\"de\"},{\"@type\":\"WebPage\",\"@id\":\"https:\\\/\\\/www.rri.ro\\\/de\\\/feature-reportage\\\/pro-memoria-zur-geschichte-rumaeniens\\\/natur-und-politik-in-rumaenien-im-19-jahrhundert-id629017.html\",\"url\":\"https:\\\/\\\/www.rri.ro\\\/de\\\/feature-reportage\\\/pro-memoria-zur-geschichte-rumaeniens\\\/natur-und-politik-in-rumaenien-im-19-jahrhundert-id629017.html\",\"name\":\"Natur und Politik in Rum\u00e4nien im 19. Jahrhundert - Radio Rum\u00e4nien International\",\"isPartOf\":{\"@id\":\"https:\\\/\\\/www.rri.ro\\\/#website\"},\"primaryImageOfPage\":{\"@id\":\"https:\\\/\\\/www.rri.ro\\\/de\\\/feature-reportage\\\/pro-memoria-zur-geschichte-rumaeniens\\\/natur-und-politik-in-rumaenien-im-19-jahrhundert-id629017.html#primaryimage\"},\"image\":{\"@id\":\"https:\\\/\\\/www.rri.ro\\\/de\\\/feature-reportage\\\/pro-memoria-zur-geschichte-rumaeniens\\\/natur-und-politik-in-rumaenien-im-19-jahrhundert-id629017.html#primaryimage\"},\"thumbnailUrl\":\"https:\\\/\\\/www.rri.ro\\\/wp-content\\\/uploads\\\/2023\\\/10\\\/logo-rri-fundal-alb-dunga-bleu.png\",\"datePublished\":\"2022-12-05T19:03:00+00:00\",\"author\":{\"@id\":\"https:\\\/\\\/www.rri.ro\\\/#\\\/schema\\\/person\\\/32dfff47877fea659b3b498015876c1d\"},\"breadcrumb\":{\"@id\":\"https:\\\/\\\/www.rri.ro\\\/de\\\/feature-reportage\\\/pro-memoria-zur-geschichte-rumaeniens\\\/natur-und-politik-in-rumaenien-im-19-jahrhundert-id629017.html#breadcrumb\"},\"inLanguage\":\"de\",\"potentialAction\":[{\"@type\":\"ReadAction\",\"target\":[\"https:\\\/\\\/www.rri.ro\\\/de\\\/feature-reportage\\\/pro-memoria-zur-geschichte-rumaeniens\\\/natur-und-politik-in-rumaenien-im-19-jahrhundert-id629017.html\"]}]},{\"@type\":\"ImageObject\",\"inLanguage\":\"de\",\"@id\":\"https:\\\/\\\/www.rri.ro\\\/de\\\/feature-reportage\\\/pro-memoria-zur-geschichte-rumaeniens\\\/natur-und-politik-in-rumaenien-im-19-jahrhundert-id629017.html#primaryimage\",\"url\":\"https:\\\/\\\/www.rri.ro\\\/wp-content\\\/uploads\\\/2023\\\/10\\\/logo-rri-fundal-alb-dunga-bleu.png\",\"contentUrl\":\"https:\\\/\\\/www.rri.ro\\\/wp-content\\\/uploads\\\/2023\\\/10\\\/logo-rri-fundal-alb-dunga-bleu.png\",\"width\":640,\"height\":480},{\"@type\":\"BreadcrumbList\",\"@id\":\"https:\\\/\\\/www.rri.ro\\\/de\\\/feature-reportage\\\/pro-memoria-zur-geschichte-rumaeniens\\\/natur-und-politik-in-rumaenien-im-19-jahrhundert-id629017.html#breadcrumb\",\"itemListElement\":[{\"@type\":\"ListItem\",\"position\":1,\"name\":\"Startseite\",\"item\":\"https:\\\/\\\/www.rri.ro\\\/de\"},{\"@type\":\"ListItem\",\"position\":2,\"name\":\"Feature &amp; Reportage\",\"item\":\"https:\\\/\\\/www.rri.ro\\\/de\\\/feature-reportage\"},{\"@type\":\"ListItem\",\"position\":3,\"name\":\"Pro Memoria \u2013 zur Geschichte Rum\u00e4niens\",\"item\":\"https:\\\/\\\/www.rri.ro\\\/de\\\/feature-reportage\\\/pro-memoria-zur-geschichte-rumaeniens\"},{\"@type\":\"ListItem\",\"position\":4,\"name\":\"Natur und Politik in Rum\u00e4nien im 19. Jahrhundert\"}]},{\"@type\":\"WebSite\",\"@id\":\"https:\\\/\\\/www.rri.ro\\\/#website\",\"url\":\"https:\\\/\\\/www.rri.ro\\\/\",\"name\":\"Radio Rum\u00e4nien International\",\"description\":\"Totul despre Rom\u00e2nia \u015fi rom\u00e2ni, \u00een 13 limbi\\\/dialecte!\",\"inLanguage\":\"de\"},{\"@type\":\"Person\",\"@id\":\"https:\\\/\\\/www.rri.ro\\\/#\\\/schema\\\/person\\\/32dfff47877fea659b3b498015876c1d\",\"name\":\"Steliu Lambru\",\"url\":\"https:\\\/\\\/www.rri.ro\\\/de\\\/author\\\/steliu-lambru\"}]}<\/script>\n<!-- \/ Yoast SEO plugin. -->","yoast_head_json":{"title":"Natur und Politik in Rum\u00e4nien im 19. Jahrhundert - Radio Rum\u00e4nien International","robots":{"index":"index","follow":"follow","max-snippet":"max-snippet:-1","max-image-preview":"max-image-preview:large","max-video-preview":"max-video-preview:-1"},"canonical":"https:\/\/www.rri.ro\/de\/feature-reportage\/pro-memoria-zur-geschichte-rumaeniens\/natur-und-politik-in-rumaenien-im-19-jahrhundert-id629017.html","og_locale":"de_DE","og_type":"article","og_title":"Natur und Politik in Rum\u00e4nien im 19. Jahrhundert - Radio Rum\u00e4nien International","og_description":"Die Natur ist eine grundlegende Pr\u00e4senz in der menschlichen Existenz.","og_url":"https:\/\/www.rri.ro\/de\/feature-reportage\/pro-memoria-zur-geschichte-rumaeniens\/natur-und-politik-in-rumaenien-im-19-jahrhundert-id629017.html","og_site_name":"Radio Rum\u00e4nien International","article_published_time":"2022-12-05T19:03:00+00:00","og_image":[{"width":640,"height":480,"url":"https:\/\/www.rri.ro\/wp-content\/uploads\/2023\/10\/logo-rri-fundal-alb-dunga-bleu.png","type":"image\/png"}],"author":"Steliu Lambru","twitter_card":"summary_large_image","twitter_misc":{"Verfasst von":"Steliu Lambru","Gesch\u00e4tzte Lesezeit":"4\u00a0Minuten","Written by":"Steliu Lambru"},"schema":{"@context":"https:\/\/schema.org","@graph":[{"@type":"Article","@id":"https:\/\/www.rri.ro\/de\/feature-reportage\/pro-memoria-zur-geschichte-rumaeniens\/natur-und-politik-in-rumaenien-im-19-jahrhundert-id629017.html#article","isPartOf":{"@id":"https:\/\/www.rri.ro\/de\/feature-reportage\/pro-memoria-zur-geschichte-rumaeniens\/natur-und-politik-in-rumaenien-im-19-jahrhundert-id629017.html"},"author":{"name":"Steliu Lambru","@id":"https:\/\/www.rri.ro\/#\/schema\/person\/32dfff47877fea659b3b498015876c1d"},"headline":"Natur und Politik in Rum\u00e4nien im 19. Jahrhundert","datePublished":"2022-12-05T19:03:00+00:00","mainEntityOfPage":{"@id":"https:\/\/www.rri.ro\/de\/feature-reportage\/pro-memoria-zur-geschichte-rumaeniens\/natur-und-politik-in-rumaenien-im-19-jahrhundert-id629017.html"},"wordCount":797,"image":{"@id":"https:\/\/www.rri.ro\/de\/feature-reportage\/pro-memoria-zur-geschichte-rumaeniens\/natur-und-politik-in-rumaenien-im-19-jahrhundert-id629017.html#primaryimage"},"thumbnailUrl":"https:\/\/www.rri.ro\/wp-content\/uploads\/2023\/10\/logo-rri-fundal-alb-dunga-bleu.png","keywords":["Natur","Politk","Rum\u00e4nien"],"articleSection":["Pro Memoria \u2013 zur Geschichte Rum\u00e4niens"],"inLanguage":"de"},{"@type":"WebPage","@id":"https:\/\/www.rri.ro\/de\/feature-reportage\/pro-memoria-zur-geschichte-rumaeniens\/natur-und-politik-in-rumaenien-im-19-jahrhundert-id629017.html","url":"https:\/\/www.rri.ro\/de\/feature-reportage\/pro-memoria-zur-geschichte-rumaeniens\/natur-und-politik-in-rumaenien-im-19-jahrhundert-id629017.html","name":"Natur und Politik in Rum\u00e4nien im 19. Jahrhundert - Radio Rum\u00e4nien International","isPartOf":{"@id":"https:\/\/www.rri.ro\/#website"},"primaryImageOfPage":{"@id":"https:\/\/www.rri.ro\/de\/feature-reportage\/pro-memoria-zur-geschichte-rumaeniens\/natur-und-politik-in-rumaenien-im-19-jahrhundert-id629017.html#primaryimage"},"image":{"@id":"https:\/\/www.rri.ro\/de\/feature-reportage\/pro-memoria-zur-geschichte-rumaeniens\/natur-und-politik-in-rumaenien-im-19-jahrhundert-id629017.html#primaryimage"},"thumbnailUrl":"https:\/\/www.rri.ro\/wp-content\/uploads\/2023\/10\/logo-rri-fundal-alb-dunga-bleu.png","datePublished":"2022-12-05T19:03:00+00:00","author":{"@id":"https:\/\/www.rri.ro\/#\/schema\/person\/32dfff47877fea659b3b498015876c1d"},"breadcrumb":{"@id":"https:\/\/www.rri.ro\/de\/feature-reportage\/pro-memoria-zur-geschichte-rumaeniens\/natur-und-politik-in-rumaenien-im-19-jahrhundert-id629017.html#breadcrumb"},"inLanguage":"de","potentialAction":[{"@type":"ReadAction","target":["https:\/\/www.rri.ro\/de\/feature-reportage\/pro-memoria-zur-geschichte-rumaeniens\/natur-und-politik-in-rumaenien-im-19-jahrhundert-id629017.html"]}]},{"@type":"ImageObject","inLanguage":"de","@id":"https:\/\/www.rri.ro\/de\/feature-reportage\/pro-memoria-zur-geschichte-rumaeniens\/natur-und-politik-in-rumaenien-im-19-jahrhundert-id629017.html#primaryimage","url":"https:\/\/www.rri.ro\/wp-content\/uploads\/2023\/10\/logo-rri-fundal-alb-dunga-bleu.png","contentUrl":"https:\/\/www.rri.ro\/wp-content\/uploads\/2023\/10\/logo-rri-fundal-alb-dunga-bleu.png","width":640,"height":480},{"@type":"BreadcrumbList","@id":"https:\/\/www.rri.ro\/de\/feature-reportage\/pro-memoria-zur-geschichte-rumaeniens\/natur-und-politik-in-rumaenien-im-19-jahrhundert-id629017.html#breadcrumb","itemListElement":[{"@type":"ListItem","position":1,"name":"Startseite","item":"https:\/\/www.rri.ro\/de"},{"@type":"ListItem","position":2,"name":"Feature &amp; Reportage","item":"https:\/\/www.rri.ro\/de\/feature-reportage"},{"@type":"ListItem","position":3,"name":"Pro Memoria \u2013 zur Geschichte Rum\u00e4niens","item":"https:\/\/www.rri.ro\/de\/feature-reportage\/pro-memoria-zur-geschichte-rumaeniens"},{"@type":"ListItem","position":4,"name":"Natur und Politik in Rum\u00e4nien im 19. Jahrhundert"}]},{"@type":"WebSite","@id":"https:\/\/www.rri.ro\/#website","url":"https:\/\/www.rri.ro\/","name":"Radio Rum\u00e4nien International","description":"Totul despre Rom\u00e2nia \u015fi rom\u00e2ni, \u00een 13 limbi\/dialecte!","inLanguage":"de"},{"@type":"Person","@id":"https:\/\/www.rri.ro\/#\/schema\/person\/32dfff47877fea659b3b498015876c1d","name":"Steliu Lambru","url":"https:\/\/www.rri.ro\/de\/author\/steliu-lambru"}]}},"_links":{"self":[{"href":"https:\/\/www.rri.ro\/de\/wp-json\/wp\/v2\/posts\/629017","targetHints":{"allow":["GET"]}}],"collection":[{"href":"https:\/\/www.rri.ro\/de\/wp-json\/wp\/v2\/posts"}],"about":[{"href":"https:\/\/www.rri.ro\/de\/wp-json\/wp\/v2\/types\/post"}],"author":[{"embeddable":true,"href":"https:\/\/www.rri.ro\/de\/wp-json\/wp\/v2\/users\/127"}],"replies":[{"embeddable":true,"href":"https:\/\/www.rri.ro\/de\/wp-json\/wp\/v2\/comments?post=629017"}],"version-history":[{"count":0,"href":"https:\/\/www.rri.ro\/de\/wp-json\/wp\/v2\/posts\/629017\/revisions"}],"wp:featuredmedia":[{"embeddable":true,"href":"https:\/\/www.rri.ro\/de\/wp-json\/wp\/v2\/media\/123226"}],"wp:attachment":[{"href":"https:\/\/www.rri.ro\/de\/wp-json\/wp\/v2\/media?parent=629017"}],"wp:term":[{"taxonomy":"category","embeddable":true,"href":"https:\/\/www.rri.ro\/de\/wp-json\/wp\/v2\/categories?post=629017"},{"taxonomy":"post_tag","embeddable":true,"href":"https:\/\/www.rri.ro\/de\/wp-json\/wp\/v2\/tags?post=629017"},{"taxonomy":"author","embeddable":true,"href":"https:\/\/www.rri.ro\/de\/wp-json\/wp\/v2\/coauthors?post=629017"}],"curies":[{"name":"wp","href":"https:\/\/api.w.org\/{rel}","templated":true}]}}