{"id":629186,"date":"2015-12-23T18:09:00","date_gmt":"2015-12-23T16:09:00","guid":{"rendered":"http:\/\/devrri.freshlemon.ro\/aktuell\/selbstbewusste-rumaenische-frauen-wollen-unternehmen-gruenden-id629186.html"},"modified":"2015-12-23T18:09:00","modified_gmt":"2015-12-23T16:09:00","slug":"selbstbewusste-rumaenische-frauen-wollen-unternehmen-gruenden","status":"publish","type":"post","link":"https:\/\/www.rri.ro\/de\/feature-reportage\/sozialreport-der-rumaenische-alltag\/selbstbewusste-rumaenische-frauen-wollen-unternehmen-gruenden-id629186.html","title":{"rendered":"Selbstbewusste rum\u00e4nische Frauen wollen Unternehmen gr\u00fcnden"},"content":{"rendered":"<p><strong>In einer relativ frischen Statistik schneiden rum\u00e4nische Frauen im europ\u00e4ischen Vergleich au\u200e\u00dferordentlich gut ab &#8212; eine von drei Frauen in Rum\u00e4nien will in den n\u00e4chsten drei Jahren ein Unternehmen gr\u00fcnden. In Italien sind es nur 11%, in Deutschland, Spanien oder Belgien sind es nur etwa 8%. Dem Unternehmergeist rum\u00e4nischer Frauen stellt sich die Angst vor dem Versagen entgegen. Aus Furcht, mit ihrer Idee zu scheitern, wirft die H\u00e4lfte der Frauen das Handtuch. Andere wiederum wissen gar nicht, wie die praktische Umsetzung der Idee funktioniert. Aber es gibt auch Hilfe aus Br\u00fcssel.<\/strong><\/p>\n<p>&#13;<br \/>\n&#13;<\/p>\n<p>&#13;<br \/>\n&#13;<\/p>\n<p>Im Projekt FAIR gab es Berufsbildungskurse f\u00fcr arbeitslose Frauen und Unternehmerinnen. Die Nachfrage war derart stark, dass die Organisatoren sich umstellen mussten, erinnert sich \u015etefania Cojocaru, Leiterin des Bildungszentrums an der Privatuniversit\u00e4t Spiru Haret\u201c, einem der Projektpartner: <\/p>\n<p>&#13;<br \/>\n&#13;<\/p>\n<p>&#13;<br \/>\n&#13;<\/p>\n<p><em>Es war sch\u00f6n und interessant zu sehen, dass wir mit 450 Personen in der Zielgruppe begonnen haben und letztendlich 943 Personen betreut haben. Wir mussten die Zahl verdoppeln, weil so viele Bewerbungen kamen &#8212; und ich bin besonders auf die Teilnehmerinnen stolz, die eine Firma gegr\u00fcndet haben.\u201c<\/em><\/p>\n<p>&#13;<br \/>\n&#13;<\/p>\n<p>&#13;<br \/>\n&#13;<\/p>\n<p>Angesto\u200e\u00dfen hat das Projekt merkw\u00fcrdigerweise Transparency International Romania, der hiesige Ableger der namhaften Organisation &#8212; an erster Stelle stand die Bek\u00e4mpfung von Diskriminierung und Korruption, so Projektmanager Victor Alistar: <\/p>\n<p>&#13;<br \/>\n&#13;<\/p>\n<p>&#13;<br \/>\n&#13;<\/p>\n<p><em>Da stellt man sich die Frage, wieso eigentlich Transparency International an einem EU-Projekt zur Beseitigung von geschlechtsbedingten Stereotypen und zur F\u00f6rderung von Unternehmerinnen teilnimmt. Das globale Korruptionsbarometer zeigt, dass Frauen weniger korruptionsanf\u00e4llig sind. Und alle Umfragen zeigen, dass Frauen in der Familie Werte f\u00f6rdern. Bei Diskriminierungen auf dem Arbeitsmarkt sticht ins Auge, das vor allem Menschen am Land, Personen im Alter von \u00fcber 45 Jahren und Frauen betroffen sind. Wir haben uns deshalb \u00fcberlegt, dass wir Projekte f\u00fcr Frauen entwickeln k\u00f6nnen, die auf einem Integrit\u00e4tsmodell aufbauen und den Frauen auch das Wissen auf den Weg geben, zum Beispiel mit dem Druck der Verwaltungspr\u00fcfungen besser umzugehen.\u201c<\/em><\/p>\n<p>&#13;<br \/>\n&#13;<\/p>\n<p>&#13;<br \/>\n&#13;<\/p>\n<p>Wie Alistar weiter ausf\u00fchrt, zielte das Projekt auch auf Nachhaltigkeit ab und organisierte einen Wettbewerb f\u00fcr Einsteigerprojekte.<\/p>\n<p>&#13;<br \/>\n&#13;<\/p>\n<p>&#13;<br \/>\n&#13;<\/p>\n<p><em>Auf der gleichen Schiene haben wir einen Wettbewerb f\u00fcr Startups organisiert, so dass auch etwas Konkretes resultiert. Denn abgesehen von der Investition in Menschen ist es wichtig, dass dauerhafte Modelle entwickelt werden &#8212; einige von ihnen werden auch in f\u00fcnf Jahren erfolgreich bleiben. Andere werden wiederum auf Schwierigkeiten treffen und sich schwerer entwickeln. Wichtig war es, dass die Teilnehmer l\u00f6sungsorientierte Ans\u00e4tze entwickeln, sich Fragen stellen und am Wettbewerb teilnehmen. Als Projektteam haben wir uns immer die Frage gestellt, was nach dem Projekt bleibt. Die Frauen haben sich deshalb auch mehr engagiert, weil sie gesp\u00fcrt haben, hier wird keine praxisferne Standardfortbildung absolviert.\u201c<\/em><\/p>\n<p>&#13;<br \/>\n&#13;<\/p>\n<p>&#13;<br \/>\n&#13;<\/p>\n<p>In der Tat haben viele der Frauen aufmerksam zugeh\u00f6rt und das Gelernte auch umgesetzt. Daf\u00fcr stehen die Ideen der Teilnehmerinnen: <\/p>\n<p>&#13;<br \/>\n&#13;<\/p>\n<p>&#13;<br \/>\n&#13;<\/p>\n<p><strong><em><\/em><\/strong><em>Ich habe mit dem Projekt eines Sch\u00f6nheitssalons gewonnen und bin richtig stolz darauf &#8212; seit l\u00e4ngerer Zeit tr\u00e4umte ich von meinem eigenen Laden, hatte aber weder den Mut, noch die Anleitungen; dieses Projekt hat mir geholfen\u201c,<\/em> erz\u00e4hlt eine Frau.<\/p>\n<p>&#13;<br \/>\n&#13;<\/p>\n<p>&#13;<br \/>\n&#13;<\/p>\n<p>F\u00fcr andere Teilnehmerinnen waren die Lerninhalte geradezu \u00fcberraschend<strong>:<\/strong> <\/p>\n<p>&#13;<br \/>\n&#13;<\/p>\n<p>&#13;<br \/>\n&#13;<\/p>\n<p><em><em>Diese Erfahrung war phantastisch. Vor dem Kurs hatte ich den Eindruck, dass es nicht gerade schwer ist, im Einzelhandel zu arbeiten. Aber ich habe meine Meinung ge\u00e4ndert. Es steckt viel mehr dahinter, als Kunden zuzul\u00e4cheln und sie zu bedienen. Es ist ein hochkomplexer Job. Der unternehmerische Teil war mir nicht gerade fremd, aber der Kurs hat mir geholfen, meine Ideen in Ordnung zu bringen &#8212; und mir letztendlich den Traum zu verwirklichen, meine eigene Chefin zu werden\u201c,<\/em> <\/em>sagte eine andere zuk\u00fcnftige Unternehmerin.<\/p>\n<p>&#13;<\/p>\n","protected":false},"excerpt":{"rendered":"<p>Ein aus dem Br\u00fcsseler Topf f\u00fcr Personalentwicklung finanziertes Projekt zeigte den Frauen, wie sie notwendige Unternehmerf\u00e4higkeiten entwickeln k\u00f6nnen.<\/p>\n","protected":false},"author":133,"featured_media":141687,"comment_status":"closed","ping_status":"closed","sticky":false,"template":"","format":"standard","meta":{"_acf_changed":false,"footnotes":""},"categories":[116756],"tags":[29120,104734,99589,119821],"coauthors":[],"class_list":["post-629186","post","type-post","status-publish","format-standard","has-post-thumbnail","hentry","category-sozialreport-der-rumaenische-alltag","tag-eu","tag-frauen","tag-rumaenien","tag-unternehmergeist"],"acf":[],"yoast_head":"<!-- This site is optimized with the Yoast SEO plugin v27.5 - https:\/\/yoast.com\/product\/yoast-seo-wordpress\/ -->\n<title>Selbstbewusste rum\u00e4nische Frauen wollen Unternehmen gr\u00fcnden - Radio Rum\u00e4nien International<\/title>\n<meta name=\"robots\" content=\"index, follow, max-snippet:-1, max-image-preview:large, max-video-preview:-1\" \/>\n<link rel=\"canonical\" href=\"https:\/\/www.rri.ro\/de\/feature-reportage\/sozialreport-der-rumaenische-alltag\/selbstbewusste-rumaenische-frauen-wollen-unternehmen-gruenden-id629186.html\" \/>\n<meta property=\"og:locale\" content=\"de_DE\" \/>\n<meta property=\"og:type\" content=\"article\" \/>\n<meta property=\"og:title\" content=\"Selbstbewusste rum\u00e4nische Frauen wollen Unternehmen gr\u00fcnden - Radio Rum\u00e4nien International\" \/>\n<meta property=\"og:description\" content=\"Ein aus dem Br\u00fcsseler Topf f\u00fcr Personalentwicklung finanziertes Projekt zeigte den Frauen, wie sie notwendige Unternehmerf\u00e4higkeiten entwickeln k\u00f6nnen.\" \/>\n<meta property=\"og:url\" content=\"https:\/\/www.rri.ro\/de\/feature-reportage\/sozialreport-der-rumaenische-alltag\/selbstbewusste-rumaenische-frauen-wollen-unternehmen-gruenden-id629186.html\" \/>\n<meta property=\"og:site_name\" content=\"Radio Rum\u00e4nien International\" \/>\n<meta property=\"article:published_time\" content=\"2015-12-23T16:09:00+00:00\" \/>\n<meta property=\"og:image\" content=\"https:\/\/www.rri.ro\/wp-content\/uploads\/2023\/10\/proiect-fair-femei-active-intergritate.png\" \/>\n\t<meta property=\"og:image:width\" content=\"640\" \/>\n\t<meta property=\"og:image:height\" content=\"480\" \/>\n\t<meta property=\"og:image:type\" content=\"image\/png\" \/>\n<meta name=\"author\" content=\"Monica Chiorpec\" \/>\n<meta name=\"twitter:card\" content=\"summary_large_image\" \/>\n<meta name=\"twitter:label1\" content=\"Verfasst von\" \/>\n\t<meta name=\"twitter:data1\" content=\"Monica Chiorpec\" \/>\n\t<meta name=\"twitter:label2\" content=\"Gesch\u00e4tzte Lesezeit\" \/>\n\t<meta name=\"twitter:data2\" content=\"3\u00a0Minuten\" \/>\n\t<meta name=\"twitter:label3\" content=\"Written by\" \/>\n\t<meta name=\"twitter:data3\" content=\"Monica Chiorpec\" \/>\n<script type=\"application\/ld+json\" class=\"yoast-schema-graph\">{\"@context\":\"https:\\\/\\\/schema.org\",\"@graph\":[{\"@type\":\"Article\",\"@id\":\"https:\\\/\\\/www.rri.ro\\\/de\\\/feature-reportage\\\/sozialreport-der-rumaenische-alltag\\\/selbstbewusste-rumaenische-frauen-wollen-unternehmen-gruenden-id629186.html#article\",\"isPartOf\":{\"@id\":\"https:\\\/\\\/www.rri.ro\\\/de\\\/feature-reportage\\\/sozialreport-der-rumaenische-alltag\\\/selbstbewusste-rumaenische-frauen-wollen-unternehmen-gruenden-id629186.html\"},\"author\":{\"name\":\"Monica Chiorpec\",\"@id\":\"https:\\\/\\\/www.rri.ro\\\/#\\\/schema\\\/person\\\/bde7269c0f61660573c8e224763422e7\"},\"headline\":\"Selbstbewusste rum\u00e4nische Frauen wollen Unternehmen gr\u00fcnden\",\"datePublished\":\"2015-12-23T16:09:00+00:00\",\"mainEntityOfPage\":{\"@id\":\"https:\\\/\\\/www.rri.ro\\\/de\\\/feature-reportage\\\/sozialreport-der-rumaenische-alltag\\\/selbstbewusste-rumaenische-frauen-wollen-unternehmen-gruenden-id629186.html\"},\"wordCount\":619,\"image\":{\"@id\":\"https:\\\/\\\/www.rri.ro\\\/de\\\/feature-reportage\\\/sozialreport-der-rumaenische-alltag\\\/selbstbewusste-rumaenische-frauen-wollen-unternehmen-gruenden-id629186.html#primaryimage\"},\"thumbnailUrl\":\"https:\\\/\\\/www.rri.ro\\\/wp-content\\\/uploads\\\/2023\\\/10\\\/proiect-fair-femei-active-intergritate.png\",\"keywords\":[\"EU\",\"Frauen\",\"Rum\u00e4nien\",\"Unternehmergeist\"],\"articleSection\":[\"Sozialreport \u2013 der rum\u00e4nische Alltag\"],\"inLanguage\":\"de\"},{\"@type\":\"WebPage\",\"@id\":\"https:\\\/\\\/www.rri.ro\\\/de\\\/feature-reportage\\\/sozialreport-der-rumaenische-alltag\\\/selbstbewusste-rumaenische-frauen-wollen-unternehmen-gruenden-id629186.html\",\"url\":\"https:\\\/\\\/www.rri.ro\\\/de\\\/feature-reportage\\\/sozialreport-der-rumaenische-alltag\\\/selbstbewusste-rumaenische-frauen-wollen-unternehmen-gruenden-id629186.html\",\"name\":\"Selbstbewusste rum\u00e4nische Frauen wollen Unternehmen gr\u00fcnden - Radio Rum\u00e4nien International\",\"isPartOf\":{\"@id\":\"https:\\\/\\\/www.rri.ro\\\/#website\"},\"primaryImageOfPage\":{\"@id\":\"https:\\\/\\\/www.rri.ro\\\/de\\\/feature-reportage\\\/sozialreport-der-rumaenische-alltag\\\/selbstbewusste-rumaenische-frauen-wollen-unternehmen-gruenden-id629186.html#primaryimage\"},\"image\":{\"@id\":\"https:\\\/\\\/www.rri.ro\\\/de\\\/feature-reportage\\\/sozialreport-der-rumaenische-alltag\\\/selbstbewusste-rumaenische-frauen-wollen-unternehmen-gruenden-id629186.html#primaryimage\"},\"thumbnailUrl\":\"https:\\\/\\\/www.rri.ro\\\/wp-content\\\/uploads\\\/2023\\\/10\\\/proiect-fair-femei-active-intergritate.png\",\"datePublished\":\"2015-12-23T16:09:00+00:00\",\"author\":{\"@id\":\"https:\\\/\\\/www.rri.ro\\\/#\\\/schema\\\/person\\\/bde7269c0f61660573c8e224763422e7\"},\"breadcrumb\":{\"@id\":\"https:\\\/\\\/www.rri.ro\\\/de\\\/feature-reportage\\\/sozialreport-der-rumaenische-alltag\\\/selbstbewusste-rumaenische-frauen-wollen-unternehmen-gruenden-id629186.html#breadcrumb\"},\"inLanguage\":\"de\",\"potentialAction\":[{\"@type\":\"ReadAction\",\"target\":[\"https:\\\/\\\/www.rri.ro\\\/de\\\/feature-reportage\\\/sozialreport-der-rumaenische-alltag\\\/selbstbewusste-rumaenische-frauen-wollen-unternehmen-gruenden-id629186.html\"]}]},{\"@type\":\"ImageObject\",\"inLanguage\":\"de\",\"@id\":\"https:\\\/\\\/www.rri.ro\\\/de\\\/feature-reportage\\\/sozialreport-der-rumaenische-alltag\\\/selbstbewusste-rumaenische-frauen-wollen-unternehmen-gruenden-id629186.html#primaryimage\",\"url\":\"https:\\\/\\\/www.rri.ro\\\/wp-content\\\/uploads\\\/2023\\\/10\\\/proiect-fair-femei-active-intergritate.png\",\"contentUrl\":\"https:\\\/\\\/www.rri.ro\\\/wp-content\\\/uploads\\\/2023\\\/10\\\/proiect-fair-femei-active-intergritate.png\",\"width\":640,\"height\":480},{\"@type\":\"BreadcrumbList\",\"@id\":\"https:\\\/\\\/www.rri.ro\\\/de\\\/feature-reportage\\\/sozialreport-der-rumaenische-alltag\\\/selbstbewusste-rumaenische-frauen-wollen-unternehmen-gruenden-id629186.html#breadcrumb\",\"itemListElement\":[{\"@type\":\"ListItem\",\"position\":1,\"name\":\"Startseite\",\"item\":\"https:\\\/\\\/www.rri.ro\\\/de\"},{\"@type\":\"ListItem\",\"position\":2,\"name\":\"Feature &amp; Reportage\",\"item\":\"https:\\\/\\\/www.rri.ro\\\/de\\\/feature-reportage\"},{\"@type\":\"ListItem\",\"position\":3,\"name\":\"Sozialreport \u2013 der rum\u00e4nische Alltag\",\"item\":\"https:\\\/\\\/www.rri.ro\\\/de\\\/feature-reportage\\\/sozialreport-der-rumaenische-alltag\"},{\"@type\":\"ListItem\",\"position\":4,\"name\":\"Selbstbewusste rum\u00e4nische Frauen wollen Unternehmen gr\u00fcnden\"}]},{\"@type\":\"WebSite\",\"@id\":\"https:\\\/\\\/www.rri.ro\\\/#website\",\"url\":\"https:\\\/\\\/www.rri.ro\\\/\",\"name\":\"Radio Rum\u00e4nien International\",\"description\":\"Totul despre Rom\u00e2nia \u015fi rom\u00e2ni, \u00een 13 limbi\\\/dialecte!\",\"inLanguage\":\"de\"},{\"@type\":\"Person\",\"@id\":\"https:\\\/\\\/www.rri.ro\\\/#\\\/schema\\\/person\\\/bde7269c0f61660573c8e224763422e7\",\"name\":\"Monica Chiorpec\",\"url\":\"https:\\\/\\\/www.rri.ro\\\/de\\\/author\\\/monica-chiorpec\"}]}<\/script>\n<!-- \/ Yoast SEO plugin. -->","yoast_head_json":{"title":"Selbstbewusste rum\u00e4nische Frauen wollen Unternehmen gr\u00fcnden - Radio Rum\u00e4nien International","robots":{"index":"index","follow":"follow","max-snippet":"max-snippet:-1","max-image-preview":"max-image-preview:large","max-video-preview":"max-video-preview:-1"},"canonical":"https:\/\/www.rri.ro\/de\/feature-reportage\/sozialreport-der-rumaenische-alltag\/selbstbewusste-rumaenische-frauen-wollen-unternehmen-gruenden-id629186.html","og_locale":"de_DE","og_type":"article","og_title":"Selbstbewusste rum\u00e4nische Frauen wollen Unternehmen gr\u00fcnden - Radio Rum\u00e4nien International","og_description":"Ein aus dem Br\u00fcsseler Topf f\u00fcr Personalentwicklung finanziertes Projekt zeigte den Frauen, wie sie notwendige Unternehmerf\u00e4higkeiten entwickeln k\u00f6nnen.","og_url":"https:\/\/www.rri.ro\/de\/feature-reportage\/sozialreport-der-rumaenische-alltag\/selbstbewusste-rumaenische-frauen-wollen-unternehmen-gruenden-id629186.html","og_site_name":"Radio Rum\u00e4nien International","article_published_time":"2015-12-23T16:09:00+00:00","og_image":[{"width":640,"height":480,"url":"https:\/\/www.rri.ro\/wp-content\/uploads\/2023\/10\/proiect-fair-femei-active-intergritate.png","type":"image\/png"}],"author":"Monica Chiorpec","twitter_card":"summary_large_image","twitter_misc":{"Verfasst von":"Monica Chiorpec","Gesch\u00e4tzte Lesezeit":"3\u00a0Minuten","Written by":"Monica Chiorpec"},"schema":{"@context":"https:\/\/schema.org","@graph":[{"@type":"Article","@id":"https:\/\/www.rri.ro\/de\/feature-reportage\/sozialreport-der-rumaenische-alltag\/selbstbewusste-rumaenische-frauen-wollen-unternehmen-gruenden-id629186.html#article","isPartOf":{"@id":"https:\/\/www.rri.ro\/de\/feature-reportage\/sozialreport-der-rumaenische-alltag\/selbstbewusste-rumaenische-frauen-wollen-unternehmen-gruenden-id629186.html"},"author":{"name":"Monica Chiorpec","@id":"https:\/\/www.rri.ro\/#\/schema\/person\/bde7269c0f61660573c8e224763422e7"},"headline":"Selbstbewusste rum\u00e4nische Frauen wollen Unternehmen gr\u00fcnden","datePublished":"2015-12-23T16:09:00+00:00","mainEntityOfPage":{"@id":"https:\/\/www.rri.ro\/de\/feature-reportage\/sozialreport-der-rumaenische-alltag\/selbstbewusste-rumaenische-frauen-wollen-unternehmen-gruenden-id629186.html"},"wordCount":619,"image":{"@id":"https:\/\/www.rri.ro\/de\/feature-reportage\/sozialreport-der-rumaenische-alltag\/selbstbewusste-rumaenische-frauen-wollen-unternehmen-gruenden-id629186.html#primaryimage"},"thumbnailUrl":"https:\/\/www.rri.ro\/wp-content\/uploads\/2023\/10\/proiect-fair-femei-active-intergritate.png","keywords":["EU","Frauen","Rum\u00e4nien","Unternehmergeist"],"articleSection":["Sozialreport \u2013 der rum\u00e4nische Alltag"],"inLanguage":"de"},{"@type":"WebPage","@id":"https:\/\/www.rri.ro\/de\/feature-reportage\/sozialreport-der-rumaenische-alltag\/selbstbewusste-rumaenische-frauen-wollen-unternehmen-gruenden-id629186.html","url":"https:\/\/www.rri.ro\/de\/feature-reportage\/sozialreport-der-rumaenische-alltag\/selbstbewusste-rumaenische-frauen-wollen-unternehmen-gruenden-id629186.html","name":"Selbstbewusste rum\u00e4nische Frauen wollen Unternehmen gr\u00fcnden - Radio Rum\u00e4nien International","isPartOf":{"@id":"https:\/\/www.rri.ro\/#website"},"primaryImageOfPage":{"@id":"https:\/\/www.rri.ro\/de\/feature-reportage\/sozialreport-der-rumaenische-alltag\/selbstbewusste-rumaenische-frauen-wollen-unternehmen-gruenden-id629186.html#primaryimage"},"image":{"@id":"https:\/\/www.rri.ro\/de\/feature-reportage\/sozialreport-der-rumaenische-alltag\/selbstbewusste-rumaenische-frauen-wollen-unternehmen-gruenden-id629186.html#primaryimage"},"thumbnailUrl":"https:\/\/www.rri.ro\/wp-content\/uploads\/2023\/10\/proiect-fair-femei-active-intergritate.png","datePublished":"2015-12-23T16:09:00+00:00","author":{"@id":"https:\/\/www.rri.ro\/#\/schema\/person\/bde7269c0f61660573c8e224763422e7"},"breadcrumb":{"@id":"https:\/\/www.rri.ro\/de\/feature-reportage\/sozialreport-der-rumaenische-alltag\/selbstbewusste-rumaenische-frauen-wollen-unternehmen-gruenden-id629186.html#breadcrumb"},"inLanguage":"de","potentialAction":[{"@type":"ReadAction","target":["https:\/\/www.rri.ro\/de\/feature-reportage\/sozialreport-der-rumaenische-alltag\/selbstbewusste-rumaenische-frauen-wollen-unternehmen-gruenden-id629186.html"]}]},{"@type":"ImageObject","inLanguage":"de","@id":"https:\/\/www.rri.ro\/de\/feature-reportage\/sozialreport-der-rumaenische-alltag\/selbstbewusste-rumaenische-frauen-wollen-unternehmen-gruenden-id629186.html#primaryimage","url":"https:\/\/www.rri.ro\/wp-content\/uploads\/2023\/10\/proiect-fair-femei-active-intergritate.png","contentUrl":"https:\/\/www.rri.ro\/wp-content\/uploads\/2023\/10\/proiect-fair-femei-active-intergritate.png","width":640,"height":480},{"@type":"BreadcrumbList","@id":"https:\/\/www.rri.ro\/de\/feature-reportage\/sozialreport-der-rumaenische-alltag\/selbstbewusste-rumaenische-frauen-wollen-unternehmen-gruenden-id629186.html#breadcrumb","itemListElement":[{"@type":"ListItem","position":1,"name":"Startseite","item":"https:\/\/www.rri.ro\/de"},{"@type":"ListItem","position":2,"name":"Feature &amp; Reportage","item":"https:\/\/www.rri.ro\/de\/feature-reportage"},{"@type":"ListItem","position":3,"name":"Sozialreport \u2013 der rum\u00e4nische Alltag","item":"https:\/\/www.rri.ro\/de\/feature-reportage\/sozialreport-der-rumaenische-alltag"},{"@type":"ListItem","position":4,"name":"Selbstbewusste rum\u00e4nische Frauen wollen Unternehmen gr\u00fcnden"}]},{"@type":"WebSite","@id":"https:\/\/www.rri.ro\/#website","url":"https:\/\/www.rri.ro\/","name":"Radio Rum\u00e4nien International","description":"Totul despre Rom\u00e2nia \u015fi rom\u00e2ni, \u00een 13 limbi\/dialecte!","inLanguage":"de"},{"@type":"Person","@id":"https:\/\/www.rri.ro\/#\/schema\/person\/bde7269c0f61660573c8e224763422e7","name":"Monica Chiorpec","url":"https:\/\/www.rri.ro\/de\/author\/monica-chiorpec"}]}},"_links":{"self":[{"href":"https:\/\/www.rri.ro\/de\/wp-json\/wp\/v2\/posts\/629186","targetHints":{"allow":["GET"]}}],"collection":[{"href":"https:\/\/www.rri.ro\/de\/wp-json\/wp\/v2\/posts"}],"about":[{"href":"https:\/\/www.rri.ro\/de\/wp-json\/wp\/v2\/types\/post"}],"author":[{"embeddable":true,"href":"https:\/\/www.rri.ro\/de\/wp-json\/wp\/v2\/users\/133"}],"replies":[{"embeddable":true,"href":"https:\/\/www.rri.ro\/de\/wp-json\/wp\/v2\/comments?post=629186"}],"version-history":[{"count":0,"href":"https:\/\/www.rri.ro\/de\/wp-json\/wp\/v2\/posts\/629186\/revisions"}],"wp:featuredmedia":[{"embeddable":true,"href":"https:\/\/www.rri.ro\/de\/wp-json\/wp\/v2\/media\/141687"}],"wp:attachment":[{"href":"https:\/\/www.rri.ro\/de\/wp-json\/wp\/v2\/media?parent=629186"}],"wp:term":[{"taxonomy":"category","embeddable":true,"href":"https:\/\/www.rri.ro\/de\/wp-json\/wp\/v2\/categories?post=629186"},{"taxonomy":"post_tag","embeddable":true,"href":"https:\/\/www.rri.ro\/de\/wp-json\/wp\/v2\/tags?post=629186"},{"taxonomy":"author","embeddable":true,"href":"https:\/\/www.rri.ro\/de\/wp-json\/wp\/v2\/coauthors?post=629186"}],"curies":[{"name":"wp","href":"https:\/\/api.w.org\/{rel}","templated":true}]}}