{"id":629188,"date":"2016-01-06T18:20:00","date_gmt":"2016-01-06T16:20:00","guid":{"rendered":"http:\/\/devrri.freshlemon.ro\/aktuell\/laendliche-entwicklung-fortschritt-oder-untergang-der-traditionellen-zivilisation-id629188.html"},"modified":"2016-01-06T18:20:00","modified_gmt":"2016-01-06T16:20:00","slug":"laendliche-entwicklung-fortschritt-oder-untergang-der-traditionellen-zivilisation","status":"publish","type":"post","link":"https:\/\/www.rri.ro\/de\/feature-reportage\/sozialreport-der-rumaenische-alltag\/laendliche-entwicklung-fortschritt-oder-untergang-der-traditionellen-zivilisation-id629188.html","title":{"rendered":"L\u00e4ndliche Entwicklung: Fortschritt oder Untergang der traditionellen Zivilisation?"},"content":{"rendered":"<p>Die rum\u00e4nische Landwirtschaft tr\u00e4gt mit nur 4,6% zum Bruttoinlandsprodukt bei, trotz einer Besch\u00e4ftigungsquote von 28% in diesem Sektor im Jahr 2014. Die landwirtschaftliche Produktivit\u00e4t ist dreimal geringer in Rum\u00e4nien im Vergleich zum EU-Durchschnitt. Die Lebensmittelketten und die \u00f6rtlichen Absatzm\u00e4rkte sind schlecht entwickelt, wobei die Produktionskosten weitaus h\u00f6her sind als der Preis, zu dem die Erzeugnisse verkauft werden. Aus diesem Grund ziehen viele t\u00fcchtige Landwirte in die St\u00e4dte oder wandern in andere L\u00e4nder aus. Im l\u00e4ndlichen Raum bleiben nur einsame, gebrechliche alte Menschen zur\u00fcck. Die \u00e4rmsten unter ihnen leben von Sozialhilfe. Der Zugang zu Bildung ist auch eingeschr\u00e4nkt. In den D\u00f6rfern brechen dreimal mehr Kinder und Jugendliche die Schule fr\u00fchzeitig ab im Vergleich zu den St\u00e4dten. Die Subsistenz und Semisubsistenzbetriebe sind, rein technisch betrachtet, nicht ausreichend ausgestattet. Und sie sind weder marktorientiert noch bereit, genossenschaftliche Partnerschaften einzugehen, um besser zusammenarbeiten und sich auf dem Markt besser integrieren zu k\u00f6nnen. Das Leben auf dem Land bedeutet in Rum\u00e4nien nach wie vor Armut.<\/p>\n<p>&#13;<br \/>\n&#13;<\/p>\n<p>&#13;<br \/>\n&#13;<\/p>\n<p>In Bukarest fand vor kurzem eine Aussprache zum Thema Integrierte l\u00e4ndliche Entwicklung in Rum\u00e4nien\u201c statt. Die Konferenz wurde von der Vertretung der Europ\u00e4ischen Kommission in Rum\u00e4nien veranstaltet. Die gemeinschaftliche Institution nahm sich vor, eine nationale Dialogplattform zu schaffen, um die wichtigsten M\u00f6glichkeiten zur l\u00e4ndlichen Entwicklung in Rum\u00e4nien zu identifizieren. Rum\u00e4nien brauche eine nationale Strategie, um die l\u00e4ndliche Zivilisation zu besch\u00fctzen, so Vizepremier Vasile D\u00e2ncu, Minister f\u00fcr Regionale Entwicklung und \u00d6ffentliche Verwaltung.<\/p>\n<p>&#13;<br \/>\n&#13;<\/p>\n<p>&#13;<br \/>\n&#13;<\/p>\n<p><em>Ich wurde auf dem Land geboren und bin dort aufgewachsen. Nur 2% der Kinder, die auf dem Land zur Schule gehen, vervollkommnen derzeit ihre Ausbildung mit einem Hochschulstudium. Viele Ausl\u00e4nder weisen darauf hin, dass in Rum\u00e4nien das Dorfleben langsam abstirbt, dass eine Zivilisation untergeht. Wir sind unf\u00e4hig, uns selber zu organisieren und uns ohne ausw\u00e4rtige Hilfe zu entwickeln. Der EU-Beitritt hat dem rum\u00e4nischen Landwirt einen t\u00f6dlichen Schlag verpasst. Die europ\u00e4ische Agrarindustrie hat die hiesige herk\u00f6mmliche Landwirtschaft wie sowjetische Panzer \u00fcberrollt. Diejenigen, die zu Feiertagen zur\u00fcck in ihre Heimat kehren, erkennen das. Es wurden Gesetze verabschiedet, damit die Superm\u00e4rkte rum\u00e4nische Erzeugnisse verkaufen. Dennoch werden diese Gesetze nicht beachtet. Die Pr\u00fcfstellen gehen ihren Aufgaben nicht entsprechend nach. Ein Niederl\u00e4nder sagte mir einmal, in Rum\u00e4nien g\u00e4be es die letzte l\u00e4ndliche Zivilisation in Europa. Diese l\u00e4ndliche Zivilisation sollten wir in Schutz nehmen. Europa will uns helfen, doch wir bleiben stur\u2026\u201c<\/em><\/p>\n<p>&#13;<br \/>\n&#13;<\/p>\n<p>&#13;<br \/>\n&#13;<\/p>\n<p>&#13;<br \/>\n&#13;<\/p>\n<p>Achim Irimescu, Minister f\u00fcr Landwirtschaft und l\u00e4ndliche Entwicklung, sprach \u00fcber die l\u00e4ndliche Entwicklung in Rum\u00e4nien. Er stellte die Folgen einer vermutlichen Modernisierung der rum\u00e4nischen D\u00f6rfer zur Debatte und fragte sich, ob dadurch die Traditionen und der einfache Lebensstil auf dem Land noch bewahrt werden oder vielmehr verloren gehen.<\/p>\n<p>&#13;<br \/>\n&#13;<\/p>\n<p>&#13;<br \/>\n&#13;<\/p>\n<p><em>Zahlreiche Mittel<\/em> <em>und Investitionen<\/em> <em>setzen einen Modernisierungsprozess in Gang. Dennoch setzt die Modernisierung eine \u00c4nderung des idyllischen Dorfbildes voraus. Zumindest des Dorfbildes, das bei mir h\u00e4ngen geblieben ist &#8212; ich erinnere mich, wie ich im Heuwagen am fr\u00fchen Morgen nach Hause fuhr&#8230; ich habe noch den Heugeruch in der Nase. Demnach bin ich der Ansicht, dass das Allerwichtigste ist, eine Strategie f\u00fcr die l\u00e4ndlichen Regionen zu verabschieden. Das Problem ist, wir haben seit der Wende unz\u00e4hlige Strategien entwickelt. Doch entsprach keine unseren Erwartungen. Viel Geld w\u00fcrde die Effizienz sowie die Hochleistung f\u00f6rdern und die Wettbewerbsf\u00e4higkeit steigern. Doch zugleich k\u00f6nnte es einen gewissen Abstand zwischen uns und dem Traumdorf, dem Leben auf dem Land, so wie wir es uns vorstellen, schaffen. Wir entwickeln die Infrastruktur, damit Gel\u00e4ndewagen und Traktoren besser fahren k\u00f6nnen. Dabei verschwinden die Pferde, die Pferdeschlitten im Winter und, allm\u00e4hlich, die Biodiversit\u00e4t. Es stimmt, jedermann w\u00fcnscht sich ein besseres Leben. Damit werden wir uns aber vom Dorfbild verabschieden m\u00fcssen, das bis jetzt vorherrschend war.\u201c<\/em><\/p>\n<p>&#13;<br \/>\n&#13;<\/p>\n<p>&#13;<br \/>\n&#13;<\/p>\n<p>&#13;<br \/>\n&#13;<\/p>\n<p>Die Jugendlichen verlie\u200e\u00dfen mit der Zeit das Dorf, sie zogen in die Stadt oder in andere L\u00e4nder. Nur 7% aller Landwirte sind jung. Das Programm f\u00fcr l\u00e4ndliche Entwicklung f\u00fcr den Zeitraum 2013-2020 packt demnach das Problem an &#8212; junge Landwirte k\u00f6nnen bis zu 50.000 Euro in Form von nicht r\u00fcckzahlbaren F\u00f6rdermitteln erhalten. Bislang genossen diesen Vorteil etwa 10.000 junge Landwirte. Ab dieses Jahr soll ihre Zahl wachsen. Dazu Landwirtschaftsminister Achim Irimescu:<\/p>\n<p>&#13;<br \/>\n&#13;<\/p>\n<p>&#13;<br \/>\n&#13;<\/p>\n<p><em>In meinem Dorf lebten 3000 Leute. Jetzt ist nur noch die H\u00e4lfte da geblieben. Die F\u00e4higsten sind ins Ausland gegangen, um dort mehr Geld zu verdienen. Das Dorf stirbt langsam aus. Zum Gl\u00fcck ist die Lage nicht \u00fcberall in Rum\u00e4nien so schlimm. Ich habe meine Zweifel dar\u00fcber, ob wir das Leben auf dem Land so erhalten k\u00f6nnen, wie wir es uns vorstellen. Wir haben viel in Projekte zur l\u00e4ndlichen Entwicklung investiert. Wir hatten 8 Milliarden zur Verf\u00fcgung, dazu weitere 1,5 Milliarden durch das SAPARD-Programm. Wenn Sie durchs Land fahren, werden Sie viele Geb\u00e4ude erblicken, die mit F\u00f6rdermitteln gebaut wurden. Die meisten sind geschlossen. Da muss man sich fragen: Sind unsere Investitionen zielgerichtet und effizient? Da habe ich meine Zweifel. Ich frage mich, ob wir es schaffen werden, die Traditionen und die l\u00e4ndlichen Eigenheiten, die rum\u00e4nische Identit\u00e4t zu bewahren und gleichzeitig das Dorf zu modernisieren. Wir w\u00fcnschen uns nicht, dass unsere Landwirte in ihrer Tr\u00e4gheit verharren, dass sie auch in f\u00fcnf Jahren immer noch den Ochsenkarren verwenden. Wir haben den nicht r\u00fcckzahlbaren F\u00f6rderbetrag auf 50.000 Euro erh\u00f6ht, doch ich wei\u200e\u00df nicht, wie viele Jugendliche das Geld angemessen investieren werden. Ich glaube, die jungen Landwirte haben ihre Schwierigkeiten, die Zuwendungen einzusetzen.\u201c<\/em><\/p>\n<p>&#13;<br \/>\n&#13;<\/p>\n<p>&#13;<br \/>\n&#13;<\/p>\n<p>&#13;<br \/>\n&#13;<\/p>\n<p>Das nationale Programm f\u00fcr l\u00e4ndliche Entwicklung f\u00f6rdert die Entwicklung des l\u00e4ndlichen Raums durch nicht r\u00fcckzahlbare europ\u00e4ische Zusch\u00fcsse. In Rum\u00e4nien wurden bislang drei 7-j\u00e4hrige Programme umgesetzt. Mehr als 85.000 Landwirte, Unternehmer und \u00f6rtliche Beh\u00f6rden erhielten von der Europ\u00e4ischen Union im Rahmen des Nationalprogramms zur Entwicklung des l\u00e4ndlichen Raums 2007-2013 nicht r\u00fcckzahlbare Mittel in Wert von rund 9 Milliarden Euro. Dazu wurden mehr als 4.600 integrierte Betriebe modernisiert oder neu gegr\u00fcndet. \u00dcber 5.500 Unternehmer gr\u00fcndeten ein eigenes Gesch\u00e4ft mit Hilfe europ\u00e4ischer F\u00f6rdermittel. Mehr als 4.400 Projekte der \u00f6rtlichen Beh\u00f6rden wurden zudem aus dem gleichen F\u00f6rdertopf finanziert.<\/p>\n<p>&#13;<br \/>\n&#13;<\/p>\n<p>&#13;<br \/>\n&#13;<\/p>\n<p>Dennoch hat Rum\u00e4nien nicht das ganze Geld ausgesch\u00f6pft, das ihm die EU bereitgestellt hatte und wird nun etwa 800 Millionen Euro an die Europ\u00e4ische Kommission zur\u00fcckzahlen m\u00fcssen. Das neue Nationalprogramm f\u00fcr l\u00e4ndliche Entwicklung umfasst 14 Finanzierungsma\u200e\u00dfnahmen. Im F\u00f6rdertopf sind 9,363 Milliarden Euro &#8212; davon sind 8 Milliarden Euro europ\u00e4ische F\u00f6rdermittel, wobei 1,347 Milliarden Euro den Eigenbeitrag der L\u00e4nder darstellen.<\/p>\n<p>&#13;<\/p>\n","protected":false},"excerpt":{"rendered":"<p>Die EU-Politik zur l\u00e4ndlichen Entwicklung wurde laufend weiterbetrieben, um wachsende Lebensstandards herbeizuf\u00fchren. Dennoch f\u00fcrchten viele Rum\u00e4nen, dass die Modernisierung den Untergang der traditionellen Zivilisation mit sich bringt.<\/p>\n","protected":false},"author":2,"featured_media":141715,"comment_status":"closed","ping_status":"closed","sticky":false,"template":"","format":"standard","meta":{"_acf_changed":false,"footnotes":""},"categories":[116756],"tags":[29120,100246,119826,99709,99764,102536,99589,43341],"coauthors":[],"class_list":["post-629188","post","type-post","status-publish","format-standard","has-post-thumbnail","hentry","category-sozialreport-der-rumaenische-alltag","tag-eu","tag-foerderung","tag-laendliche-entwicklung","tag-landwirte","tag-landwirtschaft","tag-lebensstandard","tag-rumaenien","tag-tradition"],"acf":[],"yoast_head":"<!-- This site is optimized with the Yoast SEO plugin v27.3 - https:\/\/yoast.com\/product\/yoast-seo-wordpress\/ -->\n<title>L\u00e4ndliche Entwicklung: Fortschritt oder Untergang der traditionellen Zivilisation? - Radio Rum\u00e4nien International<\/title>\n<meta name=\"robots\" content=\"index, follow, max-snippet:-1, max-image-preview:large, max-video-preview:-1\" \/>\n<link rel=\"canonical\" href=\"https:\/\/www.rri.ro\/de\/feature-reportage\/sozialreport-der-rumaenische-alltag\/laendliche-entwicklung-fortschritt-oder-untergang-der-traditionellen-zivilisation-id629188.html\" \/>\n<meta property=\"og:locale\" content=\"de_DE\" \/>\n<meta property=\"og:type\" content=\"article\" \/>\n<meta property=\"og:title\" content=\"L\u00e4ndliche Entwicklung: Fortschritt oder Untergang der traditionellen Zivilisation? - Radio Rum\u00e4nien International\" \/>\n<meta property=\"og:description\" content=\"Die EU-Politik zur l\u00e4ndlichen Entwicklung wurde laufend weiterbetrieben, um wachsende Lebensstandards herbeizuf\u00fchren. Dennoch f\u00fcrchten viele Rum\u00e4nen, dass die Modernisierung den Untergang der traditionellen Zivilisation mit sich bringt.\" \/>\n<meta property=\"og:url\" content=\"https:\/\/www.rri.ro\/de\/feature-reportage\/sozialreport-der-rumaenische-alltag\/laendliche-entwicklung-fortschritt-oder-untergang-der-traditionellen-zivilisation-id629188.html\" \/>\n<meta property=\"og:site_name\" content=\"Radio Rum\u00e4nien International\" \/>\n<meta property=\"article:published_time\" content=\"2016-01-06T16:20:00+00:00\" \/>\n<meta property=\"og:image\" content=\"https:\/\/www.rri.ro\/wp-content\/uploads\/2023\/10\/satul-ibanesti-bt.png\" \/>\n\t<meta property=\"og:image:width\" content=\"640\" \/>\n\t<meta property=\"og:image:height\" content=\"480\" \/>\n\t<meta property=\"og:image:type\" content=\"image\/png\" \/>\n<meta name=\"author\" content=\"Rom\u00e2nia Interna\u021bional\" \/>\n<meta name=\"twitter:card\" content=\"summary_large_image\" \/>\n<meta name=\"twitter:label1\" content=\"Verfasst von\" \/>\n\t<meta name=\"twitter:data1\" content=\"Rom\u00e2nia Interna\u021bional\" \/>\n\t<meta name=\"twitter:label2\" content=\"Gesch\u00e4tzte Lesezeit\" \/>\n\t<meta name=\"twitter:data2\" content=\"6\u00a0Minuten\" \/>\n\t<meta name=\"twitter:label3\" content=\"Written by\" \/>\n\t<meta name=\"twitter:data3\" content=\"Rom\u00e2nia Interna\u021bional\" \/>\n<script type=\"application\/ld+json\" class=\"yoast-schema-graph\">{\"@context\":\"https:\\\/\\\/schema.org\",\"@graph\":[{\"@type\":\"Article\",\"@id\":\"https:\\\/\\\/www.rri.ro\\\/de\\\/feature-reportage\\\/sozialreport-der-rumaenische-alltag\\\/laendliche-entwicklung-fortschritt-oder-untergang-der-traditionellen-zivilisation-id629188.html#article\",\"isPartOf\":{\"@id\":\"https:\\\/\\\/www.rri.ro\\\/de\\\/feature-reportage\\\/sozialreport-der-rumaenische-alltag\\\/laendliche-entwicklung-fortschritt-oder-untergang-der-traditionellen-zivilisation-id629188.html\"},\"author\":{\"name\":\"Rom\u00e2nia Interna\u021bional\",\"@id\":\"https:\\\/\\\/www.rri.ro\\\/#\\\/schema\\\/person\\\/18fac491bccbfe149b92aea77ad60abd\"},\"headline\":\"L\u00e4ndliche Entwicklung: Fortschritt oder Untergang der traditionellen Zivilisation?\",\"datePublished\":\"2016-01-06T16:20:00+00:00\",\"mainEntityOfPage\":{\"@id\":\"https:\\\/\\\/www.rri.ro\\\/de\\\/feature-reportage\\\/sozialreport-der-rumaenische-alltag\\\/laendliche-entwicklung-fortschritt-oder-untergang-der-traditionellen-zivilisation-id629188.html\"},\"wordCount\":1128,\"image\":{\"@id\":\"https:\\\/\\\/www.rri.ro\\\/de\\\/feature-reportage\\\/sozialreport-der-rumaenische-alltag\\\/laendliche-entwicklung-fortschritt-oder-untergang-der-traditionellen-zivilisation-id629188.html#primaryimage\"},\"thumbnailUrl\":\"https:\\\/\\\/www.rri.ro\\\/wp-content\\\/uploads\\\/2023\\\/10\\\/satul-ibanesti-bt.png\",\"keywords\":[\"EU\",\"F\u00f6rderung\",\"l\u00e4ndliche Entwicklung\",\"Landwirte\",\"Landwirtschaft\",\"Lebensstandard\",\"Rum\u00e4nien\",\"tradition\"],\"articleSection\":[\"Sozialreport \u2013 der rum\u00e4nische Alltag\"],\"inLanguage\":\"de\"},{\"@type\":\"WebPage\",\"@id\":\"https:\\\/\\\/www.rri.ro\\\/de\\\/feature-reportage\\\/sozialreport-der-rumaenische-alltag\\\/laendliche-entwicklung-fortschritt-oder-untergang-der-traditionellen-zivilisation-id629188.html\",\"url\":\"https:\\\/\\\/www.rri.ro\\\/de\\\/feature-reportage\\\/sozialreport-der-rumaenische-alltag\\\/laendliche-entwicklung-fortschritt-oder-untergang-der-traditionellen-zivilisation-id629188.html\",\"name\":\"L\u00e4ndliche Entwicklung: Fortschritt oder Untergang der traditionellen Zivilisation? - Radio Rum\u00e4nien International\",\"isPartOf\":{\"@id\":\"https:\\\/\\\/www.rri.ro\\\/#website\"},\"primaryImageOfPage\":{\"@id\":\"https:\\\/\\\/www.rri.ro\\\/de\\\/feature-reportage\\\/sozialreport-der-rumaenische-alltag\\\/laendliche-entwicklung-fortschritt-oder-untergang-der-traditionellen-zivilisation-id629188.html#primaryimage\"},\"image\":{\"@id\":\"https:\\\/\\\/www.rri.ro\\\/de\\\/feature-reportage\\\/sozialreport-der-rumaenische-alltag\\\/laendliche-entwicklung-fortschritt-oder-untergang-der-traditionellen-zivilisation-id629188.html#primaryimage\"},\"thumbnailUrl\":\"https:\\\/\\\/www.rri.ro\\\/wp-content\\\/uploads\\\/2023\\\/10\\\/satul-ibanesti-bt.png\",\"datePublished\":\"2016-01-06T16:20:00+00:00\",\"author\":{\"@id\":\"https:\\\/\\\/www.rri.ro\\\/#\\\/schema\\\/person\\\/18fac491bccbfe149b92aea77ad60abd\"},\"breadcrumb\":{\"@id\":\"https:\\\/\\\/www.rri.ro\\\/de\\\/feature-reportage\\\/sozialreport-der-rumaenische-alltag\\\/laendliche-entwicklung-fortschritt-oder-untergang-der-traditionellen-zivilisation-id629188.html#breadcrumb\"},\"inLanguage\":\"de\",\"potentialAction\":[{\"@type\":\"ReadAction\",\"target\":[\"https:\\\/\\\/www.rri.ro\\\/de\\\/feature-reportage\\\/sozialreport-der-rumaenische-alltag\\\/laendliche-entwicklung-fortschritt-oder-untergang-der-traditionellen-zivilisation-id629188.html\"]}]},{\"@type\":\"ImageObject\",\"inLanguage\":\"de\",\"@id\":\"https:\\\/\\\/www.rri.ro\\\/de\\\/feature-reportage\\\/sozialreport-der-rumaenische-alltag\\\/laendliche-entwicklung-fortschritt-oder-untergang-der-traditionellen-zivilisation-id629188.html#primaryimage\",\"url\":\"https:\\\/\\\/www.rri.ro\\\/wp-content\\\/uploads\\\/2023\\\/10\\\/satul-ibanesti-bt.png\",\"contentUrl\":\"https:\\\/\\\/www.rri.ro\\\/wp-content\\\/uploads\\\/2023\\\/10\\\/satul-ibanesti-bt.png\",\"width\":640,\"height\":480},{\"@type\":\"BreadcrumbList\",\"@id\":\"https:\\\/\\\/www.rri.ro\\\/de\\\/feature-reportage\\\/sozialreport-der-rumaenische-alltag\\\/laendliche-entwicklung-fortschritt-oder-untergang-der-traditionellen-zivilisation-id629188.html#breadcrumb\",\"itemListElement\":[{\"@type\":\"ListItem\",\"position\":1,\"name\":\"Startseite\",\"item\":\"https:\\\/\\\/www.rri.ro\\\/de\"},{\"@type\":\"ListItem\",\"position\":2,\"name\":\"Feature &amp; Reportage\",\"item\":\"https:\\\/\\\/www.rri.ro\\\/de\\\/feature-reportage\"},{\"@type\":\"ListItem\",\"position\":3,\"name\":\"Sozialreport \u2013 der rum\u00e4nische Alltag\",\"item\":\"https:\\\/\\\/www.rri.ro\\\/de\\\/feature-reportage\\\/sozialreport-der-rumaenische-alltag\"},{\"@type\":\"ListItem\",\"position\":4,\"name\":\"L\u00e4ndliche Entwicklung: Fortschritt oder Untergang der traditionellen Zivilisation?\"}]},{\"@type\":\"WebSite\",\"@id\":\"https:\\\/\\\/www.rri.ro\\\/#website\",\"url\":\"https:\\\/\\\/www.rri.ro\\\/\",\"name\":\"Radio Rum\u00e4nien International\",\"description\":\"Totul despre Rom\u00e2nia \u015fi rom\u00e2ni, \u00een 13 limbi\\\/dialecte!\",\"inLanguage\":\"de\"},{\"@type\":\"Person\",\"@id\":\"https:\\\/\\\/www.rri.ro\\\/#\\\/schema\\\/person\\\/18fac491bccbfe149b92aea77ad60abd\",\"name\":\"Rom\u00e2nia Interna\u021bional\",\"url\":\"https:\\\/\\\/www.rri.ro\\\/de\\\/author\\\/redactia\"}]}<\/script>\n<!-- \/ Yoast SEO plugin. -->","yoast_head_json":{"title":"L\u00e4ndliche Entwicklung: Fortschritt oder Untergang der traditionellen Zivilisation? - Radio Rum\u00e4nien International","robots":{"index":"index","follow":"follow","max-snippet":"max-snippet:-1","max-image-preview":"max-image-preview:large","max-video-preview":"max-video-preview:-1"},"canonical":"https:\/\/www.rri.ro\/de\/feature-reportage\/sozialreport-der-rumaenische-alltag\/laendliche-entwicklung-fortschritt-oder-untergang-der-traditionellen-zivilisation-id629188.html","og_locale":"de_DE","og_type":"article","og_title":"L\u00e4ndliche Entwicklung: Fortschritt oder Untergang der traditionellen Zivilisation? - Radio Rum\u00e4nien International","og_description":"Die EU-Politik zur l\u00e4ndlichen Entwicklung wurde laufend weiterbetrieben, um wachsende Lebensstandards herbeizuf\u00fchren. Dennoch f\u00fcrchten viele Rum\u00e4nen, dass die Modernisierung den Untergang der traditionellen Zivilisation mit sich bringt.","og_url":"https:\/\/www.rri.ro\/de\/feature-reportage\/sozialreport-der-rumaenische-alltag\/laendliche-entwicklung-fortschritt-oder-untergang-der-traditionellen-zivilisation-id629188.html","og_site_name":"Radio Rum\u00e4nien International","article_published_time":"2016-01-06T16:20:00+00:00","og_image":[{"width":640,"height":480,"url":"https:\/\/www.rri.ro\/wp-content\/uploads\/2023\/10\/satul-ibanesti-bt.png","type":"image\/png"}],"author":"Rom\u00e2nia Interna\u021bional","twitter_card":"summary_large_image","twitter_misc":{"Verfasst von":"Rom\u00e2nia Interna\u021bional","Gesch\u00e4tzte Lesezeit":"6\u00a0Minuten","Written by":"Rom\u00e2nia Interna\u021bional"},"schema":{"@context":"https:\/\/schema.org","@graph":[{"@type":"Article","@id":"https:\/\/www.rri.ro\/de\/feature-reportage\/sozialreport-der-rumaenische-alltag\/laendliche-entwicklung-fortschritt-oder-untergang-der-traditionellen-zivilisation-id629188.html#article","isPartOf":{"@id":"https:\/\/www.rri.ro\/de\/feature-reportage\/sozialreport-der-rumaenische-alltag\/laendliche-entwicklung-fortschritt-oder-untergang-der-traditionellen-zivilisation-id629188.html"},"author":{"name":"Rom\u00e2nia Interna\u021bional","@id":"https:\/\/www.rri.ro\/#\/schema\/person\/18fac491bccbfe149b92aea77ad60abd"},"headline":"L\u00e4ndliche Entwicklung: Fortschritt oder Untergang der traditionellen Zivilisation?","datePublished":"2016-01-06T16:20:00+00:00","mainEntityOfPage":{"@id":"https:\/\/www.rri.ro\/de\/feature-reportage\/sozialreport-der-rumaenische-alltag\/laendliche-entwicklung-fortschritt-oder-untergang-der-traditionellen-zivilisation-id629188.html"},"wordCount":1128,"image":{"@id":"https:\/\/www.rri.ro\/de\/feature-reportage\/sozialreport-der-rumaenische-alltag\/laendliche-entwicklung-fortschritt-oder-untergang-der-traditionellen-zivilisation-id629188.html#primaryimage"},"thumbnailUrl":"https:\/\/www.rri.ro\/wp-content\/uploads\/2023\/10\/satul-ibanesti-bt.png","keywords":["EU","F\u00f6rderung","l\u00e4ndliche Entwicklung","Landwirte","Landwirtschaft","Lebensstandard","Rum\u00e4nien","tradition"],"articleSection":["Sozialreport \u2013 der rum\u00e4nische Alltag"],"inLanguage":"de"},{"@type":"WebPage","@id":"https:\/\/www.rri.ro\/de\/feature-reportage\/sozialreport-der-rumaenische-alltag\/laendliche-entwicklung-fortschritt-oder-untergang-der-traditionellen-zivilisation-id629188.html","url":"https:\/\/www.rri.ro\/de\/feature-reportage\/sozialreport-der-rumaenische-alltag\/laendliche-entwicklung-fortschritt-oder-untergang-der-traditionellen-zivilisation-id629188.html","name":"L\u00e4ndliche Entwicklung: Fortschritt oder Untergang der traditionellen Zivilisation? - Radio Rum\u00e4nien International","isPartOf":{"@id":"https:\/\/www.rri.ro\/#website"},"primaryImageOfPage":{"@id":"https:\/\/www.rri.ro\/de\/feature-reportage\/sozialreport-der-rumaenische-alltag\/laendliche-entwicklung-fortschritt-oder-untergang-der-traditionellen-zivilisation-id629188.html#primaryimage"},"image":{"@id":"https:\/\/www.rri.ro\/de\/feature-reportage\/sozialreport-der-rumaenische-alltag\/laendliche-entwicklung-fortschritt-oder-untergang-der-traditionellen-zivilisation-id629188.html#primaryimage"},"thumbnailUrl":"https:\/\/www.rri.ro\/wp-content\/uploads\/2023\/10\/satul-ibanesti-bt.png","datePublished":"2016-01-06T16:20:00+00:00","author":{"@id":"https:\/\/www.rri.ro\/#\/schema\/person\/18fac491bccbfe149b92aea77ad60abd"},"breadcrumb":{"@id":"https:\/\/www.rri.ro\/de\/feature-reportage\/sozialreport-der-rumaenische-alltag\/laendliche-entwicklung-fortschritt-oder-untergang-der-traditionellen-zivilisation-id629188.html#breadcrumb"},"inLanguage":"de","potentialAction":[{"@type":"ReadAction","target":["https:\/\/www.rri.ro\/de\/feature-reportage\/sozialreport-der-rumaenische-alltag\/laendliche-entwicklung-fortschritt-oder-untergang-der-traditionellen-zivilisation-id629188.html"]}]},{"@type":"ImageObject","inLanguage":"de","@id":"https:\/\/www.rri.ro\/de\/feature-reportage\/sozialreport-der-rumaenische-alltag\/laendliche-entwicklung-fortschritt-oder-untergang-der-traditionellen-zivilisation-id629188.html#primaryimage","url":"https:\/\/www.rri.ro\/wp-content\/uploads\/2023\/10\/satul-ibanesti-bt.png","contentUrl":"https:\/\/www.rri.ro\/wp-content\/uploads\/2023\/10\/satul-ibanesti-bt.png","width":640,"height":480},{"@type":"BreadcrumbList","@id":"https:\/\/www.rri.ro\/de\/feature-reportage\/sozialreport-der-rumaenische-alltag\/laendliche-entwicklung-fortschritt-oder-untergang-der-traditionellen-zivilisation-id629188.html#breadcrumb","itemListElement":[{"@type":"ListItem","position":1,"name":"Startseite","item":"https:\/\/www.rri.ro\/de"},{"@type":"ListItem","position":2,"name":"Feature &amp; Reportage","item":"https:\/\/www.rri.ro\/de\/feature-reportage"},{"@type":"ListItem","position":3,"name":"Sozialreport \u2013 der rum\u00e4nische Alltag","item":"https:\/\/www.rri.ro\/de\/feature-reportage\/sozialreport-der-rumaenische-alltag"},{"@type":"ListItem","position":4,"name":"L\u00e4ndliche Entwicklung: Fortschritt oder Untergang der traditionellen Zivilisation?"}]},{"@type":"WebSite","@id":"https:\/\/www.rri.ro\/#website","url":"https:\/\/www.rri.ro\/","name":"Radio Rum\u00e4nien International","description":"Totul despre Rom\u00e2nia \u015fi rom\u00e2ni, \u00een 13 limbi\/dialecte!","inLanguage":"de"},{"@type":"Person","@id":"https:\/\/www.rri.ro\/#\/schema\/person\/18fac491bccbfe149b92aea77ad60abd","name":"Rom\u00e2nia Interna\u021bional","url":"https:\/\/www.rri.ro\/de\/author\/redactia"}]}},"_links":{"self":[{"href":"https:\/\/www.rri.ro\/de\/wp-json\/wp\/v2\/posts\/629188","targetHints":{"allow":["GET"]}}],"collection":[{"href":"https:\/\/www.rri.ro\/de\/wp-json\/wp\/v2\/posts"}],"about":[{"href":"https:\/\/www.rri.ro\/de\/wp-json\/wp\/v2\/types\/post"}],"author":[{"embeddable":true,"href":"https:\/\/www.rri.ro\/de\/wp-json\/wp\/v2\/users\/2"}],"replies":[{"embeddable":true,"href":"https:\/\/www.rri.ro\/de\/wp-json\/wp\/v2\/comments?post=629188"}],"version-history":[{"count":0,"href":"https:\/\/www.rri.ro\/de\/wp-json\/wp\/v2\/posts\/629188\/revisions"}],"wp:featuredmedia":[{"embeddable":true,"href":"https:\/\/www.rri.ro\/de\/wp-json\/wp\/v2\/media\/141715"}],"wp:attachment":[{"href":"https:\/\/www.rri.ro\/de\/wp-json\/wp\/v2\/media?parent=629188"}],"wp:term":[{"taxonomy":"category","embeddable":true,"href":"https:\/\/www.rri.ro\/de\/wp-json\/wp\/v2\/categories?post=629188"},{"taxonomy":"post_tag","embeddable":true,"href":"https:\/\/www.rri.ro\/de\/wp-json\/wp\/v2\/tags?post=629188"},{"taxonomy":"author","embeddable":true,"href":"https:\/\/www.rri.ro\/de\/wp-json\/wp\/v2\/coauthors?post=629188"}],"curies":[{"name":"wp","href":"https:\/\/api.w.org\/{rel}","templated":true}]}}