{"id":629317,"date":"2019-01-09T17:30:00","date_gmt":"2019-01-09T15:30:00","guid":{"rendered":"http:\/\/devrri.freshlemon.ro\/aktuell\/haeusliche-gewalt-krisenzentrum-fuer-vergewaltigungsopfer-gegruendet-id629317.html"},"modified":"2019-01-09T17:30:00","modified_gmt":"2019-01-09T15:30:00","slug":"haeusliche-gewalt-krisenzentrum-fuer-vergewaltigungsopfer-gegruendet","status":"publish","type":"post","link":"https:\/\/www.rri.ro\/de\/feature-reportage\/sozialreport-der-rumaenische-alltag\/haeusliche-gewalt-krisenzentrum-fuer-vergewaltigungsopfer-gegruendet-id629317.html","title":{"rendered":"H\u00e4usliche Gewalt: Krisenzentrum f\u00fcr Vergewaltigungsopfer gegr\u00fcndet"},"content":{"rendered":"<p>Vergewaltigung ist ein Trauma mit langfristigen Folgen. Die statistischen Daten der Polizei spiegeln das Ph\u00e4nomen nur zum Teil wider, denn die meisten Opfer erstatten keine Anzeige. Um diese Menschen zu unterst\u00fctzen, hat die Nationale Agentur f\u00fcr Chancengleichheit f\u00fcr M\u00e4nner und Frauen k\u00fcrzlich in der Uni-Klinik in Bukarest das erste Pilot-Krisenzentrum f\u00fcr Vergewaltigungsf\u00e4lle er\u00f6ffnet. Opfer von sexuellem Missbrauch werden an diesem Ort die Unterst\u00fctzung und Hilfe erhalten, die sie brauchen, wie Gra\u0163iela Dr\u0103ghici, Staatssekret\u00e4rin der Nationalen Agentur f\u00fcr Chancengleichheit f\u00fcr M\u00e4nner und Frauen, versichert:<\/p>\n<p>&#13;<br \/>\n&#13;<\/p>\n<p>&#13;<br \/>\n&#13;<\/p>\n<p><em>Wir wollen, dass dieses Vorgehen ein starkes Signal an alle Frauen in Rum\u00e4nien sendet, ein Signal der Unterst\u00fctzung, ein Signal des Vertrauens, indem ein neues Modell guter Praxis f\u00fcr ein integriertes Management der Vergewaltigungsf\u00e4lle geschaffen wird, ausgehend von einer traurigen Realit\u00e4t. Das hei\u200e\u00dft, die meisten Frauen erstatten aufgrund von Stereotypen und Mentalit\u00e4ten entweder keine Anzeige bei der Polizei oder geben die Schritte auf, die erforderlich sind, damit der T\u00e4ter schlie\u200e\u00dflich betraft wird. Der erste wichtige Schritt bestand darin, das Nationale Institut f\u00fcr Gerichtsmedizin zu bitten, eine L\u00f6sung zu finden, die es \u00c4rzten in der Notaufnahmeeinheit erm\u00f6glicht, biologische Proben mit Hilfe eines Standard-Kits f\u00fcr biologische Probenahmen zu entnehmen. Das ist in F\u00e4llen von sexueller Gewalt unbedingt n\u00f6tig. Die gesamte Arbeit und das Management wird von der Notaufnahme \u00fcbernommen, so dass die Frau nicht mehr hin und her muss und ein sehr gro\u200e\u00dfer Prozentsatz der Opfer diesen Schritt nicht aufgibt und den ganzen Weg f\u00fcr die Bestrafung der Vergewaltiger geht.\u201c<\/em><\/p>\n<p>&#13;<br \/>\n&#13;<\/p>\n<p>&#13;<br \/>\n&#13;<\/p>\n<p>&#13;<br \/>\n&#13;<\/p>\n<p>Gra\u0163iela  Dr\u0103ghici erkl\u00e4rte uns weiter wie dieses Zentrum funktionieren wird.<\/p>\n<p>&#13;<br \/>\n&#13;<\/p>\n<p>&#13;<br \/>\n&#13;<\/p>\n<p><em>Die erste Bedingung ist, dass die Frau die Vergewaltigung anzeigt, dann aktiviert der Arzt in der Notaufnahme die operative Einheit in der N\u00e4he der Uni-Klinik. Das ist eine Einheit, die auf Verbrechen spezialisiert ist. Sie kommen in die Notaufnahme und fordern die Zustimmung des Opfers zur Einreichung der Beschwerde. Mit dieser Beschwerde k\u00f6nnen wir sagen, dass wir rechtlich einen Vergewaltigungsfall haben. Dar\u00fcber hinaus werden biologische Proben auf der Grundlage des vom Nationalen Instituts f\u00fcr Gerichtsmedizin zur Verf\u00fcgung gestellten Standardkits entnommen. Das  Opfer wird dann in ein Heim f\u00fcr Opfer h\u00e4uslicher Gewalt gebracht, wo die Person Unterkunft, psychologische Beratung und Rechtsberatung erh\u00e4lt, so dass es zur Bestrafung des Angreifers kommt.\u201c<\/em><\/p>\n<p>&#13;<br \/>\n&#13;<\/p>\n<p>&#13;<br \/>\n&#13;<\/p>\n<p>&#13;<br \/>\n&#13;<\/p>\n<p>Das Projekt wird auf nationaler Ebene erweitert, so dass die Zahl der sexuellen \u00dcbergriffe reduziert wird. Momentan ist die Situation besorgniserregend: 46 Frauen und 12 Kinder kamen im vergangenen Jahr aufgrund von Gewalt durch ehemalige oder gegenw\u00e4rtige Partner oder andere Familienmitglieder ums Leben. Alle zwei Tage gibt es einen Fall, in dem ein Minderj\u00e4hriger sexuell missbraucht wird, aber viele F\u00e4lle werden nicht gemeldet. Schwerwiegender ist, dass 55% der Rum\u00e4nen Vergewaltigung in bestimmten Situationen f\u00fcr gerechtfertigt halten. Gra\u0163iela Dr\u0103ghici dazu:<\/p>\n<p>&#13;<br \/>\n&#13;<\/p>\n<p>&#13;<br \/>\n&#13;<\/p>\n<p><em>Aus den Daten der rum\u00e4nischen Polizei f\u00fcr 2017 geht hervor, dass \u00fcber 500 Vergewaltigungsf\u00e4lle gemeldet wurden, gegen die ermittelt wurde und bei denen es zur Bestrafung des T\u00e4ters kam. Bis zu diesem Zeitpunkt sind die Zahlen f\u00fcr 2018 noch nicht endg\u00fcltig, aber es gab etwa 450 F\u00e4lle. Der folgende Aspekt muss aber beachtet werden. Ein signifikanter Prozentsatz der Opfer, wenn wir \u00fcber das Ph\u00e4nomen der Gewalt sprechen, der laut einigen Statistiken bei 70% liegt, sei es h\u00e4usliche Gewalt oder sexuelle Gewalt, erstattet keine Anzeige. Daher beziehen sich diese Zahlen nur auf F\u00e4lle, die gemeldet wurden, die der Polizei zur Kenntnis gebracht wurden, und auf F\u00e4lle, die mit der Bestrafung der Angreifer abgeschlossen wurden.\u201c<\/em><\/p>\n<p>&#13;<br \/>\n&#13;<\/p>\n<p>&#13;<br \/>\n&#13;<\/p>\n<p>&#13;<br \/>\n&#13;<\/p>\n<p>Feministische Organisationen in Rum\u00e4nien begr\u00fc\u200e\u00dfen die Initiative der Nationalen Agentur f\u00fcr Chancengleichheit f\u00fcr die Errichtung des Krisenpilotzentrums f\u00fcr Vergewaltigungsf\u00e4lle. Andreea Braga, Exekutivdirektorin des Filia Centers, einer feministischen Organisation, die Gender-Ungleichheiten durch Aktivismus, F\u00fcrsprache und Forschung bek\u00e4mpft, meint dazu:<\/p>\n<p>&#13;<br \/>\n&#13;<\/p>\n<p>&#13;<br \/>\n&#13;<\/p>\n<p><em>Dies ist ein zus\u00e4tzlicher Schritt zu dem, was wir bisher hatten, weil es kein Krisenzentrum f\u00fcr Opfer sexueller Gewalt gab. Leider reicht es nicht aus. Wir sind sehr weit entfernt von einer Gesellschaft, in der wir uns auf die Rechte der Opfer konzentrieren und ihnen den richtigen Schutz in dem Sinne bieten, dass ein gro\u200e\u00dfer Bedarf an Fachleuten besteht, die wissen, wie sie mit sexuellen Traumata umgehen. Es gibt viele Situationen, in denen leider die Vorurteile \u00fcber die Schuld des Opfers weiterverbreitet werden, und dann befinden sie sich h\u00e4ufig in einer Situation, in der sie erneut traumatisiert werden. Hinzu kommt das Hin und Her, mit dem sich das Opfer konfrontiert, weil es \u00fcber das Trauma, das es erlebt hat, viele Male berichten muss, und das setzt das Opfer einem Risiko der Retraumatisierung aus. Das hei\u200e\u00dft, es ist kein System, das darauf abzielt, das Opfer zu sch\u00fctzen und die Risiken zu minimieren, so wie in anderen europ\u00e4ischen L\u00e4ndern. Gleichzeitig brauchen wir Bildung und Bildungspolitik, die uns zeigen, was Einwilligung bedeutet. Viele F\u00e4lle von sexueller Gewalt, Vergewaltigung, Geschlechtsverkehr mit Minderj\u00e4hrigen, sexuellen \u00dcbergriffen werden nicht gemeldet, da sie im Verborgenen begangen werden.\u201c<\/em><\/p>\n<p>&#13;<\/p>\n","protected":false},"excerpt":{"rendered":"<p>Vergewaltigung ist eine der verheerendsten Formen von Gewalt. Eine staatliche Beh\u00f6rde versucht jetzt, den Vergewaltigungsopfern zu helfen und das ganze Verfahren zur Erstattung einer Anzeige einfacher zu machen.<\/p>\n","protected":false},"author":2,"featured_media":286174,"comment_status":"closed","ping_status":"closed","sticky":false,"template":"","format":"standard","meta":{"_acf_changed":false,"footnotes":""},"categories":[116756],"tags":[102388,119591,119661,120162,117251,100759,99589,67579,104700],"coauthors":[],"class_list":["post-629317","post","type-post","status-publish","format-standard","has-post-thumbnail","hentry","category-sozialreport-der-rumaenische-alltag","tag-anzeige","tag-betreuung","tag-haeusliche-gewalt","tag-krisenzentrum","tag-missbrauch","tag-opfer","tag-rumaenien","tag-trauma","tag-vergewaltigung"],"acf":[],"yoast_head":"<!-- This site is optimized with the Yoast SEO plugin v27.5 - https:\/\/yoast.com\/product\/yoast-seo-wordpress\/ -->\n<title>H\u00e4usliche Gewalt: Krisenzentrum f\u00fcr Vergewaltigungsopfer gegr\u00fcndet - Radio Rum\u00e4nien International<\/title>\n<meta name=\"robots\" content=\"index, follow, max-snippet:-1, max-image-preview:large, max-video-preview:-1\" \/>\n<link rel=\"canonical\" href=\"https:\/\/www.rri.ro\/de\/feature-reportage\/sozialreport-der-rumaenische-alltag\/haeusliche-gewalt-krisenzentrum-fuer-vergewaltigungsopfer-gegruendet-id629317.html\" \/>\n<meta property=\"og:locale\" content=\"de_DE\" \/>\n<meta property=\"og:type\" content=\"article\" \/>\n<meta property=\"og:title\" content=\"H\u00e4usliche Gewalt: Krisenzentrum f\u00fcr Vergewaltigungsopfer gegr\u00fcndet - Radio Rum\u00e4nien International\" \/>\n<meta property=\"og:description\" content=\"Vergewaltigung ist eine der verheerendsten Formen von Gewalt. Eine staatliche Beh\u00f6rde versucht jetzt, den Vergewaltigungsopfern zu helfen und das ganze Verfahren zur Erstattung einer Anzeige einfacher zu machen.\" \/>\n<meta property=\"og:url\" content=\"https:\/\/www.rri.ro\/de\/feature-reportage\/sozialreport-der-rumaenische-alltag\/haeusliche-gewalt-krisenzentrum-fuer-vergewaltigungsopfer-gegruendet-id629317.html\" \/>\n<meta property=\"og:site_name\" content=\"Radio Rum\u00e4nien International\" \/>\n<meta property=\"article:published_time\" content=\"2019-01-09T15:30:00+00:00\" \/>\n<meta property=\"og:image\" content=\"https:\/\/www.rri.ro\/wp-content\/uploads\/2023\/10\/femeie-victima-violenta-unsplash.jpg\" \/>\n\t<meta property=\"og:image:width\" content=\"640\" \/>\n\t<meta property=\"og:image:height\" content=\"480\" \/>\n\t<meta property=\"og:image:type\" content=\"image\/png\" \/>\n<meta name=\"author\" content=\"Rom\u00e2nia Interna\u021bional\" \/>\n<meta name=\"twitter:card\" content=\"summary_large_image\" \/>\n<meta name=\"twitter:label1\" content=\"Verfasst von\" \/>\n\t<meta name=\"twitter:data1\" content=\"Rom\u00e2nia Interna\u021bional\" \/>\n\t<meta name=\"twitter:label2\" content=\"Gesch\u00e4tzte Lesezeit\" \/>\n\t<meta name=\"twitter:data2\" content=\"4\u00a0Minuten\" \/>\n\t<meta name=\"twitter:label3\" content=\"Written by\" \/>\n\t<meta name=\"twitter:data3\" content=\"Rom\u00e2nia Interna\u021bional\" \/>\n<script type=\"application\/ld+json\" class=\"yoast-schema-graph\">{\"@context\":\"https:\\\/\\\/schema.org\",\"@graph\":[{\"@type\":\"Article\",\"@id\":\"https:\\\/\\\/www.rri.ro\\\/de\\\/feature-reportage\\\/sozialreport-der-rumaenische-alltag\\\/haeusliche-gewalt-krisenzentrum-fuer-vergewaltigungsopfer-gegruendet-id629317.html#article\",\"isPartOf\":{\"@id\":\"https:\\\/\\\/www.rri.ro\\\/de\\\/feature-reportage\\\/sozialreport-der-rumaenische-alltag\\\/haeusliche-gewalt-krisenzentrum-fuer-vergewaltigungsopfer-gegruendet-id629317.html\"},\"author\":{\"name\":\"Rom\u00e2nia Interna\u021bional\",\"@id\":\"https:\\\/\\\/www.rri.ro\\\/#\\\/schema\\\/person\\\/18fac491bccbfe149b92aea77ad60abd\"},\"headline\":\"H\u00e4usliche Gewalt: Krisenzentrum f\u00fcr Vergewaltigungsopfer gegr\u00fcndet\",\"datePublished\":\"2019-01-09T15:30:00+00:00\",\"mainEntityOfPage\":{\"@id\":\"https:\\\/\\\/www.rri.ro\\\/de\\\/feature-reportage\\\/sozialreport-der-rumaenische-alltag\\\/haeusliche-gewalt-krisenzentrum-fuer-vergewaltigungsopfer-gegruendet-id629317.html\"},\"wordCount\":860,\"image\":{\"@id\":\"https:\\\/\\\/www.rri.ro\\\/de\\\/feature-reportage\\\/sozialreport-der-rumaenische-alltag\\\/haeusliche-gewalt-krisenzentrum-fuer-vergewaltigungsopfer-gegruendet-id629317.html#primaryimage\"},\"thumbnailUrl\":\"https:\\\/\\\/www.rri.ro\\\/wp-content\\\/uploads\\\/2023\\\/10\\\/femeie-victima-violenta-unsplash.jpg\",\"keywords\":[\"Anzeige\",\"Betreuung\",\"h\u00e4usliche Gewalt\",\"Krisenzentrum\",\"Missbrauch\",\"Opfer\",\"Rum\u00e4nien\",\"trauma\",\"Vergewaltigung\"],\"articleSection\":[\"Sozialreport \u2013 der rum\u00e4nische Alltag\"],\"inLanguage\":\"de\"},{\"@type\":\"WebPage\",\"@id\":\"https:\\\/\\\/www.rri.ro\\\/de\\\/feature-reportage\\\/sozialreport-der-rumaenische-alltag\\\/haeusliche-gewalt-krisenzentrum-fuer-vergewaltigungsopfer-gegruendet-id629317.html\",\"url\":\"https:\\\/\\\/www.rri.ro\\\/de\\\/feature-reportage\\\/sozialreport-der-rumaenische-alltag\\\/haeusliche-gewalt-krisenzentrum-fuer-vergewaltigungsopfer-gegruendet-id629317.html\",\"name\":\"H\u00e4usliche Gewalt: Krisenzentrum f\u00fcr Vergewaltigungsopfer gegr\u00fcndet - Radio Rum\u00e4nien International\",\"isPartOf\":{\"@id\":\"https:\\\/\\\/www.rri.ro\\\/#website\"},\"primaryImageOfPage\":{\"@id\":\"https:\\\/\\\/www.rri.ro\\\/de\\\/feature-reportage\\\/sozialreport-der-rumaenische-alltag\\\/haeusliche-gewalt-krisenzentrum-fuer-vergewaltigungsopfer-gegruendet-id629317.html#primaryimage\"},\"image\":{\"@id\":\"https:\\\/\\\/www.rri.ro\\\/de\\\/feature-reportage\\\/sozialreport-der-rumaenische-alltag\\\/haeusliche-gewalt-krisenzentrum-fuer-vergewaltigungsopfer-gegruendet-id629317.html#primaryimage\"},\"thumbnailUrl\":\"https:\\\/\\\/www.rri.ro\\\/wp-content\\\/uploads\\\/2023\\\/10\\\/femeie-victima-violenta-unsplash.jpg\",\"datePublished\":\"2019-01-09T15:30:00+00:00\",\"author\":{\"@id\":\"https:\\\/\\\/www.rri.ro\\\/#\\\/schema\\\/person\\\/18fac491bccbfe149b92aea77ad60abd\"},\"breadcrumb\":{\"@id\":\"https:\\\/\\\/www.rri.ro\\\/de\\\/feature-reportage\\\/sozialreport-der-rumaenische-alltag\\\/haeusliche-gewalt-krisenzentrum-fuer-vergewaltigungsopfer-gegruendet-id629317.html#breadcrumb\"},\"inLanguage\":\"de\",\"potentialAction\":[{\"@type\":\"ReadAction\",\"target\":[\"https:\\\/\\\/www.rri.ro\\\/de\\\/feature-reportage\\\/sozialreport-der-rumaenische-alltag\\\/haeusliche-gewalt-krisenzentrum-fuer-vergewaltigungsopfer-gegruendet-id629317.html\"]}]},{\"@type\":\"ImageObject\",\"inLanguage\":\"de\",\"@id\":\"https:\\\/\\\/www.rri.ro\\\/de\\\/feature-reportage\\\/sozialreport-der-rumaenische-alltag\\\/haeusliche-gewalt-krisenzentrum-fuer-vergewaltigungsopfer-gegruendet-id629317.html#primaryimage\",\"url\":\"https:\\\/\\\/www.rri.ro\\\/wp-content\\\/uploads\\\/2023\\\/10\\\/femeie-victima-violenta-unsplash.jpg\",\"contentUrl\":\"https:\\\/\\\/www.rri.ro\\\/wp-content\\\/uploads\\\/2023\\\/10\\\/femeie-victima-violenta-unsplash.jpg\",\"width\":640,\"height\":480},{\"@type\":\"BreadcrumbList\",\"@id\":\"https:\\\/\\\/www.rri.ro\\\/de\\\/feature-reportage\\\/sozialreport-der-rumaenische-alltag\\\/haeusliche-gewalt-krisenzentrum-fuer-vergewaltigungsopfer-gegruendet-id629317.html#breadcrumb\",\"itemListElement\":[{\"@type\":\"ListItem\",\"position\":1,\"name\":\"Startseite\",\"item\":\"https:\\\/\\\/www.rri.ro\\\/de\"},{\"@type\":\"ListItem\",\"position\":2,\"name\":\"Feature &amp; Reportage\",\"item\":\"https:\\\/\\\/www.rri.ro\\\/de\\\/feature-reportage\"},{\"@type\":\"ListItem\",\"position\":3,\"name\":\"Sozialreport \u2013 der rum\u00e4nische Alltag\",\"item\":\"https:\\\/\\\/www.rri.ro\\\/de\\\/feature-reportage\\\/sozialreport-der-rumaenische-alltag\"},{\"@type\":\"ListItem\",\"position\":4,\"name\":\"H\u00e4usliche Gewalt: Krisenzentrum f\u00fcr Vergewaltigungsopfer gegr\u00fcndet\"}]},{\"@type\":\"WebSite\",\"@id\":\"https:\\\/\\\/www.rri.ro\\\/#website\",\"url\":\"https:\\\/\\\/www.rri.ro\\\/\",\"name\":\"Radio Rum\u00e4nien International\",\"description\":\"Totul despre Rom\u00e2nia \u015fi rom\u00e2ni, \u00een 13 limbi\\\/dialecte!\",\"inLanguage\":\"de\"},{\"@type\":\"Person\",\"@id\":\"https:\\\/\\\/www.rri.ro\\\/#\\\/schema\\\/person\\\/18fac491bccbfe149b92aea77ad60abd\",\"name\":\"Rom\u00e2nia Interna\u021bional\",\"url\":\"https:\\\/\\\/www.rri.ro\\\/de\\\/author\\\/redactia\"}]}<\/script>\n<!-- \/ Yoast SEO plugin. -->","yoast_head_json":{"title":"H\u00e4usliche Gewalt: Krisenzentrum f\u00fcr Vergewaltigungsopfer gegr\u00fcndet - Radio Rum\u00e4nien International","robots":{"index":"index","follow":"follow","max-snippet":"max-snippet:-1","max-image-preview":"max-image-preview:large","max-video-preview":"max-video-preview:-1"},"canonical":"https:\/\/www.rri.ro\/de\/feature-reportage\/sozialreport-der-rumaenische-alltag\/haeusliche-gewalt-krisenzentrum-fuer-vergewaltigungsopfer-gegruendet-id629317.html","og_locale":"de_DE","og_type":"article","og_title":"H\u00e4usliche Gewalt: Krisenzentrum f\u00fcr Vergewaltigungsopfer gegr\u00fcndet - Radio Rum\u00e4nien International","og_description":"Vergewaltigung ist eine der verheerendsten Formen von Gewalt. Eine staatliche Beh\u00f6rde versucht jetzt, den Vergewaltigungsopfern zu helfen und das ganze Verfahren zur Erstattung einer Anzeige einfacher zu machen.","og_url":"https:\/\/www.rri.ro\/de\/feature-reportage\/sozialreport-der-rumaenische-alltag\/haeusliche-gewalt-krisenzentrum-fuer-vergewaltigungsopfer-gegruendet-id629317.html","og_site_name":"Radio Rum\u00e4nien International","article_published_time":"2019-01-09T15:30:00+00:00","og_image":[{"width":640,"height":480,"url":"https:\/\/www.rri.ro\/wp-content\/uploads\/2023\/10\/femeie-victima-violenta-unsplash.jpg","type":"image\/png"}],"author":"Rom\u00e2nia Interna\u021bional","twitter_card":"summary_large_image","twitter_misc":{"Verfasst von":"Rom\u00e2nia Interna\u021bional","Gesch\u00e4tzte Lesezeit":"4\u00a0Minuten","Written by":"Rom\u00e2nia Interna\u021bional"},"schema":{"@context":"https:\/\/schema.org","@graph":[{"@type":"Article","@id":"https:\/\/www.rri.ro\/de\/feature-reportage\/sozialreport-der-rumaenische-alltag\/haeusliche-gewalt-krisenzentrum-fuer-vergewaltigungsopfer-gegruendet-id629317.html#article","isPartOf":{"@id":"https:\/\/www.rri.ro\/de\/feature-reportage\/sozialreport-der-rumaenische-alltag\/haeusliche-gewalt-krisenzentrum-fuer-vergewaltigungsopfer-gegruendet-id629317.html"},"author":{"name":"Rom\u00e2nia Interna\u021bional","@id":"https:\/\/www.rri.ro\/#\/schema\/person\/18fac491bccbfe149b92aea77ad60abd"},"headline":"H\u00e4usliche Gewalt: Krisenzentrum f\u00fcr Vergewaltigungsopfer gegr\u00fcndet","datePublished":"2019-01-09T15:30:00+00:00","mainEntityOfPage":{"@id":"https:\/\/www.rri.ro\/de\/feature-reportage\/sozialreport-der-rumaenische-alltag\/haeusliche-gewalt-krisenzentrum-fuer-vergewaltigungsopfer-gegruendet-id629317.html"},"wordCount":860,"image":{"@id":"https:\/\/www.rri.ro\/de\/feature-reportage\/sozialreport-der-rumaenische-alltag\/haeusliche-gewalt-krisenzentrum-fuer-vergewaltigungsopfer-gegruendet-id629317.html#primaryimage"},"thumbnailUrl":"https:\/\/www.rri.ro\/wp-content\/uploads\/2023\/10\/femeie-victima-violenta-unsplash.jpg","keywords":["Anzeige","Betreuung","h\u00e4usliche Gewalt","Krisenzentrum","Missbrauch","Opfer","Rum\u00e4nien","trauma","Vergewaltigung"],"articleSection":["Sozialreport \u2013 der rum\u00e4nische Alltag"],"inLanguage":"de"},{"@type":"WebPage","@id":"https:\/\/www.rri.ro\/de\/feature-reportage\/sozialreport-der-rumaenische-alltag\/haeusliche-gewalt-krisenzentrum-fuer-vergewaltigungsopfer-gegruendet-id629317.html","url":"https:\/\/www.rri.ro\/de\/feature-reportage\/sozialreport-der-rumaenische-alltag\/haeusliche-gewalt-krisenzentrum-fuer-vergewaltigungsopfer-gegruendet-id629317.html","name":"H\u00e4usliche Gewalt: Krisenzentrum f\u00fcr Vergewaltigungsopfer gegr\u00fcndet - Radio Rum\u00e4nien International","isPartOf":{"@id":"https:\/\/www.rri.ro\/#website"},"primaryImageOfPage":{"@id":"https:\/\/www.rri.ro\/de\/feature-reportage\/sozialreport-der-rumaenische-alltag\/haeusliche-gewalt-krisenzentrum-fuer-vergewaltigungsopfer-gegruendet-id629317.html#primaryimage"},"image":{"@id":"https:\/\/www.rri.ro\/de\/feature-reportage\/sozialreport-der-rumaenische-alltag\/haeusliche-gewalt-krisenzentrum-fuer-vergewaltigungsopfer-gegruendet-id629317.html#primaryimage"},"thumbnailUrl":"https:\/\/www.rri.ro\/wp-content\/uploads\/2023\/10\/femeie-victima-violenta-unsplash.jpg","datePublished":"2019-01-09T15:30:00+00:00","author":{"@id":"https:\/\/www.rri.ro\/#\/schema\/person\/18fac491bccbfe149b92aea77ad60abd"},"breadcrumb":{"@id":"https:\/\/www.rri.ro\/de\/feature-reportage\/sozialreport-der-rumaenische-alltag\/haeusliche-gewalt-krisenzentrum-fuer-vergewaltigungsopfer-gegruendet-id629317.html#breadcrumb"},"inLanguage":"de","potentialAction":[{"@type":"ReadAction","target":["https:\/\/www.rri.ro\/de\/feature-reportage\/sozialreport-der-rumaenische-alltag\/haeusliche-gewalt-krisenzentrum-fuer-vergewaltigungsopfer-gegruendet-id629317.html"]}]},{"@type":"ImageObject","inLanguage":"de","@id":"https:\/\/www.rri.ro\/de\/feature-reportage\/sozialreport-der-rumaenische-alltag\/haeusliche-gewalt-krisenzentrum-fuer-vergewaltigungsopfer-gegruendet-id629317.html#primaryimage","url":"https:\/\/www.rri.ro\/wp-content\/uploads\/2023\/10\/femeie-victima-violenta-unsplash.jpg","contentUrl":"https:\/\/www.rri.ro\/wp-content\/uploads\/2023\/10\/femeie-victima-violenta-unsplash.jpg","width":640,"height":480},{"@type":"BreadcrumbList","@id":"https:\/\/www.rri.ro\/de\/feature-reportage\/sozialreport-der-rumaenische-alltag\/haeusliche-gewalt-krisenzentrum-fuer-vergewaltigungsopfer-gegruendet-id629317.html#breadcrumb","itemListElement":[{"@type":"ListItem","position":1,"name":"Startseite","item":"https:\/\/www.rri.ro\/de"},{"@type":"ListItem","position":2,"name":"Feature &amp; Reportage","item":"https:\/\/www.rri.ro\/de\/feature-reportage"},{"@type":"ListItem","position":3,"name":"Sozialreport \u2013 der rum\u00e4nische Alltag","item":"https:\/\/www.rri.ro\/de\/feature-reportage\/sozialreport-der-rumaenische-alltag"},{"@type":"ListItem","position":4,"name":"H\u00e4usliche Gewalt: Krisenzentrum f\u00fcr Vergewaltigungsopfer gegr\u00fcndet"}]},{"@type":"WebSite","@id":"https:\/\/www.rri.ro\/#website","url":"https:\/\/www.rri.ro\/","name":"Radio Rum\u00e4nien International","description":"Totul despre Rom\u00e2nia \u015fi rom\u00e2ni, \u00een 13 limbi\/dialecte!","inLanguage":"de"},{"@type":"Person","@id":"https:\/\/www.rri.ro\/#\/schema\/person\/18fac491bccbfe149b92aea77ad60abd","name":"Rom\u00e2nia Interna\u021bional","url":"https:\/\/www.rri.ro\/de\/author\/redactia"}]}},"_links":{"self":[{"href":"https:\/\/www.rri.ro\/de\/wp-json\/wp\/v2\/posts\/629317","targetHints":{"allow":["GET"]}}],"collection":[{"href":"https:\/\/www.rri.ro\/de\/wp-json\/wp\/v2\/posts"}],"about":[{"href":"https:\/\/www.rri.ro\/de\/wp-json\/wp\/v2\/types\/post"}],"author":[{"embeddable":true,"href":"https:\/\/www.rri.ro\/de\/wp-json\/wp\/v2\/users\/2"}],"replies":[{"embeddable":true,"href":"https:\/\/www.rri.ro\/de\/wp-json\/wp\/v2\/comments?post=629317"}],"version-history":[{"count":0,"href":"https:\/\/www.rri.ro\/de\/wp-json\/wp\/v2\/posts\/629317\/revisions"}],"wp:featuredmedia":[{"embeddable":true,"href":"https:\/\/www.rri.ro\/de\/wp-json\/wp\/v2\/media\/286174"}],"wp:attachment":[{"href":"https:\/\/www.rri.ro\/de\/wp-json\/wp\/v2\/media?parent=629317"}],"wp:term":[{"taxonomy":"category","embeddable":true,"href":"https:\/\/www.rri.ro\/de\/wp-json\/wp\/v2\/categories?post=629317"},{"taxonomy":"post_tag","embeddable":true,"href":"https:\/\/www.rri.ro\/de\/wp-json\/wp\/v2\/tags?post=629317"},{"taxonomy":"author","embeddable":true,"href":"https:\/\/www.rri.ro\/de\/wp-json\/wp\/v2\/coauthors?post=629317"}],"curies":[{"name":"wp","href":"https:\/\/api.w.org\/{rel}","templated":true}]}}