{"id":629421,"date":"2021-05-19T17:30:00","date_gmt":"2021-05-19T14:30:00","guid":{"rendered":"http:\/\/devrri.freshlemon.ro\/aktuell\/leseschwaeche-juengere-generation-hat-jegliches-interesse-am-lesen-verloren-id629421.html"},"modified":"2021-05-19T17:30:00","modified_gmt":"2021-05-19T14:30:00","slug":"leseschwaeche-juengere-generation-hat-jegliches-interesse-am-lesen-verloren","status":"publish","type":"post","link":"https:\/\/www.rri.ro\/de\/feature-reportage\/sozialreport-der-rumaenische-alltag\/leseschwaeche-juengere-generation-hat-jegliches-interesse-am-lesen-verloren-id629421.html","title":{"rendered":"Leseschw\u00e4che: J\u00fcngere Generation hat jegliches Interesse am Lesen verloren"},"content":{"rendered":"<p align=justify>35 % der Rum\u00e4nen geben an, noch nie ein Buch gelesen zu haben, obwohl es unz\u00e4hlige Studien gibt, die zeigen, dass Lesen die harmonische Entwicklung eines Individuums f\u00f6rdert, Stress zu reduzieren hilft und auch zur wirtschaftlichen und sozialen Entwicklung beitr\u00e4gt. Die Weltbank hat gezeigt, dass h\u00f6here Alphabetisierungsraten mit einer ges\u00fcnderen Bev\u00f6lkerung, niedrigeren Kriminalit\u00e4tsraten und gr\u00f6\u200e\u00dferen wirtschaftlichen Wachstumsraten verbunden sind.<\/p>\n<p>&#13;<br \/>\n&#13;<\/p>\n<p align=justify>\n<p>&#13;<br \/>\n&#13;<\/p>\n<p align=justify>Es sieht so aus, als ob sich das Verh\u00e4ltnis der Rum\u00e4nen zu B\u00fcchern 10 Jahre nach der antikommunistischen Revolution vom Dezember 1989 zu verschlechtern begann und das Interesse der neuen Generationen am Lesen dramatisch gesunken ist. Wer ist schuld daran und was kann man tun, wo doch wissenschaftlich erwiesen ist, dass Lesen zur Entwicklung der kognitiven F\u00e4higkeiten eines jungen Menschen beitr\u00e4gt?<\/p>\n<p>&#13;<br \/>\n&#13;<\/p>\n<p align=justify>\n<p>&#13;<br \/>\n&#13;<\/p>\n<p align=justify>Wir haben die Journalistin Marina Constantinoiu, eine Expertin auf diesem Gebiet, die auch an der Fakult\u00e4t f\u00fcr Journalismus und Kommunikation lehrt, gefragt, wie sich das mangelnde Interesse junger Menschen am Lesen erkl\u00e4ren l\u00e4sst?<\/p>\n<p>&#13;<br \/>\n&#13;<\/p>\n<p align=justify>\n<p>&#13;<br \/>\n&#13;<\/p>\n<p align=justify><em>Leider ist das Verh\u00e4ltnis zwischen Sch\u00fclern und dem Lesen im Allgemeinen, mit oder ohne Verbindung zum Internetzeitalter, ziemlich schlecht, und das ist nichts Neues, das gibt es schon seit 25 Jahren, denn vielleicht waren die ersten Jahre nach der Revolution von 1989 etwas gro\u200e\u00dfz\u00fcgiger, was das Lesen angeht. Man kann dem Internet die Schuld geben, aber auf der anderen Seite ist es nicht der einzige Grund und nicht einmal der schwerwiegendste. Ich denke, dass das Hauptproblem in der Familie liegt, denn die Familie ist es, die das Kind nicht zum Lesen ermutigt oder die Unf\u00e4higkeit des Kindes zum Lesen toleriert. Ich wei\u200e\u00df nicht, ob wir alle mit einem Interesse am Lesen geboren werden, ich wei\u200e\u00df, dass dies f\u00fcr meine Generation etwas ist, das in der Familie kultiviert wurde. Ich denke, jetzt ist es eine Frage des nationalen Notstands, denn wir sind in einer sehr schlechten Situation, was das Lesen angeht. Und das kann man an der gro\u200e\u00dfen Armut des Wortschatzes sehen, mit dem die Menschen heutzutage kommunizieren.\u201c<\/em><\/p>\n<p>&#13;<br \/>\n&#13;<\/p>\n<p align=justify>\n<p>&#13;<br \/>\n&#13;<\/p>\n<p align=justify>\n<p>&#13;<br \/>\n&#13;<\/p>\n<p align=justify>Lesen als t\u00e4gliche Gewohnheit baut neuronale Verbindungen auf und st\u00e4rkt sie in jedem Alter, nicht nur bei Kindern und jungen Erwachsenen. Werte wie Bildung, Respekt vor B\u00fcchern oder Lehrern haben begonnen zu verschwinden. Wenn wir unsere nationale Identit\u00e4t nicht ernsthaft besch\u00e4digen wollen, sollten wir dies zu einem nationalen Notstand erkl\u00e4ren, meint Marina Constantinoiu:<\/p>\n<p>&#13;<br \/>\n&#13;<\/p>\n<p align=justify>\n<p>&#13;<br \/>\n&#13;<\/p>\n<p align=justify><em>Ich war fr\u00fcher selbst eine Studentin und jetzt unterrichte ich und ich unterhalte mich normalerweise gerne mit meinen Studenten au\u200e\u00dferhalb des Unterrichts. Ich versuche herauszufinden, was ihre Leidenschaften sind, ob sie lesen und wie viel. In letzter Zeit musste ich aber leider nicht mehr fragen, weil es offensichtlich geworden ist. An der Art und Weise, wie sie ihre Projekte schreiben und wie sie einen l\u00e4ngeren Text betrachten, kann ich erahnen, wie viel sie lesen, denn die Arbeit daran ist f\u00fcr sie mit viel Langeweile verbunden. Viele erschrecken allein schon bei dem Gedanken, einen langen Text lesen, dar\u00fcber nachdenken, ihn verstehen und etwas dar\u00fcber schreiben zu m\u00fcssen.\u201c<\/em><\/p>\n<p>&#13;<br \/>\n&#13;<\/p>\n<p align=justify>\n<p>&#13;<br \/>\n&#13;<\/p>\n<p align=justify>\n<p>&#13;<br \/>\n&#13;<\/p>\n<p align=justify>Es ist lebenswichtig, dass die Familie, unabh\u00e4ngig von der eigenen Bildung, in den Kindern den Respekt vor und das Interesse am Lesen kultiviert. Ohne Wissen, ohne Lernen aus B\u00fcchern ist es, als w\u00fcrde man eine Reise mit einer leeren Tasche beginnen. Und das ist nie gut, sagt Marina Constantinoiu:<\/p>\n<p>&#13;<br \/>\n&#13;<\/p>\n<p align=justify>\n<p>&#13;<br \/>\n&#13;<\/p>\n<p align=justify><em>Lesen als Gewohnheit ist normalerweise etwas f\u00fcr die \u00fcber 40-J\u00e4hrigen, und ich geh\u00f6re zu dieser Kategorie, ich f\u00fchle mich wie ein Dinosaurier, aber es ist nicht normal, so zu sein. Ich denke, es sollte in der Familie beginnen und Lesen sollte eine Verpflichtung sein, die sanft auferlegt wird. Denn Lesen ist das, was einen als Person formt. Das sage ich vielen Kindern, die die Stirn runzeln, wenn sie h\u00f6ren, dass sie in der Schule mehr lesen sollen, denn sie befinden sich gerade in den aufm\u00fcpfigen Jahren ihrer Entwicklung. Egal, welches Berufsfeld man w\u00e4hlt, man kann die Reise nicht ohne Informationen antreten und ohne das richtige Vokabular, das man nur durch Lesen erwerben kann. Es ist egal, wie wir sie nennen: W\u00f6rter, Informationen, Ideen, Metaphern, es ist egal. Wichtig ist, dass man sie hat und sie im Leben benutzt.\u201c<\/em><\/p>\n<p>&#13;<br \/>\n&#13;<\/p>\n<p align=justify>\n<p>&#13;<br \/>\n&#13;<\/p>\n<p align=justify>\n<p>&#13;<br \/>\n&#13;<\/p>\n<p align=justify>Zusammenfassend l\u00e4sst sich sagen, dass es wichtig ist, unsere Kinder zum Lesen anzuregen. Ihnen zu helfen, die Freude daran zu entdecken, jeden Tag f\u00fcr eine Weile innezuhalten und einfach zu lesen. Auf lange Sicht ist es auf jeden Fall lohnend.<\/p>\n<p>&#13;<br \/>\n&#13;<\/p>\n<p align=justify>\n<p>&#13;<br \/>\n&#13;<\/p>\n<p align=justify><strong>Audiobeitrag h\u00f6ren:<\/strong><\/p>\n<p>&#13;<br \/>\n&#13;<\/p>\n<p align=justify>\n<p>&#13;<br \/>\n<iframe width=100% height=20 scrolling=no frameborder=no allow=autoplay src=https:\/\/w.soundcloud.com\/player\/?url=https%3A\/\/api.soundcloud.com\/tracks\/1051488970%3Fsecret_token%3Ds-MLSaueFr7BB&#038;color=%2300b7f1&#038;inverse=false&#038;auto_play=false&#038;show_user=true><\/iframe><\/p>\n<div style=font-size: 10px; color: #cccccc;line-break: anywhere;word-break: normal;overflow: hidden;white-space: nowrap;text-overflow: ellipsis; font-family: Interstate,Lucida Grande,Lucida Sans Unicode,Lucida Sans,Garuda,Verdana,Tahoma,sans-serif;font-weight: 100;><a href=\"https:\/\/soundcloud.com\/radioromaniainternational\" title=\"RadioRomaniaInternational\" target=\"_blank\" style=\"color:\" text-decoration: rel=\"noopener\">RadioRomaniaInternational<\/a> \u00b7 <a href=\"https:\/\/soundcloud.com\/radioromaniainternational\/leseschwache-jungere-generation-hat-jegliches-interesse-am-lesen-verloren\/s-MLSaueFr7BB\" title=\"Leseschw\u00e4che:\" Generation hat jegliches Interesse am Lesen verloren target=\"_blank\" style=\"color:\" text-decoration: rel=\"noopener\">Leseschw\u00e4che: J\u00fcngere Generation hat jegliches Interesse am Lesen verloren<\/a><\/div>\n","protected":false},"excerpt":{"rendered":"<p>Eine im M\u00e4rz durchgef\u00fchrte Studie der Weltbank zeigt, dass die Rum\u00e4nen im Durchschnitt weniger als f\u00fcnf Minuten pro Tag lesen; die Lekt\u00fcre eines ganzen Buchs w\u00e4hrend eines Jahres ist ein seltenes Ereignis.<\/p>\n","protected":false},"author":137,"featured_media":137083,"comment_status":"closed","ping_status":"closed","sticky":false,"template":"","format":"standard","meta":{"_acf_changed":false,"footnotes":""},"categories":[116756],"tags":[120500,117754,120501,119625,119824,119624,119964,43846,99589,120502],"coauthors":[],"class_list":["post-629421","post","type-post","status-publish","format-standard","has-post-thumbnail","hentry","category-sozialreport-der-rumaenische-alltag","tag-desinteresse","tag-jugendliche","tag-kognitive-faehigkeiten","tag-lesefoerderung","tag-lesekompetenz","tag-lesen","tag-leseschwaeche","tag-marina-constantinoiu","tag-rumaenien","tag-wortschatz"],"acf":[],"yoast_head":"<!-- This site is optimized with the Yoast SEO plugin v27.5 - https:\/\/yoast.com\/product\/yoast-seo-wordpress\/ -->\n<title>Leseschw\u00e4che: J\u00fcngere Generation hat jegliches Interesse am Lesen verloren - Radio Rum\u00e4nien International<\/title>\n<meta name=\"robots\" content=\"index, follow, max-snippet:-1, max-image-preview:large, max-video-preview:-1\" \/>\n<link rel=\"canonical\" href=\"https:\/\/www.rri.ro\/de\/feature-reportage\/sozialreport-der-rumaenische-alltag\/leseschwaeche-juengere-generation-hat-jegliches-interesse-am-lesen-verloren-id629421.html\" \/>\n<meta property=\"og:locale\" content=\"de_DE\" \/>\n<meta property=\"og:type\" content=\"article\" \/>\n<meta property=\"og:title\" content=\"Leseschw\u00e4che: J\u00fcngere Generation hat jegliches Interesse am Lesen verloren - Radio Rum\u00e4nien International\" \/>\n<meta property=\"og:description\" content=\"Eine im M\u00e4rz durchgef\u00fchrte Studie der Weltbank zeigt, dass die Rum\u00e4nen im Durchschnitt weniger als f\u00fcnf Minuten pro Tag lesen; die Lekt\u00fcre eines ganzen Buchs w\u00e4hrend eines Jahres ist ein seltenes Ereignis.\" \/>\n<meta property=\"og:url\" content=\"https:\/\/www.rri.ro\/de\/feature-reportage\/sozialreport-der-rumaenische-alltag\/leseschwaeche-juengere-generation-hat-jegliches-interesse-am-lesen-verloren-id629421.html\" \/>\n<meta property=\"og:site_name\" content=\"Radio Rum\u00e4nien International\" \/>\n<meta property=\"article:published_time\" content=\"2021-05-19T14:30:00+00:00\" \/>\n<meta property=\"og:image\" content=\"https:\/\/www.rri.ro\/wp-content\/uploads\/2023\/10\/carte-lectura-citit-foto-pixabay-com.png\" \/>\n\t<meta property=\"og:image:width\" content=\"640\" \/>\n\t<meta property=\"og:image:height\" content=\"425\" \/>\n\t<meta property=\"og:image:type\" content=\"image\/png\" \/>\n<meta name=\"author\" content=\"Luiza Moldovan\" \/>\n<meta name=\"twitter:card\" content=\"summary_large_image\" \/>\n<meta name=\"twitter:label1\" content=\"Verfasst von\" \/>\n\t<meta name=\"twitter:data1\" content=\"Luiza Moldovan\" \/>\n\t<meta name=\"twitter:label2\" content=\"Gesch\u00e4tzte Lesezeit\" \/>\n\t<meta name=\"twitter:data2\" content=\"4\u00a0Minuten\" \/>\n\t<meta name=\"twitter:label3\" content=\"Written by\" \/>\n\t<meta name=\"twitter:data3\" content=\"Luiza Moldovan\" \/>\n<script type=\"application\/ld+json\" class=\"yoast-schema-graph\">{\"@context\":\"https:\\\/\\\/schema.org\",\"@graph\":[{\"@type\":\"Article\",\"@id\":\"https:\\\/\\\/www.rri.ro\\\/de\\\/feature-reportage\\\/sozialreport-der-rumaenische-alltag\\\/leseschwaeche-juengere-generation-hat-jegliches-interesse-am-lesen-verloren-id629421.html#article\",\"isPartOf\":{\"@id\":\"https:\\\/\\\/www.rri.ro\\\/de\\\/feature-reportage\\\/sozialreport-der-rumaenische-alltag\\\/leseschwaeche-juengere-generation-hat-jegliches-interesse-am-lesen-verloren-id629421.html\"},\"author\":{\"name\":\"Luiza Moldovan\",\"@id\":\"https:\\\/\\\/www.rri.ro\\\/#\\\/schema\\\/person\\\/791802305883b24502ffdf63f464ba9b\"},\"headline\":\"Leseschw\u00e4che: J\u00fcngere Generation hat jegliches Interesse am Lesen verloren\",\"datePublished\":\"2021-05-19T14:30:00+00:00\",\"mainEntityOfPage\":{\"@id\":\"https:\\\/\\\/www.rri.ro\\\/de\\\/feature-reportage\\\/sozialreport-der-rumaenische-alltag\\\/leseschwaeche-juengere-generation-hat-jegliches-interesse-am-lesen-verloren-id629421.html\"},\"wordCount\":777,\"image\":{\"@id\":\"https:\\\/\\\/www.rri.ro\\\/de\\\/feature-reportage\\\/sozialreport-der-rumaenische-alltag\\\/leseschwaeche-juengere-generation-hat-jegliches-interesse-am-lesen-verloren-id629421.html#primaryimage\"},\"thumbnailUrl\":\"https:\\\/\\\/www.rri.ro\\\/wp-content\\\/uploads\\\/2023\\\/10\\\/carte-lectura-citit-foto-pixabay-com.png\",\"keywords\":[\"Desinteresse\",\"Jugendliche\",\"kognitive F\u00e4higkeiten\",\"Lesef\u00f6rderung\",\"Lesekompetenz\",\"Lesen\",\"Leseschw\u00e4che\",\"Marina Constantinoiu\",\"Rum\u00e4nien\",\"Wortschatz\"],\"articleSection\":[\"Sozialreport \u2013 der rum\u00e4nische Alltag\"],\"inLanguage\":\"de\"},{\"@type\":\"WebPage\",\"@id\":\"https:\\\/\\\/www.rri.ro\\\/de\\\/feature-reportage\\\/sozialreport-der-rumaenische-alltag\\\/leseschwaeche-juengere-generation-hat-jegliches-interesse-am-lesen-verloren-id629421.html\",\"url\":\"https:\\\/\\\/www.rri.ro\\\/de\\\/feature-reportage\\\/sozialreport-der-rumaenische-alltag\\\/leseschwaeche-juengere-generation-hat-jegliches-interesse-am-lesen-verloren-id629421.html\",\"name\":\"Leseschw\u00e4che: J\u00fcngere Generation hat jegliches Interesse am Lesen verloren - Radio Rum\u00e4nien International\",\"isPartOf\":{\"@id\":\"https:\\\/\\\/www.rri.ro\\\/#website\"},\"primaryImageOfPage\":{\"@id\":\"https:\\\/\\\/www.rri.ro\\\/de\\\/feature-reportage\\\/sozialreport-der-rumaenische-alltag\\\/leseschwaeche-juengere-generation-hat-jegliches-interesse-am-lesen-verloren-id629421.html#primaryimage\"},\"image\":{\"@id\":\"https:\\\/\\\/www.rri.ro\\\/de\\\/feature-reportage\\\/sozialreport-der-rumaenische-alltag\\\/leseschwaeche-juengere-generation-hat-jegliches-interesse-am-lesen-verloren-id629421.html#primaryimage\"},\"thumbnailUrl\":\"https:\\\/\\\/www.rri.ro\\\/wp-content\\\/uploads\\\/2023\\\/10\\\/carte-lectura-citit-foto-pixabay-com.png\",\"datePublished\":\"2021-05-19T14:30:00+00:00\",\"author\":{\"@id\":\"https:\\\/\\\/www.rri.ro\\\/#\\\/schema\\\/person\\\/791802305883b24502ffdf63f464ba9b\"},\"breadcrumb\":{\"@id\":\"https:\\\/\\\/www.rri.ro\\\/de\\\/feature-reportage\\\/sozialreport-der-rumaenische-alltag\\\/leseschwaeche-juengere-generation-hat-jegliches-interesse-am-lesen-verloren-id629421.html#breadcrumb\"},\"inLanguage\":\"de\",\"potentialAction\":[{\"@type\":\"ReadAction\",\"target\":[\"https:\\\/\\\/www.rri.ro\\\/de\\\/feature-reportage\\\/sozialreport-der-rumaenische-alltag\\\/leseschwaeche-juengere-generation-hat-jegliches-interesse-am-lesen-verloren-id629421.html\"]}]},{\"@type\":\"ImageObject\",\"inLanguage\":\"de\",\"@id\":\"https:\\\/\\\/www.rri.ro\\\/de\\\/feature-reportage\\\/sozialreport-der-rumaenische-alltag\\\/leseschwaeche-juengere-generation-hat-jegliches-interesse-am-lesen-verloren-id629421.html#primaryimage\",\"url\":\"https:\\\/\\\/www.rri.ro\\\/wp-content\\\/uploads\\\/2023\\\/10\\\/carte-lectura-citit-foto-pixabay-com.png\",\"contentUrl\":\"https:\\\/\\\/www.rri.ro\\\/wp-content\\\/uploads\\\/2023\\\/10\\\/carte-lectura-citit-foto-pixabay-com.png\",\"width\":640,\"height\":425,\"caption\":\"book, reading Photo: pixabay.com\"},{\"@type\":\"BreadcrumbList\",\"@id\":\"https:\\\/\\\/www.rri.ro\\\/de\\\/feature-reportage\\\/sozialreport-der-rumaenische-alltag\\\/leseschwaeche-juengere-generation-hat-jegliches-interesse-am-lesen-verloren-id629421.html#breadcrumb\",\"itemListElement\":[{\"@type\":\"ListItem\",\"position\":1,\"name\":\"Startseite\",\"item\":\"https:\\\/\\\/www.rri.ro\\\/de\"},{\"@type\":\"ListItem\",\"position\":2,\"name\":\"Feature &amp; Reportage\",\"item\":\"https:\\\/\\\/www.rri.ro\\\/de\\\/feature-reportage\"},{\"@type\":\"ListItem\",\"position\":3,\"name\":\"Sozialreport \u2013 der rum\u00e4nische Alltag\",\"item\":\"https:\\\/\\\/www.rri.ro\\\/de\\\/feature-reportage\\\/sozialreport-der-rumaenische-alltag\"},{\"@type\":\"ListItem\",\"position\":4,\"name\":\"Leseschw\u00e4che: J\u00fcngere Generation hat jegliches Interesse am Lesen verloren\"}]},{\"@type\":\"WebSite\",\"@id\":\"https:\\\/\\\/www.rri.ro\\\/#website\",\"url\":\"https:\\\/\\\/www.rri.ro\\\/\",\"name\":\"Radio Rum\u00e4nien International\",\"description\":\"Totul despre Rom\u00e2nia \u015fi rom\u00e2ni, \u00een 13 limbi\\\/dialecte!\",\"inLanguage\":\"de\"},{\"@type\":\"Person\",\"@id\":\"https:\\\/\\\/www.rri.ro\\\/#\\\/schema\\\/person\\\/791802305883b24502ffdf63f464ba9b\",\"name\":\"Luiza Moldovan\",\"url\":\"https:\\\/\\\/www.rri.ro\\\/de\\\/author\\\/luiza-moldovan\"}]}<\/script>\n<!-- \/ Yoast SEO plugin. -->","yoast_head_json":{"title":"Leseschw\u00e4che: J\u00fcngere Generation hat jegliches Interesse am Lesen verloren - Radio Rum\u00e4nien International","robots":{"index":"index","follow":"follow","max-snippet":"max-snippet:-1","max-image-preview":"max-image-preview:large","max-video-preview":"max-video-preview:-1"},"canonical":"https:\/\/www.rri.ro\/de\/feature-reportage\/sozialreport-der-rumaenische-alltag\/leseschwaeche-juengere-generation-hat-jegliches-interesse-am-lesen-verloren-id629421.html","og_locale":"de_DE","og_type":"article","og_title":"Leseschw\u00e4che: J\u00fcngere Generation hat jegliches Interesse am Lesen verloren - Radio Rum\u00e4nien International","og_description":"Eine im M\u00e4rz durchgef\u00fchrte Studie der Weltbank zeigt, dass die Rum\u00e4nen im Durchschnitt weniger als f\u00fcnf Minuten pro Tag lesen; die Lekt\u00fcre eines ganzen Buchs w\u00e4hrend eines Jahres ist ein seltenes Ereignis.","og_url":"https:\/\/www.rri.ro\/de\/feature-reportage\/sozialreport-der-rumaenische-alltag\/leseschwaeche-juengere-generation-hat-jegliches-interesse-am-lesen-verloren-id629421.html","og_site_name":"Radio Rum\u00e4nien International","article_published_time":"2021-05-19T14:30:00+00:00","og_image":[{"width":640,"height":425,"url":"https:\/\/www.rri.ro\/wp-content\/uploads\/2023\/10\/carte-lectura-citit-foto-pixabay-com.png","type":"image\/png"}],"author":"Luiza Moldovan","twitter_card":"summary_large_image","twitter_misc":{"Verfasst von":"Luiza Moldovan","Gesch\u00e4tzte Lesezeit":"4\u00a0Minuten","Written by":"Luiza Moldovan"},"schema":{"@context":"https:\/\/schema.org","@graph":[{"@type":"Article","@id":"https:\/\/www.rri.ro\/de\/feature-reportage\/sozialreport-der-rumaenische-alltag\/leseschwaeche-juengere-generation-hat-jegliches-interesse-am-lesen-verloren-id629421.html#article","isPartOf":{"@id":"https:\/\/www.rri.ro\/de\/feature-reportage\/sozialreport-der-rumaenische-alltag\/leseschwaeche-juengere-generation-hat-jegliches-interesse-am-lesen-verloren-id629421.html"},"author":{"name":"Luiza Moldovan","@id":"https:\/\/www.rri.ro\/#\/schema\/person\/791802305883b24502ffdf63f464ba9b"},"headline":"Leseschw\u00e4che: J\u00fcngere Generation hat jegliches Interesse am Lesen verloren","datePublished":"2021-05-19T14:30:00+00:00","mainEntityOfPage":{"@id":"https:\/\/www.rri.ro\/de\/feature-reportage\/sozialreport-der-rumaenische-alltag\/leseschwaeche-juengere-generation-hat-jegliches-interesse-am-lesen-verloren-id629421.html"},"wordCount":777,"image":{"@id":"https:\/\/www.rri.ro\/de\/feature-reportage\/sozialreport-der-rumaenische-alltag\/leseschwaeche-juengere-generation-hat-jegliches-interesse-am-lesen-verloren-id629421.html#primaryimage"},"thumbnailUrl":"https:\/\/www.rri.ro\/wp-content\/uploads\/2023\/10\/carte-lectura-citit-foto-pixabay-com.png","keywords":["Desinteresse","Jugendliche","kognitive F\u00e4higkeiten","Lesef\u00f6rderung","Lesekompetenz","Lesen","Leseschw\u00e4che","Marina Constantinoiu","Rum\u00e4nien","Wortschatz"],"articleSection":["Sozialreport \u2013 der rum\u00e4nische Alltag"],"inLanguage":"de"},{"@type":"WebPage","@id":"https:\/\/www.rri.ro\/de\/feature-reportage\/sozialreport-der-rumaenische-alltag\/leseschwaeche-juengere-generation-hat-jegliches-interesse-am-lesen-verloren-id629421.html","url":"https:\/\/www.rri.ro\/de\/feature-reportage\/sozialreport-der-rumaenische-alltag\/leseschwaeche-juengere-generation-hat-jegliches-interesse-am-lesen-verloren-id629421.html","name":"Leseschw\u00e4che: J\u00fcngere Generation hat jegliches Interesse am Lesen verloren - Radio Rum\u00e4nien International","isPartOf":{"@id":"https:\/\/www.rri.ro\/#website"},"primaryImageOfPage":{"@id":"https:\/\/www.rri.ro\/de\/feature-reportage\/sozialreport-der-rumaenische-alltag\/leseschwaeche-juengere-generation-hat-jegliches-interesse-am-lesen-verloren-id629421.html#primaryimage"},"image":{"@id":"https:\/\/www.rri.ro\/de\/feature-reportage\/sozialreport-der-rumaenische-alltag\/leseschwaeche-juengere-generation-hat-jegliches-interesse-am-lesen-verloren-id629421.html#primaryimage"},"thumbnailUrl":"https:\/\/www.rri.ro\/wp-content\/uploads\/2023\/10\/carte-lectura-citit-foto-pixabay-com.png","datePublished":"2021-05-19T14:30:00+00:00","author":{"@id":"https:\/\/www.rri.ro\/#\/schema\/person\/791802305883b24502ffdf63f464ba9b"},"breadcrumb":{"@id":"https:\/\/www.rri.ro\/de\/feature-reportage\/sozialreport-der-rumaenische-alltag\/leseschwaeche-juengere-generation-hat-jegliches-interesse-am-lesen-verloren-id629421.html#breadcrumb"},"inLanguage":"de","potentialAction":[{"@type":"ReadAction","target":["https:\/\/www.rri.ro\/de\/feature-reportage\/sozialreport-der-rumaenische-alltag\/leseschwaeche-juengere-generation-hat-jegliches-interesse-am-lesen-verloren-id629421.html"]}]},{"@type":"ImageObject","inLanguage":"de","@id":"https:\/\/www.rri.ro\/de\/feature-reportage\/sozialreport-der-rumaenische-alltag\/leseschwaeche-juengere-generation-hat-jegliches-interesse-am-lesen-verloren-id629421.html#primaryimage","url":"https:\/\/www.rri.ro\/wp-content\/uploads\/2023\/10\/carte-lectura-citit-foto-pixabay-com.png","contentUrl":"https:\/\/www.rri.ro\/wp-content\/uploads\/2023\/10\/carte-lectura-citit-foto-pixabay-com.png","width":640,"height":425,"caption":"book, reading Photo: pixabay.com"},{"@type":"BreadcrumbList","@id":"https:\/\/www.rri.ro\/de\/feature-reportage\/sozialreport-der-rumaenische-alltag\/leseschwaeche-juengere-generation-hat-jegliches-interesse-am-lesen-verloren-id629421.html#breadcrumb","itemListElement":[{"@type":"ListItem","position":1,"name":"Startseite","item":"https:\/\/www.rri.ro\/de"},{"@type":"ListItem","position":2,"name":"Feature &amp; Reportage","item":"https:\/\/www.rri.ro\/de\/feature-reportage"},{"@type":"ListItem","position":3,"name":"Sozialreport \u2013 der rum\u00e4nische Alltag","item":"https:\/\/www.rri.ro\/de\/feature-reportage\/sozialreport-der-rumaenische-alltag"},{"@type":"ListItem","position":4,"name":"Leseschw\u00e4che: J\u00fcngere Generation hat jegliches Interesse am Lesen verloren"}]},{"@type":"WebSite","@id":"https:\/\/www.rri.ro\/#website","url":"https:\/\/www.rri.ro\/","name":"Radio Rum\u00e4nien International","description":"Totul despre Rom\u00e2nia \u015fi rom\u00e2ni, \u00een 13 limbi\/dialecte!","inLanguage":"de"},{"@type":"Person","@id":"https:\/\/www.rri.ro\/#\/schema\/person\/791802305883b24502ffdf63f464ba9b","name":"Luiza Moldovan","url":"https:\/\/www.rri.ro\/de\/author\/luiza-moldovan"}]}},"_links":{"self":[{"href":"https:\/\/www.rri.ro\/de\/wp-json\/wp\/v2\/posts\/629421","targetHints":{"allow":["GET"]}}],"collection":[{"href":"https:\/\/www.rri.ro\/de\/wp-json\/wp\/v2\/posts"}],"about":[{"href":"https:\/\/www.rri.ro\/de\/wp-json\/wp\/v2\/types\/post"}],"author":[{"embeddable":true,"href":"https:\/\/www.rri.ro\/de\/wp-json\/wp\/v2\/users\/137"}],"replies":[{"embeddable":true,"href":"https:\/\/www.rri.ro\/de\/wp-json\/wp\/v2\/comments?post=629421"}],"version-history":[{"count":0,"href":"https:\/\/www.rri.ro\/de\/wp-json\/wp\/v2\/posts\/629421\/revisions"}],"wp:featuredmedia":[{"embeddable":true,"href":"https:\/\/www.rri.ro\/de\/wp-json\/wp\/v2\/media\/137083"}],"wp:attachment":[{"href":"https:\/\/www.rri.ro\/de\/wp-json\/wp\/v2\/media?parent=629421"}],"wp:term":[{"taxonomy":"category","embeddable":true,"href":"https:\/\/www.rri.ro\/de\/wp-json\/wp\/v2\/categories?post=629421"},{"taxonomy":"post_tag","embeddable":true,"href":"https:\/\/www.rri.ro\/de\/wp-json\/wp\/v2\/tags?post=629421"},{"taxonomy":"author","embeddable":true,"href":"https:\/\/www.rri.ro\/de\/wp-json\/wp\/v2\/coauthors?post=629421"}],"curies":[{"name":"wp","href":"https:\/\/api.w.org\/{rel}","templated":true}]}}