{"id":629555,"date":"2014-12-19T19:14:00","date_gmt":"2014-12-19T17:14:00","guid":{"rendered":"http:\/\/devrri.freshlemon.ro\/aktuell\/rumaenien-beteiligt-sich-an-internationalen-weltraumfahrtprojekten-id629555.html"},"modified":"2014-12-19T19:14:00","modified_gmt":"2014-12-19T17:14:00","slug":"rumaenien-beteiligt-sich-an-internationalen-weltraumfahrtprojekten","status":"publish","type":"post","link":"https:\/\/www.rri.ro\/de\/feature-reportage\/das-globale-dorf\/rumaenien-beteiligt-sich-an-internationalen-weltraumfahrtprojekten-id629555.html","title":{"rendered":"Rum\u00e4nien beteiligt sich an internationalen Weltraumfahrtprojekten"},"content":{"rendered":"<p>Anfang des Monats haben in Luxemburg die Vertreter der Mitgliedsl\u00e4nder der Europ\u00e4ischen Raumfahrtagentur (ESA) eine sogenannte historische Vereinbarung\u201c \u00fcber den Bau einer neuen Ariane-6-Rakete getroffen. Es handelt sich um ein wettbewerbsf\u00e4higeres Raumfahrzeug als die bisherigen, das 2020 lanciert werden soll. Die Mission beinhaltet die Bef\u00f6rderung wissenschaftlicher Satelliten und Raumsonden sowie die Platzierung von Kommunikations- und Fernsehsatelliten auf die Erdumlaufbahn. Daf\u00fcr hat Europa eine Finanzierung von 4 Milliarden Euro zur Verf\u00fcgung gestellt. In dieser Summe sind auch der Bau einer neuen Startanlage in Franz\u00f6sisch-Guyana und die Entwicklung einer kleineren Startrampe inbegriffen. Insgesamt hat die Europ\u00e4ische Union ein globales Budget f\u00fcr seine Raketenstartanlagen in H\u00f6he von 8 Milliarden Dollar f\u00fcr die n\u00e4chsten zehn Jahre. Das Ziel ist einem immer st\u00e4rkeren Wettbewerb auf dem internationalen Satellitenbef\u00f6rderungsmarkt standzuhalten.<\/p>\n<p>&#13;<br \/>\n&#13;<\/p>\n<p>&#13;<br \/>\n&#13;<\/p>\n<p>Zurzeit startet die amerikanische Privatgesellschaft SpaceX Satelliten mithilfe der Falcon-9-Raketen zu Preisen zwischen 49 und 68 Millionen Euro. Dar\u00fcber hinaus werden China und Indien zu wichtigen Wettbewerbern im kommenden Jahrzehnt. China hat es geschafft, mit dem Jadehasen auf dem Mond zu Landen. Indien hat seine Raumsonde Mangalyaan auf die Umlaufbahn des Mars gebracht, und das zu Preisen, die 10mal niedriger sind als die von der NASA f\u00fcr die Mission MAVEN.<\/p>\n<p>&#13;<br \/>\n&#13;<\/p>\n<p>&#13;<br \/>\n&#13;<\/p>\n<p>Es ist ein gro\u200e\u00dfer Erfolg\u201c, erkl\u00e4rte Jean-Jacques Dordain, Generalleiter der Europ\u00e4ischen Raumfahrtagentur. Er erinnerte daran, dass die Vereinbarung nach mehrmonatigen Verhandlungen im Rahmen der ESA, insbesondere zwischen Frankreich und Deutschland, den Hauptbeitragenden des Projekts, getroffen wurde. Paris verpflichtete sich, 52% und Deutschland 22% der Kosten der Ariane 6 zu tragen. Die aktuelle Rakete, Ariane 5, wurde 1996 in Betrieb genommen. Sie schaffte es, 50% des Marktes im Bereich der Satellitenbef\u00f6rderung zu gewinnen, und brachte 62 Missionen erfolgreich zu Ende. Ariane 6 soll mehrere Technologien einschlie\u200e\u00dfen, die von den europ\u00e4ischen Partnern entwickelt wurden. Hauptziel wird die Entwicklung einer modularen Rakete sein, die entsprechend den Anforderungen der jeweiligen Mission konfiguriert werden soll.<\/p>\n<p>&#13;<br \/>\n&#13;<\/p>\n<p>&#13;<br \/>\n&#13;<\/p>\n<p>Zu diesen Partnern z\u00e4hlt auch Rum\u00e4nien, das 1992 das erste Abkommen mit der Europ\u00e4ischen Raumfahrtagentur geschlossen hat. Seit 2011 ist Rum\u00e4nien Mitglied der ESA. Die besagte Organisation hat ihren Sitz in Paris und z\u00e4hlt 20 Mitgliedsl\u00e4nder &#8212; Belgien, D\u00e4nemark, Deutschland, Finnland, Frankreich, Griechenland, Gro\u200e\u00dfbritannien, Irland, Italien, Luxemburg, Norwegen, die Niederlande, \u00d6sterreich, Polen, Portugal, Rum\u00e4nien, Spanien, Schweden, die Schweiz und Tschechien. Neben der Beteiligung an der Entwicklung der Ariane 6 Rakete, ist Rum\u00e4nien beim neuesten Treffen in Luxemburg, durch den Beitritt zu diesem Programm auch zum Miteigent\u00fcmer der Station, gemeinsam mit anderen 11 europ\u00e4ischen L\u00e4ndern und den internationalen Partnern &#8212; USA, Kanada, Russland und Japan. Laut dem delegierten Minister f\u00fcr Forschung, Mihnea Costoiu, bietet dieses Programm eine Chance f\u00fcr die rum\u00e4nische Raumfahrtindustrie. Der ehemalige Kosmonaut Dumitru Prunariu, zurzeit Mitglied des Verwaltungsrates der Rum\u00e4nischen Raumfahrtagentur, erkl\u00e4rte f\u00fcr Radio Rum\u00e4nien die Bedeutung dieses Ereignisses:<\/p>\n<p>&#13;<br \/>\n&#13;<\/p>\n<p>&#13;<br \/>\n&#13;<\/p>\n<p><em>Der Vorteil ist, eigene Experimente durchf\u00fchren zu k\u00f6nnen, die europaweit ausgesch\u00f6pft werden k\u00f6nnen. Diese k\u00f6nnen nicht nur wissenschaftliche, sondern eines Tages sogar f\u00fcr Rum\u00e4nien bedeutende monet\u00e4re Vorteile bringen. Durch unsere Anwesenheit dort, treten wir einem Klub bei, der Entscheidungen \u00fcber die Zukunft der internationalen Raumstation trifft.\u201c <\/em><\/p>\n<p>&#13;<br \/>\n&#13;<\/p>\n<p>&#13;<br \/>\n&#13;<\/p>\n<p>&#13;<br \/>\n&#13;<\/p>\n<p>Die Beteiligung Rum\u00e4niens an diesen Programmen ist der Beweis daf\u00fcr, dass das rum\u00e4nische Potential im Bereich Forschung und Entwicklung bereits konkrete Ergebnisse liefert und dass die Investitionen, die hier get\u00e4tigt werden, legitim und gerechtfertigt sind\u201c, so die rum\u00e4nischen Vertreter. Laut dem Pr\u00e4sidenten der Rum\u00e4nischen Raumfahrtagentur, Marius-Ioan Piso, wird die internationale Raumstation ein exzellentes Labor darstellen, um Technologien f\u00fcr Weltraummissionen auf niedrigem Orbit, aber auch f\u00fcr Erkundungsmissionen des Sonnensystems zu testen. Welche sind die n\u00e4chsten Projekte der ESA, an denen sich Rum\u00e4nien beteiligen wird? Marius-Ioan Piso:<\/p>\n<p>&#13;<br \/>\n&#13;<\/p>\n<p>&#13;<br \/>\n&#13;<\/p>\n<p><em>Es wird einige Missionen geben. Es handelt sich um Missionen wie Proba-3, bei der man im Weltraum ein 144 m langes Teleskop bauen wird. Dieses soll dazu verwendet werden, um die m\u00f6glichen gef\u00e4hrlichen Gegenst\u00e4nde, die von der Sonne kommen, zu erkennen. Dieses Projekt soll also die Sonne unter Beobachtung halten. Es gibt ein weiteres Projekt, das in der Umlaufbahn eines Doppelasteroiden abgewickelt werden soll. Ein Teil des Asteroiden soll umgelenkt werden. Dabei wird Rum\u00e4nien einen betr\u00e4chtlichen Beitrag von 40-45% des Aufwandes leisten.\u201c <\/em><\/p>\n<p>&#13;<br \/>\n&#13;<\/p>\n<p>&#13;<br \/>\n&#13;<\/p>\n<p>&#13;<br \/>\n&#13;<\/p>\n<p>Rum\u00e4nien kann ein wichtiger Spieler auf dem Markt der kommerziellen Nanosatelliten werden, die eine immer wichtigere Rolle f\u00fcr Raum- und Landanwendungen spielen. Das erste Raumfahrtexperiment mit rum\u00e4nischer Beteiligung fand 1972 im Rahmen des Programms Intercosmos statt. Am 14. Mai 1981 entsandte Rum\u00e4nien seinen ersten Kosmonauten, Dumitru Prunariu, in den Weltraum. Es wurde somit zum 11. Land der Welt, das diese Leistung geschafft hat.<\/p>\n<p>&#13;<\/p>\n","protected":false},"excerpt":{"rendered":"<p>Anfang des Monats haben in Luxemburg die Vertreter der Mitgliedsl\u00e4nder der Europ\u00e4ischen Raumfahrtagentur (ESA) eine sogenannte historische Vereinbarung\u201c \u00fcber den Bau einer neuen Ariane-6-Rakete getroffen.<\/p>\n","protected":false},"author":108,"featured_media":155039,"comment_status":"closed","ping_status":"closed","sticky":false,"template":"","format":"standard","meta":{"_acf_changed":false,"footnotes":""},"categories":[116757],"tags":[69187,120875,38498,39979,120869,120872,46239,36145,120873,120870,99589,120871,120874,119314],"coauthors":[],"class_list":["post-629555","post","type-post","status-publish","format-standard","has-post-thumbnail","hentry","category-das-globale-dorf","tag-ariane-6","tag-doppelasteroid","tag-dumitru-prunariu","tag-esa","tag-franzoesisch-guyana","tag-jean-jacques-dordain","tag-marius-ioan-piso","tag-nasa","tag-proba-3","tag-raketenstartanlagen","tag-rumaenien","tag-satelliten","tag-teleskop","tag-weltraumfahrt"],"acf":[],"yoast_head":"<!-- This site is optimized with the Yoast SEO plugin v27.3 - https:\/\/yoast.com\/product\/yoast-seo-wordpress\/ -->\n<title>Rum\u00e4nien beteiligt sich an internationalen Weltraumfahrtprojekten - Radio Rum\u00e4nien International<\/title>\n<meta name=\"robots\" content=\"index, follow, max-snippet:-1, max-image-preview:large, max-video-preview:-1\" \/>\n<link rel=\"canonical\" href=\"https:\/\/www.rri.ro\/de\/feature-reportage\/das-globale-dorf\/rumaenien-beteiligt-sich-an-internationalen-weltraumfahrtprojekten-id629555.html\" \/>\n<meta property=\"og:locale\" content=\"de_DE\" \/>\n<meta property=\"og:type\" content=\"article\" \/>\n<meta property=\"og:title\" content=\"Rum\u00e4nien beteiligt sich an internationalen Weltraumfahrtprojekten - Radio Rum\u00e4nien International\" \/>\n<meta property=\"og:description\" content=\"Anfang des Monats haben in Luxemburg die Vertreter der Mitgliedsl\u00e4nder der Europ\u00e4ischen Raumfahrtagentur (ESA) eine sogenannte historische Vereinbarung\u201c \u00fcber den Bau einer neuen Ariane-6-Rakete getroffen.\" \/>\n<meta property=\"og:url\" content=\"https:\/\/www.rri.ro\/de\/feature-reportage\/das-globale-dorf\/rumaenien-beteiligt-sich-an-internationalen-weltraumfahrtprojekten-id629555.html\" \/>\n<meta property=\"og:site_name\" content=\"Radio Rum\u00e4nien International\" \/>\n<meta property=\"article:published_time\" content=\"2014-12-19T17:14:00+00:00\" \/>\n<meta property=\"og:image\" content=\"https:\/\/www.rri.ro\/wp-content\/uploads\/2023\/10\/racheta-Ariane6-640.png\" \/>\n\t<meta property=\"og:image:width\" content=\"640\" \/>\n\t<meta property=\"og:image:height\" content=\"480\" \/>\n\t<meta property=\"og:image:type\" content=\"image\/png\" \/>\n<meta name=\"author\" content=\"Corina Cristea\" \/>\n<meta name=\"twitter:card\" content=\"summary_large_image\" \/>\n<meta name=\"twitter:label1\" content=\"Verfasst von\" \/>\n\t<meta name=\"twitter:data1\" content=\"Corina Cristea\" \/>\n\t<meta name=\"twitter:label2\" content=\"Gesch\u00e4tzte Lesezeit\" \/>\n\t<meta name=\"twitter:data2\" content=\"4\u00a0Minuten\" \/>\n\t<meta name=\"twitter:label3\" content=\"Written by\" \/>\n\t<meta name=\"twitter:data3\" content=\"Corina Cristea\" \/>\n<script type=\"application\/ld+json\" class=\"yoast-schema-graph\">{\"@context\":\"https:\\\/\\\/schema.org\",\"@graph\":[{\"@type\":\"Article\",\"@id\":\"https:\\\/\\\/www.rri.ro\\\/de\\\/feature-reportage\\\/das-globale-dorf\\\/rumaenien-beteiligt-sich-an-internationalen-weltraumfahrtprojekten-id629555.html#article\",\"isPartOf\":{\"@id\":\"https:\\\/\\\/www.rri.ro\\\/de\\\/feature-reportage\\\/das-globale-dorf\\\/rumaenien-beteiligt-sich-an-internationalen-weltraumfahrtprojekten-id629555.html\"},\"author\":{\"name\":\"Corina Cristea\",\"@id\":\"https:\\\/\\\/www.rri.ro\\\/#\\\/schema\\\/person\\\/f9ab1cb3569dee1b2c033a814bb7f0fc\"},\"headline\":\"Rum\u00e4nien beteiligt sich an internationalen Weltraumfahrtprojekten\",\"datePublished\":\"2014-12-19T17:14:00+00:00\",\"mainEntityOfPage\":{\"@id\":\"https:\\\/\\\/www.rri.ro\\\/de\\\/feature-reportage\\\/das-globale-dorf\\\/rumaenien-beteiligt-sich-an-internationalen-weltraumfahrtprojekten-id629555.html\"},\"wordCount\":777,\"image\":{\"@id\":\"https:\\\/\\\/www.rri.ro\\\/de\\\/feature-reportage\\\/das-globale-dorf\\\/rumaenien-beteiligt-sich-an-internationalen-weltraumfahrtprojekten-id629555.html#primaryimage\"},\"thumbnailUrl\":\"https:\\\/\\\/www.rri.ro\\\/wp-content\\\/uploads\\\/2023\\\/10\\\/racheta-Ariane6-640.png\",\"keywords\":[\"Ariane 6\",\"Doppelasteroid\",\"Dumitru Prunariu\",\"ESA\",\"Franz\u00f6sisch-Guyana\",\"Jean-Jacques Dordain\",\"Marius Ioan Piso\",\"NASA\",\"Proba 3\",\"Raketenstartanlagen\",\"Rum\u00e4nien\",\"Satelliten\",\"Teleskop\",\"Weltraumfahrt\"],\"articleSection\":[\"Das globale Dorf\"],\"inLanguage\":\"de\"},{\"@type\":\"WebPage\",\"@id\":\"https:\\\/\\\/www.rri.ro\\\/de\\\/feature-reportage\\\/das-globale-dorf\\\/rumaenien-beteiligt-sich-an-internationalen-weltraumfahrtprojekten-id629555.html\",\"url\":\"https:\\\/\\\/www.rri.ro\\\/de\\\/feature-reportage\\\/das-globale-dorf\\\/rumaenien-beteiligt-sich-an-internationalen-weltraumfahrtprojekten-id629555.html\",\"name\":\"Rum\u00e4nien beteiligt sich an internationalen Weltraumfahrtprojekten - Radio Rum\u00e4nien International\",\"isPartOf\":{\"@id\":\"https:\\\/\\\/www.rri.ro\\\/#website\"},\"primaryImageOfPage\":{\"@id\":\"https:\\\/\\\/www.rri.ro\\\/de\\\/feature-reportage\\\/das-globale-dorf\\\/rumaenien-beteiligt-sich-an-internationalen-weltraumfahrtprojekten-id629555.html#primaryimage\"},\"image\":{\"@id\":\"https:\\\/\\\/www.rri.ro\\\/de\\\/feature-reportage\\\/das-globale-dorf\\\/rumaenien-beteiligt-sich-an-internationalen-weltraumfahrtprojekten-id629555.html#primaryimage\"},\"thumbnailUrl\":\"https:\\\/\\\/www.rri.ro\\\/wp-content\\\/uploads\\\/2023\\\/10\\\/racheta-Ariane6-640.png\",\"datePublished\":\"2014-12-19T17:14:00+00:00\",\"author\":{\"@id\":\"https:\\\/\\\/www.rri.ro\\\/#\\\/schema\\\/person\\\/f9ab1cb3569dee1b2c033a814bb7f0fc\"},\"breadcrumb\":{\"@id\":\"https:\\\/\\\/www.rri.ro\\\/de\\\/feature-reportage\\\/das-globale-dorf\\\/rumaenien-beteiligt-sich-an-internationalen-weltraumfahrtprojekten-id629555.html#breadcrumb\"},\"inLanguage\":\"de\",\"potentialAction\":[{\"@type\":\"ReadAction\",\"target\":[\"https:\\\/\\\/www.rri.ro\\\/de\\\/feature-reportage\\\/das-globale-dorf\\\/rumaenien-beteiligt-sich-an-internationalen-weltraumfahrtprojekten-id629555.html\"]}]},{\"@type\":\"ImageObject\",\"inLanguage\":\"de\",\"@id\":\"https:\\\/\\\/www.rri.ro\\\/de\\\/feature-reportage\\\/das-globale-dorf\\\/rumaenien-beteiligt-sich-an-internationalen-weltraumfahrtprojekten-id629555.html#primaryimage\",\"url\":\"https:\\\/\\\/www.rri.ro\\\/wp-content\\\/uploads\\\/2023\\\/10\\\/racheta-Ariane6-640.png\",\"contentUrl\":\"https:\\\/\\\/www.rri.ro\\\/wp-content\\\/uploads\\\/2023\\\/10\\\/racheta-Ariane6-640.png\",\"width\":640,\"height\":480},{\"@type\":\"BreadcrumbList\",\"@id\":\"https:\\\/\\\/www.rri.ro\\\/de\\\/feature-reportage\\\/das-globale-dorf\\\/rumaenien-beteiligt-sich-an-internationalen-weltraumfahrtprojekten-id629555.html#breadcrumb\",\"itemListElement\":[{\"@type\":\"ListItem\",\"position\":1,\"name\":\"Startseite\",\"item\":\"https:\\\/\\\/www.rri.ro\\\/de\"},{\"@type\":\"ListItem\",\"position\":2,\"name\":\"Feature &amp; Reportage\",\"item\":\"https:\\\/\\\/www.rri.ro\\\/de\\\/feature-reportage\"},{\"@type\":\"ListItem\",\"position\":3,\"name\":\"Das globale Dorf\",\"item\":\"https:\\\/\\\/www.rri.ro\\\/de\\\/feature-reportage\\\/das-globale-dorf\"},{\"@type\":\"ListItem\",\"position\":4,\"name\":\"Rum\u00e4nien beteiligt sich an internationalen Weltraumfahrtprojekten\"}]},{\"@type\":\"WebSite\",\"@id\":\"https:\\\/\\\/www.rri.ro\\\/#website\",\"url\":\"https:\\\/\\\/www.rri.ro\\\/\",\"name\":\"Radio Rum\u00e4nien International\",\"description\":\"Totul despre Rom\u00e2nia \u015fi rom\u00e2ni, \u00een 13 limbi\\\/dialecte!\",\"inLanguage\":\"de\"},{\"@type\":\"Person\",\"@id\":\"https:\\\/\\\/www.rri.ro\\\/#\\\/schema\\\/person\\\/f9ab1cb3569dee1b2c033a814bb7f0fc\",\"name\":\"Corina Cristea\",\"url\":\"https:\\\/\\\/www.rri.ro\\\/de\\\/author\\\/corina-cristea\"}]}<\/script>\n<!-- \/ Yoast SEO plugin. -->","yoast_head_json":{"title":"Rum\u00e4nien beteiligt sich an internationalen Weltraumfahrtprojekten - Radio Rum\u00e4nien International","robots":{"index":"index","follow":"follow","max-snippet":"max-snippet:-1","max-image-preview":"max-image-preview:large","max-video-preview":"max-video-preview:-1"},"canonical":"https:\/\/www.rri.ro\/de\/feature-reportage\/das-globale-dorf\/rumaenien-beteiligt-sich-an-internationalen-weltraumfahrtprojekten-id629555.html","og_locale":"de_DE","og_type":"article","og_title":"Rum\u00e4nien beteiligt sich an internationalen Weltraumfahrtprojekten - Radio Rum\u00e4nien International","og_description":"Anfang des Monats haben in Luxemburg die Vertreter der Mitgliedsl\u00e4nder der Europ\u00e4ischen Raumfahrtagentur (ESA) eine sogenannte historische Vereinbarung\u201c \u00fcber den Bau einer neuen Ariane-6-Rakete getroffen.","og_url":"https:\/\/www.rri.ro\/de\/feature-reportage\/das-globale-dorf\/rumaenien-beteiligt-sich-an-internationalen-weltraumfahrtprojekten-id629555.html","og_site_name":"Radio Rum\u00e4nien International","article_published_time":"2014-12-19T17:14:00+00:00","og_image":[{"width":640,"height":480,"url":"https:\/\/www.rri.ro\/wp-content\/uploads\/2023\/10\/racheta-Ariane6-640.png","type":"image\/png"}],"author":"Corina Cristea","twitter_card":"summary_large_image","twitter_misc":{"Verfasst von":"Corina Cristea","Gesch\u00e4tzte Lesezeit":"4\u00a0Minuten","Written by":"Corina Cristea"},"schema":{"@context":"https:\/\/schema.org","@graph":[{"@type":"Article","@id":"https:\/\/www.rri.ro\/de\/feature-reportage\/das-globale-dorf\/rumaenien-beteiligt-sich-an-internationalen-weltraumfahrtprojekten-id629555.html#article","isPartOf":{"@id":"https:\/\/www.rri.ro\/de\/feature-reportage\/das-globale-dorf\/rumaenien-beteiligt-sich-an-internationalen-weltraumfahrtprojekten-id629555.html"},"author":{"name":"Corina Cristea","@id":"https:\/\/www.rri.ro\/#\/schema\/person\/f9ab1cb3569dee1b2c033a814bb7f0fc"},"headline":"Rum\u00e4nien beteiligt sich an internationalen Weltraumfahrtprojekten","datePublished":"2014-12-19T17:14:00+00:00","mainEntityOfPage":{"@id":"https:\/\/www.rri.ro\/de\/feature-reportage\/das-globale-dorf\/rumaenien-beteiligt-sich-an-internationalen-weltraumfahrtprojekten-id629555.html"},"wordCount":777,"image":{"@id":"https:\/\/www.rri.ro\/de\/feature-reportage\/das-globale-dorf\/rumaenien-beteiligt-sich-an-internationalen-weltraumfahrtprojekten-id629555.html#primaryimage"},"thumbnailUrl":"https:\/\/www.rri.ro\/wp-content\/uploads\/2023\/10\/racheta-Ariane6-640.png","keywords":["Ariane 6","Doppelasteroid","Dumitru Prunariu","ESA","Franz\u00f6sisch-Guyana","Jean-Jacques Dordain","Marius Ioan Piso","NASA","Proba 3","Raketenstartanlagen","Rum\u00e4nien","Satelliten","Teleskop","Weltraumfahrt"],"articleSection":["Das globale Dorf"],"inLanguage":"de"},{"@type":"WebPage","@id":"https:\/\/www.rri.ro\/de\/feature-reportage\/das-globale-dorf\/rumaenien-beteiligt-sich-an-internationalen-weltraumfahrtprojekten-id629555.html","url":"https:\/\/www.rri.ro\/de\/feature-reportage\/das-globale-dorf\/rumaenien-beteiligt-sich-an-internationalen-weltraumfahrtprojekten-id629555.html","name":"Rum\u00e4nien beteiligt sich an internationalen Weltraumfahrtprojekten - Radio Rum\u00e4nien International","isPartOf":{"@id":"https:\/\/www.rri.ro\/#website"},"primaryImageOfPage":{"@id":"https:\/\/www.rri.ro\/de\/feature-reportage\/das-globale-dorf\/rumaenien-beteiligt-sich-an-internationalen-weltraumfahrtprojekten-id629555.html#primaryimage"},"image":{"@id":"https:\/\/www.rri.ro\/de\/feature-reportage\/das-globale-dorf\/rumaenien-beteiligt-sich-an-internationalen-weltraumfahrtprojekten-id629555.html#primaryimage"},"thumbnailUrl":"https:\/\/www.rri.ro\/wp-content\/uploads\/2023\/10\/racheta-Ariane6-640.png","datePublished":"2014-12-19T17:14:00+00:00","author":{"@id":"https:\/\/www.rri.ro\/#\/schema\/person\/f9ab1cb3569dee1b2c033a814bb7f0fc"},"breadcrumb":{"@id":"https:\/\/www.rri.ro\/de\/feature-reportage\/das-globale-dorf\/rumaenien-beteiligt-sich-an-internationalen-weltraumfahrtprojekten-id629555.html#breadcrumb"},"inLanguage":"de","potentialAction":[{"@type":"ReadAction","target":["https:\/\/www.rri.ro\/de\/feature-reportage\/das-globale-dorf\/rumaenien-beteiligt-sich-an-internationalen-weltraumfahrtprojekten-id629555.html"]}]},{"@type":"ImageObject","inLanguage":"de","@id":"https:\/\/www.rri.ro\/de\/feature-reportage\/das-globale-dorf\/rumaenien-beteiligt-sich-an-internationalen-weltraumfahrtprojekten-id629555.html#primaryimage","url":"https:\/\/www.rri.ro\/wp-content\/uploads\/2023\/10\/racheta-Ariane6-640.png","contentUrl":"https:\/\/www.rri.ro\/wp-content\/uploads\/2023\/10\/racheta-Ariane6-640.png","width":640,"height":480},{"@type":"BreadcrumbList","@id":"https:\/\/www.rri.ro\/de\/feature-reportage\/das-globale-dorf\/rumaenien-beteiligt-sich-an-internationalen-weltraumfahrtprojekten-id629555.html#breadcrumb","itemListElement":[{"@type":"ListItem","position":1,"name":"Startseite","item":"https:\/\/www.rri.ro\/de"},{"@type":"ListItem","position":2,"name":"Feature &amp; Reportage","item":"https:\/\/www.rri.ro\/de\/feature-reportage"},{"@type":"ListItem","position":3,"name":"Das globale Dorf","item":"https:\/\/www.rri.ro\/de\/feature-reportage\/das-globale-dorf"},{"@type":"ListItem","position":4,"name":"Rum\u00e4nien beteiligt sich an internationalen Weltraumfahrtprojekten"}]},{"@type":"WebSite","@id":"https:\/\/www.rri.ro\/#website","url":"https:\/\/www.rri.ro\/","name":"Radio Rum\u00e4nien International","description":"Totul despre Rom\u00e2nia \u015fi rom\u00e2ni, \u00een 13 limbi\/dialecte!","inLanguage":"de"},{"@type":"Person","@id":"https:\/\/www.rri.ro\/#\/schema\/person\/f9ab1cb3569dee1b2c033a814bb7f0fc","name":"Corina Cristea","url":"https:\/\/www.rri.ro\/de\/author\/corina-cristea"}]}},"_links":{"self":[{"href":"https:\/\/www.rri.ro\/de\/wp-json\/wp\/v2\/posts\/629555","targetHints":{"allow":["GET"]}}],"collection":[{"href":"https:\/\/www.rri.ro\/de\/wp-json\/wp\/v2\/posts"}],"about":[{"href":"https:\/\/www.rri.ro\/de\/wp-json\/wp\/v2\/types\/post"}],"author":[{"embeddable":true,"href":"https:\/\/www.rri.ro\/de\/wp-json\/wp\/v2\/users\/108"}],"replies":[{"embeddable":true,"href":"https:\/\/www.rri.ro\/de\/wp-json\/wp\/v2\/comments?post=629555"}],"version-history":[{"count":0,"href":"https:\/\/www.rri.ro\/de\/wp-json\/wp\/v2\/posts\/629555\/revisions"}],"wp:featuredmedia":[{"embeddable":true,"href":"https:\/\/www.rri.ro\/de\/wp-json\/wp\/v2\/media\/155039"}],"wp:attachment":[{"href":"https:\/\/www.rri.ro\/de\/wp-json\/wp\/v2\/media?parent=629555"}],"wp:term":[{"taxonomy":"category","embeddable":true,"href":"https:\/\/www.rri.ro\/de\/wp-json\/wp\/v2\/categories?post=629555"},{"taxonomy":"post_tag","embeddable":true,"href":"https:\/\/www.rri.ro\/de\/wp-json\/wp\/v2\/tags?post=629555"},{"taxonomy":"author","embeddable":true,"href":"https:\/\/www.rri.ro\/de\/wp-json\/wp\/v2\/coauthors?post=629555"}],"curies":[{"name":"wp","href":"https:\/\/api.w.org\/{rel}","templated":true}]}}