{"id":629865,"date":"2013-02-23T14:33:00","date_gmt":"2013-02-23T12:33:00","guid":{"rendered":"http:\/\/devrri.freshlemon.ro\/aktuell\/naturschutzgebiete-in-rumaenien-unterfinanziert-id629865.html"},"modified":"2013-02-23T14:33:00","modified_gmt":"2013-02-23T12:33:00","slug":"naturschutzgebiete-in-rumaenien-unterfinanziert","status":"publish","type":"post","link":"https:\/\/www.rri.ro\/de\/feature-reportage\/terra-xxi-das-oekomagazin\/naturschutzgebiete-in-rumaenien-unterfinanziert-id629865.html","title":{"rendered":"Naturschutzgebiete in Rum\u00e4nien unterfinanziert"},"content":{"rendered":"<p>&#13;<br \/>\n\tDie Naturschutzgebiete sind das am meisten verbreitete Mittel zur Erhaltung der Biodiversit\u00e4t. Rum\u00e4nien kann in diesem Zusammenhang mit einem wertvollen Naturerbe auftrumpfen. Allerdings sind viele der Gebiete noch unterfinanziert, die Beh\u00f6rden hoffen, das Problem mit Hilfe von europ\u00e4ischen F\u00f6rdergeldern zu beheben.<\/p>\n<p>&#13;<\/p>\n<p>&#13;\n\t <\/p>\n<p>&#13;<\/p>\n<p>&#13;<br \/>\n\tF\u00fcnf der elf in Europa identifizierten biogeographischen Regionen sind auch in Rum\u00e4nien anzutreffen: kontinentale, alpine, pannonische, Steppen- und Schwarzmeerregionen. Der Vielfalt von Flora und Fauna liegen die weiten, unber\u00fchrten Wald- und Gebirgshabitate zugrunde, die mit der Gebirgskette der Karpaten einhergehen. Hier sind die gr\u00f6\u200e\u00dften Wolfs-, Braunb\u00e4r-, G\u00e4msen- und Luchspopulationen Europas zu Hause.<\/p>\n<p>&#13;<\/p>\n<p>&#13;\n\t <\/p>\n<p>&#13;<\/p>\n<p>&#13;<br \/>\n\tTausende von Pflanzenarten zieren die steilen und sonnigen H\u00e4nge der Karpaten. Davon stehen viele unter Artenschutz wie etwa die Rum\u00e4nische Pfingstrose, der T\u00fcrkenbund oder das Edelwei\u200e\u00df. Praktisch finden hier die vom Aussterben bedrohten Tier- und Pflanzenarten die letzte Zuflucht. F\u00fcr einen besseren Schutz dieser nat\u00fcrlichen Ressourcen wurden bereits ab 1932 erste Naturschutzgebiete festgelegt. Heute nehmen sie etwa 7% der Landesoberfl\u00e4che ein.  <\/p>\n<p>&#13;<\/p>\n<p>&#13;\n\t <\/p>\n<p>&#13;<\/p>\n<p>&#13;<br \/>\n\tObwohl Rum\u00e4nien \u00fcber gro\u200e\u00dfe Naturreicht\u00fcmer verf\u00fcgt, sind die Naturschutzgebiete nicht ausreichend finanziert. Aus diesem Grund fand seit einigen Jahren eine Dezentralisierung der Verwaltung von National- und Naturparks statt. Ziel ist es, dass die Parkverwaltungen einfacher Zugang zu F\u00f6rdergeldern der Regierung und der EU bekommen.<\/p>\n<p>&#13;<\/p>\n<p>&#13;\n\t <\/p>\n<p>&#13;<\/p>\n<p>&#13;<br \/>\n\tEine Sonderrolle im nationalen Netzwerk der Schutzgebiete kommt dem Donaudelta zu. Dieses sticht sowohl aufgrund seiner gro\u200e\u00dfen Fl\u00e4che (von fast 600.000 Hektar) als auch wegen der hohen Biodiversit\u00e4t hervor. Die Region hat einen dreifachen internationalen Status: Biosph\u00e4renreservat, Ramsar-Feuchtgebiet und Teil des UNESCO-Weltkulturerbes. Zudem gibt es in Rum\u00e4nien 12 weitere <strong><a href=\"http:\/\/de.wikipedia.org\/wiki\/Ramsar-Konvention\" target=\"_blank\" rel=\"noopener\"><span style=color:#00f;>Ramsar<\/span><\/a><\/strong>-Feuchtgebiete, ferner leistet das Land einen bedeutenden Beitrag zum Natura-Netzwerk 2000 f\u00fcr die Erhaltung von Lebensr\u00e4umen und den Schutz von bedrohten Vogelarten.<\/p>\n<p>&#13;<\/p>\n<p>&#13;\n\t <\/p>\n<p>&#13;<\/p>\n<p>&#13;<br \/>\n\tIn der Audiodatei kommt Adam Cr\u0103ciunescu zu Wort, Generaldirektor des Forst-Regiebetriebs ROMSILVA, des Hauptverwalters der Naturschutzgebiete in Rum\u00e4nien. Er schildert die aktuelle Lage und die Zukunftspl\u00e4nein seinem Gesch\u00e4ftsbereich.<\/p>\n<p>&#13;<\/p>\n<p>&#13;\n\t <\/p>\n<p>&#13;<\/p>\n<p>&#13;<br \/>\n\t<strong>Audiobetrag h\u00f6ren:<br \/>&#13;<br \/>\n\t<\/strong><\/p>\n<p>&#13;<\/p>\n<p>&#13;\n\t <\/p>\n<p>&#13;<\/p>\n<p>&#13;<br \/>\n<script src=http:\/\/media.3netmedia.ro\/player\/player.php?file=60912&#038;p=&#038;player=2><\/script><\/p>\n<p>&#13;<\/p>\n","protected":false},"excerpt":{"rendered":"<p>Die Naturschutzgebiete sind das am meisten verbreitete Mittel zur Erhaltung der Biodiversit\u00e4t. Rum\u00e4nien kann in diesem Zusammenhang mit einem wertvollen Naturerbe auftrumpfen. Allerdings sind viele der Gebiete noch unterfinanziert.<\/p>\n","protected":false},"author":2,"featured_media":151915,"comment_status":"closed","ping_status":"closed","sticky":false,"template":"","format":"standard","meta":{"_acf_changed":false,"footnotes":""},"categories":[116758],"tags":[58362,100485,99974,104856,178967,99589],"coauthors":[],"class_list":["post-629865","post","type-post","status-publish","format-standard","has-post-thumbnail","hentry","category-terra-xxi-das-oekomagazin","tag-adam-craciunescu","tag-biodiversitaet","tag-donaudelta","tag-naturschutzgebiete","tag-romsilva-de","tag-rumaenien"],"acf":[],"yoast_head":"<!-- This site is optimized with the Yoast SEO plugin v27.5 - https:\/\/yoast.com\/product\/yoast-seo-wordpress\/ -->\n<title>Naturschutzgebiete in Rum\u00e4nien unterfinanziert - Radio Rum\u00e4nien International<\/title>\n<meta name=\"robots\" content=\"index, follow, max-snippet:-1, max-image-preview:large, max-video-preview:-1\" \/>\n<link rel=\"canonical\" href=\"https:\/\/www.rri.ro\/de\/feature-reportage\/terra-xxi-das-oekomagazin\/naturschutzgebiete-in-rumaenien-unterfinanziert-id629865.html\" \/>\n<meta property=\"og:locale\" content=\"de_DE\" \/>\n<meta property=\"og:type\" content=\"article\" \/>\n<meta property=\"og:title\" content=\"Naturschutzgebiete in Rum\u00e4nien unterfinanziert - Radio Rum\u00e4nien International\" \/>\n<meta property=\"og:description\" content=\"Die Naturschutzgebiete sind das am meisten verbreitete Mittel zur Erhaltung der Biodiversit\u00e4t. Rum\u00e4nien kann in diesem Zusammenhang mit einem wertvollen Naturerbe auftrumpfen. Allerdings sind viele der Gebiete noch unterfinanziert.\" \/>\n<meta property=\"og:url\" content=\"https:\/\/www.rri.ro\/de\/feature-reportage\/terra-xxi-das-oekomagazin\/naturschutzgebiete-in-rumaenien-unterfinanziert-id629865.html\" \/>\n<meta property=\"og:site_name\" content=\"Radio Rum\u00e4nien International\" \/>\n<meta property=\"article:published_time\" content=\"2013-02-23T12:33:00+00:00\" \/>\n<meta property=\"og:image\" content=\"https:\/\/www.rri.ro\/wp-content\/uploads\/2023\/10\/Delta-pasari.jpg\" \/>\n\t<meta property=\"og:image:width\" content=\"640\" \/>\n\t<meta property=\"og:image:height\" content=\"413\" \/>\n\t<meta property=\"og:image:type\" content=\"image\/jpeg\" \/>\n<meta name=\"author\" content=\"Rom\u00e2nia Interna\u021bional\" \/>\n<meta name=\"twitter:card\" content=\"summary_large_image\" \/>\n<meta name=\"twitter:label1\" content=\"Verfasst von\" \/>\n\t<meta name=\"twitter:data1\" content=\"Rom\u00e2nia Interna\u021bional\" \/>\n\t<meta name=\"twitter:label2\" content=\"Gesch\u00e4tzte Lesezeit\" \/>\n\t<meta name=\"twitter:data2\" content=\"2\u00a0Minuten\" \/>\n\t<meta name=\"twitter:label3\" content=\"Written by\" \/>\n\t<meta name=\"twitter:data3\" content=\"Rom\u00e2nia Interna\u021bional\" \/>\n<script type=\"application\/ld+json\" class=\"yoast-schema-graph\">{\"@context\":\"https:\\\/\\\/schema.org\",\"@graph\":[{\"@type\":\"Article\",\"@id\":\"https:\\\/\\\/www.rri.ro\\\/de\\\/feature-reportage\\\/terra-xxi-das-oekomagazin\\\/naturschutzgebiete-in-rumaenien-unterfinanziert-id629865.html#article\",\"isPartOf\":{\"@id\":\"https:\\\/\\\/www.rri.ro\\\/de\\\/feature-reportage\\\/terra-xxi-das-oekomagazin\\\/naturschutzgebiete-in-rumaenien-unterfinanziert-id629865.html\"},\"author\":{\"name\":\"Rom\u00e2nia Interna\u021bional\",\"@id\":\"https:\\\/\\\/www.rri.ro\\\/#\\\/schema\\\/person\\\/18fac491bccbfe149b92aea77ad60abd\"},\"headline\":\"Naturschutzgebiete in Rum\u00e4nien unterfinanziert\",\"datePublished\":\"2013-02-23T12:33:00+00:00\",\"mainEntityOfPage\":{\"@id\":\"https:\\\/\\\/www.rri.ro\\\/de\\\/feature-reportage\\\/terra-xxi-das-oekomagazin\\\/naturschutzgebiete-in-rumaenien-unterfinanziert-id629865.html\"},\"wordCount\":334,\"image\":{\"@id\":\"https:\\\/\\\/www.rri.ro\\\/de\\\/feature-reportage\\\/terra-xxi-das-oekomagazin\\\/naturschutzgebiete-in-rumaenien-unterfinanziert-id629865.html#primaryimage\"},\"thumbnailUrl\":\"https:\\\/\\\/www.rri.ro\\\/wp-content\\\/uploads\\\/2023\\\/10\\\/Delta-pasari.jpg\",\"keywords\":[\"Adam Cr\u0103ciunescu\",\"Biodiversit\u00e4t\",\"Donaudelta\",\"Naturschutzgebiete\",\"romsilva\",\"Rum\u00e4nien\"],\"articleSection\":[\"Terra XXI \u2013 das \u00d6komagazin\"],\"inLanguage\":\"de\"},{\"@type\":\"WebPage\",\"@id\":\"https:\\\/\\\/www.rri.ro\\\/de\\\/feature-reportage\\\/terra-xxi-das-oekomagazin\\\/naturschutzgebiete-in-rumaenien-unterfinanziert-id629865.html\",\"url\":\"https:\\\/\\\/www.rri.ro\\\/de\\\/feature-reportage\\\/terra-xxi-das-oekomagazin\\\/naturschutzgebiete-in-rumaenien-unterfinanziert-id629865.html\",\"name\":\"Naturschutzgebiete in Rum\u00e4nien unterfinanziert - Radio Rum\u00e4nien International\",\"isPartOf\":{\"@id\":\"https:\\\/\\\/www.rri.ro\\\/#website\"},\"primaryImageOfPage\":{\"@id\":\"https:\\\/\\\/www.rri.ro\\\/de\\\/feature-reportage\\\/terra-xxi-das-oekomagazin\\\/naturschutzgebiete-in-rumaenien-unterfinanziert-id629865.html#primaryimage\"},\"image\":{\"@id\":\"https:\\\/\\\/www.rri.ro\\\/de\\\/feature-reportage\\\/terra-xxi-das-oekomagazin\\\/naturschutzgebiete-in-rumaenien-unterfinanziert-id629865.html#primaryimage\"},\"thumbnailUrl\":\"https:\\\/\\\/www.rri.ro\\\/wp-content\\\/uploads\\\/2023\\\/10\\\/Delta-pasari.jpg\",\"datePublished\":\"2013-02-23T12:33:00+00:00\",\"author\":{\"@id\":\"https:\\\/\\\/www.rri.ro\\\/#\\\/schema\\\/person\\\/18fac491bccbfe149b92aea77ad60abd\"},\"breadcrumb\":{\"@id\":\"https:\\\/\\\/www.rri.ro\\\/de\\\/feature-reportage\\\/terra-xxi-das-oekomagazin\\\/naturschutzgebiete-in-rumaenien-unterfinanziert-id629865.html#breadcrumb\"},\"inLanguage\":\"de\",\"potentialAction\":[{\"@type\":\"ReadAction\",\"target\":[\"https:\\\/\\\/www.rri.ro\\\/de\\\/feature-reportage\\\/terra-xxi-das-oekomagazin\\\/naturschutzgebiete-in-rumaenien-unterfinanziert-id629865.html\"]}]},{\"@type\":\"ImageObject\",\"inLanguage\":\"de\",\"@id\":\"https:\\\/\\\/www.rri.ro\\\/de\\\/feature-reportage\\\/terra-xxi-das-oekomagazin\\\/naturschutzgebiete-in-rumaenien-unterfinanziert-id629865.html#primaryimage\",\"url\":\"https:\\\/\\\/www.rri.ro\\\/wp-content\\\/uploads\\\/2023\\\/10\\\/Delta-pasari.jpg\",\"contentUrl\":\"https:\\\/\\\/www.rri.ro\\\/wp-content\\\/uploads\\\/2023\\\/10\\\/Delta-pasari.jpg\",\"width\":640,\"height\":413},{\"@type\":\"BreadcrumbList\",\"@id\":\"https:\\\/\\\/www.rri.ro\\\/de\\\/feature-reportage\\\/terra-xxi-das-oekomagazin\\\/naturschutzgebiete-in-rumaenien-unterfinanziert-id629865.html#breadcrumb\",\"itemListElement\":[{\"@type\":\"ListItem\",\"position\":1,\"name\":\"Startseite\",\"item\":\"https:\\\/\\\/www.rri.ro\\\/de\"},{\"@type\":\"ListItem\",\"position\":2,\"name\":\"Feature &amp; Reportage\",\"item\":\"https:\\\/\\\/www.rri.ro\\\/de\\\/feature-reportage\"},{\"@type\":\"ListItem\",\"position\":3,\"name\":\"Terra XXI \u2013 das \u00d6komagazin\",\"item\":\"https:\\\/\\\/www.rri.ro\\\/de\\\/feature-reportage\\\/terra-xxi-das-oekomagazin\"},{\"@type\":\"ListItem\",\"position\":4,\"name\":\"Naturschutzgebiete in Rum\u00e4nien unterfinanziert\"}]},{\"@type\":\"WebSite\",\"@id\":\"https:\\\/\\\/www.rri.ro\\\/#website\",\"url\":\"https:\\\/\\\/www.rri.ro\\\/\",\"name\":\"Radio Rum\u00e4nien International\",\"description\":\"Totul despre Rom\u00e2nia \u015fi rom\u00e2ni, \u00een 13 limbi\\\/dialecte!\",\"inLanguage\":\"de\"},{\"@type\":\"Person\",\"@id\":\"https:\\\/\\\/www.rri.ro\\\/#\\\/schema\\\/person\\\/18fac491bccbfe149b92aea77ad60abd\",\"name\":\"Rom\u00e2nia Interna\u021bional\",\"url\":\"https:\\\/\\\/www.rri.ro\\\/de\\\/author\\\/redactia\"}]}<\/script>\n<!-- \/ Yoast SEO plugin. -->","yoast_head_json":{"title":"Naturschutzgebiete in Rum\u00e4nien unterfinanziert - Radio Rum\u00e4nien International","robots":{"index":"index","follow":"follow","max-snippet":"max-snippet:-1","max-image-preview":"max-image-preview:large","max-video-preview":"max-video-preview:-1"},"canonical":"https:\/\/www.rri.ro\/de\/feature-reportage\/terra-xxi-das-oekomagazin\/naturschutzgebiete-in-rumaenien-unterfinanziert-id629865.html","og_locale":"de_DE","og_type":"article","og_title":"Naturschutzgebiete in Rum\u00e4nien unterfinanziert - Radio Rum\u00e4nien International","og_description":"Die Naturschutzgebiete sind das am meisten verbreitete Mittel zur Erhaltung der Biodiversit\u00e4t. Rum\u00e4nien kann in diesem Zusammenhang mit einem wertvollen Naturerbe auftrumpfen. Allerdings sind viele der Gebiete noch unterfinanziert.","og_url":"https:\/\/www.rri.ro\/de\/feature-reportage\/terra-xxi-das-oekomagazin\/naturschutzgebiete-in-rumaenien-unterfinanziert-id629865.html","og_site_name":"Radio Rum\u00e4nien International","article_published_time":"2013-02-23T12:33:00+00:00","og_image":[{"width":640,"height":413,"url":"https:\/\/www.rri.ro\/wp-content\/uploads\/2023\/10\/Delta-pasari.jpg","type":"image\/jpeg"}],"author":"Rom\u00e2nia Interna\u021bional","twitter_card":"summary_large_image","twitter_misc":{"Verfasst von":"Rom\u00e2nia Interna\u021bional","Gesch\u00e4tzte Lesezeit":"2\u00a0Minuten","Written by":"Rom\u00e2nia Interna\u021bional"},"schema":{"@context":"https:\/\/schema.org","@graph":[{"@type":"Article","@id":"https:\/\/www.rri.ro\/de\/feature-reportage\/terra-xxi-das-oekomagazin\/naturschutzgebiete-in-rumaenien-unterfinanziert-id629865.html#article","isPartOf":{"@id":"https:\/\/www.rri.ro\/de\/feature-reportage\/terra-xxi-das-oekomagazin\/naturschutzgebiete-in-rumaenien-unterfinanziert-id629865.html"},"author":{"name":"Rom\u00e2nia Interna\u021bional","@id":"https:\/\/www.rri.ro\/#\/schema\/person\/18fac491bccbfe149b92aea77ad60abd"},"headline":"Naturschutzgebiete in Rum\u00e4nien unterfinanziert","datePublished":"2013-02-23T12:33:00+00:00","mainEntityOfPage":{"@id":"https:\/\/www.rri.ro\/de\/feature-reportage\/terra-xxi-das-oekomagazin\/naturschutzgebiete-in-rumaenien-unterfinanziert-id629865.html"},"wordCount":334,"image":{"@id":"https:\/\/www.rri.ro\/de\/feature-reportage\/terra-xxi-das-oekomagazin\/naturschutzgebiete-in-rumaenien-unterfinanziert-id629865.html#primaryimage"},"thumbnailUrl":"https:\/\/www.rri.ro\/wp-content\/uploads\/2023\/10\/Delta-pasari.jpg","keywords":["Adam Cr\u0103ciunescu","Biodiversit\u00e4t","Donaudelta","Naturschutzgebiete","romsilva","Rum\u00e4nien"],"articleSection":["Terra XXI \u2013 das \u00d6komagazin"],"inLanguage":"de"},{"@type":"WebPage","@id":"https:\/\/www.rri.ro\/de\/feature-reportage\/terra-xxi-das-oekomagazin\/naturschutzgebiete-in-rumaenien-unterfinanziert-id629865.html","url":"https:\/\/www.rri.ro\/de\/feature-reportage\/terra-xxi-das-oekomagazin\/naturschutzgebiete-in-rumaenien-unterfinanziert-id629865.html","name":"Naturschutzgebiete in Rum\u00e4nien unterfinanziert - Radio Rum\u00e4nien International","isPartOf":{"@id":"https:\/\/www.rri.ro\/#website"},"primaryImageOfPage":{"@id":"https:\/\/www.rri.ro\/de\/feature-reportage\/terra-xxi-das-oekomagazin\/naturschutzgebiete-in-rumaenien-unterfinanziert-id629865.html#primaryimage"},"image":{"@id":"https:\/\/www.rri.ro\/de\/feature-reportage\/terra-xxi-das-oekomagazin\/naturschutzgebiete-in-rumaenien-unterfinanziert-id629865.html#primaryimage"},"thumbnailUrl":"https:\/\/www.rri.ro\/wp-content\/uploads\/2023\/10\/Delta-pasari.jpg","datePublished":"2013-02-23T12:33:00+00:00","author":{"@id":"https:\/\/www.rri.ro\/#\/schema\/person\/18fac491bccbfe149b92aea77ad60abd"},"breadcrumb":{"@id":"https:\/\/www.rri.ro\/de\/feature-reportage\/terra-xxi-das-oekomagazin\/naturschutzgebiete-in-rumaenien-unterfinanziert-id629865.html#breadcrumb"},"inLanguage":"de","potentialAction":[{"@type":"ReadAction","target":["https:\/\/www.rri.ro\/de\/feature-reportage\/terra-xxi-das-oekomagazin\/naturschutzgebiete-in-rumaenien-unterfinanziert-id629865.html"]}]},{"@type":"ImageObject","inLanguage":"de","@id":"https:\/\/www.rri.ro\/de\/feature-reportage\/terra-xxi-das-oekomagazin\/naturschutzgebiete-in-rumaenien-unterfinanziert-id629865.html#primaryimage","url":"https:\/\/www.rri.ro\/wp-content\/uploads\/2023\/10\/Delta-pasari.jpg","contentUrl":"https:\/\/www.rri.ro\/wp-content\/uploads\/2023\/10\/Delta-pasari.jpg","width":640,"height":413},{"@type":"BreadcrumbList","@id":"https:\/\/www.rri.ro\/de\/feature-reportage\/terra-xxi-das-oekomagazin\/naturschutzgebiete-in-rumaenien-unterfinanziert-id629865.html#breadcrumb","itemListElement":[{"@type":"ListItem","position":1,"name":"Startseite","item":"https:\/\/www.rri.ro\/de"},{"@type":"ListItem","position":2,"name":"Feature &amp; Reportage","item":"https:\/\/www.rri.ro\/de\/feature-reportage"},{"@type":"ListItem","position":3,"name":"Terra XXI \u2013 das \u00d6komagazin","item":"https:\/\/www.rri.ro\/de\/feature-reportage\/terra-xxi-das-oekomagazin"},{"@type":"ListItem","position":4,"name":"Naturschutzgebiete in Rum\u00e4nien unterfinanziert"}]},{"@type":"WebSite","@id":"https:\/\/www.rri.ro\/#website","url":"https:\/\/www.rri.ro\/","name":"Radio Rum\u00e4nien International","description":"Totul despre Rom\u00e2nia \u015fi rom\u00e2ni, \u00een 13 limbi\/dialecte!","inLanguage":"de"},{"@type":"Person","@id":"https:\/\/www.rri.ro\/#\/schema\/person\/18fac491bccbfe149b92aea77ad60abd","name":"Rom\u00e2nia Interna\u021bional","url":"https:\/\/www.rri.ro\/de\/author\/redactia"}]}},"_links":{"self":[{"href":"https:\/\/www.rri.ro\/de\/wp-json\/wp\/v2\/posts\/629865","targetHints":{"allow":["GET"]}}],"collection":[{"href":"https:\/\/www.rri.ro\/de\/wp-json\/wp\/v2\/posts"}],"about":[{"href":"https:\/\/www.rri.ro\/de\/wp-json\/wp\/v2\/types\/post"}],"author":[{"embeddable":true,"href":"https:\/\/www.rri.ro\/de\/wp-json\/wp\/v2\/users\/2"}],"replies":[{"embeddable":true,"href":"https:\/\/www.rri.ro\/de\/wp-json\/wp\/v2\/comments?post=629865"}],"version-history":[{"count":0,"href":"https:\/\/www.rri.ro\/de\/wp-json\/wp\/v2\/posts\/629865\/revisions"}],"wp:featuredmedia":[{"embeddable":true,"href":"https:\/\/www.rri.ro\/de\/wp-json\/wp\/v2\/media\/151915"}],"wp:attachment":[{"href":"https:\/\/www.rri.ro\/de\/wp-json\/wp\/v2\/media?parent=629865"}],"wp:term":[{"taxonomy":"category","embeddable":true,"href":"https:\/\/www.rri.ro\/de\/wp-json\/wp\/v2\/categories?post=629865"},{"taxonomy":"post_tag","embeddable":true,"href":"https:\/\/www.rri.ro\/de\/wp-json\/wp\/v2\/tags?post=629865"},{"taxonomy":"author","embeddable":true,"href":"https:\/\/www.rri.ro\/de\/wp-json\/wp\/v2\/coauthors?post=629865"}],"curies":[{"name":"wp","href":"https:\/\/api.w.org\/{rel}","templated":true}]}}