{"id":629950,"date":"2016-11-25T17:58:00","date_gmt":"2016-11-25T15:58:00","guid":{"rendered":"http:\/\/devrri.freshlemon.ro\/aktuell\/erde-steht-vor-neuem-massenaussterben-id629950.html"},"modified":"2016-11-25T17:58:00","modified_gmt":"2016-11-25T15:58:00","slug":"erde-steht-vor-neuem-massenaussterben","status":"publish","type":"post","link":"https:\/\/www.rri.ro\/de\/feature-reportage\/terra-xxi-das-oekomagazin\/erde-steht-vor-neuem-massenaussterben-id629950.html","title":{"rendered":"Erde steht vor neuem Massenaussterben"},"content":{"rendered":"<p>Allein in den letzten 40 Jahren sind 60% der Wirbeltiere ausgestorben &#8212; bedroht sind insbesondere Tiere in den W\u00e4ldern, Fl\u00fcssen, Seen und Feuchtgebieten, so der Bericht von WWF. Verantwortlich f\u00fcr diese Entwicklung ist der Mensch, der die Wildgebiete zur Erschlie\u200e\u00dfung von Acker- oder Bauland zerst\u00f6rt und dabei ganze Bev\u00f6lkerungen von asiatischen Tigern, Rhinozerossen, afrikanischen Elefanten, Adlern oder Fischen geopfert hat. Die Umweltverschmutzung tr\u00e4gt das Ihrige dazu bei. In der Landwirtschaft werden gro\u200e\u00dfe Mengen an Chemikalien eingesetzt, die sich auf die Habitate und Arten entweder unmittelbar oder indirekt, durch die Verschmutzung von Boden und Wasser auswirken. Schwertwale und Delfine in den Meeren Europas leiden aufgrund der Industrie. Ein Drittel aller Haifisch- und Rochenarten ist bereits vom Aussterben bedroht, vor allem wegen der \u00dcberfischung.<\/p>\n<p>&#13;<br \/>\n&#13;<\/p>\n<p>&#13;<br \/>\n&#13;<\/p>\n<p>Den Report deutet in der Folge Magor Csibi, Direktor von WWF in Rum\u00e4nien: <em><em>Was uns der Bericht eigentlich sagt, ist klar: Leben wir weiter so wie bislang, beeinflussen wir die Natur wie bisher, beginnt das sechste Massenaussterben auf unserem Planeten. Der Bericht kommt au\u200e\u00dferdem zum Schluss, dass wir in einer neuen geologischen \u00c4ra leben, im so genannten Anthropoz\u00e4n. Erscheinen Spuren der Vulkane und Meteoriten in den Gesteinsschichten von vor 100 Tausend Jahren, so werden in Millionen Jahren auch  unsere eigenen Spuren zu sehen sein: zum Beispiel Plastik und andere verschmutzende Substanzen, die wir im Moment produzieren. Der Menschen beeinflusst also nicht nur die unmittelbare Umwelt, er hinterl\u00e4sst eine geologische Spur, die in Zukunft sichtbar sein wird\u201c,<\/em> <\/em>sagt Magor Csibi.<\/p>\n<p>&#13;<br \/>\n&#13;<\/p>\n<p>&#13;<br \/>\n&#13;<\/p>\n<p>Die bisherige Ausgabe des Berichts, die 2014 ver\u00f6ffentlicht wurde, geht von einer Halbierung der Arten in den letzten 40 Jahren aus. Dieser Trend geht weiter, bef\u00fcrchtet Magor Csibi: <em>Seit 1970 haben wir 58% der Artenvielfalt eingeb\u00fc\u200e\u00dft. Geht dieser Trend weiter, werden wir in den n\u00e4chsten  vier Jahren zwei Drittel aller  Arten verlieren. Und die Verluste sind nicht gleichm\u00e4\u200e\u00dfig &#8212; in manchen Gebieten sterben mehr aus. In den S\u00fc\u200e\u00dfwassergew\u00e4ssern haben wir  80% der Biodiversit\u00e4t verloren, auf dem Festland sind es 53%. das Problem ist extrem ernst &#8211; wir verlieren jetzt mittlerweile auch Arten, die uns sehr nahe sind. Normalerweise denken wir gleich an Tiger, an Elefanten, an schwarze Rhinozerosse usw. Aber es geht um mehr. Thunfisch zum Beispiel ist sehr wichtig als Nahrung und wird in den n\u00e4chsten zehn Jahren zur Neige gehen &#8211; und dann ganz verschwinden. In Rum\u00e4nien werden im Fr\u00fchling ganz viel Maigl\u00f6ckchen gepfl\u00fcckt, weshalb dieser Art auch verschwinden w\u00fcrde. Wir haben dann ein ganz gro\u200e\u00dfes Problem mit den Bienen, deren Zahl massiv r\u00fcckl\u00e4ufig ist. Treffen wir jetzt keine Gegenma\u200e\u00dfnahmen, wird es f\u00fcr uns in Zukunft sehr unangenehm\u201c,<\/em> vermutet der Chef von WWF-Rum\u00e4nien<em>.<\/em><\/p>\n<p>&#13;<br \/>\n&#13;<\/p>\n<p>&#13;<br \/>\n&#13;<\/p>\n<p>Wissenschaftlern zufolge muss der Mensch sein Verhalten dringend \u00e4ndern und L\u00f6sungen finden, um die \u00d6kosysteme, von denen er abh\u00e4ngt, wiederherzustellen. Weniger Lebensmittelabfall und erneuerbare Energien w\u00e4ren ein guter Anfang, glaubt Magor Csibi: <em><em>Wir Endverbraucher m\u00fcssen uns \u00e4ndern, wir m\u00fcssen der Verschwendung Einhalt gebieten. In der Landwirtschaft sind die Probleme sehr akut &#8212; wir ern\u00e4hren uns heute mit 12 Pflanzen- und f\u00fcnf Tierarten, haben also eine riesige Vielfalt durch 17 Arten ersetzt. Das wird die Zukunft stark beeinflussen. Die Landwirtschaft ist das gr\u00f6\u200e\u00dfte Problem f\u00fcr die W\u00e4lder. Sie ist der Hauptgrund f\u00fcr die Abholzung und braucht 70 Prozent der Wasserressourcen auf. Dabei werfen wir einen guten Teil der Lebensmittel weg, mehr als ein Drittel. Energiepolitisch muss auch viel ver\u00e4ndert werden &#8212; bewegen wir nichts zum Abbau unserer Abh\u00e4ngigkeit von fossilen Brennstoffen, geht der Klimawandel weiter voran. Im Gro\u200e\u00dfen und Ganzen k\u00f6nnen wir davon ausgehen, dass wir am Abgrund stehen.\u201c<\/em><\/em><\/p>\n<p>&#13;<br \/>\n&#13;<\/p>\n<p>&#13;<br \/>\n&#13;<\/p>\n<p>Living Planet bringt aber auch positive Beispiele &#8212; sie zeigen, dass der Mensch auch etwas bewirken kann, wenn es den Willen gibt. In Frankreich waren Luchse 1970 faktisch ausgestorben, heute gibt es wieder 108 Exemplare. Riesenpandas oder Biber gelten heute nicht mehr als bedroht. Und in Rum\u00e4nien laufen gerade Versuche, den Auerochsen wieder in sein nat\u00fcrliches Habitat einzuf\u00fchren.<\/p>\n<p>&#13;<\/p>\n","protected":false},"excerpt":{"rendered":"<p>In ihrem Report Living Planet 2016 berichten die Organisation WWF und die zoologische Gesellschaft in London \u00fcber bedr\u00fcckende Zust\u00e4nde in der Artenvielfalt.<\/p>\n","protected":false},"author":2,"featured_media":152942,"comment_status":"closed","ping_status":"closed","sticky":false,"template":"","format":"standard","meta":{"_acf_changed":false,"footnotes":""},"categories":[116758],"tags":[117870,118081,103906,100122,44040],"coauthors":[],"class_list":["post-629950","post","type-post","status-publish","format-standard","has-post-thumbnail","hentry","category-terra-xxi-das-oekomagazin","tag-artenvielfalt","tag-aussterben","tag-natur","tag-umwelt","tag-wwf"],"acf":[],"yoast_head":"<!-- This site is optimized with the Yoast SEO plugin v27.3 - https:\/\/yoast.com\/product\/yoast-seo-wordpress\/ -->\n<title>Erde steht vor neuem Massenaussterben - Radio Rum\u00e4nien International<\/title>\n<meta name=\"robots\" content=\"index, follow, max-snippet:-1, max-image-preview:large, max-video-preview:-1\" \/>\n<link rel=\"canonical\" href=\"https:\/\/www.rri.ro\/de\/feature-reportage\/terra-xxi-das-oekomagazin\/erde-steht-vor-neuem-massenaussterben-id629950.html\" \/>\n<meta property=\"og:locale\" content=\"de_DE\" \/>\n<meta property=\"og:type\" content=\"article\" \/>\n<meta property=\"og:title\" content=\"Erde steht vor neuem Massenaussterben - Radio Rum\u00e4nien International\" \/>\n<meta property=\"og:description\" content=\"In ihrem Report Living Planet 2016 berichten die Organisation WWF und die zoologische Gesellschaft in London \u00fcber bedr\u00fcckende Zust\u00e4nde in der Artenvielfalt.\" \/>\n<meta property=\"og:url\" content=\"https:\/\/www.rri.ro\/de\/feature-reportage\/terra-xxi-das-oekomagazin\/erde-steht-vor-neuem-massenaussterben-id629950.html\" \/>\n<meta property=\"og:site_name\" content=\"Radio Rum\u00e4nien International\" \/>\n<meta property=\"article:published_time\" content=\"2016-11-25T15:58:00+00:00\" \/>\n<meta property=\"og:image\" content=\"https:\/\/www.rri.ro\/wp-content\/uploads\/2023\/10\/planeta-vie-raport-2016-wwf.png\" \/>\n\t<meta property=\"og:image:width\" content=\"640\" \/>\n\t<meta property=\"og:image:height\" content=\"480\" \/>\n\t<meta property=\"og:image:type\" content=\"image\/png\" \/>\n<meta name=\"author\" content=\"Rom\u00e2nia Interna\u021bional\" \/>\n<meta name=\"twitter:card\" content=\"summary_large_image\" \/>\n<meta name=\"twitter:label1\" content=\"Verfasst von\" \/>\n\t<meta name=\"twitter:data1\" content=\"Rom\u00e2nia Interna\u021bional\" \/>\n\t<meta name=\"twitter:label2\" content=\"Gesch\u00e4tzte Lesezeit\" \/>\n\t<meta name=\"twitter:data2\" content=\"3\u00a0Minuten\" \/>\n\t<meta name=\"twitter:label3\" content=\"Written by\" \/>\n\t<meta name=\"twitter:data3\" content=\"Rom\u00e2nia Interna\u021bional\" \/>\n<script type=\"application\/ld+json\" class=\"yoast-schema-graph\">{\"@context\":\"https:\\\/\\\/schema.org\",\"@graph\":[{\"@type\":\"Article\",\"@id\":\"https:\\\/\\\/www.rri.ro\\\/de\\\/feature-reportage\\\/terra-xxi-das-oekomagazin\\\/erde-steht-vor-neuem-massenaussterben-id629950.html#article\",\"isPartOf\":{\"@id\":\"https:\\\/\\\/www.rri.ro\\\/de\\\/feature-reportage\\\/terra-xxi-das-oekomagazin\\\/erde-steht-vor-neuem-massenaussterben-id629950.html\"},\"author\":{\"name\":\"Rom\u00e2nia Interna\u021bional\",\"@id\":\"https:\\\/\\\/www.rri.ro\\\/#\\\/schema\\\/person\\\/18fac491bccbfe149b92aea77ad60abd\"},\"headline\":\"Erde steht vor neuem Massenaussterben\",\"datePublished\":\"2016-11-25T15:58:00+00:00\",\"mainEntityOfPage\":{\"@id\":\"https:\\\/\\\/www.rri.ro\\\/de\\\/feature-reportage\\\/terra-xxi-das-oekomagazin\\\/erde-steht-vor-neuem-massenaussterben-id629950.html\"},\"wordCount\":673,\"image\":{\"@id\":\"https:\\\/\\\/www.rri.ro\\\/de\\\/feature-reportage\\\/terra-xxi-das-oekomagazin\\\/erde-steht-vor-neuem-massenaussterben-id629950.html#primaryimage\"},\"thumbnailUrl\":\"https:\\\/\\\/www.rri.ro\\\/wp-content\\\/uploads\\\/2023\\\/10\\\/planeta-vie-raport-2016-wwf.png\",\"keywords\":[\"Artenvielfalt\",\"Aussterben\",\"Natur\",\"Umwelt\",\"WWF\"],\"articleSection\":[\"Terra XXI \u2013 das \u00d6komagazin\"],\"inLanguage\":\"de\"},{\"@type\":\"WebPage\",\"@id\":\"https:\\\/\\\/www.rri.ro\\\/de\\\/feature-reportage\\\/terra-xxi-das-oekomagazin\\\/erde-steht-vor-neuem-massenaussterben-id629950.html\",\"url\":\"https:\\\/\\\/www.rri.ro\\\/de\\\/feature-reportage\\\/terra-xxi-das-oekomagazin\\\/erde-steht-vor-neuem-massenaussterben-id629950.html\",\"name\":\"Erde steht vor neuem Massenaussterben - Radio Rum\u00e4nien International\",\"isPartOf\":{\"@id\":\"https:\\\/\\\/www.rri.ro\\\/#website\"},\"primaryImageOfPage\":{\"@id\":\"https:\\\/\\\/www.rri.ro\\\/de\\\/feature-reportage\\\/terra-xxi-das-oekomagazin\\\/erde-steht-vor-neuem-massenaussterben-id629950.html#primaryimage\"},\"image\":{\"@id\":\"https:\\\/\\\/www.rri.ro\\\/de\\\/feature-reportage\\\/terra-xxi-das-oekomagazin\\\/erde-steht-vor-neuem-massenaussterben-id629950.html#primaryimage\"},\"thumbnailUrl\":\"https:\\\/\\\/www.rri.ro\\\/wp-content\\\/uploads\\\/2023\\\/10\\\/planeta-vie-raport-2016-wwf.png\",\"datePublished\":\"2016-11-25T15:58:00+00:00\",\"author\":{\"@id\":\"https:\\\/\\\/www.rri.ro\\\/#\\\/schema\\\/person\\\/18fac491bccbfe149b92aea77ad60abd\"},\"breadcrumb\":{\"@id\":\"https:\\\/\\\/www.rri.ro\\\/de\\\/feature-reportage\\\/terra-xxi-das-oekomagazin\\\/erde-steht-vor-neuem-massenaussterben-id629950.html#breadcrumb\"},\"inLanguage\":\"de\",\"potentialAction\":[{\"@type\":\"ReadAction\",\"target\":[\"https:\\\/\\\/www.rri.ro\\\/de\\\/feature-reportage\\\/terra-xxi-das-oekomagazin\\\/erde-steht-vor-neuem-massenaussterben-id629950.html\"]}]},{\"@type\":\"ImageObject\",\"inLanguage\":\"de\",\"@id\":\"https:\\\/\\\/www.rri.ro\\\/de\\\/feature-reportage\\\/terra-xxi-das-oekomagazin\\\/erde-steht-vor-neuem-massenaussterben-id629950.html#primaryimage\",\"url\":\"https:\\\/\\\/www.rri.ro\\\/wp-content\\\/uploads\\\/2023\\\/10\\\/planeta-vie-raport-2016-wwf.png\",\"contentUrl\":\"https:\\\/\\\/www.rri.ro\\\/wp-content\\\/uploads\\\/2023\\\/10\\\/planeta-vie-raport-2016-wwf.png\",\"width\":640,\"height\":480},{\"@type\":\"BreadcrumbList\",\"@id\":\"https:\\\/\\\/www.rri.ro\\\/de\\\/feature-reportage\\\/terra-xxi-das-oekomagazin\\\/erde-steht-vor-neuem-massenaussterben-id629950.html#breadcrumb\",\"itemListElement\":[{\"@type\":\"ListItem\",\"position\":1,\"name\":\"Startseite\",\"item\":\"https:\\\/\\\/www.rri.ro\\\/de\"},{\"@type\":\"ListItem\",\"position\":2,\"name\":\"Feature &amp; Reportage\",\"item\":\"https:\\\/\\\/www.rri.ro\\\/de\\\/feature-reportage\"},{\"@type\":\"ListItem\",\"position\":3,\"name\":\"Terra XXI \u2013 das \u00d6komagazin\",\"item\":\"https:\\\/\\\/www.rri.ro\\\/de\\\/feature-reportage\\\/terra-xxi-das-oekomagazin\"},{\"@type\":\"ListItem\",\"position\":4,\"name\":\"Erde steht vor neuem Massenaussterben\"}]},{\"@type\":\"WebSite\",\"@id\":\"https:\\\/\\\/www.rri.ro\\\/#website\",\"url\":\"https:\\\/\\\/www.rri.ro\\\/\",\"name\":\"Radio Rum\u00e4nien International\",\"description\":\"Totul despre Rom\u00e2nia \u015fi rom\u00e2ni, \u00een 13 limbi\\\/dialecte!\",\"inLanguage\":\"de\"},{\"@type\":\"Person\",\"@id\":\"https:\\\/\\\/www.rri.ro\\\/#\\\/schema\\\/person\\\/18fac491bccbfe149b92aea77ad60abd\",\"name\":\"Rom\u00e2nia Interna\u021bional\",\"url\":\"https:\\\/\\\/www.rri.ro\\\/de\\\/author\\\/redactia\"}]}<\/script>\n<!-- \/ Yoast SEO plugin. -->","yoast_head_json":{"title":"Erde steht vor neuem Massenaussterben - Radio Rum\u00e4nien International","robots":{"index":"index","follow":"follow","max-snippet":"max-snippet:-1","max-image-preview":"max-image-preview:large","max-video-preview":"max-video-preview:-1"},"canonical":"https:\/\/www.rri.ro\/de\/feature-reportage\/terra-xxi-das-oekomagazin\/erde-steht-vor-neuem-massenaussterben-id629950.html","og_locale":"de_DE","og_type":"article","og_title":"Erde steht vor neuem Massenaussterben - Radio Rum\u00e4nien International","og_description":"In ihrem Report Living Planet 2016 berichten die Organisation WWF und die zoologische Gesellschaft in London \u00fcber bedr\u00fcckende Zust\u00e4nde in der Artenvielfalt.","og_url":"https:\/\/www.rri.ro\/de\/feature-reportage\/terra-xxi-das-oekomagazin\/erde-steht-vor-neuem-massenaussterben-id629950.html","og_site_name":"Radio Rum\u00e4nien International","article_published_time":"2016-11-25T15:58:00+00:00","og_image":[{"width":640,"height":480,"url":"https:\/\/www.rri.ro\/wp-content\/uploads\/2023\/10\/planeta-vie-raport-2016-wwf.png","type":"image\/png"}],"author":"Rom\u00e2nia Interna\u021bional","twitter_card":"summary_large_image","twitter_misc":{"Verfasst von":"Rom\u00e2nia Interna\u021bional","Gesch\u00e4tzte Lesezeit":"3\u00a0Minuten","Written by":"Rom\u00e2nia Interna\u021bional"},"schema":{"@context":"https:\/\/schema.org","@graph":[{"@type":"Article","@id":"https:\/\/www.rri.ro\/de\/feature-reportage\/terra-xxi-das-oekomagazin\/erde-steht-vor-neuem-massenaussterben-id629950.html#article","isPartOf":{"@id":"https:\/\/www.rri.ro\/de\/feature-reportage\/terra-xxi-das-oekomagazin\/erde-steht-vor-neuem-massenaussterben-id629950.html"},"author":{"name":"Rom\u00e2nia Interna\u021bional","@id":"https:\/\/www.rri.ro\/#\/schema\/person\/18fac491bccbfe149b92aea77ad60abd"},"headline":"Erde steht vor neuem Massenaussterben","datePublished":"2016-11-25T15:58:00+00:00","mainEntityOfPage":{"@id":"https:\/\/www.rri.ro\/de\/feature-reportage\/terra-xxi-das-oekomagazin\/erde-steht-vor-neuem-massenaussterben-id629950.html"},"wordCount":673,"image":{"@id":"https:\/\/www.rri.ro\/de\/feature-reportage\/terra-xxi-das-oekomagazin\/erde-steht-vor-neuem-massenaussterben-id629950.html#primaryimage"},"thumbnailUrl":"https:\/\/www.rri.ro\/wp-content\/uploads\/2023\/10\/planeta-vie-raport-2016-wwf.png","keywords":["Artenvielfalt","Aussterben","Natur","Umwelt","WWF"],"articleSection":["Terra XXI \u2013 das \u00d6komagazin"],"inLanguage":"de"},{"@type":"WebPage","@id":"https:\/\/www.rri.ro\/de\/feature-reportage\/terra-xxi-das-oekomagazin\/erde-steht-vor-neuem-massenaussterben-id629950.html","url":"https:\/\/www.rri.ro\/de\/feature-reportage\/terra-xxi-das-oekomagazin\/erde-steht-vor-neuem-massenaussterben-id629950.html","name":"Erde steht vor neuem Massenaussterben - Radio Rum\u00e4nien International","isPartOf":{"@id":"https:\/\/www.rri.ro\/#website"},"primaryImageOfPage":{"@id":"https:\/\/www.rri.ro\/de\/feature-reportage\/terra-xxi-das-oekomagazin\/erde-steht-vor-neuem-massenaussterben-id629950.html#primaryimage"},"image":{"@id":"https:\/\/www.rri.ro\/de\/feature-reportage\/terra-xxi-das-oekomagazin\/erde-steht-vor-neuem-massenaussterben-id629950.html#primaryimage"},"thumbnailUrl":"https:\/\/www.rri.ro\/wp-content\/uploads\/2023\/10\/planeta-vie-raport-2016-wwf.png","datePublished":"2016-11-25T15:58:00+00:00","author":{"@id":"https:\/\/www.rri.ro\/#\/schema\/person\/18fac491bccbfe149b92aea77ad60abd"},"breadcrumb":{"@id":"https:\/\/www.rri.ro\/de\/feature-reportage\/terra-xxi-das-oekomagazin\/erde-steht-vor-neuem-massenaussterben-id629950.html#breadcrumb"},"inLanguage":"de","potentialAction":[{"@type":"ReadAction","target":["https:\/\/www.rri.ro\/de\/feature-reportage\/terra-xxi-das-oekomagazin\/erde-steht-vor-neuem-massenaussterben-id629950.html"]}]},{"@type":"ImageObject","inLanguage":"de","@id":"https:\/\/www.rri.ro\/de\/feature-reportage\/terra-xxi-das-oekomagazin\/erde-steht-vor-neuem-massenaussterben-id629950.html#primaryimage","url":"https:\/\/www.rri.ro\/wp-content\/uploads\/2023\/10\/planeta-vie-raport-2016-wwf.png","contentUrl":"https:\/\/www.rri.ro\/wp-content\/uploads\/2023\/10\/planeta-vie-raport-2016-wwf.png","width":640,"height":480},{"@type":"BreadcrumbList","@id":"https:\/\/www.rri.ro\/de\/feature-reportage\/terra-xxi-das-oekomagazin\/erde-steht-vor-neuem-massenaussterben-id629950.html#breadcrumb","itemListElement":[{"@type":"ListItem","position":1,"name":"Startseite","item":"https:\/\/www.rri.ro\/de"},{"@type":"ListItem","position":2,"name":"Feature &amp; Reportage","item":"https:\/\/www.rri.ro\/de\/feature-reportage"},{"@type":"ListItem","position":3,"name":"Terra XXI \u2013 das \u00d6komagazin","item":"https:\/\/www.rri.ro\/de\/feature-reportage\/terra-xxi-das-oekomagazin"},{"@type":"ListItem","position":4,"name":"Erde steht vor neuem Massenaussterben"}]},{"@type":"WebSite","@id":"https:\/\/www.rri.ro\/#website","url":"https:\/\/www.rri.ro\/","name":"Radio Rum\u00e4nien International","description":"Totul despre Rom\u00e2nia \u015fi rom\u00e2ni, \u00een 13 limbi\/dialecte!","inLanguage":"de"},{"@type":"Person","@id":"https:\/\/www.rri.ro\/#\/schema\/person\/18fac491bccbfe149b92aea77ad60abd","name":"Rom\u00e2nia Interna\u021bional","url":"https:\/\/www.rri.ro\/de\/author\/redactia"}]}},"_links":{"self":[{"href":"https:\/\/www.rri.ro\/de\/wp-json\/wp\/v2\/posts\/629950","targetHints":{"allow":["GET"]}}],"collection":[{"href":"https:\/\/www.rri.ro\/de\/wp-json\/wp\/v2\/posts"}],"about":[{"href":"https:\/\/www.rri.ro\/de\/wp-json\/wp\/v2\/types\/post"}],"author":[{"embeddable":true,"href":"https:\/\/www.rri.ro\/de\/wp-json\/wp\/v2\/users\/2"}],"replies":[{"embeddable":true,"href":"https:\/\/www.rri.ro\/de\/wp-json\/wp\/v2\/comments?post=629950"}],"version-history":[{"count":0,"href":"https:\/\/www.rri.ro\/de\/wp-json\/wp\/v2\/posts\/629950\/revisions"}],"wp:featuredmedia":[{"embeddable":true,"href":"https:\/\/www.rri.ro\/de\/wp-json\/wp\/v2\/media\/152942"}],"wp:attachment":[{"href":"https:\/\/www.rri.ro\/de\/wp-json\/wp\/v2\/media?parent=629950"}],"wp:term":[{"taxonomy":"category","embeddable":true,"href":"https:\/\/www.rri.ro\/de\/wp-json\/wp\/v2\/categories?post=629950"},{"taxonomy":"post_tag","embeddable":true,"href":"https:\/\/www.rri.ro\/de\/wp-json\/wp\/v2\/tags?post=629950"},{"taxonomy":"author","embeddable":true,"href":"https:\/\/www.rri.ro\/de\/wp-json\/wp\/v2\/coauthors?post=629950"}],"curies":[{"name":"wp","href":"https:\/\/api.w.org\/{rel}","templated":true}]}}