{"id":629960,"date":"2017-12-29T18:01:00","date_gmt":"2017-12-29T16:01:00","guid":{"rendered":"http:\/\/devrri.freshlemon.ro\/aktuell\/raubbau-an-der-umwelt-in-der-karpaten-donau-region-id629960.html"},"modified":"2017-12-29T18:01:00","modified_gmt":"2017-12-29T16:01:00","slug":"raubbau-an-der-umwelt-in-der-karpaten-donau-region","status":"publish","type":"post","link":"https:\/\/www.rri.ro\/de\/feature-reportage\/terra-xxi-das-oekomagazin\/raubbau-an-der-umwelt-in-der-karpaten-donau-region-id629960.html","title":{"rendered":"Raubbau an der Umwelt in der Karpaten-Donau-Region"},"content":{"rendered":"<p dir=ltr style=line-height:1.7999999999999998;margin-top:0pt;margin-bottom:0pt;>Trotz europ\u00e4ischer und internationaler Vorschriften gegen illegale Abholzung oder den Schmuggel von Wildtieren und St\u00f6ren, aber auch gegen die Anzapfung von Bergfl\u00fcssen, ist die Artenvielfalt in der Region Karpaten-Donau gef\u00e4hrdet, besagt der Bericht. 24.000 Hektar Urw\u00e4lder in Rum\u00e4nien sowie 5.500 Buchenw\u00e4lder in der Region Podillya in der Ukraine sind seit 2017 UNESCO-Weltnaturerbe. In diesen W\u00e4ldern leben die gr\u00f6\u200e\u00dften Bev\u00f6lkerungen gro\u200e\u00dfer Raubtiere, die jedoch trotz internationalen Schutzes immer wieder Opfer von Wilderern werden. WWF Romania wickelt seit mehr als 10 Jahren Projekte f\u00fcr den Erhalt der Artenvielfalt &#8212; und hat alle H\u00e4nde voll zu tun, sagt Gesch\u00e4ftsf\u00fchrerin Orieta Hulea: &#8222;Rum\u00e4nien verf\u00fcgt \u00fcber unmessbare Sch\u00e4tze durch die Urw\u00e4lder. Wir haben zusammen mit anderen Organisationen einen umfangreichen Prozess der Bestandsaufnahme dieser W\u00e4lder angefangen und sind dabei vor 6-7 Jahren von einer Sch\u00e4tzung auf rund 200.000 Hektare ausgegangen. Systematisch werden Waldfl\u00e4chen ausgewertet und in einem Katalog erfasst, der letztes Jahr eingerichtet worden &#8212; aber es ist ein langwieriger Prozess&#8220;, meint Orieta Hulea. Denn staatliche W\u00e4lder werden sofort unter Schutz gestellt, doch private Besitzer stimmen nur schwerlich einem Schutz zu. Deshalb m\u00fcssen Entsch\u00e4digungen f\u00fcr die Privatbesitzer vorgesehen werden, fordert die Umweltsch\u00fctzerin. Und sie dr\u00e4ngt auf eine intensivere Bek\u00e4mpfung von illegalem Holzschlag.<\/p>\n<p>&#13;<br \/>\n&#13;<\/p>\n<p dir=ltr style=line-height:1.7999999999999998;margin-top:0pt;margin-bottom:0pt;>\n<p>&#13;<br \/>\n&#13;<\/p>\n<p dir=ltr style=line-height:1.7999999999999998;margin-top:0pt;margin-bottom:0pt;>Ein anderes typisches Problem f\u00fcr die Region ist das St\u00f6rewildern. In den letzten drei Jahrzehnten ist das Fangvolumen bei St\u00f6ren weltweit um 99% zur\u00fcckgegangen, weil auch die Fischbev\u00f6lkerungen stark r\u00fcckl\u00e4ufig waren. Im Donaubecken leben die letzten tragf\u00e4higen St\u00f6rbev\u00f6lkerungen des Kontinents, die es ebenfalls zu sch\u00fctzen gilt. Das Fangverbot wurde um weitere 5 Jahre verl\u00e4ngert. Doch auch so ist eine der sechs St\u00f6rarten im Donaubecken vollkommen ausgestorben, und die restlichen f\u00fcnf sind vom Aussterben bedroht, warnt Orieta Hulea von WWF Rom\u00e2nia: &#8222;St\u00f6rfischen ist streng verboten, Ausnahmen werden nur f\u00fcr Forschungszwecke gemacht. Aber es wird nach wie vor gewildert, und das herrscht Nachholbedarf. Wir haben letztes Jahr einen Bericht zum illegalen Kaviarhandel pr\u00e4sentiert, es gab Sicherstellungen. Vor einem Jahr wurde eine gro\u200e\u00dfe Menge Fleisch und Kaviar sichergestellt, die Grenzpolizei tut also ihren Job. Aber wir m\u00fcssen auch mit den Fischergemeinden entlang der Donau arbeiten, weil der illegale Fischfang auch eine Einkommensquelle f\u00fcr diese Gemeinden darstellt und diesen Menschen Alternativen angeboten werden m\u00fcssten.<\/p>\n<p>&#13;<br \/>\n&#13;<\/p>\n<p dir=ltr style=line-height:1.7999999999999998;margin-top:0pt;margin-bottom:0pt;>\n<p>&#13;<br \/>\n&#13;<\/p>\n<p dir=ltr style=line-height:1.7999999999999998;margin-top:0pt;margin-bottom:0pt;>Die Umweltsch\u00fctzerin ist auch vom Aussterben gesch\u00fctzter Wildvogelarten in besorgt. Im Mittelmeerraum werden j\u00e4hrlich Millionen V\u00f6gel get\u00f6tet, aber das findet auch in Rum\u00e4nien statt, klagt Orieta Hulea: &#8222;In diesem Jahr wurden in Italien bei zwei dortigen J\u00e4gern V\u00f6gel sichergestellt, die sie  in Rum\u00e4nien geschossen haben. Kleinv\u00f6gel werden hier geschossen und gelangen dann nach Westeuropa. Einige von ihnen werden von internationalen Gesetzen gesch\u00fctzt. Auch an der Grenze zu Ungarn gab es einen Vorfall, bei dem mehrere Tausend V\u00f6gel sichergestellt wurden.  Anscheinend besteht eine Nachfrage im Westen, insbesondere in Italien, nach solchen Kleinv\u00f6geln, die dort als Delikatessen in Luxusrestaurants verspeist werden. Doch diese Arten haben ihren Platz im \u00d6kosystem und die Jagd destabilisiert die Bev\u00f6lkerungen&#8220;, meint die Vertreterin des Umweltvereins.  <\/p>\n<p>&#13;<br \/>\n&#13;<\/p>\n<p>&#13;<br \/>\n&#13;<\/p>\n<p dir=ltr style=line-height:1.7999999999999998;margin-top:0pt;margin-bottom:0pt;>Die Region Donau-Karpaten geh\u00f6rt zu den wichtigsten \u00d6kosystem der Welt und braucht eine nachhaltige Verwaltung und eine engere Zusammenarbeit der nationalen Beh\u00f6rden in den L\u00e4ndern, die zur Region geh\u00f6ren. Au\u200e\u00dferdem ist erforderlich, dass die Vorschriften der EU in Sachen Naturschutz konsequenter umgesetzt werden &#8212; dazu geh\u00f6rt auch der Aktionsplan zur Bek\u00e4mpfung des Handels mit Wildtieren.<\/p>\n<p>&#13;<\/p>\n","protected":false},"excerpt":{"rendered":"<p>Die Region, zu der mehrere L\u00e4nder geh\u00f6ren, k\u00e4mpft mit Umweltrisiken \u2013 zu diesem Fazit kommt ein Bericht, der vom UNO-Umweltprogramm, der internationalen Umweltorganisation WWF und dem Forschungszentrum \u201cEurac Research vorgelegt wurde.<\/p>\n","protected":false},"author":2,"featured_media":152970,"comment_status":"closed","ping_status":"closed","sticky":false,"template":"","format":"standard","meta":{"_acf_changed":false,"footnotes":""},"categories":[116758],"tags":[155197,158459,100035,99589,100122],"coauthors":[],"class_list":["post-629960","post","type-post","status-publish","format-standard","has-post-thumbnail","hentry","category-terra-xxi-das-oekomagazin","tag-donau-de","tag-europa-de","tag-karpaten","tag-rumaenien","tag-umwelt"],"acf":[],"yoast_head":"<!-- This site is optimized with the Yoast SEO plugin v27.3 - https:\/\/yoast.com\/product\/yoast-seo-wordpress\/ -->\n<title>Raubbau an der Umwelt in der Karpaten-Donau-Region - Radio Rum\u00e4nien International<\/title>\n<meta name=\"robots\" content=\"index, follow, max-snippet:-1, max-image-preview:large, max-video-preview:-1\" \/>\n<link rel=\"canonical\" href=\"https:\/\/www.rri.ro\/de\/feature-reportage\/terra-xxi-das-oekomagazin\/raubbau-an-der-umwelt-in-der-karpaten-donau-region-id629960.html\" \/>\n<meta property=\"og:locale\" content=\"de_DE\" \/>\n<meta property=\"og:type\" content=\"article\" \/>\n<meta property=\"og:title\" content=\"Raubbau an der Umwelt in der Karpaten-Donau-Region - Radio Rum\u00e4nien International\" \/>\n<meta property=\"og:description\" content=\"Die Region, zu der mehrere L\u00e4nder geh\u00f6ren, k\u00e4mpft mit Umweltrisiken \u2013 zu diesem Fazit kommt ein Bericht, der vom UNO-Umweltprogramm, der internationalen Umweltorganisation WWF und dem Forschungszentrum \u201cEurac Research vorgelegt wurde.\" \/>\n<meta property=\"og:url\" content=\"https:\/\/www.rri.ro\/de\/feature-reportage\/terra-xxi-das-oekomagazin\/raubbau-an-der-umwelt-in-der-karpaten-donau-region-id629960.html\" \/>\n<meta property=\"og:site_name\" content=\"Radio Rum\u00e4nien International\" \/>\n<meta property=\"article:published_time\" content=\"2017-12-29T16:01:00+00:00\" \/>\n<meta property=\"og:image\" content=\"https:\/\/www.rri.ro\/wp-content\/uploads\/2023\/10\/padure1.jpg\" \/>\n\t<meta property=\"og:image:width\" content=\"640\" \/>\n\t<meta property=\"og:image:height\" content=\"480\" \/>\n\t<meta property=\"og:image:type\" content=\"image\/png\" \/>\n<meta name=\"author\" content=\"Rom\u00e2nia Interna\u021bional\" \/>\n<meta name=\"twitter:card\" content=\"summary_large_image\" \/>\n<meta name=\"twitter:label1\" content=\"Verfasst von\" \/>\n\t<meta name=\"twitter:data1\" content=\"Rom\u00e2nia Interna\u021bional\" \/>\n\t<meta name=\"twitter:label2\" content=\"Gesch\u00e4tzte Lesezeit\" \/>\n\t<meta name=\"twitter:data2\" content=\"3\u00a0Minuten\" \/>\n\t<meta name=\"twitter:label3\" content=\"Written by\" \/>\n\t<meta name=\"twitter:data3\" content=\"Rom\u00e2nia Interna\u021bional\" \/>\n<script type=\"application\/ld+json\" class=\"yoast-schema-graph\">{\"@context\":\"https:\\\/\\\/schema.org\",\"@graph\":[{\"@type\":\"Article\",\"@id\":\"https:\\\/\\\/www.rri.ro\\\/de\\\/feature-reportage\\\/terra-xxi-das-oekomagazin\\\/raubbau-an-der-umwelt-in-der-karpaten-donau-region-id629960.html#article\",\"isPartOf\":{\"@id\":\"https:\\\/\\\/www.rri.ro\\\/de\\\/feature-reportage\\\/terra-xxi-das-oekomagazin\\\/raubbau-an-der-umwelt-in-der-karpaten-donau-region-id629960.html\"},\"author\":{\"name\":\"Rom\u00e2nia Interna\u021bional\",\"@id\":\"https:\\\/\\\/www.rri.ro\\\/#\\\/schema\\\/person\\\/18fac491bccbfe149b92aea77ad60abd\"},\"headline\":\"Raubbau an der Umwelt in der Karpaten-Donau-Region\",\"datePublished\":\"2017-12-29T16:01:00+00:00\",\"mainEntityOfPage\":{\"@id\":\"https:\\\/\\\/www.rri.ro\\\/de\\\/feature-reportage\\\/terra-xxi-das-oekomagazin\\\/raubbau-an-der-umwelt-in-der-karpaten-donau-region-id629960.html\"},\"wordCount\":601,\"image\":{\"@id\":\"https:\\\/\\\/www.rri.ro\\\/de\\\/feature-reportage\\\/terra-xxi-das-oekomagazin\\\/raubbau-an-der-umwelt-in-der-karpaten-donau-region-id629960.html#primaryimage\"},\"thumbnailUrl\":\"https:\\\/\\\/www.rri.ro\\\/wp-content\\\/uploads\\\/2023\\\/10\\\/padure1.jpg\",\"keywords\":[\"Donau\",\"Europa\",\"Karpaten\",\"Rum\u00e4nien\",\"Umwelt\"],\"articleSection\":[\"Terra XXI \u2013 das \u00d6komagazin\"],\"inLanguage\":\"de\"},{\"@type\":\"WebPage\",\"@id\":\"https:\\\/\\\/www.rri.ro\\\/de\\\/feature-reportage\\\/terra-xxi-das-oekomagazin\\\/raubbau-an-der-umwelt-in-der-karpaten-donau-region-id629960.html\",\"url\":\"https:\\\/\\\/www.rri.ro\\\/de\\\/feature-reportage\\\/terra-xxi-das-oekomagazin\\\/raubbau-an-der-umwelt-in-der-karpaten-donau-region-id629960.html\",\"name\":\"Raubbau an der Umwelt in der Karpaten-Donau-Region - Radio Rum\u00e4nien International\",\"isPartOf\":{\"@id\":\"https:\\\/\\\/www.rri.ro\\\/#website\"},\"primaryImageOfPage\":{\"@id\":\"https:\\\/\\\/www.rri.ro\\\/de\\\/feature-reportage\\\/terra-xxi-das-oekomagazin\\\/raubbau-an-der-umwelt-in-der-karpaten-donau-region-id629960.html#primaryimage\"},\"image\":{\"@id\":\"https:\\\/\\\/www.rri.ro\\\/de\\\/feature-reportage\\\/terra-xxi-das-oekomagazin\\\/raubbau-an-der-umwelt-in-der-karpaten-donau-region-id629960.html#primaryimage\"},\"thumbnailUrl\":\"https:\\\/\\\/www.rri.ro\\\/wp-content\\\/uploads\\\/2023\\\/10\\\/padure1.jpg\",\"datePublished\":\"2017-12-29T16:01:00+00:00\",\"author\":{\"@id\":\"https:\\\/\\\/www.rri.ro\\\/#\\\/schema\\\/person\\\/18fac491bccbfe149b92aea77ad60abd\"},\"breadcrumb\":{\"@id\":\"https:\\\/\\\/www.rri.ro\\\/de\\\/feature-reportage\\\/terra-xxi-das-oekomagazin\\\/raubbau-an-der-umwelt-in-der-karpaten-donau-region-id629960.html#breadcrumb\"},\"inLanguage\":\"de\",\"potentialAction\":[{\"@type\":\"ReadAction\",\"target\":[\"https:\\\/\\\/www.rri.ro\\\/de\\\/feature-reportage\\\/terra-xxi-das-oekomagazin\\\/raubbau-an-der-umwelt-in-der-karpaten-donau-region-id629960.html\"]}]},{\"@type\":\"ImageObject\",\"inLanguage\":\"de\",\"@id\":\"https:\\\/\\\/www.rri.ro\\\/de\\\/feature-reportage\\\/terra-xxi-das-oekomagazin\\\/raubbau-an-der-umwelt-in-der-karpaten-donau-region-id629960.html#primaryimage\",\"url\":\"https:\\\/\\\/www.rri.ro\\\/wp-content\\\/uploads\\\/2023\\\/10\\\/padure1.jpg\",\"contentUrl\":\"https:\\\/\\\/www.rri.ro\\\/wp-content\\\/uploads\\\/2023\\\/10\\\/padure1.jpg\",\"width\":640,\"height\":480},{\"@type\":\"BreadcrumbList\",\"@id\":\"https:\\\/\\\/www.rri.ro\\\/de\\\/feature-reportage\\\/terra-xxi-das-oekomagazin\\\/raubbau-an-der-umwelt-in-der-karpaten-donau-region-id629960.html#breadcrumb\",\"itemListElement\":[{\"@type\":\"ListItem\",\"position\":1,\"name\":\"Startseite\",\"item\":\"https:\\\/\\\/www.rri.ro\\\/de\"},{\"@type\":\"ListItem\",\"position\":2,\"name\":\"Feature &amp; Reportage\",\"item\":\"https:\\\/\\\/www.rri.ro\\\/de\\\/feature-reportage\"},{\"@type\":\"ListItem\",\"position\":3,\"name\":\"Terra XXI \u2013 das \u00d6komagazin\",\"item\":\"https:\\\/\\\/www.rri.ro\\\/de\\\/feature-reportage\\\/terra-xxi-das-oekomagazin\"},{\"@type\":\"ListItem\",\"position\":4,\"name\":\"Raubbau an der Umwelt in der Karpaten-Donau-Region\"}]},{\"@type\":\"WebSite\",\"@id\":\"https:\\\/\\\/www.rri.ro\\\/#website\",\"url\":\"https:\\\/\\\/www.rri.ro\\\/\",\"name\":\"Radio Rum\u00e4nien International\",\"description\":\"Totul despre Rom\u00e2nia \u015fi rom\u00e2ni, \u00een 13 limbi\\\/dialecte!\",\"inLanguage\":\"de\"},{\"@type\":\"Person\",\"@id\":\"https:\\\/\\\/www.rri.ro\\\/#\\\/schema\\\/person\\\/18fac491bccbfe149b92aea77ad60abd\",\"name\":\"Rom\u00e2nia Interna\u021bional\",\"url\":\"https:\\\/\\\/www.rri.ro\\\/de\\\/author\\\/redactia\"}]}<\/script>\n<!-- \/ Yoast SEO plugin. -->","yoast_head_json":{"title":"Raubbau an der Umwelt in der Karpaten-Donau-Region - Radio Rum\u00e4nien International","robots":{"index":"index","follow":"follow","max-snippet":"max-snippet:-1","max-image-preview":"max-image-preview:large","max-video-preview":"max-video-preview:-1"},"canonical":"https:\/\/www.rri.ro\/de\/feature-reportage\/terra-xxi-das-oekomagazin\/raubbau-an-der-umwelt-in-der-karpaten-donau-region-id629960.html","og_locale":"de_DE","og_type":"article","og_title":"Raubbau an der Umwelt in der Karpaten-Donau-Region - Radio Rum\u00e4nien International","og_description":"Die Region, zu der mehrere L\u00e4nder geh\u00f6ren, k\u00e4mpft mit Umweltrisiken \u2013 zu diesem Fazit kommt ein Bericht, der vom UNO-Umweltprogramm, der internationalen Umweltorganisation WWF und dem Forschungszentrum \u201cEurac Research vorgelegt wurde.","og_url":"https:\/\/www.rri.ro\/de\/feature-reportage\/terra-xxi-das-oekomagazin\/raubbau-an-der-umwelt-in-der-karpaten-donau-region-id629960.html","og_site_name":"Radio Rum\u00e4nien International","article_published_time":"2017-12-29T16:01:00+00:00","og_image":[{"width":640,"height":480,"url":"https:\/\/www.rri.ro\/wp-content\/uploads\/2023\/10\/padure1.jpg","type":"image\/png"}],"author":"Rom\u00e2nia Interna\u021bional","twitter_card":"summary_large_image","twitter_misc":{"Verfasst von":"Rom\u00e2nia Interna\u021bional","Gesch\u00e4tzte Lesezeit":"3\u00a0Minuten","Written by":"Rom\u00e2nia Interna\u021bional"},"schema":{"@context":"https:\/\/schema.org","@graph":[{"@type":"Article","@id":"https:\/\/www.rri.ro\/de\/feature-reportage\/terra-xxi-das-oekomagazin\/raubbau-an-der-umwelt-in-der-karpaten-donau-region-id629960.html#article","isPartOf":{"@id":"https:\/\/www.rri.ro\/de\/feature-reportage\/terra-xxi-das-oekomagazin\/raubbau-an-der-umwelt-in-der-karpaten-donau-region-id629960.html"},"author":{"name":"Rom\u00e2nia Interna\u021bional","@id":"https:\/\/www.rri.ro\/#\/schema\/person\/18fac491bccbfe149b92aea77ad60abd"},"headline":"Raubbau an der Umwelt in der Karpaten-Donau-Region","datePublished":"2017-12-29T16:01:00+00:00","mainEntityOfPage":{"@id":"https:\/\/www.rri.ro\/de\/feature-reportage\/terra-xxi-das-oekomagazin\/raubbau-an-der-umwelt-in-der-karpaten-donau-region-id629960.html"},"wordCount":601,"image":{"@id":"https:\/\/www.rri.ro\/de\/feature-reportage\/terra-xxi-das-oekomagazin\/raubbau-an-der-umwelt-in-der-karpaten-donau-region-id629960.html#primaryimage"},"thumbnailUrl":"https:\/\/www.rri.ro\/wp-content\/uploads\/2023\/10\/padure1.jpg","keywords":["Donau","Europa","Karpaten","Rum\u00e4nien","Umwelt"],"articleSection":["Terra XXI \u2013 das \u00d6komagazin"],"inLanguage":"de"},{"@type":"WebPage","@id":"https:\/\/www.rri.ro\/de\/feature-reportage\/terra-xxi-das-oekomagazin\/raubbau-an-der-umwelt-in-der-karpaten-donau-region-id629960.html","url":"https:\/\/www.rri.ro\/de\/feature-reportage\/terra-xxi-das-oekomagazin\/raubbau-an-der-umwelt-in-der-karpaten-donau-region-id629960.html","name":"Raubbau an der Umwelt in der Karpaten-Donau-Region - Radio Rum\u00e4nien International","isPartOf":{"@id":"https:\/\/www.rri.ro\/#website"},"primaryImageOfPage":{"@id":"https:\/\/www.rri.ro\/de\/feature-reportage\/terra-xxi-das-oekomagazin\/raubbau-an-der-umwelt-in-der-karpaten-donau-region-id629960.html#primaryimage"},"image":{"@id":"https:\/\/www.rri.ro\/de\/feature-reportage\/terra-xxi-das-oekomagazin\/raubbau-an-der-umwelt-in-der-karpaten-donau-region-id629960.html#primaryimage"},"thumbnailUrl":"https:\/\/www.rri.ro\/wp-content\/uploads\/2023\/10\/padure1.jpg","datePublished":"2017-12-29T16:01:00+00:00","author":{"@id":"https:\/\/www.rri.ro\/#\/schema\/person\/18fac491bccbfe149b92aea77ad60abd"},"breadcrumb":{"@id":"https:\/\/www.rri.ro\/de\/feature-reportage\/terra-xxi-das-oekomagazin\/raubbau-an-der-umwelt-in-der-karpaten-donau-region-id629960.html#breadcrumb"},"inLanguage":"de","potentialAction":[{"@type":"ReadAction","target":["https:\/\/www.rri.ro\/de\/feature-reportage\/terra-xxi-das-oekomagazin\/raubbau-an-der-umwelt-in-der-karpaten-donau-region-id629960.html"]}]},{"@type":"ImageObject","inLanguage":"de","@id":"https:\/\/www.rri.ro\/de\/feature-reportage\/terra-xxi-das-oekomagazin\/raubbau-an-der-umwelt-in-der-karpaten-donau-region-id629960.html#primaryimage","url":"https:\/\/www.rri.ro\/wp-content\/uploads\/2023\/10\/padure1.jpg","contentUrl":"https:\/\/www.rri.ro\/wp-content\/uploads\/2023\/10\/padure1.jpg","width":640,"height":480},{"@type":"BreadcrumbList","@id":"https:\/\/www.rri.ro\/de\/feature-reportage\/terra-xxi-das-oekomagazin\/raubbau-an-der-umwelt-in-der-karpaten-donau-region-id629960.html#breadcrumb","itemListElement":[{"@type":"ListItem","position":1,"name":"Startseite","item":"https:\/\/www.rri.ro\/de"},{"@type":"ListItem","position":2,"name":"Feature &amp; Reportage","item":"https:\/\/www.rri.ro\/de\/feature-reportage"},{"@type":"ListItem","position":3,"name":"Terra XXI \u2013 das \u00d6komagazin","item":"https:\/\/www.rri.ro\/de\/feature-reportage\/terra-xxi-das-oekomagazin"},{"@type":"ListItem","position":4,"name":"Raubbau an der Umwelt in der Karpaten-Donau-Region"}]},{"@type":"WebSite","@id":"https:\/\/www.rri.ro\/#website","url":"https:\/\/www.rri.ro\/","name":"Radio Rum\u00e4nien International","description":"Totul despre Rom\u00e2nia \u015fi rom\u00e2ni, \u00een 13 limbi\/dialecte!","inLanguage":"de"},{"@type":"Person","@id":"https:\/\/www.rri.ro\/#\/schema\/person\/18fac491bccbfe149b92aea77ad60abd","name":"Rom\u00e2nia Interna\u021bional","url":"https:\/\/www.rri.ro\/de\/author\/redactia"}]}},"_links":{"self":[{"href":"https:\/\/www.rri.ro\/de\/wp-json\/wp\/v2\/posts\/629960","targetHints":{"allow":["GET"]}}],"collection":[{"href":"https:\/\/www.rri.ro\/de\/wp-json\/wp\/v2\/posts"}],"about":[{"href":"https:\/\/www.rri.ro\/de\/wp-json\/wp\/v2\/types\/post"}],"author":[{"embeddable":true,"href":"https:\/\/www.rri.ro\/de\/wp-json\/wp\/v2\/users\/2"}],"replies":[{"embeddable":true,"href":"https:\/\/www.rri.ro\/de\/wp-json\/wp\/v2\/comments?post=629960"}],"version-history":[{"count":0,"href":"https:\/\/www.rri.ro\/de\/wp-json\/wp\/v2\/posts\/629960\/revisions"}],"wp:featuredmedia":[{"embeddable":true,"href":"https:\/\/www.rri.ro\/de\/wp-json\/wp\/v2\/media\/152970"}],"wp:attachment":[{"href":"https:\/\/www.rri.ro\/de\/wp-json\/wp\/v2\/media?parent=629960"}],"wp:term":[{"taxonomy":"category","embeddable":true,"href":"https:\/\/www.rri.ro\/de\/wp-json\/wp\/v2\/categories?post=629960"},{"taxonomy":"post_tag","embeddable":true,"href":"https:\/\/www.rri.ro\/de\/wp-json\/wp\/v2\/tags?post=629960"},{"taxonomy":"author","embeddable":true,"href":"https:\/\/www.rri.ro\/de\/wp-json\/wp\/v2\/coauthors?post=629960"}],"curies":[{"name":"wp","href":"https:\/\/api.w.org\/{rel}","templated":true}]}}