{"id":630115,"date":"2014-11-22T17:56:00","date_gmt":"2014-11-22T15:56:00","guid":{"rendered":"http:\/\/devrri.freshlemon.ro\/aktuell\/filit-schriftsteller-mircea-cartarescu-war-ehrengast-des-renommierten-festivals-id630115.html"},"modified":"2014-11-22T17:56:00","modified_gmt":"2014-11-22T15:56:00","slug":"filit-schriftsteller-mircea-cartarescu-war-ehrengast-des-renommierten-festivals","status":"publish","type":"post","link":"https:\/\/www.rri.ro\/de\/feature-reportage\/kulturchronik\/filit-schriftsteller-mircea-cartarescu-war-ehrengast-des-renommierten-festivals-id630115.html","title":{"rendered":"FILIT: Schriftsteller Mircea C\u0103rt\u0103rescu war Ehrengast des renommierten Festivals"},"content":{"rendered":"<p>Literatur gleicht der Lanze des Achilles, die das \u00dcbel zuf\u00fcgte und heilte\u201c, sagte Mircea C\u0103rt\u0103rescu in seinem Dialog mit dem Schriftsteller und Journalisten Cezar-Paul B\u0103descu im Rahmen des Internationalen Festivals f\u00fcr Literatur und literarische \u00dcbersetzung FILIT in Ia\u015fi. Die Literatur hilft einem, sich selbst zu begegnen, und eine Begegnung mit sich selbst ist das Unheimlichste, was einem passieren kann.\u201c Am Anfang des Treffens auf der B\u00fchne des Nationaltheaters in Ia\u015fi forderte Cezar-Paul B\u0103descu den Autor der B\u00e4nde Nostalgia\u201c, Levante\u201d, und der Trilogie Orbitor\u201c (Blendwerk\u201c) mit den B\u00e4nden Die Wissenden\u201c, Der K\u00f6rper\u201c und Die Fl\u00fcgel\u201c auf, \u00fcber die Zeit zu sprechen, als er den Literaturzirkel der Bukarester Universit\u00e4t leitete und zusammen mit seinen Studenten mehrere kollektive Prosa- und Gedichtb\u00e4nde ver\u00f6ffentlichte, darunter Familienbild\u201c. Warum hat er es getan? Mircea C\u0103rt\u0103rescu antwortet:<\/p>\n<p>&#13;<br \/>\n&#13;<\/p>\n<p>&#13;<br \/>\n&#13;<\/p>\n<p><em>Daf\u00fcr hat es zwei Gr\u00fcnde gegeben. Der erste und einfachste Grund war, dass meine Generation etwas geschenkt bekommen hat, und wenn man etwas geschenkt bekommt, sollte man auch etwas weiterschenken. Die Geschenke erhielten wir von den Literaturkritikern <\/em><em>Nicolae Manolescu, Ovid Crohm\u0103lniceanu, Eugen Simion, Mircea Martin, Ion Pop, und von unz\u00e4hligen anderen wunderbaren Menschen, die unsere Existenz gepr\u00e4gt haben. Ohne diese Menschen w\u00e4ren wir nicht das geworden, was wir heute sind. Deshalb scheint es mir vollkommen nat\u00fcrlich, dass wir die Erkenntnisse, die theoretischen und moralischen Geschenke, die wir von ihnen bekommen haben, weiterschenken sollten. Und der zweite Grund, warum ich im Literaturzirkel der Bukarester Uni mitgemacht habe, war, dass ich mich als einer von euch f\u00fchlte. Ich f\u00fchlte, ich geh\u00f6re zu euch, und die sechs, sieben Jahre, als ich diesen Literaturzirkel leitete, waren die sch\u00f6nsten Jahre meines Lebens. Es war mir eine Freude und ein gro\u200e\u00dfes Vergn\u00fcgen, dass ihr mich in eurem Literaturzirkel aufgenommen habt. Ihr habt mich als einen von euch akzeptiert, auch wenn ich 15 Jahre \u00e4lter war. Ich habe es genossen, an unseren B\u00fcchern mitzumachen. Ich bezeichne sie als \u201aunsere B\u00fccher\u2018, weil es sich um Anthologien handelte, f\u00fcr die ich manchmal die Einleitung schrieb.\u201c<\/em><\/p>\n<p>&#13;<br \/>\n&#13;<\/p>\n<p>&#13;<br \/>\n&#13;<\/p>\n<p>&#13;<br \/>\n&#13;<\/p>\n<p>Literatur war f\u00fcr mich einfach alles, aber ich kann nicht sagen, dass ich ausschlie\u200e\u00dflich aus Literatur gemacht bin\u201c, antwortete Mircea Cartarescu auf die Frage, was Literatur f\u00fcr ihn bedeute. Und er f\u00fcgte noch hinzu:<\/p>\n<p>&#13;<br \/>\n&#13;<\/p>\n<p>&#13;<br \/>\n&#13;<\/p>\n<p><em>Es w\u00e4re als ob man mich fragen w\u00fcrde, was f\u00fcr mich die Luft bedeutet, die mich am Leben h\u00e4lt. In einem Brief schrieb Franz Kafka an seine ewige Verlobte Felice Bauer, er sei nichts Anderes als Literatur. Sehr oft dachte ich, was das bedeuten k\u00f6nnte. Was soll es bedeuten, wenn ein Mensch komplett in Literatur \u00fcbergeht, wenn er sich in Literatur verwandelt. Was f\u00fcr physische oder chemische Prozesse w\u00e4ren notwendig, damit ein menschlicher K\u00f6rper, ein menschliches Gehirn zu Literatur wird. Das geschah mit Kafka gegen Ende seines Lebens. Kurz vor seinem Tod war Kafka nicht mehr ein Mensch unter seinen Mitmenschen, sondern eine Figur in seinen B\u00fcchern. Er war Literatur geworden. Sicher, die meisten von uns kommen nicht so weit. Um so weit zu kommen, bedeutet, kolossale Opfer zu bringen, es bedeutet, das eigene Leben zu zerst\u00f6ren, um es auf eine ganz andere Weise wieder zu gewinnen. Einmal sagte der Dichter Nichita St\u0103nescu: \u201aWir m\u00f6chten alle wie Eminescu schreiben, aber wer m\u00f6chte schon sein Leben f\u00fchren?\u2018 Das ist eine sehr gute Frage &#8212; wer m\u00f6chte schon das Leben derer f\u00fchren, die nichts Anderes als Literatur sind? Wenn man sich entscheidet, Literatur zu werden, wird man irgendwie zum M\u00e4rtyrer.\u201c<\/em><\/p>\n<p>&#13;<br \/>\n&#13;<\/p>\n<p>&#13;<br \/>\n&#13;<\/p>\n<p>&#13;<br \/>\n&#13;<\/p>\n<p>\u00dcber das Internationale Festival f\u00fcr Literatur und literarische \u00dcbersetzung FILIT in Ia\u015fi sagte Mircea C\u0103rt\u0103rescu: Das ist ein Festival von h\u00f6chstem Niveau. Das Festival FILIT ist nicht nur f\u00fcr das rum\u00e4nische Kulturleben relevant, es ist auch eines der gr\u00f6\u200e\u00dften, wenn nicht das gr\u00f6\u200e\u00dfte Literaturfestival in Osteuropa, und es ist in der Tat ein gro\u200e\u00dfer Erfolg.\u201c<\/p>\n<p>&#13;<\/p>\n","protected":false},"excerpt":{"rendered":"<p>In unserer Reihe Kulturchronik\u201c berichten wir \u00fcber das Treffen zwischen dem Schriftsteller Mircea C\u0103rt\u0103rescu und dem Journalisten Cezar-Paul B\u0103descu im Rahmen des Internationalen Festivals f\u00fcr Literatur und literarische \u00dcbersetzung FILIT in Ia\u015fi.<\/p>\n","protected":false},"author":135,"featured_media":159872,"comment_status":"closed","ping_status":"closed","sticky":false,"template":"","format":"standard","meta":{"_acf_changed":false,"footnotes":""},"categories":[116759],"tags":[121814,69982,178510,145603,144715,121813,102128,152970,113076,99589],"coauthors":[],"class_list":["post-630115","post","type-post","status-publish","format-standard","has-post-thumbnail","hentry","category-kulturchronik","tag-blendwerk","tag-cezar-paul-badescu","tag-filit-de","tag-iasi-de","tag-jassy-de","tag-levante","tag-literatur","tag-mircea-cartarescu-de","tag-nostalgia","tag-rumaenien"],"acf":[],"yoast_head":"<!-- This site is optimized with the Yoast SEO plugin v27.3 - https:\/\/yoast.com\/product\/yoast-seo-wordpress\/ -->\n<title>FILIT: Schriftsteller Mircea C\u0103rt\u0103rescu war Ehrengast des renommierten Festivals - Radio Rum\u00e4nien International<\/title>\n<meta name=\"robots\" content=\"index, follow, max-snippet:-1, max-image-preview:large, max-video-preview:-1\" \/>\n<link rel=\"canonical\" href=\"https:\/\/www.rri.ro\/de\/feature-reportage\/kulturchronik\/filit-schriftsteller-mircea-cartarescu-war-ehrengast-des-renommierten-festivals-id630115.html\" \/>\n<meta property=\"og:locale\" content=\"de_DE\" \/>\n<meta property=\"og:type\" content=\"article\" \/>\n<meta property=\"og:title\" content=\"FILIT: Schriftsteller Mircea C\u0103rt\u0103rescu war Ehrengast des renommierten Festivals - Radio Rum\u00e4nien International\" \/>\n<meta property=\"og:description\" content=\"In unserer Reihe Kulturchronik\u201c berichten wir \u00fcber das Treffen zwischen dem Schriftsteller Mircea C\u0103rt\u0103rescu und dem Journalisten Cezar-Paul B\u0103descu im Rahmen des Internationalen Festivals f\u00fcr Literatur und literarische \u00dcbersetzung FILIT in Ia\u015fi.\" \/>\n<meta property=\"og:url\" content=\"https:\/\/www.rri.ro\/de\/feature-reportage\/kulturchronik\/filit-schriftsteller-mircea-cartarescu-war-ehrengast-des-renommierten-festivals-id630115.html\" \/>\n<meta property=\"og:site_name\" content=\"Radio Rum\u00e4nien International\" \/>\n<meta property=\"article:published_time\" content=\"2014-11-22T15:56:00+00:00\" \/>\n<meta property=\"og:image\" content=\"https:\/\/www.rri.ro\/wp-content\/uploads\/2023\/10\/Cartarescu-FILIT-Iasi-640.png\" \/>\n\t<meta property=\"og:image:width\" content=\"640\" \/>\n\t<meta property=\"og:image:height\" content=\"384\" \/>\n\t<meta property=\"og:image:type\" content=\"image\/png\" \/>\n<meta name=\"author\" content=\"Corina Sab\u0103u\" \/>\n<meta name=\"twitter:card\" content=\"summary_large_image\" \/>\n<meta name=\"twitter:label1\" content=\"Verfasst von\" \/>\n\t<meta name=\"twitter:data1\" content=\"Corina Sab\u0103u\" \/>\n\t<meta name=\"twitter:label2\" content=\"Gesch\u00e4tzte Lesezeit\" \/>\n\t<meta name=\"twitter:data2\" content=\"3\u00a0Minuten\" \/>\n\t<meta name=\"twitter:label3\" content=\"Written by\" \/>\n\t<meta name=\"twitter:data3\" content=\"Corina Sab\u0103u\" \/>\n<script type=\"application\/ld+json\" class=\"yoast-schema-graph\">{\"@context\":\"https:\\\/\\\/schema.org\",\"@graph\":[{\"@type\":\"Article\",\"@id\":\"https:\\\/\\\/www.rri.ro\\\/de\\\/feature-reportage\\\/kulturchronik\\\/filit-schriftsteller-mircea-cartarescu-war-ehrengast-des-renommierten-festivals-id630115.html#article\",\"isPartOf\":{\"@id\":\"https:\\\/\\\/www.rri.ro\\\/de\\\/feature-reportage\\\/kulturchronik\\\/filit-schriftsteller-mircea-cartarescu-war-ehrengast-des-renommierten-festivals-id630115.html\"},\"author\":{\"name\":\"Corina Sab\u0103u\",\"@id\":\"https:\\\/\\\/www.rri.ro\\\/#\\\/schema\\\/person\\\/f422c4ce48593b32beccebb63f9ceb1e\"},\"headline\":\"FILIT: Schriftsteller Mircea C\u0103rt\u0103rescu war Ehrengast des renommierten Festivals\",\"datePublished\":\"2014-11-22T15:56:00+00:00\",\"mainEntityOfPage\":{\"@id\":\"https:\\\/\\\/www.rri.ro\\\/de\\\/feature-reportage\\\/kulturchronik\\\/filit-schriftsteller-mircea-cartarescu-war-ehrengast-des-renommierten-festivals-id630115.html\"},\"wordCount\":687,\"image\":{\"@id\":\"https:\\\/\\\/www.rri.ro\\\/de\\\/feature-reportage\\\/kulturchronik\\\/filit-schriftsteller-mircea-cartarescu-war-ehrengast-des-renommierten-festivals-id630115.html#primaryimage\"},\"thumbnailUrl\":\"https:\\\/\\\/www.rri.ro\\\/wp-content\\\/uploads\\\/2023\\\/10\\\/Cartarescu-FILIT-Iasi-640.png\",\"keywords\":[\"Blendwerk\",\"Cezar Paul Badescu\",\"filit\",\"Iasi\",\"Jassy\",\"Levante\",\"Literatur\",\"mircea cartarescu\",\"Nostalgia\",\"Rum\u00e4nien\"],\"articleSection\":[\"Kulturchronik\"],\"inLanguage\":\"de\"},{\"@type\":\"WebPage\",\"@id\":\"https:\\\/\\\/www.rri.ro\\\/de\\\/feature-reportage\\\/kulturchronik\\\/filit-schriftsteller-mircea-cartarescu-war-ehrengast-des-renommierten-festivals-id630115.html\",\"url\":\"https:\\\/\\\/www.rri.ro\\\/de\\\/feature-reportage\\\/kulturchronik\\\/filit-schriftsteller-mircea-cartarescu-war-ehrengast-des-renommierten-festivals-id630115.html\",\"name\":\"FILIT: Schriftsteller Mircea C\u0103rt\u0103rescu war Ehrengast des renommierten Festivals - Radio Rum\u00e4nien International\",\"isPartOf\":{\"@id\":\"https:\\\/\\\/www.rri.ro\\\/#website\"},\"primaryImageOfPage\":{\"@id\":\"https:\\\/\\\/www.rri.ro\\\/de\\\/feature-reportage\\\/kulturchronik\\\/filit-schriftsteller-mircea-cartarescu-war-ehrengast-des-renommierten-festivals-id630115.html#primaryimage\"},\"image\":{\"@id\":\"https:\\\/\\\/www.rri.ro\\\/de\\\/feature-reportage\\\/kulturchronik\\\/filit-schriftsteller-mircea-cartarescu-war-ehrengast-des-renommierten-festivals-id630115.html#primaryimage\"},\"thumbnailUrl\":\"https:\\\/\\\/www.rri.ro\\\/wp-content\\\/uploads\\\/2023\\\/10\\\/Cartarescu-FILIT-Iasi-640.png\",\"datePublished\":\"2014-11-22T15:56:00+00:00\",\"author\":{\"@id\":\"https:\\\/\\\/www.rri.ro\\\/#\\\/schema\\\/person\\\/f422c4ce48593b32beccebb63f9ceb1e\"},\"breadcrumb\":{\"@id\":\"https:\\\/\\\/www.rri.ro\\\/de\\\/feature-reportage\\\/kulturchronik\\\/filit-schriftsteller-mircea-cartarescu-war-ehrengast-des-renommierten-festivals-id630115.html#breadcrumb\"},\"inLanguage\":\"de\",\"potentialAction\":[{\"@type\":\"ReadAction\",\"target\":[\"https:\\\/\\\/www.rri.ro\\\/de\\\/feature-reportage\\\/kulturchronik\\\/filit-schriftsteller-mircea-cartarescu-war-ehrengast-des-renommierten-festivals-id630115.html\"]}]},{\"@type\":\"ImageObject\",\"inLanguage\":\"de\",\"@id\":\"https:\\\/\\\/www.rri.ro\\\/de\\\/feature-reportage\\\/kulturchronik\\\/filit-schriftsteller-mircea-cartarescu-war-ehrengast-des-renommierten-festivals-id630115.html#primaryimage\",\"url\":\"https:\\\/\\\/www.rri.ro\\\/wp-content\\\/uploads\\\/2023\\\/10\\\/Cartarescu-FILIT-Iasi-640.png\",\"contentUrl\":\"https:\\\/\\\/www.rri.ro\\\/wp-content\\\/uploads\\\/2023\\\/10\\\/Cartarescu-FILIT-Iasi-640.png\",\"width\":640,\"height\":384},{\"@type\":\"BreadcrumbList\",\"@id\":\"https:\\\/\\\/www.rri.ro\\\/de\\\/feature-reportage\\\/kulturchronik\\\/filit-schriftsteller-mircea-cartarescu-war-ehrengast-des-renommierten-festivals-id630115.html#breadcrumb\",\"itemListElement\":[{\"@type\":\"ListItem\",\"position\":1,\"name\":\"Startseite\",\"item\":\"https:\\\/\\\/www.rri.ro\\\/de\"},{\"@type\":\"ListItem\",\"position\":2,\"name\":\"Feature &amp; Reportage\",\"item\":\"https:\\\/\\\/www.rri.ro\\\/de\\\/feature-reportage\"},{\"@type\":\"ListItem\",\"position\":3,\"name\":\"Kulturchronik\",\"item\":\"https:\\\/\\\/www.rri.ro\\\/de\\\/feature-reportage\\\/kulturchronik\"},{\"@type\":\"ListItem\",\"position\":4,\"name\":\"FILIT: Schriftsteller Mircea C\u0103rt\u0103rescu war Ehrengast des renommierten Festivals\"}]},{\"@type\":\"WebSite\",\"@id\":\"https:\\\/\\\/www.rri.ro\\\/#website\",\"url\":\"https:\\\/\\\/www.rri.ro\\\/\",\"name\":\"Radio Rum\u00e4nien International\",\"description\":\"Totul despre Rom\u00e2nia \u015fi rom\u00e2ni, \u00een 13 limbi\\\/dialecte!\",\"inLanguage\":\"de\"},{\"@type\":\"Person\",\"@id\":\"https:\\\/\\\/www.rri.ro\\\/#\\\/schema\\\/person\\\/f422c4ce48593b32beccebb63f9ceb1e\",\"name\":\"Corina Sab\u0103u\",\"url\":\"https:\\\/\\\/www.rri.ro\\\/de\\\/author\\\/corina-sabau\"}]}<\/script>\n<!-- \/ Yoast SEO plugin. -->","yoast_head_json":{"title":"FILIT: Schriftsteller Mircea C\u0103rt\u0103rescu war Ehrengast des renommierten Festivals - Radio Rum\u00e4nien International","robots":{"index":"index","follow":"follow","max-snippet":"max-snippet:-1","max-image-preview":"max-image-preview:large","max-video-preview":"max-video-preview:-1"},"canonical":"https:\/\/www.rri.ro\/de\/feature-reportage\/kulturchronik\/filit-schriftsteller-mircea-cartarescu-war-ehrengast-des-renommierten-festivals-id630115.html","og_locale":"de_DE","og_type":"article","og_title":"FILIT: Schriftsteller Mircea C\u0103rt\u0103rescu war Ehrengast des renommierten Festivals - Radio Rum\u00e4nien International","og_description":"In unserer Reihe Kulturchronik\u201c berichten wir \u00fcber das Treffen zwischen dem Schriftsteller Mircea C\u0103rt\u0103rescu und dem Journalisten Cezar-Paul B\u0103descu im Rahmen des Internationalen Festivals f\u00fcr Literatur und literarische \u00dcbersetzung FILIT in Ia\u015fi.","og_url":"https:\/\/www.rri.ro\/de\/feature-reportage\/kulturchronik\/filit-schriftsteller-mircea-cartarescu-war-ehrengast-des-renommierten-festivals-id630115.html","og_site_name":"Radio Rum\u00e4nien International","article_published_time":"2014-11-22T15:56:00+00:00","og_image":[{"width":640,"height":384,"url":"https:\/\/www.rri.ro\/wp-content\/uploads\/2023\/10\/Cartarescu-FILIT-Iasi-640.png","type":"image\/png"}],"author":"Corina Sab\u0103u","twitter_card":"summary_large_image","twitter_misc":{"Verfasst von":"Corina Sab\u0103u","Gesch\u00e4tzte Lesezeit":"3\u00a0Minuten","Written by":"Corina Sab\u0103u"},"schema":{"@context":"https:\/\/schema.org","@graph":[{"@type":"Article","@id":"https:\/\/www.rri.ro\/de\/feature-reportage\/kulturchronik\/filit-schriftsteller-mircea-cartarescu-war-ehrengast-des-renommierten-festivals-id630115.html#article","isPartOf":{"@id":"https:\/\/www.rri.ro\/de\/feature-reportage\/kulturchronik\/filit-schriftsteller-mircea-cartarescu-war-ehrengast-des-renommierten-festivals-id630115.html"},"author":{"name":"Corina Sab\u0103u","@id":"https:\/\/www.rri.ro\/#\/schema\/person\/f422c4ce48593b32beccebb63f9ceb1e"},"headline":"FILIT: Schriftsteller Mircea C\u0103rt\u0103rescu war Ehrengast des renommierten Festivals","datePublished":"2014-11-22T15:56:00+00:00","mainEntityOfPage":{"@id":"https:\/\/www.rri.ro\/de\/feature-reportage\/kulturchronik\/filit-schriftsteller-mircea-cartarescu-war-ehrengast-des-renommierten-festivals-id630115.html"},"wordCount":687,"image":{"@id":"https:\/\/www.rri.ro\/de\/feature-reportage\/kulturchronik\/filit-schriftsteller-mircea-cartarescu-war-ehrengast-des-renommierten-festivals-id630115.html#primaryimage"},"thumbnailUrl":"https:\/\/www.rri.ro\/wp-content\/uploads\/2023\/10\/Cartarescu-FILIT-Iasi-640.png","keywords":["Blendwerk","Cezar Paul Badescu","filit","Iasi","Jassy","Levante","Literatur","mircea cartarescu","Nostalgia","Rum\u00e4nien"],"articleSection":["Kulturchronik"],"inLanguage":"de"},{"@type":"WebPage","@id":"https:\/\/www.rri.ro\/de\/feature-reportage\/kulturchronik\/filit-schriftsteller-mircea-cartarescu-war-ehrengast-des-renommierten-festivals-id630115.html","url":"https:\/\/www.rri.ro\/de\/feature-reportage\/kulturchronik\/filit-schriftsteller-mircea-cartarescu-war-ehrengast-des-renommierten-festivals-id630115.html","name":"FILIT: Schriftsteller Mircea C\u0103rt\u0103rescu war Ehrengast des renommierten Festivals - Radio Rum\u00e4nien International","isPartOf":{"@id":"https:\/\/www.rri.ro\/#website"},"primaryImageOfPage":{"@id":"https:\/\/www.rri.ro\/de\/feature-reportage\/kulturchronik\/filit-schriftsteller-mircea-cartarescu-war-ehrengast-des-renommierten-festivals-id630115.html#primaryimage"},"image":{"@id":"https:\/\/www.rri.ro\/de\/feature-reportage\/kulturchronik\/filit-schriftsteller-mircea-cartarescu-war-ehrengast-des-renommierten-festivals-id630115.html#primaryimage"},"thumbnailUrl":"https:\/\/www.rri.ro\/wp-content\/uploads\/2023\/10\/Cartarescu-FILIT-Iasi-640.png","datePublished":"2014-11-22T15:56:00+00:00","author":{"@id":"https:\/\/www.rri.ro\/#\/schema\/person\/f422c4ce48593b32beccebb63f9ceb1e"},"breadcrumb":{"@id":"https:\/\/www.rri.ro\/de\/feature-reportage\/kulturchronik\/filit-schriftsteller-mircea-cartarescu-war-ehrengast-des-renommierten-festivals-id630115.html#breadcrumb"},"inLanguage":"de","potentialAction":[{"@type":"ReadAction","target":["https:\/\/www.rri.ro\/de\/feature-reportage\/kulturchronik\/filit-schriftsteller-mircea-cartarescu-war-ehrengast-des-renommierten-festivals-id630115.html"]}]},{"@type":"ImageObject","inLanguage":"de","@id":"https:\/\/www.rri.ro\/de\/feature-reportage\/kulturchronik\/filit-schriftsteller-mircea-cartarescu-war-ehrengast-des-renommierten-festivals-id630115.html#primaryimage","url":"https:\/\/www.rri.ro\/wp-content\/uploads\/2023\/10\/Cartarescu-FILIT-Iasi-640.png","contentUrl":"https:\/\/www.rri.ro\/wp-content\/uploads\/2023\/10\/Cartarescu-FILIT-Iasi-640.png","width":640,"height":384},{"@type":"BreadcrumbList","@id":"https:\/\/www.rri.ro\/de\/feature-reportage\/kulturchronik\/filit-schriftsteller-mircea-cartarescu-war-ehrengast-des-renommierten-festivals-id630115.html#breadcrumb","itemListElement":[{"@type":"ListItem","position":1,"name":"Startseite","item":"https:\/\/www.rri.ro\/de"},{"@type":"ListItem","position":2,"name":"Feature &amp; Reportage","item":"https:\/\/www.rri.ro\/de\/feature-reportage"},{"@type":"ListItem","position":3,"name":"Kulturchronik","item":"https:\/\/www.rri.ro\/de\/feature-reportage\/kulturchronik"},{"@type":"ListItem","position":4,"name":"FILIT: Schriftsteller Mircea C\u0103rt\u0103rescu war Ehrengast des renommierten Festivals"}]},{"@type":"WebSite","@id":"https:\/\/www.rri.ro\/#website","url":"https:\/\/www.rri.ro\/","name":"Radio Rum\u00e4nien International","description":"Totul despre Rom\u00e2nia \u015fi rom\u00e2ni, \u00een 13 limbi\/dialecte!","inLanguage":"de"},{"@type":"Person","@id":"https:\/\/www.rri.ro\/#\/schema\/person\/f422c4ce48593b32beccebb63f9ceb1e","name":"Corina Sab\u0103u","url":"https:\/\/www.rri.ro\/de\/author\/corina-sabau"}]}},"_links":{"self":[{"href":"https:\/\/www.rri.ro\/de\/wp-json\/wp\/v2\/posts\/630115","targetHints":{"allow":["GET"]}}],"collection":[{"href":"https:\/\/www.rri.ro\/de\/wp-json\/wp\/v2\/posts"}],"about":[{"href":"https:\/\/www.rri.ro\/de\/wp-json\/wp\/v2\/types\/post"}],"author":[{"embeddable":true,"href":"https:\/\/www.rri.ro\/de\/wp-json\/wp\/v2\/users\/135"}],"replies":[{"embeddable":true,"href":"https:\/\/www.rri.ro\/de\/wp-json\/wp\/v2\/comments?post=630115"}],"version-history":[{"count":0,"href":"https:\/\/www.rri.ro\/de\/wp-json\/wp\/v2\/posts\/630115\/revisions"}],"wp:featuredmedia":[{"embeddable":true,"href":"https:\/\/www.rri.ro\/de\/wp-json\/wp\/v2\/media\/159872"}],"wp:attachment":[{"href":"https:\/\/www.rri.ro\/de\/wp-json\/wp\/v2\/media?parent=630115"}],"wp:term":[{"taxonomy":"category","embeddable":true,"href":"https:\/\/www.rri.ro\/de\/wp-json\/wp\/v2\/categories?post=630115"},{"taxonomy":"post_tag","embeddable":true,"href":"https:\/\/www.rri.ro\/de\/wp-json\/wp\/v2\/tags?post=630115"},{"taxonomy":"author","embeddable":true,"href":"https:\/\/www.rri.ro\/de\/wp-json\/wp\/v2\/coauthors?post=630115"}],"curies":[{"name":"wp","href":"https:\/\/api.w.org\/{rel}","templated":true}]}}