{"id":630258,"date":"2017-09-09T17:30:00","date_gmt":"2017-09-09T14:30:00","guid":{"rendered":"http:\/\/devrri.freshlemon.ro\/aktuell\/bukarester-buchmesse-bookfest-2017-politik-und-anthropologie-im-mittelpunkt-id630258.html"},"modified":"2017-09-09T17:30:00","modified_gmt":"2017-09-09T14:30:00","slug":"bukarester-buchmesse-bookfest-2017-politik-und-anthropologie-im-mittelpunkt","status":"publish","type":"post","link":"https:\/\/www.rri.ro\/de\/feature-reportage\/kulturchronik\/bukarester-buchmesse-bookfest-2017-politik-und-anthropologie-im-mittelpunkt-id630258.html","title":{"rendered":"Bukarester Buchmesse Bookfest 2017: Politik und Anthropologie im Mittelpunkt"},"content":{"rendered":"<p>Zwei Jahre nach der Ver\u00f6ffentlichung des Romans Solenoid\u201c erschien im Verlag Humanitas ein neuer Band des europaweit ber\u00fchmten Schriftstellers Mircea C\u0103rt\u0103rescu: Landschaft nach Hysterie\u201c ist eine Sammlung journalistischer Texte, die der Autor in den letzten zehn Jahren geschrieben hatte. Der Roman setzt sich, genau wie ein Briefroman, aus journalistischen Texten zusammen, die aus dem politischen Zusammenhang ihrer Zeit gerissen wurden und heute eine allgemeine, staatsb\u00fcrgerliche und ethische Bedeutung erhalten. Mircea C\u0103rt\u0103rescu erl\u00e4utert:<\/p>\n<p>&#13;<br \/>\n&#13;<\/p>\n<p>&#13;<br \/>\n&#13;<\/p>\n<p><em>Ich habe es immer schwer bereut, in den sozialpolitischen Journalismus eingestiegen zu sein. Ich habe es damals gemacht, um etwas zu verdienen, denn ich hatte gerade geheiratet und wollte meine Familie unterst\u00fctzen. In diesen Beruf bin ich dennoch auch aus einem gewissen Komplex eingestiegen: Viele meiner Kollegen waren am Ende der neunziger Jahre schon in diesem Bereich t\u00e4tig und hatten somit die M\u00f6glichkeit, ihre Meinungen frei zu \u00e4u\u200e\u00dfern und Widerstand dem System und der Regierung gegen\u00fcber zu leisten, w\u00e4hrend ich ganz alleine in meinem Elfenbeinturm sa\u200e\u00df. Das hat man mir mehrmals offen vorgeworfen, dass ich gegen\u00fcber aktuellen Themen, die alle besch\u00e4ftigten und besch\u00e4ftigen mussten, kalt und unbeeindruckt blieb. Aus diesem Grund bin ich in diesen Beruf eingestiegen. Schritt f\u00fcr Schritt weckte das soziale und politische Leben des Landes meine Neugier, denn von Natur aus bin ich sehr neugierig und zeige ein gro\u200e\u00dfes Interesse f\u00fcr zahlreiche Sachen, so zum Beispiel hat mich die vermisste Malaysia-Airlines-Maschine ein Jahr lang besch\u00e4ftigt. Ich f\u00fchlte mich pl\u00f6tzlich vom Gef\u00fchl erfasst, unbedingt wissen zu wollen, was geschehen war, sp\u00fcrte das Bed\u00fcrfnis, die Situation aufkl\u00e4ren zu wollen. Dasselbe galt auch f\u00fcr meine T\u00e4tigkeit im politischen Journalismus, auf einmal sp\u00fcrte ich ein dringendes Bed\u00fcrfnis, das ich vorher nie gekannt hatte, denn w\u00e4hrend des Kommunismus und gleich danach hatte ich eine 100% apolitische Haltung. Danach wollte ich hingegen wissen, was im politischen Leben des Landes passiert.\u201c<\/em><\/p>\n<p>&#13;<br \/>\n&#13;<\/p>\n<p>&#13;<br \/>\n&#13;<\/p>\n<p>&#13;<br \/>\n&#13;<\/p>\n<p>Ein echter Schriftsteller nimmt das Leiden der Menschen auf sich und versucht, es alchemistisch in Sch\u00f6nheit umzuwandeln. Es handelt sich nicht um nutzlose und verg\u00e4ngliche Sch\u00f6nheit, sondern um die Sch\u00f6nheit, die laut Dostoievski \u00bbdie Welt retten wird\u00ab. Der Schriftsteller kann, wie jeder Intellektueller, eine wichtige politische, moralische und soziale Rolle im Leben seiner Gemeinde spielen, er kann und soll ein F\u00fcrsprecher des Guten und der Wahrheit sein, gegen die D\u00e4monen k\u00e4mpfen, die das menschliche Wesen heimsuchen. Als K\u00fcnstler muss er daraus Sch\u00f6nheit erschaffen. Wenn ein Schriftsteller dabei scheitert, qualitativ hochwertige Werke zu schaffen, kann auch seine Zivilcourage seine Leser nicht mehr erreichen und ihnen nah am Herzen liegen\u201c, schreibt Mircea C\u0103rt\u0103rescu in seinem neuesten Band.<\/p>\n<p>&#13;<br \/>\n&#13;<\/p>\n<p>&#13;<br \/>\n&#13;<\/p>\n<p>&#13;<br \/>\n&#13;<\/p>\n<p>Warum ist Rum\u00e4nien anders?\u201c &#8212; das ist die Frage, die der Historiker Lucian Boia im Jahr 2013 aufwarf. Sein umstrittener Essay l\u00f6ste unter den rum\u00e4nischen  Intellektuellen heftige Debatten aus. Davon lie\u200e\u00df sich Vintil\u0103 Mih\u0103ilescu inspirieren. Im Band, der dieses Jahr im Verlag Polirom erschienen ist, gibt er dem Historiker eine Antwort, die \u00fcber die Polemik hinausreicht.<\/p>\n<p>&#13;<br \/>\n&#13;<\/p>\n<p>&#13;<br \/>\n&#13;<\/p>\n<p>Oft bleiben Anthropologen, Soziologen, politische Kommentatoren, Historiker und Forscher vor der Besonderheit zur\u00fcckhaltend, die das rum\u00e4nische Volk auszeichnet. Im Band, der von Vintil\u0103 Mih\u0103ilescu herausgegeben wurde, beantworten sie aus Initiative des bekannten Anthropologen die Frage: Warum ist Rum\u00e4nien anders?\u201c Vintil\u0103 Mih\u0103ilescu kommt zu Wort mit Einzelheiten:<\/p>\n<p>&#13;<br \/>\n&#13;<\/p>\n<p>&#13;<br \/>\n&#13;<\/p>\n<p><em><\/em><em>Dieser Band ist aus Unzufriedenheit entstanden. Ich irre mich nicht, wenn ich sage, dass dasselbe f\u00fcr alle Autoren gilt, die ihren Beitrag dazu gebracht haben. Es handelt sich um eine intellektuelle und b\u00fcrgerliche Unzufriedenheit. Also eine Art ziviler Verantwortung, die jeder Intellektuelle gegen\u00fcber der Sichtweise haben soll, die eine Sonderstellung unseres Volkes in einer nihilistischen \u00dcberzeugung bef\u00fcrwortet: \u00bbWir k\u00f6nnen sowieso nichts tun oder \u00e4ndern, weil wir im Vergleich zu den anderen anders sind.\u00ab Also, wenn wir beispielsweise mit einem Taxifahrer ins Gespr\u00e4ch geraten, wird er immer sagen, egal worum es geht: \u00bbSo sind halt die Rum\u00e4nen.\u00ab Dieses Urteil ist mit der Zeit zum permanenten geistlichen Klima geworden und pr\u00e4gt sehr stark unsere politischen und kulturellen \u00dcberzeugungen und Handlungen. Das ist meiner Ansicht nach allgemeinsch\u00e4digend. So ein Diskurs, der eine ma\u200e\u00dfgebliche negative Besonderheit des rum\u00e4nischen Volkes aggressiv betont, gewinnt heutzutage immer mehr an Bedeutung in der \u00d6ffentlichkeit. Ich finde es nicht in Ordnung, wenn Universit\u00e4tsprofessoren diese urbane Legende bef\u00fcrworten.\u201c<\/em><\/p>\n<p>&#13;<br \/>\n&#13;<\/p>\n<p>&#13;<br \/>\n&#13;<\/p>\n<p>&#13;<br \/>\n&#13;<\/p>\n<p><strong><em>Deutsch von Ana Nedelea<\/em><\/strong><\/p>\n<p>&#13;<\/p>\n","protected":false},"excerpt":{"rendered":"<p>Zwei Titel haben bei der diesj\u00e4hrigen Ausgabe von Bookfest ein besonderes Interesse des Publikums erweckt: ein aus politischen Texten zusammengesetzter Roman von Mircea C\u0103rt\u0103rescu und ein Band, der vom Anthropologen Vintil\u0103 Mih\u0103ilescu herausgegeben wurde.<\/p>\n","protected":false},"author":136,"featured_media":161632,"comment_status":"closed","ping_status":"closed","sticky":false,"template":"","format":"standard","meta":{"_acf_changed":false,"footnotes":""},"categories":[116759],"tags":[157162,122213,102128,42604,152970,99943,99589,122214,51438],"coauthors":[],"class_list":["post-630258","post","type-post","status-publish","format-standard","has-post-thumbnail","hentry","category-kulturchronik","tag-anthropologie-de","tag-landschaft-nach-hysterie","tag-literatur","tag-lucian-boia","tag-mircea-cartarescu-de","tag-politik","tag-rumaenien","tag-sonderstellung","tag-vintila-mihailescu"],"acf":[],"yoast_head":"<!-- This site is optimized with the Yoast SEO plugin v27.3 - https:\/\/yoast.com\/product\/yoast-seo-wordpress\/ -->\n<title>Bukarester Buchmesse Bookfest 2017: Politik und Anthropologie im Mittelpunkt - Radio Rum\u00e4nien International<\/title>\n<meta name=\"robots\" content=\"index, follow, max-snippet:-1, max-image-preview:large, max-video-preview:-1\" \/>\n<link rel=\"canonical\" href=\"https:\/\/www.rri.ro\/de\/feature-reportage\/kulturchronik\/bukarester-buchmesse-bookfest-2017-politik-und-anthropologie-im-mittelpunkt-id630258.html\" \/>\n<meta property=\"og:locale\" content=\"de_DE\" \/>\n<meta property=\"og:type\" content=\"article\" \/>\n<meta property=\"og:title\" content=\"Bukarester Buchmesse Bookfest 2017: Politik und Anthropologie im Mittelpunkt - Radio Rum\u00e4nien International\" \/>\n<meta property=\"og:description\" content=\"Zwei Titel haben bei der diesj\u00e4hrigen Ausgabe von Bookfest ein besonderes Interesse des Publikums erweckt: ein aus politischen Texten zusammengesetzter Roman von Mircea C\u0103rt\u0103rescu und ein Band, der vom Anthropologen Vintil\u0103 Mih\u0103ilescu herausgegeben wurde.\" \/>\n<meta property=\"og:url\" content=\"https:\/\/www.rri.ro\/de\/feature-reportage\/kulturchronik\/bukarester-buchmesse-bookfest-2017-politik-und-anthropologie-im-mittelpunkt-id630258.html\" \/>\n<meta property=\"og:site_name\" content=\"Radio Rum\u00e4nien International\" \/>\n<meta property=\"article:published_time\" content=\"2017-09-09T14:30:00+00:00\" \/>\n<meta property=\"og:image\" content=\"https:\/\/www.rri.ro\/wp-content\/uploads\/2023\/10\/mircea-cartarescu-bookfest2017.jpg\" \/>\n\t<meta property=\"og:image:width\" content=\"640\" \/>\n\t<meta property=\"og:image:height\" content=\"427\" \/>\n\t<meta property=\"og:image:type\" content=\"image\/jpeg\" \/>\n<meta name=\"author\" content=\"Christine Le\u0219cu\" \/>\n<meta name=\"twitter:card\" content=\"summary_large_image\" \/>\n<meta name=\"twitter:label1\" content=\"Verfasst von\" \/>\n\t<meta name=\"twitter:data1\" content=\"Christine Le\u0219cu\" \/>\n\t<meta name=\"twitter:label2\" content=\"Gesch\u00e4tzte Lesezeit\" \/>\n\t<meta name=\"twitter:data2\" content=\"4\u00a0Minuten\" \/>\n\t<meta name=\"twitter:label3\" content=\"Written by\" \/>\n\t<meta name=\"twitter:data3\" content=\"Christine Le\u0219cu\" \/>\n<script type=\"application\/ld+json\" class=\"yoast-schema-graph\">{\"@context\":\"https:\\\/\\\/schema.org\",\"@graph\":[{\"@type\":\"Article\",\"@id\":\"https:\\\/\\\/www.rri.ro\\\/de\\\/feature-reportage\\\/kulturchronik\\\/bukarester-buchmesse-bookfest-2017-politik-und-anthropologie-im-mittelpunkt-id630258.html#article\",\"isPartOf\":{\"@id\":\"https:\\\/\\\/www.rri.ro\\\/de\\\/feature-reportage\\\/kulturchronik\\\/bukarester-buchmesse-bookfest-2017-politik-und-anthropologie-im-mittelpunkt-id630258.html\"},\"author\":{\"name\":\"Christine Le\u0219cu\",\"@id\":\"https:\\\/\\\/www.rri.ro\\\/#\\\/schema\\\/person\\\/90282b710df17e2fe4e8831187ac186f\"},\"headline\":\"Bukarester Buchmesse Bookfest 2017: Politik und Anthropologie im Mittelpunkt\",\"datePublished\":\"2017-09-09T14:30:00+00:00\",\"mainEntityOfPage\":{\"@id\":\"https:\\\/\\\/www.rri.ro\\\/de\\\/feature-reportage\\\/kulturchronik\\\/bukarester-buchmesse-bookfest-2017-politik-und-anthropologie-im-mittelpunkt-id630258.html\"},\"wordCount\":749,\"image\":{\"@id\":\"https:\\\/\\\/www.rri.ro\\\/de\\\/feature-reportage\\\/kulturchronik\\\/bukarester-buchmesse-bookfest-2017-politik-und-anthropologie-im-mittelpunkt-id630258.html#primaryimage\"},\"thumbnailUrl\":\"https:\\\/\\\/www.rri.ro\\\/wp-content\\\/uploads\\\/2023\\\/10\\\/mircea-cartarescu-bookfest2017.jpg\",\"keywords\":[\"anthropologie\",\"Landschaft nach Hysterie\",\"Literatur\",\"Lucian Boia\",\"mircea cartarescu\",\"Politik\",\"Rum\u00e4nien\",\"Sonderstellung\",\"Vintila Mihailescu\"],\"articleSection\":[\"Kulturchronik\"],\"inLanguage\":\"de\"},{\"@type\":\"WebPage\",\"@id\":\"https:\\\/\\\/www.rri.ro\\\/de\\\/feature-reportage\\\/kulturchronik\\\/bukarester-buchmesse-bookfest-2017-politik-und-anthropologie-im-mittelpunkt-id630258.html\",\"url\":\"https:\\\/\\\/www.rri.ro\\\/de\\\/feature-reportage\\\/kulturchronik\\\/bukarester-buchmesse-bookfest-2017-politik-und-anthropologie-im-mittelpunkt-id630258.html\",\"name\":\"Bukarester Buchmesse Bookfest 2017: Politik und Anthropologie im Mittelpunkt - Radio Rum\u00e4nien International\",\"isPartOf\":{\"@id\":\"https:\\\/\\\/www.rri.ro\\\/#website\"},\"primaryImageOfPage\":{\"@id\":\"https:\\\/\\\/www.rri.ro\\\/de\\\/feature-reportage\\\/kulturchronik\\\/bukarester-buchmesse-bookfest-2017-politik-und-anthropologie-im-mittelpunkt-id630258.html#primaryimage\"},\"image\":{\"@id\":\"https:\\\/\\\/www.rri.ro\\\/de\\\/feature-reportage\\\/kulturchronik\\\/bukarester-buchmesse-bookfest-2017-politik-und-anthropologie-im-mittelpunkt-id630258.html#primaryimage\"},\"thumbnailUrl\":\"https:\\\/\\\/www.rri.ro\\\/wp-content\\\/uploads\\\/2023\\\/10\\\/mircea-cartarescu-bookfest2017.jpg\",\"datePublished\":\"2017-09-09T14:30:00+00:00\",\"author\":{\"@id\":\"https:\\\/\\\/www.rri.ro\\\/#\\\/schema\\\/person\\\/90282b710df17e2fe4e8831187ac186f\"},\"breadcrumb\":{\"@id\":\"https:\\\/\\\/www.rri.ro\\\/de\\\/feature-reportage\\\/kulturchronik\\\/bukarester-buchmesse-bookfest-2017-politik-und-anthropologie-im-mittelpunkt-id630258.html#breadcrumb\"},\"inLanguage\":\"de\",\"potentialAction\":[{\"@type\":\"ReadAction\",\"target\":[\"https:\\\/\\\/www.rri.ro\\\/de\\\/feature-reportage\\\/kulturchronik\\\/bukarester-buchmesse-bookfest-2017-politik-und-anthropologie-im-mittelpunkt-id630258.html\"]}]},{\"@type\":\"ImageObject\",\"inLanguage\":\"de\",\"@id\":\"https:\\\/\\\/www.rri.ro\\\/de\\\/feature-reportage\\\/kulturchronik\\\/bukarester-buchmesse-bookfest-2017-politik-und-anthropologie-im-mittelpunkt-id630258.html#primaryimage\",\"url\":\"https:\\\/\\\/www.rri.ro\\\/wp-content\\\/uploads\\\/2023\\\/10\\\/mircea-cartarescu-bookfest2017.jpg\",\"contentUrl\":\"https:\\\/\\\/www.rri.ro\\\/wp-content\\\/uploads\\\/2023\\\/10\\\/mircea-cartarescu-bookfest2017.jpg\",\"width\":640,\"height\":427},{\"@type\":\"BreadcrumbList\",\"@id\":\"https:\\\/\\\/www.rri.ro\\\/de\\\/feature-reportage\\\/kulturchronik\\\/bukarester-buchmesse-bookfest-2017-politik-und-anthropologie-im-mittelpunkt-id630258.html#breadcrumb\",\"itemListElement\":[{\"@type\":\"ListItem\",\"position\":1,\"name\":\"Startseite\",\"item\":\"https:\\\/\\\/www.rri.ro\\\/de\"},{\"@type\":\"ListItem\",\"position\":2,\"name\":\"Feature &amp; Reportage\",\"item\":\"https:\\\/\\\/www.rri.ro\\\/de\\\/feature-reportage\"},{\"@type\":\"ListItem\",\"position\":3,\"name\":\"Kulturchronik\",\"item\":\"https:\\\/\\\/www.rri.ro\\\/de\\\/feature-reportage\\\/kulturchronik\"},{\"@type\":\"ListItem\",\"position\":4,\"name\":\"Bukarester Buchmesse Bookfest 2017: Politik und Anthropologie im Mittelpunkt\"}]},{\"@type\":\"WebSite\",\"@id\":\"https:\\\/\\\/www.rri.ro\\\/#website\",\"url\":\"https:\\\/\\\/www.rri.ro\\\/\",\"name\":\"Radio Rum\u00e4nien International\",\"description\":\"Totul despre Rom\u00e2nia \u015fi rom\u00e2ni, \u00een 13 limbi\\\/dialecte!\",\"inLanguage\":\"de\"},{\"@type\":\"Person\",\"@id\":\"https:\\\/\\\/www.rri.ro\\\/#\\\/schema\\\/person\\\/90282b710df17e2fe4e8831187ac186f\",\"name\":\"Christine Le\u0219cu\",\"url\":\"https:\\\/\\\/www.rri.ro\\\/de\\\/author\\\/christine-lescu\"}]}<\/script>\n<!-- \/ Yoast SEO plugin. -->","yoast_head_json":{"title":"Bukarester Buchmesse Bookfest 2017: Politik und Anthropologie im Mittelpunkt - Radio Rum\u00e4nien International","robots":{"index":"index","follow":"follow","max-snippet":"max-snippet:-1","max-image-preview":"max-image-preview:large","max-video-preview":"max-video-preview:-1"},"canonical":"https:\/\/www.rri.ro\/de\/feature-reportage\/kulturchronik\/bukarester-buchmesse-bookfest-2017-politik-und-anthropologie-im-mittelpunkt-id630258.html","og_locale":"de_DE","og_type":"article","og_title":"Bukarester Buchmesse Bookfest 2017: Politik und Anthropologie im Mittelpunkt - Radio Rum\u00e4nien International","og_description":"Zwei Titel haben bei der diesj\u00e4hrigen Ausgabe von Bookfest ein besonderes Interesse des Publikums erweckt: ein aus politischen Texten zusammengesetzter Roman von Mircea C\u0103rt\u0103rescu und ein Band, der vom Anthropologen Vintil\u0103 Mih\u0103ilescu herausgegeben wurde.","og_url":"https:\/\/www.rri.ro\/de\/feature-reportage\/kulturchronik\/bukarester-buchmesse-bookfest-2017-politik-und-anthropologie-im-mittelpunkt-id630258.html","og_site_name":"Radio Rum\u00e4nien International","article_published_time":"2017-09-09T14:30:00+00:00","og_image":[{"width":640,"height":427,"url":"https:\/\/www.rri.ro\/wp-content\/uploads\/2023\/10\/mircea-cartarescu-bookfest2017.jpg","type":"image\/jpeg"}],"author":"Christine Le\u0219cu","twitter_card":"summary_large_image","twitter_misc":{"Verfasst von":"Christine Le\u0219cu","Gesch\u00e4tzte Lesezeit":"4\u00a0Minuten","Written by":"Christine Le\u0219cu"},"schema":{"@context":"https:\/\/schema.org","@graph":[{"@type":"Article","@id":"https:\/\/www.rri.ro\/de\/feature-reportage\/kulturchronik\/bukarester-buchmesse-bookfest-2017-politik-und-anthropologie-im-mittelpunkt-id630258.html#article","isPartOf":{"@id":"https:\/\/www.rri.ro\/de\/feature-reportage\/kulturchronik\/bukarester-buchmesse-bookfest-2017-politik-und-anthropologie-im-mittelpunkt-id630258.html"},"author":{"name":"Christine Le\u0219cu","@id":"https:\/\/www.rri.ro\/#\/schema\/person\/90282b710df17e2fe4e8831187ac186f"},"headline":"Bukarester Buchmesse Bookfest 2017: Politik und Anthropologie im Mittelpunkt","datePublished":"2017-09-09T14:30:00+00:00","mainEntityOfPage":{"@id":"https:\/\/www.rri.ro\/de\/feature-reportage\/kulturchronik\/bukarester-buchmesse-bookfest-2017-politik-und-anthropologie-im-mittelpunkt-id630258.html"},"wordCount":749,"image":{"@id":"https:\/\/www.rri.ro\/de\/feature-reportage\/kulturchronik\/bukarester-buchmesse-bookfest-2017-politik-und-anthropologie-im-mittelpunkt-id630258.html#primaryimage"},"thumbnailUrl":"https:\/\/www.rri.ro\/wp-content\/uploads\/2023\/10\/mircea-cartarescu-bookfest2017.jpg","keywords":["anthropologie","Landschaft nach Hysterie","Literatur","Lucian Boia","mircea cartarescu","Politik","Rum\u00e4nien","Sonderstellung","Vintila Mihailescu"],"articleSection":["Kulturchronik"],"inLanguage":"de"},{"@type":"WebPage","@id":"https:\/\/www.rri.ro\/de\/feature-reportage\/kulturchronik\/bukarester-buchmesse-bookfest-2017-politik-und-anthropologie-im-mittelpunkt-id630258.html","url":"https:\/\/www.rri.ro\/de\/feature-reportage\/kulturchronik\/bukarester-buchmesse-bookfest-2017-politik-und-anthropologie-im-mittelpunkt-id630258.html","name":"Bukarester Buchmesse Bookfest 2017: Politik und Anthropologie im Mittelpunkt - Radio Rum\u00e4nien International","isPartOf":{"@id":"https:\/\/www.rri.ro\/#website"},"primaryImageOfPage":{"@id":"https:\/\/www.rri.ro\/de\/feature-reportage\/kulturchronik\/bukarester-buchmesse-bookfest-2017-politik-und-anthropologie-im-mittelpunkt-id630258.html#primaryimage"},"image":{"@id":"https:\/\/www.rri.ro\/de\/feature-reportage\/kulturchronik\/bukarester-buchmesse-bookfest-2017-politik-und-anthropologie-im-mittelpunkt-id630258.html#primaryimage"},"thumbnailUrl":"https:\/\/www.rri.ro\/wp-content\/uploads\/2023\/10\/mircea-cartarescu-bookfest2017.jpg","datePublished":"2017-09-09T14:30:00+00:00","author":{"@id":"https:\/\/www.rri.ro\/#\/schema\/person\/90282b710df17e2fe4e8831187ac186f"},"breadcrumb":{"@id":"https:\/\/www.rri.ro\/de\/feature-reportage\/kulturchronik\/bukarester-buchmesse-bookfest-2017-politik-und-anthropologie-im-mittelpunkt-id630258.html#breadcrumb"},"inLanguage":"de","potentialAction":[{"@type":"ReadAction","target":["https:\/\/www.rri.ro\/de\/feature-reportage\/kulturchronik\/bukarester-buchmesse-bookfest-2017-politik-und-anthropologie-im-mittelpunkt-id630258.html"]}]},{"@type":"ImageObject","inLanguage":"de","@id":"https:\/\/www.rri.ro\/de\/feature-reportage\/kulturchronik\/bukarester-buchmesse-bookfest-2017-politik-und-anthropologie-im-mittelpunkt-id630258.html#primaryimage","url":"https:\/\/www.rri.ro\/wp-content\/uploads\/2023\/10\/mircea-cartarescu-bookfest2017.jpg","contentUrl":"https:\/\/www.rri.ro\/wp-content\/uploads\/2023\/10\/mircea-cartarescu-bookfest2017.jpg","width":640,"height":427},{"@type":"BreadcrumbList","@id":"https:\/\/www.rri.ro\/de\/feature-reportage\/kulturchronik\/bukarester-buchmesse-bookfest-2017-politik-und-anthropologie-im-mittelpunkt-id630258.html#breadcrumb","itemListElement":[{"@type":"ListItem","position":1,"name":"Startseite","item":"https:\/\/www.rri.ro\/de"},{"@type":"ListItem","position":2,"name":"Feature &amp; Reportage","item":"https:\/\/www.rri.ro\/de\/feature-reportage"},{"@type":"ListItem","position":3,"name":"Kulturchronik","item":"https:\/\/www.rri.ro\/de\/feature-reportage\/kulturchronik"},{"@type":"ListItem","position":4,"name":"Bukarester Buchmesse Bookfest 2017: Politik und Anthropologie im Mittelpunkt"}]},{"@type":"WebSite","@id":"https:\/\/www.rri.ro\/#website","url":"https:\/\/www.rri.ro\/","name":"Radio Rum\u00e4nien International","description":"Totul despre Rom\u00e2nia \u015fi rom\u00e2ni, \u00een 13 limbi\/dialecte!","inLanguage":"de"},{"@type":"Person","@id":"https:\/\/www.rri.ro\/#\/schema\/person\/90282b710df17e2fe4e8831187ac186f","name":"Christine Le\u0219cu","url":"https:\/\/www.rri.ro\/de\/author\/christine-lescu"}]}},"_links":{"self":[{"href":"https:\/\/www.rri.ro\/de\/wp-json\/wp\/v2\/posts\/630258","targetHints":{"allow":["GET"]}}],"collection":[{"href":"https:\/\/www.rri.ro\/de\/wp-json\/wp\/v2\/posts"}],"about":[{"href":"https:\/\/www.rri.ro\/de\/wp-json\/wp\/v2\/types\/post"}],"author":[{"embeddable":true,"href":"https:\/\/www.rri.ro\/de\/wp-json\/wp\/v2\/users\/136"}],"replies":[{"embeddable":true,"href":"https:\/\/www.rri.ro\/de\/wp-json\/wp\/v2\/comments?post=630258"}],"version-history":[{"count":0,"href":"https:\/\/www.rri.ro\/de\/wp-json\/wp\/v2\/posts\/630258\/revisions"}],"wp:featuredmedia":[{"embeddable":true,"href":"https:\/\/www.rri.ro\/de\/wp-json\/wp\/v2\/media\/161632"}],"wp:attachment":[{"href":"https:\/\/www.rri.ro\/de\/wp-json\/wp\/v2\/media?parent=630258"}],"wp:term":[{"taxonomy":"category","embeddable":true,"href":"https:\/\/www.rri.ro\/de\/wp-json\/wp\/v2\/categories?post=630258"},{"taxonomy":"post_tag","embeddable":true,"href":"https:\/\/www.rri.ro\/de\/wp-json\/wp\/v2\/tags?post=630258"},{"taxonomy":"author","embeddable":true,"href":"https:\/\/www.rri.ro\/de\/wp-json\/wp\/v2\/coauthors?post=630258"}],"curies":[{"name":"wp","href":"https:\/\/api.w.org\/{rel}","templated":true}]}}