{"id":630260,"date":"2017-07-22T17:30:00","date_gmt":"2017-07-22T14:30:00","guid":{"rendered":"http:\/\/devrri.freshlemon.ro\/aktuell\/schriftstellerin-nora-iuga-ich-danke-dem-genialen-ingenieur-id630260.html"},"modified":"2017-07-22T17:30:00","modified_gmt":"2017-07-22T14:30:00","slug":"schriftstellerin-nora-iuga-ich-danke-dem-genialen-ingenieur","status":"publish","type":"post","link":"https:\/\/www.rri.ro\/de\/feature-reportage\/kulturchronik\/schriftstellerin-nora-iuga-ich-danke-dem-genialen-ingenieur-id630260.html","title":{"rendered":"Schriftstellerin Nora Iuga: \u201eIch danke dem genialen Ingenieur\u201c"},"content":{"rendered":"<p>Die Schriftstellerin und Literatur\u00fcbersetzerin Nora Iuga wurde mit dem Nationalen Verdienstorden im Rang eines Kommandeurs f\u00fcr die Hingabe und die Begabung\u201c ausgezeichnet, mit der sie zur F\u00f6rderung des Bildes Rum\u00e4niens im Ausland beigetragen hat. Das ist nicht die erste Auszeichnung dieser Art, die die 86-j\u00e4hrige Literatin erh\u00e4lt. Bereits 2015 war sie mit dem Bundesverdienstkreuz im Rang des Kavaliers der deutschen Botschaft in Bukarest geehrt worden. 2007 hatte die Deutsche Akademie f\u00fcr Sprache und Dichtung das Engagement der Schriftstellerin zur F\u00f6rderung der deutschen Kultur im Ausland anerkannt und ihr den Friedrich-Gundolf-Preis verliehen.<\/p>\n<p>&#13;<br \/>\n&#13;<\/p>\n<p>&#13;<br \/>\n&#13;<\/p>\n<p>Nora Iuga ist Autorin von rund 20 Gedichtb\u00e4nden, darunter: Vina nu e a mea\u201c (Ich bin nicht schuld\u201c), herausgegeben im Jahr 1968; Captivitatea cercului\u201c (Die Gefangenschaft des Kreises\u201c), ein im Jahr 1970 ver\u00f6ffentlichter Band, der sp\u00e4ter zensiert und f\u00fcr sieben Jahre aus dem Buchhandel zur\u00fcckgezogen wurde; Opinii despre durere\u201c (Ansichten \u00fcber den Schmerz\u201c, ver\u00f6ffentlicht im Jahr 1980); Inima ca un pumn de boxeur\u201c (Das Herz ist wie die Faust eines Boxers\u201c, 1986, 2000); Pia\u0163a cerului\u201c (Der Platz des Himmels\u201c, 1986); Spitalul manechinelor\u201c (Das Krankenhaus der Schaufensterpuppen\u201c, 1998, 2010); Petrecere la Montrouge\u201c (Feier in Montrouge\u201c, 2012); C\u00e2inele ud e o salcie\u201c (Der nasse Hund ist eine Weide\u201c, 2013); Ascult\u0103 cum pl\u00e2ng parantezele\u201c (H\u00f6r, wie die Klammern weinen\u201c, 2016).<\/p>\n<p>&#13;<br \/>\n&#13;<\/p>\n<p>&#13;<br \/>\n&#13;<\/p>\n<p>Die Erinnerung der ersten gedichteten Verse sei noch lebendig, sagt Nora Iuga. Es war in Sibiu (Hermannstadt) und sie war Gymnasiastin der neunten Klasse:<\/p>\n<p>&#13;<br \/>\n&#13;<\/p>\n<p>&#13;<br \/>\n&#13;<\/p>\n<p><em>Ich schrieb die Hausaufgaben in der \u00e4rmlichen K\u00fcche des Elternhauses in Sibiu. Auf dem Tisch lag ein Lehrbuch und ein Notizheft, mein Vater \u00fcbte auf der Geige in einem anderen Zimmer. Das war der Moment, als ich das erste Gedicht schrieb. So hat f\u00fcr mich alles angefangen. Mit diesem Moment, mit dem ersten Gedicht, ist die Frau, die K\u00fcnstlerin, der neugierige Geist Nora Iuga auf die Welt gekommen. Der neugierige Geist ist mit den Jahren st\u00e4rker geworden, ihm habe ich meine F\u00e4higkeit zu verdanken, die Wunder der Natur, die Himmelserscheinungen, ein Polarlicht alleine entziffern zu k\u00f6nnen. Ich versuche stets, mir selber so viel wie m\u00f6glich beizubringen und die Sachen um mich herum gr\u00fcndlich zu verstehen. Das kommt mir oftmals wie der Beginn der Philosophie vor, weil ich mir selbst dieselben Fragen stelle, die damals im Umlauf waren. Es gef\u00e4llt mir nicht, zu lesen, wie andere die Welt erkl\u00e4ren. Ich wei\u200e\u00df, es ist l\u00e4cherlich, wenn ein Intellektueller das einr\u00e4umt, aber es bereitet mir eine riesige Freude, wenn ich alleine R\u00e4tsel aufkl\u00e4re.<\/em><em>\u201c<\/em><\/p>\n<p>&#13;<br \/>\n&#13;<\/p>\n<p>&#13;<br \/>\n&#13;<\/p>\n<p>&#13;<br \/>\n&#13;<\/p>\n<p>Die Schriftstellerin und Dichterin \u00fcberrascht fast jedes Jahr ihre Leser mit einem neuen Gedicht- oder Prosaband. Die positiven Pressestimmen lassen jedes Mal nicht lange auf sich warten. Dasselbe gilt auch f\u00fcr den Gedichtband H\u00f6r, wie die Klammer weinen\u201c, der voriges Jahr im Verlag Cartea Rom\u00e2neasc\u0103 erschien und von der Jury der Gala junger Schriftsteller zum Gedichtbuch des Jahres 2016  ausgezeichnet wurde. Nora Iuga sagt jedoch:<\/p>\n<p>&#13;<br \/>\n&#13;<\/p>\n<p>&#13;<br \/>\n&#13;<\/p>\n<p><em>Ich habe mir nie vorgenommen, die Sch\u00fclerin des Jahres zu werden. Alles, was ich bisher machte, machte ich mit gro\u200e\u00dfem Vergn\u00fcgen, und Gott oder der geniale Ingenieur, wie ich ihn nennen mag, hat sich um mich gek\u00fcmmert und mir eine erstaunliche Kraft gegeben. Es stimmt, dass in den letzten f\u00fcnf oder sechs Jahren ein Band von mir j\u00e4hrlich erschienen ist, egal ob Prosa oder Lyrik. Dieses schnelle Tempo habe ich haupts\u00e4chlich der Einsamkeit zu verdanken. Eine totale Einsamkeit, die jemand mit meiner Lebensfreude nicht ertragen kann. Ich will mein Leben mit etwas f\u00fcllen, das mich sp\u00fcren l\u00e4sst, dass ich lebe. Was mich am Leben hielt, ist meine \u00dcberzeugung, dass ich dieser Welt noch etwas zu schenken habe. Ich f\u00fchle mich gezwungen, jedes Mal etwas zu schenken, und das macht mich gl\u00fccklich. Ich kann behaupten, dass ich in meinem Alter ein leistungsf\u00e4higes Gehirn habe und daf\u00fcr danke ich noch einmal dem genialen Ingenieur.\u201c<\/em><\/p>\n<p>&#13;<br \/>\n&#13;<\/p>\n<p>&#13;<br \/>\n&#13;<\/p>\n<p>&#13;<br \/>\n&#13;<\/p>\n<p>Nora Iuga ist eine Anh\u00e4ngerin der Avantgarde, ihrer Meinung nach h\u00e4tten wir dem Experiment die Innovation in der Literatur zu verdanken: <\/p>\n<p>&#13;<br \/>\n&#13;<\/p>\n<p>&#13;<br \/>\n&#13;<\/p>\n<p><em>Ich liebe diese Etappe in der Lyrik, weil ich das Gef\u00fchl habe, dass wir uns an einer Grenze befinden, dass wir uns einer anderen Etappe n\u00e4hern. Nach der Vorliebe zum Minimalismus, die lange dauerte, scheint jetzt, dass die Dichter zur Avantgarde und dem experimentellen Gedicht zur\u00fcckkehren. Ich bewundere junge Dichter wie  Robert G. Elekes und ich sehe ihn gewisserma\u200e\u00dfen auch wie eine meiner Entdeckungen, zum ersten Mal habe ich ihn auf den Deutschen Literaturtagen im westrum\u00e4nischen <\/em><em>Re\u015fi\u0163a (Reschitz) entdeckt. Mittlerweile hat sein Deb\u00fctband einen riesigen Erfolg gefeiert und wichtige Preise erhalten. Ich habe das Nachwort verfasst.\u201c<\/em><\/p>\n<p>&#13;<br \/>\n&#13;<\/p>\n<p>&#13;<br \/>\n&#13;<\/p>\n<p>&#13;<br \/>\n&#13;<\/p>\n<p>Dieses Jahr schl\u00e4gt Nora Iuga ihren Lesern zusammen mit der Dichterin Angela Baciu einen neuen Gedichtband vor: netter als dostoievski\u201c. Es handelt sich um einen umgangssprachlichen Dialog im schnellen Tempo, in dem die Wortspiele, die politische Satire und die Bemerkungen \u00fcber den Alltag nicht fehlen. Der Band besteht aus 25 kurzen Teilen, die sehr diskret dem Faden einer Liebesgeschichte folgen: Zwei Frauen warten auf den Mann, den sie lieben, den sogenannten Mister T., der nach einer L\u00f6wenjagd glorreich zu ihnen zur\u00fcckkehrt. Jeder Teil endet mit dem Einsatz des antiken Chors. Die Sprache spielt vielerorts auf popul\u00e4re Ausdr\u00fccke im heutigen Sprachgebrauch an. Der Band weist zudem starke Dada-Merkmale auf und gilt als wichtiger Schritt zur Wiederbelebung der Avantgarde.<\/p>\n<p>&#13;<\/p>\n","protected":false},"excerpt":{"rendered":"<p>Die Dichterin und Prosaautorin Nora Iuga \u00fcberrascht jedes Jahr ihre Leser mit einem neuen Band, der positive Pressestimmen genie\u00dft. Mit ihrem j\u00fcngsten Gedichtband nimmt sich Nora Iuga vor, die Avantgarde wiederzubeleben.<\/p>\n","protected":false},"author":135,"featured_media":161660,"comment_status":"closed","ping_status":"closed","sticky":false,"template":"","format":"standard","meta":{"_acf_changed":false,"footnotes":""},"categories":[116759],"tags":[102128,122220,38034,85997,100549,99589],"coauthors":[],"class_list":["post-630260","post","type-post","status-publish","format-standard","has-post-thumbnail","hentry","category-kulturchronik","tag-literatur","tag-literaturuebersetzung","tag-nora-iuga","tag-poesie","tag-prosa","tag-rumaenien"],"acf":[],"yoast_head":"<!-- This site is optimized with the Yoast SEO plugin v27.3 - https:\/\/yoast.com\/product\/yoast-seo-wordpress\/ -->\n<title>Schriftstellerin Nora Iuga: \u201eIch danke dem genialen Ingenieur\u201c - Radio Rum\u00e4nien International<\/title>\n<meta name=\"robots\" content=\"index, follow, max-snippet:-1, max-image-preview:large, max-video-preview:-1\" \/>\n<link rel=\"canonical\" href=\"https:\/\/www.rri.ro\/de\/feature-reportage\/kulturchronik\/schriftstellerin-nora-iuga-ich-danke-dem-genialen-ingenieur-id630260.html\" \/>\n<meta property=\"og:locale\" content=\"de_DE\" \/>\n<meta property=\"og:type\" content=\"article\" \/>\n<meta property=\"og:title\" content=\"Schriftstellerin Nora Iuga: \u201eIch danke dem genialen Ingenieur\u201c - Radio Rum\u00e4nien International\" \/>\n<meta property=\"og:description\" content=\"Die Dichterin und Prosaautorin Nora Iuga \u00fcberrascht jedes Jahr ihre Leser mit einem neuen Band, der positive Pressestimmen genie\u00dft. Mit ihrem j\u00fcngsten Gedichtband nimmt sich Nora Iuga vor, die Avantgarde wiederzubeleben.\" \/>\n<meta property=\"og:url\" content=\"https:\/\/www.rri.ro\/de\/feature-reportage\/kulturchronik\/schriftstellerin-nora-iuga-ich-danke-dem-genialen-ingenieur-id630260.html\" \/>\n<meta property=\"og:site_name\" content=\"Radio Rum\u00e4nien International\" \/>\n<meta property=\"article:published_time\" content=\"2017-07-22T14:30:00+00:00\" \/>\n<meta property=\"og:image\" content=\"https:\/\/www.rri.ro\/wp-content\/uploads\/2023\/10\/nora-iuga.png\" \/>\n\t<meta property=\"og:image:width\" content=\"640\" \/>\n\t<meta property=\"og:image:height\" content=\"426\" \/>\n\t<meta property=\"og:image:type\" content=\"image\/png\" \/>\n<meta name=\"author\" content=\"Corina Sab\u0103u\" \/>\n<meta name=\"twitter:card\" content=\"summary_large_image\" \/>\n<meta name=\"twitter:label1\" content=\"Verfasst von\" \/>\n\t<meta name=\"twitter:data1\" content=\"Corina Sab\u0103u\" \/>\n\t<meta name=\"twitter:label2\" content=\"Gesch\u00e4tzte Lesezeit\" \/>\n\t<meta name=\"twitter:data2\" content=\"5\u00a0Minuten\" \/>\n\t<meta name=\"twitter:label3\" content=\"Written by\" \/>\n\t<meta name=\"twitter:data3\" content=\"Corina Sab\u0103u\" \/>\n<script type=\"application\/ld+json\" class=\"yoast-schema-graph\">{\"@context\":\"https:\\\/\\\/schema.org\",\"@graph\":[{\"@type\":\"Article\",\"@id\":\"https:\\\/\\\/www.rri.ro\\\/de\\\/feature-reportage\\\/kulturchronik\\\/schriftstellerin-nora-iuga-ich-danke-dem-genialen-ingenieur-id630260.html#article\",\"isPartOf\":{\"@id\":\"https:\\\/\\\/www.rri.ro\\\/de\\\/feature-reportage\\\/kulturchronik\\\/schriftstellerin-nora-iuga-ich-danke-dem-genialen-ingenieur-id630260.html\"},\"author\":{\"name\":\"Corina Sab\u0103u\",\"@id\":\"https:\\\/\\\/www.rri.ro\\\/#\\\/schema\\\/person\\\/f422c4ce48593b32beccebb63f9ceb1e\"},\"headline\":\"Schriftstellerin Nora Iuga: \u201eIch danke dem genialen Ingenieur\u201c\",\"datePublished\":\"2017-07-22T14:30:00+00:00\",\"mainEntityOfPage\":{\"@id\":\"https:\\\/\\\/www.rri.ro\\\/de\\\/feature-reportage\\\/kulturchronik\\\/schriftstellerin-nora-iuga-ich-danke-dem-genialen-ingenieur-id630260.html\"},\"wordCount\":909,\"image\":{\"@id\":\"https:\\\/\\\/www.rri.ro\\\/de\\\/feature-reportage\\\/kulturchronik\\\/schriftstellerin-nora-iuga-ich-danke-dem-genialen-ingenieur-id630260.html#primaryimage\"},\"thumbnailUrl\":\"https:\\\/\\\/www.rri.ro\\\/wp-content\\\/uploads\\\/2023\\\/10\\\/nora-iuga.png\",\"keywords\":[\"Literatur\",\"Literatur\u00fcbersetzung\",\"Nora Iuga\",\"po\u00e9sie\",\"Prosa\",\"Rum\u00e4nien\"],\"articleSection\":[\"Kulturchronik\"],\"inLanguage\":\"de\"},{\"@type\":\"WebPage\",\"@id\":\"https:\\\/\\\/www.rri.ro\\\/de\\\/feature-reportage\\\/kulturchronik\\\/schriftstellerin-nora-iuga-ich-danke-dem-genialen-ingenieur-id630260.html\",\"url\":\"https:\\\/\\\/www.rri.ro\\\/de\\\/feature-reportage\\\/kulturchronik\\\/schriftstellerin-nora-iuga-ich-danke-dem-genialen-ingenieur-id630260.html\",\"name\":\"Schriftstellerin Nora Iuga: \u201eIch danke dem genialen Ingenieur\u201c - Radio Rum\u00e4nien International\",\"isPartOf\":{\"@id\":\"https:\\\/\\\/www.rri.ro\\\/#website\"},\"primaryImageOfPage\":{\"@id\":\"https:\\\/\\\/www.rri.ro\\\/de\\\/feature-reportage\\\/kulturchronik\\\/schriftstellerin-nora-iuga-ich-danke-dem-genialen-ingenieur-id630260.html#primaryimage\"},\"image\":{\"@id\":\"https:\\\/\\\/www.rri.ro\\\/de\\\/feature-reportage\\\/kulturchronik\\\/schriftstellerin-nora-iuga-ich-danke-dem-genialen-ingenieur-id630260.html#primaryimage\"},\"thumbnailUrl\":\"https:\\\/\\\/www.rri.ro\\\/wp-content\\\/uploads\\\/2023\\\/10\\\/nora-iuga.png\",\"datePublished\":\"2017-07-22T14:30:00+00:00\",\"author\":{\"@id\":\"https:\\\/\\\/www.rri.ro\\\/#\\\/schema\\\/person\\\/f422c4ce48593b32beccebb63f9ceb1e\"},\"breadcrumb\":{\"@id\":\"https:\\\/\\\/www.rri.ro\\\/de\\\/feature-reportage\\\/kulturchronik\\\/schriftstellerin-nora-iuga-ich-danke-dem-genialen-ingenieur-id630260.html#breadcrumb\"},\"inLanguage\":\"de\",\"potentialAction\":[{\"@type\":\"ReadAction\",\"target\":[\"https:\\\/\\\/www.rri.ro\\\/de\\\/feature-reportage\\\/kulturchronik\\\/schriftstellerin-nora-iuga-ich-danke-dem-genialen-ingenieur-id630260.html\"]}]},{\"@type\":\"ImageObject\",\"inLanguage\":\"de\",\"@id\":\"https:\\\/\\\/www.rri.ro\\\/de\\\/feature-reportage\\\/kulturchronik\\\/schriftstellerin-nora-iuga-ich-danke-dem-genialen-ingenieur-id630260.html#primaryimage\",\"url\":\"https:\\\/\\\/www.rri.ro\\\/wp-content\\\/uploads\\\/2023\\\/10\\\/nora-iuga.png\",\"contentUrl\":\"https:\\\/\\\/www.rri.ro\\\/wp-content\\\/uploads\\\/2023\\\/10\\\/nora-iuga.png\",\"width\":640,\"height\":426},{\"@type\":\"BreadcrumbList\",\"@id\":\"https:\\\/\\\/www.rri.ro\\\/de\\\/feature-reportage\\\/kulturchronik\\\/schriftstellerin-nora-iuga-ich-danke-dem-genialen-ingenieur-id630260.html#breadcrumb\",\"itemListElement\":[{\"@type\":\"ListItem\",\"position\":1,\"name\":\"Startseite\",\"item\":\"https:\\\/\\\/www.rri.ro\\\/de\"},{\"@type\":\"ListItem\",\"position\":2,\"name\":\"Feature &amp; Reportage\",\"item\":\"https:\\\/\\\/www.rri.ro\\\/de\\\/feature-reportage\"},{\"@type\":\"ListItem\",\"position\":3,\"name\":\"Kulturchronik\",\"item\":\"https:\\\/\\\/www.rri.ro\\\/de\\\/feature-reportage\\\/kulturchronik\"},{\"@type\":\"ListItem\",\"position\":4,\"name\":\"Schriftstellerin Nora Iuga: \u201eIch danke dem genialen Ingenieur\u201c\"}]},{\"@type\":\"WebSite\",\"@id\":\"https:\\\/\\\/www.rri.ro\\\/#website\",\"url\":\"https:\\\/\\\/www.rri.ro\\\/\",\"name\":\"Radio Rum\u00e4nien International\",\"description\":\"Totul despre Rom\u00e2nia \u015fi rom\u00e2ni, \u00een 13 limbi\\\/dialecte!\",\"inLanguage\":\"de\"},{\"@type\":\"Person\",\"@id\":\"https:\\\/\\\/www.rri.ro\\\/#\\\/schema\\\/person\\\/f422c4ce48593b32beccebb63f9ceb1e\",\"name\":\"Corina Sab\u0103u\",\"url\":\"https:\\\/\\\/www.rri.ro\\\/de\\\/author\\\/corina-sabau\"}]}<\/script>\n<!-- \/ Yoast SEO plugin. -->","yoast_head_json":{"title":"Schriftstellerin Nora Iuga: \u201eIch danke dem genialen Ingenieur\u201c - Radio Rum\u00e4nien International","robots":{"index":"index","follow":"follow","max-snippet":"max-snippet:-1","max-image-preview":"max-image-preview:large","max-video-preview":"max-video-preview:-1"},"canonical":"https:\/\/www.rri.ro\/de\/feature-reportage\/kulturchronik\/schriftstellerin-nora-iuga-ich-danke-dem-genialen-ingenieur-id630260.html","og_locale":"de_DE","og_type":"article","og_title":"Schriftstellerin Nora Iuga: \u201eIch danke dem genialen Ingenieur\u201c - Radio Rum\u00e4nien International","og_description":"Die Dichterin und Prosaautorin Nora Iuga \u00fcberrascht jedes Jahr ihre Leser mit einem neuen Band, der positive Pressestimmen genie\u00dft. Mit ihrem j\u00fcngsten Gedichtband nimmt sich Nora Iuga vor, die Avantgarde wiederzubeleben.","og_url":"https:\/\/www.rri.ro\/de\/feature-reportage\/kulturchronik\/schriftstellerin-nora-iuga-ich-danke-dem-genialen-ingenieur-id630260.html","og_site_name":"Radio Rum\u00e4nien International","article_published_time":"2017-07-22T14:30:00+00:00","og_image":[{"width":640,"height":426,"url":"https:\/\/www.rri.ro\/wp-content\/uploads\/2023\/10\/nora-iuga.png","type":"image\/png"}],"author":"Corina Sab\u0103u","twitter_card":"summary_large_image","twitter_misc":{"Verfasst von":"Corina Sab\u0103u","Gesch\u00e4tzte Lesezeit":"5\u00a0Minuten","Written by":"Corina Sab\u0103u"},"schema":{"@context":"https:\/\/schema.org","@graph":[{"@type":"Article","@id":"https:\/\/www.rri.ro\/de\/feature-reportage\/kulturchronik\/schriftstellerin-nora-iuga-ich-danke-dem-genialen-ingenieur-id630260.html#article","isPartOf":{"@id":"https:\/\/www.rri.ro\/de\/feature-reportage\/kulturchronik\/schriftstellerin-nora-iuga-ich-danke-dem-genialen-ingenieur-id630260.html"},"author":{"name":"Corina Sab\u0103u","@id":"https:\/\/www.rri.ro\/#\/schema\/person\/f422c4ce48593b32beccebb63f9ceb1e"},"headline":"Schriftstellerin Nora Iuga: \u201eIch danke dem genialen Ingenieur\u201c","datePublished":"2017-07-22T14:30:00+00:00","mainEntityOfPage":{"@id":"https:\/\/www.rri.ro\/de\/feature-reportage\/kulturchronik\/schriftstellerin-nora-iuga-ich-danke-dem-genialen-ingenieur-id630260.html"},"wordCount":909,"image":{"@id":"https:\/\/www.rri.ro\/de\/feature-reportage\/kulturchronik\/schriftstellerin-nora-iuga-ich-danke-dem-genialen-ingenieur-id630260.html#primaryimage"},"thumbnailUrl":"https:\/\/www.rri.ro\/wp-content\/uploads\/2023\/10\/nora-iuga.png","keywords":["Literatur","Literatur\u00fcbersetzung","Nora Iuga","po\u00e9sie","Prosa","Rum\u00e4nien"],"articleSection":["Kulturchronik"],"inLanguage":"de"},{"@type":"WebPage","@id":"https:\/\/www.rri.ro\/de\/feature-reportage\/kulturchronik\/schriftstellerin-nora-iuga-ich-danke-dem-genialen-ingenieur-id630260.html","url":"https:\/\/www.rri.ro\/de\/feature-reportage\/kulturchronik\/schriftstellerin-nora-iuga-ich-danke-dem-genialen-ingenieur-id630260.html","name":"Schriftstellerin Nora Iuga: \u201eIch danke dem genialen Ingenieur\u201c - Radio Rum\u00e4nien International","isPartOf":{"@id":"https:\/\/www.rri.ro\/#website"},"primaryImageOfPage":{"@id":"https:\/\/www.rri.ro\/de\/feature-reportage\/kulturchronik\/schriftstellerin-nora-iuga-ich-danke-dem-genialen-ingenieur-id630260.html#primaryimage"},"image":{"@id":"https:\/\/www.rri.ro\/de\/feature-reportage\/kulturchronik\/schriftstellerin-nora-iuga-ich-danke-dem-genialen-ingenieur-id630260.html#primaryimage"},"thumbnailUrl":"https:\/\/www.rri.ro\/wp-content\/uploads\/2023\/10\/nora-iuga.png","datePublished":"2017-07-22T14:30:00+00:00","author":{"@id":"https:\/\/www.rri.ro\/#\/schema\/person\/f422c4ce48593b32beccebb63f9ceb1e"},"breadcrumb":{"@id":"https:\/\/www.rri.ro\/de\/feature-reportage\/kulturchronik\/schriftstellerin-nora-iuga-ich-danke-dem-genialen-ingenieur-id630260.html#breadcrumb"},"inLanguage":"de","potentialAction":[{"@type":"ReadAction","target":["https:\/\/www.rri.ro\/de\/feature-reportage\/kulturchronik\/schriftstellerin-nora-iuga-ich-danke-dem-genialen-ingenieur-id630260.html"]}]},{"@type":"ImageObject","inLanguage":"de","@id":"https:\/\/www.rri.ro\/de\/feature-reportage\/kulturchronik\/schriftstellerin-nora-iuga-ich-danke-dem-genialen-ingenieur-id630260.html#primaryimage","url":"https:\/\/www.rri.ro\/wp-content\/uploads\/2023\/10\/nora-iuga.png","contentUrl":"https:\/\/www.rri.ro\/wp-content\/uploads\/2023\/10\/nora-iuga.png","width":640,"height":426},{"@type":"BreadcrumbList","@id":"https:\/\/www.rri.ro\/de\/feature-reportage\/kulturchronik\/schriftstellerin-nora-iuga-ich-danke-dem-genialen-ingenieur-id630260.html#breadcrumb","itemListElement":[{"@type":"ListItem","position":1,"name":"Startseite","item":"https:\/\/www.rri.ro\/de"},{"@type":"ListItem","position":2,"name":"Feature &amp; Reportage","item":"https:\/\/www.rri.ro\/de\/feature-reportage"},{"@type":"ListItem","position":3,"name":"Kulturchronik","item":"https:\/\/www.rri.ro\/de\/feature-reportage\/kulturchronik"},{"@type":"ListItem","position":4,"name":"Schriftstellerin Nora Iuga: \u201eIch danke dem genialen Ingenieur\u201c"}]},{"@type":"WebSite","@id":"https:\/\/www.rri.ro\/#website","url":"https:\/\/www.rri.ro\/","name":"Radio Rum\u00e4nien International","description":"Totul despre Rom\u00e2nia \u015fi rom\u00e2ni, \u00een 13 limbi\/dialecte!","inLanguage":"de"},{"@type":"Person","@id":"https:\/\/www.rri.ro\/#\/schema\/person\/f422c4ce48593b32beccebb63f9ceb1e","name":"Corina Sab\u0103u","url":"https:\/\/www.rri.ro\/de\/author\/corina-sabau"}]}},"_links":{"self":[{"href":"https:\/\/www.rri.ro\/de\/wp-json\/wp\/v2\/posts\/630260","targetHints":{"allow":["GET"]}}],"collection":[{"href":"https:\/\/www.rri.ro\/de\/wp-json\/wp\/v2\/posts"}],"about":[{"href":"https:\/\/www.rri.ro\/de\/wp-json\/wp\/v2\/types\/post"}],"author":[{"embeddable":true,"href":"https:\/\/www.rri.ro\/de\/wp-json\/wp\/v2\/users\/135"}],"replies":[{"embeddable":true,"href":"https:\/\/www.rri.ro\/de\/wp-json\/wp\/v2\/comments?post=630260"}],"version-history":[{"count":0,"href":"https:\/\/www.rri.ro\/de\/wp-json\/wp\/v2\/posts\/630260\/revisions"}],"wp:featuredmedia":[{"embeddable":true,"href":"https:\/\/www.rri.ro\/de\/wp-json\/wp\/v2\/media\/161660"}],"wp:attachment":[{"href":"https:\/\/www.rri.ro\/de\/wp-json\/wp\/v2\/media?parent=630260"}],"wp:term":[{"taxonomy":"category","embeddable":true,"href":"https:\/\/www.rri.ro\/de\/wp-json\/wp\/v2\/categories?post=630260"},{"taxonomy":"post_tag","embeddable":true,"href":"https:\/\/www.rri.ro\/de\/wp-json\/wp\/v2\/tags?post=630260"},{"taxonomy":"author","embeddable":true,"href":"https:\/\/www.rri.ro\/de\/wp-json\/wp\/v2\/coauthors?post=630260"}],"curies":[{"name":"wp","href":"https:\/\/api.w.org\/{rel}","templated":true}]}}