{"id":630270,"date":"2017-11-18T20:27:00","date_gmt":"2017-11-18T18:27:00","guid":{"rendered":"http:\/\/devrri.freshlemon.ro\/aktuell\/internationales-literaturfestival-in-temeswar-filtm-mittel-und-osteuropa-im-rampenlicht-id630270.html"},"modified":"2017-11-18T20:27:00","modified_gmt":"2017-11-18T18:27:00","slug":"internationales-literaturfestival-in-temeswar-filtm-mittel-und-osteuropa-im-rampenlicht","status":"publish","type":"post","link":"https:\/\/www.rri.ro\/de\/feature-reportage\/kulturchronik\/internationales-literaturfestival-in-temeswar-filtm-mittel-und-osteuropa-im-rampenlicht-id630270.html","title":{"rendered":"Internationales Literaturfestival in Temeswar (FILTM): Mittel- und Osteuropa im Rampenlicht"},"content":{"rendered":"<p>Zum ersten Mal gab es beim Literaturfestival in Temeswar auch einen Gedicht-Marathon, an dem Autoren aus Mittel- und S\u00fcdosteuropa beteiligt waren. Und ferner fand auch das sogenannte Literary Death Match statt, zum ersten Mal stieg die Literatur also in den Ring. Die Geschichte zwischen Erinnerung und Fiktion\u201c lautete eine der von den Veranstaltern vorgeschlagenen Themen bei der gerade abgeschlossenen Auflage des Festivals. Festivalintendant und Dichter Robert \u015eerban erkl\u00e4rt die diesj\u00e4hrige Themenwahl.<\/p>\n<p>&#13;<br \/>\n&#13;<\/p>\n<p>&#13;<br \/>\n&#13;<\/p>\n<p><em>Ich glaube, dass eigentlich jeder von uns, der schreibt und liest, mit der Geschichte etwas zu tun hat. Es muss gesagt werden, dass dieses Festival den Zusatz \u00bbIm Westen des Ostens \/ Im Osten des Westens<\/em><em>\u00ab bekommen hat. Und in dieser Region, in Mittel- und<\/em><em> Osteuropa gibt es eine Reihe von Geschichten, die wir kennen m\u00fcssen. Das sind unsere Geschichten, die Geschichten unserer Nachbarn, Geschichten mit denen wir uns auseinandergesetzt haben und es immer noch tun. Geschichten, die uns kulturell, historisch und letztenendes menschlich geformt haben. Rund um Rum\u00e4nien gibt es L\u00e4nder, mit denen Rum\u00e4nien st\u00e4ndig zu tun hatte, mit denen das Land einen st\u00e4ndigen Dialog f\u00fchrte und es ist extrem wichtig, deine Gespr\u00e4chspartner kennenzulernen. Und ebenfalls sehr wichtig ist es, die Menschen an unserer Seite zu kennen, vielleicht noch wichtiger als die Menschen auf anderen Kontinenten.\u201c<\/em><\/p>\n<p>&#13;<br \/>\n&#13;<\/p>\n<p>&#13;<br \/>\n&#13;<\/p>\n<p>&#13;<br \/>\n&#13;<\/p>\n<p>Am ersten Festivalabend wurde den Literaturfans in Temeswar die Chance geboten, sich mit zwei der wichtigsten rum\u00e4nischen Schriftsteller unserer Zeit zu treffen: mit der Schrifstellerin Gabriela Adame\u015fteanu, die am meisten \u00fcbersetzte lebende Autorin aus Rum\u00e4nien, sowie mit Ion Vianu, dem Schriftsteller, der sein Schicksal zwischen der Schweiz und Rum\u00e4nien teilt. Er ist einer der besten rum\u00e4nischen Psychiater der zweiten H\u00e4lfte des 20. Jahrhunderts und einer der angenehmsten \u00dcberraschungen der Literatur der 2000er Jahre, wie Festivalintendant Robert \u015eerban uns erkl\u00e4rte.<\/p>\n<p>&#13;<br \/>\n&#13;<\/p>\n<p>&#13;<br \/>\n&#13;<\/p>\n<p><em>Wir haben am ersten Abend bew<\/em><em>\u00e4hrte Schriftsteller zusammengef\u00fchrt. Bekanntlich sind <\/em><em>Gabriela Adame\u015fteanus Werke die am meisten \u00fcbersetzten Werke einer rum\u00e4nischen Schriftstellerin. Sie gab Mitte der 1970er ihr Deb\u00fct, war in den 1990ern sehr aktiv in den rum\u00e4nischen Medien, das hei\u200e\u00dft unmittelbar nach der Wende leitete sie das Magazin \u00bbRevista 22\u00ab und geh\u00f6rte der Gruppe f\u00fcr Sozialen Dialog an. Was Ion Vianu anbelangt &#8212; er war einer der wenigen mutigen Menschen in Rum\u00e4nien w\u00e4hrend der Ceau\u015fescu-<\/em><em>\u00c4ra, einer der wenigen, die sich mit dem Dissidenten Paul Goma solidarisch zeigte. Wegen der sich abzeichnenden Vergeltungsma\u200e\u00dfnahmen ging er anschlie\u200e\u00dfend ins Exil in die Schweiz. Es war also ein Abend, der diesen Schriftstellern gewidmet war, die \u00fcber die Geschichte und ihre aktuellen Sorgen gesprochen haben, ein Abend, der von der Schriftstellerin Adriana Babe<\/em><em>\u0163i moderiert wurde, eine der Kulturpers\u00f6nlichkeiten, auf die Temeswar stolz ist.<\/em><em>\u201c<\/em><\/p>\n<p>&#13;<br \/>\n&#13;<\/p>\n<p>&#13;<br \/>\n&#13;<\/p>\n<p>&#13;<br \/>\n&#13;<\/p>\n<p>Am zweiten Abend des Literaturfestivals in Teweswar standen sich folgende Autoren gegen\u00fcber: Serhij Schadan, bekannter ukrainischer Dichter und Veteran des Euromaidans, neben dem deutschen Prosaautoren polnischer Herkunft Matthias Nawrat, der Moldauerin Tatiana \u0162\u00eebuleac, Autorin eines der besten Romane vom vergangenen Jahr, und schlie\u200e\u00dflich Dan Lungu, der am h\u00e4ufigsten \u00fcbersetzte junge rum\u00e4nische Autor. Vor ihrer Teilnahme am Festival in Teweswar, wo sie als Offenbarung der zeitgen\u00f6ssischen rum\u00e4nischen Literatur vorgestellt wurde\u201c, war Tatiana \u0162\u00eebuleac beim Internationalen Literatur- und \u00dcbersetzerfestival FILIT in Ia\u015fi zu Gast, wie sie selbst strahlend erz\u00e4hlte.<\/p>\n<p>&#13;<br \/>\n&#13;<\/p>\n<p>&#13;<br \/>\n&#13;<\/p>\n<p><em>Sowohl das Festival in<\/em><em> Ia\u015fi<\/em><em> als auch das in Temeswar waren f\u00fcr mich Feiertage. Neben der unerwarteten \u00dcberraschung, eingeladen zu werden, war es f\u00fcr mich auch eine gro\u200e\u00dfe Freude, soviele Menschen zu treffen, die ich nur aus ihren B\u00fcchern kannte und auch zum ersten Mal als Schriftstellerin dabei zu sein. Bislang war ich n\u00e4mlich immer nur als Journalistin anwesend. Beim Festival in Temeswar, das weniger gut besucht war als FILIT, hat mir die Organisationsarbeit besonders gut gefallen. Die Diskussionsrunden, bei denen ich dabei war und an denen ich mich beteiligt habe, waren wichtig f\u00fcr mich als Schriftstellerin; ich konnte herausfinden, wo ich gerade stehe. Ebenso die Gespr\u00e4che nach dem Festival mit Ion Vianu, mit Gabriela <\/em><em>Adame\u015fteanu. <\/em><em>Diese Menschen haben B\u00fccher geschrieben, die als echte Literaturstunden gelten k\u00f6nnten. Als ich unl\u00e4ngst Gabriela<\/em><em> Adame\u015fteanu<\/em><em>s Werke las, stellte ich fest, dass sie vor Jahren von Dingen schrieb, die uns heute neu erscheinen. Deshalb ist es wichtig, an der Literatur und dem Kontext angeschlossen zu sein und zu verstehen, dass die Themen sich wiederholen, nur schreiben wir auf unterschiedliche Art und Weise dar\u00fcber.\u201c<\/em><\/p>\n<p>&#13;<br \/>\n&#13;<\/p>\n<p>&#13;<br \/>\n&#13;<\/p>\n<p>&#13;<br \/>\n&#13;<\/p>\n<p>Kurz und intensiv, Tatiana \u0162\u00eebuleacs herrlicher Roman ist der Durchbruch einer Prosaautorin, an die ich die gr\u00f6\u200e\u00dften Erwartungen stelle\u201c &#8212; schreibt Radu Vancu \u00fcber den Roman Der Sommer, in dem meine Mutter gr\u00fcne Augen hatte\u201c, der beim Verlag Cartier erschien. Tatiana \u0162\u00eebuleac sprach in Temeswar auch \u00fcber die Entstehungsgeschichte des Romans:<\/p>\n<p>&#13;<br \/>\n&#13;<\/p>\n<p>&#13;<br \/>\n&#13;<\/p>\n<p><em>Als ich anfing, zu schreiben, dachte ich nicht, dass es ein Buch werden w\u00fcrde. Ich begann die Geschichte einer Frau zu schreiben, die mich vergangenen Sommer beeindruckt hat. Ich habe aber festgestellt, dass je l\u00e4nger ich schrieb, es desto schwieriger wurde, aufzuh\u00f6ren, und dass sehr viele Dinge aus meinem Kopf, die auf einer Art verborgener Regale gestanden hatten, auf einmal in die Geschichte mit einflie\u200e\u00dfen. Und da habe ich mir gedacht, weiter zu machen, um den Ausgang zu erfahren. Und irgendwann wusste ich, dass in diesem Buch bis ans Ende gehen muss. Es gab viele Dinge, die ich lautstark sagen wollte, aber bislang hatte ich noch nicht die Form oder die Gelegenheit oder den richtigen Zeitpunkt daf\u00fcr gefunden. Und dieses Buch hat mir die Gelegenheit, den Platz daf\u00fcr geboten. Und nachdem ich es fertig geschrieben hatte, bin ich mir bewusst geworden, wie gut es auch mir getan hatte, diese Dinge offen anzusprechen.\u201c <\/em><\/p>\n<p>&#13;<br \/>\n&#13;<\/p>\n<p>&#13;<br \/>\n&#13;<\/p>\n<p>&#13;<br \/>\n&#13;<\/p>\n<p>Der Roman von Tatiana \u0162\u00eebuleac wird als durchschlagender Publikums- und Kritikererfolg im kommenden Jahr auch beim franz\u00f6sischen Verlag Syrtes erscheinen. <\/p>\n<p>&#13;<\/p>\n","protected":false},"excerpt":{"rendered":"<p>Herbstzeit ist Festivalzeit: Nach dem Bericht zum Theaterfestival vor einer Woche blicken wir heute nach Temeswar, wo 20 Schriftsteller aus 10 L\u00e4ndern zum Internationalen Literaturfestival eingeladen waren.<\/p>\n","protected":false},"author":135,"featured_media":541509,"comment_status":"closed","ping_status":"closed","sticky":false,"template":"","format":"standard","meta":{"_acf_changed":false,"footnotes":""},"categories":[116759],"tags":[69761,70203,44882,65734,102128,121376,122253,99589,122252,44883,99787,2017],"coauthors":[],"class_list":["post-630270","post","type-post","status-publish","format-standard","has-post-thumbnail","hentry","category-kulturchronik","tag-dan-lungu","tag-filtm","tag-gabriela-adamesteanu","tag-ion-vianu","tag-literatur","tag-literaturfestival","tag-matthias-nawrat","tag-rumaenien","tag-serhij-schadan","tag-tatiana-tibuleac","tag-temeswar","tag-vaccinare-covid19-romania-reactii-adverse-pfizer-moderna-astrazeneca"],"acf":[],"yoast_head":"<!-- This site is optimized with the Yoast SEO plugin v27.3 - https:\/\/yoast.com\/product\/yoast-seo-wordpress\/ -->\n<title>Internationales Literaturfestival in Temeswar (FILTM): Mittel- und Osteuropa im Rampenlicht - Radio Rum\u00e4nien International<\/title>\n<meta name=\"robots\" content=\"index, follow, max-snippet:-1, max-image-preview:large, max-video-preview:-1\" \/>\n<link rel=\"canonical\" href=\"https:\/\/www.rri.ro\/de\/feature-reportage\/kulturchronik\/internationales-literaturfestival-in-temeswar-filtm-mittel-und-osteuropa-im-rampenlicht-id630270.html\" \/>\n<meta property=\"og:locale\" content=\"de_DE\" \/>\n<meta property=\"og:type\" content=\"article\" \/>\n<meta property=\"og:title\" content=\"Internationales Literaturfestival in Temeswar (FILTM): Mittel- und Osteuropa im Rampenlicht - Radio Rum\u00e4nien International\" \/>\n<meta property=\"og:description\" content=\"Herbstzeit ist Festivalzeit: Nach dem Bericht zum Theaterfestival vor einer Woche blicken wir heute nach Temeswar, wo 20 Schriftsteller aus 10 L\u00e4ndern zum Internationalen Literaturfestival eingeladen waren.\" \/>\n<meta property=\"og:url\" content=\"https:\/\/www.rri.ro\/de\/feature-reportage\/kulturchronik\/internationales-literaturfestival-in-temeswar-filtm-mittel-und-osteuropa-im-rampenlicht-id630270.html\" \/>\n<meta property=\"og:site_name\" content=\"Radio Rum\u00e4nien International\" \/>\n<meta property=\"article:published_time\" content=\"2017-11-18T18:27:00+00:00\" \/>\n<meta property=\"og:image\" content=\"https:\/\/www.rri.ro\/wp-content\/uploads\/2023\/10\/literary-death-match2-filtm-fb.jpg\" \/>\n\t<meta property=\"og:image:width\" content=\"640\" \/>\n\t<meta property=\"og:image:height\" content=\"480\" \/>\n\t<meta property=\"og:image:type\" content=\"image\/png\" \/>\n<meta name=\"author\" content=\"Corina Sab\u0103u\" \/>\n<meta name=\"twitter:card\" content=\"summary_large_image\" \/>\n<meta name=\"twitter:label1\" content=\"Verfasst von\" \/>\n\t<meta name=\"twitter:data1\" content=\"Corina Sab\u0103u\" \/>\n\t<meta name=\"twitter:label2\" content=\"Gesch\u00e4tzte Lesezeit\" \/>\n\t<meta name=\"twitter:data2\" content=\"5\u00a0Minuten\" \/>\n\t<meta name=\"twitter:label3\" content=\"Written by\" \/>\n\t<meta name=\"twitter:data3\" content=\"Corina Sab\u0103u\" \/>\n<script type=\"application\/ld+json\" class=\"yoast-schema-graph\">{\"@context\":\"https:\\\/\\\/schema.org\",\"@graph\":[{\"@type\":\"Article\",\"@id\":\"https:\\\/\\\/www.rri.ro\\\/de\\\/feature-reportage\\\/kulturchronik\\\/internationales-literaturfestival-in-temeswar-filtm-mittel-und-osteuropa-im-rampenlicht-id630270.html#article\",\"isPartOf\":{\"@id\":\"https:\\\/\\\/www.rri.ro\\\/de\\\/feature-reportage\\\/kulturchronik\\\/internationales-literaturfestival-in-temeswar-filtm-mittel-und-osteuropa-im-rampenlicht-id630270.html\"},\"author\":{\"name\":\"Corina Sab\u0103u\",\"@id\":\"https:\\\/\\\/www.rri.ro\\\/#\\\/schema\\\/person\\\/f422c4ce48593b32beccebb63f9ceb1e\"},\"headline\":\"Internationales Literaturfestival in Temeswar (FILTM): Mittel- und Osteuropa im Rampenlicht\",\"datePublished\":\"2017-11-18T18:27:00+00:00\",\"mainEntityOfPage\":{\"@id\":\"https:\\\/\\\/www.rri.ro\\\/de\\\/feature-reportage\\\/kulturchronik\\\/internationales-literaturfestival-in-temeswar-filtm-mittel-und-osteuropa-im-rampenlicht-id630270.html\"},\"wordCount\":988,\"image\":{\"@id\":\"https:\\\/\\\/www.rri.ro\\\/de\\\/feature-reportage\\\/kulturchronik\\\/internationales-literaturfestival-in-temeswar-filtm-mittel-und-osteuropa-im-rampenlicht-id630270.html#primaryimage\"},\"thumbnailUrl\":\"https:\\\/\\\/www.rri.ro\\\/wp-content\\\/uploads\\\/2023\\\/10\\\/literary-death-match2-filtm-fb.jpg\",\"keywords\":[\"Dan Lungu\",\"FILTM\",\"Gabriela Adamesteanu\",\"Ion Vianu\",\"Literatur\",\"Literaturfestival\",\"Matthias Nawrat\",\"Rum\u00e4nien\",\"Serhij Schadan\",\"Tatiana Tibuleac\",\"Temeswar\",\"vaccinare, COVID19, Romania, reactii adverse, Pfizer, Moderna, AstraZeneca\"],\"articleSection\":[\"Kulturchronik\"],\"inLanguage\":\"de\"},{\"@type\":\"WebPage\",\"@id\":\"https:\\\/\\\/www.rri.ro\\\/de\\\/feature-reportage\\\/kulturchronik\\\/internationales-literaturfestival-in-temeswar-filtm-mittel-und-osteuropa-im-rampenlicht-id630270.html\",\"url\":\"https:\\\/\\\/www.rri.ro\\\/de\\\/feature-reportage\\\/kulturchronik\\\/internationales-literaturfestival-in-temeswar-filtm-mittel-und-osteuropa-im-rampenlicht-id630270.html\",\"name\":\"Internationales Literaturfestival in Temeswar (FILTM): Mittel- und Osteuropa im Rampenlicht - Radio Rum\u00e4nien International\",\"isPartOf\":{\"@id\":\"https:\\\/\\\/www.rri.ro\\\/#website\"},\"primaryImageOfPage\":{\"@id\":\"https:\\\/\\\/www.rri.ro\\\/de\\\/feature-reportage\\\/kulturchronik\\\/internationales-literaturfestival-in-temeswar-filtm-mittel-und-osteuropa-im-rampenlicht-id630270.html#primaryimage\"},\"image\":{\"@id\":\"https:\\\/\\\/www.rri.ro\\\/de\\\/feature-reportage\\\/kulturchronik\\\/internationales-literaturfestival-in-temeswar-filtm-mittel-und-osteuropa-im-rampenlicht-id630270.html#primaryimage\"},\"thumbnailUrl\":\"https:\\\/\\\/www.rri.ro\\\/wp-content\\\/uploads\\\/2023\\\/10\\\/literary-death-match2-filtm-fb.jpg\",\"datePublished\":\"2017-11-18T18:27:00+00:00\",\"author\":{\"@id\":\"https:\\\/\\\/www.rri.ro\\\/#\\\/schema\\\/person\\\/f422c4ce48593b32beccebb63f9ceb1e\"},\"breadcrumb\":{\"@id\":\"https:\\\/\\\/www.rri.ro\\\/de\\\/feature-reportage\\\/kulturchronik\\\/internationales-literaturfestival-in-temeswar-filtm-mittel-und-osteuropa-im-rampenlicht-id630270.html#breadcrumb\"},\"inLanguage\":\"de\",\"potentialAction\":[{\"@type\":\"ReadAction\",\"target\":[\"https:\\\/\\\/www.rri.ro\\\/de\\\/feature-reportage\\\/kulturchronik\\\/internationales-literaturfestival-in-temeswar-filtm-mittel-und-osteuropa-im-rampenlicht-id630270.html\"]}]},{\"@type\":\"ImageObject\",\"inLanguage\":\"de\",\"@id\":\"https:\\\/\\\/www.rri.ro\\\/de\\\/feature-reportage\\\/kulturchronik\\\/internationales-literaturfestival-in-temeswar-filtm-mittel-und-osteuropa-im-rampenlicht-id630270.html#primaryimage\",\"url\":\"https:\\\/\\\/www.rri.ro\\\/wp-content\\\/uploads\\\/2023\\\/10\\\/literary-death-match2-filtm-fb.jpg\",\"contentUrl\":\"https:\\\/\\\/www.rri.ro\\\/wp-content\\\/uploads\\\/2023\\\/10\\\/literary-death-match2-filtm-fb.jpg\",\"width\":640,\"height\":480},{\"@type\":\"BreadcrumbList\",\"@id\":\"https:\\\/\\\/www.rri.ro\\\/de\\\/feature-reportage\\\/kulturchronik\\\/internationales-literaturfestival-in-temeswar-filtm-mittel-und-osteuropa-im-rampenlicht-id630270.html#breadcrumb\",\"itemListElement\":[{\"@type\":\"ListItem\",\"position\":1,\"name\":\"Startseite\",\"item\":\"https:\\\/\\\/www.rri.ro\\\/de\"},{\"@type\":\"ListItem\",\"position\":2,\"name\":\"Feature &amp; Reportage\",\"item\":\"https:\\\/\\\/www.rri.ro\\\/de\\\/feature-reportage\"},{\"@type\":\"ListItem\",\"position\":3,\"name\":\"Kulturchronik\",\"item\":\"https:\\\/\\\/www.rri.ro\\\/de\\\/feature-reportage\\\/kulturchronik\"},{\"@type\":\"ListItem\",\"position\":4,\"name\":\"Internationales Literaturfestival in Temeswar (FILTM): Mittel- und Osteuropa im Rampenlicht\"}]},{\"@type\":\"WebSite\",\"@id\":\"https:\\\/\\\/www.rri.ro\\\/#website\",\"url\":\"https:\\\/\\\/www.rri.ro\\\/\",\"name\":\"Radio Rum\u00e4nien International\",\"description\":\"Totul despre Rom\u00e2nia \u015fi rom\u00e2ni, \u00een 13 limbi\\\/dialecte!\",\"inLanguage\":\"de\"},{\"@type\":\"Person\",\"@id\":\"https:\\\/\\\/www.rri.ro\\\/#\\\/schema\\\/person\\\/f422c4ce48593b32beccebb63f9ceb1e\",\"name\":\"Corina Sab\u0103u\",\"url\":\"https:\\\/\\\/www.rri.ro\\\/de\\\/author\\\/corina-sabau\"}]}<\/script>\n<!-- \/ Yoast SEO plugin. -->","yoast_head_json":{"title":"Internationales Literaturfestival in Temeswar (FILTM): Mittel- und Osteuropa im Rampenlicht - Radio Rum\u00e4nien International","robots":{"index":"index","follow":"follow","max-snippet":"max-snippet:-1","max-image-preview":"max-image-preview:large","max-video-preview":"max-video-preview:-1"},"canonical":"https:\/\/www.rri.ro\/de\/feature-reportage\/kulturchronik\/internationales-literaturfestival-in-temeswar-filtm-mittel-und-osteuropa-im-rampenlicht-id630270.html","og_locale":"de_DE","og_type":"article","og_title":"Internationales Literaturfestival in Temeswar (FILTM): Mittel- und Osteuropa im Rampenlicht - Radio Rum\u00e4nien International","og_description":"Herbstzeit ist Festivalzeit: Nach dem Bericht zum Theaterfestival vor einer Woche blicken wir heute nach Temeswar, wo 20 Schriftsteller aus 10 L\u00e4ndern zum Internationalen Literaturfestival eingeladen waren.","og_url":"https:\/\/www.rri.ro\/de\/feature-reportage\/kulturchronik\/internationales-literaturfestival-in-temeswar-filtm-mittel-und-osteuropa-im-rampenlicht-id630270.html","og_site_name":"Radio Rum\u00e4nien International","article_published_time":"2017-11-18T18:27:00+00:00","og_image":[{"width":640,"height":480,"url":"https:\/\/www.rri.ro\/wp-content\/uploads\/2023\/10\/literary-death-match2-filtm-fb.jpg","type":"image\/png"}],"author":"Corina Sab\u0103u","twitter_card":"summary_large_image","twitter_misc":{"Verfasst von":"Corina Sab\u0103u","Gesch\u00e4tzte Lesezeit":"5\u00a0Minuten","Written by":"Corina Sab\u0103u"},"schema":{"@context":"https:\/\/schema.org","@graph":[{"@type":"Article","@id":"https:\/\/www.rri.ro\/de\/feature-reportage\/kulturchronik\/internationales-literaturfestival-in-temeswar-filtm-mittel-und-osteuropa-im-rampenlicht-id630270.html#article","isPartOf":{"@id":"https:\/\/www.rri.ro\/de\/feature-reportage\/kulturchronik\/internationales-literaturfestival-in-temeswar-filtm-mittel-und-osteuropa-im-rampenlicht-id630270.html"},"author":{"name":"Corina Sab\u0103u","@id":"https:\/\/www.rri.ro\/#\/schema\/person\/f422c4ce48593b32beccebb63f9ceb1e"},"headline":"Internationales Literaturfestival in Temeswar (FILTM): Mittel- und Osteuropa im Rampenlicht","datePublished":"2017-11-18T18:27:00+00:00","mainEntityOfPage":{"@id":"https:\/\/www.rri.ro\/de\/feature-reportage\/kulturchronik\/internationales-literaturfestival-in-temeswar-filtm-mittel-und-osteuropa-im-rampenlicht-id630270.html"},"wordCount":988,"image":{"@id":"https:\/\/www.rri.ro\/de\/feature-reportage\/kulturchronik\/internationales-literaturfestival-in-temeswar-filtm-mittel-und-osteuropa-im-rampenlicht-id630270.html#primaryimage"},"thumbnailUrl":"https:\/\/www.rri.ro\/wp-content\/uploads\/2023\/10\/literary-death-match2-filtm-fb.jpg","keywords":["Dan Lungu","FILTM","Gabriela Adamesteanu","Ion Vianu","Literatur","Literaturfestival","Matthias Nawrat","Rum\u00e4nien","Serhij Schadan","Tatiana Tibuleac","Temeswar","vaccinare, COVID19, Romania, reactii adverse, Pfizer, Moderna, AstraZeneca"],"articleSection":["Kulturchronik"],"inLanguage":"de"},{"@type":"WebPage","@id":"https:\/\/www.rri.ro\/de\/feature-reportage\/kulturchronik\/internationales-literaturfestival-in-temeswar-filtm-mittel-und-osteuropa-im-rampenlicht-id630270.html","url":"https:\/\/www.rri.ro\/de\/feature-reportage\/kulturchronik\/internationales-literaturfestival-in-temeswar-filtm-mittel-und-osteuropa-im-rampenlicht-id630270.html","name":"Internationales Literaturfestival in Temeswar (FILTM): Mittel- und Osteuropa im Rampenlicht - Radio Rum\u00e4nien International","isPartOf":{"@id":"https:\/\/www.rri.ro\/#website"},"primaryImageOfPage":{"@id":"https:\/\/www.rri.ro\/de\/feature-reportage\/kulturchronik\/internationales-literaturfestival-in-temeswar-filtm-mittel-und-osteuropa-im-rampenlicht-id630270.html#primaryimage"},"image":{"@id":"https:\/\/www.rri.ro\/de\/feature-reportage\/kulturchronik\/internationales-literaturfestival-in-temeswar-filtm-mittel-und-osteuropa-im-rampenlicht-id630270.html#primaryimage"},"thumbnailUrl":"https:\/\/www.rri.ro\/wp-content\/uploads\/2023\/10\/literary-death-match2-filtm-fb.jpg","datePublished":"2017-11-18T18:27:00+00:00","author":{"@id":"https:\/\/www.rri.ro\/#\/schema\/person\/f422c4ce48593b32beccebb63f9ceb1e"},"breadcrumb":{"@id":"https:\/\/www.rri.ro\/de\/feature-reportage\/kulturchronik\/internationales-literaturfestival-in-temeswar-filtm-mittel-und-osteuropa-im-rampenlicht-id630270.html#breadcrumb"},"inLanguage":"de","potentialAction":[{"@type":"ReadAction","target":["https:\/\/www.rri.ro\/de\/feature-reportage\/kulturchronik\/internationales-literaturfestival-in-temeswar-filtm-mittel-und-osteuropa-im-rampenlicht-id630270.html"]}]},{"@type":"ImageObject","inLanguage":"de","@id":"https:\/\/www.rri.ro\/de\/feature-reportage\/kulturchronik\/internationales-literaturfestival-in-temeswar-filtm-mittel-und-osteuropa-im-rampenlicht-id630270.html#primaryimage","url":"https:\/\/www.rri.ro\/wp-content\/uploads\/2023\/10\/literary-death-match2-filtm-fb.jpg","contentUrl":"https:\/\/www.rri.ro\/wp-content\/uploads\/2023\/10\/literary-death-match2-filtm-fb.jpg","width":640,"height":480},{"@type":"BreadcrumbList","@id":"https:\/\/www.rri.ro\/de\/feature-reportage\/kulturchronik\/internationales-literaturfestival-in-temeswar-filtm-mittel-und-osteuropa-im-rampenlicht-id630270.html#breadcrumb","itemListElement":[{"@type":"ListItem","position":1,"name":"Startseite","item":"https:\/\/www.rri.ro\/de"},{"@type":"ListItem","position":2,"name":"Feature &amp; Reportage","item":"https:\/\/www.rri.ro\/de\/feature-reportage"},{"@type":"ListItem","position":3,"name":"Kulturchronik","item":"https:\/\/www.rri.ro\/de\/feature-reportage\/kulturchronik"},{"@type":"ListItem","position":4,"name":"Internationales Literaturfestival in Temeswar (FILTM): Mittel- und Osteuropa im Rampenlicht"}]},{"@type":"WebSite","@id":"https:\/\/www.rri.ro\/#website","url":"https:\/\/www.rri.ro\/","name":"Radio Rum\u00e4nien International","description":"Totul despre Rom\u00e2nia \u015fi rom\u00e2ni, \u00een 13 limbi\/dialecte!","inLanguage":"de"},{"@type":"Person","@id":"https:\/\/www.rri.ro\/#\/schema\/person\/f422c4ce48593b32beccebb63f9ceb1e","name":"Corina Sab\u0103u","url":"https:\/\/www.rri.ro\/de\/author\/corina-sabau"}]}},"_links":{"self":[{"href":"https:\/\/www.rri.ro\/de\/wp-json\/wp\/v2\/posts\/630270","targetHints":{"allow":["GET"]}}],"collection":[{"href":"https:\/\/www.rri.ro\/de\/wp-json\/wp\/v2\/posts"}],"about":[{"href":"https:\/\/www.rri.ro\/de\/wp-json\/wp\/v2\/types\/post"}],"author":[{"embeddable":true,"href":"https:\/\/www.rri.ro\/de\/wp-json\/wp\/v2\/users\/135"}],"replies":[{"embeddable":true,"href":"https:\/\/www.rri.ro\/de\/wp-json\/wp\/v2\/comments?post=630270"}],"version-history":[{"count":0,"href":"https:\/\/www.rri.ro\/de\/wp-json\/wp\/v2\/posts\/630270\/revisions"}],"wp:featuredmedia":[{"embeddable":true,"href":"https:\/\/www.rri.ro\/de\/wp-json\/wp\/v2\/media\/541509"}],"wp:attachment":[{"href":"https:\/\/www.rri.ro\/de\/wp-json\/wp\/v2\/media?parent=630270"}],"wp:term":[{"taxonomy":"category","embeddable":true,"href":"https:\/\/www.rri.ro\/de\/wp-json\/wp\/v2\/categories?post=630270"},{"taxonomy":"post_tag","embeddable":true,"href":"https:\/\/www.rri.ro\/de\/wp-json\/wp\/v2\/tags?post=630270"},{"taxonomy":"author","embeddable":true,"href":"https:\/\/www.rri.ro\/de\/wp-json\/wp\/v2\/coauthors?post=630270"}],"curies":[{"name":"wp","href":"https:\/\/api.w.org\/{rel}","templated":true}]}}