{"id":630322,"date":"2019-01-05T17:30:00","date_gmt":"2019-01-05T15:30:00","guid":{"rendered":"http:\/\/devrri.freshlemon.ro\/aktuell\/next-filmfestival-nach-dem-aus-projekte-werden-fortgesetzt-id630322.html"},"modified":"2019-01-05T17:30:00","modified_gmt":"2019-01-05T15:30:00","slug":"next-filmfestival-nach-dem-aus-projekte-werden-fortgesetzt","status":"publish","type":"post","link":"https:\/\/www.rri.ro\/de\/feature-reportage\/kulturchronik\/next-filmfestival-nach-dem-aus-projekte-werden-fortgesetzt-id630322.html","title":{"rendered":"NexT-Filmfestival nach dem Aus: Projekte werden fortgesetzt"},"content":{"rendered":"<p>Das 12. Internationale Filmfestival NexT hat zwischen dem 14. und dem 17. Dezember im Bauernmuseum in Bukarest stattgefunden. Die 12. Auflage war auch die letzte und markierte den Schluss eines wichtigen Kapitels in der Geschichte der rum\u00e4nischen Kinokunst. Zum ersten Mal fanden die Festspiele im Jahr 2007 statt und wurden vom gleichnamigen Kulturverband zum Gedenken an die bei einem Autounfall ums Leben gekommenen Branchenleute Cristian Nemescu (Regisseur) und Andrei Toncu (Tongestalter und Komponist) veranstaltet. Der Kulturverband NexT wurde von der Filmproduzentin Ada Solomon und einigen engen Freuden in der Filmindustrie des Regisseurs und Komponisten gegr\u00fcndet und setze sich mit seinen Projekten zum Ziel, Cristian Nemescu und Andrei Toncu in Erinnerung der Filmbranche und des Publikums lebendig zu halten,  junge und begabte Filmemacher zu f\u00f6rdern und dem jungen Publikum die fesselnde Welt der Kinokunst n\u00e4herzubringen. <\/p>\n<p>&#13;<br \/>\n&#13;<\/p>\n<p>&#13;<br \/>\n&#13;<\/p>\n<p>Das Internationale Filmfestival NexT war das erste und weitreichendste Projekt des Kulturverbands und galt lange Zeit als das gr\u00f6\u200e\u00dfte Kurzfilmfestival Rum\u00e4niens. Die 11 Auflagen zeigten rund 60.000 Zuschauern insgesamt 1.200 Kurzfilme und brachten renommierte Filmk\u00fcnstler aus der ganzen Welt nach Bukarest &#8212; darunter Walter Murch, Peter Webber, Claire Denis. Selbst wenn das letzte Internationale Filmfestival NexT zu Ende ging, beendet der gleichnamige Kulturverband seinen Auftrag nicht und setzt einige seiner gr\u00f6\u200e\u00dften Projekte fort: die Filmkarawane NexT und NexT Film Education sowie neue Programme, die die Nachwuchsregisseure in den Vordergrund bringen. Die Festivalintendantin Yvonne Irimescu ist unser Gast in der Kulturchronik, sie spricht in den folgenden Minuten \u00fcber ein Festival, das sich am Ende seiner Laufzeit befindet und seinen gesellschaftlichen Auftrag dennoch fortf\u00fchrt.<\/p>\n<p>&#13;<br \/>\n&#13;<\/p>\n<p>&#13;<br \/>\n&#13;<\/p>\n<p><em>Wir nennen uns nicht von ungef\u00e4hr \u00bbNexT\u00ab, also blicken wir in die Zukunft. Es ist nichts Negatives, dass die Festspiele in dieser Form nicht mehr existieren, denn wir setzen andere Projekte fort, die wir angesto\u200e\u00dfen haben. Zum einen denke ich an die Filmkarawane NexT, ein Event, das ungef\u00e4hr einen Monat dauert und eine Art Wanderfilmfestival ist, wir zeigen dabei verschiedene Filme im Freien in einigen St\u00e4dten Rum\u00e4niens. 2019 schlie\u200e\u00dfen wir dieser Karawane auch die Hauptstadt Bukarest an, damit wir den Kontakt zu unserem Publikum nicht verlieren. Au\u200e\u00dferdem haben wir zwei Projekte in Partnerschaft mit der Franz\u00f6sischen Botschaft und dem Franz\u00f6sischen Kulturinstitut, die eine Ausbildung im Bereich Kinokunst f\u00fcr Sch\u00fcler und Lehrer vorsehen. Eines davon hei\u200e\u00dft \u00bb\u00c9ducation \u00e0 l\u2019image\u00ab und wird nur in Bukarest abgewickelt. Das Programm findet seit 2009 statt, 2015 haben wir uns einem europaweiten Projekt angeschlossen, das vom Franz\u00f6sischen Kulturinstitut in Paris koordiniert wird und zurzeit 10 Staaten einschlie\u200e\u00dft, die Partnerschaft hei\u200e\u00dft CinEd, findet in mehreren St\u00e4dten Rum\u00e4niens statt und setzt sich zum Ziel, dem jungen Publikum die kulturelle Vielfalt Europas n\u00e4herzubringen und somit ihm auch den Zugang zur europ\u00e4ischen Kinokunst zu erleichtern.\u201c<\/em><\/p>\n<p>&#13;<br \/>\n&#13;<\/p>\n<p>&#13;<br \/>\n&#13;<\/p>\n<p>&#13;<br \/>\n&#13;<\/p>\n<p>Was die zwei Programme vorsehen, sagt in den folgenden Minuten die Festivalintendantin Yvonne Irimescu:<\/p>\n<p>&#13;<br \/>\n&#13;<\/p>\n<p>&#13;<br \/>\n&#13;<\/p>\n<p><em>Die Programme sind ziemlich \u00e4hnlich und aufeinander abgestimmt. Dabei zeigen wir den Sch\u00fclern und Lehrern eine Reihe europ\u00e4ischer und rum\u00e4nischer Filme, am Ende der Filmvorf\u00fchrungen kommen sie mit den Filmemachern zusammen und besprechen die Produktionen aus Sicht der Filmsprache. Aber das ist nicht alles, denn die Gespr\u00e4che mit den Filmemachern regen zu weiteren Diskussionen zwischen Sch\u00fclern und Lehrern am Rande der Produktionen an. Im Rahmen des Programms  \u00bbL\u2019\u00e9ducation \u00e0 l\u2019image\u00ab verfassen wir seit einigen Jahren eine kritische Studie \u00fcber einen rum\u00e4nischen Film. Die acht Studien, die es sich bislang gibt, sind auf der Webseite Liternet nachzulesen. Diese haben wir zusammen mit den Filmkritikern Andrei Gorzo, C\u0103t\u0103lin Olaru und Ionu\u0163 Mare\u015f verfasst.\u201c          <\/em><\/p>\n<p>&#13;<br \/>\n&#13;<\/p>\n<p>&#13;<br \/>\n&#13;<\/p>\n<p>&#13;<br \/>\n&#13;<\/p>\n<p>Die kommenden Veranstaltungen des Kulturverbands NexT setzen sich zum Ziel, die um den Verband gebildete Gemeinschaft zusammenzubringen, das Ende und zugleich den Beginn eines Kapitels zu markieren, sagte im Anschluss Yvonne Irimescu:<\/p>\n<p>&#13;<br \/>\n&#13;<\/p>\n<p>&#13;<br \/>\n&#13;<\/p>\n<p><em>Wir planen zwei Jahresprojekte, eines davon, das wir der Regie widmen, findet in der ersten Jahresh\u00e4lfte statt, das zweite wird der Tongestaltung gewidmet, denn diese sind die zwei Richtungen, auf denen das Festival NexT gegr\u00fcndet wurde, wir haben bekanntlich das Projekt zum Gedenken an den Regisseur Cristian Nemescu und den Tongestalter Andrei Toncu in die Wege geleitet. Dabei m\u00f6chten wir jedes Mal einen renommierten Gast aus dem Ausland einladen, einen Regisseur oder Tongestalter, der auch eine Masterclass f\u00fcr das breite Publikum und einen Workshop f\u00fcr eine engere Gruppe von 15&#8211;20 Nachwuchsfilmemachern h\u00e4lt. Rum\u00e4nien braucht professionelle Ausbildung und Erfahrungsaustausch dieser Art in diesem Bereich.\u201c<\/em><\/p>\n<p>&#13;<\/p>\n","protected":false},"excerpt":{"rendered":"<p>Das Filmfestival NexT ist ein Projekt, das sich am Ende befindet und seinen Auftrag dennoch nicht aufgibt. Der gleichnamige Kulturverband setzt sich zum Ziel, durch \u00e4hnliche Projekte dem rum\u00e4nischen Publikum die Liebe f\u00fcr den Film n\u00e4herzubringen.<\/p>\n","protected":false},"author":135,"featured_media":291720,"comment_status":"closed","ping_status":"closed","sticky":false,"template":"","format":"standard","meta":{"_acf_changed":false,"footnotes":""},"categories":[116759],"tags":[122402,70137,99973,122400,102653,48589,122401,99589,70136],"coauthors":[],"class_list":["post-630322","post","type-post","status-publish","format-standard","has-post-thumbnail","hentry","category-kulturchronik","tag-andrei-toncu","tag-cristian-nemescu","tag-filmfestival","tag-filmkarawane","tag-kino","tag-next","tag-next-education","tag-rumaenien","tag-yvonne-irimescu"],"acf":[],"yoast_head":"<!-- This site is optimized with the Yoast SEO plugin v27.3 - https:\/\/yoast.com\/product\/yoast-seo-wordpress\/ -->\n<title>NexT-Filmfestival nach dem Aus: Projekte werden fortgesetzt - Radio Rum\u00e4nien International<\/title>\n<meta name=\"robots\" content=\"index, follow, max-snippet:-1, max-image-preview:large, max-video-preview:-1\" \/>\n<link rel=\"canonical\" href=\"https:\/\/www.rri.ro\/de\/feature-reportage\/kulturchronik\/next-filmfestival-nach-dem-aus-projekte-werden-fortgesetzt-id630322.html\" \/>\n<meta property=\"og:locale\" content=\"de_DE\" \/>\n<meta property=\"og:type\" content=\"article\" \/>\n<meta property=\"og:title\" content=\"NexT-Filmfestival nach dem Aus: Projekte werden fortgesetzt - Radio Rum\u00e4nien International\" \/>\n<meta property=\"og:description\" content=\"Das Filmfestival NexT ist ein Projekt, das sich am Ende befindet und seinen Auftrag dennoch nicht aufgibt. Der gleichnamige Kulturverband setzt sich zum Ziel, durch \u00e4hnliche Projekte dem rum\u00e4nischen Publikum die Liebe f\u00fcr den Film n\u00e4herzubringen.\" \/>\n<meta property=\"og:url\" content=\"https:\/\/www.rri.ro\/de\/feature-reportage\/kulturchronik\/next-filmfestival-nach-dem-aus-projekte-werden-fortgesetzt-id630322.html\" \/>\n<meta property=\"og:site_name\" content=\"Radio Rum\u00e4nien International\" \/>\n<meta property=\"article:published_time\" content=\"2019-01-05T15:30:00+00:00\" \/>\n<meta property=\"og:image\" content=\"https:\/\/www.rri.ro\/wp-content\/uploads\/2023\/10\/festivalul-next-2018.jpg\" \/>\n\t<meta property=\"og:image:width\" content=\"640\" \/>\n\t<meta property=\"og:image:height\" content=\"427\" \/>\n\t<meta property=\"og:image:type\" content=\"image\/jpeg\" \/>\n<meta name=\"author\" content=\"Corina Sab\u0103u\" \/>\n<meta name=\"twitter:card\" content=\"summary_large_image\" \/>\n<meta name=\"twitter:label1\" content=\"Verfasst von\" \/>\n\t<meta name=\"twitter:data1\" content=\"Corina Sab\u0103u\" \/>\n\t<meta name=\"twitter:label2\" content=\"Gesch\u00e4tzte Lesezeit\" \/>\n\t<meta name=\"twitter:data2\" content=\"4\u00a0Minuten\" \/>\n\t<meta name=\"twitter:label3\" content=\"Written by\" \/>\n\t<meta name=\"twitter:data3\" content=\"Corina Sab\u0103u\" \/>\n<script type=\"application\/ld+json\" class=\"yoast-schema-graph\">{\"@context\":\"https:\\\/\\\/schema.org\",\"@graph\":[{\"@type\":\"Article\",\"@id\":\"https:\\\/\\\/www.rri.ro\\\/de\\\/feature-reportage\\\/kulturchronik\\\/next-filmfestival-nach-dem-aus-projekte-werden-fortgesetzt-id630322.html#article\",\"isPartOf\":{\"@id\":\"https:\\\/\\\/www.rri.ro\\\/de\\\/feature-reportage\\\/kulturchronik\\\/next-filmfestival-nach-dem-aus-projekte-werden-fortgesetzt-id630322.html\"},\"author\":{\"name\":\"Corina Sab\u0103u\",\"@id\":\"https:\\\/\\\/www.rri.ro\\\/#\\\/schema\\\/person\\\/f422c4ce48593b32beccebb63f9ceb1e\"},\"headline\":\"NexT-Filmfestival nach dem Aus: Projekte werden fortgesetzt\",\"datePublished\":\"2019-01-05T15:30:00+00:00\",\"mainEntityOfPage\":{\"@id\":\"https:\\\/\\\/www.rri.ro\\\/de\\\/feature-reportage\\\/kulturchronik\\\/next-filmfestival-nach-dem-aus-projekte-werden-fortgesetzt-id630322.html\"},\"wordCount\":741,\"image\":{\"@id\":\"https:\\\/\\\/www.rri.ro\\\/de\\\/feature-reportage\\\/kulturchronik\\\/next-filmfestival-nach-dem-aus-projekte-werden-fortgesetzt-id630322.html#primaryimage\"},\"thumbnailUrl\":\"https:\\\/\\\/www.rri.ro\\\/wp-content\\\/uploads\\\/2023\\\/10\\\/festivalul-next-2018.jpg\",\"keywords\":[\"Andrei Toncu\",\"Cristian Nemescu\",\"Filmfestival\",\"Filmkarawane\",\"Kino\",\"NexT\",\"NexT Education\",\"Rum\u00e4nien\",\"Yvonne Irimescu\"],\"articleSection\":[\"Kulturchronik\"],\"inLanguage\":\"de\"},{\"@type\":\"WebPage\",\"@id\":\"https:\\\/\\\/www.rri.ro\\\/de\\\/feature-reportage\\\/kulturchronik\\\/next-filmfestival-nach-dem-aus-projekte-werden-fortgesetzt-id630322.html\",\"url\":\"https:\\\/\\\/www.rri.ro\\\/de\\\/feature-reportage\\\/kulturchronik\\\/next-filmfestival-nach-dem-aus-projekte-werden-fortgesetzt-id630322.html\",\"name\":\"NexT-Filmfestival nach dem Aus: Projekte werden fortgesetzt - Radio Rum\u00e4nien International\",\"isPartOf\":{\"@id\":\"https:\\\/\\\/www.rri.ro\\\/#website\"},\"primaryImageOfPage\":{\"@id\":\"https:\\\/\\\/www.rri.ro\\\/de\\\/feature-reportage\\\/kulturchronik\\\/next-filmfestival-nach-dem-aus-projekte-werden-fortgesetzt-id630322.html#primaryimage\"},\"image\":{\"@id\":\"https:\\\/\\\/www.rri.ro\\\/de\\\/feature-reportage\\\/kulturchronik\\\/next-filmfestival-nach-dem-aus-projekte-werden-fortgesetzt-id630322.html#primaryimage\"},\"thumbnailUrl\":\"https:\\\/\\\/www.rri.ro\\\/wp-content\\\/uploads\\\/2023\\\/10\\\/festivalul-next-2018.jpg\",\"datePublished\":\"2019-01-05T15:30:00+00:00\",\"author\":{\"@id\":\"https:\\\/\\\/www.rri.ro\\\/#\\\/schema\\\/person\\\/f422c4ce48593b32beccebb63f9ceb1e\"},\"breadcrumb\":{\"@id\":\"https:\\\/\\\/www.rri.ro\\\/de\\\/feature-reportage\\\/kulturchronik\\\/next-filmfestival-nach-dem-aus-projekte-werden-fortgesetzt-id630322.html#breadcrumb\"},\"inLanguage\":\"de\",\"potentialAction\":[{\"@type\":\"ReadAction\",\"target\":[\"https:\\\/\\\/www.rri.ro\\\/de\\\/feature-reportage\\\/kulturchronik\\\/next-filmfestival-nach-dem-aus-projekte-werden-fortgesetzt-id630322.html\"]}]},{\"@type\":\"ImageObject\",\"inLanguage\":\"de\",\"@id\":\"https:\\\/\\\/www.rri.ro\\\/de\\\/feature-reportage\\\/kulturchronik\\\/next-filmfestival-nach-dem-aus-projekte-werden-fortgesetzt-id630322.html#primaryimage\",\"url\":\"https:\\\/\\\/www.rri.ro\\\/wp-content\\\/uploads\\\/2023\\\/10\\\/festivalul-next-2018.jpg\",\"contentUrl\":\"https:\\\/\\\/www.rri.ro\\\/wp-content\\\/uploads\\\/2023\\\/10\\\/festivalul-next-2018.jpg\",\"width\":640,\"height\":427},{\"@type\":\"BreadcrumbList\",\"@id\":\"https:\\\/\\\/www.rri.ro\\\/de\\\/feature-reportage\\\/kulturchronik\\\/next-filmfestival-nach-dem-aus-projekte-werden-fortgesetzt-id630322.html#breadcrumb\",\"itemListElement\":[{\"@type\":\"ListItem\",\"position\":1,\"name\":\"Startseite\",\"item\":\"https:\\\/\\\/www.rri.ro\\\/de\"},{\"@type\":\"ListItem\",\"position\":2,\"name\":\"Feature &amp; Reportage\",\"item\":\"https:\\\/\\\/www.rri.ro\\\/de\\\/feature-reportage\"},{\"@type\":\"ListItem\",\"position\":3,\"name\":\"Kulturchronik\",\"item\":\"https:\\\/\\\/www.rri.ro\\\/de\\\/feature-reportage\\\/kulturchronik\"},{\"@type\":\"ListItem\",\"position\":4,\"name\":\"NexT-Filmfestival nach dem Aus: Projekte werden fortgesetzt\"}]},{\"@type\":\"WebSite\",\"@id\":\"https:\\\/\\\/www.rri.ro\\\/#website\",\"url\":\"https:\\\/\\\/www.rri.ro\\\/\",\"name\":\"Radio Rum\u00e4nien International\",\"description\":\"Totul despre Rom\u00e2nia \u015fi rom\u00e2ni, \u00een 13 limbi\\\/dialecte!\",\"inLanguage\":\"de\"},{\"@type\":\"Person\",\"@id\":\"https:\\\/\\\/www.rri.ro\\\/#\\\/schema\\\/person\\\/f422c4ce48593b32beccebb63f9ceb1e\",\"name\":\"Corina Sab\u0103u\",\"url\":\"https:\\\/\\\/www.rri.ro\\\/de\\\/author\\\/corina-sabau\"}]}<\/script>\n<!-- \/ Yoast SEO plugin. -->","yoast_head_json":{"title":"NexT-Filmfestival nach dem Aus: Projekte werden fortgesetzt - Radio Rum\u00e4nien International","robots":{"index":"index","follow":"follow","max-snippet":"max-snippet:-1","max-image-preview":"max-image-preview:large","max-video-preview":"max-video-preview:-1"},"canonical":"https:\/\/www.rri.ro\/de\/feature-reportage\/kulturchronik\/next-filmfestival-nach-dem-aus-projekte-werden-fortgesetzt-id630322.html","og_locale":"de_DE","og_type":"article","og_title":"NexT-Filmfestival nach dem Aus: Projekte werden fortgesetzt - Radio Rum\u00e4nien International","og_description":"Das Filmfestival NexT ist ein Projekt, das sich am Ende befindet und seinen Auftrag dennoch nicht aufgibt. Der gleichnamige Kulturverband setzt sich zum Ziel, durch \u00e4hnliche Projekte dem rum\u00e4nischen Publikum die Liebe f\u00fcr den Film n\u00e4herzubringen.","og_url":"https:\/\/www.rri.ro\/de\/feature-reportage\/kulturchronik\/next-filmfestival-nach-dem-aus-projekte-werden-fortgesetzt-id630322.html","og_site_name":"Radio Rum\u00e4nien International","article_published_time":"2019-01-05T15:30:00+00:00","og_image":[{"width":640,"height":427,"url":"https:\/\/www.rri.ro\/wp-content\/uploads\/2023\/10\/festivalul-next-2018.jpg","type":"image\/jpeg"}],"author":"Corina Sab\u0103u","twitter_card":"summary_large_image","twitter_misc":{"Verfasst von":"Corina Sab\u0103u","Gesch\u00e4tzte Lesezeit":"4\u00a0Minuten","Written by":"Corina Sab\u0103u"},"schema":{"@context":"https:\/\/schema.org","@graph":[{"@type":"Article","@id":"https:\/\/www.rri.ro\/de\/feature-reportage\/kulturchronik\/next-filmfestival-nach-dem-aus-projekte-werden-fortgesetzt-id630322.html#article","isPartOf":{"@id":"https:\/\/www.rri.ro\/de\/feature-reportage\/kulturchronik\/next-filmfestival-nach-dem-aus-projekte-werden-fortgesetzt-id630322.html"},"author":{"name":"Corina Sab\u0103u","@id":"https:\/\/www.rri.ro\/#\/schema\/person\/f422c4ce48593b32beccebb63f9ceb1e"},"headline":"NexT-Filmfestival nach dem Aus: Projekte werden fortgesetzt","datePublished":"2019-01-05T15:30:00+00:00","mainEntityOfPage":{"@id":"https:\/\/www.rri.ro\/de\/feature-reportage\/kulturchronik\/next-filmfestival-nach-dem-aus-projekte-werden-fortgesetzt-id630322.html"},"wordCount":741,"image":{"@id":"https:\/\/www.rri.ro\/de\/feature-reportage\/kulturchronik\/next-filmfestival-nach-dem-aus-projekte-werden-fortgesetzt-id630322.html#primaryimage"},"thumbnailUrl":"https:\/\/www.rri.ro\/wp-content\/uploads\/2023\/10\/festivalul-next-2018.jpg","keywords":["Andrei Toncu","Cristian Nemescu","Filmfestival","Filmkarawane","Kino","NexT","NexT Education","Rum\u00e4nien","Yvonne Irimescu"],"articleSection":["Kulturchronik"],"inLanguage":"de"},{"@type":"WebPage","@id":"https:\/\/www.rri.ro\/de\/feature-reportage\/kulturchronik\/next-filmfestival-nach-dem-aus-projekte-werden-fortgesetzt-id630322.html","url":"https:\/\/www.rri.ro\/de\/feature-reportage\/kulturchronik\/next-filmfestival-nach-dem-aus-projekte-werden-fortgesetzt-id630322.html","name":"NexT-Filmfestival nach dem Aus: Projekte werden fortgesetzt - Radio Rum\u00e4nien International","isPartOf":{"@id":"https:\/\/www.rri.ro\/#website"},"primaryImageOfPage":{"@id":"https:\/\/www.rri.ro\/de\/feature-reportage\/kulturchronik\/next-filmfestival-nach-dem-aus-projekte-werden-fortgesetzt-id630322.html#primaryimage"},"image":{"@id":"https:\/\/www.rri.ro\/de\/feature-reportage\/kulturchronik\/next-filmfestival-nach-dem-aus-projekte-werden-fortgesetzt-id630322.html#primaryimage"},"thumbnailUrl":"https:\/\/www.rri.ro\/wp-content\/uploads\/2023\/10\/festivalul-next-2018.jpg","datePublished":"2019-01-05T15:30:00+00:00","author":{"@id":"https:\/\/www.rri.ro\/#\/schema\/person\/f422c4ce48593b32beccebb63f9ceb1e"},"breadcrumb":{"@id":"https:\/\/www.rri.ro\/de\/feature-reportage\/kulturchronik\/next-filmfestival-nach-dem-aus-projekte-werden-fortgesetzt-id630322.html#breadcrumb"},"inLanguage":"de","potentialAction":[{"@type":"ReadAction","target":["https:\/\/www.rri.ro\/de\/feature-reportage\/kulturchronik\/next-filmfestival-nach-dem-aus-projekte-werden-fortgesetzt-id630322.html"]}]},{"@type":"ImageObject","inLanguage":"de","@id":"https:\/\/www.rri.ro\/de\/feature-reportage\/kulturchronik\/next-filmfestival-nach-dem-aus-projekte-werden-fortgesetzt-id630322.html#primaryimage","url":"https:\/\/www.rri.ro\/wp-content\/uploads\/2023\/10\/festivalul-next-2018.jpg","contentUrl":"https:\/\/www.rri.ro\/wp-content\/uploads\/2023\/10\/festivalul-next-2018.jpg","width":640,"height":427},{"@type":"BreadcrumbList","@id":"https:\/\/www.rri.ro\/de\/feature-reportage\/kulturchronik\/next-filmfestival-nach-dem-aus-projekte-werden-fortgesetzt-id630322.html#breadcrumb","itemListElement":[{"@type":"ListItem","position":1,"name":"Startseite","item":"https:\/\/www.rri.ro\/de"},{"@type":"ListItem","position":2,"name":"Feature &amp; Reportage","item":"https:\/\/www.rri.ro\/de\/feature-reportage"},{"@type":"ListItem","position":3,"name":"Kulturchronik","item":"https:\/\/www.rri.ro\/de\/feature-reportage\/kulturchronik"},{"@type":"ListItem","position":4,"name":"NexT-Filmfestival nach dem Aus: Projekte werden fortgesetzt"}]},{"@type":"WebSite","@id":"https:\/\/www.rri.ro\/#website","url":"https:\/\/www.rri.ro\/","name":"Radio Rum\u00e4nien International","description":"Totul despre Rom\u00e2nia \u015fi rom\u00e2ni, \u00een 13 limbi\/dialecte!","inLanguage":"de"},{"@type":"Person","@id":"https:\/\/www.rri.ro\/#\/schema\/person\/f422c4ce48593b32beccebb63f9ceb1e","name":"Corina Sab\u0103u","url":"https:\/\/www.rri.ro\/de\/author\/corina-sabau"}]}},"_links":{"self":[{"href":"https:\/\/www.rri.ro\/de\/wp-json\/wp\/v2\/posts\/630322","targetHints":{"allow":["GET"]}}],"collection":[{"href":"https:\/\/www.rri.ro\/de\/wp-json\/wp\/v2\/posts"}],"about":[{"href":"https:\/\/www.rri.ro\/de\/wp-json\/wp\/v2\/types\/post"}],"author":[{"embeddable":true,"href":"https:\/\/www.rri.ro\/de\/wp-json\/wp\/v2\/users\/135"}],"replies":[{"embeddable":true,"href":"https:\/\/www.rri.ro\/de\/wp-json\/wp\/v2\/comments?post=630322"}],"version-history":[{"count":0,"href":"https:\/\/www.rri.ro\/de\/wp-json\/wp\/v2\/posts\/630322\/revisions"}],"wp:featuredmedia":[{"embeddable":true,"href":"https:\/\/www.rri.ro\/de\/wp-json\/wp\/v2\/media\/291720"}],"wp:attachment":[{"href":"https:\/\/www.rri.ro\/de\/wp-json\/wp\/v2\/media?parent=630322"}],"wp:term":[{"taxonomy":"category","embeddable":true,"href":"https:\/\/www.rri.ro\/de\/wp-json\/wp\/v2\/categories?post=630322"},{"taxonomy":"post_tag","embeddable":true,"href":"https:\/\/www.rri.ro\/de\/wp-json\/wp\/v2\/tags?post=630322"},{"taxonomy":"author","embeddable":true,"href":"https:\/\/www.rri.ro\/de\/wp-json\/wp\/v2\/coauthors?post=630322"}],"curies":[{"name":"wp","href":"https:\/\/api.w.org\/{rel}","templated":true}]}}