{"id":630359,"date":"2019-11-23T17:30:00","date_gmt":"2019-11-23T15:30:00","guid":{"rendered":"http:\/\/devrri.freshlemon.ro\/aktuell\/preisgala-verband-der-bildenden-kuenstler-verleiht-preise-in-targu-jiu-id630359.html"},"modified":"2019-11-23T17:30:00","modified_gmt":"2019-11-23T15:30:00","slug":"preisgala-verband-der-bildenden-kuenstler-verleiht-preise-in-targu-jiu","status":"publish","type":"post","link":"https:\/\/www.rri.ro\/de\/feature-reportage\/kulturchronik\/preisgala-verband-der-bildenden-kuenstler-verleiht-preise-in-targu-jiu-id630359.html","title":{"rendered":"Preisgala: Verband der Bildenden K\u00fcnstler verleiht Preise in T\u00e2rgu Jiu"},"content":{"rendered":"<p>Die Veranstaltungen zum 81. Jahrestag der Einweihung des dreiteiligen Ensembles des rum\u00e4nischen Bildhauers Constantin Br\u00e2ncu\u015fi in T\u00e2rgu Jiu sind mit der Gala der Preise des Verbandes der Bildenden K\u00fcnstler und des Nationalpreises Br\u00e2ncu\u015fi f\u00fcr das Jahr 2018 zu Ende gegangen. Die Gala fand auf der B\u00fchne des Dramatischen Theaters Elvira Godeanu\u201c in der Heimatstadt des Bildhauers, T\u00e2rgu Jiu.<\/p>\n<p>&#13;<br \/>\n&#13;<\/p>\n<p>&#13;<br \/>\n&#13;<\/p>\n<p>Der Verband der Bildenden K\u00fcnstler hat neun Preise im Bereich Bildende Kunst verliehen, eine Auszeichnung f\u00fcr den besten Nachwuchsk\u00fcnstler, einen Preis f\u00fcr hervorragende Leistung und drei Preise der Jury. Der Vizepr\u00e4sident des Verbands Bildender K\u00fcnstler, Gheorghe Dican, kommt zu Wort mit Einzelheiten:<\/p>\n<p>&#13;<br \/>\n&#13;<\/p>\n<p>&#13;<br \/>\n&#13;<\/p>\n<p><em>F\u00fcr uns als Verband ist es sehr wichtig, diese Preise zu verleihen, gleicherma\u200e\u00dfen ist es von gro\u200e\u00dfer Bedeutung f\u00fcr die K\u00fcnstler und f\u00fcr den Bereich Bildende Kunst in Rum\u00e4nien. Seit einigen Jahren wird die Tradition wieder fortgesetzt, die Preise am Jahresende zu verleihen. Das war mit der Unterst\u00fctzung des Kulturministeriums m\u00f6glich, aber voriges Jahr hat das Ministerium das Versprechen ausnahmsweise nicht gehalten. In dieser Form verleihen wir die Preise bereits zum dritten Mal. Wir glauben, dass die T\u00e4tigkeit der rum\u00e4nischen K\u00fcnstler gef\u00f6rdert werden soll. In diesem Sinne war die Gala willkommen, um dem Verband eine neue Gestalt zu verleihen, weil seine T\u00e4tigkeit in den letzten Jahren irgendwie \u00fcberschattet war.\u201c <\/em><\/p>\n<p>&#13;<br \/>\n&#13;<\/p>\n<p>&#13;<br \/>\n&#13;<\/p>\n<p>Der gro\u200e\u00dfe Preis des Verbands ging an den Maler, Graphiker und Bildhauer Mircia Dumitrescu. Als Akademiemitglied und Professor hat er im Jahr  2005 einen deutlichen Beitrag zur Rettung der Manuskripte des Nationaldichters Mihai Eminescu gebracht. Mircia Dumitrescu hat zudem einen gro\u200e\u00dfen Teil der Werke von Nichita St\u0103nescu bebildert. Mircia Dumitrescu \u00fcber den gro\u200e\u00dfen Preis des Verbands der Bildenden K\u00fcnstler:<\/p>\n<p>&#13;<br \/>\n&#13;<\/p>\n<p>&#13;<br \/>\n&#13;<\/p>\n<p><em>Ich glaube, ich habe diesen Preis verdient, also kann ich nicht sagen, dass ich mich in einer gewissen Art und Weise f\u00fchle. Der Preis kam sowieso erst jetzt, wenn ich keine Preise mehr brauche. Ich freue mich jedoch, dass die Verleihung in T\u00e2rgu Jiu stattfindet, in einer Stadt, die wir alle lieben. Ich freue mich auch, dass ich die Chance hatte, hier in T\u00e2rgu Jiu den Band \u00bbDer Leidensweg der rum\u00e4nischen Gefangenen in Elsass-Lothringen\u00ab vorzustellen. Dar\u00fcber wurde \u00fcberhaupt nicht berichtet, ich selber hab von einem franz\u00f6sischen Oberst namens Jean Nouzille erfahren, dass auch mein Gro\u200e\u00dfvater unter den rum\u00e4nischen Kriegsgefangenen in Elsass-Lothringen zu finden war. Er ist nach dem Krieg in einem Krankenhaus in Cherbourg gestorben. Durch diesen Band habe ich meinen Gro\u200e\u00dfvater wiedergefunden. Was meine Pl\u00e4ne angeht, kann ich sagen, dass ich immer etwas plane. Ich habe j\u00fcngst die Bronzeskulpturen der Gebr\u00fcder Minovici fertiggestellt, diese sollen im Park der Villa Minovici aufgestellt werden.  Ich plane zudem eine Malereiausstellung.\u201c<\/em><\/p>\n<p>&#13;<br \/>\n&#13;<\/p>\n<p>&#13;<br \/>\n&#13;<\/p>\n<p>&#13;<br \/>\n&#13;<\/p>\n<p>Der Band Der Gro\u200e\u00dfe Krieg 1914&#8211;1918. Der Leidensweg der rum\u00e4nischen Kriegsgefangenen in Elsass-Lothringen\u201c ist im Jahr 2019 in einer Auflage von 33 Exemplaren erschienen. Die Illustrationen sind von Mircia Dumitrescu eigenh\u00e4ndig unterschrieben, gedruckt wurde der Band auf vom ungarischen Unternehmen Vincze L\u00e1szl\u00f3 &#038; S\u00f6hne handgemachtes Papier. Das tragische und zu wenig bekannte Schicksal der 2000 rum\u00e4nischen Soldaten, die vor hundert Jahren als Kriegsgefangene in Elsass-Lothringen gestorben sind, stellt ein Kapitel rum\u00e4nischer Geschichte dar, das wir nicht mehr \u00fcbersehen d\u00fcrfen. Die von Unbekannten gelebte Geschichte des Landes ist hier wiederzufinden. Eigentlich sind sie die wahren Helden, die weit von ihrem Heimatland gestorben sind, sie haben Gro\u200e\u00dfrum\u00e4nien erm\u00f6glicht und keine Chance gehabt, es auch zu erleben &#8212; sie verdienen unseren vollen Respekt\u201c, schreibt Akademiemitglied R\u0103zvan Theodorescu im Vorwort des Buches.<\/p>\n<p>&#13;<\/p>\n","protected":false},"excerpt":{"rendered":"<p>Der Gro\u00dfe Preis des Verbands Bildender K\u00fcnstler ist an den Maler, Graphiker und Bildhauer Mircia Dumitrescu gegangen. Bei der Gala stellte der K\u00fcnstler auch seinen Band \u00fcber die rum\u00e4nischen Kriegsgefangenen in Elsass-Lothringen vor.<\/p>\n","protected":false},"author":28,"featured_media":162656,"comment_status":"closed","ping_status":"closed","sticky":false,"template":"","format":"standard","meta":{"_acf_changed":false,"footnotes":""},"categories":[116759],"tags":[122498,103461,75942,119205,75992,122194,99589,155016,63045,122497],"coauthors":[],"class_list":["post-630359","post","type-post","status-publish","format-standard","has-post-thumbnail","hentry","category-kulturchronik","tag-elsass-lothringen","tag-erster-weltkrieg","tag-gheorghe-dican","tag-kriegsgefangene","tag-mircia-dumitrescu","tag-preisgala","tag-rumaenien","tag-targu-jiu-de","tag-uap","tag-verband-der-bildenden-kuenstler"],"acf":[],"yoast_head":"<!-- This site is optimized with the Yoast SEO plugin v27.3 - https:\/\/yoast.com\/product\/yoast-seo-wordpress\/ -->\n<title>Preisgala: Verband der Bildenden K\u00fcnstler verleiht Preise in T\u00e2rgu Jiu - Radio Rum\u00e4nien International<\/title>\n<meta name=\"robots\" content=\"index, follow, max-snippet:-1, max-image-preview:large, max-video-preview:-1\" \/>\n<link rel=\"canonical\" href=\"https:\/\/www.rri.ro\/de\/feature-reportage\/kulturchronik\/preisgala-verband-der-bildenden-kuenstler-verleiht-preise-in-targu-jiu-id630359.html\" \/>\n<meta property=\"og:locale\" content=\"de_DE\" \/>\n<meta property=\"og:type\" content=\"article\" \/>\n<meta property=\"og:title\" content=\"Preisgala: Verband der Bildenden K\u00fcnstler verleiht Preise in T\u00e2rgu Jiu - Radio Rum\u00e4nien International\" \/>\n<meta property=\"og:description\" content=\"Der Gro\u00dfe Preis des Verbands Bildender K\u00fcnstler ist an den Maler, Graphiker und Bildhauer Mircia Dumitrescu gegangen. Bei der Gala stellte der K\u00fcnstler auch seinen Band \u00fcber die rum\u00e4nischen Kriegsgefangenen in Elsass-Lothringen vor.\" \/>\n<meta property=\"og:url\" content=\"https:\/\/www.rri.ro\/de\/feature-reportage\/kulturchronik\/preisgala-verband-der-bildenden-kuenstler-verleiht-preise-in-targu-jiu-id630359.html\" \/>\n<meta property=\"og:site_name\" content=\"Radio Rum\u00e4nien International\" \/>\n<meta property=\"article:published_time\" content=\"2019-11-23T15:30:00+00:00\" \/>\n<meta property=\"og:image\" content=\"https:\/\/www.rri.ro\/wp-content\/uploads\/2023\/10\/gala-premiii-brancusi-fotorri.png\" \/>\n\t<meta property=\"og:image:width\" content=\"640\" \/>\n\t<meta property=\"og:image:height\" content=\"360\" \/>\n\t<meta property=\"og:image:type\" content=\"image\/png\" \/>\n<meta name=\"author\" content=\"Eugen Cojocariu\" \/>\n<meta name=\"twitter:card\" content=\"summary_large_image\" \/>\n<meta name=\"twitter:label1\" content=\"Verfasst von\" \/>\n\t<meta name=\"twitter:data1\" content=\"Eugen Cojocariu\" \/>\n\t<meta name=\"twitter:label2\" content=\"Gesch\u00e4tzte Lesezeit\" \/>\n\t<meta name=\"twitter:data2\" content=\"3\u00a0Minuten\" \/>\n\t<meta name=\"twitter:label3\" content=\"Written by\" \/>\n\t<meta name=\"twitter:data3\" content=\"Eugen Cojocariu\" \/>\n<script type=\"application\/ld+json\" class=\"yoast-schema-graph\">{\"@context\":\"https:\\\/\\\/schema.org\",\"@graph\":[{\"@type\":\"Article\",\"@id\":\"https:\\\/\\\/www.rri.ro\\\/de\\\/feature-reportage\\\/kulturchronik\\\/preisgala-verband-der-bildenden-kuenstler-verleiht-preise-in-targu-jiu-id630359.html#article\",\"isPartOf\":{\"@id\":\"https:\\\/\\\/www.rri.ro\\\/de\\\/feature-reportage\\\/kulturchronik\\\/preisgala-verband-der-bildenden-kuenstler-verleiht-preise-in-targu-jiu-id630359.html\"},\"author\":{\"name\":\"Eugen Cojocariu\",\"@id\":\"https:\\\/\\\/www.rri.ro\\\/#\\\/schema\\\/person\\\/7e1d12a0ddf50bb2d58f812a617e5eaa\"},\"headline\":\"Preisgala: Verband der Bildenden K\u00fcnstler verleiht Preise in T\u00e2rgu Jiu\",\"datePublished\":\"2019-11-23T15:30:00+00:00\",\"mainEntityOfPage\":{\"@id\":\"https:\\\/\\\/www.rri.ro\\\/de\\\/feature-reportage\\\/kulturchronik\\\/preisgala-verband-der-bildenden-kuenstler-verleiht-preise-in-targu-jiu-id630359.html\"},\"wordCount\":618,\"image\":{\"@id\":\"https:\\\/\\\/www.rri.ro\\\/de\\\/feature-reportage\\\/kulturchronik\\\/preisgala-verband-der-bildenden-kuenstler-verleiht-preise-in-targu-jiu-id630359.html#primaryimage\"},\"thumbnailUrl\":\"https:\\\/\\\/www.rri.ro\\\/wp-content\\\/uploads\\\/2023\\\/10\\\/gala-premiii-brancusi-fotorri.png\",\"keywords\":[\"Elsass-Lothringen\",\"erster Weltkrieg\",\"Gheorghe Dican\",\"Kriegsgefangene\",\"Mircia Dumitrescu\",\"Preisgala\",\"Rum\u00e4nien\",\"Targu Jiu\",\"UAP\",\"Verband der Bildenden K\u00fcnstler\"],\"articleSection\":[\"Kulturchronik\"],\"inLanguage\":\"de\"},{\"@type\":\"WebPage\",\"@id\":\"https:\\\/\\\/www.rri.ro\\\/de\\\/feature-reportage\\\/kulturchronik\\\/preisgala-verband-der-bildenden-kuenstler-verleiht-preise-in-targu-jiu-id630359.html\",\"url\":\"https:\\\/\\\/www.rri.ro\\\/de\\\/feature-reportage\\\/kulturchronik\\\/preisgala-verband-der-bildenden-kuenstler-verleiht-preise-in-targu-jiu-id630359.html\",\"name\":\"Preisgala: Verband der Bildenden K\u00fcnstler verleiht Preise in T\u00e2rgu Jiu - Radio Rum\u00e4nien International\",\"isPartOf\":{\"@id\":\"https:\\\/\\\/www.rri.ro\\\/#website\"},\"primaryImageOfPage\":{\"@id\":\"https:\\\/\\\/www.rri.ro\\\/de\\\/feature-reportage\\\/kulturchronik\\\/preisgala-verband-der-bildenden-kuenstler-verleiht-preise-in-targu-jiu-id630359.html#primaryimage\"},\"image\":{\"@id\":\"https:\\\/\\\/www.rri.ro\\\/de\\\/feature-reportage\\\/kulturchronik\\\/preisgala-verband-der-bildenden-kuenstler-verleiht-preise-in-targu-jiu-id630359.html#primaryimage\"},\"thumbnailUrl\":\"https:\\\/\\\/www.rri.ro\\\/wp-content\\\/uploads\\\/2023\\\/10\\\/gala-premiii-brancusi-fotorri.png\",\"datePublished\":\"2019-11-23T15:30:00+00:00\",\"author\":{\"@id\":\"https:\\\/\\\/www.rri.ro\\\/#\\\/schema\\\/person\\\/7e1d12a0ddf50bb2d58f812a617e5eaa\"},\"breadcrumb\":{\"@id\":\"https:\\\/\\\/www.rri.ro\\\/de\\\/feature-reportage\\\/kulturchronik\\\/preisgala-verband-der-bildenden-kuenstler-verleiht-preise-in-targu-jiu-id630359.html#breadcrumb\"},\"inLanguage\":\"de\",\"potentialAction\":[{\"@type\":\"ReadAction\",\"target\":[\"https:\\\/\\\/www.rri.ro\\\/de\\\/feature-reportage\\\/kulturchronik\\\/preisgala-verband-der-bildenden-kuenstler-verleiht-preise-in-targu-jiu-id630359.html\"]}]},{\"@type\":\"ImageObject\",\"inLanguage\":\"de\",\"@id\":\"https:\\\/\\\/www.rri.ro\\\/de\\\/feature-reportage\\\/kulturchronik\\\/preisgala-verband-der-bildenden-kuenstler-verleiht-preise-in-targu-jiu-id630359.html#primaryimage\",\"url\":\"https:\\\/\\\/www.rri.ro\\\/wp-content\\\/uploads\\\/2023\\\/10\\\/gala-premiii-brancusi-fotorri.png\",\"contentUrl\":\"https:\\\/\\\/www.rri.ro\\\/wp-content\\\/uploads\\\/2023\\\/10\\\/gala-premiii-brancusi-fotorri.png\",\"width\":640,\"height\":360},{\"@type\":\"BreadcrumbList\",\"@id\":\"https:\\\/\\\/www.rri.ro\\\/de\\\/feature-reportage\\\/kulturchronik\\\/preisgala-verband-der-bildenden-kuenstler-verleiht-preise-in-targu-jiu-id630359.html#breadcrumb\",\"itemListElement\":[{\"@type\":\"ListItem\",\"position\":1,\"name\":\"Startseite\",\"item\":\"https:\\\/\\\/www.rri.ro\\\/de\"},{\"@type\":\"ListItem\",\"position\":2,\"name\":\"Feature &amp; Reportage\",\"item\":\"https:\\\/\\\/www.rri.ro\\\/de\\\/feature-reportage\"},{\"@type\":\"ListItem\",\"position\":3,\"name\":\"Kulturchronik\",\"item\":\"https:\\\/\\\/www.rri.ro\\\/de\\\/feature-reportage\\\/kulturchronik\"},{\"@type\":\"ListItem\",\"position\":4,\"name\":\"Preisgala: Verband der Bildenden K\u00fcnstler verleiht Preise in T\u00e2rgu Jiu\"}]},{\"@type\":\"WebSite\",\"@id\":\"https:\\\/\\\/www.rri.ro\\\/#website\",\"url\":\"https:\\\/\\\/www.rri.ro\\\/\",\"name\":\"Radio Rum\u00e4nien International\",\"description\":\"Totul despre Rom\u00e2nia \u015fi rom\u00e2ni, \u00een 13 limbi\\\/dialecte!\",\"inLanguage\":\"de\"},{\"@type\":\"Person\",\"@id\":\"https:\\\/\\\/www.rri.ro\\\/#\\\/schema\\\/person\\\/7e1d12a0ddf50bb2d58f812a617e5eaa\",\"name\":\"Eugen Cojocariu\",\"url\":\"https:\\\/\\\/www.rri.ro\\\/de\\\/author\\\/eugen-cojocariu\"}]}<\/script>\n<!-- \/ Yoast SEO plugin. -->","yoast_head_json":{"title":"Preisgala: Verband der Bildenden K\u00fcnstler verleiht Preise in T\u00e2rgu Jiu - Radio Rum\u00e4nien International","robots":{"index":"index","follow":"follow","max-snippet":"max-snippet:-1","max-image-preview":"max-image-preview:large","max-video-preview":"max-video-preview:-1"},"canonical":"https:\/\/www.rri.ro\/de\/feature-reportage\/kulturchronik\/preisgala-verband-der-bildenden-kuenstler-verleiht-preise-in-targu-jiu-id630359.html","og_locale":"de_DE","og_type":"article","og_title":"Preisgala: Verband der Bildenden K\u00fcnstler verleiht Preise in T\u00e2rgu Jiu - Radio Rum\u00e4nien International","og_description":"Der Gro\u00dfe Preis des Verbands Bildender K\u00fcnstler ist an den Maler, Graphiker und Bildhauer Mircia Dumitrescu gegangen. Bei der Gala stellte der K\u00fcnstler auch seinen Band \u00fcber die rum\u00e4nischen Kriegsgefangenen in Elsass-Lothringen vor.","og_url":"https:\/\/www.rri.ro\/de\/feature-reportage\/kulturchronik\/preisgala-verband-der-bildenden-kuenstler-verleiht-preise-in-targu-jiu-id630359.html","og_site_name":"Radio Rum\u00e4nien International","article_published_time":"2019-11-23T15:30:00+00:00","og_image":[{"width":640,"height":360,"url":"https:\/\/www.rri.ro\/wp-content\/uploads\/2023\/10\/gala-premiii-brancusi-fotorri.png","type":"image\/png"}],"author":"Eugen Cojocariu","twitter_card":"summary_large_image","twitter_misc":{"Verfasst von":"Eugen Cojocariu","Gesch\u00e4tzte Lesezeit":"3\u00a0Minuten","Written by":"Eugen Cojocariu"},"schema":{"@context":"https:\/\/schema.org","@graph":[{"@type":"Article","@id":"https:\/\/www.rri.ro\/de\/feature-reportage\/kulturchronik\/preisgala-verband-der-bildenden-kuenstler-verleiht-preise-in-targu-jiu-id630359.html#article","isPartOf":{"@id":"https:\/\/www.rri.ro\/de\/feature-reportage\/kulturchronik\/preisgala-verband-der-bildenden-kuenstler-verleiht-preise-in-targu-jiu-id630359.html"},"author":{"name":"Eugen Cojocariu","@id":"https:\/\/www.rri.ro\/#\/schema\/person\/7e1d12a0ddf50bb2d58f812a617e5eaa"},"headline":"Preisgala: Verband der Bildenden K\u00fcnstler verleiht Preise in T\u00e2rgu Jiu","datePublished":"2019-11-23T15:30:00+00:00","mainEntityOfPage":{"@id":"https:\/\/www.rri.ro\/de\/feature-reportage\/kulturchronik\/preisgala-verband-der-bildenden-kuenstler-verleiht-preise-in-targu-jiu-id630359.html"},"wordCount":618,"image":{"@id":"https:\/\/www.rri.ro\/de\/feature-reportage\/kulturchronik\/preisgala-verband-der-bildenden-kuenstler-verleiht-preise-in-targu-jiu-id630359.html#primaryimage"},"thumbnailUrl":"https:\/\/www.rri.ro\/wp-content\/uploads\/2023\/10\/gala-premiii-brancusi-fotorri.png","keywords":["Elsass-Lothringen","erster Weltkrieg","Gheorghe Dican","Kriegsgefangene","Mircia Dumitrescu","Preisgala","Rum\u00e4nien","Targu Jiu","UAP","Verband der Bildenden K\u00fcnstler"],"articleSection":["Kulturchronik"],"inLanguage":"de"},{"@type":"WebPage","@id":"https:\/\/www.rri.ro\/de\/feature-reportage\/kulturchronik\/preisgala-verband-der-bildenden-kuenstler-verleiht-preise-in-targu-jiu-id630359.html","url":"https:\/\/www.rri.ro\/de\/feature-reportage\/kulturchronik\/preisgala-verband-der-bildenden-kuenstler-verleiht-preise-in-targu-jiu-id630359.html","name":"Preisgala: Verband der Bildenden K\u00fcnstler verleiht Preise in T\u00e2rgu Jiu - Radio Rum\u00e4nien International","isPartOf":{"@id":"https:\/\/www.rri.ro\/#website"},"primaryImageOfPage":{"@id":"https:\/\/www.rri.ro\/de\/feature-reportage\/kulturchronik\/preisgala-verband-der-bildenden-kuenstler-verleiht-preise-in-targu-jiu-id630359.html#primaryimage"},"image":{"@id":"https:\/\/www.rri.ro\/de\/feature-reportage\/kulturchronik\/preisgala-verband-der-bildenden-kuenstler-verleiht-preise-in-targu-jiu-id630359.html#primaryimage"},"thumbnailUrl":"https:\/\/www.rri.ro\/wp-content\/uploads\/2023\/10\/gala-premiii-brancusi-fotorri.png","datePublished":"2019-11-23T15:30:00+00:00","author":{"@id":"https:\/\/www.rri.ro\/#\/schema\/person\/7e1d12a0ddf50bb2d58f812a617e5eaa"},"breadcrumb":{"@id":"https:\/\/www.rri.ro\/de\/feature-reportage\/kulturchronik\/preisgala-verband-der-bildenden-kuenstler-verleiht-preise-in-targu-jiu-id630359.html#breadcrumb"},"inLanguage":"de","potentialAction":[{"@type":"ReadAction","target":["https:\/\/www.rri.ro\/de\/feature-reportage\/kulturchronik\/preisgala-verband-der-bildenden-kuenstler-verleiht-preise-in-targu-jiu-id630359.html"]}]},{"@type":"ImageObject","inLanguage":"de","@id":"https:\/\/www.rri.ro\/de\/feature-reportage\/kulturchronik\/preisgala-verband-der-bildenden-kuenstler-verleiht-preise-in-targu-jiu-id630359.html#primaryimage","url":"https:\/\/www.rri.ro\/wp-content\/uploads\/2023\/10\/gala-premiii-brancusi-fotorri.png","contentUrl":"https:\/\/www.rri.ro\/wp-content\/uploads\/2023\/10\/gala-premiii-brancusi-fotorri.png","width":640,"height":360},{"@type":"BreadcrumbList","@id":"https:\/\/www.rri.ro\/de\/feature-reportage\/kulturchronik\/preisgala-verband-der-bildenden-kuenstler-verleiht-preise-in-targu-jiu-id630359.html#breadcrumb","itemListElement":[{"@type":"ListItem","position":1,"name":"Startseite","item":"https:\/\/www.rri.ro\/de"},{"@type":"ListItem","position":2,"name":"Feature &amp; Reportage","item":"https:\/\/www.rri.ro\/de\/feature-reportage"},{"@type":"ListItem","position":3,"name":"Kulturchronik","item":"https:\/\/www.rri.ro\/de\/feature-reportage\/kulturchronik"},{"@type":"ListItem","position":4,"name":"Preisgala: Verband der Bildenden K\u00fcnstler verleiht Preise in T\u00e2rgu Jiu"}]},{"@type":"WebSite","@id":"https:\/\/www.rri.ro\/#website","url":"https:\/\/www.rri.ro\/","name":"Radio Rum\u00e4nien International","description":"Totul despre Rom\u00e2nia \u015fi rom\u00e2ni, \u00een 13 limbi\/dialecte!","inLanguage":"de"},{"@type":"Person","@id":"https:\/\/www.rri.ro\/#\/schema\/person\/7e1d12a0ddf50bb2d58f812a617e5eaa","name":"Eugen Cojocariu","url":"https:\/\/www.rri.ro\/de\/author\/eugen-cojocariu"}]}},"_links":{"self":[{"href":"https:\/\/www.rri.ro\/de\/wp-json\/wp\/v2\/posts\/630359","targetHints":{"allow":["GET"]}}],"collection":[{"href":"https:\/\/www.rri.ro\/de\/wp-json\/wp\/v2\/posts"}],"about":[{"href":"https:\/\/www.rri.ro\/de\/wp-json\/wp\/v2\/types\/post"}],"author":[{"embeddable":true,"href":"https:\/\/www.rri.ro\/de\/wp-json\/wp\/v2\/users\/28"}],"replies":[{"embeddable":true,"href":"https:\/\/www.rri.ro\/de\/wp-json\/wp\/v2\/comments?post=630359"}],"version-history":[{"count":0,"href":"https:\/\/www.rri.ro\/de\/wp-json\/wp\/v2\/posts\/630359\/revisions"}],"wp:featuredmedia":[{"embeddable":true,"href":"https:\/\/www.rri.ro\/de\/wp-json\/wp\/v2\/media\/162656"}],"wp:attachment":[{"href":"https:\/\/www.rri.ro\/de\/wp-json\/wp\/v2\/media?parent=630359"}],"wp:term":[{"taxonomy":"category","embeddable":true,"href":"https:\/\/www.rri.ro\/de\/wp-json\/wp\/v2\/categories?post=630359"},{"taxonomy":"post_tag","embeddable":true,"href":"https:\/\/www.rri.ro\/de\/wp-json\/wp\/v2\/tags?post=630359"},{"taxonomy":"author","embeddable":true,"href":"https:\/\/www.rri.ro\/de\/wp-json\/wp\/v2\/coauthors?post=630359"}],"curies":[{"name":"wp","href":"https:\/\/api.w.org\/{rel}","templated":true}]}}