{"id":630452,"date":"2022-02-19T15:25:00","date_gmt":"2022-02-19T13:25:00","guid":{"rendered":"http:\/\/devrri.freshlemon.ro\/aktuell\/ich-ergebe-mich-der-inneren-diktierstimme-id630452.html"},"modified":"2022-02-19T15:25:00","modified_gmt":"2022-02-19T13:25:00","slug":"ich-ergebe-mich-der-inneren-diktierstimme","status":"publish","type":"post","link":"https:\/\/www.rri.ro\/de\/feature-reportage\/kulturchronik\/ich-ergebe-mich-der-inneren-diktierstimme-id630452.html","title":{"rendered":"&#8222;Ich ergebe mich der inneren Diktierstimme&#8220;"},"content":{"rendered":"<p style=margin-right: 0cm; margin-left: 0cm; font-size: 12pt; font-family: \"Times New Roman\", serif; color: rgb(0, 0, 0); background-image: initial; background-position: initial; background-size: initial; background-repeat: initial; background-attachment: initial; background-origin: initial; background-clip: initial;>Nora Iugas letzter Roman, Hipodrom (zu Deutsch in etwa Reitbahn) erschien 2020 &#8212; heute entspannt sie sich mit Gedichteschreiben. Von der am 4. Januar 1931 geborenen Nora Iuga erschienen in deutsche Sprache mehrere Titel, zum Beispiel 2003 Der Autobus mit den Buckligen, im Verlag Akademie Schloss Solitude, Stuttgart, dann 2007 der Gedichtband Gef\u00e4hrliche Launen bei Klett-Cotta, beide \u00fcbersetzt von Ernst Wichner. Ihren Roman Die Sechzigj\u00e4hrige und der junge Mann, erschienen 2010 bei Matthes &#038; Seitz in Berlin, \u00fcbersetzte Eva Ruth Wemme. Ihre rum\u00e4nischen Texte sind viel zahlreicher, ihre eigenen \u00dcbersetzungen aus dem Deutschen ebenfalls. 2007 wurde Nora Iuga mit dem &#8222;Friedrich-Gundolf&#8220;-Preis der Deutschen Akademie f\u00fcr Sprache und Dichtung ausgezeichnet, und 2015, bzw. 2017 verliehen ihr zun\u00e4chst die Bundesrepublik und dann auch ihre eigene Heimat Rum\u00e4nien den jeweiligen Verdienstorden. <\/p>\n<p>&#13;<br \/>\n&#13;<\/p>\n<p style=margin: 0cm; font-size: 12pt; font-family: \"Times New Roman\", serif; color: rgb(0, 0, 0); background-image: initial; background-position: initial; background-size: initial; background-repeat: initial; background-attachment: initial; background-origin: initial; background-clip: initial;>Mit RRI sprach Nora Iuga, die mit dem wirklicher Namen Eleonora Almosnino hei\u200e\u00dft, vor allem \u00fcber ihren neusten Roman, Hipodrom. Ein stark an ihre eigene Biografie angelehnter Lesestoff, gewidmet der Stadt, die sie als junge Frau pr\u00e4gte. Sibiu, deutsch Hermannstadt. Hier lernte die eigentlich in Bukarest geborene Autorin die Nonnen am Ursulinenkloster kennen, hier entdeckte sie den Schimmel Jovis im Schaufenster bei Schuster, hier unterrichtete sie im Kommunismus Deutsch, hier liebten sie ihre Sch\u00fcler: <\/p>\n<p>&#13;<br \/>\n&#13;<\/p>\n<p style=margin: 0cm; font-size: 12pt; font-family: \"Times New Roman\", serif; color: rgb(0, 0, 0); background-image: initial; background-position: initial; background-size: initial; background-repeat: initial; background-attachment: initial; background-origin: initial; background-clip: initial; box-sizing: border-box; word-spacing: 2px;>\n<p>&#13;<br \/>\n&#13;<\/p>\n<p style=margin: 0cm; font-size: 12pt; font-family: \"Times New Roman\", serif; color: rgb(0, 0, 0); background-image: initial; background-position: initial; background-size: initial; background-repeat: initial; background-attachment: initial; background-origin: initial; background-clip: initial;><em>&#8222;Dieses Buch ist ein viel \u00e4lteres Projekt. Seit gut 15 Jahren spiele ich mit dem Gedanken, dass ich dieser Stadt etwas schulde. Aber es geht nicht etwa um eine Geldschuld\u2026 dass ich Geliehenes zur\u00fcckzahle. Ich reite im Buch auf diesem Namen Hermannstadt herum &#8212; es ist dieser Hermannstadt, der ich mich verbunden f\u00fchle, weniger dem heutigen Sibiu. Dort habe ich als Zehnj\u00e4hrige zum ersten Mal das Kribbeln der Liebe gesp\u00fcrt und nicht begriffen, was dieses Kn\u00e4uel an Gef\u00fchlen bedeutet. Ich konnte mir nicht erkl\u00e4ren, was das genau war, als ich eines Winterabends auf der Hauptstra\u200e\u00dfe zum R\u00f6mischen Kaiser rannte, zum gr\u00f6\u200e\u00dften s\u00e4chsischen Hotel der Stadt. Dort trat mein Vater als Violinist und Orchesterleiter auf und ich beeilte mich, ihm sein Bogenharz, sein Kolophonium zu bringen. Diese Stadt gab mir Gelegenheit, Menschen zu begegnen, die mein Schicksal pr\u00e4gten &#8212; viele von ihnen weilen nicht mehr unter uns. Meine Nonnen aus dem Ursulinenkloster, denen ich die H\u00e4lfte meines Wesens verdanke, gibt es nicht mehr. Nicht zuf\u00e4llig schreibe ich im Buch \u00fcber Nora A und Nora B, ich bin gebaut aus zwei gegens\u00e4tzlichen H\u00e4lften, aber das ist nicht ungew\u00f6hnlich. Ich bin \u00fcberzeugt, dass es in jedem von uns solche zwei antagonistische und fast nicht zueinanderpassende Figuren gibt, die sich st\u00e4ndig streiten. Und w\u00e4hrend Nora A leichtsinnige Streiche spielt, liest ihr Nora B in ihrer Weisheit die Leviten,&#8220; <\/em>erz\u00e4hlt die Autorin Nora Iuga.<\/p>\n<p>&#13;<br \/>\n&#13;<\/p>\n<p style=margin: 0cm; font-size: 12pt; font-family: \"Times New Roman\", serif; color: rgb(0, 0, 0); background-image: initial; background-position: initial; background-size: initial; background-repeat: initial; background-attachment: initial; background-origin: initial; background-clip: initial;>\n<p>&#13;<br \/>\n&#13;<\/p>\n<p style=margin: 0cm; font-size: 12pt; font-family: \"Times New Roman\", serif; color: rgb(0, 0, 0); background-image: initial; background-position: initial; background-size: initial; background-repeat: initial; background-attachment: initial; background-origin: initial; background-clip: initial;>Ihr Roman Hipodrom spielt w\u00e4hrend nicht weniger als drei Diktaturen: Iuga lebte als Kind zuerst im Karlismus von K\u00f6nig Carol dem II., dann unter der Milit\u00e4rdiktatur von Ion Antonescu und wurde schlie\u200e\u00dflich im Kommunismus erwachsen. Wie geht sie denn um mit den vielen Erinnerungen?<\/p>\n<p>&#13;<br \/>\n&#13;<\/p>\n<p style=margin: 0cm; font-size: 12pt; font-family: \"Times New Roman\", serif; color: rgb(0, 0, 0); background-image: initial; background-position: initial; background-size: initial; background-repeat: initial; background-attachment: initial; background-origin: initial; background-clip: initial;>\n<p>&#13;<br \/>\n&#13;<\/p>\n<p style=margin: 0cm; font-size: 12pt; font-family: \"Times New Roman\", serif; color: rgb(0, 0, 0); background-image: initial; background-position: initial; background-size: initial; background-repeat: initial; background-attachment: initial; background-origin: initial; background-clip: initial;><em>&#8222;Es gibt zwei Arten von Schriftstellern: die einen konstruieren bewusst Verl\u00e4ufe, die anderen ergeben sich der inneren Stimme. Ich geh\u00f6re offensichtlich zur zweiten Art. Diese innere Diktierstimme kann mit einem Erinnerungsschwall verglichen werden, den wir nicht kontrollieren k\u00f6nnen. Einige dieser Erinnerungen sind derart konkret, dass man sich fast davor f\u00fcrchten kann. So k\u00f6nnen wir Ereignisse fast so erleben, wie sie sich zugetragen haben. Erinnerungen sind irgendwie wie Tr\u00e4ume: sie k\u00f6nnen die leicht ver\u00e4nderte Gestalt von Dingen annehmen, die sich vor langer Zeit ereignet haben. Man hat dieses bestimmte Deja-vu-Gef\u00fchl, das man das alles ja einmal erlebt hat. Wenn man dann alt wird, geht man in sich hinein und sondiert das eigene  Innenleben, das ist das Sch\u00f6nste im Alter&#8211; das hei\u200e\u00dft aber nicht, dass man sich dabei nur auf das selbst Erlebte konzentrieren muss. Ich habe tats\u00e4chlich in drei Diktaturen gelebt, kann mir aber nicht sch\u00f6neres vorstellen als die Monarchie, die ich als Kind miterlebt habe und als Zeit sehr liebe. Wir haben schon immer im Zeichen von Gegens\u00e4tzen gelebt, aber als Kind erkannte ich nicht, dass es ungerecht ist, wenn Stra\u200e\u00dfenverk\u00e4ufer barfu\u200e\u00df herumlaufen. Wenn ich jetzt zur\u00fcckdenke, kommt es mir vor, als sehe ich einen sehr poetischen Film. Ich kann mit der Welt nicht zu hart ins Gericht gehen, jeder von uns ist zutiefst in der eigenen Kindheit verwurzelt &#8212; und diese Wurzeln lassen sich nicht ziehen. Was aus heutiger Sicht verurteilt werden kann, war f\u00fcr mich damals ein Grund zu schierer Freude,&#8220; <\/em>sagt die rum\u00e4nische Literatin nachdenklich zum Schluss des Gespr\u00e4chs.<\/p>\n<p>&#13;<\/p>\n","protected":false},"excerpt":{"rendered":"<p>Ein Gespr\u00e4ch mit Nora Iuga, der bekannten Lyrikerin, Romanautorin und Literatur\u00fcbersetzerin aus dem Deutschen.<\/p>\n","protected":false},"author":135,"featured_media":163682,"comment_status":"closed","ping_status":"closed","sticky":false,"template":"","format":"standard","meta":{"_acf_changed":false,"footnotes":""},"categories":[116759],"tags":[102128,38034,99589],"coauthors":[],"class_list":["post-630452","post","type-post","status-publish","format-standard","has-post-thumbnail","hentry","category-kulturchronik","tag-literatur","tag-nora-iuga","tag-rumaenien"],"acf":[],"yoast_head":"<!-- This site is optimized with the Yoast SEO plugin v27.3 - https:\/\/yoast.com\/product\/yoast-seo-wordpress\/ -->\n<title>&quot;Ich ergebe mich der inneren Diktierstimme&quot; - Radio Rum\u00e4nien International<\/title>\n<meta name=\"robots\" content=\"index, follow, max-snippet:-1, max-image-preview:large, max-video-preview:-1\" \/>\n<link rel=\"canonical\" href=\"https:\/\/www.rri.ro\/de\/feature-reportage\/kulturchronik\/ich-ergebe-mich-der-inneren-diktierstimme-id630452.html\" \/>\n<meta property=\"og:locale\" content=\"de_DE\" \/>\n<meta property=\"og:type\" content=\"article\" \/>\n<meta property=\"og:title\" content=\"&quot;Ich ergebe mich der inneren Diktierstimme&quot; - Radio Rum\u00e4nien International\" \/>\n<meta property=\"og:description\" content=\"Ein Gespr\u00e4ch mit Nora Iuga, der bekannten Lyrikerin, Romanautorin und Literatur\u00fcbersetzerin aus dem Deutschen.\" \/>\n<meta property=\"og:url\" content=\"https:\/\/www.rri.ro\/de\/feature-reportage\/kulturchronik\/ich-ergebe-mich-der-inneren-diktierstimme-id630452.html\" \/>\n<meta property=\"og:site_name\" content=\"Radio Rum\u00e4nien International\" \/>\n<meta property=\"article:published_time\" content=\"2022-02-19T13:25:00+00:00\" \/>\n<meta property=\"og:image\" content=\"https:\/\/www.rri.ro\/wp-content\/uploads\/2023\/10\/carte-nora-iuga-hipodrom.png\" \/>\n\t<meta property=\"og:image:width\" content=\"640\" \/>\n\t<meta property=\"og:image:height\" content=\"977\" \/>\n\t<meta property=\"og:image:type\" content=\"image\/png\" \/>\n<meta name=\"author\" content=\"Corina Sab\u0103u\" \/>\n<meta name=\"twitter:card\" content=\"summary_large_image\" \/>\n<meta name=\"twitter:label1\" content=\"Verfasst von\" \/>\n\t<meta name=\"twitter:data1\" content=\"Corina Sab\u0103u\" \/>\n\t<meta name=\"twitter:label2\" content=\"Gesch\u00e4tzte Lesezeit\" \/>\n\t<meta name=\"twitter:data2\" content=\"4\u00a0Minuten\" \/>\n\t<meta name=\"twitter:label3\" content=\"Written by\" \/>\n\t<meta name=\"twitter:data3\" content=\"Corina Sab\u0103u\" \/>\n<script type=\"application\/ld+json\" class=\"yoast-schema-graph\">{\"@context\":\"https:\\\/\\\/schema.org\",\"@graph\":[{\"@type\":\"Article\",\"@id\":\"https:\\\/\\\/www.rri.ro\\\/de\\\/feature-reportage\\\/kulturchronik\\\/ich-ergebe-mich-der-inneren-diktierstimme-id630452.html#article\",\"isPartOf\":{\"@id\":\"https:\\\/\\\/www.rri.ro\\\/de\\\/feature-reportage\\\/kulturchronik\\\/ich-ergebe-mich-der-inneren-diktierstimme-id630452.html\"},\"author\":{\"name\":\"Corina Sab\u0103u\",\"@id\":\"https:\\\/\\\/www.rri.ro\\\/#\\\/schema\\\/person\\\/f422c4ce48593b32beccebb63f9ceb1e\"},\"headline\":\"&#8222;Ich ergebe mich der inneren Diktierstimme&#8220;\",\"datePublished\":\"2022-02-19T13:25:00+00:00\",\"mainEntityOfPage\":{\"@id\":\"https:\\\/\\\/www.rri.ro\\\/de\\\/feature-reportage\\\/kulturchronik\\\/ich-ergebe-mich-der-inneren-diktierstimme-id630452.html\"},\"wordCount\":776,\"image\":{\"@id\":\"https:\\\/\\\/www.rri.ro\\\/de\\\/feature-reportage\\\/kulturchronik\\\/ich-ergebe-mich-der-inneren-diktierstimme-id630452.html#primaryimage\"},\"thumbnailUrl\":\"https:\\\/\\\/www.rri.ro\\\/wp-content\\\/uploads\\\/2023\\\/10\\\/carte-nora-iuga-hipodrom.png\",\"keywords\":[\"Literatur\",\"Nora Iuga\",\"Rum\u00e4nien\"],\"articleSection\":[\"Kulturchronik\"],\"inLanguage\":\"de\"},{\"@type\":\"WebPage\",\"@id\":\"https:\\\/\\\/www.rri.ro\\\/de\\\/feature-reportage\\\/kulturchronik\\\/ich-ergebe-mich-der-inneren-diktierstimme-id630452.html\",\"url\":\"https:\\\/\\\/www.rri.ro\\\/de\\\/feature-reportage\\\/kulturchronik\\\/ich-ergebe-mich-der-inneren-diktierstimme-id630452.html\",\"name\":\"\\\"Ich ergebe mich der inneren Diktierstimme\\\" - Radio Rum\u00e4nien International\",\"isPartOf\":{\"@id\":\"https:\\\/\\\/www.rri.ro\\\/#website\"},\"primaryImageOfPage\":{\"@id\":\"https:\\\/\\\/www.rri.ro\\\/de\\\/feature-reportage\\\/kulturchronik\\\/ich-ergebe-mich-der-inneren-diktierstimme-id630452.html#primaryimage\"},\"image\":{\"@id\":\"https:\\\/\\\/www.rri.ro\\\/de\\\/feature-reportage\\\/kulturchronik\\\/ich-ergebe-mich-der-inneren-diktierstimme-id630452.html#primaryimage\"},\"thumbnailUrl\":\"https:\\\/\\\/www.rri.ro\\\/wp-content\\\/uploads\\\/2023\\\/10\\\/carte-nora-iuga-hipodrom.png\",\"datePublished\":\"2022-02-19T13:25:00+00:00\",\"author\":{\"@id\":\"https:\\\/\\\/www.rri.ro\\\/#\\\/schema\\\/person\\\/f422c4ce48593b32beccebb63f9ceb1e\"},\"breadcrumb\":{\"@id\":\"https:\\\/\\\/www.rri.ro\\\/de\\\/feature-reportage\\\/kulturchronik\\\/ich-ergebe-mich-der-inneren-diktierstimme-id630452.html#breadcrumb\"},\"inLanguage\":\"de\",\"potentialAction\":[{\"@type\":\"ReadAction\",\"target\":[\"https:\\\/\\\/www.rri.ro\\\/de\\\/feature-reportage\\\/kulturchronik\\\/ich-ergebe-mich-der-inneren-diktierstimme-id630452.html\"]}]},{\"@type\":\"ImageObject\",\"inLanguage\":\"de\",\"@id\":\"https:\\\/\\\/www.rri.ro\\\/de\\\/feature-reportage\\\/kulturchronik\\\/ich-ergebe-mich-der-inneren-diktierstimme-id630452.html#primaryimage\",\"url\":\"https:\\\/\\\/www.rri.ro\\\/wp-content\\\/uploads\\\/2023\\\/10\\\/carte-nora-iuga-hipodrom.png\",\"contentUrl\":\"https:\\\/\\\/www.rri.ro\\\/wp-content\\\/uploads\\\/2023\\\/10\\\/carte-nora-iuga-hipodrom.png\",\"width\":640,\"height\":977},{\"@type\":\"BreadcrumbList\",\"@id\":\"https:\\\/\\\/www.rri.ro\\\/de\\\/feature-reportage\\\/kulturchronik\\\/ich-ergebe-mich-der-inneren-diktierstimme-id630452.html#breadcrumb\",\"itemListElement\":[{\"@type\":\"ListItem\",\"position\":1,\"name\":\"Startseite\",\"item\":\"https:\\\/\\\/www.rri.ro\\\/de\"},{\"@type\":\"ListItem\",\"position\":2,\"name\":\"Feature &amp; Reportage\",\"item\":\"https:\\\/\\\/www.rri.ro\\\/de\\\/feature-reportage\"},{\"@type\":\"ListItem\",\"position\":3,\"name\":\"Kulturchronik\",\"item\":\"https:\\\/\\\/www.rri.ro\\\/de\\\/feature-reportage\\\/kulturchronik\"},{\"@type\":\"ListItem\",\"position\":4,\"name\":\"&#8222;Ich ergebe mich der inneren Diktierstimme&#8220;\"}]},{\"@type\":\"WebSite\",\"@id\":\"https:\\\/\\\/www.rri.ro\\\/#website\",\"url\":\"https:\\\/\\\/www.rri.ro\\\/\",\"name\":\"Radio Rum\u00e4nien International\",\"description\":\"Totul despre Rom\u00e2nia \u015fi rom\u00e2ni, \u00een 13 limbi\\\/dialecte!\",\"inLanguage\":\"de\"},{\"@type\":\"Person\",\"@id\":\"https:\\\/\\\/www.rri.ro\\\/#\\\/schema\\\/person\\\/f422c4ce48593b32beccebb63f9ceb1e\",\"name\":\"Corina Sab\u0103u\",\"url\":\"https:\\\/\\\/www.rri.ro\\\/de\\\/author\\\/corina-sabau\"}]}<\/script>\n<!-- \/ Yoast SEO plugin. -->","yoast_head_json":{"title":"\"Ich ergebe mich der inneren Diktierstimme\" - Radio Rum\u00e4nien International","robots":{"index":"index","follow":"follow","max-snippet":"max-snippet:-1","max-image-preview":"max-image-preview:large","max-video-preview":"max-video-preview:-1"},"canonical":"https:\/\/www.rri.ro\/de\/feature-reportage\/kulturchronik\/ich-ergebe-mich-der-inneren-diktierstimme-id630452.html","og_locale":"de_DE","og_type":"article","og_title":"\"Ich ergebe mich der inneren Diktierstimme\" - Radio Rum\u00e4nien International","og_description":"Ein Gespr\u00e4ch mit Nora Iuga, der bekannten Lyrikerin, Romanautorin und Literatur\u00fcbersetzerin aus dem Deutschen.","og_url":"https:\/\/www.rri.ro\/de\/feature-reportage\/kulturchronik\/ich-ergebe-mich-der-inneren-diktierstimme-id630452.html","og_site_name":"Radio Rum\u00e4nien International","article_published_time":"2022-02-19T13:25:00+00:00","og_image":[{"width":640,"height":977,"url":"https:\/\/www.rri.ro\/wp-content\/uploads\/2023\/10\/carte-nora-iuga-hipodrom.png","type":"image\/png"}],"author":"Corina Sab\u0103u","twitter_card":"summary_large_image","twitter_misc":{"Verfasst von":"Corina Sab\u0103u","Gesch\u00e4tzte Lesezeit":"4\u00a0Minuten","Written by":"Corina Sab\u0103u"},"schema":{"@context":"https:\/\/schema.org","@graph":[{"@type":"Article","@id":"https:\/\/www.rri.ro\/de\/feature-reportage\/kulturchronik\/ich-ergebe-mich-der-inneren-diktierstimme-id630452.html#article","isPartOf":{"@id":"https:\/\/www.rri.ro\/de\/feature-reportage\/kulturchronik\/ich-ergebe-mich-der-inneren-diktierstimme-id630452.html"},"author":{"name":"Corina Sab\u0103u","@id":"https:\/\/www.rri.ro\/#\/schema\/person\/f422c4ce48593b32beccebb63f9ceb1e"},"headline":"&#8222;Ich ergebe mich der inneren Diktierstimme&#8220;","datePublished":"2022-02-19T13:25:00+00:00","mainEntityOfPage":{"@id":"https:\/\/www.rri.ro\/de\/feature-reportage\/kulturchronik\/ich-ergebe-mich-der-inneren-diktierstimme-id630452.html"},"wordCount":776,"image":{"@id":"https:\/\/www.rri.ro\/de\/feature-reportage\/kulturchronik\/ich-ergebe-mich-der-inneren-diktierstimme-id630452.html#primaryimage"},"thumbnailUrl":"https:\/\/www.rri.ro\/wp-content\/uploads\/2023\/10\/carte-nora-iuga-hipodrom.png","keywords":["Literatur","Nora Iuga","Rum\u00e4nien"],"articleSection":["Kulturchronik"],"inLanguage":"de"},{"@type":"WebPage","@id":"https:\/\/www.rri.ro\/de\/feature-reportage\/kulturchronik\/ich-ergebe-mich-der-inneren-diktierstimme-id630452.html","url":"https:\/\/www.rri.ro\/de\/feature-reportage\/kulturchronik\/ich-ergebe-mich-der-inneren-diktierstimme-id630452.html","name":"\"Ich ergebe mich der inneren Diktierstimme\" - Radio Rum\u00e4nien International","isPartOf":{"@id":"https:\/\/www.rri.ro\/#website"},"primaryImageOfPage":{"@id":"https:\/\/www.rri.ro\/de\/feature-reportage\/kulturchronik\/ich-ergebe-mich-der-inneren-diktierstimme-id630452.html#primaryimage"},"image":{"@id":"https:\/\/www.rri.ro\/de\/feature-reportage\/kulturchronik\/ich-ergebe-mich-der-inneren-diktierstimme-id630452.html#primaryimage"},"thumbnailUrl":"https:\/\/www.rri.ro\/wp-content\/uploads\/2023\/10\/carte-nora-iuga-hipodrom.png","datePublished":"2022-02-19T13:25:00+00:00","author":{"@id":"https:\/\/www.rri.ro\/#\/schema\/person\/f422c4ce48593b32beccebb63f9ceb1e"},"breadcrumb":{"@id":"https:\/\/www.rri.ro\/de\/feature-reportage\/kulturchronik\/ich-ergebe-mich-der-inneren-diktierstimme-id630452.html#breadcrumb"},"inLanguage":"de","potentialAction":[{"@type":"ReadAction","target":["https:\/\/www.rri.ro\/de\/feature-reportage\/kulturchronik\/ich-ergebe-mich-der-inneren-diktierstimme-id630452.html"]}]},{"@type":"ImageObject","inLanguage":"de","@id":"https:\/\/www.rri.ro\/de\/feature-reportage\/kulturchronik\/ich-ergebe-mich-der-inneren-diktierstimme-id630452.html#primaryimage","url":"https:\/\/www.rri.ro\/wp-content\/uploads\/2023\/10\/carte-nora-iuga-hipodrom.png","contentUrl":"https:\/\/www.rri.ro\/wp-content\/uploads\/2023\/10\/carte-nora-iuga-hipodrom.png","width":640,"height":977},{"@type":"BreadcrumbList","@id":"https:\/\/www.rri.ro\/de\/feature-reportage\/kulturchronik\/ich-ergebe-mich-der-inneren-diktierstimme-id630452.html#breadcrumb","itemListElement":[{"@type":"ListItem","position":1,"name":"Startseite","item":"https:\/\/www.rri.ro\/de"},{"@type":"ListItem","position":2,"name":"Feature &amp; Reportage","item":"https:\/\/www.rri.ro\/de\/feature-reportage"},{"@type":"ListItem","position":3,"name":"Kulturchronik","item":"https:\/\/www.rri.ro\/de\/feature-reportage\/kulturchronik"},{"@type":"ListItem","position":4,"name":"&#8222;Ich ergebe mich der inneren Diktierstimme&#8220;"}]},{"@type":"WebSite","@id":"https:\/\/www.rri.ro\/#website","url":"https:\/\/www.rri.ro\/","name":"Radio Rum\u00e4nien International","description":"Totul despre Rom\u00e2nia \u015fi rom\u00e2ni, \u00een 13 limbi\/dialecte!","inLanguage":"de"},{"@type":"Person","@id":"https:\/\/www.rri.ro\/#\/schema\/person\/f422c4ce48593b32beccebb63f9ceb1e","name":"Corina Sab\u0103u","url":"https:\/\/www.rri.ro\/de\/author\/corina-sabau"}]}},"_links":{"self":[{"href":"https:\/\/www.rri.ro\/de\/wp-json\/wp\/v2\/posts\/630452","targetHints":{"allow":["GET"]}}],"collection":[{"href":"https:\/\/www.rri.ro\/de\/wp-json\/wp\/v2\/posts"}],"about":[{"href":"https:\/\/www.rri.ro\/de\/wp-json\/wp\/v2\/types\/post"}],"author":[{"embeddable":true,"href":"https:\/\/www.rri.ro\/de\/wp-json\/wp\/v2\/users\/135"}],"replies":[{"embeddable":true,"href":"https:\/\/www.rri.ro\/de\/wp-json\/wp\/v2\/comments?post=630452"}],"version-history":[{"count":0,"href":"https:\/\/www.rri.ro\/de\/wp-json\/wp\/v2\/posts\/630452\/revisions"}],"wp:featuredmedia":[{"embeddable":true,"href":"https:\/\/www.rri.ro\/de\/wp-json\/wp\/v2\/media\/163682"}],"wp:attachment":[{"href":"https:\/\/www.rri.ro\/de\/wp-json\/wp\/v2\/media?parent=630452"}],"wp:term":[{"taxonomy":"category","embeddable":true,"href":"https:\/\/www.rri.ro\/de\/wp-json\/wp\/v2\/categories?post=630452"},{"taxonomy":"post_tag","embeddable":true,"href":"https:\/\/www.rri.ro\/de\/wp-json\/wp\/v2\/tags?post=630452"},{"taxonomy":"author","embeddable":true,"href":"https:\/\/www.rri.ro\/de\/wp-json\/wp\/v2\/coauthors?post=630452"}],"curies":[{"name":"wp","href":"https:\/\/api.w.org\/{rel}","templated":true}]}}