{"id":630728,"date":"2017-04-20T17:30:00","date_gmt":"2017-04-20T14:30:00","guid":{"rendered":"http:\/\/devrri.freshlemon.ro\/aktuell\/auf-den-spuren-von-mircea-eliade-durch-bukarest-id630728.html"},"modified":"2017-04-20T17:30:00","modified_gmt":"2017-04-20T14:30:00","slug":"auf-den-spuren-von-mircea-eliade-durch-bukarest","status":"publish","type":"post","link":"https:\/\/www.rri.ro\/de\/feature-reportage\/rumaenien-einmal-anders\/auf-den-spuren-von-mircea-eliade-durch-bukarest-id630728.html","title":{"rendered":"Auf den Spuren von Mircea Eliade durch Bukarest"},"content":{"rendered":"<p>110 Jahre nach der Geburt des Schriftstellers und Philosophen Mircea Eliade laden wir Sie ein, eine kulturelle Reise in die Vergangenheit zu unternehmen. Wir wollen gemeinsam in die Fu\u200e\u00dfstapfen des ber\u00fchmten Schriftstellers treten und die Stimmung in seinen Romanen nachstellen. Das Vorhaben Zu Fu\u200e\u00df durch Bukarest mit Mircea Eliade\u201c wird an allen Wochenenden im Laufe des Monats April umgesetzt. Im Rahmen des Projektes wurden mehrere kulturelle Routen festgelegt. 2015 beteiligten sich mehr als 5.000 Teilnehmer an den Spazierg\u00e4ngen am Wochenende. Edmond Niculu\u015fc\u0103, Vorsitzender der Organisation ARCEN, lieferte uns mehr Einzelheiten zum Projekt:<\/p>\n<p>&#13;<br \/>\n&#13;<\/p>\n<p>&#13;<br \/>\n&#13;<\/p>\n<p><em>Es sind 110 Jahre seit der Geburt von Mircea Eliade vergangen. Das war Anlass genug, um seine literarischen Werke unter die Lupe zu nehmen und wom\u00f6glich aus einer anderen Perspektive zu betrachten. Unser Projekt \u00bbEliade 110\u00ab umfasst zwei Konferenzen und sechs kulturelle Strecken. Dieser zweite Teil des Projektes l\u00e4uft unter dem Namen \u00bbZu Fu\u200e\u00df durch Bukarest mit Mircea Eliade\u00ab. Die erste Konferenz &#8212; \u00bbSieben Spazierg\u00e4nge durch Bukarest zu Zeiten von Mircea Eliade\u00ab &#8212; fand schon im Franz\u00f6sischen Kulturinstitut statt. Es ging haupts\u00e4chlich um sieben sich wiederholende Orte in Mircea Eliades Literatur. Fast alle gibt es auch heute noch in Bukarest. Die letzte Konferenz besteht in einer Lesung \u00fcber Ileana, der weiblichen Figur in Eliades literarischen Werken. Obwohl der Name unter verschiedenen Variationen vorkommt &#8212; Leana, Lena, Elena &#8211;, handelt es sich immer um die gleiche Figur. Sie kommt in seinen fantastischen Novellen vor, aber auch in den Romanen \u00bbNunt\u0103 \u00een cer\u00ab (dt. \u00bbHochzeit im Himmel\u00ab) oder  \u00bbNoaptea de S\u00e2nziene\u00ab (dt. \u00bbDer verbotene Wald\u00ab), nur unter anderen Namen.\u201c<\/em><\/p>\n<p>&#13;<br \/>\n&#13;<\/p>\n<p>&#13;<br \/>\n&#13;<\/p>\n<p>&#13;<br \/>\n&#13;<\/p>\n<p>Die Spazierg\u00e4nge durch die Stadt Bukarest, in der Eliade gelebt hat, erz\u00e4hlen Geschichten \u00fcber die Architektur und die Entwicklung alter Bukarester Viertel. Die Teilnehmer erfahren Erlebnisse aus der Kindheit von Mircea Eliade und werden mit den fantastischen Erz\u00e4hlungen vertraut, die der Schriftsteller w\u00e4hrend seiner Exilzeit schrieb. Der Startpunkt f\u00fcr alle kulturellen Stadtbummel ist jeweils der gleiche: die Kirche Biserica M\u00e2ntuleasa (Str. M\u00e2ntuleasa Nr. 20). Wir wollten von Edmond Niculu\u015fc\u0103 erfahren, ob die Bukarester Stra\u200e\u00dfen den Zauber von einst noch bewahren:<\/p>\n<p>&#13;<br \/>\n&#13;<\/p>\n<p>&#13;<br \/>\n&#13;<\/p>\n<p><em>Manche H\u00e4user stammen aus der Zeit vor dem 1. Weltkrieg. Und viele haben noch den Verputz von damals. Sie haben einen gro\u200e\u00dfen Innenhof, mit Weinreben und Obstb\u00e4umen. Es gibt allerdings auch viele besch\u00e4digte Stadtteile, wie zum Beispiel s\u00e4mtliche historische Viertel in der Hauptstadt. Doch die Stra\u200e\u00dfen, die wir zum Schlendern in unserem Projekt vorschlagen, bewahren noch den Charme des alten Bukarest. In diesen Stra\u200e\u00dfen kann die Stadt Anfang des 20. Jahrhunderts wiedererkannt werden.\u201c<\/em><\/p>\n<p>&#13;<br \/>\n&#13;<\/p>\n<p>&#13;<br \/>\n&#13;<\/p>\n<p>&#13;<br \/>\n&#13;<\/p>\n<p>Die Projekturheber schicken eine Einladung hinaus &#8212; sie regen die Teilnehmer an, Bukarest besser kennenzulernen und fordern sie auf, mehr zu lesen:<\/p>\n<p>&#13;<br \/>\n&#13;<\/p>\n<p>&#13;<br \/>\n&#13;<\/p>\n<p><em>Es ist eine Einladung, die Stadt mit anderen Augen zu sehen. Die Figuren in Mircea Eliades Werke pflegen eine intime, vertrauliche Beziehung zu dieser Stadt. Wir wollen zeigen, wie Bukarest erlebt werden kann und was die Stadt zu bieten hat. Gleichzeitig ist es eine Einladung zum Lesen. S\u00e4mtliche Haltestellen entlang der Kulturroute weisen auf die Literatur von Eliade hin. Letztendlich ist es eine Einladung, die Stadt anders wahrzunehmen, eine engere Beziehung zu Bukarest einzugehen. Die Einwohner von Bukarest pflegen derzeit eine eher giftige Beziehung zu ihrer Stadt. Das geht hervor aus den Entwicklungen auf den Stra\u200e\u00dfen von Bukarest: Die Stadt wird zum Teil verst\u00fcmmelt und ihre Identit\u00e4t sowie die Erinnerungen gehen verloren.\u201c<\/em><\/p>\n<p>&#13;<br \/>\n&#13;<\/p>\n<p>&#13;<br \/>\n&#13;<\/p>\n<p>&#13;<br \/>\n&#13;<\/p>\n<p>Die zwei Stadtf\u00fchrer, Alberto Gro\u015fescu und Edmond Niculu\u015fc\u0103, beeindruckten das Publikum nicht nur mit Einzelheiten \u00fcber die Gegend, in der Mircea Eliade aufgewachsen ist, sondern erz\u00e4hlten den Teilnehmern auch zahlreiche Geschichten, beriefen sich auf Eliades Memoiren und konturierten das Profil des Bewohners eines Armenviertels der damaligen Zeit. Das Projekt endet Ende April. Daher baten wir Edmond Niculu\u015fc\u0103, uns mehr \u00fcber die Entwicklung des Projektes zu erz\u00e4hlen:<\/p>\n<p>&#13;<br \/>\n&#13;<\/p>\n<p>&#13;<br \/>\n&#13;<\/p>\n<p><em>Die Bukarester sind jeden Samstag und Sonntag in der M\u00e2ntuleasa-Stra\u200e\u00dfe 20  herzlichst willkommen. Der Startpunkt f\u00fcr unsere Spazierg\u00e4nge ist die M\u00e2ntuleasa-Kirche. Die Spazierg\u00e4nge durch die Stadtviertel von Bukarest, in denen Eliade seine Kindheit verbrachte, dauern etwa zwei Stunden. Mircea Eliade ist in diesem Stadtteil aufgewachsen, er ging in die M\u00e2ntuleasa-Schule. Nach der Schule begab er sich zu seinen Gro\u200e\u00dfeltern in der Strada M<\/em><em>\u0103t\u0103sari (<\/em><em>Seidenfabrikgasse). Das ist die Umgebung, in der er aufgewachsen ist, ein fantastischer Ort, der in seiner fantastischen Literatur wieder auftaucht.\u201c<\/em><\/p>\n<p>&#13;<br \/>\n&#13;<\/p>\n<p>&#13;<br \/>\n&#13;<\/p>\n<p>&#13;<br \/>\n&#13;<\/p>\n<p>Die Veranstaltungen anl\u00e4sslich des 110. Jahrestages der Geburt von Mircea Eliade werden in Zusammenarbeit mit dem Franz\u00f6sischen Kulturinstitut in Bukarest organisiert. Frankreich war ein entscheidender Haltepunkt in Eliades Leben. Es war das erste Adoptionsland w\u00e4hrend seines selbst auferlegten Exils. In Frankreich hatte Eliade die Gelegenheit, an der Universit\u00e4t \u00c9cole pratique des hautes \u00e9tudes\u201c Vorlesungen zu halten und somit bekannt zu werden. In Frankreich ver\u00f6ffentlichte er einen Teil seiner Werke. Dazu wurden die in Rum\u00e4nisch verfassten Texte ins Franz\u00f6sische \u00fcbersetzt.<\/p>\n<p>&#13;<\/p>\n","protected":false},"excerpt":{"rendered":"<p>Anl\u00e4sslich des 110. Jahrestages der Geburt des Schriftstellers und Philosophen Mircea Eliade werden in Bukarest zahlreiche Veranstaltungen organisiert. Unter anderem ein Projekt, das die Stimmung in Eliades Literatur ins Leben rufen will.<\/p>\n","protected":false},"author":126,"featured_media":385619,"comment_status":"closed","ping_status":"closed","sticky":false,"template":"","format":"standard","meta":{"_acf_changed":false,"footnotes":""},"categories":[116761],"tags":[43139,99587,123255,102128,123254,45541],"coauthors":[],"class_list":["post-630728","post","type-post","status-publish","format-standard","has-post-thumbnail","hentry","category-rumaenien-einmal-anders","tag-arcen","tag-bukarest","tag-kulturspaziergaenge","tag-literatur","tag-mantuleasa","tag-mircea-eliade"],"acf":[],"yoast_head":"<!-- This site is optimized with the Yoast SEO plugin v27.3 - https:\/\/yoast.com\/product\/yoast-seo-wordpress\/ -->\n<title>Auf den Spuren von Mircea Eliade durch Bukarest - Radio Rum\u00e4nien International<\/title>\n<meta name=\"robots\" content=\"index, follow, max-snippet:-1, max-image-preview:large, max-video-preview:-1\" \/>\n<link rel=\"canonical\" href=\"https:\/\/www.rri.ro\/de\/feature-reportage\/rumaenien-einmal-anders\/auf-den-spuren-von-mircea-eliade-durch-bukarest-id630728.html\" \/>\n<meta property=\"og:locale\" content=\"de_DE\" \/>\n<meta property=\"og:type\" content=\"article\" \/>\n<meta property=\"og:title\" content=\"Auf den Spuren von Mircea Eliade durch Bukarest - Radio Rum\u00e4nien International\" \/>\n<meta property=\"og:description\" content=\"Anl\u00e4sslich des 110. Jahrestages der Geburt des Schriftstellers und Philosophen Mircea Eliade werden in Bukarest zahlreiche Veranstaltungen organisiert. Unter anderem ein Projekt, das die Stimmung in Eliades Literatur ins Leben rufen will.\" \/>\n<meta property=\"og:url\" content=\"https:\/\/www.rri.ro\/de\/feature-reportage\/rumaenien-einmal-anders\/auf-den-spuren-von-mircea-eliade-durch-bukarest-id630728.html\" \/>\n<meta property=\"og:site_name\" content=\"Radio Rum\u00e4nien International\" \/>\n<meta property=\"article:published_time\" content=\"2017-04-20T14:30:00+00:00\" \/>\n<meta property=\"og:image\" content=\"https:\/\/www.rri.ro\/wp-content\/uploads\/2023\/10\/arcen-adrian-buta-edmond-niculusca-eliade.jpg\" \/>\n\t<meta property=\"og:image:width\" content=\"640\" \/>\n\t<meta property=\"og:image:height\" content=\"426\" \/>\n\t<meta property=\"og:image:type\" content=\"image\/jpeg\" \/>\n<meta name=\"author\" content=\"Ana-Maria Cononovici\" \/>\n<meta name=\"twitter:card\" content=\"summary_large_image\" \/>\n<meta name=\"twitter:label1\" content=\"Verfasst von\" \/>\n\t<meta name=\"twitter:data1\" content=\"Ana-Maria Cononovici\" \/>\n\t<meta name=\"twitter:label2\" content=\"Gesch\u00e4tzte Lesezeit\" \/>\n\t<meta name=\"twitter:data2\" content=\"4\u00a0Minuten\" \/>\n\t<meta name=\"twitter:label3\" content=\"Written by\" \/>\n\t<meta name=\"twitter:data3\" content=\"Ana-Maria Cononovici\" \/>\n<script type=\"application\/ld+json\" class=\"yoast-schema-graph\">{\"@context\":\"https:\\\/\\\/schema.org\",\"@graph\":[{\"@type\":\"Article\",\"@id\":\"https:\\\/\\\/www.rri.ro\\\/de\\\/feature-reportage\\\/rumaenien-einmal-anders\\\/auf-den-spuren-von-mircea-eliade-durch-bukarest-id630728.html#article\",\"isPartOf\":{\"@id\":\"https:\\\/\\\/www.rri.ro\\\/de\\\/feature-reportage\\\/rumaenien-einmal-anders\\\/auf-den-spuren-von-mircea-eliade-durch-bukarest-id630728.html\"},\"author\":{\"name\":\"Ana-Maria Cononovici\",\"@id\":\"https:\\\/\\\/www.rri.ro\\\/#\\\/schema\\\/person\\\/70ee98042ca8b95ae29876ed4848670e\"},\"headline\":\"Auf den Spuren von Mircea Eliade durch Bukarest\",\"datePublished\":\"2017-04-20T14:30:00+00:00\",\"mainEntityOfPage\":{\"@id\":\"https:\\\/\\\/www.rri.ro\\\/de\\\/feature-reportage\\\/rumaenien-einmal-anders\\\/auf-den-spuren-von-mircea-eliade-durch-bukarest-id630728.html\"},\"wordCount\":825,\"image\":{\"@id\":\"https:\\\/\\\/www.rri.ro\\\/de\\\/feature-reportage\\\/rumaenien-einmal-anders\\\/auf-den-spuren-von-mircea-eliade-durch-bukarest-id630728.html#primaryimage\"},\"thumbnailUrl\":\"https:\\\/\\\/www.rri.ro\\\/wp-content\\\/uploads\\\/2023\\\/10\\\/arcen-adrian-buta-edmond-niculusca-eliade.jpg\",\"keywords\":[\"ARCEN\",\"Bukarest\",\"Kulturspazierg\u00e4nge\",\"Literatur\",\"M\u00e2ntuleasa\",\"Mircea Eliade\"],\"articleSection\":[\"Rum\u00e4nien einmal anders\"],\"inLanguage\":\"de\"},{\"@type\":\"WebPage\",\"@id\":\"https:\\\/\\\/www.rri.ro\\\/de\\\/feature-reportage\\\/rumaenien-einmal-anders\\\/auf-den-spuren-von-mircea-eliade-durch-bukarest-id630728.html\",\"url\":\"https:\\\/\\\/www.rri.ro\\\/de\\\/feature-reportage\\\/rumaenien-einmal-anders\\\/auf-den-spuren-von-mircea-eliade-durch-bukarest-id630728.html\",\"name\":\"Auf den Spuren von Mircea Eliade durch Bukarest - Radio Rum\u00e4nien International\",\"isPartOf\":{\"@id\":\"https:\\\/\\\/www.rri.ro\\\/#website\"},\"primaryImageOfPage\":{\"@id\":\"https:\\\/\\\/www.rri.ro\\\/de\\\/feature-reportage\\\/rumaenien-einmal-anders\\\/auf-den-spuren-von-mircea-eliade-durch-bukarest-id630728.html#primaryimage\"},\"image\":{\"@id\":\"https:\\\/\\\/www.rri.ro\\\/de\\\/feature-reportage\\\/rumaenien-einmal-anders\\\/auf-den-spuren-von-mircea-eliade-durch-bukarest-id630728.html#primaryimage\"},\"thumbnailUrl\":\"https:\\\/\\\/www.rri.ro\\\/wp-content\\\/uploads\\\/2023\\\/10\\\/arcen-adrian-buta-edmond-niculusca-eliade.jpg\",\"datePublished\":\"2017-04-20T14:30:00+00:00\",\"author\":{\"@id\":\"https:\\\/\\\/www.rri.ro\\\/#\\\/schema\\\/person\\\/70ee98042ca8b95ae29876ed4848670e\"},\"breadcrumb\":{\"@id\":\"https:\\\/\\\/www.rri.ro\\\/de\\\/feature-reportage\\\/rumaenien-einmal-anders\\\/auf-den-spuren-von-mircea-eliade-durch-bukarest-id630728.html#breadcrumb\"},\"inLanguage\":\"de\",\"potentialAction\":[{\"@type\":\"ReadAction\",\"target\":[\"https:\\\/\\\/www.rri.ro\\\/de\\\/feature-reportage\\\/rumaenien-einmal-anders\\\/auf-den-spuren-von-mircea-eliade-durch-bukarest-id630728.html\"]}]},{\"@type\":\"ImageObject\",\"inLanguage\":\"de\",\"@id\":\"https:\\\/\\\/www.rri.ro\\\/de\\\/feature-reportage\\\/rumaenien-einmal-anders\\\/auf-den-spuren-von-mircea-eliade-durch-bukarest-id630728.html#primaryimage\",\"url\":\"https:\\\/\\\/www.rri.ro\\\/wp-content\\\/uploads\\\/2023\\\/10\\\/arcen-adrian-buta-edmond-niculusca-eliade.jpg\",\"contentUrl\":\"https:\\\/\\\/www.rri.ro\\\/wp-content\\\/uploads\\\/2023\\\/10\\\/arcen-adrian-buta-edmond-niculusca-eliade.jpg\",\"width\":640,\"height\":426},{\"@type\":\"BreadcrumbList\",\"@id\":\"https:\\\/\\\/www.rri.ro\\\/de\\\/feature-reportage\\\/rumaenien-einmal-anders\\\/auf-den-spuren-von-mircea-eliade-durch-bukarest-id630728.html#breadcrumb\",\"itemListElement\":[{\"@type\":\"ListItem\",\"position\":1,\"name\":\"Startseite\",\"item\":\"https:\\\/\\\/www.rri.ro\\\/de\"},{\"@type\":\"ListItem\",\"position\":2,\"name\":\"Feature &amp; Reportage\",\"item\":\"https:\\\/\\\/www.rri.ro\\\/de\\\/feature-reportage\"},{\"@type\":\"ListItem\",\"position\":3,\"name\":\"Rum\u00e4nien einmal anders\",\"item\":\"https:\\\/\\\/www.rri.ro\\\/de\\\/feature-reportage\\\/rumaenien-einmal-anders\"},{\"@type\":\"ListItem\",\"position\":4,\"name\":\"Auf den Spuren von Mircea Eliade durch Bukarest\"}]},{\"@type\":\"WebSite\",\"@id\":\"https:\\\/\\\/www.rri.ro\\\/#website\",\"url\":\"https:\\\/\\\/www.rri.ro\\\/\",\"name\":\"Radio Rum\u00e4nien International\",\"description\":\"Totul despre Rom\u00e2nia \u015fi rom\u00e2ni, \u00een 13 limbi\\\/dialecte!\",\"inLanguage\":\"de\"},{\"@type\":\"Person\",\"@id\":\"https:\\\/\\\/www.rri.ro\\\/#\\\/schema\\\/person\\\/70ee98042ca8b95ae29876ed4848670e\",\"name\":\"Ana-Maria Cononovici\",\"url\":\"https:\\\/\\\/www.rri.ro\\\/de\\\/author\\\/ana-maria-cononovici\"}]}<\/script>\n<!-- \/ Yoast SEO plugin. -->","yoast_head_json":{"title":"Auf den Spuren von Mircea Eliade durch Bukarest - Radio Rum\u00e4nien International","robots":{"index":"index","follow":"follow","max-snippet":"max-snippet:-1","max-image-preview":"max-image-preview:large","max-video-preview":"max-video-preview:-1"},"canonical":"https:\/\/www.rri.ro\/de\/feature-reportage\/rumaenien-einmal-anders\/auf-den-spuren-von-mircea-eliade-durch-bukarest-id630728.html","og_locale":"de_DE","og_type":"article","og_title":"Auf den Spuren von Mircea Eliade durch Bukarest - Radio Rum\u00e4nien International","og_description":"Anl\u00e4sslich des 110. Jahrestages der Geburt des Schriftstellers und Philosophen Mircea Eliade werden in Bukarest zahlreiche Veranstaltungen organisiert. Unter anderem ein Projekt, das die Stimmung in Eliades Literatur ins Leben rufen will.","og_url":"https:\/\/www.rri.ro\/de\/feature-reportage\/rumaenien-einmal-anders\/auf-den-spuren-von-mircea-eliade-durch-bukarest-id630728.html","og_site_name":"Radio Rum\u00e4nien International","article_published_time":"2017-04-20T14:30:00+00:00","og_image":[{"width":640,"height":426,"url":"https:\/\/www.rri.ro\/wp-content\/uploads\/2023\/10\/arcen-adrian-buta-edmond-niculusca-eliade.jpg","type":"image\/jpeg"}],"author":"Ana-Maria Cononovici","twitter_card":"summary_large_image","twitter_misc":{"Verfasst von":"Ana-Maria Cononovici","Gesch\u00e4tzte Lesezeit":"4\u00a0Minuten","Written by":"Ana-Maria Cononovici"},"schema":{"@context":"https:\/\/schema.org","@graph":[{"@type":"Article","@id":"https:\/\/www.rri.ro\/de\/feature-reportage\/rumaenien-einmal-anders\/auf-den-spuren-von-mircea-eliade-durch-bukarest-id630728.html#article","isPartOf":{"@id":"https:\/\/www.rri.ro\/de\/feature-reportage\/rumaenien-einmal-anders\/auf-den-spuren-von-mircea-eliade-durch-bukarest-id630728.html"},"author":{"name":"Ana-Maria Cononovici","@id":"https:\/\/www.rri.ro\/#\/schema\/person\/70ee98042ca8b95ae29876ed4848670e"},"headline":"Auf den Spuren von Mircea Eliade durch Bukarest","datePublished":"2017-04-20T14:30:00+00:00","mainEntityOfPage":{"@id":"https:\/\/www.rri.ro\/de\/feature-reportage\/rumaenien-einmal-anders\/auf-den-spuren-von-mircea-eliade-durch-bukarest-id630728.html"},"wordCount":825,"image":{"@id":"https:\/\/www.rri.ro\/de\/feature-reportage\/rumaenien-einmal-anders\/auf-den-spuren-von-mircea-eliade-durch-bukarest-id630728.html#primaryimage"},"thumbnailUrl":"https:\/\/www.rri.ro\/wp-content\/uploads\/2023\/10\/arcen-adrian-buta-edmond-niculusca-eliade.jpg","keywords":["ARCEN","Bukarest","Kulturspazierg\u00e4nge","Literatur","M\u00e2ntuleasa","Mircea Eliade"],"articleSection":["Rum\u00e4nien einmal anders"],"inLanguage":"de"},{"@type":"WebPage","@id":"https:\/\/www.rri.ro\/de\/feature-reportage\/rumaenien-einmal-anders\/auf-den-spuren-von-mircea-eliade-durch-bukarest-id630728.html","url":"https:\/\/www.rri.ro\/de\/feature-reportage\/rumaenien-einmal-anders\/auf-den-spuren-von-mircea-eliade-durch-bukarest-id630728.html","name":"Auf den Spuren von Mircea Eliade durch Bukarest - Radio Rum\u00e4nien International","isPartOf":{"@id":"https:\/\/www.rri.ro\/#website"},"primaryImageOfPage":{"@id":"https:\/\/www.rri.ro\/de\/feature-reportage\/rumaenien-einmal-anders\/auf-den-spuren-von-mircea-eliade-durch-bukarest-id630728.html#primaryimage"},"image":{"@id":"https:\/\/www.rri.ro\/de\/feature-reportage\/rumaenien-einmal-anders\/auf-den-spuren-von-mircea-eliade-durch-bukarest-id630728.html#primaryimage"},"thumbnailUrl":"https:\/\/www.rri.ro\/wp-content\/uploads\/2023\/10\/arcen-adrian-buta-edmond-niculusca-eliade.jpg","datePublished":"2017-04-20T14:30:00+00:00","author":{"@id":"https:\/\/www.rri.ro\/#\/schema\/person\/70ee98042ca8b95ae29876ed4848670e"},"breadcrumb":{"@id":"https:\/\/www.rri.ro\/de\/feature-reportage\/rumaenien-einmal-anders\/auf-den-spuren-von-mircea-eliade-durch-bukarest-id630728.html#breadcrumb"},"inLanguage":"de","potentialAction":[{"@type":"ReadAction","target":["https:\/\/www.rri.ro\/de\/feature-reportage\/rumaenien-einmal-anders\/auf-den-spuren-von-mircea-eliade-durch-bukarest-id630728.html"]}]},{"@type":"ImageObject","inLanguage":"de","@id":"https:\/\/www.rri.ro\/de\/feature-reportage\/rumaenien-einmal-anders\/auf-den-spuren-von-mircea-eliade-durch-bukarest-id630728.html#primaryimage","url":"https:\/\/www.rri.ro\/wp-content\/uploads\/2023\/10\/arcen-adrian-buta-edmond-niculusca-eliade.jpg","contentUrl":"https:\/\/www.rri.ro\/wp-content\/uploads\/2023\/10\/arcen-adrian-buta-edmond-niculusca-eliade.jpg","width":640,"height":426},{"@type":"BreadcrumbList","@id":"https:\/\/www.rri.ro\/de\/feature-reportage\/rumaenien-einmal-anders\/auf-den-spuren-von-mircea-eliade-durch-bukarest-id630728.html#breadcrumb","itemListElement":[{"@type":"ListItem","position":1,"name":"Startseite","item":"https:\/\/www.rri.ro\/de"},{"@type":"ListItem","position":2,"name":"Feature &amp; Reportage","item":"https:\/\/www.rri.ro\/de\/feature-reportage"},{"@type":"ListItem","position":3,"name":"Rum\u00e4nien einmal anders","item":"https:\/\/www.rri.ro\/de\/feature-reportage\/rumaenien-einmal-anders"},{"@type":"ListItem","position":4,"name":"Auf den Spuren von Mircea Eliade durch Bukarest"}]},{"@type":"WebSite","@id":"https:\/\/www.rri.ro\/#website","url":"https:\/\/www.rri.ro\/","name":"Radio Rum\u00e4nien International","description":"Totul despre Rom\u00e2nia \u015fi rom\u00e2ni, \u00een 13 limbi\/dialecte!","inLanguage":"de"},{"@type":"Person","@id":"https:\/\/www.rri.ro\/#\/schema\/person\/70ee98042ca8b95ae29876ed4848670e","name":"Ana-Maria Cononovici","url":"https:\/\/www.rri.ro\/de\/author\/ana-maria-cononovici"}]}},"_links":{"self":[{"href":"https:\/\/www.rri.ro\/de\/wp-json\/wp\/v2\/posts\/630728","targetHints":{"allow":["GET"]}}],"collection":[{"href":"https:\/\/www.rri.ro\/de\/wp-json\/wp\/v2\/posts"}],"about":[{"href":"https:\/\/www.rri.ro\/de\/wp-json\/wp\/v2\/types\/post"}],"author":[{"embeddable":true,"href":"https:\/\/www.rri.ro\/de\/wp-json\/wp\/v2\/users\/126"}],"replies":[{"embeddable":true,"href":"https:\/\/www.rri.ro\/de\/wp-json\/wp\/v2\/comments?post=630728"}],"version-history":[{"count":0,"href":"https:\/\/www.rri.ro\/de\/wp-json\/wp\/v2\/posts\/630728\/revisions"}],"wp:featuredmedia":[{"embeddable":true,"href":"https:\/\/www.rri.ro\/de\/wp-json\/wp\/v2\/media\/385619"}],"wp:attachment":[{"href":"https:\/\/www.rri.ro\/de\/wp-json\/wp\/v2\/media?parent=630728"}],"wp:term":[{"taxonomy":"category","embeddable":true,"href":"https:\/\/www.rri.ro\/de\/wp-json\/wp\/v2\/categories?post=630728"},{"taxonomy":"post_tag","embeddable":true,"href":"https:\/\/www.rri.ro\/de\/wp-json\/wp\/v2\/tags?post=630728"},{"taxonomy":"author","embeddable":true,"href":"https:\/\/www.rri.ro\/de\/wp-json\/wp\/v2\/coauthors?post=630728"}],"curies":[{"name":"wp","href":"https:\/\/api.w.org\/{rel}","templated":true}]}}