{"id":630732,"date":"2017-05-04T18:05:00","date_gmt":"2017-05-04T15:05:00","guid":{"rendered":"http:\/\/devrri.freshlemon.ro\/aktuell\/global-wellness-day-wohlbefinden-will-gelernt-sein-id630732.html"},"modified":"2017-05-04T18:05:00","modified_gmt":"2017-05-04T15:05:00","slug":"global-wellness-day-wohlbefinden-will-gelernt-sein","status":"publish","type":"post","link":"https:\/\/www.rri.ro\/de\/feature-reportage\/rumaenien-einmal-anders\/global-wellness-day-wohlbefinden-will-gelernt-sein-id630732.html","title":{"rendered":"Global Wellness Day: Wohlbefinden will gelernt sein"},"content":{"rendered":"<p>Das eigene Wohlergehen ist allerdings wesentlich f\u00fcr einen gesunden Lebensstil. Im Monat Juni wird allj\u00e4hrlich der Welt-Wellnesstag (engl. Global Wellness Day) gefeiert. Das Wohlbefinden wird gleichzeitig in etwa 100 L\u00e4ndern zelebriert. Der Welt-Wellnesstag findet unter dem Motto Ein einziger Tag kann Dein ganzes Leben \u00e4ndern!\u201c statt. Einen gesunden Lebensstil und das Wohlbefinden zu f\u00f6rdern &#8212; das ist die Hauptaufgabe des Global Wellness Day. Derzeit trifft Rum\u00e4nien die letzten Vorbereitungen f\u00fcr die Feierlichkeiten, die bereits zum 3. Mal in unserem Land zu diesem Anlass abgehalten werden.<\/p>\n<p>&#13;<br \/>\n&#13;<\/p>\n<p>&#13;<br \/>\n&#13;<\/p>\n<p>Die Menschen missachten h\u00e4ufig ihr Wohlbefinden. Wir sind meistens bestrebt, Karriere zu machen. Oder sorgen uns um die Gesundheit der Familienangeh\u00f6rigen. Oder besch\u00e4ftigen uns mit verschiedenen anderen Schwierigkeiten, mit denen wir allt\u00e4glich konfrontiert werden. Doch wie viele von uns fragen sich, wie es ihnen selbst ergeht? Das Wohlergehen eines jeden wird oft au\u200e\u00dfer Acht gelassen. Aus diesem Grund sp\u00fcrte man das Bed\u00fcrfnis, dem Wohlbefinden einen Tag zu widmen. Damit den Menschen bewusst wird, wie wichtig es sei, auch an das eigene Wohlergehen zu denken. Und so kam es zum Global Wellness Day. Zu diesem Anlass legen Hunderte Institutionen, Spa-Zentren und Marken ihre Kr\u00e4fte zusammen, um 24 Wellbeing-Stunden anzubieten.<\/p>\n<p>&#13;<br \/>\n&#13;<\/p>\n<p>&#13;<br \/>\n&#13;<\/p>\n<p>Ioana Marian ist die Gr\u00fcnderin der Plattform <a href=\"http:\/\/www.desprespa.ro\/\" target=\"_blank\" rel=\"noopener\">desprespa.ro<\/a>. Sie organisiert dazu den Welt-Wellnesstag in Rum\u00e4nien. Sie erz\u00e4hlte uns, wie es dazu kam:<\/p>\n<p>&#13;<br \/>\n&#13;<\/p>\n<p>&#13;<br \/>\n&#13;<\/p>\n<p><em>Es ist eine lange Geschichte. Doch langer Rede kurzer Sinn: Ich kam zu einem Spa-Zentrum wegen einer Gesundheitsbeschwerde. Ich lag eine Weile in einem Krankenhaus, bekam Infusionen, es ging mir aber nicht viel besser. Nach einer Pflanzen\u00f6l-Massage und einem aromatischen Bad in einem Spa kam ich schnell wieder auf die Beine. Ich erkannte, dass Spa und Spatherapien nicht blo\u200e\u00df Verw\u00f6hnung sind, sondern die Gesundheit f\u00f6rdern. Daher gr\u00fcndete ich 2010 die Plattform desprespa.ro, damit auch andere Menschen Zugang zu Informationen \u00fcber Spa und Wellness haben. Ich ver\u00f6ffentlichte jeden Tag verschiedene Artikel zu diesem Thema. Derzeit gibt es mehr als 2500 Artikel auf unserer Webseite. Die Internetnutzer suchen nach Informationen und sto\u200e\u00dfen unwillk\u00fcrlich auf unsere Internetseite. Wir haben st\u00e4ndig darauf bestanden, dass Spa-Besuche unerl\u00e4sslich seien. Mit der Zeit haben immer mehr Besucher unsere Seite angeklickt und so haben wir uns weiter entwickelt.\u201c<\/em><\/p>\n<p>&#13;<br \/>\n&#13;<\/p>\n<p>&#13;<br \/>\n&#13;<\/p>\n<p>&#13;<br \/>\n&#13;<\/p>\n<p>Ioana Marian und ihre Mitarbeiterin, Iulia Dinc\u0103, Pilates-Trainerin, erkannten das gro\u200e\u00dfe Interesse der Menschen f\u00fcr das Thema des Wohlbefindens und starteten mehrere Projekte diesbez\u00fcglich. Unter anderem auch SPAventura\u201c. Mehr Einzelheiten dazu bringt Ioana Marian:<\/p>\n<p>&#13;<br \/>\n&#13;<\/p>\n<p>&#13;<br \/>\n&#13;<\/p>\n<p><em>SPAventura war urspr\u00fcnglich ein Programm, das wir f\u00fcr Eltern und Kinder entwickelten. Das Projekt bringt mehrere Elemente zusammen: eine alkalische Di\u00e4t f\u00fcr einen gesunden K\u00f6rper, Pilates oder andere physische \u00dcbungen, Yoga und Thai Chi, die sowohl den K\u00f6rper wie auch den Geist ansprechen, Meditation &#8212; mindestens zwei Minuten am Tag. Eine ganzheitliche Pflege f\u00fcr K\u00f6rper, Geist und Seele. Smoothies und frisch gepresste Obsts\u00e4fte stehen ebenfalls im Angebot. Sie schmecken sehr gut und enthalten s\u00e4mtliche N\u00e4hrstoffe, die der K\u00f6rper zwischen zwei Hauptmahlzeiten braucht.\u201c<\/em><\/p>\n<p>&#13;<br \/>\n&#13;<\/p>\n<p>&#13;<br \/>\n&#13;<\/p>\n<p>&#13;<br \/>\n&#13;<\/p>\n<p>Der Welt-Wellnesstag wird am ersten Wochenende im Juni veranstaltet. Alle Mitarbeiter werden daf\u00fcr mobilisiert. Mehr Einzelheiten \u00fcber die Festlichkeiten zum World Wellness Day im vergangenen Jahr bringt Iulia Dinc\u0103:<\/p>\n<p>&#13;<br \/>\n&#13;<\/p>\n<p>&#13;<br \/>\n&#13;<\/p>\n<p><em>Die Hauptveranstaltung fand letztes Jahr in Bukarest statt. 27 Spa-Zentren landesweit machten mit. S\u00e4mtliche Massagen, Therapien und Spa-Rituale wurden dabei frei angeboten. In Bukarest wirkten nicht nur die Spa-Zentren mit, sondern wir organisierten auch eine Veranstaltung in einem Park. Da ging es um drei unterschiedliche Segmente, die wir den ganzen Tag durch angeboten haben. Es gab die Sektion Fitness und Aerobic, da ging es um verschiedene Tanzaktivit\u00e4ten, Fitball usw. Dann hatten wir die sogenannte Sektion f\u00fcr emotionales und mentales Gleichgewicht. Innerhalb dieser Sektion haben wir Pilates, Yoga, Thai Chi sowohl f\u00fcr Erwachsene wie auch f\u00fcr Kinder angeboten. Und es gab noch eine spezielle Sektion, und zwar K\u00f6rpermassagen unter freiem Himmel. Es wurden Massagen auf einem Massagestuhl oder auf Massagetischen angeboten.\u201c<\/em><\/p>\n<p>&#13;<br \/>\n&#13;<\/p>\n<p>&#13;<br \/>\n&#13;<\/p>\n<p>&#13;<br \/>\n&#13;<\/p>\n<p>F\u00fcr dieses Jahr h\u00e4tten sie gro\u200e\u00dfe Pl\u00e4ne, so Iulia Dinc\u0103:<\/p>\n<p>&#13;<br \/>\n&#13;<\/p>\n<p>&#13;<br \/>\n&#13;<\/p>\n<p><em>Unsere Partner werden am 10. Juni dieses Jahres verschiedene Events organisieren. Die SPA-Zentren bieten auch heuer kostenlose Therapien und Massagen den Kunden, die diese wunderbare Welt erforschen m\u00f6chten. Somit wird am 10. Juni der Welt-Wellnesstag in Rum\u00e4nien gefeiert. Der World Wellness Day wird an diesem Tag in aller Welt gefeiert. Mehr als 100 L\u00e4nder machen an der Initiative mit &#8212; die T\u00fcrkei, Bulgarien (unsere Nachbarn), viele weitere europ\u00e4ische Staaten, die Amerikas, viele asiatische Staaten. In Asien gibt es eine reiche Wellness-Kultur.\u201c<\/em><\/p>\n<p>&#13;<br \/>\n&#13;<\/p>\n<p>&#13;<br \/>\n&#13;<\/p>\n<p>&#13;<br \/>\n&#13;<\/p>\n<p>Den Welt-Wellnesstag in Rum\u00e4nien zu feiern, sei eine gro\u200e\u00dfe Errungenschaft f\u00fcr unser Land, so Iulia Dinc\u0103. Urspr\u00fcnglich h\u00e4tten sie sogar mit der damaligen Botschafterin f\u00fcr den Global Wellness Day zusammengearbeitet, sagte Iulia Dinc\u0103 und f\u00fcgte noch hinzu:<\/p>\n<p>&#13;<br \/>\n&#13;<\/p>\n<p>&#13;<br \/>\n&#13;<\/p>\n<p><em>Meine Kollegin, Ioana Marian, ist seit zwei Jahren die Botschafterin f\u00fcr den Global Wellness Day in Rum\u00e4nien. Sie ist mit Leib und Seele am Projekt beteiligt. Denn es handelt sich um etwas, das wir allen Menschen hierzulande bieten m\u00f6chten. Wir haben eine Webseite extra f\u00fcr den Global Wellness Day Rum\u00e4nien gegr\u00fcndet. Alle Spa-Zentren, die an der Initiative mitmachen und freie Dienstleistungen am 10. Juni anbieten, sind auf der Webseite aufgelistet. Auch die St\u00e4dte, in denen Events zu diesem Anlass stattfinden, werden hier aufgez\u00e4hlt. Termine k\u00f6nnen \u00fcber die Webseite oder direkt bei den Spa-Zentren gebucht werden.\u201c <\/em><\/p>\n<p>&#13;<br \/>\n&#13;<\/p>\n<p>&#13;<br \/>\n&#13;<\/p>\n<p>&#13;<br \/>\n&#13;<\/p>\n<p>Der Welt-Wellnesstag ist ein Fest, bei dem etwas anders gefeiert wird. Da wird mit Smoothies oder frisch gepresstem Obst- und Gem\u00fcsesaft auf einen ges\u00fcnderen Lebensstil angesto\u200e\u00dfen. Ein Fest des Wohlbefindens zum Sommerbeginn. Zum Wohl!<\/p>\n<p>&#13;<\/p>\n","protected":false},"excerpt":{"rendered":"<p>Die Menschen ber\u00fccksichtigen viel zu wenig ihr Wohlbefinden. Sie sind viel mehr bestrebt, Karriere zu machen, k\u00fcmmern sich um Gesundheitsangelegenheiten oder gehen anderen Problemen nach.<\/p>\n","protected":false},"author":126,"featured_media":630733,"comment_status":"closed","ping_status":"closed","sticky":false,"template":"","format":"standard","meta":{"_acf_changed":false,"footnotes":""},"categories":[116761],"tags":[123262,43214,171856,123259,99589,171855,123261,123260,120295,86759],"coauthors":[],"class_list":["post-630732","post","type-post","status-publish","format-standard","has-post-thumbnail","hentry","category-rumaenien-einmal-anders","tag-gesunde-ernaehrung","tag-global-wellness-day","tag-massage-de","tag-pilates","tag-rumaenien","tag-spa-de","tag-spaventura","tag-thai-chi","tag-wohlbefinden","tag-yoga"],"acf":[],"yoast_head":"<!-- This site is optimized with the Yoast SEO plugin v27.3 - https:\/\/yoast.com\/product\/yoast-seo-wordpress\/ -->\n<title>Global Wellness Day: Wohlbefinden will gelernt sein - Radio Rum\u00e4nien International<\/title>\n<meta name=\"robots\" content=\"index, follow, max-snippet:-1, max-image-preview:large, max-video-preview:-1\" \/>\n<link rel=\"canonical\" href=\"https:\/\/www.rri.ro\/de\/feature-reportage\/rumaenien-einmal-anders\/global-wellness-day-wohlbefinden-will-gelernt-sein-id630732.html\" \/>\n<meta property=\"og:locale\" content=\"de_DE\" \/>\n<meta property=\"og:type\" content=\"article\" \/>\n<meta property=\"og:title\" content=\"Global Wellness Day: Wohlbefinden will gelernt sein - Radio Rum\u00e4nien International\" \/>\n<meta property=\"og:description\" content=\"Die Menschen ber\u00fccksichtigen viel zu wenig ihr Wohlbefinden. Sie sind viel mehr bestrebt, Karriere zu machen, k\u00fcmmern sich um Gesundheitsangelegenheiten oder gehen anderen Problemen nach.\" \/>\n<meta property=\"og:url\" content=\"https:\/\/www.rri.ro\/de\/feature-reportage\/rumaenien-einmal-anders\/global-wellness-day-wohlbefinden-will-gelernt-sein-id630732.html\" \/>\n<meta property=\"og:site_name\" content=\"Radio Rum\u00e4nien International\" \/>\n<meta property=\"article:published_time\" content=\"2017-05-04T15:05:00+00:00\" \/>\n<meta property=\"og:image\" content=\"https:\/\/www.rri.ro\/wp-content\/uploads\/2024\/02\/spaventura-fb-desprespa.jpg\" \/>\n\t<meta property=\"og:image:width\" content=\"640\" \/>\n\t<meta property=\"og:image:height\" content=\"426\" \/>\n\t<meta property=\"og:image:type\" content=\"image\/jpeg\" \/>\n<meta name=\"author\" content=\"Ana-Maria Cononovici\" \/>\n<meta name=\"twitter:card\" content=\"summary_large_image\" \/>\n<meta name=\"twitter:label1\" content=\"Verfasst von\" \/>\n\t<meta name=\"twitter:data1\" content=\"Ana-Maria Cononovici\" \/>\n\t<meta name=\"twitter:label2\" content=\"Gesch\u00e4tzte Lesezeit\" \/>\n\t<meta name=\"twitter:data2\" content=\"5\u00a0Minuten\" \/>\n\t<meta name=\"twitter:label3\" content=\"Written by\" \/>\n\t<meta name=\"twitter:data3\" content=\"Ana-Maria Cononovici\" \/>\n<script type=\"application\/ld+json\" class=\"yoast-schema-graph\">{\"@context\":\"https:\\\/\\\/schema.org\",\"@graph\":[{\"@type\":\"Article\",\"@id\":\"https:\\\/\\\/www.rri.ro\\\/de\\\/feature-reportage\\\/rumaenien-einmal-anders\\\/global-wellness-day-wohlbefinden-will-gelernt-sein-id630732.html#article\",\"isPartOf\":{\"@id\":\"https:\\\/\\\/www.rri.ro\\\/de\\\/feature-reportage\\\/rumaenien-einmal-anders\\\/global-wellness-day-wohlbefinden-will-gelernt-sein-id630732.html\"},\"author\":{\"name\":\"Ana-Maria Cononovici\",\"@id\":\"https:\\\/\\\/www.rri.ro\\\/#\\\/schema\\\/person\\\/70ee98042ca8b95ae29876ed4848670e\"},\"headline\":\"Global Wellness Day: Wohlbefinden will gelernt sein\",\"datePublished\":\"2017-05-04T15:05:00+00:00\",\"mainEntityOfPage\":{\"@id\":\"https:\\\/\\\/www.rri.ro\\\/de\\\/feature-reportage\\\/rumaenien-einmal-anders\\\/global-wellness-day-wohlbefinden-will-gelernt-sein-id630732.html\"},\"wordCount\":952,\"image\":{\"@id\":\"https:\\\/\\\/www.rri.ro\\\/de\\\/feature-reportage\\\/rumaenien-einmal-anders\\\/global-wellness-day-wohlbefinden-will-gelernt-sein-id630732.html#primaryimage\"},\"thumbnailUrl\":\"https:\\\/\\\/www.rri.ro\\\/wp-content\\\/uploads\\\/2024\\\/02\\\/spaventura-fb-desprespa.jpg\",\"keywords\":[\"gesunde Ern\u00e4hrung\",\"Global Wellness Day\",\"massage\",\"Pilates\",\"Rum\u00e4nien\",\"spa\",\"SPAventura\",\"Thai Chi\",\"Wohlbefinden\",\"yoga\"],\"articleSection\":[\"Rum\u00e4nien einmal anders\"],\"inLanguage\":\"de\"},{\"@type\":\"WebPage\",\"@id\":\"https:\\\/\\\/www.rri.ro\\\/de\\\/feature-reportage\\\/rumaenien-einmal-anders\\\/global-wellness-day-wohlbefinden-will-gelernt-sein-id630732.html\",\"url\":\"https:\\\/\\\/www.rri.ro\\\/de\\\/feature-reportage\\\/rumaenien-einmal-anders\\\/global-wellness-day-wohlbefinden-will-gelernt-sein-id630732.html\",\"name\":\"Global Wellness Day: Wohlbefinden will gelernt sein - Radio Rum\u00e4nien International\",\"isPartOf\":{\"@id\":\"https:\\\/\\\/www.rri.ro\\\/#website\"},\"primaryImageOfPage\":{\"@id\":\"https:\\\/\\\/www.rri.ro\\\/de\\\/feature-reportage\\\/rumaenien-einmal-anders\\\/global-wellness-day-wohlbefinden-will-gelernt-sein-id630732.html#primaryimage\"},\"image\":{\"@id\":\"https:\\\/\\\/www.rri.ro\\\/de\\\/feature-reportage\\\/rumaenien-einmal-anders\\\/global-wellness-day-wohlbefinden-will-gelernt-sein-id630732.html#primaryimage\"},\"thumbnailUrl\":\"https:\\\/\\\/www.rri.ro\\\/wp-content\\\/uploads\\\/2024\\\/02\\\/spaventura-fb-desprespa.jpg\",\"datePublished\":\"2017-05-04T15:05:00+00:00\",\"author\":{\"@id\":\"https:\\\/\\\/www.rri.ro\\\/#\\\/schema\\\/person\\\/70ee98042ca8b95ae29876ed4848670e\"},\"breadcrumb\":{\"@id\":\"https:\\\/\\\/www.rri.ro\\\/de\\\/feature-reportage\\\/rumaenien-einmal-anders\\\/global-wellness-day-wohlbefinden-will-gelernt-sein-id630732.html#breadcrumb\"},\"inLanguage\":\"de\",\"potentialAction\":[{\"@type\":\"ReadAction\",\"target\":[\"https:\\\/\\\/www.rri.ro\\\/de\\\/feature-reportage\\\/rumaenien-einmal-anders\\\/global-wellness-day-wohlbefinden-will-gelernt-sein-id630732.html\"]}]},{\"@type\":\"ImageObject\",\"inLanguage\":\"de\",\"@id\":\"https:\\\/\\\/www.rri.ro\\\/de\\\/feature-reportage\\\/rumaenien-einmal-anders\\\/global-wellness-day-wohlbefinden-will-gelernt-sein-id630732.html#primaryimage\",\"url\":\"https:\\\/\\\/www.rri.ro\\\/wp-content\\\/uploads\\\/2024\\\/02\\\/spaventura-fb-desprespa.jpg\",\"contentUrl\":\"https:\\\/\\\/www.rri.ro\\\/wp-content\\\/uploads\\\/2024\\\/02\\\/spaventura-fb-desprespa.jpg\",\"width\":640,\"height\":426},{\"@type\":\"BreadcrumbList\",\"@id\":\"https:\\\/\\\/www.rri.ro\\\/de\\\/feature-reportage\\\/rumaenien-einmal-anders\\\/global-wellness-day-wohlbefinden-will-gelernt-sein-id630732.html#breadcrumb\",\"itemListElement\":[{\"@type\":\"ListItem\",\"position\":1,\"name\":\"Startseite\",\"item\":\"https:\\\/\\\/www.rri.ro\\\/de\"},{\"@type\":\"ListItem\",\"position\":2,\"name\":\"Feature &amp; Reportage\",\"item\":\"https:\\\/\\\/www.rri.ro\\\/de\\\/feature-reportage\"},{\"@type\":\"ListItem\",\"position\":3,\"name\":\"Rum\u00e4nien einmal anders\",\"item\":\"https:\\\/\\\/www.rri.ro\\\/de\\\/feature-reportage\\\/rumaenien-einmal-anders\"},{\"@type\":\"ListItem\",\"position\":4,\"name\":\"Global Wellness Day: Wohlbefinden will gelernt sein\"}]},{\"@type\":\"WebSite\",\"@id\":\"https:\\\/\\\/www.rri.ro\\\/#website\",\"url\":\"https:\\\/\\\/www.rri.ro\\\/\",\"name\":\"Radio Rum\u00e4nien International\",\"description\":\"Totul despre Rom\u00e2nia \u015fi rom\u00e2ni, \u00een 13 limbi\\\/dialecte!\",\"inLanguage\":\"de\"},{\"@type\":\"Person\",\"@id\":\"https:\\\/\\\/www.rri.ro\\\/#\\\/schema\\\/person\\\/70ee98042ca8b95ae29876ed4848670e\",\"name\":\"Ana-Maria Cononovici\",\"url\":\"https:\\\/\\\/www.rri.ro\\\/de\\\/author\\\/ana-maria-cononovici\"}]}<\/script>\n<!-- \/ Yoast SEO plugin. -->","yoast_head_json":{"title":"Global Wellness Day: Wohlbefinden will gelernt sein - Radio Rum\u00e4nien International","robots":{"index":"index","follow":"follow","max-snippet":"max-snippet:-1","max-image-preview":"max-image-preview:large","max-video-preview":"max-video-preview:-1"},"canonical":"https:\/\/www.rri.ro\/de\/feature-reportage\/rumaenien-einmal-anders\/global-wellness-day-wohlbefinden-will-gelernt-sein-id630732.html","og_locale":"de_DE","og_type":"article","og_title":"Global Wellness Day: Wohlbefinden will gelernt sein - Radio Rum\u00e4nien International","og_description":"Die Menschen ber\u00fccksichtigen viel zu wenig ihr Wohlbefinden. Sie sind viel mehr bestrebt, Karriere zu machen, k\u00fcmmern sich um Gesundheitsangelegenheiten oder gehen anderen Problemen nach.","og_url":"https:\/\/www.rri.ro\/de\/feature-reportage\/rumaenien-einmal-anders\/global-wellness-day-wohlbefinden-will-gelernt-sein-id630732.html","og_site_name":"Radio Rum\u00e4nien International","article_published_time":"2017-05-04T15:05:00+00:00","og_image":[{"width":640,"height":426,"url":"https:\/\/www.rri.ro\/wp-content\/uploads\/2024\/02\/spaventura-fb-desprespa.jpg","type":"image\/jpeg"}],"author":"Ana-Maria Cononovici","twitter_card":"summary_large_image","twitter_misc":{"Verfasst von":"Ana-Maria Cononovici","Gesch\u00e4tzte Lesezeit":"5\u00a0Minuten","Written by":"Ana-Maria Cononovici"},"schema":{"@context":"https:\/\/schema.org","@graph":[{"@type":"Article","@id":"https:\/\/www.rri.ro\/de\/feature-reportage\/rumaenien-einmal-anders\/global-wellness-day-wohlbefinden-will-gelernt-sein-id630732.html#article","isPartOf":{"@id":"https:\/\/www.rri.ro\/de\/feature-reportage\/rumaenien-einmal-anders\/global-wellness-day-wohlbefinden-will-gelernt-sein-id630732.html"},"author":{"name":"Ana-Maria Cononovici","@id":"https:\/\/www.rri.ro\/#\/schema\/person\/70ee98042ca8b95ae29876ed4848670e"},"headline":"Global Wellness Day: Wohlbefinden will gelernt sein","datePublished":"2017-05-04T15:05:00+00:00","mainEntityOfPage":{"@id":"https:\/\/www.rri.ro\/de\/feature-reportage\/rumaenien-einmal-anders\/global-wellness-day-wohlbefinden-will-gelernt-sein-id630732.html"},"wordCount":952,"image":{"@id":"https:\/\/www.rri.ro\/de\/feature-reportage\/rumaenien-einmal-anders\/global-wellness-day-wohlbefinden-will-gelernt-sein-id630732.html#primaryimage"},"thumbnailUrl":"https:\/\/www.rri.ro\/wp-content\/uploads\/2024\/02\/spaventura-fb-desprespa.jpg","keywords":["gesunde Ern\u00e4hrung","Global Wellness Day","massage","Pilates","Rum\u00e4nien","spa","SPAventura","Thai Chi","Wohlbefinden","yoga"],"articleSection":["Rum\u00e4nien einmal anders"],"inLanguage":"de"},{"@type":"WebPage","@id":"https:\/\/www.rri.ro\/de\/feature-reportage\/rumaenien-einmal-anders\/global-wellness-day-wohlbefinden-will-gelernt-sein-id630732.html","url":"https:\/\/www.rri.ro\/de\/feature-reportage\/rumaenien-einmal-anders\/global-wellness-day-wohlbefinden-will-gelernt-sein-id630732.html","name":"Global Wellness Day: Wohlbefinden will gelernt sein - Radio Rum\u00e4nien International","isPartOf":{"@id":"https:\/\/www.rri.ro\/#website"},"primaryImageOfPage":{"@id":"https:\/\/www.rri.ro\/de\/feature-reportage\/rumaenien-einmal-anders\/global-wellness-day-wohlbefinden-will-gelernt-sein-id630732.html#primaryimage"},"image":{"@id":"https:\/\/www.rri.ro\/de\/feature-reportage\/rumaenien-einmal-anders\/global-wellness-day-wohlbefinden-will-gelernt-sein-id630732.html#primaryimage"},"thumbnailUrl":"https:\/\/www.rri.ro\/wp-content\/uploads\/2024\/02\/spaventura-fb-desprespa.jpg","datePublished":"2017-05-04T15:05:00+00:00","author":{"@id":"https:\/\/www.rri.ro\/#\/schema\/person\/70ee98042ca8b95ae29876ed4848670e"},"breadcrumb":{"@id":"https:\/\/www.rri.ro\/de\/feature-reportage\/rumaenien-einmal-anders\/global-wellness-day-wohlbefinden-will-gelernt-sein-id630732.html#breadcrumb"},"inLanguage":"de","potentialAction":[{"@type":"ReadAction","target":["https:\/\/www.rri.ro\/de\/feature-reportage\/rumaenien-einmal-anders\/global-wellness-day-wohlbefinden-will-gelernt-sein-id630732.html"]}]},{"@type":"ImageObject","inLanguage":"de","@id":"https:\/\/www.rri.ro\/de\/feature-reportage\/rumaenien-einmal-anders\/global-wellness-day-wohlbefinden-will-gelernt-sein-id630732.html#primaryimage","url":"https:\/\/www.rri.ro\/wp-content\/uploads\/2024\/02\/spaventura-fb-desprespa.jpg","contentUrl":"https:\/\/www.rri.ro\/wp-content\/uploads\/2024\/02\/spaventura-fb-desprespa.jpg","width":640,"height":426},{"@type":"BreadcrumbList","@id":"https:\/\/www.rri.ro\/de\/feature-reportage\/rumaenien-einmal-anders\/global-wellness-day-wohlbefinden-will-gelernt-sein-id630732.html#breadcrumb","itemListElement":[{"@type":"ListItem","position":1,"name":"Startseite","item":"https:\/\/www.rri.ro\/de"},{"@type":"ListItem","position":2,"name":"Feature &amp; Reportage","item":"https:\/\/www.rri.ro\/de\/feature-reportage"},{"@type":"ListItem","position":3,"name":"Rum\u00e4nien einmal anders","item":"https:\/\/www.rri.ro\/de\/feature-reportage\/rumaenien-einmal-anders"},{"@type":"ListItem","position":4,"name":"Global Wellness Day: Wohlbefinden will gelernt sein"}]},{"@type":"WebSite","@id":"https:\/\/www.rri.ro\/#website","url":"https:\/\/www.rri.ro\/","name":"Radio Rum\u00e4nien International","description":"Totul despre Rom\u00e2nia \u015fi rom\u00e2ni, \u00een 13 limbi\/dialecte!","inLanguage":"de"},{"@type":"Person","@id":"https:\/\/www.rri.ro\/#\/schema\/person\/70ee98042ca8b95ae29876ed4848670e","name":"Ana-Maria Cononovici","url":"https:\/\/www.rri.ro\/de\/author\/ana-maria-cononovici"}]}},"_links":{"self":[{"href":"https:\/\/www.rri.ro\/de\/wp-json\/wp\/v2\/posts\/630732","targetHints":{"allow":["GET"]}}],"collection":[{"href":"https:\/\/www.rri.ro\/de\/wp-json\/wp\/v2\/posts"}],"about":[{"href":"https:\/\/www.rri.ro\/de\/wp-json\/wp\/v2\/types\/post"}],"author":[{"embeddable":true,"href":"https:\/\/www.rri.ro\/de\/wp-json\/wp\/v2\/users\/126"}],"replies":[{"embeddable":true,"href":"https:\/\/www.rri.ro\/de\/wp-json\/wp\/v2\/comments?post=630732"}],"version-history":[{"count":0,"href":"https:\/\/www.rri.ro\/de\/wp-json\/wp\/v2\/posts\/630732\/revisions"}],"wp:featuredmedia":[{"embeddable":true,"href":"https:\/\/www.rri.ro\/de\/wp-json\/wp\/v2\/media\/630733"}],"wp:attachment":[{"href":"https:\/\/www.rri.ro\/de\/wp-json\/wp\/v2\/media?parent=630732"}],"wp:term":[{"taxonomy":"category","embeddable":true,"href":"https:\/\/www.rri.ro\/de\/wp-json\/wp\/v2\/categories?post=630732"},{"taxonomy":"post_tag","embeddable":true,"href":"https:\/\/www.rri.ro\/de\/wp-json\/wp\/v2\/tags?post=630732"},{"taxonomy":"author","embeddable":true,"href":"https:\/\/www.rri.ro\/de\/wp-json\/wp\/v2\/coauthors?post=630732"}],"curies":[{"name":"wp","href":"https:\/\/api.w.org\/{rel}","templated":true}]}}