{"id":630775,"date":"2018-08-02T17:30:00","date_gmt":"2018-08-02T14:30:00","guid":{"rendered":"http:\/\/devrri.freshlemon.ro\/aktuell\/die-unbezaehmbaren-100-prominente-rumaenische-frauen-id630775.html"},"modified":"2018-08-02T17:30:00","modified_gmt":"2018-08-02T14:30:00","slug":"die-unbezaehmbaren-100-prominente-rumaenische-frauen","status":"publish","type":"post","link":"https:\/\/www.rri.ro\/de\/feature-reportage\/rumaenien-einmal-anders\/die-unbezaehmbaren-100-prominente-rumaenische-frauen-id630775.html","title":{"rendered":"\u201eDie Unbez\u00e4hmbaren\u201c: 100 prominente rum\u00e4nische Frauen"},"content":{"rendered":"<p>Das Projekt Die Unbez\u00e4hmbaren\u201c (rum. Nesupusele\u201c) wurde von vier Schriftstellerinnen gestartet: Adina Rosetti, Iulia Iordan, Laura Gr\u00fcnberg und Victoria P\u0103tra\u015fcu. Der Initiative schlossen sich auch 10 Illustratorinnen an: Oana Ispir, Cristiana Radu, Anca Smarandache, Veronica Neac\u015fu, Mihaela Paraschivu, Zelmira Szab\u00f3, Annabella Orosz, Livia Coloji, Ileana Surducan, Maria Surducan sowie die Graphikerin Alice Stoicescu. Die Unbez\u00e4hmbaren\u201c ist eine Sammlung von besonderen Erz\u00e4hlungen, von denen sich die Kinder von heute inspirieren lassen k\u00f6nnen.<\/p>\n<p>&#13;<br \/>\n&#13;<\/p>\n<p>&#13;<br \/>\n&#13;<\/p>\n<p>Der Erz\u00e4hlband bringe den Kindern in einer attraktiven und modernen Form 100 weibliche m\u00e4rchenhafte\u201c Pers\u00f6nlichkeiten Rum\u00e4niens n\u00e4her, erl\u00e4utert die Schriftstellerin  Adina Rosetti:<\/p>\n<p>&#13;<br \/>\n&#13;<\/p>\n<p>&#13;<br \/>\n&#13;<\/p>\n<p><em>Auf diese Idee sind wir eigentlich lange vorher gekommen, ich bin Mitbegr\u00fcnderin der Kulturstiftung \u00bbDe Basm\u00ab (\u00bbM\u00e4rchenhaft\u00ab) und mit der Gr\u00fcndung der Stiftung, die einen alternativen Namen tr\u00e4gt &#8212; Verband der Schriftsteller f\u00fcr Kinder und Jugendliche in Rum\u00e4nien &#8211;, entstand auch die Idee einer solchen Sammlung. Die Stiftung gr\u00fcndete ich zusammen mit Victoria P\u0103tra\u015fcu, Iulia Iordan und Laura Gr\u00fcnberg. Es war sehr interessant, dass diese Sammlung unser erstes Projekt war. Vielleicht weil wir, die Gr\u00fcnderinnen der Stiftung, Frauen sind, haben wir festgestellt, dass in der rum\u00e4nischen \u00d6ffentlichkeit  und in Kinderb\u00fcchern die starken weilblichen Vorbilder unterrepr\u00e4sentiert sind. Wenn man Literaturlehrb\u00fccher von heute aufschl\u00e4gt, kann man das auch schnell feststellen. Und im Allgemeinen scheinen die M\u00e4dchen nicht zu wissen, dass es in der rum\u00e4nischen Gesellschaft weilbliche Vorbilder gibt, denen sie folgen k\u00f6nnten und von denen sie lernen. Wir haben uns auch von einem Buch inspirieren lassen, \u00bbGeschichten f\u00fcr rebellische M\u00e4dchen\u00ab, das auf dem Kinderbuchmarkt zu einem globalen Ph\u00e4nomen geworden ist. Die Autorinnen Elena Favilli und Francesca Cavallo erz\u00e4hlen hundert Geschichten von hundert beeindruckenden Frauen. Ob Sportlerinnen, K\u00f6niginnen oder K\u00fcnstlerinnen &#8212; jede Erz\u00e4hlung ist wie ein kurzes M\u00e4rchen aufgebaut und soll Kinder auf der ganzen Welt inspirieren. Unser Band versammelt auch hundert Geschichten \u00fcber hundert beeindruckenden Frauen Rum\u00e4niens. Nicht zuletzt ist unsere Initiative auch im Kontext des 100. Jahrestags der Gro\u200e\u00dfen Vereinigung aller rum\u00e4nischen F\u00fcrstent\u00fcmer zu verstehen. Das war unser Ausgangspunkt.\u201c<\/em><\/p>\n<p>&#13;<br \/>\n&#13;<\/p>\n<p>&#13;<br \/>\n&#13;<\/p>\n<p>&#13;<br \/>\n&#13;<\/p>\n<p>Egal ob sie politische Aktivisten, Erfinderinnen, K\u00f6niginnen, K\u00e4mpferinnen oder Pilotinnen und \u00c4rztinnen sind, stellen Die Unbez\u00e4hmbaren\u201c die Rum\u00e4ninnen dar, die die Welt um sie herum ver\u00e4ndert haben, egal ob man von ihnen heute in Geschichtsb\u00fcchern lesen kann oder ob hingegen ihren Leistungen heute weniger Bedeutung beigemessen wird, sagt unsere Gespr\u00e4chspartnerin:<\/p>\n<p>&#13;<br \/>\n&#13;<\/p>\n<p>&#13;<br \/>\n&#13;<\/p>\n<p><em>Wir debattieren noch dar\u00fcber, welche die hundert Frauen sein sollen. Ich muss gestehen, dass ich am Anfang daran gezweifelt habe, ob wir wirklich 100 Geschichten sammeln k\u00f6nnen, und jetzt ist unsere Liste so lang, dass wir recherchieren und Pro- und Kontra-Argumente vorstellen m\u00fcssen. Wir m\u00f6chten Geschichten von weiblichen Pers\u00f6nlichkeiten aus allen Bereichen vorstellen. Wir m\u00f6chten auch Leistungen von Frauen sichtbar machen, die weniger bekannt sind, nicht nur die von den rum\u00e4nischen K\u00f6niginnen oder K\u00fcnstlerinnen wie der Schauspielerin Lucia Sturza Bulandra. Wir m\u00f6chten auch Frauen im Sport und Wissenschaft bekanntmachen und im Allgemeinen in Bereichen und Branchen, in denen der Frauenanteil geringer als der M\u00e4nneranteil ist. Besonders beeindruckend finde ich die Geschichten von Frauen, die in ihrem Bereich als Bahnbrecherinnen gelten. So zum Beispiel Virginia Andreescu Harep, die erste Architektin Rum\u00e4niens, Eliza Leonida Zamfirescu die erste Ingenieurin, Ella Negruzzi, die erste Anw\u00e4ltin in Rum\u00e4nien. Es handelt sich um Frauen, die viel gek\u00e4mpft haben, um in damals typisch M\u00e4nnerberufe einzusteigen, so zum Beispiel Mathematikerinnen, Chemikerinnen, Ingenieurinnen, \u00c4rztinnen. Wir m\u00f6chten aber auch die moderne Epoche abdecken und in diesem Bereich verl\u00e4uft die Debatte sehr hitzig. Wir m\u00f6chten, dass zu den hundert weiblichen Vorbildern von heute auch Frauen geh\u00f6ren, die man auf der Stra\u200e\u00dfe treffen kann. Laura Gr\u00fcnberg hatte eine gute Idee, auch eine kollektive Gestalt darzustellen, die Frau, die im Schatten bleibt, die Mutter, eine Heldin des Alltags, die oft \u00fcbersehen wird, die aber f\u00fcr jeden von uns eine wesentliche Rolle spielt.\u201c<\/em><\/p>\n<p>&#13;<br \/>\n&#13;<\/p>\n<p>&#13;<br \/>\n&#13;<\/p>\n<p>&#13;<br \/>\n&#13;<\/p>\n<p>Wie unsere Gespr\u00e4chspartnerin im Anschluss sagte, werden die Geschichten kurz und von aussagekr\u00e4ftigen Illustrationen begleitet sein:<\/p>\n<p>&#13;<br \/>\n&#13;<\/p>\n<p>&#13;<br \/>\n&#13;<\/p>\n<p><em>Wir wollen diese Geschichten in einer attraktiven Form und mit einem narrativen Faden darstellen. Es handelt sich um keine Biographien. Das Buch umfasst also hundert Geschichten, geschrieben von uns, den vier Autorinnen, und hundert Illustrationen. Dem Projekt haben sich bekannte Illustratorinnen angeschlossen. Derzeit sind wir in der Recherchephase aber das Projekt nimmt Form an, hoffentlich wird das Buch bis Ende des Jahres erscheinen.\u201c<\/em><\/p>\n<p>&#13;<br \/>\n&#13;<\/p>\n<p>&#13;<br \/>\n&#13;<\/p>\n<p>&#13;<br \/>\n&#13;<\/p>\n<p>Die Stiftung M\u00e4rchenhaft\u201c sei offen f\u00fcr neue Vorschl\u00e4ge und, warum nicht, Finanzierungen, sagt Adina Rosetti. Die Stiftung setzt sich zum Ziel, die Kinderliteratur in Rum\u00e4nien sichtbar zu machen und sie den sozial benachteiligten Kindern n\u00e4her zu bringen.<\/p>\n<p>&#13;<\/p>\n","protected":false},"excerpt":{"rendered":"<p>Zum Weltfrauentag stellen wir Ihnen ein Projekt vor, das sich zum Ziel setzt, die Leistungen von Frauen in der rum\u00e4nischen Geschichte sichtbar zu machen. Das Buch Die Unbez\u00e4hmbaren\u201c versammelt hundert Geschichten \u00fcber beeindruckende Frauen.<\/p>\n","protected":false},"author":126,"featured_media":284111,"comment_status":"closed","ping_status":"closed","sticky":false,"template":"","format":"standard","meta":{"_acf_changed":false,"footnotes":""},"categories":[116761],"tags":[55140,104734,66975,66976,103137,76444,123383,66974],"coauthors":[],"class_list":["post-630775","post","type-post","status-publish","format-standard","has-post-thumbnail","hentry","category-rumaenien-einmal-anders","tag-adina-rosetti","tag-frauen","tag-iulia-iordan","tag-laura-grunberg","tag-leistung","tag-nesupusele","tag-prominente","tag-victoria-patrascu"],"acf":[],"yoast_head":"<!-- This site is optimized with the Yoast SEO plugin v27.5 - https:\/\/yoast.com\/product\/yoast-seo-wordpress\/ -->\n<title>\u201eDie Unbez\u00e4hmbaren\u201c: 100 prominente rum\u00e4nische Frauen - Radio Rum\u00e4nien International<\/title>\n<meta name=\"robots\" content=\"index, follow, max-snippet:-1, max-image-preview:large, max-video-preview:-1\" \/>\n<link rel=\"canonical\" href=\"https:\/\/www.rri.ro\/de\/feature-reportage\/rumaenien-einmal-anders\/die-unbezaehmbaren-100-prominente-rumaenische-frauen-id630775.html\" \/>\n<meta property=\"og:locale\" content=\"de_DE\" \/>\n<meta property=\"og:type\" content=\"article\" \/>\n<meta property=\"og:title\" content=\"\u201eDie Unbez\u00e4hmbaren\u201c: 100 prominente rum\u00e4nische Frauen - Radio Rum\u00e4nien International\" \/>\n<meta property=\"og:description\" content=\"Zum Weltfrauentag stellen wir Ihnen ein Projekt vor, das sich zum Ziel setzt, die Leistungen von Frauen in der rum\u00e4nischen Geschichte sichtbar zu machen. Das Buch Die Unbez\u00e4hmbaren\u201c versammelt hundert Geschichten \u00fcber beeindruckende Frauen.\" \/>\n<meta property=\"og:url\" content=\"https:\/\/www.rri.ro\/de\/feature-reportage\/rumaenien-einmal-anders\/die-unbezaehmbaren-100-prominente-rumaenische-frauen-id630775.html\" \/>\n<meta property=\"og:site_name\" content=\"Radio Rum\u00e4nien International\" \/>\n<meta property=\"article:published_time\" content=\"2018-08-02T14:30:00+00:00\" \/>\n<meta property=\"og:image\" content=\"https:\/\/www.rri.ro\/wp-content\/uploads\/2023\/10\/nespusele-proiect-2.jpg\" \/>\n\t<meta property=\"og:image:width\" content=\"640\" \/>\n\t<meta property=\"og:image:height\" content=\"384\" \/>\n\t<meta property=\"og:image:type\" content=\"image\/jpeg\" \/>\n<meta name=\"author\" content=\"Ana-Maria Cononovici\" \/>\n<meta name=\"twitter:card\" content=\"summary_large_image\" \/>\n<meta name=\"twitter:label1\" content=\"Verfasst von\" \/>\n\t<meta name=\"twitter:data1\" content=\"Ana-Maria Cononovici\" \/>\n\t<meta name=\"twitter:label2\" content=\"Gesch\u00e4tzte Lesezeit\" \/>\n\t<meta name=\"twitter:data2\" content=\"4\u00a0Minuten\" \/>\n\t<meta name=\"twitter:label3\" content=\"Written by\" \/>\n\t<meta name=\"twitter:data3\" content=\"Ana-Maria Cononovici\" \/>\n<script type=\"application\/ld+json\" class=\"yoast-schema-graph\">{\"@context\":\"https:\\\/\\\/schema.org\",\"@graph\":[{\"@type\":\"Article\",\"@id\":\"https:\\\/\\\/www.rri.ro\\\/de\\\/feature-reportage\\\/rumaenien-einmal-anders\\\/die-unbezaehmbaren-100-prominente-rumaenische-frauen-id630775.html#article\",\"isPartOf\":{\"@id\":\"https:\\\/\\\/www.rri.ro\\\/de\\\/feature-reportage\\\/rumaenien-einmal-anders\\\/die-unbezaehmbaren-100-prominente-rumaenische-frauen-id630775.html\"},\"author\":{\"name\":\"Ana-Maria Cononovici\",\"@id\":\"https:\\\/\\\/www.rri.ro\\\/#\\\/schema\\\/person\\\/70ee98042ca8b95ae29876ed4848670e\"},\"headline\":\"\u201eDie Unbez\u00e4hmbaren\u201c: 100 prominente rum\u00e4nische Frauen\",\"datePublished\":\"2018-08-02T14:30:00+00:00\",\"mainEntityOfPage\":{\"@id\":\"https:\\\/\\\/www.rri.ro\\\/de\\\/feature-reportage\\\/rumaenien-einmal-anders\\\/die-unbezaehmbaren-100-prominente-rumaenische-frauen-id630775.html\"},\"wordCount\":812,\"image\":{\"@id\":\"https:\\\/\\\/www.rri.ro\\\/de\\\/feature-reportage\\\/rumaenien-einmal-anders\\\/die-unbezaehmbaren-100-prominente-rumaenische-frauen-id630775.html#primaryimage\"},\"thumbnailUrl\":\"https:\\\/\\\/www.rri.ro\\\/wp-content\\\/uploads\\\/2023\\\/10\\\/nespusele-proiect-2.jpg\",\"keywords\":[\"Adina Rosetti\",\"Frauen\",\"Iulia Iordan\",\"Laura Grunberg\",\"Leistung\",\"Nesupusele\",\"Prominente\",\"Victoria Patrascu\"],\"articleSection\":[\"Rum\u00e4nien einmal anders\"],\"inLanguage\":\"de\"},{\"@type\":\"WebPage\",\"@id\":\"https:\\\/\\\/www.rri.ro\\\/de\\\/feature-reportage\\\/rumaenien-einmal-anders\\\/die-unbezaehmbaren-100-prominente-rumaenische-frauen-id630775.html\",\"url\":\"https:\\\/\\\/www.rri.ro\\\/de\\\/feature-reportage\\\/rumaenien-einmal-anders\\\/die-unbezaehmbaren-100-prominente-rumaenische-frauen-id630775.html\",\"name\":\"\u201eDie Unbez\u00e4hmbaren\u201c: 100 prominente rum\u00e4nische Frauen - Radio Rum\u00e4nien International\",\"isPartOf\":{\"@id\":\"https:\\\/\\\/www.rri.ro\\\/#website\"},\"primaryImageOfPage\":{\"@id\":\"https:\\\/\\\/www.rri.ro\\\/de\\\/feature-reportage\\\/rumaenien-einmal-anders\\\/die-unbezaehmbaren-100-prominente-rumaenische-frauen-id630775.html#primaryimage\"},\"image\":{\"@id\":\"https:\\\/\\\/www.rri.ro\\\/de\\\/feature-reportage\\\/rumaenien-einmal-anders\\\/die-unbezaehmbaren-100-prominente-rumaenische-frauen-id630775.html#primaryimage\"},\"thumbnailUrl\":\"https:\\\/\\\/www.rri.ro\\\/wp-content\\\/uploads\\\/2023\\\/10\\\/nespusele-proiect-2.jpg\",\"datePublished\":\"2018-08-02T14:30:00+00:00\",\"author\":{\"@id\":\"https:\\\/\\\/www.rri.ro\\\/#\\\/schema\\\/person\\\/70ee98042ca8b95ae29876ed4848670e\"},\"breadcrumb\":{\"@id\":\"https:\\\/\\\/www.rri.ro\\\/de\\\/feature-reportage\\\/rumaenien-einmal-anders\\\/die-unbezaehmbaren-100-prominente-rumaenische-frauen-id630775.html#breadcrumb\"},\"inLanguage\":\"de\",\"potentialAction\":[{\"@type\":\"ReadAction\",\"target\":[\"https:\\\/\\\/www.rri.ro\\\/de\\\/feature-reportage\\\/rumaenien-einmal-anders\\\/die-unbezaehmbaren-100-prominente-rumaenische-frauen-id630775.html\"]}]},{\"@type\":\"ImageObject\",\"inLanguage\":\"de\",\"@id\":\"https:\\\/\\\/www.rri.ro\\\/de\\\/feature-reportage\\\/rumaenien-einmal-anders\\\/die-unbezaehmbaren-100-prominente-rumaenische-frauen-id630775.html#primaryimage\",\"url\":\"https:\\\/\\\/www.rri.ro\\\/wp-content\\\/uploads\\\/2023\\\/10\\\/nespusele-proiect-2.jpg\",\"contentUrl\":\"https:\\\/\\\/www.rri.ro\\\/wp-content\\\/uploads\\\/2023\\\/10\\\/nespusele-proiect-2.jpg\",\"width\":640,\"height\":384},{\"@type\":\"BreadcrumbList\",\"@id\":\"https:\\\/\\\/www.rri.ro\\\/de\\\/feature-reportage\\\/rumaenien-einmal-anders\\\/die-unbezaehmbaren-100-prominente-rumaenische-frauen-id630775.html#breadcrumb\",\"itemListElement\":[{\"@type\":\"ListItem\",\"position\":1,\"name\":\"Startseite\",\"item\":\"https:\\\/\\\/www.rri.ro\\\/de\"},{\"@type\":\"ListItem\",\"position\":2,\"name\":\"Feature &amp; Reportage\",\"item\":\"https:\\\/\\\/www.rri.ro\\\/de\\\/feature-reportage\"},{\"@type\":\"ListItem\",\"position\":3,\"name\":\"Rum\u00e4nien einmal anders\",\"item\":\"https:\\\/\\\/www.rri.ro\\\/de\\\/feature-reportage\\\/rumaenien-einmal-anders\"},{\"@type\":\"ListItem\",\"position\":4,\"name\":\"\u201eDie Unbez\u00e4hmbaren\u201c: 100 prominente rum\u00e4nische Frauen\"}]},{\"@type\":\"WebSite\",\"@id\":\"https:\\\/\\\/www.rri.ro\\\/#website\",\"url\":\"https:\\\/\\\/www.rri.ro\\\/\",\"name\":\"Radio Rum\u00e4nien International\",\"description\":\"Totul despre Rom\u00e2nia \u015fi rom\u00e2ni, \u00een 13 limbi\\\/dialecte!\",\"inLanguage\":\"de\"},{\"@type\":\"Person\",\"@id\":\"https:\\\/\\\/www.rri.ro\\\/#\\\/schema\\\/person\\\/70ee98042ca8b95ae29876ed4848670e\",\"name\":\"Ana-Maria Cononovici\",\"url\":\"https:\\\/\\\/www.rri.ro\\\/de\\\/author\\\/ana-maria-cononovici\"}]}<\/script>\n<!-- \/ Yoast SEO plugin. -->","yoast_head_json":{"title":"\u201eDie Unbez\u00e4hmbaren\u201c: 100 prominente rum\u00e4nische Frauen - Radio Rum\u00e4nien International","robots":{"index":"index","follow":"follow","max-snippet":"max-snippet:-1","max-image-preview":"max-image-preview:large","max-video-preview":"max-video-preview:-1"},"canonical":"https:\/\/www.rri.ro\/de\/feature-reportage\/rumaenien-einmal-anders\/die-unbezaehmbaren-100-prominente-rumaenische-frauen-id630775.html","og_locale":"de_DE","og_type":"article","og_title":"\u201eDie Unbez\u00e4hmbaren\u201c: 100 prominente rum\u00e4nische Frauen - Radio Rum\u00e4nien International","og_description":"Zum Weltfrauentag stellen wir Ihnen ein Projekt vor, das sich zum Ziel setzt, die Leistungen von Frauen in der rum\u00e4nischen Geschichte sichtbar zu machen. Das Buch Die Unbez\u00e4hmbaren\u201c versammelt hundert Geschichten \u00fcber beeindruckende Frauen.","og_url":"https:\/\/www.rri.ro\/de\/feature-reportage\/rumaenien-einmal-anders\/die-unbezaehmbaren-100-prominente-rumaenische-frauen-id630775.html","og_site_name":"Radio Rum\u00e4nien International","article_published_time":"2018-08-02T14:30:00+00:00","og_image":[{"width":640,"height":384,"url":"https:\/\/www.rri.ro\/wp-content\/uploads\/2023\/10\/nespusele-proiect-2.jpg","type":"image\/jpeg"}],"author":"Ana-Maria Cononovici","twitter_card":"summary_large_image","twitter_misc":{"Verfasst von":"Ana-Maria Cononovici","Gesch\u00e4tzte Lesezeit":"4\u00a0Minuten","Written by":"Ana-Maria Cononovici"},"schema":{"@context":"https:\/\/schema.org","@graph":[{"@type":"Article","@id":"https:\/\/www.rri.ro\/de\/feature-reportage\/rumaenien-einmal-anders\/die-unbezaehmbaren-100-prominente-rumaenische-frauen-id630775.html#article","isPartOf":{"@id":"https:\/\/www.rri.ro\/de\/feature-reportage\/rumaenien-einmal-anders\/die-unbezaehmbaren-100-prominente-rumaenische-frauen-id630775.html"},"author":{"name":"Ana-Maria Cononovici","@id":"https:\/\/www.rri.ro\/#\/schema\/person\/70ee98042ca8b95ae29876ed4848670e"},"headline":"\u201eDie Unbez\u00e4hmbaren\u201c: 100 prominente rum\u00e4nische Frauen","datePublished":"2018-08-02T14:30:00+00:00","mainEntityOfPage":{"@id":"https:\/\/www.rri.ro\/de\/feature-reportage\/rumaenien-einmal-anders\/die-unbezaehmbaren-100-prominente-rumaenische-frauen-id630775.html"},"wordCount":812,"image":{"@id":"https:\/\/www.rri.ro\/de\/feature-reportage\/rumaenien-einmal-anders\/die-unbezaehmbaren-100-prominente-rumaenische-frauen-id630775.html#primaryimage"},"thumbnailUrl":"https:\/\/www.rri.ro\/wp-content\/uploads\/2023\/10\/nespusele-proiect-2.jpg","keywords":["Adina Rosetti","Frauen","Iulia Iordan","Laura Grunberg","Leistung","Nesupusele","Prominente","Victoria Patrascu"],"articleSection":["Rum\u00e4nien einmal anders"],"inLanguage":"de"},{"@type":"WebPage","@id":"https:\/\/www.rri.ro\/de\/feature-reportage\/rumaenien-einmal-anders\/die-unbezaehmbaren-100-prominente-rumaenische-frauen-id630775.html","url":"https:\/\/www.rri.ro\/de\/feature-reportage\/rumaenien-einmal-anders\/die-unbezaehmbaren-100-prominente-rumaenische-frauen-id630775.html","name":"\u201eDie Unbez\u00e4hmbaren\u201c: 100 prominente rum\u00e4nische Frauen - Radio Rum\u00e4nien International","isPartOf":{"@id":"https:\/\/www.rri.ro\/#website"},"primaryImageOfPage":{"@id":"https:\/\/www.rri.ro\/de\/feature-reportage\/rumaenien-einmal-anders\/die-unbezaehmbaren-100-prominente-rumaenische-frauen-id630775.html#primaryimage"},"image":{"@id":"https:\/\/www.rri.ro\/de\/feature-reportage\/rumaenien-einmal-anders\/die-unbezaehmbaren-100-prominente-rumaenische-frauen-id630775.html#primaryimage"},"thumbnailUrl":"https:\/\/www.rri.ro\/wp-content\/uploads\/2023\/10\/nespusele-proiect-2.jpg","datePublished":"2018-08-02T14:30:00+00:00","author":{"@id":"https:\/\/www.rri.ro\/#\/schema\/person\/70ee98042ca8b95ae29876ed4848670e"},"breadcrumb":{"@id":"https:\/\/www.rri.ro\/de\/feature-reportage\/rumaenien-einmal-anders\/die-unbezaehmbaren-100-prominente-rumaenische-frauen-id630775.html#breadcrumb"},"inLanguage":"de","potentialAction":[{"@type":"ReadAction","target":["https:\/\/www.rri.ro\/de\/feature-reportage\/rumaenien-einmal-anders\/die-unbezaehmbaren-100-prominente-rumaenische-frauen-id630775.html"]}]},{"@type":"ImageObject","inLanguage":"de","@id":"https:\/\/www.rri.ro\/de\/feature-reportage\/rumaenien-einmal-anders\/die-unbezaehmbaren-100-prominente-rumaenische-frauen-id630775.html#primaryimage","url":"https:\/\/www.rri.ro\/wp-content\/uploads\/2023\/10\/nespusele-proiect-2.jpg","contentUrl":"https:\/\/www.rri.ro\/wp-content\/uploads\/2023\/10\/nespusele-proiect-2.jpg","width":640,"height":384},{"@type":"BreadcrumbList","@id":"https:\/\/www.rri.ro\/de\/feature-reportage\/rumaenien-einmal-anders\/die-unbezaehmbaren-100-prominente-rumaenische-frauen-id630775.html#breadcrumb","itemListElement":[{"@type":"ListItem","position":1,"name":"Startseite","item":"https:\/\/www.rri.ro\/de"},{"@type":"ListItem","position":2,"name":"Feature &amp; Reportage","item":"https:\/\/www.rri.ro\/de\/feature-reportage"},{"@type":"ListItem","position":3,"name":"Rum\u00e4nien einmal anders","item":"https:\/\/www.rri.ro\/de\/feature-reportage\/rumaenien-einmal-anders"},{"@type":"ListItem","position":4,"name":"\u201eDie Unbez\u00e4hmbaren\u201c: 100 prominente rum\u00e4nische Frauen"}]},{"@type":"WebSite","@id":"https:\/\/www.rri.ro\/#website","url":"https:\/\/www.rri.ro\/","name":"Radio Rum\u00e4nien International","description":"Totul despre Rom\u00e2nia \u015fi rom\u00e2ni, \u00een 13 limbi\/dialecte!","inLanguage":"de"},{"@type":"Person","@id":"https:\/\/www.rri.ro\/#\/schema\/person\/70ee98042ca8b95ae29876ed4848670e","name":"Ana-Maria Cononovici","url":"https:\/\/www.rri.ro\/de\/author\/ana-maria-cononovici"}]}},"_links":{"self":[{"href":"https:\/\/www.rri.ro\/de\/wp-json\/wp\/v2\/posts\/630775","targetHints":{"allow":["GET"]}}],"collection":[{"href":"https:\/\/www.rri.ro\/de\/wp-json\/wp\/v2\/posts"}],"about":[{"href":"https:\/\/www.rri.ro\/de\/wp-json\/wp\/v2\/types\/post"}],"author":[{"embeddable":true,"href":"https:\/\/www.rri.ro\/de\/wp-json\/wp\/v2\/users\/126"}],"replies":[{"embeddable":true,"href":"https:\/\/www.rri.ro\/de\/wp-json\/wp\/v2\/comments?post=630775"}],"version-history":[{"count":0,"href":"https:\/\/www.rri.ro\/de\/wp-json\/wp\/v2\/posts\/630775\/revisions"}],"wp:featuredmedia":[{"embeddable":true,"href":"https:\/\/www.rri.ro\/de\/wp-json\/wp\/v2\/media\/284111"}],"wp:attachment":[{"href":"https:\/\/www.rri.ro\/de\/wp-json\/wp\/v2\/media?parent=630775"}],"wp:term":[{"taxonomy":"category","embeddable":true,"href":"https:\/\/www.rri.ro\/de\/wp-json\/wp\/v2\/categories?post=630775"},{"taxonomy":"post_tag","embeddable":true,"href":"https:\/\/www.rri.ro\/de\/wp-json\/wp\/v2\/tags?post=630775"},{"taxonomy":"author","embeddable":true,"href":"https:\/\/www.rri.ro\/de\/wp-json\/wp\/v2\/coauthors?post=630775"}],"curies":[{"name":"wp","href":"https:\/\/api.w.org\/{rel}","templated":true}]}}