{"id":630879,"date":"2020-02-20T17:30:00","date_gmt":"2020-02-20T15:30:00","guid":{"rendered":"http:\/\/devrri.freshlemon.ro\/aktuell\/nacht-der-ideen-kulturinstitutionen-und-umweltschuetzer-tauschen-sich-aus-id630879.html"},"modified":"2020-02-20T17:30:00","modified_gmt":"2020-02-20T15:30:00","slug":"nacht-der-ideen-kulturinstitutionen-und-umweltschuetzer-tauschen-sich-aus","status":"publish","type":"post","link":"https:\/\/www.rri.ro\/de\/feature-reportage\/rumaenien-einmal-anders\/nacht-der-ideen-kulturinstitutionen-und-umweltschuetzer-tauschen-sich-aus-id630879.html","title":{"rendered":"Nacht der Ideen: Kulturinstitutionen und Umweltsch\u00fctzer tauschen sich aus"},"content":{"rendered":"<p>Das franz\u00f6sische Institut in Paris organisiert allj\u00e4hrlich eine Nacht der Ideen\u201c, um die Ausdrucksfreiheit und den freien Gedankenaustausch zu f\u00f6rdern. Rum\u00e4nien trat der Veranstaltung bei und organisierte aus diesem Anlass durch das \u00f6rtliche  Franz\u00f6sische Institut Debatten, Ausstellungen und Workshops in mehreren St\u00e4dten landesweit (in Bukarest, Klausenburg, Jassy und Temeswar). Die franz\u00f6sische Allianz in Ploie\u015fti beteiligte sich auch an einer Reihe von Aussprachen und Workshops. Die Veranstaltung brachte dieses Jahr das Konzept \u00eatre vivant\u201c in den Vordergrund. Bei diesen Stichworten haben wir es mit einem Wortspiel mit doppelter Bedeutung zu tun &#8212; denn \u00eatre vivant\u201c  bedeutet gleichzeitig lebendig sein\u201c aber auch Lebewesen\u201c. Absichtliche Mehrdeutigkeit, denn die Diskussionen \u00fcber die Nacht der Ideen sind in erster Linie eine Einladung zum Nachdenken und kein gew\u00f6hnliches Treffen mit Experten, die die Wahrheit in der Hand halten und sie anderen pr\u00e4sentieren. Was bedeutet am Leben sein\u201c? Welcher ist unser Platz in der Lebenswelt? Und inwiefern zwingt uns das lebendig sein\u201c zum Handeln? Wie kann der kreative Akt die Umwelt retten? Hierzu gibt es unterschiedliche Antworten von den Teilnehmern an der Nacht der Ideen.<\/p>\n<p>&#13;<br \/>\n&#13;<\/p>\n<p>&#13;<br \/>\n&#13;<\/p>\n<p>Cristian Neagoe, Beauftragte f\u00fcr \u00d6ffentlichkeitsarbeit bei Greenpeace Rum\u00e4nien, teilte mit:<\/p>\n<p>&#13;<br \/>\n&#13;<\/p>\n<p>&#13;<br \/>\n&#13;<\/p>\n<p><em>Natur und Kultur arbeiten sehr gut zusammen. Ohne Natur w\u00fcrde es am Ende keine Kultur geben, und sicherlich wird es keine Natur geben, wenn wir nicht so viel Kultur wie m\u00f6glich haben. Ich denke, die Art und Weise, wie wir uns \u00fcber die Dinge aufkl\u00e4ren, die gerade geschehen, ist entscheidend f\u00fcr das, was als n\u00e4chstes passieren wird.\u201c<\/em><\/p>\n<p>&#13;<br \/>\n&#13;<\/p>\n<p>&#13;<br \/>\n&#13;<\/p>\n<p>&#13;<br \/>\n&#13;<\/p>\n<p>Suzana Dan, Managerin des Kultur-Hubs BRD Scena9 Residence, ist der Ansicht, jedermann m\u00fcsste als K\u00fcnstler auf der Welt wirken:<\/p>\n<p>&#13;<br \/>\n&#13;<\/p>\n<p>&#13;<br \/>\n&#13;<\/p>\n<p><em>Derzeit m\u00fcssen wir damit rechnen, dass alle Menschen eine aktive Rolle in der Gesellschaft spielen sollten. Ich denke, es ist sehr wichtig, dass jeder von uns &#8212; egal ob wir K\u00fcnstler oder Schauspieler sind oder in einem anderen Bereich arbeiten &#8212; den Mut aufbringt, auf die Wirklichkeit, auf die Geschehnisse in unserem Umfeld zu reagieren. Das ist eine Form von Aktivismus, die in unserer Gesellschaft viel mehr gelebt werden muss. Denn die Probleme, mit denen wir konfrontiert werden, sind nicht einzeln zu betrachten. Sie betreffen uns alle.<\/em> <em>Diesbez\u00fcglich sind die K\u00fcnstler in der Tat bevorzugt, denn sie sind sichtbarer, sie dr\u00fccken sich durch ihre Werke, durch Bilder, durch ihre Performance aus. Bilder kommunizieren ohnehin am besten, sie vermitteln Botschaften in unmittelbarer Weise. Ich w\u00fcnsche mir, die Menschen w\u00fcrden immer reagieren, auf alles M\u00f6gliche und in jeder auch nur denkbaren Art und Weise.\u201c<\/em><\/p>\n<p>&#13;<br \/>\n&#13;<\/p>\n<p>&#13;<br \/>\n&#13;<\/p>\n<p>&#13;<br \/>\n&#13;<\/p>\n<p>Mihai Stoica, Gesch\u00e4ftsf\u00fchrer des Vereins 2Celsius, betrachtet den Aktivismus im erweiterten Sinne. Seiner Ansicht nach seien nicht nur die K\u00fcnstler Aktivisten, sondern auch die Schauspieler:<\/p>\n<p>&#13;<br \/>\n&#13;<\/p>\n<p>&#13;<br \/>\n&#13;<\/p>\n<p><em><\/em><em>Neben den K\u00fcnstlern, die durch ihre Kunst direkt mit uns kommunizieren, gibt es auch noch diejenigen Menschen, die keine K\u00fcnstler sind. Ich habe einen Freund, er ist Fotograf und gleichzeitig Biologiedoktorand an der Uni Hamburg. Er erforscht die Art und Weise, in der verschiedene Erreger auf die Menschen \u00fcbertragen werden. Er erz\u00e4hlte mir, dass der Klimawandel das Verbreitungsgebiet der Viren immer mehr beeinflusst. Das wissen wir eh alle, wir haben es im Alltag mit Viren zu tun. Und er dokumentiert seine Forschungsarbeit, indem er Fotos ausstellt. Nun, ist er Wissenschaftler oder  Fotograf? Ist er verantwortlich f\u00fcr die Kommunikation? Seine Fotografien sind eher poetisch ausgerichtet, haben nichts mit seinem Status als Forscher zu tun. Dennoch hat er sich vorgenommen, uns gleichzeitig auch etwas \u00fcber die von ihn untersuchten Viren zu vermitteln. Und zwar in einer Art und Weise, in der er uns zum Nachdenken \u00fcber den Klimawandel und seine Folgen anregt.\u201c<\/em><\/p>\n<p>&#13;<br \/>\n&#13;<\/p>\n<p>&#13;<br \/>\n&#13;<\/p>\n<p>&#13;<br \/>\n&#13;<\/p>\n<p>Cristian Neagoe, PR-Beauftragter bei Greenpeace Rum\u00e4nien, erg\u00e4nzte:<\/p>\n<p>&#13;<br \/>\n&#13;<\/p>\n<p>&#13;<br \/>\n&#13;<\/p>\n<p><em>Ein gro\u200e\u00dfes Problem der Menschen ist, sie haben im Laufe der Zeit die Natur als etwas \u00c4u\u200e\u00dferliches betrachtet, nicht als ein Ganzes, dem sie angeh\u00f6ren. Unsere Vorfahren wollten die Natur schon immer bezwingen, erobern, ausbeuten. S\u00e4mtliche Religionen belehren uns, die Natur sei uns geschenkt worden, um von ihr Gebrauch zu machen, um uns fortzupflanzen und weiterzuentwickeln. F\u00fcr Platon und Aristoteles war die Natur unver\u00e4nderlich, unm\u00f6glich zu zerst\u00f6ren. Sie betrachteten die Natur als etwas stets Wiederkehrendes. Sie erkannten ihre Regenerationskraft und dachten, sie w\u00fcrde nie zu Ende gehen, egal wie viel wir ihr wegnehmen w\u00fcrden. Und jetzt haben wir den Punkt erreicht, wo wir zugeben m\u00fcssen, dass die Natur eigentlich ganz zerbrechlich ist und dass wir uns vermutlich mehr als ertr\u00e4glich vermehrt haben. Dar\u00fcber hinaus haben wir uns zu einer Gesellschaft des \u00fcberm\u00e4\u200e\u00dfigen Verbrauchs entwickelt. F\u00fcr Greenpeace sind die Natur und der Frieden die zwei Hauptprobleme, mit denen die heutige Gesellschaft konfrontiert wird. Wir versuchen, sie zu besch\u00fctzen und auch andere an unserem Unternehmen zu beteiligen.\u201c<\/em><\/p>\n<p>&#13;<br \/>\n&#13;<\/p>\n<p>&#13;<br \/>\n&#13;<\/p>\n<p>&#13;<br \/>\n&#13;<\/p>\n<p>Die in 55 L\u00e4ndern weltweit vertretene Organisation Greenpeace k\u00e4mpft in Rum\u00e4nien f\u00fcr den Schutz der W\u00e4lder. Rum\u00e4nien gilt als gr\u00fcne Lunge Europas. Hierzulande befinden sich zwei Drittel der uralten W\u00e4lder Europas. Doch sie werden im schwindelerregenden Tempo abgeholzt. Das erkl\u00e4rte uns Cristian Neagoe, der noch Folgendes hinzuf\u00fcgte:<\/p>\n<p>&#13;<br \/>\n&#13;<\/p>\n<p>&#13;<br \/>\n&#13;<\/p>\n<p><em>Die Kunst bringt Dinge n\u00e4her, die uns sehr weit entfernt erscheinen. Sie macht sie zug\u00e4nglich f\u00fcr uns. In dieser Hinsicht unterscheidet sich die Kunst vom Aktivismus. Denn der Aktivismus ist eher bitter, wobei die Kunst einem unter die Haut geht. Deshalb k\u00f6nnten Kunst und Aktivismus zusammen Wunder in Bezug auf den Umweltschutz vollbringen.\u201c<\/em><\/p>\n<p>&#13;<br \/>\n&#13;<\/p>\n<p>&#13;<br \/>\n&#13;<\/p>\n<p>&#13;<br \/>\n&#13;<\/p>\n<p>Die Nacht der Ideen setzt nicht nur Diskussionen und Debatten voraus. Die Gedanken k\u00f6nnen in unterschiedlichster Weise Ausdruck finden, wie z.B. in Form von Tanz, Fotografie, Comics, Malereien, Karikaturen, Kunstinstallationen. Ein Schwerpunkt der diesj\u00e4hrigen Veranstaltung war die Verantwortung f\u00fcr die Umwelt &#8212; also Comics als Umweltschutz-Manifest, innovative Projekte im Umweltschutzbereich, b\u00fcrgerliches Engagement in einer Zeit, in der der Klimanotstand ausgerufen wurde.<\/p>\n<p>&#13;<\/p>\n","protected":false},"excerpt":{"rendered":"<p>Das franz\u00f6sische Institut in Paris l\u00e4dt jedes Jahr Ende Januar kulturelle und wissenschaftliche Einrichtungen in Frankreich und auf allen Kontinenten ein, um gemeinsam den freien Gedankenaustausch zu feiern.<\/p>\n","protected":false},"author":126,"featured_media":136079,"comment_status":"closed","ping_status":"closed","sticky":false,"template":"","format":"standard","meta":{"_acf_changed":false,"footnotes":""},"categories":[116761],"tags":[123641,123640,99587,102328,123639,120231,123638,35831,144715,99786,123642,100877,123637,103906,144362,99589,99787,100122],"coauthors":[],"class_list":["post-630879","post","type-post","status-publish","format-standard","has-post-thumbnail","hentry","category-rumaenien-einmal-anders","tag-2celsius","tag-brd-scena9-residence","tag-bukarest","tag-debatten","tag-etre-vivant","tag-franzoesisches-institut","tag-gedankenaustausch","tag-greenpeace","tag-jassy-de","tag-klausenburg","tag-klimanotstand","tag-kultur","tag-nacht-der-ideen","tag-natur","tag-paris-de","tag-rumaenien","tag-temeswar","tag-umwelt"],"acf":[],"yoast_head":"<!-- This site is optimized with the Yoast SEO plugin v27.3 - https:\/\/yoast.com\/product\/yoast-seo-wordpress\/ -->\n<title>Nacht der Ideen: Kulturinstitutionen und Umweltsch\u00fctzer tauschen sich aus - Radio Rum\u00e4nien International<\/title>\n<meta name=\"robots\" content=\"index, follow, max-snippet:-1, max-image-preview:large, max-video-preview:-1\" \/>\n<link rel=\"canonical\" href=\"https:\/\/www.rri.ro\/de\/feature-reportage\/rumaenien-einmal-anders\/nacht-der-ideen-kulturinstitutionen-und-umweltschuetzer-tauschen-sich-aus-id630879.html\" \/>\n<meta property=\"og:locale\" content=\"de_DE\" \/>\n<meta property=\"og:type\" content=\"article\" \/>\n<meta property=\"og:title\" content=\"Nacht der Ideen: Kulturinstitutionen und Umweltsch\u00fctzer tauschen sich aus - Radio Rum\u00e4nien International\" \/>\n<meta property=\"og:description\" content=\"Das franz\u00f6sische Institut in Paris l\u00e4dt jedes Jahr Ende Januar kulturelle und wissenschaftliche Einrichtungen in Frankreich und auf allen Kontinenten ein, um gemeinsam den freien Gedankenaustausch zu feiern.\" \/>\n<meta property=\"og:url\" content=\"https:\/\/www.rri.ro\/de\/feature-reportage\/rumaenien-einmal-anders\/nacht-der-ideen-kulturinstitutionen-und-umweltschuetzer-tauschen-sich-aus-id630879.html\" \/>\n<meta property=\"og:site_name\" content=\"Radio Rum\u00e4nien International\" \/>\n<meta property=\"article:published_time\" content=\"2020-02-20T15:30:00+00:00\" \/>\n<meta property=\"og:image\" content=\"https:\/\/www.rri.ro\/wp-content\/uploads\/2023\/10\/noaptea-ideilor-foto-facebook-kyralina-ro.png\" \/>\n\t<meta property=\"og:image:width\" content=\"640\" \/>\n\t<meta property=\"og:image:height\" content=\"401\" \/>\n\t<meta property=\"og:image:type\" content=\"image\/png\" \/>\n<meta name=\"author\" content=\"Ana-Maria Cononovici\" \/>\n<meta name=\"twitter:card\" content=\"summary_large_image\" \/>\n<meta name=\"twitter:label1\" content=\"Verfasst von\" \/>\n\t<meta name=\"twitter:data1\" content=\"Ana-Maria Cononovici\" \/>\n\t<meta name=\"twitter:label2\" content=\"Gesch\u00e4tzte Lesezeit\" \/>\n\t<meta name=\"twitter:data2\" content=\"5\u00a0Minuten\" \/>\n\t<meta name=\"twitter:label3\" content=\"Written by\" \/>\n\t<meta name=\"twitter:data3\" content=\"Ana-Maria Cononovici\" \/>\n<script type=\"application\/ld+json\" class=\"yoast-schema-graph\">{\"@context\":\"https:\\\/\\\/schema.org\",\"@graph\":[{\"@type\":\"Article\",\"@id\":\"https:\\\/\\\/www.rri.ro\\\/de\\\/feature-reportage\\\/rumaenien-einmal-anders\\\/nacht-der-ideen-kulturinstitutionen-und-umweltschuetzer-tauschen-sich-aus-id630879.html#article\",\"isPartOf\":{\"@id\":\"https:\\\/\\\/www.rri.ro\\\/de\\\/feature-reportage\\\/rumaenien-einmal-anders\\\/nacht-der-ideen-kulturinstitutionen-und-umweltschuetzer-tauschen-sich-aus-id630879.html\"},\"author\":{\"name\":\"Ana-Maria Cononovici\",\"@id\":\"https:\\\/\\\/www.rri.ro\\\/#\\\/schema\\\/person\\\/70ee98042ca8b95ae29876ed4848670e\"},\"headline\":\"Nacht der Ideen: Kulturinstitutionen und Umweltsch\u00fctzer tauschen sich aus\",\"datePublished\":\"2020-02-20T15:30:00+00:00\",\"mainEntityOfPage\":{\"@id\":\"https:\\\/\\\/www.rri.ro\\\/de\\\/feature-reportage\\\/rumaenien-einmal-anders\\\/nacht-der-ideen-kulturinstitutionen-und-umweltschuetzer-tauschen-sich-aus-id630879.html\"},\"wordCount\":994,\"image\":{\"@id\":\"https:\\\/\\\/www.rri.ro\\\/de\\\/feature-reportage\\\/rumaenien-einmal-anders\\\/nacht-der-ideen-kulturinstitutionen-und-umweltschuetzer-tauschen-sich-aus-id630879.html#primaryimage\"},\"thumbnailUrl\":\"https:\\\/\\\/www.rri.ro\\\/wp-content\\\/uploads\\\/2023\\\/10\\\/noaptea-ideilor-foto-facebook-kyralina-ro.png\",\"keywords\":[\"2Celsius\",\"BRD Scena9 Residence\",\"Bukarest\",\"Debatten\",\"etre vivant\",\"Franz\u00f6sisches Institut\",\"Gedankenaustausch\",\"Greenpeace\",\"Jassy\",\"Klausenburg\",\"Klimanotstand\",\"Kultur\",\"Nacht der Ideen\",\"Natur\",\"Paris\",\"Rum\u00e4nien\",\"Temeswar\",\"Umwelt\"],\"articleSection\":[\"Rum\u00e4nien einmal anders\"],\"inLanguage\":\"de\"},{\"@type\":\"WebPage\",\"@id\":\"https:\\\/\\\/www.rri.ro\\\/de\\\/feature-reportage\\\/rumaenien-einmal-anders\\\/nacht-der-ideen-kulturinstitutionen-und-umweltschuetzer-tauschen-sich-aus-id630879.html\",\"url\":\"https:\\\/\\\/www.rri.ro\\\/de\\\/feature-reportage\\\/rumaenien-einmal-anders\\\/nacht-der-ideen-kulturinstitutionen-und-umweltschuetzer-tauschen-sich-aus-id630879.html\",\"name\":\"Nacht der Ideen: Kulturinstitutionen und Umweltsch\u00fctzer tauschen sich aus - Radio Rum\u00e4nien International\",\"isPartOf\":{\"@id\":\"https:\\\/\\\/www.rri.ro\\\/#website\"},\"primaryImageOfPage\":{\"@id\":\"https:\\\/\\\/www.rri.ro\\\/de\\\/feature-reportage\\\/rumaenien-einmal-anders\\\/nacht-der-ideen-kulturinstitutionen-und-umweltschuetzer-tauschen-sich-aus-id630879.html#primaryimage\"},\"image\":{\"@id\":\"https:\\\/\\\/www.rri.ro\\\/de\\\/feature-reportage\\\/rumaenien-einmal-anders\\\/nacht-der-ideen-kulturinstitutionen-und-umweltschuetzer-tauschen-sich-aus-id630879.html#primaryimage\"},\"thumbnailUrl\":\"https:\\\/\\\/www.rri.ro\\\/wp-content\\\/uploads\\\/2023\\\/10\\\/noaptea-ideilor-foto-facebook-kyralina-ro.png\",\"datePublished\":\"2020-02-20T15:30:00+00:00\",\"author\":{\"@id\":\"https:\\\/\\\/www.rri.ro\\\/#\\\/schema\\\/person\\\/70ee98042ca8b95ae29876ed4848670e\"},\"breadcrumb\":{\"@id\":\"https:\\\/\\\/www.rri.ro\\\/de\\\/feature-reportage\\\/rumaenien-einmal-anders\\\/nacht-der-ideen-kulturinstitutionen-und-umweltschuetzer-tauschen-sich-aus-id630879.html#breadcrumb\"},\"inLanguage\":\"de\",\"potentialAction\":[{\"@type\":\"ReadAction\",\"target\":[\"https:\\\/\\\/www.rri.ro\\\/de\\\/feature-reportage\\\/rumaenien-einmal-anders\\\/nacht-der-ideen-kulturinstitutionen-und-umweltschuetzer-tauschen-sich-aus-id630879.html\"]}]},{\"@type\":\"ImageObject\",\"inLanguage\":\"de\",\"@id\":\"https:\\\/\\\/www.rri.ro\\\/de\\\/feature-reportage\\\/rumaenien-einmal-anders\\\/nacht-der-ideen-kulturinstitutionen-und-umweltschuetzer-tauschen-sich-aus-id630879.html#primaryimage\",\"url\":\"https:\\\/\\\/www.rri.ro\\\/wp-content\\\/uploads\\\/2023\\\/10\\\/noaptea-ideilor-foto-facebook-kyralina-ro.png\",\"contentUrl\":\"https:\\\/\\\/www.rri.ro\\\/wp-content\\\/uploads\\\/2023\\\/10\\\/noaptea-ideilor-foto-facebook-kyralina-ro.png\",\"width\":640,\"height\":401},{\"@type\":\"BreadcrumbList\",\"@id\":\"https:\\\/\\\/www.rri.ro\\\/de\\\/feature-reportage\\\/rumaenien-einmal-anders\\\/nacht-der-ideen-kulturinstitutionen-und-umweltschuetzer-tauschen-sich-aus-id630879.html#breadcrumb\",\"itemListElement\":[{\"@type\":\"ListItem\",\"position\":1,\"name\":\"Startseite\",\"item\":\"https:\\\/\\\/www.rri.ro\\\/de\"},{\"@type\":\"ListItem\",\"position\":2,\"name\":\"Feature &amp; Reportage\",\"item\":\"https:\\\/\\\/www.rri.ro\\\/de\\\/feature-reportage\"},{\"@type\":\"ListItem\",\"position\":3,\"name\":\"Rum\u00e4nien einmal anders\",\"item\":\"https:\\\/\\\/www.rri.ro\\\/de\\\/feature-reportage\\\/rumaenien-einmal-anders\"},{\"@type\":\"ListItem\",\"position\":4,\"name\":\"Nacht der Ideen: Kulturinstitutionen und Umweltsch\u00fctzer tauschen sich aus\"}]},{\"@type\":\"WebSite\",\"@id\":\"https:\\\/\\\/www.rri.ro\\\/#website\",\"url\":\"https:\\\/\\\/www.rri.ro\\\/\",\"name\":\"Radio Rum\u00e4nien International\",\"description\":\"Totul despre Rom\u00e2nia \u015fi rom\u00e2ni, \u00een 13 limbi\\\/dialecte!\",\"inLanguage\":\"de\"},{\"@type\":\"Person\",\"@id\":\"https:\\\/\\\/www.rri.ro\\\/#\\\/schema\\\/person\\\/70ee98042ca8b95ae29876ed4848670e\",\"name\":\"Ana-Maria Cononovici\",\"url\":\"https:\\\/\\\/www.rri.ro\\\/de\\\/author\\\/ana-maria-cononovici\"}]}<\/script>\n<!-- \/ Yoast SEO plugin. -->","yoast_head_json":{"title":"Nacht der Ideen: Kulturinstitutionen und Umweltsch\u00fctzer tauschen sich aus - Radio Rum\u00e4nien International","robots":{"index":"index","follow":"follow","max-snippet":"max-snippet:-1","max-image-preview":"max-image-preview:large","max-video-preview":"max-video-preview:-1"},"canonical":"https:\/\/www.rri.ro\/de\/feature-reportage\/rumaenien-einmal-anders\/nacht-der-ideen-kulturinstitutionen-und-umweltschuetzer-tauschen-sich-aus-id630879.html","og_locale":"de_DE","og_type":"article","og_title":"Nacht der Ideen: Kulturinstitutionen und Umweltsch\u00fctzer tauschen sich aus - Radio Rum\u00e4nien International","og_description":"Das franz\u00f6sische Institut in Paris l\u00e4dt jedes Jahr Ende Januar kulturelle und wissenschaftliche Einrichtungen in Frankreich und auf allen Kontinenten ein, um gemeinsam den freien Gedankenaustausch zu feiern.","og_url":"https:\/\/www.rri.ro\/de\/feature-reportage\/rumaenien-einmal-anders\/nacht-der-ideen-kulturinstitutionen-und-umweltschuetzer-tauschen-sich-aus-id630879.html","og_site_name":"Radio Rum\u00e4nien International","article_published_time":"2020-02-20T15:30:00+00:00","og_image":[{"width":640,"height":401,"url":"https:\/\/www.rri.ro\/wp-content\/uploads\/2023\/10\/noaptea-ideilor-foto-facebook-kyralina-ro.png","type":"image\/png"}],"author":"Ana-Maria Cononovici","twitter_card":"summary_large_image","twitter_misc":{"Verfasst von":"Ana-Maria Cononovici","Gesch\u00e4tzte Lesezeit":"5\u00a0Minuten","Written by":"Ana-Maria Cononovici"},"schema":{"@context":"https:\/\/schema.org","@graph":[{"@type":"Article","@id":"https:\/\/www.rri.ro\/de\/feature-reportage\/rumaenien-einmal-anders\/nacht-der-ideen-kulturinstitutionen-und-umweltschuetzer-tauschen-sich-aus-id630879.html#article","isPartOf":{"@id":"https:\/\/www.rri.ro\/de\/feature-reportage\/rumaenien-einmal-anders\/nacht-der-ideen-kulturinstitutionen-und-umweltschuetzer-tauschen-sich-aus-id630879.html"},"author":{"name":"Ana-Maria Cononovici","@id":"https:\/\/www.rri.ro\/#\/schema\/person\/70ee98042ca8b95ae29876ed4848670e"},"headline":"Nacht der Ideen: Kulturinstitutionen und Umweltsch\u00fctzer tauschen sich aus","datePublished":"2020-02-20T15:30:00+00:00","mainEntityOfPage":{"@id":"https:\/\/www.rri.ro\/de\/feature-reportage\/rumaenien-einmal-anders\/nacht-der-ideen-kulturinstitutionen-und-umweltschuetzer-tauschen-sich-aus-id630879.html"},"wordCount":994,"image":{"@id":"https:\/\/www.rri.ro\/de\/feature-reportage\/rumaenien-einmal-anders\/nacht-der-ideen-kulturinstitutionen-und-umweltschuetzer-tauschen-sich-aus-id630879.html#primaryimage"},"thumbnailUrl":"https:\/\/www.rri.ro\/wp-content\/uploads\/2023\/10\/noaptea-ideilor-foto-facebook-kyralina-ro.png","keywords":["2Celsius","BRD Scena9 Residence","Bukarest","Debatten","etre vivant","Franz\u00f6sisches Institut","Gedankenaustausch","Greenpeace","Jassy","Klausenburg","Klimanotstand","Kultur","Nacht der Ideen","Natur","Paris","Rum\u00e4nien","Temeswar","Umwelt"],"articleSection":["Rum\u00e4nien einmal anders"],"inLanguage":"de"},{"@type":"WebPage","@id":"https:\/\/www.rri.ro\/de\/feature-reportage\/rumaenien-einmal-anders\/nacht-der-ideen-kulturinstitutionen-und-umweltschuetzer-tauschen-sich-aus-id630879.html","url":"https:\/\/www.rri.ro\/de\/feature-reportage\/rumaenien-einmal-anders\/nacht-der-ideen-kulturinstitutionen-und-umweltschuetzer-tauschen-sich-aus-id630879.html","name":"Nacht der Ideen: Kulturinstitutionen und Umweltsch\u00fctzer tauschen sich aus - Radio Rum\u00e4nien International","isPartOf":{"@id":"https:\/\/www.rri.ro\/#website"},"primaryImageOfPage":{"@id":"https:\/\/www.rri.ro\/de\/feature-reportage\/rumaenien-einmal-anders\/nacht-der-ideen-kulturinstitutionen-und-umweltschuetzer-tauschen-sich-aus-id630879.html#primaryimage"},"image":{"@id":"https:\/\/www.rri.ro\/de\/feature-reportage\/rumaenien-einmal-anders\/nacht-der-ideen-kulturinstitutionen-und-umweltschuetzer-tauschen-sich-aus-id630879.html#primaryimage"},"thumbnailUrl":"https:\/\/www.rri.ro\/wp-content\/uploads\/2023\/10\/noaptea-ideilor-foto-facebook-kyralina-ro.png","datePublished":"2020-02-20T15:30:00+00:00","author":{"@id":"https:\/\/www.rri.ro\/#\/schema\/person\/70ee98042ca8b95ae29876ed4848670e"},"breadcrumb":{"@id":"https:\/\/www.rri.ro\/de\/feature-reportage\/rumaenien-einmal-anders\/nacht-der-ideen-kulturinstitutionen-und-umweltschuetzer-tauschen-sich-aus-id630879.html#breadcrumb"},"inLanguage":"de","potentialAction":[{"@type":"ReadAction","target":["https:\/\/www.rri.ro\/de\/feature-reportage\/rumaenien-einmal-anders\/nacht-der-ideen-kulturinstitutionen-und-umweltschuetzer-tauschen-sich-aus-id630879.html"]}]},{"@type":"ImageObject","inLanguage":"de","@id":"https:\/\/www.rri.ro\/de\/feature-reportage\/rumaenien-einmal-anders\/nacht-der-ideen-kulturinstitutionen-und-umweltschuetzer-tauschen-sich-aus-id630879.html#primaryimage","url":"https:\/\/www.rri.ro\/wp-content\/uploads\/2023\/10\/noaptea-ideilor-foto-facebook-kyralina-ro.png","contentUrl":"https:\/\/www.rri.ro\/wp-content\/uploads\/2023\/10\/noaptea-ideilor-foto-facebook-kyralina-ro.png","width":640,"height":401},{"@type":"BreadcrumbList","@id":"https:\/\/www.rri.ro\/de\/feature-reportage\/rumaenien-einmal-anders\/nacht-der-ideen-kulturinstitutionen-und-umweltschuetzer-tauschen-sich-aus-id630879.html#breadcrumb","itemListElement":[{"@type":"ListItem","position":1,"name":"Startseite","item":"https:\/\/www.rri.ro\/de"},{"@type":"ListItem","position":2,"name":"Feature &amp; Reportage","item":"https:\/\/www.rri.ro\/de\/feature-reportage"},{"@type":"ListItem","position":3,"name":"Rum\u00e4nien einmal anders","item":"https:\/\/www.rri.ro\/de\/feature-reportage\/rumaenien-einmal-anders"},{"@type":"ListItem","position":4,"name":"Nacht der Ideen: Kulturinstitutionen und Umweltsch\u00fctzer tauschen sich aus"}]},{"@type":"WebSite","@id":"https:\/\/www.rri.ro\/#website","url":"https:\/\/www.rri.ro\/","name":"Radio Rum\u00e4nien International","description":"Totul despre Rom\u00e2nia \u015fi rom\u00e2ni, \u00een 13 limbi\/dialecte!","inLanguage":"de"},{"@type":"Person","@id":"https:\/\/www.rri.ro\/#\/schema\/person\/70ee98042ca8b95ae29876ed4848670e","name":"Ana-Maria Cononovici","url":"https:\/\/www.rri.ro\/de\/author\/ana-maria-cononovici"}]}},"_links":{"self":[{"href":"https:\/\/www.rri.ro\/de\/wp-json\/wp\/v2\/posts\/630879","targetHints":{"allow":["GET"]}}],"collection":[{"href":"https:\/\/www.rri.ro\/de\/wp-json\/wp\/v2\/posts"}],"about":[{"href":"https:\/\/www.rri.ro\/de\/wp-json\/wp\/v2\/types\/post"}],"author":[{"embeddable":true,"href":"https:\/\/www.rri.ro\/de\/wp-json\/wp\/v2\/users\/126"}],"replies":[{"embeddable":true,"href":"https:\/\/www.rri.ro\/de\/wp-json\/wp\/v2\/comments?post=630879"}],"version-history":[{"count":0,"href":"https:\/\/www.rri.ro\/de\/wp-json\/wp\/v2\/posts\/630879\/revisions"}],"wp:featuredmedia":[{"embeddable":true,"href":"https:\/\/www.rri.ro\/de\/wp-json\/wp\/v2\/media\/136079"}],"wp:attachment":[{"href":"https:\/\/www.rri.ro\/de\/wp-json\/wp\/v2\/media?parent=630879"}],"wp:term":[{"taxonomy":"category","embeddable":true,"href":"https:\/\/www.rri.ro\/de\/wp-json\/wp\/v2\/categories?post=630879"},{"taxonomy":"post_tag","embeddable":true,"href":"https:\/\/www.rri.ro\/de\/wp-json\/wp\/v2\/tags?post=630879"},{"taxonomy":"author","embeddable":true,"href":"https:\/\/www.rri.ro\/de\/wp-json\/wp\/v2\/coauthors?post=630879"}],"curies":[{"name":"wp","href":"https:\/\/api.w.org\/{rel}","templated":true}]}}