{"id":631036,"date":"2013-10-10T19:00:00","date_gmt":"2013-10-10T16:00:00","guid":{"rendered":"http:\/\/devrri.freshlemon.ro\/aktuell\/nachrichten-rri-id631036.html"},"modified":"2013-10-10T19:00:00","modified_gmt":"2013-10-10T16:00:00","slug":"nachrichten-rri","status":"publish","type":"post","link":"https:\/\/www.rri.ro\/de\/aktuell\/newsflash-de\/nachrichten-rri-id631036.html","title":{"rendered":"Nachrichten RRI"},"content":{"rendered":"<p>BUKAREST: Rum\u00e4nien und Bulgarien weisen jedwelchen Zusammenhang zwischen ihrem Schengen-Beitritt und anderen Angelegenheiten, wie das Problem der Rroma-Gemeinde ab. Zu dieser Schlussfolgerung seien Rum\u00e4niens Chefdiplomat Titus Corlatean und sein bulgarischer Amtskollege Kristian Vigenin im Rahmen eines Treffens gekommen, so ein Kommunique des rum\u00e4nischen Aussenministeriums. Bukarest und Sofia beteuern erneut, dass die beiden L\u00e4nder die technischen Kriterien f\u00fcr den Schengen-Beitritt erf\u00fcllen. Vor kurzem hatte die franz\u00f6sische Regierung ihre Vorbehalte gegen\u00fcber dem Schengen-Beitritt der beiden L\u00e4nder ge\u00e4ussert. In Frankreich finden im Fr\u00fchling Kommunalwahlen statt; ein heftig debattitiertes Thema sind dabei die Rroma, die aus Rum\u00e4nien stammen.<\/p>\n<p>&#13;<br \/>\n&#13;<\/p>\n<p>&#13;<br \/>\n&#13;<\/p>\n<p>BUKAREST &#8212; Rum\u00e4nien z\u00e4hlt zu den fortgestrittensten L\u00e4nden der Region im Bereich Aktion und Intervention bei Unf\u00e4llen oder Naturkatastrophen. Dies erkl\u00e4rte am Donnerstag der rum\u00e4nische Ministerpr\u00e4sident Victor Ponta bei der Vorstellung der 6. Flugmaschine vom Typ Spartan der rum\u00e4nischen Flugwaffe. Die vom Verteidigungsminister Mircea Dusa vorgestellte Flugmaschine verf\u00fcgt \u00fcber medizinische Ausr\u00fcstungen f\u00fcr Evakuierungseins\u00e4tze in Notf\u00e4llen. 2007 hatte das rum\u00e4nische Verteidigungsministerium einen Vertrag f\u00fcr die Anschaffung von 7 Kargo-Flugmaschinen im Wert von \u00fcber 216 Millionen Euro. Ebenfalls am Donnerstag gab Verteidigungsminister Mircea Dusa das Unterzeichnen eines Vertrags mit Portugal f\u00fcr die Anschaffung mehrerer Flugmaschinen vom Typ F-16 bekannt; dabei wurde die erste Teilzahlung von 100 Millionen Euro bet\u00e4tigt. Die im Vertrag vorgesehene Gesamtsumme bel\u00e4uft sich auf 600 Millionen Euro.<\/p>\n<p>&#13;<br \/>\n&#13;<\/p>\n<p>&#13;<br \/>\n&#13;<\/p>\n<p>LONDON: Rum\u00e4niens Aussenminister Titus Corlatean ist am Donnerstag zu einem zweit\u00e4gigen Besuch in London, auf Einladung seines britischen Amtskollegen William Hague, eingetroffen. Die beiden sollen unter anderem \u00fcber die Konsolidierung der strategischen Partnerschaft zwischen den beiden L\u00e4ndern, die Ostpartnerschaft und der Gipfel in Vilnius und \u00fcber Energie-Sicherheit diskutieren. Zudem sollen die beiden Aussenminister \u00fcber die Liberalisierung des britischen Arbeitsmarktes f\u00fcr rum\u00e4nische Staatsb\u00fcrger beginnend mit dem 1. Januar 2014 sprechen. In einem Artikel, der am Mittwoch auf der Webseite huffingtonpost.co.uk ver\u00f6ffentlicht wurde, machte der rum\u00e4nische Botschafter in London auf die Intensivierung der Feindseligkeit gegen\u00fcber der Immigration, im Kontext der Liberalisierung des Arbeitsmarktes f\u00fcr Rum\u00e4nen und Bulgaren. Laut dem Botschafter wurde der Ruf und das Leben der Rum\u00e4nen, die in Grossbritanien arbeiten von falschen Statistiken und alarmistischer Rhetorik der Politiker und der Medien zerst\u00f6rt.<\/p>\n<p>&#13;<br \/>\n&#13;<\/p>\n<p>&#13;<br \/>\n&#13;<\/p>\n<p>KISCHINEW: Der EU-Agrarkommissar, der Rum\u00e4ne Dacian Ciolos, unternimmt am Donnerstag einen Besuch in der Republik Moldau. Vor kurzem hat die EU-Kommission die komplette Er\u00f6ffnung des Gemeinschafts-Marktes f\u00fcr moldauische Weine vorgeschlagen. Diese Massnahme k\u00f6nnte in ein paar Monaten in Kraft treten und wurde getroffen nachdem Russland, der wichtigste Importeur moldawischer Weine, die Einfuhr dieser gestoppt hat.  Der Besuch erfolgt vor der Unterzeichnung des Assoziierungs-Abkommens zwischen der ex-sowjetischen Republik und der EU beim Gipfel der Ostpartnerschaft in Vilnius im November.<\/p>\n<p>&#13;<\/p>\n","protected":false},"excerpt":{"rendered":"<p>BUKAREST: Rum\u00e4nien und Bulgarien weisen jedwelchen Zusammenhang zwischen ihrem Schengen-Beitritt und anderen Angelegenheiten, wie das Problem der Rroma-Gemeinde ab. Zu dieser Schlussfolgerung seien Rum\u00e4niens Chefdiplomat Titus Corlatean und sein bulgarischer Amtskollege Kristian Vigenin im Rahmen eines Treffens gekommen, so ein Kommunique des rum\u00e4nischen Aussenministeriums. Bukarest und Sofia beteuern erneut, dass die beiden L\u00e4nder die technischen [&hellip;]<\/p>\n","protected":false},"author":108,"featured_media":180594,"comment_status":"closed","ping_status":"closed","sticky":false,"template":"","format":"standard","meta":{"_acf_changed":false,"footnotes":""},"categories":[116753],"tags":[100010,99587,99778,134270,99771,123880,99895,100739,153294,99897,100576,99871,33166,99930,99589,99824,145202,32953,101860,171305],"coauthors":[],"class_list":["post-631036","post","type-post","status-publish","format-standard","has-post-thumbnail","hentry","category-newsflash-de","tag-aussenminister","tag-bukarest","tag-bulgarien","tag-eu-de","tag-eu-agrarkommissar","tag-flugmaschine","tag-kischinew","tag-liberalisierung","tag-london-de","tag-ministerpraesident","tag-moldau","tag-ostpartnerschaft","tag-rroma","tag-rumaenen","tag-rumaenien","tag-russland","tag-schengen-de","tag-sofia","tag-verteidigungsminister","tag-vilnius-de"],"acf":[],"yoast_head":"<!-- This site is optimized with the Yoast SEO plugin v27.3 - https:\/\/yoast.com\/product\/yoast-seo-wordpress\/ -->\n<title>Nachrichten RRI - Radio Rum\u00e4nien International<\/title>\n<meta name=\"robots\" content=\"index, follow, max-snippet:-1, max-image-preview:large, max-video-preview:-1\" \/>\n<link rel=\"canonical\" href=\"https:\/\/www.rri.ro\/de\/aktuell\/newsflash-de\/nachrichten-rri-id631036.html\" \/>\n<meta property=\"og:locale\" content=\"de_DE\" \/>\n<meta property=\"og:type\" content=\"article\" \/>\n<meta property=\"og:title\" content=\"Nachrichten RRI - Radio Rum\u00e4nien International\" \/>\n<meta property=\"og:description\" content=\"BUKAREST: Rum\u00e4nien und Bulgarien weisen jedwelchen Zusammenhang zwischen ihrem Schengen-Beitritt und anderen Angelegenheiten, wie das Problem der Rroma-Gemeinde ab. Zu dieser Schlussfolgerung seien Rum\u00e4niens Chefdiplomat Titus Corlatean und sein bulgarischer Amtskollege Kristian Vigenin im Rahmen eines Treffens gekommen, so ein Kommunique des rum\u00e4nischen Aussenministeriums. Bukarest und Sofia beteuern erneut, dass die beiden L\u00e4nder die technischen [&hellip;]\" \/>\n<meta property=\"og:url\" content=\"https:\/\/www.rri.ro\/de\/aktuell\/newsflash-de\/nachrichten-rri-id631036.html\" \/>\n<meta property=\"og:site_name\" content=\"Radio Rum\u00e4nien International\" \/>\n<meta property=\"article:published_time\" content=\"2013-10-10T16:00:00+00:00\" \/>\n<meta property=\"og:image\" content=\"https:\/\/www.rri.ro\/wp-content\/uploads\/2023\/10\/Schengen.jpg\" \/>\n\t<meta property=\"og:image:width\" content=\"450\" \/>\n\t<meta property=\"og:image:height\" content=\"300\" \/>\n\t<meta property=\"og:image:type\" content=\"image\/jpeg\" \/>\n<meta name=\"author\" content=\"Corina Cristea\" \/>\n<meta name=\"twitter:card\" content=\"summary_large_image\" \/>\n<meta name=\"twitter:label1\" content=\"Verfasst von\" \/>\n\t<meta name=\"twitter:data1\" content=\"Corina Cristea\" \/>\n\t<meta name=\"twitter:label2\" content=\"Gesch\u00e4tzte Lesezeit\" \/>\n\t<meta name=\"twitter:data2\" content=\"2\u00a0Minuten\" \/>\n\t<meta name=\"twitter:label3\" content=\"Written by\" \/>\n\t<meta name=\"twitter:data3\" content=\"Corina Cristea\" \/>\n<script type=\"application\/ld+json\" class=\"yoast-schema-graph\">{\"@context\":\"https:\\\/\\\/schema.org\",\"@graph\":[{\"@type\":\"Article\",\"@id\":\"https:\\\/\\\/www.rri.ro\\\/de\\\/aktuell\\\/newsflash-de\\\/nachrichten-rri-id631036.html#article\",\"isPartOf\":{\"@id\":\"https:\\\/\\\/www.rri.ro\\\/de\\\/aktuell\\\/newsflash-de\\\/nachrichten-rri-id631036.html\"},\"author\":{\"name\":\"Corina Cristea\",\"@id\":\"https:\\\/\\\/www.rri.ro\\\/#\\\/schema\\\/person\\\/f9ab1cb3569dee1b2c033a814bb7f0fc\"},\"headline\":\"Nachrichten RRI\",\"datePublished\":\"2013-10-10T16:00:00+00:00\",\"mainEntityOfPage\":{\"@id\":\"https:\\\/\\\/www.rri.ro\\\/de\\\/aktuell\\\/newsflash-de\\\/nachrichten-rri-id631036.html\"},\"wordCount\":465,\"image\":{\"@id\":\"https:\\\/\\\/www.rri.ro\\\/de\\\/aktuell\\\/newsflash-de\\\/nachrichten-rri-id631036.html#primaryimage\"},\"thumbnailUrl\":\"https:\\\/\\\/www.rri.ro\\\/wp-content\\\/uploads\\\/2023\\\/10\\\/Schengen.jpg\",\"keywords\":[\"Au\u00dfenminister\",\"Bukarest\",\"Bulgarien\",\"EU\",\"EU-Agrarkommissar\",\"Flugmaschine\",\"Kischinew\",\"Liberalisierung\",\"London\",\"Ministerpr\u00e4sident\",\"Moldau\",\"Ostpartnerschaft\",\"Rroma\",\"Rum\u00e4nen\",\"Rum\u00e4nien\",\"Russland\",\"Schengen\",\"Sofia\",\"Verteidigungsminister\",\"Vilnius\"],\"articleSection\":[\"Newsflash\"],\"inLanguage\":\"de\"},{\"@type\":\"WebPage\",\"@id\":\"https:\\\/\\\/www.rri.ro\\\/de\\\/aktuell\\\/newsflash-de\\\/nachrichten-rri-id631036.html\",\"url\":\"https:\\\/\\\/www.rri.ro\\\/de\\\/aktuell\\\/newsflash-de\\\/nachrichten-rri-id631036.html\",\"name\":\"Nachrichten RRI - Radio Rum\u00e4nien International\",\"isPartOf\":{\"@id\":\"https:\\\/\\\/www.rri.ro\\\/#website\"},\"primaryImageOfPage\":{\"@id\":\"https:\\\/\\\/www.rri.ro\\\/de\\\/aktuell\\\/newsflash-de\\\/nachrichten-rri-id631036.html#primaryimage\"},\"image\":{\"@id\":\"https:\\\/\\\/www.rri.ro\\\/de\\\/aktuell\\\/newsflash-de\\\/nachrichten-rri-id631036.html#primaryimage\"},\"thumbnailUrl\":\"https:\\\/\\\/www.rri.ro\\\/wp-content\\\/uploads\\\/2023\\\/10\\\/Schengen.jpg\",\"datePublished\":\"2013-10-10T16:00:00+00:00\",\"author\":{\"@id\":\"https:\\\/\\\/www.rri.ro\\\/#\\\/schema\\\/person\\\/f9ab1cb3569dee1b2c033a814bb7f0fc\"},\"breadcrumb\":{\"@id\":\"https:\\\/\\\/www.rri.ro\\\/de\\\/aktuell\\\/newsflash-de\\\/nachrichten-rri-id631036.html#breadcrumb\"},\"inLanguage\":\"de\",\"potentialAction\":[{\"@type\":\"ReadAction\",\"target\":[\"https:\\\/\\\/www.rri.ro\\\/de\\\/aktuell\\\/newsflash-de\\\/nachrichten-rri-id631036.html\"]}]},{\"@type\":\"ImageObject\",\"inLanguage\":\"de\",\"@id\":\"https:\\\/\\\/www.rri.ro\\\/de\\\/aktuell\\\/newsflash-de\\\/nachrichten-rri-id631036.html#primaryimage\",\"url\":\"https:\\\/\\\/www.rri.ro\\\/wp-content\\\/uploads\\\/2023\\\/10\\\/Schengen.jpg\",\"contentUrl\":\"https:\\\/\\\/www.rri.ro\\\/wp-content\\\/uploads\\\/2023\\\/10\\\/Schengen.jpg\",\"width\":450,\"height\":300},{\"@type\":\"BreadcrumbList\",\"@id\":\"https:\\\/\\\/www.rri.ro\\\/de\\\/aktuell\\\/newsflash-de\\\/nachrichten-rri-id631036.html#breadcrumb\",\"itemListElement\":[{\"@type\":\"ListItem\",\"position\":1,\"name\":\"Startseite\",\"item\":\"https:\\\/\\\/www.rri.ro\\\/de\"},{\"@type\":\"ListItem\",\"position\":2,\"name\":\"Aktuell\",\"item\":\"https:\\\/\\\/www.rri.ro\\\/de\\\/aktuell\"},{\"@type\":\"ListItem\",\"position\":3,\"name\":\"Newsflash\",\"item\":\"https:\\\/\\\/www.rri.ro\\\/de\\\/aktuell\\\/newsflash-de\"},{\"@type\":\"ListItem\",\"position\":4,\"name\":\"Nachrichten RRI\"}]},{\"@type\":\"WebSite\",\"@id\":\"https:\\\/\\\/www.rri.ro\\\/#website\",\"url\":\"https:\\\/\\\/www.rri.ro\\\/\",\"name\":\"Radio Rum\u00e4nien International\",\"description\":\"Totul despre Rom\u00e2nia \u015fi rom\u00e2ni, \u00een 13 limbi\\\/dialecte!\",\"inLanguage\":\"de\"},{\"@type\":\"Person\",\"@id\":\"https:\\\/\\\/www.rri.ro\\\/#\\\/schema\\\/person\\\/f9ab1cb3569dee1b2c033a814bb7f0fc\",\"name\":\"Corina Cristea\",\"url\":\"https:\\\/\\\/www.rri.ro\\\/de\\\/author\\\/corina-cristea\"}]}<\/script>\n<!-- \/ Yoast SEO plugin. -->","yoast_head_json":{"title":"Nachrichten RRI - Radio Rum\u00e4nien International","robots":{"index":"index","follow":"follow","max-snippet":"max-snippet:-1","max-image-preview":"max-image-preview:large","max-video-preview":"max-video-preview:-1"},"canonical":"https:\/\/www.rri.ro\/de\/aktuell\/newsflash-de\/nachrichten-rri-id631036.html","og_locale":"de_DE","og_type":"article","og_title":"Nachrichten RRI - Radio Rum\u00e4nien International","og_description":"BUKAREST: Rum\u00e4nien und Bulgarien weisen jedwelchen Zusammenhang zwischen ihrem Schengen-Beitritt und anderen Angelegenheiten, wie das Problem der Rroma-Gemeinde ab. Zu dieser Schlussfolgerung seien Rum\u00e4niens Chefdiplomat Titus Corlatean und sein bulgarischer Amtskollege Kristian Vigenin im Rahmen eines Treffens gekommen, so ein Kommunique des rum\u00e4nischen Aussenministeriums. Bukarest und Sofia beteuern erneut, dass die beiden L\u00e4nder die technischen [&hellip;]","og_url":"https:\/\/www.rri.ro\/de\/aktuell\/newsflash-de\/nachrichten-rri-id631036.html","og_site_name":"Radio Rum\u00e4nien International","article_published_time":"2013-10-10T16:00:00+00:00","og_image":[{"width":450,"height":300,"url":"https:\/\/www.rri.ro\/wp-content\/uploads\/2023\/10\/Schengen.jpg","type":"image\/jpeg"}],"author":"Corina Cristea","twitter_card":"summary_large_image","twitter_misc":{"Verfasst von":"Corina Cristea","Gesch\u00e4tzte Lesezeit":"2\u00a0Minuten","Written by":"Corina Cristea"},"schema":{"@context":"https:\/\/schema.org","@graph":[{"@type":"Article","@id":"https:\/\/www.rri.ro\/de\/aktuell\/newsflash-de\/nachrichten-rri-id631036.html#article","isPartOf":{"@id":"https:\/\/www.rri.ro\/de\/aktuell\/newsflash-de\/nachrichten-rri-id631036.html"},"author":{"name":"Corina Cristea","@id":"https:\/\/www.rri.ro\/#\/schema\/person\/f9ab1cb3569dee1b2c033a814bb7f0fc"},"headline":"Nachrichten RRI","datePublished":"2013-10-10T16:00:00+00:00","mainEntityOfPage":{"@id":"https:\/\/www.rri.ro\/de\/aktuell\/newsflash-de\/nachrichten-rri-id631036.html"},"wordCount":465,"image":{"@id":"https:\/\/www.rri.ro\/de\/aktuell\/newsflash-de\/nachrichten-rri-id631036.html#primaryimage"},"thumbnailUrl":"https:\/\/www.rri.ro\/wp-content\/uploads\/2023\/10\/Schengen.jpg","keywords":["Au\u00dfenminister","Bukarest","Bulgarien","EU","EU-Agrarkommissar","Flugmaschine","Kischinew","Liberalisierung","London","Ministerpr\u00e4sident","Moldau","Ostpartnerschaft","Rroma","Rum\u00e4nen","Rum\u00e4nien","Russland","Schengen","Sofia","Verteidigungsminister","Vilnius"],"articleSection":["Newsflash"],"inLanguage":"de"},{"@type":"WebPage","@id":"https:\/\/www.rri.ro\/de\/aktuell\/newsflash-de\/nachrichten-rri-id631036.html","url":"https:\/\/www.rri.ro\/de\/aktuell\/newsflash-de\/nachrichten-rri-id631036.html","name":"Nachrichten RRI - Radio Rum\u00e4nien International","isPartOf":{"@id":"https:\/\/www.rri.ro\/#website"},"primaryImageOfPage":{"@id":"https:\/\/www.rri.ro\/de\/aktuell\/newsflash-de\/nachrichten-rri-id631036.html#primaryimage"},"image":{"@id":"https:\/\/www.rri.ro\/de\/aktuell\/newsflash-de\/nachrichten-rri-id631036.html#primaryimage"},"thumbnailUrl":"https:\/\/www.rri.ro\/wp-content\/uploads\/2023\/10\/Schengen.jpg","datePublished":"2013-10-10T16:00:00+00:00","author":{"@id":"https:\/\/www.rri.ro\/#\/schema\/person\/f9ab1cb3569dee1b2c033a814bb7f0fc"},"breadcrumb":{"@id":"https:\/\/www.rri.ro\/de\/aktuell\/newsflash-de\/nachrichten-rri-id631036.html#breadcrumb"},"inLanguage":"de","potentialAction":[{"@type":"ReadAction","target":["https:\/\/www.rri.ro\/de\/aktuell\/newsflash-de\/nachrichten-rri-id631036.html"]}]},{"@type":"ImageObject","inLanguage":"de","@id":"https:\/\/www.rri.ro\/de\/aktuell\/newsflash-de\/nachrichten-rri-id631036.html#primaryimage","url":"https:\/\/www.rri.ro\/wp-content\/uploads\/2023\/10\/Schengen.jpg","contentUrl":"https:\/\/www.rri.ro\/wp-content\/uploads\/2023\/10\/Schengen.jpg","width":450,"height":300},{"@type":"BreadcrumbList","@id":"https:\/\/www.rri.ro\/de\/aktuell\/newsflash-de\/nachrichten-rri-id631036.html#breadcrumb","itemListElement":[{"@type":"ListItem","position":1,"name":"Startseite","item":"https:\/\/www.rri.ro\/de"},{"@type":"ListItem","position":2,"name":"Aktuell","item":"https:\/\/www.rri.ro\/de\/aktuell"},{"@type":"ListItem","position":3,"name":"Newsflash","item":"https:\/\/www.rri.ro\/de\/aktuell\/newsflash-de"},{"@type":"ListItem","position":4,"name":"Nachrichten RRI"}]},{"@type":"WebSite","@id":"https:\/\/www.rri.ro\/#website","url":"https:\/\/www.rri.ro\/","name":"Radio Rum\u00e4nien International","description":"Totul despre Rom\u00e2nia \u015fi rom\u00e2ni, \u00een 13 limbi\/dialecte!","inLanguage":"de"},{"@type":"Person","@id":"https:\/\/www.rri.ro\/#\/schema\/person\/f9ab1cb3569dee1b2c033a814bb7f0fc","name":"Corina Cristea","url":"https:\/\/www.rri.ro\/de\/author\/corina-cristea"}]}},"_links":{"self":[{"href":"https:\/\/www.rri.ro\/de\/wp-json\/wp\/v2\/posts\/631036","targetHints":{"allow":["GET"]}}],"collection":[{"href":"https:\/\/www.rri.ro\/de\/wp-json\/wp\/v2\/posts"}],"about":[{"href":"https:\/\/www.rri.ro\/de\/wp-json\/wp\/v2\/types\/post"}],"author":[{"embeddable":true,"href":"https:\/\/www.rri.ro\/de\/wp-json\/wp\/v2\/users\/108"}],"replies":[{"embeddable":true,"href":"https:\/\/www.rri.ro\/de\/wp-json\/wp\/v2\/comments?post=631036"}],"version-history":[{"count":0,"href":"https:\/\/www.rri.ro\/de\/wp-json\/wp\/v2\/posts\/631036\/revisions"}],"wp:featuredmedia":[{"embeddable":true,"href":"https:\/\/www.rri.ro\/de\/wp-json\/wp\/v2\/media\/180594"}],"wp:attachment":[{"href":"https:\/\/www.rri.ro\/de\/wp-json\/wp\/v2\/media?parent=631036"}],"wp:term":[{"taxonomy":"category","embeddable":true,"href":"https:\/\/www.rri.ro\/de\/wp-json\/wp\/v2\/categories?post=631036"},{"taxonomy":"post_tag","embeddable":true,"href":"https:\/\/www.rri.ro\/de\/wp-json\/wp\/v2\/tags?post=631036"},{"taxonomy":"author","embeddable":true,"href":"https:\/\/www.rri.ro\/de\/wp-json\/wp\/v2\/coauthors?post=631036"}],"curies":[{"name":"wp","href":"https:\/\/api.w.org\/{rel}","templated":true}]}}