{"id":631109,"date":"2013-12-14T15:00:00","date_gmt":"2013-12-14T13:00:00","guid":{"rendered":"http:\/\/devrri.freshlemon.ro\/aktuell\/nachrichten-14-12-2013-id631109.html"},"modified":"2013-12-14T15:00:00","modified_gmt":"2013-12-14T13:00:00","slug":"nachrichten-14-12-2013","status":"publish","type":"post","link":"https:\/\/www.rri.ro\/de\/aktuell\/newsflash-de\/nachrichten-14-12-2013-id631109.html","title":{"rendered":"Nachrichten 14.12.2013"},"content":{"rendered":"<p><strong>Bukarest <\/strong>&#8212; Die US-Handelskammer in Rum\u00e4nien (AmCham) dr\u00fcckt ihre Besorgnis \u00fcber die Art und Weise aus, in der die Bukarester Exekutive Ma\u200e\u00dfnahmen mit starken Auswirkungen auf dem Gesch\u00e4ftsumfeld trifft. Die US-Handelskammer kritisiert sowohl die von der Bukarester Exekutive ohne vorherigen Beratungen mit dem Gesch\u00e4ftsumfeld getroffenen Ma\u200e\u00dfnahmen im Steuerbereich, als auch die Versuche, Rechtsnormen im Bereich der Korruptionsbek\u00e4mpfung und der Regelung von Interessenkonflikten schnell und ohne Beratungen zu verabschieden. Unter dem Hut von AmCham stehen 350 US-Unternehmen. Die Bemerkungen der US-Investoren erfolgten einige Tage nachdem die Novellierung des Strafgesetzbuches durch die Bukarester Legislative eine heftige interne und internationale Kritik ausl\u00f6ste.<\/p>\n<p>&#13;<br \/>\n&#13;<\/p>\n<p>&#13;<br \/>\n&#13;<\/p>\n<p>&#13;<br \/>\n&#13;<\/p>\n<p><strong>Bukarest<\/strong> &#8212; Der rum\u00e4nische Landwirtschaftsminister Daniel Constantin trifft am Montag in der ex-sowjetischen, mehrheitlich rum\u00e4nischsprachigen Republik Moldau f\u00fcr einen dreit\u00e4gigen Besuch ein. In Chi\u015fin\u0103u soll sich Minister Constantin an informellen Beratungen im Auftakt der europ\u00e4ischen Regionalkonferenz  der Organisation f\u00fcr Landwirtschaft und Ern\u00e4hrung beteiligen, die in Bukarest zwischen dem 29.M\u00e4rz und dem 4. April stattfinden soll. Auf der Agenda des rum\u00e4nischen Landwirtschaftsministers stehen zudem Gespr\u00e4che mit  dem stellvertretenden Regionalvertreter der Organisation f\u00fcr Landwirtschaft und Ern\u00e4hrung Tony Alonzi und mit dem k\u00fcnftigen Vertreter der Organisation f\u00fcr Europa und Zentralasien Vladimir Rakhmanin. Zudem soll der rum\u00e4nische Landwirtschaftsminister in Chi\u015fin\u0103u mit seinem moldauischen Gegen\u00fcber Vasile Bumacov zu Gespr\u00e4chen zusammenkommen und sich anschlie\u200e\u00dfend an der Feier zur offiziellen Einweihung der Marke Moldauischer Wein\u201d beteiligen.<\/p>\n<p>&#13;<br \/>\n&#13;<\/p>\n<p>&#13;<br \/>\n&#13;<\/p>\n<p>&#13;<br \/>\n&#13;<\/p>\n<p><strong>Sport<\/strong> &#8212; Die rum\u00e4nische Frauen-Handballnationalmannschaft trifft am Sonntag im serbischen Novi Sad im Achtelfinale der Weltmeisterschaft auf Polen. Am Freitag besiegte das rum\u00e4nische Team Tschechien 29 zu 23 im letzten Spiel der Gruppe D, w\u00e4hrend Gruppenf\u00fchrer Deutschland sich gegen Ungarn 27 zu 26 durchsetzte. Deutschlad belegt mit 10 Punkten den ersten Gruppenplatz, gefolgt von Rum\u00e4nien mit 8 Punkten, Ungarn mit 6 Punkten, Tschechien mit 4 Punkten, Tunesien mit 2 Punkten und Australien. Rum\u00e4nien hat bislang drei WM-Medaillen gewonnen: Gold 1962, und Silber 1973 und 2005. Rum\u00e4nien gilt zudem als das einzige Land, das sich an allen Handball-Weltmeisterschaften seit 1957 beteiligte.<\/p>\n<p>&#13;<\/p>\n","protected":false},"excerpt":{"rendered":"<p>Bukarest &#8212; Die US-Handelskammer in Rum\u00e4nien (AmCham) dr\u00fcckt ihre Besorgnis \u00fcber die Art und Weise aus, in der die Bukarester Exekutive Ma\u200e\u00dfnahmen mit starken Auswirkungen auf dem Gesch\u00e4ftsumfeld trifft. Die US-Handelskammer kritisiert sowohl die von der Bukarester Exekutive ohne vorherigen Beratungen mit dem Gesch\u00e4ftsumfeld getroffenen Ma\u200e\u00dfnahmen im Steuerbereich, als auch die Versuche, Rechtsnormen im Bereich [&hellip;]<\/p>\n","protected":false},"author":2,"featured_media":201384,"comment_status":"closed","ping_status":"closed","sticky":false,"template":"","format":"standard","meta":{"_acf_changed":false,"footnotes":""},"categories":[116753],"tags":[103367,169712,101925,99587,151607,100628,124030,100920,143772,124022,124025,59017,100709,102505,100378,124024,124026,100115,100245,100379,124027,101701,99636,104666,124023,124029,124028,124031],"coauthors":[],"class_list":["post-631109","post","type-post","status-publish","format-standard","has-post-thumbnail","hentry","category-newsflash-de","tag-achtelfinale","tag-amcham-de","tag-beratungen","tag-bukarest","tag-chisinau-de","tag-exekutive","tag-frauen-handballnationalmannschaft","tag-geschaeftsumfeld","tag-gold-de","tag-interessenkonflikten","tag-internationale-kritik","tag-interne","tag-korruptionsbekaempfung","tag-landwirtschaftsminister-daniel-constantin","tag-massnahmen","tag-novellierung-des-strafgesetzbuches","tag-organisation-fuer-landwirtschaft-und-ernaehrung","tag-republik-moldau","tag-silber","tag-steuerbereich","tag-tony-alonzi","tag-tschechien","tag-ungarn","tag-us-handelskammer","tag-us-investoren","tag-vasile-bumacov","tag-vladimir-rakhmanin","tag-weltmeisterschaft-wm-medaillen"],"acf":[],"yoast_head":"<!-- This site is optimized with the Yoast SEO plugin v27.3 - https:\/\/yoast.com\/product\/yoast-seo-wordpress\/ -->\n<title>Nachrichten 14.12.2013 - Radio Rum\u00e4nien International<\/title>\n<meta name=\"robots\" content=\"index, follow, max-snippet:-1, max-image-preview:large, max-video-preview:-1\" \/>\n<link rel=\"canonical\" href=\"https:\/\/www.rri.ro\/de\/aktuell\/newsflash-de\/nachrichten-14-12-2013-id631109.html\" \/>\n<meta property=\"og:locale\" content=\"de_DE\" \/>\n<meta property=\"og:type\" content=\"article\" \/>\n<meta property=\"og:title\" content=\"Nachrichten 14.12.2013 - Radio Rum\u00e4nien International\" \/>\n<meta property=\"og:description\" content=\"Bukarest &#8212; Die US-Handelskammer in Rum\u00e4nien (AmCham) dr\u00fcckt ihre Besorgnis \u00fcber die Art und Weise aus, in der die Bukarester Exekutive Ma\u200e\u00dfnahmen mit starken Auswirkungen auf dem Gesch\u00e4ftsumfeld trifft. Die US-Handelskammer kritisiert sowohl die von der Bukarester Exekutive ohne vorherigen Beratungen mit dem Gesch\u00e4ftsumfeld getroffenen Ma\u200e\u00dfnahmen im Steuerbereich, als auch die Versuche, Rechtsnormen im Bereich [&hellip;]\" \/>\n<meta property=\"og:url\" content=\"https:\/\/www.rri.ro\/de\/aktuell\/newsflash-de\/nachrichten-14-12-2013-id631109.html\" \/>\n<meta property=\"og:site_name\" content=\"Radio Rum\u00e4nien International\" \/>\n<meta property=\"article:published_time\" content=\"2013-12-14T13:00:00+00:00\" \/>\n<meta property=\"og:image\" content=\"https:\/\/www.rri.ro\/wp-content\/uploads\/2023\/10\/harta-lumii.gif\" \/>\n\t<meta property=\"og:image:width\" content=\"640\" \/>\n\t<meta property=\"og:image:height\" content=\"480\" \/>\n\t<meta property=\"og:image:type\" content=\"image\/png\" \/>\n<meta name=\"author\" content=\"Rom\u00e2nia Interna\u021bional\" \/>\n<meta name=\"twitter:card\" content=\"summary_large_image\" \/>\n<meta name=\"twitter:label1\" content=\"Verfasst von\" \/>\n\t<meta name=\"twitter:data1\" content=\"Rom\u00e2nia Interna\u021bional\" \/>\n\t<meta name=\"twitter:label2\" content=\"Gesch\u00e4tzte Lesezeit\" \/>\n\t<meta name=\"twitter:data2\" content=\"2\u00a0Minuten\" \/>\n\t<meta name=\"twitter:label3\" content=\"Written by\" \/>\n\t<meta name=\"twitter:data3\" content=\"Rom\u00e2nia Interna\u021bional\" \/>\n<script type=\"application\/ld+json\" class=\"yoast-schema-graph\">{\"@context\":\"https:\\\/\\\/schema.org\",\"@graph\":[{\"@type\":\"Article\",\"@id\":\"https:\\\/\\\/www.rri.ro\\\/de\\\/aktuell\\\/newsflash-de\\\/nachrichten-14-12-2013-id631109.html#article\",\"isPartOf\":{\"@id\":\"https:\\\/\\\/www.rri.ro\\\/de\\\/aktuell\\\/newsflash-de\\\/nachrichten-14-12-2013-id631109.html\"},\"author\":{\"name\":\"Rom\u00e2nia Interna\u021bional\",\"@id\":\"https:\\\/\\\/www.rri.ro\\\/#\\\/schema\\\/person\\\/18fac491bccbfe149b92aea77ad60abd\"},\"headline\":\"Nachrichten 14.12.2013\",\"datePublished\":\"2013-12-14T13:00:00+00:00\",\"mainEntityOfPage\":{\"@id\":\"https:\\\/\\\/www.rri.ro\\\/de\\\/aktuell\\\/newsflash-de\\\/nachrichten-14-12-2013-id631109.html\"},\"wordCount\":341,\"image\":{\"@id\":\"https:\\\/\\\/www.rri.ro\\\/de\\\/aktuell\\\/newsflash-de\\\/nachrichten-14-12-2013-id631109.html#primaryimage\"},\"thumbnailUrl\":\"https:\\\/\\\/www.rri.ro\\\/wp-content\\\/uploads\\\/2023\\\/10\\\/harta-lumii.gif\",\"keywords\":[\"Achtelfinale\",\"AmCham\",\"Beratungen\",\"Bukarest\",\"chisinau\",\"Exekutive\",\"Frauen-Handballnationalmannschaft\",\"Gesch\u00e4ftsumfeld\",\"gold\",\"Interessenkonflikten\",\"internationale Kritik\",\"interne\",\"Korruptionsbek\u00e4mpfung\",\"Landwirtschaftsminister Daniel Constantin\",\"Ma\u00dfnahmen\",\"Novellierung des Strafgesetzbuches\",\"Organisation f\u00fcr Landwirtschaft und Ern\u00e4hrung\",\"Republik Moldau\",\"Silber\",\"Steuerbereich\",\"Tony Alonzi\",\"Tschechien\",\"Ungarn\",\"US-Handelskammer\",\"US-Investoren\",\"Vasile Bumacov\",\"Vladimir Rakhmanin\",\"Weltmeisterschaft WM-Medaillen\"],\"articleSection\":[\"Newsflash\"],\"inLanguage\":\"de\"},{\"@type\":\"WebPage\",\"@id\":\"https:\\\/\\\/www.rri.ro\\\/de\\\/aktuell\\\/newsflash-de\\\/nachrichten-14-12-2013-id631109.html\",\"url\":\"https:\\\/\\\/www.rri.ro\\\/de\\\/aktuell\\\/newsflash-de\\\/nachrichten-14-12-2013-id631109.html\",\"name\":\"Nachrichten 14.12.2013 - Radio Rum\u00e4nien International\",\"isPartOf\":{\"@id\":\"https:\\\/\\\/www.rri.ro\\\/#website\"},\"primaryImageOfPage\":{\"@id\":\"https:\\\/\\\/www.rri.ro\\\/de\\\/aktuell\\\/newsflash-de\\\/nachrichten-14-12-2013-id631109.html#primaryimage\"},\"image\":{\"@id\":\"https:\\\/\\\/www.rri.ro\\\/de\\\/aktuell\\\/newsflash-de\\\/nachrichten-14-12-2013-id631109.html#primaryimage\"},\"thumbnailUrl\":\"https:\\\/\\\/www.rri.ro\\\/wp-content\\\/uploads\\\/2023\\\/10\\\/harta-lumii.gif\",\"datePublished\":\"2013-12-14T13:00:00+00:00\",\"author\":{\"@id\":\"https:\\\/\\\/www.rri.ro\\\/#\\\/schema\\\/person\\\/18fac491bccbfe149b92aea77ad60abd\"},\"breadcrumb\":{\"@id\":\"https:\\\/\\\/www.rri.ro\\\/de\\\/aktuell\\\/newsflash-de\\\/nachrichten-14-12-2013-id631109.html#breadcrumb\"},\"inLanguage\":\"de\",\"potentialAction\":[{\"@type\":\"ReadAction\",\"target\":[\"https:\\\/\\\/www.rri.ro\\\/de\\\/aktuell\\\/newsflash-de\\\/nachrichten-14-12-2013-id631109.html\"]}]},{\"@type\":\"ImageObject\",\"inLanguage\":\"de\",\"@id\":\"https:\\\/\\\/www.rri.ro\\\/de\\\/aktuell\\\/newsflash-de\\\/nachrichten-14-12-2013-id631109.html#primaryimage\",\"url\":\"https:\\\/\\\/www.rri.ro\\\/wp-content\\\/uploads\\\/2023\\\/10\\\/harta-lumii.gif\",\"contentUrl\":\"https:\\\/\\\/www.rri.ro\\\/wp-content\\\/uploads\\\/2023\\\/10\\\/harta-lumii.gif\",\"width\":640,\"height\":480},{\"@type\":\"BreadcrumbList\",\"@id\":\"https:\\\/\\\/www.rri.ro\\\/de\\\/aktuell\\\/newsflash-de\\\/nachrichten-14-12-2013-id631109.html#breadcrumb\",\"itemListElement\":[{\"@type\":\"ListItem\",\"position\":1,\"name\":\"Startseite\",\"item\":\"https:\\\/\\\/www.rri.ro\\\/de\"},{\"@type\":\"ListItem\",\"position\":2,\"name\":\"Aktuell\",\"item\":\"https:\\\/\\\/www.rri.ro\\\/de\\\/aktuell\"},{\"@type\":\"ListItem\",\"position\":3,\"name\":\"Newsflash\",\"item\":\"https:\\\/\\\/www.rri.ro\\\/de\\\/aktuell\\\/newsflash-de\"},{\"@type\":\"ListItem\",\"position\":4,\"name\":\"Nachrichten 14.12.2013\"}]},{\"@type\":\"WebSite\",\"@id\":\"https:\\\/\\\/www.rri.ro\\\/#website\",\"url\":\"https:\\\/\\\/www.rri.ro\\\/\",\"name\":\"Radio Rum\u00e4nien International\",\"description\":\"Totul despre Rom\u00e2nia \u015fi rom\u00e2ni, \u00een 13 limbi\\\/dialecte!\",\"inLanguage\":\"de\"},{\"@type\":\"Person\",\"@id\":\"https:\\\/\\\/www.rri.ro\\\/#\\\/schema\\\/person\\\/18fac491bccbfe149b92aea77ad60abd\",\"name\":\"Rom\u00e2nia Interna\u021bional\",\"url\":\"https:\\\/\\\/www.rri.ro\\\/de\\\/author\\\/redactia\"}]}<\/script>\n<!-- \/ Yoast SEO plugin. -->","yoast_head_json":{"title":"Nachrichten 14.12.2013 - Radio Rum\u00e4nien International","robots":{"index":"index","follow":"follow","max-snippet":"max-snippet:-1","max-image-preview":"max-image-preview:large","max-video-preview":"max-video-preview:-1"},"canonical":"https:\/\/www.rri.ro\/de\/aktuell\/newsflash-de\/nachrichten-14-12-2013-id631109.html","og_locale":"de_DE","og_type":"article","og_title":"Nachrichten 14.12.2013 - Radio Rum\u00e4nien International","og_description":"Bukarest &#8212; Die US-Handelskammer in Rum\u00e4nien (AmCham) dr\u00fcckt ihre Besorgnis \u00fcber die Art und Weise aus, in der die Bukarester Exekutive Ma\u200e\u00dfnahmen mit starken Auswirkungen auf dem Gesch\u00e4ftsumfeld trifft. Die US-Handelskammer kritisiert sowohl die von der Bukarester Exekutive ohne vorherigen Beratungen mit dem Gesch\u00e4ftsumfeld getroffenen Ma\u200e\u00dfnahmen im Steuerbereich, als auch die Versuche, Rechtsnormen im Bereich [&hellip;]","og_url":"https:\/\/www.rri.ro\/de\/aktuell\/newsflash-de\/nachrichten-14-12-2013-id631109.html","og_site_name":"Radio Rum\u00e4nien International","article_published_time":"2013-12-14T13:00:00+00:00","og_image":[{"width":640,"height":480,"url":"https:\/\/www.rri.ro\/wp-content\/uploads\/2023\/10\/harta-lumii.gif","type":"image\/png"}],"author":"Rom\u00e2nia Interna\u021bional","twitter_card":"summary_large_image","twitter_misc":{"Verfasst von":"Rom\u00e2nia Interna\u021bional","Gesch\u00e4tzte Lesezeit":"2\u00a0Minuten","Written by":"Rom\u00e2nia Interna\u021bional"},"schema":{"@context":"https:\/\/schema.org","@graph":[{"@type":"Article","@id":"https:\/\/www.rri.ro\/de\/aktuell\/newsflash-de\/nachrichten-14-12-2013-id631109.html#article","isPartOf":{"@id":"https:\/\/www.rri.ro\/de\/aktuell\/newsflash-de\/nachrichten-14-12-2013-id631109.html"},"author":{"name":"Rom\u00e2nia Interna\u021bional","@id":"https:\/\/www.rri.ro\/#\/schema\/person\/18fac491bccbfe149b92aea77ad60abd"},"headline":"Nachrichten 14.12.2013","datePublished":"2013-12-14T13:00:00+00:00","mainEntityOfPage":{"@id":"https:\/\/www.rri.ro\/de\/aktuell\/newsflash-de\/nachrichten-14-12-2013-id631109.html"},"wordCount":341,"image":{"@id":"https:\/\/www.rri.ro\/de\/aktuell\/newsflash-de\/nachrichten-14-12-2013-id631109.html#primaryimage"},"thumbnailUrl":"https:\/\/www.rri.ro\/wp-content\/uploads\/2023\/10\/harta-lumii.gif","keywords":["Achtelfinale","AmCham","Beratungen","Bukarest","chisinau","Exekutive","Frauen-Handballnationalmannschaft","Gesch\u00e4ftsumfeld","gold","Interessenkonflikten","internationale Kritik","interne","Korruptionsbek\u00e4mpfung","Landwirtschaftsminister Daniel Constantin","Ma\u00dfnahmen","Novellierung des Strafgesetzbuches","Organisation f\u00fcr Landwirtschaft und Ern\u00e4hrung","Republik Moldau","Silber","Steuerbereich","Tony Alonzi","Tschechien","Ungarn","US-Handelskammer","US-Investoren","Vasile Bumacov","Vladimir Rakhmanin","Weltmeisterschaft WM-Medaillen"],"articleSection":["Newsflash"],"inLanguage":"de"},{"@type":"WebPage","@id":"https:\/\/www.rri.ro\/de\/aktuell\/newsflash-de\/nachrichten-14-12-2013-id631109.html","url":"https:\/\/www.rri.ro\/de\/aktuell\/newsflash-de\/nachrichten-14-12-2013-id631109.html","name":"Nachrichten 14.12.2013 - Radio Rum\u00e4nien International","isPartOf":{"@id":"https:\/\/www.rri.ro\/#website"},"primaryImageOfPage":{"@id":"https:\/\/www.rri.ro\/de\/aktuell\/newsflash-de\/nachrichten-14-12-2013-id631109.html#primaryimage"},"image":{"@id":"https:\/\/www.rri.ro\/de\/aktuell\/newsflash-de\/nachrichten-14-12-2013-id631109.html#primaryimage"},"thumbnailUrl":"https:\/\/www.rri.ro\/wp-content\/uploads\/2023\/10\/harta-lumii.gif","datePublished":"2013-12-14T13:00:00+00:00","author":{"@id":"https:\/\/www.rri.ro\/#\/schema\/person\/18fac491bccbfe149b92aea77ad60abd"},"breadcrumb":{"@id":"https:\/\/www.rri.ro\/de\/aktuell\/newsflash-de\/nachrichten-14-12-2013-id631109.html#breadcrumb"},"inLanguage":"de","potentialAction":[{"@type":"ReadAction","target":["https:\/\/www.rri.ro\/de\/aktuell\/newsflash-de\/nachrichten-14-12-2013-id631109.html"]}]},{"@type":"ImageObject","inLanguage":"de","@id":"https:\/\/www.rri.ro\/de\/aktuell\/newsflash-de\/nachrichten-14-12-2013-id631109.html#primaryimage","url":"https:\/\/www.rri.ro\/wp-content\/uploads\/2023\/10\/harta-lumii.gif","contentUrl":"https:\/\/www.rri.ro\/wp-content\/uploads\/2023\/10\/harta-lumii.gif","width":640,"height":480},{"@type":"BreadcrumbList","@id":"https:\/\/www.rri.ro\/de\/aktuell\/newsflash-de\/nachrichten-14-12-2013-id631109.html#breadcrumb","itemListElement":[{"@type":"ListItem","position":1,"name":"Startseite","item":"https:\/\/www.rri.ro\/de"},{"@type":"ListItem","position":2,"name":"Aktuell","item":"https:\/\/www.rri.ro\/de\/aktuell"},{"@type":"ListItem","position":3,"name":"Newsflash","item":"https:\/\/www.rri.ro\/de\/aktuell\/newsflash-de"},{"@type":"ListItem","position":4,"name":"Nachrichten 14.12.2013"}]},{"@type":"WebSite","@id":"https:\/\/www.rri.ro\/#website","url":"https:\/\/www.rri.ro\/","name":"Radio Rum\u00e4nien International","description":"Totul despre Rom\u00e2nia \u015fi rom\u00e2ni, \u00een 13 limbi\/dialecte!","inLanguage":"de"},{"@type":"Person","@id":"https:\/\/www.rri.ro\/#\/schema\/person\/18fac491bccbfe149b92aea77ad60abd","name":"Rom\u00e2nia Interna\u021bional","url":"https:\/\/www.rri.ro\/de\/author\/redactia"}]}},"_links":{"self":[{"href":"https:\/\/www.rri.ro\/de\/wp-json\/wp\/v2\/posts\/631109","targetHints":{"allow":["GET"]}}],"collection":[{"href":"https:\/\/www.rri.ro\/de\/wp-json\/wp\/v2\/posts"}],"about":[{"href":"https:\/\/www.rri.ro\/de\/wp-json\/wp\/v2\/types\/post"}],"author":[{"embeddable":true,"href":"https:\/\/www.rri.ro\/de\/wp-json\/wp\/v2\/users\/2"}],"replies":[{"embeddable":true,"href":"https:\/\/www.rri.ro\/de\/wp-json\/wp\/v2\/comments?post=631109"}],"version-history":[{"count":0,"href":"https:\/\/www.rri.ro\/de\/wp-json\/wp\/v2\/posts\/631109\/revisions"}],"wp:featuredmedia":[{"embeddable":true,"href":"https:\/\/www.rri.ro\/de\/wp-json\/wp\/v2\/media\/201384"}],"wp:attachment":[{"href":"https:\/\/www.rri.ro\/de\/wp-json\/wp\/v2\/media?parent=631109"}],"wp:term":[{"taxonomy":"category","embeddable":true,"href":"https:\/\/www.rri.ro\/de\/wp-json\/wp\/v2\/categories?post=631109"},{"taxonomy":"post_tag","embeddable":true,"href":"https:\/\/www.rri.ro\/de\/wp-json\/wp\/v2\/tags?post=631109"},{"taxonomy":"author","embeddable":true,"href":"https:\/\/www.rri.ro\/de\/wp-json\/wp\/v2\/coauthors?post=631109"}],"curies":[{"name":"wp","href":"https:\/\/api.w.org\/{rel}","templated":true}]}}