{"id":631118,"date":"2013-12-22T15:00:00","date_gmt":"2013-12-22T13:00:00","guid":{"rendered":"http:\/\/devrri.freshlemon.ro\/aktuell\/nachrichten-22-12-2013-id631118.html"},"modified":"2013-12-22T15:00:00","modified_gmt":"2013-12-22T13:00:00","slug":"nachrichten-22-12-2013","status":"publish","type":"post","link":"https:\/\/www.rri.ro\/de\/aktuell\/newsflash-de\/nachrichten-22-12-2013-id631118.html","title":{"rendered":"Nachrichten 22.12.2013"},"content":{"rendered":"<p>Bukarest &#8211;In Bukarest fanden an diesem Wochenende Gedenkfeier anl\u00e4sslich des 24. Jahrestages der antikommunistischen Revolution statt. Die Revolution begann am 16. Dezember in der westrum\u00e4nischen Stadt Timisoara\/Temesvar. Am 21. begannen die Proteste in Bukarest. Diese erreichten den H\u00f6hepunkt am 22. Dezember als Hunderttausende Demonstranten das Zentralkomitee der kommunistischen Partei st\u00fcrmten. Der kommunistische Diktator Nicolae Ceausescu und seine Frau Elena mussten fliehen. Die beiden wurden am 25. Dezember nach einem kurzen Prozess hingerichtet. Rum\u00e4nien war das einzige Land im Ostblock, in dem bei der Wende Menschen ums Leben kamen. Mehr als ein Tausend Personen verloren damals ihr Leben.<\/p>\n<p>&#13;<br \/>\n&#13;<\/p>\n<p>&#13;<br \/>\n&#13;<\/p>\n<p>&#13;<br \/>\n&#13;<\/p>\n<p>Washington &#8212; Die rum\u00e4nische Regierung muss wegen der verz\u00f6gerten Einf\u00fchrung der zus\u00e4tzlichen Verbrauchsteuer f\u00fcr Kraftstoff Massnahmen zur Erh\u00f6hung der Haushaltseinnahmen treffen. Das erkl\u00e4rte der IWF in einem Komuniquee. Der Fonds begr\u00fcsste die Genehmigung des Haushalts f\u00fcr 2014 durch den Pr\u00e4sidenten und erkl\u00e4rte die Haushaltsdefizit-Grenze von 2,2 % vom BIP m\u00fcsse eingehalten werden. Der rum\u00e4nische Staatschef hat den Haushalt genehmigt, nachdem die Regierung sich bereit zeigte, die Einf\u00fchrung einer zus\u00e4tzlichen Verbrauchsteuer f\u00fcr Kraftstoff um drei Monate aufzuschieben. Laut einer Vereinbarung mit dem IWF h\u00e4tte diese ab dem 1. Januar eingef\u00fchrt werden m\u00fcssen. Der Staatschef empfindet diese Massnahme als eine H\u00fcrde im Weg der wirtschaftlichen Ankurbelung und m\u00f6chte, dass die Regierung auf diese verzichtet.<\/p>\n<p>&#13;<br \/>\n&#13;<\/p>\n<p>&#13;<br \/>\n&#13;<\/p>\n<p>&#13;<br \/>\n&#13;<\/p>\n<p>Strassburg &#8211; Der Europ\u00e4ische Gerichtshof f\u00fcr Menschenrechte in Strassburg hat die \u00c4nderung der Regelungen f\u00fcr die Einreichung einer Beschwerde beginend mit dem 1. Januar angek\u00fcndigt. Der Kl\u00e4ger muss zukunftig zus\u00e4tzliche Identifikationsdaten liefern und auch eine Zusammensassung des Falls der Akte beif\u00fcgen. Die eingereichte Akte muss nicht mehr als 20 Seiten beinhalten. Die Europ\u00e4er k\u00f6nnen eine Beschwerde beim Europ\u00e4ischen Gerichtshof f\u00fcr Menschenrechte einreichen, wenn sie der Meinung sind, dass ihre Grundrechte im eigenen Land verletzt wurden. Letzes Jahr haben rum\u00e4nische B\u00fcrger \u00fcber 10.200 Beschwerden eingereicht. Nur 1 % dieser wurden angenommen.<\/p>\n<p>&#13;<br \/>\n&#13;<\/p>\n<p>&#13;<br \/>\n&#13;<\/p>\n<p>&#13;<br \/>\n&#13;<\/p>\n<p>Sofia &#8211; Bulgariens Staatschef Rosen Plevneliev machte den britischen Ministerpr\u00e4sidenten David Cameron darauf aufmerksam, dass die Massnahmen zur Einschr\u00e4nkung des Zugangs der europ\u00e4ischen Immigranten zum Arbeitslosengeld dem Ruf Grossbritaniens schaden k\u00f6nnte. In einem Interview f\u00fcr die britische Zeitung The Observer erkl\u00e4rte der bulgarische Premier, Grossbritanien m\u00fcsste sich als eine wegweisende Weltmacht in puncto Integration betrachten. Das Land m\u00fcsste dem nationalistischen Aufruf zur Einschr\u00e4nkung der Immigration entgegentreten. Ab dem 1. Januar wird Grossbritanien den Arbeitsmarkt f\u00fcr Rum\u00e4nen und Bulgaren komplett \u00f6ffnen. Die britische Boulevard-Presse und manche Politiker in London verbreiteten Panik und meinten rum\u00e4nische und bulgarische Arbeitnehmer w\u00fcrden ein Risiko f\u00fcr Grossbritanien darstellen.<\/p>\n<p>&#13;<\/p>\n","protected":false},"excerpt":{"rendered":"<p>Bukarest &#8211;In Bukarest fanden an diesem Wochenende Gedenkfeier anl\u00e4sslich des 24. Jahrestages der antikommunistischen Revolution statt. Die Revolution begann am 16. Dezember in der westrum\u00e4nischen Stadt Timisoara\/Temesvar. Am 21. begannen die Proteste in Bukarest. Diese erreichten den H\u00f6hepunkt am 22. Dezember als Hunderttausende Demonstranten das Zentralkomitee der kommunistischen Partei st\u00fcrmten. Der kommunistische Diktator Nicolae Ceausescu [&hellip;]<\/p>\n","protected":false},"author":66,"featured_media":201384,"comment_status":"closed","ping_status":"closed","sticky":false,"template":"","format":"standard","meta":{"_acf_changed":false,"footnotes":""},"categories":[116753],"tags":[99587,99778,158375,29069,99692,124061,180119,99590,124059,124060,99589,103039],"coauthors":[],"class_list":["post-631118","post","type-post","status-publish","format-standard","has-post-thumbnail","hentry","category-newsflash-de","tag-bukarest","tag-bulgarien","tag-ceausescu-de","tag-david-cameron","tag-europaeischer-gerichtshof-fuer-menschenrechte","tag-freizuegigkeit-der-arbeitnehmer","tag-integration-de","tag-iwf","tag-revolution-rumaenien","tag-rosen-plevneliev","tag-rumaenien","tag-wende"],"acf":[],"yoast_head":"<!-- This site is optimized with the Yoast SEO plugin v27.5 - https:\/\/yoast.com\/product\/yoast-seo-wordpress\/ -->\n<title>Nachrichten 22.12.2013 - Radio Rum\u00e4nien International<\/title>\n<meta name=\"robots\" content=\"index, follow, max-snippet:-1, max-image-preview:large, max-video-preview:-1\" \/>\n<link rel=\"canonical\" href=\"https:\/\/www.rri.ro\/de\/aktuell\/newsflash-de\/nachrichten-22-12-2013-id631118.html\" \/>\n<meta property=\"og:locale\" content=\"de_DE\" \/>\n<meta property=\"og:type\" content=\"article\" \/>\n<meta property=\"og:title\" content=\"Nachrichten 22.12.2013 - Radio Rum\u00e4nien International\" \/>\n<meta property=\"og:description\" content=\"Bukarest &#8211;In Bukarest fanden an diesem Wochenende Gedenkfeier anl\u00e4sslich des 24. Jahrestages der antikommunistischen Revolution statt. Die Revolution begann am 16. Dezember in der westrum\u00e4nischen Stadt Timisoara\/Temesvar. Am 21. begannen die Proteste in Bukarest. Diese erreichten den H\u00f6hepunkt am 22. Dezember als Hunderttausende Demonstranten das Zentralkomitee der kommunistischen Partei st\u00fcrmten. Der kommunistische Diktator Nicolae Ceausescu [&hellip;]\" \/>\n<meta property=\"og:url\" content=\"https:\/\/www.rri.ro\/de\/aktuell\/newsflash-de\/nachrichten-22-12-2013-id631118.html\" \/>\n<meta property=\"og:site_name\" content=\"Radio Rum\u00e4nien International\" \/>\n<meta property=\"article:published_time\" content=\"2013-12-22T13:00:00+00:00\" \/>\n<meta property=\"og:image\" content=\"https:\/\/www.rri.ro\/wp-content\/uploads\/2023\/10\/harta-lumii.gif\" \/>\n\t<meta property=\"og:image:width\" content=\"640\" \/>\n\t<meta property=\"og:image:height\" content=\"480\" \/>\n\t<meta property=\"og:image:type\" content=\"image\/png\" \/>\n<meta name=\"author\" content=\"Alex Grigorescu\" \/>\n<meta name=\"twitter:card\" content=\"summary_large_image\" \/>\n<meta name=\"twitter:label1\" content=\"Verfasst von\" \/>\n\t<meta name=\"twitter:data1\" content=\"Alex Grigorescu\" \/>\n\t<meta name=\"twitter:label2\" content=\"Gesch\u00e4tzte Lesezeit\" \/>\n\t<meta name=\"twitter:data2\" content=\"2\u00a0Minuten\" \/>\n\t<meta name=\"twitter:label3\" content=\"Written by\" \/>\n\t<meta name=\"twitter:data3\" content=\"Alex Grigorescu\" \/>\n<script type=\"application\/ld+json\" class=\"yoast-schema-graph\">{\"@context\":\"https:\\\/\\\/schema.org\",\"@graph\":[{\"@type\":\"Article\",\"@id\":\"https:\\\/\\\/www.rri.ro\\\/de\\\/aktuell\\\/newsflash-de\\\/nachrichten-22-12-2013-id631118.html#article\",\"isPartOf\":{\"@id\":\"https:\\\/\\\/www.rri.ro\\\/de\\\/aktuell\\\/newsflash-de\\\/nachrichten-22-12-2013-id631118.html\"},\"author\":{\"name\":\"Alex Grigorescu\",\"@id\":\"https:\\\/\\\/www.rri.ro\\\/#\\\/schema\\\/person\\\/bdfcfd51e620a269e7bf3fb0b80cec0a\"},\"headline\":\"Nachrichten 22.12.2013\",\"datePublished\":\"2013-12-22T13:00:00+00:00\",\"mainEntityOfPage\":{\"@id\":\"https:\\\/\\\/www.rri.ro\\\/de\\\/aktuell\\\/newsflash-de\\\/nachrichten-22-12-2013-id631118.html\"},\"wordCount\":441,\"image\":{\"@id\":\"https:\\\/\\\/www.rri.ro\\\/de\\\/aktuell\\\/newsflash-de\\\/nachrichten-22-12-2013-id631118.html#primaryimage\"},\"thumbnailUrl\":\"https:\\\/\\\/www.rri.ro\\\/wp-content\\\/uploads\\\/2023\\\/10\\\/harta-lumii.gif\",\"keywords\":[\"Bukarest\",\"Bulgarien\",\"Ceausescu\",\"David Cameron\",\"Europ\u00e4ischer Gerichtshof f\u00fcr Menschenrechte\",\"Freiz\u00fcgigkeit der Arbeitnehmer\",\"integration\",\"IWF\",\"Revolution Rum\u00e4nien\",\"Rosen Plevneliev\",\"Rum\u00e4nien\",\"Wende\"],\"articleSection\":[\"Newsflash\"],\"inLanguage\":\"de\"},{\"@type\":\"WebPage\",\"@id\":\"https:\\\/\\\/www.rri.ro\\\/de\\\/aktuell\\\/newsflash-de\\\/nachrichten-22-12-2013-id631118.html\",\"url\":\"https:\\\/\\\/www.rri.ro\\\/de\\\/aktuell\\\/newsflash-de\\\/nachrichten-22-12-2013-id631118.html\",\"name\":\"Nachrichten 22.12.2013 - Radio Rum\u00e4nien International\",\"isPartOf\":{\"@id\":\"https:\\\/\\\/www.rri.ro\\\/#website\"},\"primaryImageOfPage\":{\"@id\":\"https:\\\/\\\/www.rri.ro\\\/de\\\/aktuell\\\/newsflash-de\\\/nachrichten-22-12-2013-id631118.html#primaryimage\"},\"image\":{\"@id\":\"https:\\\/\\\/www.rri.ro\\\/de\\\/aktuell\\\/newsflash-de\\\/nachrichten-22-12-2013-id631118.html#primaryimage\"},\"thumbnailUrl\":\"https:\\\/\\\/www.rri.ro\\\/wp-content\\\/uploads\\\/2023\\\/10\\\/harta-lumii.gif\",\"datePublished\":\"2013-12-22T13:00:00+00:00\",\"author\":{\"@id\":\"https:\\\/\\\/www.rri.ro\\\/#\\\/schema\\\/person\\\/bdfcfd51e620a269e7bf3fb0b80cec0a\"},\"breadcrumb\":{\"@id\":\"https:\\\/\\\/www.rri.ro\\\/de\\\/aktuell\\\/newsflash-de\\\/nachrichten-22-12-2013-id631118.html#breadcrumb\"},\"inLanguage\":\"de\",\"potentialAction\":[{\"@type\":\"ReadAction\",\"target\":[\"https:\\\/\\\/www.rri.ro\\\/de\\\/aktuell\\\/newsflash-de\\\/nachrichten-22-12-2013-id631118.html\"]}]},{\"@type\":\"ImageObject\",\"inLanguage\":\"de\",\"@id\":\"https:\\\/\\\/www.rri.ro\\\/de\\\/aktuell\\\/newsflash-de\\\/nachrichten-22-12-2013-id631118.html#primaryimage\",\"url\":\"https:\\\/\\\/www.rri.ro\\\/wp-content\\\/uploads\\\/2023\\\/10\\\/harta-lumii.gif\",\"contentUrl\":\"https:\\\/\\\/www.rri.ro\\\/wp-content\\\/uploads\\\/2023\\\/10\\\/harta-lumii.gif\",\"width\":640,\"height\":480},{\"@type\":\"BreadcrumbList\",\"@id\":\"https:\\\/\\\/www.rri.ro\\\/de\\\/aktuell\\\/newsflash-de\\\/nachrichten-22-12-2013-id631118.html#breadcrumb\",\"itemListElement\":[{\"@type\":\"ListItem\",\"position\":1,\"name\":\"Startseite\",\"item\":\"https:\\\/\\\/www.rri.ro\\\/de\"},{\"@type\":\"ListItem\",\"position\":2,\"name\":\"Aktuell\",\"item\":\"https:\\\/\\\/www.rri.ro\\\/de\\\/aktuell\"},{\"@type\":\"ListItem\",\"position\":3,\"name\":\"Newsflash\",\"item\":\"https:\\\/\\\/www.rri.ro\\\/de\\\/aktuell\\\/newsflash-de\"},{\"@type\":\"ListItem\",\"position\":4,\"name\":\"Nachrichten 22.12.2013\"}]},{\"@type\":\"WebSite\",\"@id\":\"https:\\\/\\\/www.rri.ro\\\/#website\",\"url\":\"https:\\\/\\\/www.rri.ro\\\/\",\"name\":\"Radio Rum\u00e4nien International\",\"description\":\"Totul despre Rom\u00e2nia \u015fi rom\u00e2ni, \u00een 13 limbi\\\/dialecte!\",\"inLanguage\":\"de\"},{\"@type\":\"Person\",\"@id\":\"https:\\\/\\\/www.rri.ro\\\/#\\\/schema\\\/person\\\/bdfcfd51e620a269e7bf3fb0b80cec0a\",\"name\":\"Alex Grigorescu\",\"url\":\"https:\\\/\\\/www.rri.ro\\\/de\\\/author\\\/alex-grigorescu\"}]}<\/script>\n<!-- \/ Yoast SEO plugin. -->","yoast_head_json":{"title":"Nachrichten 22.12.2013 - Radio Rum\u00e4nien International","robots":{"index":"index","follow":"follow","max-snippet":"max-snippet:-1","max-image-preview":"max-image-preview:large","max-video-preview":"max-video-preview:-1"},"canonical":"https:\/\/www.rri.ro\/de\/aktuell\/newsflash-de\/nachrichten-22-12-2013-id631118.html","og_locale":"de_DE","og_type":"article","og_title":"Nachrichten 22.12.2013 - Radio Rum\u00e4nien International","og_description":"Bukarest &#8211;In Bukarest fanden an diesem Wochenende Gedenkfeier anl\u00e4sslich des 24. Jahrestages der antikommunistischen Revolution statt. Die Revolution begann am 16. Dezember in der westrum\u00e4nischen Stadt Timisoara\/Temesvar. Am 21. begannen die Proteste in Bukarest. Diese erreichten den H\u00f6hepunkt am 22. Dezember als Hunderttausende Demonstranten das Zentralkomitee der kommunistischen Partei st\u00fcrmten. Der kommunistische Diktator Nicolae Ceausescu [&hellip;]","og_url":"https:\/\/www.rri.ro\/de\/aktuell\/newsflash-de\/nachrichten-22-12-2013-id631118.html","og_site_name":"Radio Rum\u00e4nien International","article_published_time":"2013-12-22T13:00:00+00:00","og_image":[{"width":640,"height":480,"url":"https:\/\/www.rri.ro\/wp-content\/uploads\/2023\/10\/harta-lumii.gif","type":"image\/png"}],"author":"Alex Grigorescu","twitter_card":"summary_large_image","twitter_misc":{"Verfasst von":"Alex Grigorescu","Gesch\u00e4tzte Lesezeit":"2\u00a0Minuten","Written by":"Alex Grigorescu"},"schema":{"@context":"https:\/\/schema.org","@graph":[{"@type":"Article","@id":"https:\/\/www.rri.ro\/de\/aktuell\/newsflash-de\/nachrichten-22-12-2013-id631118.html#article","isPartOf":{"@id":"https:\/\/www.rri.ro\/de\/aktuell\/newsflash-de\/nachrichten-22-12-2013-id631118.html"},"author":{"name":"Alex Grigorescu","@id":"https:\/\/www.rri.ro\/#\/schema\/person\/bdfcfd51e620a269e7bf3fb0b80cec0a"},"headline":"Nachrichten 22.12.2013","datePublished":"2013-12-22T13:00:00+00:00","mainEntityOfPage":{"@id":"https:\/\/www.rri.ro\/de\/aktuell\/newsflash-de\/nachrichten-22-12-2013-id631118.html"},"wordCount":441,"image":{"@id":"https:\/\/www.rri.ro\/de\/aktuell\/newsflash-de\/nachrichten-22-12-2013-id631118.html#primaryimage"},"thumbnailUrl":"https:\/\/www.rri.ro\/wp-content\/uploads\/2023\/10\/harta-lumii.gif","keywords":["Bukarest","Bulgarien","Ceausescu","David Cameron","Europ\u00e4ischer Gerichtshof f\u00fcr Menschenrechte","Freiz\u00fcgigkeit der Arbeitnehmer","integration","IWF","Revolution Rum\u00e4nien","Rosen Plevneliev","Rum\u00e4nien","Wende"],"articleSection":["Newsflash"],"inLanguage":"de"},{"@type":"WebPage","@id":"https:\/\/www.rri.ro\/de\/aktuell\/newsflash-de\/nachrichten-22-12-2013-id631118.html","url":"https:\/\/www.rri.ro\/de\/aktuell\/newsflash-de\/nachrichten-22-12-2013-id631118.html","name":"Nachrichten 22.12.2013 - Radio Rum\u00e4nien International","isPartOf":{"@id":"https:\/\/www.rri.ro\/#website"},"primaryImageOfPage":{"@id":"https:\/\/www.rri.ro\/de\/aktuell\/newsflash-de\/nachrichten-22-12-2013-id631118.html#primaryimage"},"image":{"@id":"https:\/\/www.rri.ro\/de\/aktuell\/newsflash-de\/nachrichten-22-12-2013-id631118.html#primaryimage"},"thumbnailUrl":"https:\/\/www.rri.ro\/wp-content\/uploads\/2023\/10\/harta-lumii.gif","datePublished":"2013-12-22T13:00:00+00:00","author":{"@id":"https:\/\/www.rri.ro\/#\/schema\/person\/bdfcfd51e620a269e7bf3fb0b80cec0a"},"breadcrumb":{"@id":"https:\/\/www.rri.ro\/de\/aktuell\/newsflash-de\/nachrichten-22-12-2013-id631118.html#breadcrumb"},"inLanguage":"de","potentialAction":[{"@type":"ReadAction","target":["https:\/\/www.rri.ro\/de\/aktuell\/newsflash-de\/nachrichten-22-12-2013-id631118.html"]}]},{"@type":"ImageObject","inLanguage":"de","@id":"https:\/\/www.rri.ro\/de\/aktuell\/newsflash-de\/nachrichten-22-12-2013-id631118.html#primaryimage","url":"https:\/\/www.rri.ro\/wp-content\/uploads\/2023\/10\/harta-lumii.gif","contentUrl":"https:\/\/www.rri.ro\/wp-content\/uploads\/2023\/10\/harta-lumii.gif","width":640,"height":480},{"@type":"BreadcrumbList","@id":"https:\/\/www.rri.ro\/de\/aktuell\/newsflash-de\/nachrichten-22-12-2013-id631118.html#breadcrumb","itemListElement":[{"@type":"ListItem","position":1,"name":"Startseite","item":"https:\/\/www.rri.ro\/de"},{"@type":"ListItem","position":2,"name":"Aktuell","item":"https:\/\/www.rri.ro\/de\/aktuell"},{"@type":"ListItem","position":3,"name":"Newsflash","item":"https:\/\/www.rri.ro\/de\/aktuell\/newsflash-de"},{"@type":"ListItem","position":4,"name":"Nachrichten 22.12.2013"}]},{"@type":"WebSite","@id":"https:\/\/www.rri.ro\/#website","url":"https:\/\/www.rri.ro\/","name":"Radio Rum\u00e4nien International","description":"Totul despre Rom\u00e2nia \u015fi rom\u00e2ni, \u00een 13 limbi\/dialecte!","inLanguage":"de"},{"@type":"Person","@id":"https:\/\/www.rri.ro\/#\/schema\/person\/bdfcfd51e620a269e7bf3fb0b80cec0a","name":"Alex Grigorescu","url":"https:\/\/www.rri.ro\/de\/author\/alex-grigorescu"}]}},"_links":{"self":[{"href":"https:\/\/www.rri.ro\/de\/wp-json\/wp\/v2\/posts\/631118","targetHints":{"allow":["GET"]}}],"collection":[{"href":"https:\/\/www.rri.ro\/de\/wp-json\/wp\/v2\/posts"}],"about":[{"href":"https:\/\/www.rri.ro\/de\/wp-json\/wp\/v2\/types\/post"}],"author":[{"embeddable":true,"href":"https:\/\/www.rri.ro\/de\/wp-json\/wp\/v2\/users\/66"}],"replies":[{"embeddable":true,"href":"https:\/\/www.rri.ro\/de\/wp-json\/wp\/v2\/comments?post=631118"}],"version-history":[{"count":0,"href":"https:\/\/www.rri.ro\/de\/wp-json\/wp\/v2\/posts\/631118\/revisions"}],"wp:featuredmedia":[{"embeddable":true,"href":"https:\/\/www.rri.ro\/de\/wp-json\/wp\/v2\/media\/201384"}],"wp:attachment":[{"href":"https:\/\/www.rri.ro\/de\/wp-json\/wp\/v2\/media?parent=631118"}],"wp:term":[{"taxonomy":"category","embeddable":true,"href":"https:\/\/www.rri.ro\/de\/wp-json\/wp\/v2\/categories?post=631118"},{"taxonomy":"post_tag","embeddable":true,"href":"https:\/\/www.rri.ro\/de\/wp-json\/wp\/v2\/tags?post=631118"},{"taxonomy":"author","embeddable":true,"href":"https:\/\/www.rri.ro\/de\/wp-json\/wp\/v2\/coauthors?post=631118"}],"curies":[{"name":"wp","href":"https:\/\/api.w.org\/{rel}","templated":true}]}}