{"id":631144,"date":"2014-01-17T20:20:00","date_gmt":"2014-01-17T18:20:00","guid":{"rendered":"http:\/\/devrri.freshlemon.ro\/aktuell\/nachrichten-17-01-2014-id631144.html"},"modified":"2014-01-17T20:20:00","modified_gmt":"2014-01-17T18:20:00","slug":"nachrichten-17-01-2014","status":"publish","type":"post","link":"https:\/\/www.rri.ro\/de\/aktuell\/newsflash-de\/nachrichten-17-01-2014-id631144.html","title":{"rendered":"Nachrichten 17.01.2014"},"content":{"rendered":"<p><strong>Bukarest: <\/strong>Das rum\u00e4nische Aussenministerium hat am Freitag f\u00fcr Reuters erkl\u00e4rt, seine Abteilung f\u00fcr Waffenkontrolle und -Export habe 2013 oder 2014 keine Waffenlieferungen nach Syrien registriert oder  genehmigt. Die Erkl\u00e4rung des Rum\u00e4nischen Aussenministeriums erfolgt nachdem die Presseagentur Reuters mitteilte, Russland habe in den letzten Wochen seine Waffenlieferungen an das Assad-Regime einschlie\u200e\u00dflich \u00fcber rum\u00e4nische, bulgarische und ukrainische Fachunternehmen verst\u00e4rkt. Ein Sprecher des bulgarischen Aussenministeriums sagte die bulgarische Beh\u00f6rde, die Waffenhandel \u00fcberpr\u00fcft habe keine Genehmigung f\u00fcr Waffenlieferungen nach Syrien erteilt. Ein Sprecher des ukrainischen Aussenministeriums dementierte ebenfalls die Vorw\u00fcrfe und teilte mit, die ukrainischen Beh\u00f6rden haben die milit\u00e4rische und technische Kooperation mit Syrien 2011 beendet.<\/p>\n<p>&#13;<br \/>\n&#13;<\/p>\n<p>&#13;<br \/>\n&#13;<\/p>\n<p>&#13;<br \/>\n&#13;<\/p>\n<p><strong>Bukarest<\/strong>: Der Pr\u00e4sident Traian B\u0103sescu wird Anfang Februar mit dem Pr\u00e4sidenten der Europ\u00e4ischen Kommission Jose Manuel Barroso Gespr\u00e4che \u00fcber die Finanzressourcen f\u00fchren, die zugewiesen werden k\u00f6nnen um die Energienetze Rum\u00e4niens und der Republik Moldau zu verbinden. Diese Ank\u00fcndigung machte Pr\u00e4sident B\u0103sescu nach dem Donnerstag-Treffen in Br\u00fcssel mit dem Pr\u00e4sidenten des Europ\u00e4ischen Rates Herman Van Rompuy. Er gab an, Br\u00fcssel auch \u00fcber die Probleme unterrichtet zu haben, mit denen die rum\u00e4nisch-sprachigen Schulen in der abtr\u00fcnnigen russisch-sprachigen Region im Osten der Republik Moldau konfrontiert werden und forderte diesbez\u00fcglich eine Invervention der EU an.<\/p>\n<p>&#13;<br \/>\n&#13;<\/p>\n<p>&#13;<br \/>\n&#13;<\/p>\n<p>&#13;<br \/>\n&#13;<\/p>\n<p><strong>Bukarest:<\/strong> Rum\u00e4nien und Estland belegen den ersten Platz in der Europ\u00e4ischen Union, was den durschnittlichen Preisanstieg 2013 im Vergleich zum Vorjahr anbelangt, mit einem Stand von 3,2%. Laut den Daten des Europ\u00e4ischen Statistikamtes betrug die Inflationsrate in Rum\u00e4nien 1,3% im Dezember, w\u00e4hrend der Durchschnitt der Union bei 1% lag. Landesbankgouverneur Mugur Is\u0103rescu erkl\u00e4rte, dass die durschnittliche Jahresinflation die ma\u200e\u00dfgeblichste ist, um die Tendenz der Preise anzugeben. Da diese ein Durschnittswert ist, reagiert es mit einer gewissen Versp\u00e4tung auf die neulichen Schwankungen der Verbrauchspreise.<\/p>\n<p>&#13;<br \/>\n&#13;<\/p>\n<p>&#13;<br \/>\n&#13;<\/p>\n<p>&#13;<br \/>\n&#13;<\/p>\n<p><strong>Berlin: <\/strong>Der neueste Film des bekannten rum\u00e4nischen Regisseurs Corneliu Porumboiu, Das zweite Spiel\u201c wird seine Weltpremiere bei dem Internationalen Filmfestival in Berlin haben, so das Rum\u00e4nische Kulturinstitut. Besagtes Festival soll zwischen dem 6. und dem 16. Februar stattfinden. Bei der Kategorie Berlinale Forum\u201c ist auch die rum\u00e4nisch-deutsche Koproduktion Der Wald ist wie der Berg, siehst du?\u201c im Wettbewerb. Letztes Jahr gewann der Film Die Stellung des Kindes\u201c gedreht von dem rum\u00e4nischen Regisseur C\u0103lin Peter Netzer den Goldenen B\u00e4ren. Es war der erste rum\u00e4nische Spielfilm, der den gro\u200e\u00dfen Preis des Internationalen Filmfestivals in Berlin gewann.<\/p>\n<p>&#13;<br \/>\n&#13;<\/p>\n<p>&#13;<br \/>\n&#13;<\/p>\n<p>&#13;<\/p>\n","protected":false},"excerpt":{"rendered":"<p>Bukarest: Das rum\u00e4nische Aussenministerium hat am Freitag f\u00fcr Reuters erkl\u00e4rt, seine Abteilung f\u00fcr Waffenkontrolle und -Export habe 2013 oder 2014 keine Waffenlieferungen nach Syrien registriert oder genehmigt. Die Erkl\u00e4rung des Rum\u00e4nischen Aussenministeriums erfolgt nachdem die Presseagentur Reuters mitteilte, Russland habe in den letzten Wochen seine Waffenlieferungen an das Assad-Regime einschlie\u200e\u00dflich \u00fcber rum\u00e4nische, bulgarische und ukrainische [&hellip;]<\/p>\n","protected":false},"author":2,"featured_media":201384,"comment_status":"closed","ping_status":"closed","sticky":false,"template":"","format":"standard","meta":{"_acf_changed":false,"footnotes":""},"categories":[116753],"tags":[100013,101046,124125,135166,124140,124139,124142,99652,124135,124131,121261,124130,124127,124144,100260,124134,29852,104303,124129,124132,101265,124138,100115,44637,124141,124133,99824,124136,124143,100538,99839,124137,124128,124126,124124,123915],"coauthors":[],"class_list":["post-631144","post","type-post","status-publish","format-standard","has-post-thumbnail","hentry","category-newsflash-de","tag-assad-regime","tag-aussenministerium","tag-bulgarisches-aussenministerium","tag-calin-peter-netzer-de","tag-das-rumaenische-kulturinstitut","tag-das-zweite-spiel","tag-der-wald-ist-wie-der-berg","tag-die-stellung-des-kindes","tag-durschnittswert","tag-energienetze","tag-estland","tag-finanzressourcen","tag-genehmigung","tag-goldenen-baeren","tag-inflationsrate","tag-jahresinflation","tag-jose-manuel-barroso","tag-landesbankgouverneur-mugur-isarescu","tag-militaerische-und-technische-kooperation","tag-praesident-des-europaeischen-rates-herman-van-rompuy","tag-praesident-traian-basescu","tag-regisseur-corneliu-porumboiu","tag-republik-moldau","tag-reuters","tag-rumaenisch-deutsche-koproduktion","tag-rumaenisch-sprachigen-schulen","tag-russland","tag-schwankungen","tag-siehst-du","tag-sprecher","tag-syrien","tag-verbrauchspreise","tag-vorwuerfe","tag-waffenhandel","tag-waffenkontrolle","tag-waffenlieferungen"],"acf":[],"yoast_head":"<!-- This site is optimized with the Yoast SEO plugin v27.3 - https:\/\/yoast.com\/product\/yoast-seo-wordpress\/ -->\n<title>Nachrichten 17.01.2014 - Radio Rum\u00e4nien International<\/title>\n<meta name=\"robots\" content=\"index, follow, max-snippet:-1, max-image-preview:large, max-video-preview:-1\" \/>\n<link rel=\"canonical\" href=\"https:\/\/www.rri.ro\/de\/aktuell\/newsflash-de\/nachrichten-17-01-2014-id631144.html\" \/>\n<meta property=\"og:locale\" content=\"de_DE\" \/>\n<meta property=\"og:type\" content=\"article\" \/>\n<meta property=\"og:title\" content=\"Nachrichten 17.01.2014 - Radio Rum\u00e4nien International\" \/>\n<meta property=\"og:description\" content=\"Bukarest: Das rum\u00e4nische Aussenministerium hat am Freitag f\u00fcr Reuters erkl\u00e4rt, seine Abteilung f\u00fcr Waffenkontrolle und -Export habe 2013 oder 2014 keine Waffenlieferungen nach Syrien registriert oder genehmigt. Die Erkl\u00e4rung des Rum\u00e4nischen Aussenministeriums erfolgt nachdem die Presseagentur Reuters mitteilte, Russland habe in den letzten Wochen seine Waffenlieferungen an das Assad-Regime einschlie\u200e\u00dflich \u00fcber rum\u00e4nische, bulgarische und ukrainische [&hellip;]\" \/>\n<meta property=\"og:url\" content=\"https:\/\/www.rri.ro\/de\/aktuell\/newsflash-de\/nachrichten-17-01-2014-id631144.html\" \/>\n<meta property=\"og:site_name\" content=\"Radio Rum\u00e4nien International\" \/>\n<meta property=\"article:published_time\" content=\"2014-01-17T18:20:00+00:00\" \/>\n<meta property=\"og:image\" content=\"https:\/\/www.rri.ro\/wp-content\/uploads\/2023\/10\/harta-lumii.gif\" \/>\n\t<meta property=\"og:image:width\" content=\"640\" \/>\n\t<meta property=\"og:image:height\" content=\"480\" \/>\n\t<meta property=\"og:image:type\" content=\"image\/png\" \/>\n<meta name=\"author\" content=\"Rom\u00e2nia Interna\u021bional\" \/>\n<meta name=\"twitter:card\" content=\"summary_large_image\" \/>\n<meta name=\"twitter:label1\" content=\"Verfasst von\" \/>\n\t<meta name=\"twitter:data1\" content=\"Rom\u00e2nia Interna\u021bional\" \/>\n\t<meta name=\"twitter:label2\" content=\"Gesch\u00e4tzte Lesezeit\" \/>\n\t<meta name=\"twitter:data2\" content=\"2\u00a0Minuten\" \/>\n\t<meta name=\"twitter:label3\" content=\"Written by\" \/>\n\t<meta name=\"twitter:data3\" content=\"Rom\u00e2nia Interna\u021bional\" \/>\n<script type=\"application\/ld+json\" class=\"yoast-schema-graph\">{\"@context\":\"https:\\\/\\\/schema.org\",\"@graph\":[{\"@type\":\"Article\",\"@id\":\"https:\\\/\\\/www.rri.ro\\\/de\\\/aktuell\\\/newsflash-de\\\/nachrichten-17-01-2014-id631144.html#article\",\"isPartOf\":{\"@id\":\"https:\\\/\\\/www.rri.ro\\\/de\\\/aktuell\\\/newsflash-de\\\/nachrichten-17-01-2014-id631144.html\"},\"author\":{\"name\":\"Rom\u00e2nia Interna\u021bional\",\"@id\":\"https:\\\/\\\/www.rri.ro\\\/#\\\/schema\\\/person\\\/18fac491bccbfe149b92aea77ad60abd\"},\"headline\":\"Nachrichten 17.01.2014\",\"datePublished\":\"2014-01-17T18:20:00+00:00\",\"mainEntityOfPage\":{\"@id\":\"https:\\\/\\\/www.rri.ro\\\/de\\\/aktuell\\\/newsflash-de\\\/nachrichten-17-01-2014-id631144.html\"},\"wordCount\":412,\"image\":{\"@id\":\"https:\\\/\\\/www.rri.ro\\\/de\\\/aktuell\\\/newsflash-de\\\/nachrichten-17-01-2014-id631144.html#primaryimage\"},\"thumbnailUrl\":\"https:\\\/\\\/www.rri.ro\\\/wp-content\\\/uploads\\\/2023\\\/10\\\/harta-lumii.gif\",\"keywords\":[\"Assad-Regime\",\"Aussenministerium\",\"bulgarisches Aussenministerium\",\"Calin Peter Netzer\",\"das Rum\u00e4nische Kulturinstitut\",\"Das zweite Spiel\u201c\",\"Der Wald ist wie der Berg\",\"Die Stellung des Kindes\",\"Durschnittswert\",\"Energienetze\",\"Estland\",\"Finanzressourcen\",\"Genehmigung\",\"Goldenen B\u00e4ren\",\"Inflationsrate\",\"Jahresinflation\",\"Jose Manuel Barroso\",\"Landesbankgouverneur Mugur Isarescu\",\"milit\u00e4rische und technische Kooperation\",\"Pr\u00e4sident des Europ\u00e4ischen Rates Herman Van Rompuy\",\"Pr\u00e4sident Traian Basescu\",\"Regisseur Corneliu Porumboiu\",\"Republik Moldau\",\"Reuters\",\"rum\u00e4nisch-deutsche Koproduktion\",\"rum\u00e4nisch-sprachigen Schulen\",\"Russland\",\"Schwankungen\",\"siehst du?\u201c\",\"Sprecher\",\"Syrien\",\"Verbrauchspreise\",\"Vorw\u00fcrfe\",\"Waffenhandel\",\"Waffenkontrolle\",\"Waffenlieferungen\"],\"articleSection\":[\"Newsflash\"],\"inLanguage\":\"de\"},{\"@type\":\"WebPage\",\"@id\":\"https:\\\/\\\/www.rri.ro\\\/de\\\/aktuell\\\/newsflash-de\\\/nachrichten-17-01-2014-id631144.html\",\"url\":\"https:\\\/\\\/www.rri.ro\\\/de\\\/aktuell\\\/newsflash-de\\\/nachrichten-17-01-2014-id631144.html\",\"name\":\"Nachrichten 17.01.2014 - Radio Rum\u00e4nien International\",\"isPartOf\":{\"@id\":\"https:\\\/\\\/www.rri.ro\\\/#website\"},\"primaryImageOfPage\":{\"@id\":\"https:\\\/\\\/www.rri.ro\\\/de\\\/aktuell\\\/newsflash-de\\\/nachrichten-17-01-2014-id631144.html#primaryimage\"},\"image\":{\"@id\":\"https:\\\/\\\/www.rri.ro\\\/de\\\/aktuell\\\/newsflash-de\\\/nachrichten-17-01-2014-id631144.html#primaryimage\"},\"thumbnailUrl\":\"https:\\\/\\\/www.rri.ro\\\/wp-content\\\/uploads\\\/2023\\\/10\\\/harta-lumii.gif\",\"datePublished\":\"2014-01-17T18:20:00+00:00\",\"author\":{\"@id\":\"https:\\\/\\\/www.rri.ro\\\/#\\\/schema\\\/person\\\/18fac491bccbfe149b92aea77ad60abd\"},\"breadcrumb\":{\"@id\":\"https:\\\/\\\/www.rri.ro\\\/de\\\/aktuell\\\/newsflash-de\\\/nachrichten-17-01-2014-id631144.html#breadcrumb\"},\"inLanguage\":\"de\",\"potentialAction\":[{\"@type\":\"ReadAction\",\"target\":[\"https:\\\/\\\/www.rri.ro\\\/de\\\/aktuell\\\/newsflash-de\\\/nachrichten-17-01-2014-id631144.html\"]}]},{\"@type\":\"ImageObject\",\"inLanguage\":\"de\",\"@id\":\"https:\\\/\\\/www.rri.ro\\\/de\\\/aktuell\\\/newsflash-de\\\/nachrichten-17-01-2014-id631144.html#primaryimage\",\"url\":\"https:\\\/\\\/www.rri.ro\\\/wp-content\\\/uploads\\\/2023\\\/10\\\/harta-lumii.gif\",\"contentUrl\":\"https:\\\/\\\/www.rri.ro\\\/wp-content\\\/uploads\\\/2023\\\/10\\\/harta-lumii.gif\",\"width\":640,\"height\":480},{\"@type\":\"BreadcrumbList\",\"@id\":\"https:\\\/\\\/www.rri.ro\\\/de\\\/aktuell\\\/newsflash-de\\\/nachrichten-17-01-2014-id631144.html#breadcrumb\",\"itemListElement\":[{\"@type\":\"ListItem\",\"position\":1,\"name\":\"Startseite\",\"item\":\"https:\\\/\\\/www.rri.ro\\\/de\"},{\"@type\":\"ListItem\",\"position\":2,\"name\":\"Aktuell\",\"item\":\"https:\\\/\\\/www.rri.ro\\\/de\\\/aktuell\"},{\"@type\":\"ListItem\",\"position\":3,\"name\":\"Newsflash\",\"item\":\"https:\\\/\\\/www.rri.ro\\\/de\\\/aktuell\\\/newsflash-de\"},{\"@type\":\"ListItem\",\"position\":4,\"name\":\"Nachrichten 17.01.2014\"}]},{\"@type\":\"WebSite\",\"@id\":\"https:\\\/\\\/www.rri.ro\\\/#website\",\"url\":\"https:\\\/\\\/www.rri.ro\\\/\",\"name\":\"Radio Rum\u00e4nien International\",\"description\":\"Totul despre Rom\u00e2nia \u015fi rom\u00e2ni, \u00een 13 limbi\\\/dialecte!\",\"inLanguage\":\"de\"},{\"@type\":\"Person\",\"@id\":\"https:\\\/\\\/www.rri.ro\\\/#\\\/schema\\\/person\\\/18fac491bccbfe149b92aea77ad60abd\",\"name\":\"Rom\u00e2nia Interna\u021bional\",\"url\":\"https:\\\/\\\/www.rri.ro\\\/de\\\/author\\\/redactia\"}]}<\/script>\n<!-- \/ Yoast SEO plugin. -->","yoast_head_json":{"title":"Nachrichten 17.01.2014 - Radio Rum\u00e4nien International","robots":{"index":"index","follow":"follow","max-snippet":"max-snippet:-1","max-image-preview":"max-image-preview:large","max-video-preview":"max-video-preview:-1"},"canonical":"https:\/\/www.rri.ro\/de\/aktuell\/newsflash-de\/nachrichten-17-01-2014-id631144.html","og_locale":"de_DE","og_type":"article","og_title":"Nachrichten 17.01.2014 - Radio Rum\u00e4nien International","og_description":"Bukarest: Das rum\u00e4nische Aussenministerium hat am Freitag f\u00fcr Reuters erkl\u00e4rt, seine Abteilung f\u00fcr Waffenkontrolle und -Export habe 2013 oder 2014 keine Waffenlieferungen nach Syrien registriert oder genehmigt. Die Erkl\u00e4rung des Rum\u00e4nischen Aussenministeriums erfolgt nachdem die Presseagentur Reuters mitteilte, Russland habe in den letzten Wochen seine Waffenlieferungen an das Assad-Regime einschlie\u200e\u00dflich \u00fcber rum\u00e4nische, bulgarische und ukrainische [&hellip;]","og_url":"https:\/\/www.rri.ro\/de\/aktuell\/newsflash-de\/nachrichten-17-01-2014-id631144.html","og_site_name":"Radio Rum\u00e4nien International","article_published_time":"2014-01-17T18:20:00+00:00","og_image":[{"width":640,"height":480,"url":"https:\/\/www.rri.ro\/wp-content\/uploads\/2023\/10\/harta-lumii.gif","type":"image\/png"}],"author":"Rom\u00e2nia Interna\u021bional","twitter_card":"summary_large_image","twitter_misc":{"Verfasst von":"Rom\u00e2nia Interna\u021bional","Gesch\u00e4tzte Lesezeit":"2\u00a0Minuten","Written by":"Rom\u00e2nia Interna\u021bional"},"schema":{"@context":"https:\/\/schema.org","@graph":[{"@type":"Article","@id":"https:\/\/www.rri.ro\/de\/aktuell\/newsflash-de\/nachrichten-17-01-2014-id631144.html#article","isPartOf":{"@id":"https:\/\/www.rri.ro\/de\/aktuell\/newsflash-de\/nachrichten-17-01-2014-id631144.html"},"author":{"name":"Rom\u00e2nia Interna\u021bional","@id":"https:\/\/www.rri.ro\/#\/schema\/person\/18fac491bccbfe149b92aea77ad60abd"},"headline":"Nachrichten 17.01.2014","datePublished":"2014-01-17T18:20:00+00:00","mainEntityOfPage":{"@id":"https:\/\/www.rri.ro\/de\/aktuell\/newsflash-de\/nachrichten-17-01-2014-id631144.html"},"wordCount":412,"image":{"@id":"https:\/\/www.rri.ro\/de\/aktuell\/newsflash-de\/nachrichten-17-01-2014-id631144.html#primaryimage"},"thumbnailUrl":"https:\/\/www.rri.ro\/wp-content\/uploads\/2023\/10\/harta-lumii.gif","keywords":["Assad-Regime","Aussenministerium","bulgarisches Aussenministerium","Calin Peter Netzer","das Rum\u00e4nische Kulturinstitut","Das zweite Spiel\u201c","Der Wald ist wie der Berg","Die Stellung des Kindes","Durschnittswert","Energienetze","Estland","Finanzressourcen","Genehmigung","Goldenen B\u00e4ren","Inflationsrate","Jahresinflation","Jose Manuel Barroso","Landesbankgouverneur Mugur Isarescu","milit\u00e4rische und technische Kooperation","Pr\u00e4sident des Europ\u00e4ischen Rates Herman Van Rompuy","Pr\u00e4sident Traian Basescu","Regisseur Corneliu Porumboiu","Republik Moldau","Reuters","rum\u00e4nisch-deutsche Koproduktion","rum\u00e4nisch-sprachigen Schulen","Russland","Schwankungen","siehst du?\u201c","Sprecher","Syrien","Verbrauchspreise","Vorw\u00fcrfe","Waffenhandel","Waffenkontrolle","Waffenlieferungen"],"articleSection":["Newsflash"],"inLanguage":"de"},{"@type":"WebPage","@id":"https:\/\/www.rri.ro\/de\/aktuell\/newsflash-de\/nachrichten-17-01-2014-id631144.html","url":"https:\/\/www.rri.ro\/de\/aktuell\/newsflash-de\/nachrichten-17-01-2014-id631144.html","name":"Nachrichten 17.01.2014 - Radio Rum\u00e4nien International","isPartOf":{"@id":"https:\/\/www.rri.ro\/#website"},"primaryImageOfPage":{"@id":"https:\/\/www.rri.ro\/de\/aktuell\/newsflash-de\/nachrichten-17-01-2014-id631144.html#primaryimage"},"image":{"@id":"https:\/\/www.rri.ro\/de\/aktuell\/newsflash-de\/nachrichten-17-01-2014-id631144.html#primaryimage"},"thumbnailUrl":"https:\/\/www.rri.ro\/wp-content\/uploads\/2023\/10\/harta-lumii.gif","datePublished":"2014-01-17T18:20:00+00:00","author":{"@id":"https:\/\/www.rri.ro\/#\/schema\/person\/18fac491bccbfe149b92aea77ad60abd"},"breadcrumb":{"@id":"https:\/\/www.rri.ro\/de\/aktuell\/newsflash-de\/nachrichten-17-01-2014-id631144.html#breadcrumb"},"inLanguage":"de","potentialAction":[{"@type":"ReadAction","target":["https:\/\/www.rri.ro\/de\/aktuell\/newsflash-de\/nachrichten-17-01-2014-id631144.html"]}]},{"@type":"ImageObject","inLanguage":"de","@id":"https:\/\/www.rri.ro\/de\/aktuell\/newsflash-de\/nachrichten-17-01-2014-id631144.html#primaryimage","url":"https:\/\/www.rri.ro\/wp-content\/uploads\/2023\/10\/harta-lumii.gif","contentUrl":"https:\/\/www.rri.ro\/wp-content\/uploads\/2023\/10\/harta-lumii.gif","width":640,"height":480},{"@type":"BreadcrumbList","@id":"https:\/\/www.rri.ro\/de\/aktuell\/newsflash-de\/nachrichten-17-01-2014-id631144.html#breadcrumb","itemListElement":[{"@type":"ListItem","position":1,"name":"Startseite","item":"https:\/\/www.rri.ro\/de"},{"@type":"ListItem","position":2,"name":"Aktuell","item":"https:\/\/www.rri.ro\/de\/aktuell"},{"@type":"ListItem","position":3,"name":"Newsflash","item":"https:\/\/www.rri.ro\/de\/aktuell\/newsflash-de"},{"@type":"ListItem","position":4,"name":"Nachrichten 17.01.2014"}]},{"@type":"WebSite","@id":"https:\/\/www.rri.ro\/#website","url":"https:\/\/www.rri.ro\/","name":"Radio Rum\u00e4nien International","description":"Totul despre Rom\u00e2nia \u015fi rom\u00e2ni, \u00een 13 limbi\/dialecte!","inLanguage":"de"},{"@type":"Person","@id":"https:\/\/www.rri.ro\/#\/schema\/person\/18fac491bccbfe149b92aea77ad60abd","name":"Rom\u00e2nia Interna\u021bional","url":"https:\/\/www.rri.ro\/de\/author\/redactia"}]}},"_links":{"self":[{"href":"https:\/\/www.rri.ro\/de\/wp-json\/wp\/v2\/posts\/631144","targetHints":{"allow":["GET"]}}],"collection":[{"href":"https:\/\/www.rri.ro\/de\/wp-json\/wp\/v2\/posts"}],"about":[{"href":"https:\/\/www.rri.ro\/de\/wp-json\/wp\/v2\/types\/post"}],"author":[{"embeddable":true,"href":"https:\/\/www.rri.ro\/de\/wp-json\/wp\/v2\/users\/2"}],"replies":[{"embeddable":true,"href":"https:\/\/www.rri.ro\/de\/wp-json\/wp\/v2\/comments?post=631144"}],"version-history":[{"count":0,"href":"https:\/\/www.rri.ro\/de\/wp-json\/wp\/v2\/posts\/631144\/revisions"}],"wp:featuredmedia":[{"embeddable":true,"href":"https:\/\/www.rri.ro\/de\/wp-json\/wp\/v2\/media\/201384"}],"wp:attachment":[{"href":"https:\/\/www.rri.ro\/de\/wp-json\/wp\/v2\/media?parent=631144"}],"wp:term":[{"taxonomy":"category","embeddable":true,"href":"https:\/\/www.rri.ro\/de\/wp-json\/wp\/v2\/categories?post=631144"},{"taxonomy":"post_tag","embeddable":true,"href":"https:\/\/www.rri.ro\/de\/wp-json\/wp\/v2\/tags?post=631144"},{"taxonomy":"author","embeddable":true,"href":"https:\/\/www.rri.ro\/de\/wp-json\/wp\/v2\/coauthors?post=631144"}],"curies":[{"name":"wp","href":"https:\/\/api.w.org\/{rel}","templated":true}]}}