{"id":631177,"date":"2014-02-15T15:07:00","date_gmt":"2014-02-15T13:07:00","guid":{"rendered":"http:\/\/devrri.freshlemon.ro\/aktuell\/nachrichten-15-02-2014-id631177.html"},"modified":"2014-02-15T15:07:00","modified_gmt":"2014-02-15T13:07:00","slug":"nachrichten-15-02-2014","status":"publish","type":"post","link":"https:\/\/www.rri.ro\/de\/aktuell\/newsflash-de\/nachrichten-15-02-2014-id631177.html","title":{"rendered":"Nachrichten 15.02.2014"},"content":{"rendered":"<p>Bukarest &#8211; Nur die regierende sozialliberale Union USL kann in der Periode 2014-2016 politische Stabilit\u00e4t anbieten. Das hat Rum\u00e4niens Ministerpr\u00e4sident erkl\u00e4rt. Dieser w\u00fcnscht sich, dass die guten Wirtschaftsergebnisse von 2013 weitergef\u00fchrt werden. Die regierende Sozial-Liberale Union versucht derzeit ihre interne Krise zu \u00fcberwinden. Der Vorschlag von Ministerpr\u00e4sident Victor Ponta, einen vierten Vizeministerpr\u00e4sidenten von der konservativen Partei einzusetzen, stosst auf den Widerstand der Liberalen. Ministerpr\u00e4sident Ponta ist mit der Ernennung des Liberalen Klaus Johannis zum Innenminister und Vizeministerpr\u00e4sidenten einverstanden. Auch mit den Vorschl\u00e4gen f\u00fcr das Gesundheitsministerium, Finanzministerium und Wirtschaftsministerium war Ponta einverstanden. Trotz der Streitigkeiten erkl\u00e4rten die Anf\u00fchrer der Allianz, die die Parlamentswahlen von 2012 kategorisch gewonnen hat, sie w\u00fcrden sich eine Aufl\u00f6sung der Union nicht w\u00fcnschen.<\/p>\n<p>&#13;<br \/>\n&#13;<\/p>\n<p>&#13;<br \/>\n&#13;<\/p>\n<p>&#13;<br \/>\n&#13;<\/p>\n<p>Washington &#8211; Der IWF hat best\u00e4tigt, dass sich die Wirtschaften der Staaten in Zentral- und S\u00fcdosteuropa erholen. Der Prozess sei aber zerbrechlich, warnte das internationale Finanzinstitut. Laut dem am Freitag ver\u00f6ffentlichten Bericht, werde das 2014 ein schweres Wirtschaftsjahr f\u00fcr die L\u00e4nder der Region sein. Die externen Finanzierungsbedingungen werden sich versch\u00e4rfen und werden auch das Wirtschaftswachstum beeinflussen. Die Ratgeberin der europ\u00e4ischen Abteilung des IWFs, Ana Ilina, erkl\u00e4rte, der rum\u00e4nische Bankensektor konfrontiere sich weiter mit einigen Schw\u00e4chen, darunter mit einem hohen Niveau der Problemkredite. Die Finanzierung ausl\u00e4ndischer Banken sei im 3. Quartal geschrumpft, jedoch nicht so viel, wie in anderen Staaten der Region, wie Slowenien, Lettland, Ungarn und Kroatien.<\/p>\n<p>&#13;<\/p>\n","protected":false},"excerpt":{"rendered":"<p>Bukarest &#8211; Nur die regierende sozialliberale Union USL kann in der Periode 2014-2016 politische Stabilit\u00e4t anbieten. Das hat Rum\u00e4niens Ministerpr\u00e4sident erkl\u00e4rt. Dieser w\u00fcnscht sich, dass die guten Wirtschaftsergebnisse von 2013 weitergef\u00fchrt werden. Die regierende Sozial-Liberale Union versucht derzeit ihre interne Krise zu \u00fcberwinden. Der Vorschlag von Ministerpr\u00e4sident Victor Ponta, einen vierten Vizeministerpr\u00e4sidenten von der konservativen [&hellip;]<\/p>\n","protected":false},"author":66,"featured_media":201384,"comment_status":"closed","ping_status":"closed","sticky":false,"template":"","format":"standard","meta":{"_acf_changed":false,"footnotes":""},"categories":[116753],"tags":[124255,99848,99590,101411,124254,99589,101187,99822,169260,124253],"coauthors":[],"class_list":["post-631177","post","type-post","status-publish","format-standard","has-post-thumbnail","hentry","category-newsflash-de","tag-ana-ilina","tag-bankensektor","tag-iwf","tag-parlamentswahlen","tag-problemkredite","tag-rumaenien","tag-sozialliberale-union","tag-suedosteuropa","tag-victor-ponta-de","tag-zentraleuropa"],"acf":[],"yoast_head":"<!-- This site is optimized with the Yoast SEO plugin v27.5 - https:\/\/yoast.com\/product\/yoast-seo-wordpress\/ -->\n<title>Nachrichten 15.02.2014 - Radio Rum\u00e4nien International<\/title>\n<meta name=\"robots\" content=\"index, follow, max-snippet:-1, max-image-preview:large, max-video-preview:-1\" \/>\n<link rel=\"canonical\" href=\"https:\/\/www.rri.ro\/de\/aktuell\/newsflash-de\/nachrichten-15-02-2014-id631177.html\" \/>\n<meta property=\"og:locale\" content=\"de_DE\" \/>\n<meta property=\"og:type\" content=\"article\" \/>\n<meta property=\"og:title\" content=\"Nachrichten 15.02.2014 - Radio Rum\u00e4nien International\" \/>\n<meta property=\"og:description\" content=\"Bukarest &#8211; Nur die regierende sozialliberale Union USL kann in der Periode 2014-2016 politische Stabilit\u00e4t anbieten. Das hat Rum\u00e4niens Ministerpr\u00e4sident erkl\u00e4rt. Dieser w\u00fcnscht sich, dass die guten Wirtschaftsergebnisse von 2013 weitergef\u00fchrt werden. Die regierende Sozial-Liberale Union versucht derzeit ihre interne Krise zu \u00fcberwinden. Der Vorschlag von Ministerpr\u00e4sident Victor Ponta, einen vierten Vizeministerpr\u00e4sidenten von der konservativen [&hellip;]\" \/>\n<meta property=\"og:url\" content=\"https:\/\/www.rri.ro\/de\/aktuell\/newsflash-de\/nachrichten-15-02-2014-id631177.html\" \/>\n<meta property=\"og:site_name\" content=\"Radio Rum\u00e4nien International\" \/>\n<meta property=\"article:published_time\" content=\"2014-02-15T13:07:00+00:00\" \/>\n<meta property=\"og:image\" content=\"https:\/\/www.rri.ro\/wp-content\/uploads\/2023\/10\/harta-lumii.gif\" \/>\n\t<meta property=\"og:image:width\" content=\"640\" \/>\n\t<meta property=\"og:image:height\" content=\"480\" \/>\n\t<meta property=\"og:image:type\" content=\"image\/png\" \/>\n<meta name=\"author\" content=\"Alex Grigorescu\" \/>\n<meta name=\"twitter:card\" content=\"summary_large_image\" \/>\n<meta name=\"twitter:label1\" content=\"Verfasst von\" \/>\n\t<meta name=\"twitter:data1\" content=\"Alex Grigorescu\" \/>\n\t<meta name=\"twitter:label2\" content=\"Gesch\u00e4tzte Lesezeit\" \/>\n\t<meta name=\"twitter:data2\" content=\"1\u00a0Minute\" \/>\n\t<meta name=\"twitter:label3\" content=\"Written by\" \/>\n\t<meta name=\"twitter:data3\" content=\"Alex Grigorescu\" \/>\n<script type=\"application\/ld+json\" class=\"yoast-schema-graph\">{\"@context\":\"https:\\\/\\\/schema.org\",\"@graph\":[{\"@type\":\"Article\",\"@id\":\"https:\\\/\\\/www.rri.ro\\\/de\\\/aktuell\\\/newsflash-de\\\/nachrichten-15-02-2014-id631177.html#article\",\"isPartOf\":{\"@id\":\"https:\\\/\\\/www.rri.ro\\\/de\\\/aktuell\\\/newsflash-de\\\/nachrichten-15-02-2014-id631177.html\"},\"author\":{\"name\":\"Alex Grigorescu\",\"@id\":\"https:\\\/\\\/www.rri.ro\\\/#\\\/schema\\\/person\\\/bdfcfd51e620a269e7bf3fb0b80cec0a\"},\"headline\":\"Nachrichten 15.02.2014\",\"datePublished\":\"2014-02-15T13:07:00+00:00\",\"mainEntityOfPage\":{\"@id\":\"https:\\\/\\\/www.rri.ro\\\/de\\\/aktuell\\\/newsflash-de\\\/nachrichten-15-02-2014-id631177.html\"},\"wordCount\":248,\"image\":{\"@id\":\"https:\\\/\\\/www.rri.ro\\\/de\\\/aktuell\\\/newsflash-de\\\/nachrichten-15-02-2014-id631177.html#primaryimage\"},\"thumbnailUrl\":\"https:\\\/\\\/www.rri.ro\\\/wp-content\\\/uploads\\\/2023\\\/10\\\/harta-lumii.gif\",\"keywords\":[\"Ana Ilina\",\"Bankensektor\",\"IWF\",\"Parlamentswahlen\",\"Problemkredite\",\"Rum\u00e4nien\",\"sozialliberale Union\",\"S\u00fcdosteuropa\",\"Victor Ponta\",\"Zentraleuropa\"],\"articleSection\":[\"Newsflash\"],\"inLanguage\":\"de\"},{\"@type\":\"WebPage\",\"@id\":\"https:\\\/\\\/www.rri.ro\\\/de\\\/aktuell\\\/newsflash-de\\\/nachrichten-15-02-2014-id631177.html\",\"url\":\"https:\\\/\\\/www.rri.ro\\\/de\\\/aktuell\\\/newsflash-de\\\/nachrichten-15-02-2014-id631177.html\",\"name\":\"Nachrichten 15.02.2014 - Radio Rum\u00e4nien International\",\"isPartOf\":{\"@id\":\"https:\\\/\\\/www.rri.ro\\\/#website\"},\"primaryImageOfPage\":{\"@id\":\"https:\\\/\\\/www.rri.ro\\\/de\\\/aktuell\\\/newsflash-de\\\/nachrichten-15-02-2014-id631177.html#primaryimage\"},\"image\":{\"@id\":\"https:\\\/\\\/www.rri.ro\\\/de\\\/aktuell\\\/newsflash-de\\\/nachrichten-15-02-2014-id631177.html#primaryimage\"},\"thumbnailUrl\":\"https:\\\/\\\/www.rri.ro\\\/wp-content\\\/uploads\\\/2023\\\/10\\\/harta-lumii.gif\",\"datePublished\":\"2014-02-15T13:07:00+00:00\",\"author\":{\"@id\":\"https:\\\/\\\/www.rri.ro\\\/#\\\/schema\\\/person\\\/bdfcfd51e620a269e7bf3fb0b80cec0a\"},\"breadcrumb\":{\"@id\":\"https:\\\/\\\/www.rri.ro\\\/de\\\/aktuell\\\/newsflash-de\\\/nachrichten-15-02-2014-id631177.html#breadcrumb\"},\"inLanguage\":\"de\",\"potentialAction\":[{\"@type\":\"ReadAction\",\"target\":[\"https:\\\/\\\/www.rri.ro\\\/de\\\/aktuell\\\/newsflash-de\\\/nachrichten-15-02-2014-id631177.html\"]}]},{\"@type\":\"ImageObject\",\"inLanguage\":\"de\",\"@id\":\"https:\\\/\\\/www.rri.ro\\\/de\\\/aktuell\\\/newsflash-de\\\/nachrichten-15-02-2014-id631177.html#primaryimage\",\"url\":\"https:\\\/\\\/www.rri.ro\\\/wp-content\\\/uploads\\\/2023\\\/10\\\/harta-lumii.gif\",\"contentUrl\":\"https:\\\/\\\/www.rri.ro\\\/wp-content\\\/uploads\\\/2023\\\/10\\\/harta-lumii.gif\",\"width\":640,\"height\":480},{\"@type\":\"BreadcrumbList\",\"@id\":\"https:\\\/\\\/www.rri.ro\\\/de\\\/aktuell\\\/newsflash-de\\\/nachrichten-15-02-2014-id631177.html#breadcrumb\",\"itemListElement\":[{\"@type\":\"ListItem\",\"position\":1,\"name\":\"Startseite\",\"item\":\"https:\\\/\\\/www.rri.ro\\\/de\"},{\"@type\":\"ListItem\",\"position\":2,\"name\":\"Aktuell\",\"item\":\"https:\\\/\\\/www.rri.ro\\\/de\\\/aktuell\"},{\"@type\":\"ListItem\",\"position\":3,\"name\":\"Newsflash\",\"item\":\"https:\\\/\\\/www.rri.ro\\\/de\\\/aktuell\\\/newsflash-de\"},{\"@type\":\"ListItem\",\"position\":4,\"name\":\"Nachrichten 15.02.2014\"}]},{\"@type\":\"WebSite\",\"@id\":\"https:\\\/\\\/www.rri.ro\\\/#website\",\"url\":\"https:\\\/\\\/www.rri.ro\\\/\",\"name\":\"Radio Rum\u00e4nien International\",\"description\":\"Totul despre Rom\u00e2nia \u015fi rom\u00e2ni, \u00een 13 limbi\\\/dialecte!\",\"inLanguage\":\"de\"},{\"@type\":\"Person\",\"@id\":\"https:\\\/\\\/www.rri.ro\\\/#\\\/schema\\\/person\\\/bdfcfd51e620a269e7bf3fb0b80cec0a\",\"name\":\"Alex Grigorescu\",\"url\":\"https:\\\/\\\/www.rri.ro\\\/de\\\/author\\\/alex-grigorescu\"}]}<\/script>\n<!-- \/ Yoast SEO plugin. -->","yoast_head_json":{"title":"Nachrichten 15.02.2014 - Radio Rum\u00e4nien International","robots":{"index":"index","follow":"follow","max-snippet":"max-snippet:-1","max-image-preview":"max-image-preview:large","max-video-preview":"max-video-preview:-1"},"canonical":"https:\/\/www.rri.ro\/de\/aktuell\/newsflash-de\/nachrichten-15-02-2014-id631177.html","og_locale":"de_DE","og_type":"article","og_title":"Nachrichten 15.02.2014 - Radio Rum\u00e4nien International","og_description":"Bukarest &#8211; Nur die regierende sozialliberale Union USL kann in der Periode 2014-2016 politische Stabilit\u00e4t anbieten. Das hat Rum\u00e4niens Ministerpr\u00e4sident erkl\u00e4rt. Dieser w\u00fcnscht sich, dass die guten Wirtschaftsergebnisse von 2013 weitergef\u00fchrt werden. Die regierende Sozial-Liberale Union versucht derzeit ihre interne Krise zu \u00fcberwinden. Der Vorschlag von Ministerpr\u00e4sident Victor Ponta, einen vierten Vizeministerpr\u00e4sidenten von der konservativen [&hellip;]","og_url":"https:\/\/www.rri.ro\/de\/aktuell\/newsflash-de\/nachrichten-15-02-2014-id631177.html","og_site_name":"Radio Rum\u00e4nien International","article_published_time":"2014-02-15T13:07:00+00:00","og_image":[{"width":640,"height":480,"url":"https:\/\/www.rri.ro\/wp-content\/uploads\/2023\/10\/harta-lumii.gif","type":"image\/png"}],"author":"Alex Grigorescu","twitter_card":"summary_large_image","twitter_misc":{"Verfasst von":"Alex Grigorescu","Gesch\u00e4tzte Lesezeit":"1\u00a0Minute","Written by":"Alex Grigorescu"},"schema":{"@context":"https:\/\/schema.org","@graph":[{"@type":"Article","@id":"https:\/\/www.rri.ro\/de\/aktuell\/newsflash-de\/nachrichten-15-02-2014-id631177.html#article","isPartOf":{"@id":"https:\/\/www.rri.ro\/de\/aktuell\/newsflash-de\/nachrichten-15-02-2014-id631177.html"},"author":{"name":"Alex Grigorescu","@id":"https:\/\/www.rri.ro\/#\/schema\/person\/bdfcfd51e620a269e7bf3fb0b80cec0a"},"headline":"Nachrichten 15.02.2014","datePublished":"2014-02-15T13:07:00+00:00","mainEntityOfPage":{"@id":"https:\/\/www.rri.ro\/de\/aktuell\/newsflash-de\/nachrichten-15-02-2014-id631177.html"},"wordCount":248,"image":{"@id":"https:\/\/www.rri.ro\/de\/aktuell\/newsflash-de\/nachrichten-15-02-2014-id631177.html#primaryimage"},"thumbnailUrl":"https:\/\/www.rri.ro\/wp-content\/uploads\/2023\/10\/harta-lumii.gif","keywords":["Ana Ilina","Bankensektor","IWF","Parlamentswahlen","Problemkredite","Rum\u00e4nien","sozialliberale Union","S\u00fcdosteuropa","Victor Ponta","Zentraleuropa"],"articleSection":["Newsflash"],"inLanguage":"de"},{"@type":"WebPage","@id":"https:\/\/www.rri.ro\/de\/aktuell\/newsflash-de\/nachrichten-15-02-2014-id631177.html","url":"https:\/\/www.rri.ro\/de\/aktuell\/newsflash-de\/nachrichten-15-02-2014-id631177.html","name":"Nachrichten 15.02.2014 - Radio Rum\u00e4nien International","isPartOf":{"@id":"https:\/\/www.rri.ro\/#website"},"primaryImageOfPage":{"@id":"https:\/\/www.rri.ro\/de\/aktuell\/newsflash-de\/nachrichten-15-02-2014-id631177.html#primaryimage"},"image":{"@id":"https:\/\/www.rri.ro\/de\/aktuell\/newsflash-de\/nachrichten-15-02-2014-id631177.html#primaryimage"},"thumbnailUrl":"https:\/\/www.rri.ro\/wp-content\/uploads\/2023\/10\/harta-lumii.gif","datePublished":"2014-02-15T13:07:00+00:00","author":{"@id":"https:\/\/www.rri.ro\/#\/schema\/person\/bdfcfd51e620a269e7bf3fb0b80cec0a"},"breadcrumb":{"@id":"https:\/\/www.rri.ro\/de\/aktuell\/newsflash-de\/nachrichten-15-02-2014-id631177.html#breadcrumb"},"inLanguage":"de","potentialAction":[{"@type":"ReadAction","target":["https:\/\/www.rri.ro\/de\/aktuell\/newsflash-de\/nachrichten-15-02-2014-id631177.html"]}]},{"@type":"ImageObject","inLanguage":"de","@id":"https:\/\/www.rri.ro\/de\/aktuell\/newsflash-de\/nachrichten-15-02-2014-id631177.html#primaryimage","url":"https:\/\/www.rri.ro\/wp-content\/uploads\/2023\/10\/harta-lumii.gif","contentUrl":"https:\/\/www.rri.ro\/wp-content\/uploads\/2023\/10\/harta-lumii.gif","width":640,"height":480},{"@type":"BreadcrumbList","@id":"https:\/\/www.rri.ro\/de\/aktuell\/newsflash-de\/nachrichten-15-02-2014-id631177.html#breadcrumb","itemListElement":[{"@type":"ListItem","position":1,"name":"Startseite","item":"https:\/\/www.rri.ro\/de"},{"@type":"ListItem","position":2,"name":"Aktuell","item":"https:\/\/www.rri.ro\/de\/aktuell"},{"@type":"ListItem","position":3,"name":"Newsflash","item":"https:\/\/www.rri.ro\/de\/aktuell\/newsflash-de"},{"@type":"ListItem","position":4,"name":"Nachrichten 15.02.2014"}]},{"@type":"WebSite","@id":"https:\/\/www.rri.ro\/#website","url":"https:\/\/www.rri.ro\/","name":"Radio Rum\u00e4nien International","description":"Totul despre Rom\u00e2nia \u015fi rom\u00e2ni, \u00een 13 limbi\/dialecte!","inLanguage":"de"},{"@type":"Person","@id":"https:\/\/www.rri.ro\/#\/schema\/person\/bdfcfd51e620a269e7bf3fb0b80cec0a","name":"Alex Grigorescu","url":"https:\/\/www.rri.ro\/de\/author\/alex-grigorescu"}]}},"_links":{"self":[{"href":"https:\/\/www.rri.ro\/de\/wp-json\/wp\/v2\/posts\/631177","targetHints":{"allow":["GET"]}}],"collection":[{"href":"https:\/\/www.rri.ro\/de\/wp-json\/wp\/v2\/posts"}],"about":[{"href":"https:\/\/www.rri.ro\/de\/wp-json\/wp\/v2\/types\/post"}],"author":[{"embeddable":true,"href":"https:\/\/www.rri.ro\/de\/wp-json\/wp\/v2\/users\/66"}],"replies":[{"embeddable":true,"href":"https:\/\/www.rri.ro\/de\/wp-json\/wp\/v2\/comments?post=631177"}],"version-history":[{"count":0,"href":"https:\/\/www.rri.ro\/de\/wp-json\/wp\/v2\/posts\/631177\/revisions"}],"wp:featuredmedia":[{"embeddable":true,"href":"https:\/\/www.rri.ro\/de\/wp-json\/wp\/v2\/media\/201384"}],"wp:attachment":[{"href":"https:\/\/www.rri.ro\/de\/wp-json\/wp\/v2\/media?parent=631177"}],"wp:term":[{"taxonomy":"category","embeddable":true,"href":"https:\/\/www.rri.ro\/de\/wp-json\/wp\/v2\/categories?post=631177"},{"taxonomy":"post_tag","embeddable":true,"href":"https:\/\/www.rri.ro\/de\/wp-json\/wp\/v2\/tags?post=631177"},{"taxonomy":"author","embeddable":true,"href":"https:\/\/www.rri.ro\/de\/wp-json\/wp\/v2\/coauthors?post=631177"}],"curies":[{"name":"wp","href":"https:\/\/api.w.org\/{rel}","templated":true}]}}